{"id":7811,"date":"2019-03-05T09:42:05","date_gmt":"2019-03-05T12:42:05","guid":{"rendered":"https:\/\/meusitejuridico.editorajuspodivm.com.br\/?p=7811"},"modified":"2019-03-05T09:42:05","modified_gmt":"2019-03-05T12:42:05","slug":"certo-ou-errado-o-conceito-de-consumidor-nao-leva-em-conta-aspectos-subjetivos-mas-tao-somente-posicao-ocupada-em-determinada-relacao-juridica","status":"publish","type":"post","link":"https:\/\/webmail.meusitejuridico.com.br\/2019\/03\/05\/certo-ou-errado-o-conceito-de-consumidor-nao-leva-em-conta-aspectos-subjetivos-mas-tao-somente-posicao-ocupada-em-determinada-relacao-juridica\/","title":{"rendered":"Certo ou errado? O conceito de consumidor n\u00e3o leva em conta aspectos subjetivos, mas t\u00e3o somente a posi\u00e7\u00e3o ocupada em determinada rela\u00e7\u00e3o jur\u00eddica"},"content":{"rendered":"<p><strong>CERTO<\/strong><\/p>\n<p>Segundo o art. 2\u00ba do CDC, considera-se consumidor toda pessoa f\u00edsica ou jur\u00eddica que adquire ou utiliza produto ou servi\u00e7o como destinat\u00e1rio final. Esta defini\u00e7\u00e3o \u00e9 estabelecida apenas em crit\u00e9rios objetivos propostos pela pr\u00f3pria lei da rela\u00e7\u00e3o consumerista, raz\u00e3o pela qual de fato n\u00e3o se institui nenhum aspecto subjetivo. \u00c9 consumidor, portanto, quem adquire produto ou servi\u00e7o interrompendo o ciclo de produ\u00e7\u00e3o e de distribui\u00e7\u00e3o; quem n\u00e3o reinsere um ou outro no sistema que d\u00e1 ensejo a novas rela\u00e7\u00f5es jur\u00eddicas.<\/p>\n<p><a href=\"https:\/\/play.google.com\/store\/apps\/details?id=com.app.meuappjuridico&amp;hl=pt\" target=\"_blank\" rel=\"noopener\"><img decoding=\"async\" class=\"alignnone wp-image-4610 size-medium\" src=\"https:\/\/s3.meusitejuridico.com.br\/2018\/02\/3cdb1249-banner-app-300x166.jpeg\" alt=\"\" width=\"300\" height=\"166\" srcset=\"https:\/\/webmail.meusitejuridico.com.br\/s.meusitejuridico\/2018\/02\/3cdb1249-banner-app-300x166.jpeg 300w, https:\/\/webmail.meusitejuridico.com.br\/s.meusitejuridico\/2018\/02\/3cdb1249-banner-app-768x424.jpeg 768w, https:\/\/webmail.meusitejuridico.com.br\/s.meusitejuridico\/2018\/02\/3cdb1249-banner-app-1024x566.jpeg 1024w, https:\/\/webmail.meusitejuridico.com.br\/s.meusitejuridico\/2018\/02\/3cdb1249-banner-app-80x44.jpeg 80w, https:\/\/webmail.meusitejuridico.com.br\/s.meusitejuridico\/2018\/02\/3cdb1249-banner-app.jpeg 1140w\" sizes=\"(max-width: 300px) 100vw, 300px\" \/><\/a><\/p>\n","protected":false},"excerpt":{"rendered":"<p>CERTO Segundo o art. 2\u00ba do CDC, considera-se consumidor toda pessoa f\u00edsica ou jur\u00eddica que adquire ou utiliza produto ou servi\u00e7o como destinat\u00e1rio final. Esta defini\u00e7\u00e3o \u00e9 estabelecida apenas em crit\u00e9rios objetivos propostos pela pr\u00f3pria lei da rela\u00e7\u00e3o consumerista, raz\u00e3o pela qual de fato n\u00e3o se institui nenhum aspecto subjetivo. \u00c9 consumidor, portanto, quem adquire [&hellip;]<\/p>\n","protected":false},"author":7,"featured_media":7036,"comment_status":"open","ping_status":"open","sticky":false,"template":"","format":"standard","meta":{"_acf_changed":false,"footnotes":""},"categories":[78,437],"tags":[2169,1687,2482],"class_list":["post-7811","post","type-post","status-publish","format-standard","has-post-thumbnail","hentry","category-material-de-aula","category-perguntas-e-respostas","tag-art-2o-cdc","tag-consumidor","tag-criterio-objetivo"],"acf":[],"yoast_head":"<!-- This site is optimized with the Yoast SEO plugin v24.8.1 - https:\/\/yoast.com\/wordpress\/plugins\/seo\/ -->\n<title>Certo ou errado? O conceito de consumidor n\u00e3o leva em conta aspectos subjetivos, mas t\u00e3o somente a posi\u00e7\u00e3o ocupada em determinada rela\u00e7\u00e3o jur\u00eddica - Meu site jur\u00eddico<\/title>\n<meta name=\"robots\" content=\"index, follow, max-snippet:-1, max-image-preview:large, max-video-preview:-1\" \/>\n<link rel=\"canonical\" href=\"https:\/\/webmail.meusitejuridico.com.br\/2019\/03\/05\/certo-ou-errado-o-conceito-de-consumidor-nao-leva-em-conta-aspectos-subjetivos-mas-tao-somente-posicao-ocupada-em-determinada-relacao-juridica\/\" \/>\n<meta property=\"og:locale\" content=\"pt_BR\" \/>\n<meta property=\"og:type\" content=\"article\" \/>\n<meta property=\"og:title\" content=\"Certo ou errado? O conceito de consumidor n\u00e3o leva em conta aspectos subjetivos, mas t\u00e3o somente a posi\u00e7\u00e3o ocupada em determinada rela\u00e7\u00e3o jur\u00eddica - Meu site jur\u00eddico\" \/>\n<meta property=\"og:description\" content=\"CERTO Segundo o art. 2\u00ba do CDC, considera-se consumidor toda pessoa f\u00edsica ou jur\u00eddica que adquire ou utiliza produto ou servi\u00e7o como destinat\u00e1rio final. Esta defini\u00e7\u00e3o \u00e9 estabelecida apenas em crit\u00e9rios objetivos propostos pela pr\u00f3pria lei da rela\u00e7\u00e3o consumerista, raz\u00e3o pela qual de fato n\u00e3o se institui nenhum aspecto subjetivo. \u00c9 consumidor, portanto, quem adquire [&hellip;]\" \/>\n<meta property=\"og:url\" content=\"https:\/\/webmail.meusitejuridico.com.br\/2019\/03\/05\/certo-ou-errado-o-conceito-de-consumidor-nao-leva-em-conta-aspectos-subjetivos-mas-tao-somente-posicao-ocupada-em-determinada-relacao-juridica\/\" \/>\n<meta property=\"og:site_name\" content=\"Meu site jur\u00eddico\" \/>\n<meta property=\"article:published_time\" content=\"2019-03-05T12:42:05+00:00\" \/>\n<meta property=\"og:image\" content=\"https:\/\/webmail.meusitejuridico.com.br\/s.meusitejuridico\/2018\/12\/fd0b8d7e-whatsapp-image-2018-12-13-at-180428.jpeg\" \/>\n\t<meta property=\"og:image:width\" content=\"1280\" \/>\n\t<meta property=\"og:image:height\" content=\"853\" \/>\n\t<meta property=\"og:image:type\" content=\"image\/jpeg\" \/>\n<meta name=\"author\" content=\"Equipe Meu Site Jur\u00eddico\" \/>\n<meta name=\"twitter:card\" content=\"summary_large_image\" \/>\n<meta name=\"twitter:label1\" content=\"Escrito por\" \/>\n\t<meta name=\"twitter:data1\" content=\"Equipe Meu Site Jur\u00eddico\" \/>\n<script type=\"application\/ld+json\" class=\"yoast-schema-graph\">{\"@context\":\"https:\/\/schema.org\",\"@graph\":[{\"@type\":\"Article\",\"@id\":\"https:\/\/webmail.meusitejuridico.com.br\/2019\/03\/05\/certo-ou-errado-o-conceito-de-consumidor-nao-leva-em-conta-aspectos-subjetivos-mas-tao-somente-posicao-ocupada-em-determinada-relacao-juridica\/#article\",\"isPartOf\":{\"@id\":\"https:\/\/webmail.meusitejuridico.com.br\/2019\/03\/05\/certo-ou-errado-o-conceito-de-consumidor-nao-leva-em-conta-aspectos-subjetivos-mas-tao-somente-posicao-ocupada-em-determinada-relacao-juridica\/\"},\"author\":{\"name\":\"Equipe Meu Site Jur\u00eddico\",\"@id\":\"https:\/\/cdn.meusitejuridico.com.br\/#\/schema\/person\/5c2237ac0c8ff03bcf1a09fe3e45dfce\"},\"headline\":\"Certo ou errado? O conceito de consumidor n\u00e3o leva em conta aspectos subjetivos, mas t\u00e3o somente a posi\u00e7\u00e3o ocupada em determinada rela\u00e7\u00e3o jur\u00eddica\",\"datePublished\":\"2019-03-05T12:42:05+00:00\",\"mainEntityOfPage\":{\"@id\":\"https:\/\/webmail.meusitejuridico.com.br\/2019\/03\/05\/certo-ou-errado-o-conceito-de-consumidor-nao-leva-em-conta-aspectos-subjetivos-mas-tao-somente-posicao-ocupada-em-determinada-relacao-juridica\/\"},\"wordCount\":122,\"commentCount\":0,\"publisher\":{\"@id\":\"https:\/\/cdn.meusitejuridico.com.br\/#organization\"},\"image\":{\"@id\":\"https:\/\/webmail.meusitejuridico.com.br\/2019\/03\/05\/certo-ou-errado-o-conceito-de-consumidor-nao-leva-em-conta-aspectos-subjetivos-mas-tao-somente-posicao-ocupada-em-determinada-relacao-juridica\/#primaryimage\"},\"thumbnailUrl\":\"https:\/\/webmail.meusitejuridico.com.br\/s.meusitejuridico\/2018\/12\/fd0b8d7e-whatsapp-image-2018-12-13-at-180428.jpeg\",\"keywords\":[\"art. 2\u00ba CDC\",\"consumidor\",\"crit\u00e9rio objetivo\"],\"articleSection\":[\"Material de aula\",\"Perguntas e Respostas\"],\"inLanguage\":\"pt-BR\",\"potentialAction\":[{\"@type\":\"CommentAction\",\"name\":\"Comment\",\"target\":[\"https:\/\/webmail.meusitejuridico.com.br\/2019\/03\/05\/certo-ou-errado-o-conceito-de-consumidor-nao-leva-em-conta-aspectos-subjetivos-mas-tao-somente-posicao-ocupada-em-determinada-relacao-juridica\/#respond\"]}]},{\"@type\":\"WebPage\",\"@id\":\"https:\/\/webmail.meusitejuridico.com.br\/2019\/03\/05\/certo-ou-errado-o-conceito-de-consumidor-nao-leva-em-conta-aspectos-subjetivos-mas-tao-somente-posicao-ocupada-em-determinada-relacao-juridica\/\",\"url\":\"https:\/\/webmail.meusitejuridico.com.br\/2019\/03\/05\/certo-ou-errado-o-conceito-de-consumidor-nao-leva-em-conta-aspectos-subjetivos-mas-tao-somente-posicao-ocupada-em-determinada-relacao-juridica\/\",\"name\":\"Certo ou errado? O conceito de consumidor n\u00e3o leva em conta aspectos subjetivos, mas t\u00e3o somente a posi\u00e7\u00e3o ocupada em determinada rela\u00e7\u00e3o jur\u00eddica - Meu site jur\u00eddico\",\"isPartOf\":{\"@id\":\"https:\/\/cdn.meusitejuridico.com.br\/#website\"},\"primaryImageOfPage\":{\"@id\":\"https:\/\/webmail.meusitejuridico.com.br\/2019\/03\/05\/certo-ou-errado-o-conceito-de-consumidor-nao-leva-em-conta-aspectos-subjetivos-mas-tao-somente-posicao-ocupada-em-determinada-relacao-juridica\/#primaryimage\"},\"image\":{\"@id\":\"https:\/\/webmail.meusitejuridico.com.br\/2019\/03\/05\/certo-ou-errado-o-conceito-de-consumidor-nao-leva-em-conta-aspectos-subjetivos-mas-tao-somente-posicao-ocupada-em-determinada-relacao-juridica\/#primaryimage\"},\"thumbnailUrl\":\"https:\/\/webmail.meusitejuridico.com.br\/s.meusitejuridico\/2018\/12\/fd0b8d7e-whatsapp-image-2018-12-13-at-180428.jpeg\",\"datePublished\":\"2019-03-05T12:42:05+00:00\",\"breadcrumb\":{\"@id\":\"https:\/\/webmail.meusitejuridico.com.br\/2019\/03\/05\/certo-ou-errado-o-conceito-de-consumidor-nao-leva-em-conta-aspectos-subjetivos-mas-tao-somente-posicao-ocupada-em-determinada-relacao-juridica\/#breadcrumb\"},\"inLanguage\":\"pt-BR\",\"potentialAction\":[{\"@type\":\"ReadAction\",\"target\":[\"https:\/\/webmail.meusitejuridico.com.br\/2019\/03\/05\/certo-ou-errado-o-conceito-de-consumidor-nao-leva-em-conta-aspectos-subjetivos-mas-tao-somente-posicao-ocupada-em-determinada-relacao-juridica\/\"]}]},{\"@type\":\"ImageObject\",\"inLanguage\":\"pt-BR\",\"@id\":\"https:\/\/webmail.meusitejuridico.com.br\/2019\/03\/05\/certo-ou-errado-o-conceito-de-consumidor-nao-leva-em-conta-aspectos-subjetivos-mas-tao-somente-posicao-ocupada-em-determinada-relacao-juridica\/#primaryimage\",\"url\":\"https:\/\/webmail.meusitejuridico.com.br\/s.meusitejuridico\/2018\/12\/fd0b8d7e-whatsapp-image-2018-12-13-at-180428.jpeg\",\"contentUrl\":\"https:\/\/webmail.meusitejuridico.com.br\/s.meusitejuridico\/2018\/12\/fd0b8d7e-whatsapp-image-2018-12-13-at-180428.jpeg\",\"width\":1280,\"height\":853},{\"@type\":\"BreadcrumbList\",\"@id\":\"https:\/\/webmail.meusitejuridico.com.br\/2019\/03\/05\/certo-ou-errado-o-conceito-de-consumidor-nao-leva-em-conta-aspectos-subjetivos-mas-tao-somente-posicao-ocupada-em-determinada-relacao-juridica\/#breadcrumb\",\"itemListElement\":[{\"@type\":\"ListItem\",\"position\":1,\"name\":\"In\u00edcio\",\"item\":\"https:\/\/cdn.meusitejuridico.com.br\/\"},{\"@type\":\"ListItem\",\"position\":2,\"name\":\"Certo ou errado? O conceito de consumidor n\u00e3o leva em conta aspectos subjetivos, mas t\u00e3o somente a posi\u00e7\u00e3o ocupada em determinada rela\u00e7\u00e3o jur\u00eddica\"}]},{\"@type\":\"WebSite\",\"@id\":\"https:\/\/cdn.meusitejuridico.com.br\/#website\",\"url\":\"https:\/\/cdn.meusitejuridico.com.br\/\",\"name\":\"Meu site jur\u00eddico\",\"description\":\"Meu site jur\u00eddico\",\"publisher\":{\"@id\":\"https:\/\/cdn.meusitejuridico.com.br\/#organization\"},\"potentialAction\":[{\"@type\":\"SearchAction\",\"target\":{\"@type\":\"EntryPoint\",\"urlTemplate\":\"https:\/\/cdn.meusitejuridico.com.br\/?s={search_term_string}\"},\"query-input\":{\"@type\":\"PropertyValueSpecification\",\"valueRequired\":true,\"valueName\":\"search_term_string\"}}],\"inLanguage\":\"pt-BR\"},{\"@type\":\"Organization\",\"@id\":\"https:\/\/cdn.meusitejuridico.com.br\/#organization\",\"name\":\"Meu site jur\u00eddico\",\"url\":\"https:\/\/cdn.meusitejuridico.com.br\/\",\"logo\":{\"@type\":\"ImageObject\",\"inLanguage\":\"pt-BR\",\"@id\":\"https:\/\/cdn.meusitejuridico.com.br\/#\/schema\/logo\/image\/\",\"url\":\"https:\/\/webmail.meusitejuridico.com.br\/s.meusitejuridico\/2022\/03\/cropped-baeec2a3-msj-02-01-01.png\",\"contentUrl\":\"https:\/\/webmail.meusitejuridico.com.br\/s.meusitejuridico\/2022\/03\/cropped-baeec2a3-msj-02-01-01.png\",\"width\":349,\"height\":243,\"caption\":\"Meu site jur\u00eddico\"},\"image\":{\"@id\":\"https:\/\/cdn.meusitejuridico.com.br\/#\/schema\/logo\/image\/\"}},{\"@type\":\"Person\",\"@id\":\"https:\/\/cdn.meusitejuridico.com.br\/#\/schema\/person\/5c2237ac0c8ff03bcf1a09fe3e45dfce\",\"name\":\"Equipe Meu Site Jur\u00eddico\",\"image\":{\"@type\":\"ImageObject\",\"inLanguage\":\"pt-BR\",\"@id\":\"https:\/\/cdn.meusitejuridico.com.br\/#\/schema\/person\/image\/\",\"url\":\"https:\/\/webmail.meusitejuridico.com.br\/s.meusitejuridico\/2020\/07\/6be289aa-logo-msj.png\",\"contentUrl\":\"https:\/\/webmail.meusitejuridico.com.br\/s.meusitejuridico\/2020\/07\/6be289aa-logo-msj.png\",\"caption\":\"Equipe Meu Site Jur\u00eddico\"},\"description\":\"Contem conosco!\",\"url\":\"https:\/\/webmail.meusitejuridico.com.br\/author\/equipe-meu-site-juridico\/\"}]}<\/script>\n<!-- \/ Yoast SEO plugin. -->","yoast_head_json":{"title":"Certo ou errado? O conceito de consumidor n\u00e3o leva em conta aspectos subjetivos, mas t\u00e3o somente a posi\u00e7\u00e3o ocupada em determinada rela\u00e7\u00e3o jur\u00eddica - Meu site jur\u00eddico","robots":{"index":"index","follow":"follow","max-snippet":"max-snippet:-1","max-image-preview":"max-image-preview:large","max-video-preview":"max-video-preview:-1"},"canonical":"https:\/\/webmail.meusitejuridico.com.br\/2019\/03\/05\/certo-ou-errado-o-conceito-de-consumidor-nao-leva-em-conta-aspectos-subjetivos-mas-tao-somente-posicao-ocupada-em-determinada-relacao-juridica\/","og_locale":"pt_BR","og_type":"article","og_title":"Certo ou errado? O conceito de consumidor n\u00e3o leva em conta aspectos subjetivos, mas t\u00e3o somente a posi\u00e7\u00e3o ocupada em determinada rela\u00e7\u00e3o jur\u00eddica - Meu site jur\u00eddico","og_description":"CERTO Segundo o art. 2\u00ba do CDC, considera-se consumidor toda pessoa f\u00edsica ou jur\u00eddica que adquire ou utiliza produto ou servi\u00e7o como destinat\u00e1rio final. Esta defini\u00e7\u00e3o \u00e9 estabelecida apenas em crit\u00e9rios objetivos propostos pela pr\u00f3pria lei da rela\u00e7\u00e3o consumerista, raz\u00e3o pela qual de fato n\u00e3o se institui nenhum aspecto subjetivo. \u00c9 consumidor, portanto, quem adquire [&hellip;]","og_url":"https:\/\/webmail.meusitejuridico.com.br\/2019\/03\/05\/certo-ou-errado-o-conceito-de-consumidor-nao-leva-em-conta-aspectos-subjetivos-mas-tao-somente-posicao-ocupada-em-determinada-relacao-juridica\/","og_site_name":"Meu site jur\u00eddico","article_published_time":"2019-03-05T12:42:05+00:00","og_image":[{"width":1280,"height":853,"url":"https:\/\/webmail.meusitejuridico.com.br\/s.meusitejuridico\/2018\/12\/fd0b8d7e-whatsapp-image-2018-12-13-at-180428.jpeg","type":"image\/jpeg"}],"author":"Equipe Meu Site Jur\u00eddico","twitter_card":"summary_large_image","twitter_misc":{"Escrito por":"Equipe Meu Site Jur\u00eddico"},"schema":{"@context":"https:\/\/schema.org","@graph":[{"@type":"Article","@id":"https:\/\/webmail.meusitejuridico.com.br\/2019\/03\/05\/certo-ou-errado-o-conceito-de-consumidor-nao-leva-em-conta-aspectos-subjetivos-mas-tao-somente-posicao-ocupada-em-determinada-relacao-juridica\/#article","isPartOf":{"@id":"https:\/\/webmail.meusitejuridico.com.br\/2019\/03\/05\/certo-ou-errado-o-conceito-de-consumidor-nao-leva-em-conta-aspectos-subjetivos-mas-tao-somente-posicao-ocupada-em-determinada-relacao-juridica\/"},"author":{"name":"Equipe Meu Site Jur\u00eddico","@id":"https:\/\/cdn.meusitejuridico.com.br\/#\/schema\/person\/5c2237ac0c8ff03bcf1a09fe3e45dfce"},"headline":"Certo ou errado? O conceito de consumidor n\u00e3o leva em conta aspectos subjetivos, mas t\u00e3o somente a posi\u00e7\u00e3o ocupada em determinada rela\u00e7\u00e3o jur\u00eddica","datePublished":"2019-03-05T12:42:05+00:00","mainEntityOfPage":{"@id":"https:\/\/webmail.meusitejuridico.com.br\/2019\/03\/05\/certo-ou-errado-o-conceito-de-consumidor-nao-leva-em-conta-aspectos-subjetivos-mas-tao-somente-posicao-ocupada-em-determinada-relacao-juridica\/"},"wordCount":122,"commentCount":0,"publisher":{"@id":"https:\/\/cdn.meusitejuridico.com.br\/#organization"},"image":{"@id":"https:\/\/webmail.meusitejuridico.com.br\/2019\/03\/05\/certo-ou-errado-o-conceito-de-consumidor-nao-leva-em-conta-aspectos-subjetivos-mas-tao-somente-posicao-ocupada-em-determinada-relacao-juridica\/#primaryimage"},"thumbnailUrl":"https:\/\/webmail.meusitejuridico.com.br\/s.meusitejuridico\/2018\/12\/fd0b8d7e-whatsapp-image-2018-12-13-at-180428.jpeg","keywords":["art. 2\u00ba CDC","consumidor","crit\u00e9rio objetivo"],"articleSection":["Material de aula","Perguntas e Respostas"],"inLanguage":"pt-BR","potentialAction":[{"@type":"CommentAction","name":"Comment","target":["https:\/\/webmail.meusitejuridico.com.br\/2019\/03\/05\/certo-ou-errado-o-conceito-de-consumidor-nao-leva-em-conta-aspectos-subjetivos-mas-tao-somente-posicao-ocupada-em-determinada-relacao-juridica\/#respond"]}]},{"@type":"WebPage","@id":"https:\/\/webmail.meusitejuridico.com.br\/2019\/03\/05\/certo-ou-errado-o-conceito-de-consumidor-nao-leva-em-conta-aspectos-subjetivos-mas-tao-somente-posicao-ocupada-em-determinada-relacao-juridica\/","url":"https:\/\/webmail.meusitejuridico.com.br\/2019\/03\/05\/certo-ou-errado-o-conceito-de-consumidor-nao-leva-em-conta-aspectos-subjetivos-mas-tao-somente-posicao-ocupada-em-determinada-relacao-juridica\/","name":"Certo ou errado? O conceito de consumidor n\u00e3o leva em conta aspectos subjetivos, mas t\u00e3o somente a posi\u00e7\u00e3o ocupada em determinada rela\u00e7\u00e3o jur\u00eddica - Meu site jur\u00eddico","isPartOf":{"@id":"https:\/\/cdn.meusitejuridico.com.br\/#website"},"primaryImageOfPage":{"@id":"https:\/\/webmail.meusitejuridico.com.br\/2019\/03\/05\/certo-ou-errado-o-conceito-de-consumidor-nao-leva-em-conta-aspectos-subjetivos-mas-tao-somente-posicao-ocupada-em-determinada-relacao-juridica\/#primaryimage"},"image":{"@id":"https:\/\/webmail.meusitejuridico.com.br\/2019\/03\/05\/certo-ou-errado-o-conceito-de-consumidor-nao-leva-em-conta-aspectos-subjetivos-mas-tao-somente-posicao-ocupada-em-determinada-relacao-juridica\/#primaryimage"},"thumbnailUrl":"https:\/\/webmail.meusitejuridico.com.br\/s.meusitejuridico\/2018\/12\/fd0b8d7e-whatsapp-image-2018-12-13-at-180428.jpeg","datePublished":"2019-03-05T12:42:05+00:00","breadcrumb":{"@id":"https:\/\/webmail.meusitejuridico.com.br\/2019\/03\/05\/certo-ou-errado-o-conceito-de-consumidor-nao-leva-em-conta-aspectos-subjetivos-mas-tao-somente-posicao-ocupada-em-determinada-relacao-juridica\/#breadcrumb"},"inLanguage":"pt-BR","potentialAction":[{"@type":"ReadAction","target":["https:\/\/webmail.meusitejuridico.com.br\/2019\/03\/05\/certo-ou-errado-o-conceito-de-consumidor-nao-leva-em-conta-aspectos-subjetivos-mas-tao-somente-posicao-ocupada-em-determinada-relacao-juridica\/"]}]},{"@type":"ImageObject","inLanguage":"pt-BR","@id":"https:\/\/webmail.meusitejuridico.com.br\/2019\/03\/05\/certo-ou-errado-o-conceito-de-consumidor-nao-leva-em-conta-aspectos-subjetivos-mas-tao-somente-posicao-ocupada-em-determinada-relacao-juridica\/#primaryimage","url":"https:\/\/webmail.meusitejuridico.com.br\/s.meusitejuridico\/2018\/12\/fd0b8d7e-whatsapp-image-2018-12-13-at-180428.jpeg","contentUrl":"https:\/\/webmail.meusitejuridico.com.br\/s.meusitejuridico\/2018\/12\/fd0b8d7e-whatsapp-image-2018-12-13-at-180428.jpeg","width":1280,"height":853},{"@type":"BreadcrumbList","@id":"https:\/\/webmail.meusitejuridico.com.br\/2019\/03\/05\/certo-ou-errado-o-conceito-de-consumidor-nao-leva-em-conta-aspectos-subjetivos-mas-tao-somente-posicao-ocupada-em-determinada-relacao-juridica\/#breadcrumb","itemListElement":[{"@type":"ListItem","position":1,"name":"In\u00edcio","item":"https:\/\/cdn.meusitejuridico.com.br\/"},{"@type":"ListItem","position":2,"name":"Certo ou errado? O conceito de consumidor n\u00e3o leva em conta aspectos subjetivos, mas t\u00e3o somente a posi\u00e7\u00e3o ocupada em determinada rela\u00e7\u00e3o jur\u00eddica"}]},{"@type":"WebSite","@id":"https:\/\/cdn.meusitejuridico.com.br\/#website","url":"https:\/\/cdn.meusitejuridico.com.br\/","name":"Meu site jur\u00eddico","description":"Meu site jur\u00eddico","publisher":{"@id":"https:\/\/cdn.meusitejuridico.com.br\/#organization"},"potentialAction":[{"@type":"SearchAction","target":{"@type":"EntryPoint","urlTemplate":"https:\/\/cdn.meusitejuridico.com.br\/?s={search_term_string}"},"query-input":{"@type":"PropertyValueSpecification","valueRequired":true,"valueName":"search_term_string"}}],"inLanguage":"pt-BR"},{"@type":"Organization","@id":"https:\/\/cdn.meusitejuridico.com.br\/#organization","name":"Meu site jur\u00eddico","url":"https:\/\/cdn.meusitejuridico.com.br\/","logo":{"@type":"ImageObject","inLanguage":"pt-BR","@id":"https:\/\/cdn.meusitejuridico.com.br\/#\/schema\/logo\/image\/","url":"https:\/\/webmail.meusitejuridico.com.br\/s.meusitejuridico\/2022\/03\/cropped-baeec2a3-msj-02-01-01.png","contentUrl":"https:\/\/webmail.meusitejuridico.com.br\/s.meusitejuridico\/2022\/03\/cropped-baeec2a3-msj-02-01-01.png","width":349,"height":243,"caption":"Meu site jur\u00eddico"},"image":{"@id":"https:\/\/cdn.meusitejuridico.com.br\/#\/schema\/logo\/image\/"}},{"@type":"Person","@id":"https:\/\/cdn.meusitejuridico.com.br\/#\/schema\/person\/5c2237ac0c8ff03bcf1a09fe3e45dfce","name":"Equipe Meu Site Jur\u00eddico","image":{"@type":"ImageObject","inLanguage":"pt-BR","@id":"https:\/\/cdn.meusitejuridico.com.br\/#\/schema\/person\/image\/","url":"https:\/\/webmail.meusitejuridico.com.br\/s.meusitejuridico\/2020\/07\/6be289aa-logo-msj.png","contentUrl":"https:\/\/webmail.meusitejuridico.com.br\/s.meusitejuridico\/2020\/07\/6be289aa-logo-msj.png","caption":"Equipe Meu Site Jur\u00eddico"},"description":"Contem conosco!","url":"https:\/\/webmail.meusitejuridico.com.br\/author\/equipe-meu-site-juridico\/"}]}},"_links":{"self":[{"href":"https:\/\/webmail.meusitejuridico.com.br\/api\/wp\/v2\/posts\/7811","targetHints":{"allow":["GET"]}}],"collection":[{"href":"https:\/\/webmail.meusitejuridico.com.br\/api\/wp\/v2\/posts"}],"about":[{"href":"https:\/\/webmail.meusitejuridico.com.br\/api\/wp\/v2\/types\/post"}],"author":[{"embeddable":true,"href":"https:\/\/webmail.meusitejuridico.com.br\/api\/wp\/v2\/users\/7"}],"replies":[{"embeddable":true,"href":"https:\/\/webmail.meusitejuridico.com.br\/api\/wp\/v2\/comments?post=7811"}],"version-history":[{"count":3,"href":"https:\/\/webmail.meusitejuridico.com.br\/api\/wp\/v2\/posts\/7811\/revisions"}],"predecessor-version":[{"id":7814,"href":"https:\/\/webmail.meusitejuridico.com.br\/api\/wp\/v2\/posts\/7811\/revisions\/7814"}],"wp:featuredmedia":[{"embeddable":true,"href":"https:\/\/webmail.meusitejuridico.com.br\/api\/wp\/v2\/media\/7036"}],"wp:attachment":[{"href":"https:\/\/webmail.meusitejuridico.com.br\/api\/wp\/v2\/media?parent=7811"}],"wp:term":[{"taxonomy":"category","embeddable":true,"href":"https:\/\/webmail.meusitejuridico.com.br\/api\/wp\/v2\/categories?post=7811"},{"taxonomy":"post_tag","embeddable":true,"href":"https:\/\/webmail.meusitejuridico.com.br\/api\/wp\/v2\/tags?post=7811"}],"curies":[{"name":"wp","href":"https:\/\/api.w.org\/{rel}","templated":true}]}}