{"id":7670,"date":"2019-02-15T07:38:10","date_gmt":"2019-02-15T09:38:10","guid":{"rendered":"https:\/\/meusitejuridico.editorajuspodivm.com.br\/?p=7670"},"modified":"2019-02-15T07:38:10","modified_gmt":"2019-02-15T09:38:10","slug":"certo-ou-errado-condicao-de-funcionario-publico-e-circunstancia-objetiva-peculato-o-que-permite-coautoria-de-um-particular","status":"publish","type":"post","link":"https:\/\/webmail.meusitejuridico.com.br\/2019\/02\/15\/certo-ou-errado-condicao-de-funcionario-publico-e-circunstancia-objetiva-peculato-o-que-permite-coautoria-de-um-particular\/","title":{"rendered":"Certo ou errado? A condi\u00e7\u00e3o de funcion\u00e1rio p\u00fablico \u00e9 circunst\u00e2ncia objetiva do peculato, o que permite a coautoria de um particular"},"content":{"rendered":"<p><strong>ERRADO<\/strong><\/p>\n<p>A condi\u00e7\u00e3o de funcion\u00e1rio p\u00fablico n\u00e3o \u00e9 circunst\u00e2ncia objetiva do crime de peculato, mas sua elementar. <strong>Circunst\u00e2ncias<\/strong> s\u00e3o elementos que se alojam no <strong>entorno do fato<\/strong>, isto \u00e9, n\u00e3o integram a figura t\u00edpica prim\u00e1ria, mas agregam dados que podem significar o aumento ou a diminui\u00e7\u00e3o da pena. S\u00e3o<strong> objetivas<\/strong> quando dizem respeito ao fato, como o rompimento de obst\u00e1culo no furto, e <strong>subjetivas<\/strong> quando se referem ao agente ou aos motivos do crime, como o motivo torpe no homic\u00eddio ou a qualidade de funcion\u00e1rio que sirva apenas para aumentar a pena (art. 297, \u00a7 1\u00ba). As <strong>elementares<\/strong>, por sua vez, representam a pr\u00f3pria figura criminosa em suas caracter\u00edsticas constituintes, fundamentais. Assim como as circunst\u00e2ncias, podem ter car\u00e1ter <strong>objetivo<\/strong> (como a posse ou a deten\u00e7\u00e3o na apropria\u00e7\u00e3o ind\u00e9bita) ou <strong>subjetivo<\/strong> (como o exerc\u00edcio da fun\u00e7\u00e3o p\u00fablica no crime de peculato).<\/p>\n<p><a href=\"https:\/\/play.google.com\/store\/apps\/details?id=com.app.meuappjuridico&amp;hl=pt\" target=\"_blank\" rel=\"noopener\"><img decoding=\"async\" class=\"alignnone wp-image-4610 size-medium\" src=\"https:\/\/s3.meusitejuridico.com.br\/2018\/02\/3cdb1249-banner-app-300x166.jpeg\" alt=\"\" width=\"300\" height=\"166\" srcset=\"https:\/\/webmail.meusitejuridico.com.br\/s.meusitejuridico\/2018\/02\/3cdb1249-banner-app-300x166.jpeg 300w, https:\/\/webmail.meusitejuridico.com.br\/s.meusitejuridico\/2018\/02\/3cdb1249-banner-app-768x424.jpeg 768w, https:\/\/webmail.meusitejuridico.com.br\/s.meusitejuridico\/2018\/02\/3cdb1249-banner-app-1024x566.jpeg 1024w, https:\/\/webmail.meusitejuridico.com.br\/s.meusitejuridico\/2018\/02\/3cdb1249-banner-app-80x44.jpeg 80w, https:\/\/webmail.meusitejuridico.com.br\/s.meusitejuridico\/2018\/02\/3cdb1249-banner-app.jpeg 1140w\" sizes=\"(max-width: 300px) 100vw, 300px\" \/><\/a><\/p>\n<p>Material extra\u00eddo da obra <a href=\"https:\/\/www.editorajuspodivm.com.br\/revisaco-direito-penal-2209-questoes-comentadas-alternativa-por-alternativa-2018\" target=\"_blank\" rel=\"noopener\">Revisa\u00e7o Direito Penal<\/a><\/p>\n","protected":false},"excerpt":{"rendered":"<p>ERRADO A condi\u00e7\u00e3o de funcion\u00e1rio p\u00fablico n\u00e3o \u00e9 circunst\u00e2ncia objetiva do crime de peculato, mas sua elementar. Circunst\u00e2ncias s\u00e3o elementos que se alojam no entorno do fato, isto \u00e9, n\u00e3o integram a figura t\u00edpica prim\u00e1ria, mas agregam dados que podem significar o aumento ou a diminui\u00e7\u00e3o da pena. S\u00e3o objetivas quando dizem respeito ao fato, [&hellip;]<\/p>\n","protected":false},"author":7,"featured_media":2894,"comment_status":"open","ping_status":"open","sticky":false,"template":"","format":"standard","meta":{"_acf_changed":false,"footnotes":""},"categories":[78,437],"tags":[2439,647,107,2440],"class_list":["post-7670","post","type-post","status-publish","format-standard","has-post-thumbnail","hentry","category-material-de-aula","category-perguntas-e-respostas","tag-circunstancia","tag-concurso-de-agentes","tag-direito-penal","tag-elementar"],"acf":[],"yoast_head":"<!-- This site is optimized with the Yoast SEO plugin v24.8.1 - https:\/\/yoast.com\/wordpress\/plugins\/seo\/ -->\n<title>Certo ou errado? A condi\u00e7\u00e3o de funcion\u00e1rio p\u00fablico \u00e9 circunst\u00e2ncia objetiva do peculato, o que permite a coautoria de um particular - Meu site jur\u00eddico<\/title>\n<meta name=\"robots\" content=\"index, follow, max-snippet:-1, max-image-preview:large, max-video-preview:-1\" \/>\n<link rel=\"canonical\" href=\"https:\/\/meusitejuridico.editorajuspodivm.com.br\/2019\/02\/15\/certo-ou-errado-condicao-de-funcionario-publico-e-circunstancia-objetiva-peculato-o-que-permite-coautoria-de-um-particular\/\" \/>\n<meta property=\"og:locale\" content=\"pt_BR\" \/>\n<meta property=\"og:type\" content=\"article\" \/>\n<meta property=\"og:title\" content=\"Certo ou errado? A condi\u00e7\u00e3o de funcion\u00e1rio p\u00fablico \u00e9 circunst\u00e2ncia objetiva do peculato, o que permite a coautoria de um particular - Meu site jur\u00eddico\" \/>\n<meta property=\"og:description\" content=\"ERRADO A condi\u00e7\u00e3o de funcion\u00e1rio p\u00fablico n\u00e3o \u00e9 circunst\u00e2ncia objetiva do crime de peculato, mas sua elementar. Circunst\u00e2ncias s\u00e3o elementos que se alojam no entorno do fato, isto \u00e9, n\u00e3o integram a figura t\u00edpica prim\u00e1ria, mas agregam dados que podem significar o aumento ou a diminui\u00e7\u00e3o da pena. S\u00e3o objetivas quando dizem respeito ao fato, [&hellip;]\" \/>\n<meta property=\"og:url\" content=\"https:\/\/meusitejuridico.editorajuspodivm.com.br\/2019\/02\/15\/certo-ou-errado-condicao-de-funcionario-publico-e-circunstancia-objetiva-peculato-o-que-permite-coautoria-de-um-particular\/\" \/>\n<meta property=\"og:site_name\" content=\"Meu site jur\u00eddico\" \/>\n<meta property=\"article:published_time\" content=\"2019-02-15T09:38:10+00:00\" \/>\n<meta property=\"og:image\" content=\"https:\/\/meusitejuridico.editorajuspodivm.com.br\/s.meusitejuridico\/2017\/07\/ca20cd1e-shutterstock-378848479.jpg\" \/>\n\t<meta property=\"og:image:width\" content=\"500\" \/>\n\t<meta property=\"og:image:height\" content=\"334\" \/>\n\t<meta property=\"og:image:type\" content=\"image\/jpeg\" \/>\n<meta name=\"author\" content=\"Equipe Meu Site Jur\u00eddico\" \/>\n<meta name=\"twitter:card\" content=\"summary_large_image\" \/>\n<meta name=\"twitter:label1\" content=\"Escrito por\" \/>\n\t<meta name=\"twitter:data1\" content=\"Equipe Meu Site Jur\u00eddico\" \/>\n\t<meta name=\"twitter:label2\" content=\"Est. tempo de leitura\" \/>\n\t<meta name=\"twitter:data2\" content=\"1 minuto\" \/>\n<script type=\"application\/ld+json\" class=\"yoast-schema-graph\">{\"@context\":\"https:\/\/schema.org\",\"@graph\":[{\"@type\":\"Article\",\"@id\":\"https:\/\/meusitejuridico.editorajuspodivm.com.br\/2019\/02\/15\/certo-ou-errado-condicao-de-funcionario-publico-e-circunstancia-objetiva-peculato-o-que-permite-coautoria-de-um-particular\/#article\",\"isPartOf\":{\"@id\":\"https:\/\/meusitejuridico.editorajuspodivm.com.br\/2019\/02\/15\/certo-ou-errado-condicao-de-funcionario-publico-e-circunstancia-objetiva-peculato-o-que-permite-coautoria-de-um-particular\/\"},\"author\":{\"name\":\"Equipe Meu Site Jur\u00eddico\",\"@id\":\"https:\/\/meusitejuridico.editorajuspodivm.com.br\/#\/schema\/person\/5c2237ac0c8ff03bcf1a09fe3e45dfce\"},\"headline\":\"Certo ou errado? A condi\u00e7\u00e3o de funcion\u00e1rio p\u00fablico \u00e9 circunst\u00e2ncia objetiva do peculato, o que permite a coautoria de um particular\",\"datePublished\":\"2019-02-15T09:38:10+00:00\",\"mainEntityOfPage\":{\"@id\":\"https:\/\/meusitejuridico.editorajuspodivm.com.br\/2019\/02\/15\/certo-ou-errado-condicao-de-funcionario-publico-e-circunstancia-objetiva-peculato-o-que-permite-coautoria-de-um-particular\/\"},\"wordCount\":193,\"commentCount\":0,\"publisher\":{\"@id\":\"https:\/\/meusitejuridico.editorajuspodivm.com.br\/#organization\"},\"image\":{\"@id\":\"https:\/\/meusitejuridico.editorajuspodivm.com.br\/2019\/02\/15\/certo-ou-errado-condicao-de-funcionario-publico-e-circunstancia-objetiva-peculato-o-que-permite-coautoria-de-um-particular\/#primaryimage\"},\"thumbnailUrl\":\"https:\/\/webmail.meusitejuridico.com.br\/s.meusitejuridico\/2017\/07\/ca20cd1e-shutterstock-378848479.jpg\",\"keywords\":[\"circunst\u00e2ncia\",\"concurso de agentes\",\"Direito Penal\",\"elementar\"],\"articleSection\":[\"Material de aula\",\"Perguntas e Respostas\"],\"inLanguage\":\"pt-BR\",\"potentialAction\":[{\"@type\":\"CommentAction\",\"name\":\"Comment\",\"target\":[\"https:\/\/meusitejuridico.editorajuspodivm.com.br\/2019\/02\/15\/certo-ou-errado-condicao-de-funcionario-publico-e-circunstancia-objetiva-peculato-o-que-permite-coautoria-de-um-particular\/#respond\"]}]},{\"@type\":\"WebPage\",\"@id\":\"https:\/\/meusitejuridico.editorajuspodivm.com.br\/2019\/02\/15\/certo-ou-errado-condicao-de-funcionario-publico-e-circunstancia-objetiva-peculato-o-que-permite-coautoria-de-um-particular\/\",\"url\":\"https:\/\/meusitejuridico.editorajuspodivm.com.br\/2019\/02\/15\/certo-ou-errado-condicao-de-funcionario-publico-e-circunstancia-objetiva-peculato-o-que-permite-coautoria-de-um-particular\/\",\"name\":\"Certo ou errado? A condi\u00e7\u00e3o de funcion\u00e1rio p\u00fablico \u00e9 circunst\u00e2ncia objetiva do peculato, o que permite a coautoria de um particular - Meu site jur\u00eddico\",\"isPartOf\":{\"@id\":\"https:\/\/meusitejuridico.editorajuspodivm.com.br\/#website\"},\"primaryImageOfPage\":{\"@id\":\"https:\/\/meusitejuridico.editorajuspodivm.com.br\/2019\/02\/15\/certo-ou-errado-condicao-de-funcionario-publico-e-circunstancia-objetiva-peculato-o-que-permite-coautoria-de-um-particular\/#primaryimage\"},\"image\":{\"@id\":\"https:\/\/meusitejuridico.editorajuspodivm.com.br\/2019\/02\/15\/certo-ou-errado-condicao-de-funcionario-publico-e-circunstancia-objetiva-peculato-o-que-permite-coautoria-de-um-particular\/#primaryimage\"},\"thumbnailUrl\":\"https:\/\/webmail.meusitejuridico.com.br\/s.meusitejuridico\/2017\/07\/ca20cd1e-shutterstock-378848479.jpg\",\"datePublished\":\"2019-02-15T09:38:10+00:00\",\"breadcrumb\":{\"@id\":\"https:\/\/meusitejuridico.editorajuspodivm.com.br\/2019\/02\/15\/certo-ou-errado-condicao-de-funcionario-publico-e-circunstancia-objetiva-peculato-o-que-permite-coautoria-de-um-particular\/#breadcrumb\"},\"inLanguage\":\"pt-BR\",\"potentialAction\":[{\"@type\":\"ReadAction\",\"target\":[\"https:\/\/meusitejuridico.editorajuspodivm.com.br\/2019\/02\/15\/certo-ou-errado-condicao-de-funcionario-publico-e-circunstancia-objetiva-peculato-o-que-permite-coautoria-de-um-particular\/\"]}]},{\"@type\":\"ImageObject\",\"inLanguage\":\"pt-BR\",\"@id\":\"https:\/\/meusitejuridico.editorajuspodivm.com.br\/2019\/02\/15\/certo-ou-errado-condicao-de-funcionario-publico-e-circunstancia-objetiva-peculato-o-que-permite-coautoria-de-um-particular\/#primaryimage\",\"url\":\"https:\/\/webmail.meusitejuridico.com.br\/s.meusitejuridico\/2017\/07\/ca20cd1e-shutterstock-378848479.jpg\",\"contentUrl\":\"https:\/\/webmail.meusitejuridico.com.br\/s.meusitejuridico\/2017\/07\/ca20cd1e-shutterstock-378848479.jpg\",\"width\":500,\"height\":334},{\"@type\":\"BreadcrumbList\",\"@id\":\"https:\/\/meusitejuridico.editorajuspodivm.com.br\/2019\/02\/15\/certo-ou-errado-condicao-de-funcionario-publico-e-circunstancia-objetiva-peculato-o-que-permite-coautoria-de-um-particular\/#breadcrumb\",\"itemListElement\":[{\"@type\":\"ListItem\",\"position\":1,\"name\":\"In\u00edcio\",\"item\":\"https:\/\/meusitejuridico.editorajuspodivm.com.br\/\"},{\"@type\":\"ListItem\",\"position\":2,\"name\":\"Certo ou errado? A condi\u00e7\u00e3o de funcion\u00e1rio p\u00fablico \u00e9 circunst\u00e2ncia objetiva do peculato, o que permite a coautoria de um particular\"}]},{\"@type\":\"WebSite\",\"@id\":\"https:\/\/meusitejuridico.editorajuspodivm.com.br\/#website\",\"url\":\"https:\/\/meusitejuridico.editorajuspodivm.com.br\/\",\"name\":\"Meu site jur\u00eddico\",\"description\":\"Meu site jur\u00eddico\",\"publisher\":{\"@id\":\"https:\/\/meusitejuridico.editorajuspodivm.com.br\/#organization\"},\"potentialAction\":[{\"@type\":\"SearchAction\",\"target\":{\"@type\":\"EntryPoint\",\"urlTemplate\":\"https:\/\/meusitejuridico.editorajuspodivm.com.br\/?s={search_term_string}\"},\"query-input\":{\"@type\":\"PropertyValueSpecification\",\"valueRequired\":true,\"valueName\":\"search_term_string\"}}],\"inLanguage\":\"pt-BR\"},{\"@type\":\"Organization\",\"@id\":\"https:\/\/meusitejuridico.editorajuspodivm.com.br\/#organization\",\"name\":\"Meu site jur\u00eddico\",\"url\":\"https:\/\/meusitejuridico.editorajuspodivm.com.br\/\",\"logo\":{\"@type\":\"ImageObject\",\"inLanguage\":\"pt-BR\",\"@id\":\"https:\/\/meusitejuridico.editorajuspodivm.com.br\/#\/schema\/logo\/image\/\",\"url\":\"https:\/\/webmail.meusitejuridico.com.br\/s.meusitejuridico\/2022\/03\/cropped-baeec2a3-msj-02-01-01.png\",\"contentUrl\":\"https:\/\/webmail.meusitejuridico.com.br\/s.meusitejuridico\/2022\/03\/cropped-baeec2a3-msj-02-01-01.png\",\"width\":349,\"height\":243,\"caption\":\"Meu site jur\u00eddico\"},\"image\":{\"@id\":\"https:\/\/meusitejuridico.editorajuspodivm.com.br\/#\/schema\/logo\/image\/\"}},{\"@type\":\"Person\",\"@id\":\"https:\/\/meusitejuridico.editorajuspodivm.com.br\/#\/schema\/person\/5c2237ac0c8ff03bcf1a09fe3e45dfce\",\"name\":\"Equipe Meu Site Jur\u00eddico\",\"image\":{\"@type\":\"ImageObject\",\"inLanguage\":\"pt-BR\",\"@id\":\"https:\/\/meusitejuridico.editorajuspodivm.com.br\/#\/schema\/person\/image\/\",\"url\":\"https:\/\/webmail.meusitejuridico.com.br\/s.meusitejuridico\/2020\/07\/6be289aa-logo-msj.png\",\"contentUrl\":\"https:\/\/webmail.meusitejuridico.com.br\/s.meusitejuridico\/2020\/07\/6be289aa-logo-msj.png\",\"caption\":\"Equipe Meu Site Jur\u00eddico\"},\"description\":\"Contem conosco!\",\"url\":\"https:\/\/webmail.meusitejuridico.com.br\/author\/equipe-meu-site-juridico\/\"}]}<\/script>\n<!-- \/ Yoast SEO plugin. -->","yoast_head_json":{"title":"Certo ou errado? A condi\u00e7\u00e3o de funcion\u00e1rio p\u00fablico \u00e9 circunst\u00e2ncia objetiva do peculato, o que permite a coautoria de um particular - Meu site jur\u00eddico","robots":{"index":"index","follow":"follow","max-snippet":"max-snippet:-1","max-image-preview":"max-image-preview:large","max-video-preview":"max-video-preview:-1"},"canonical":"https:\/\/meusitejuridico.editorajuspodivm.com.br\/2019\/02\/15\/certo-ou-errado-condicao-de-funcionario-publico-e-circunstancia-objetiva-peculato-o-que-permite-coautoria-de-um-particular\/","og_locale":"pt_BR","og_type":"article","og_title":"Certo ou errado? A condi\u00e7\u00e3o de funcion\u00e1rio p\u00fablico \u00e9 circunst\u00e2ncia objetiva do peculato, o que permite a coautoria de um particular - Meu site jur\u00eddico","og_description":"ERRADO A condi\u00e7\u00e3o de funcion\u00e1rio p\u00fablico n\u00e3o \u00e9 circunst\u00e2ncia objetiva do crime de peculato, mas sua elementar. Circunst\u00e2ncias s\u00e3o elementos que se alojam no entorno do fato, isto \u00e9, n\u00e3o integram a figura t\u00edpica prim\u00e1ria, mas agregam dados que podem significar o aumento ou a diminui\u00e7\u00e3o da pena. S\u00e3o objetivas quando dizem respeito ao fato, [&hellip;]","og_url":"https:\/\/meusitejuridico.editorajuspodivm.com.br\/2019\/02\/15\/certo-ou-errado-condicao-de-funcionario-publico-e-circunstancia-objetiva-peculato-o-que-permite-coautoria-de-um-particular\/","og_site_name":"Meu site jur\u00eddico","article_published_time":"2019-02-15T09:38:10+00:00","og_image":[{"width":500,"height":334,"url":"https:\/\/meusitejuridico.editorajuspodivm.com.br\/s.meusitejuridico\/2017\/07\/ca20cd1e-shutterstock-378848479.jpg","type":"image\/jpeg"}],"author":"Equipe Meu Site Jur\u00eddico","twitter_card":"summary_large_image","twitter_misc":{"Escrito por":"Equipe Meu Site Jur\u00eddico","Est. tempo de leitura":"1 minuto"},"schema":{"@context":"https:\/\/schema.org","@graph":[{"@type":"Article","@id":"https:\/\/meusitejuridico.editorajuspodivm.com.br\/2019\/02\/15\/certo-ou-errado-condicao-de-funcionario-publico-e-circunstancia-objetiva-peculato-o-que-permite-coautoria-de-um-particular\/#article","isPartOf":{"@id":"https:\/\/meusitejuridico.editorajuspodivm.com.br\/2019\/02\/15\/certo-ou-errado-condicao-de-funcionario-publico-e-circunstancia-objetiva-peculato-o-que-permite-coautoria-de-um-particular\/"},"author":{"name":"Equipe Meu Site Jur\u00eddico","@id":"https:\/\/meusitejuridico.editorajuspodivm.com.br\/#\/schema\/person\/5c2237ac0c8ff03bcf1a09fe3e45dfce"},"headline":"Certo ou errado? A condi\u00e7\u00e3o de funcion\u00e1rio p\u00fablico \u00e9 circunst\u00e2ncia objetiva do peculato, o que permite a coautoria de um particular","datePublished":"2019-02-15T09:38:10+00:00","mainEntityOfPage":{"@id":"https:\/\/meusitejuridico.editorajuspodivm.com.br\/2019\/02\/15\/certo-ou-errado-condicao-de-funcionario-publico-e-circunstancia-objetiva-peculato-o-que-permite-coautoria-de-um-particular\/"},"wordCount":193,"commentCount":0,"publisher":{"@id":"https:\/\/meusitejuridico.editorajuspodivm.com.br\/#organization"},"image":{"@id":"https:\/\/meusitejuridico.editorajuspodivm.com.br\/2019\/02\/15\/certo-ou-errado-condicao-de-funcionario-publico-e-circunstancia-objetiva-peculato-o-que-permite-coautoria-de-um-particular\/#primaryimage"},"thumbnailUrl":"https:\/\/webmail.meusitejuridico.com.br\/s.meusitejuridico\/2017\/07\/ca20cd1e-shutterstock-378848479.jpg","keywords":["circunst\u00e2ncia","concurso de agentes","Direito Penal","elementar"],"articleSection":["Material de aula","Perguntas e Respostas"],"inLanguage":"pt-BR","potentialAction":[{"@type":"CommentAction","name":"Comment","target":["https:\/\/meusitejuridico.editorajuspodivm.com.br\/2019\/02\/15\/certo-ou-errado-condicao-de-funcionario-publico-e-circunstancia-objetiva-peculato-o-que-permite-coautoria-de-um-particular\/#respond"]}]},{"@type":"WebPage","@id":"https:\/\/meusitejuridico.editorajuspodivm.com.br\/2019\/02\/15\/certo-ou-errado-condicao-de-funcionario-publico-e-circunstancia-objetiva-peculato-o-que-permite-coautoria-de-um-particular\/","url":"https:\/\/meusitejuridico.editorajuspodivm.com.br\/2019\/02\/15\/certo-ou-errado-condicao-de-funcionario-publico-e-circunstancia-objetiva-peculato-o-que-permite-coautoria-de-um-particular\/","name":"Certo ou errado? A condi\u00e7\u00e3o de funcion\u00e1rio p\u00fablico \u00e9 circunst\u00e2ncia objetiva do peculato, o que permite a coautoria de um particular - Meu site jur\u00eddico","isPartOf":{"@id":"https:\/\/meusitejuridico.editorajuspodivm.com.br\/#website"},"primaryImageOfPage":{"@id":"https:\/\/meusitejuridico.editorajuspodivm.com.br\/2019\/02\/15\/certo-ou-errado-condicao-de-funcionario-publico-e-circunstancia-objetiva-peculato-o-que-permite-coautoria-de-um-particular\/#primaryimage"},"image":{"@id":"https:\/\/meusitejuridico.editorajuspodivm.com.br\/2019\/02\/15\/certo-ou-errado-condicao-de-funcionario-publico-e-circunstancia-objetiva-peculato-o-que-permite-coautoria-de-um-particular\/#primaryimage"},"thumbnailUrl":"https:\/\/webmail.meusitejuridico.com.br\/s.meusitejuridico\/2017\/07\/ca20cd1e-shutterstock-378848479.jpg","datePublished":"2019-02-15T09:38:10+00:00","breadcrumb":{"@id":"https:\/\/meusitejuridico.editorajuspodivm.com.br\/2019\/02\/15\/certo-ou-errado-condicao-de-funcionario-publico-e-circunstancia-objetiva-peculato-o-que-permite-coautoria-de-um-particular\/#breadcrumb"},"inLanguage":"pt-BR","potentialAction":[{"@type":"ReadAction","target":["https:\/\/meusitejuridico.editorajuspodivm.com.br\/2019\/02\/15\/certo-ou-errado-condicao-de-funcionario-publico-e-circunstancia-objetiva-peculato-o-que-permite-coautoria-de-um-particular\/"]}]},{"@type":"ImageObject","inLanguage":"pt-BR","@id":"https:\/\/meusitejuridico.editorajuspodivm.com.br\/2019\/02\/15\/certo-ou-errado-condicao-de-funcionario-publico-e-circunstancia-objetiva-peculato-o-que-permite-coautoria-de-um-particular\/#primaryimage","url":"https:\/\/webmail.meusitejuridico.com.br\/s.meusitejuridico\/2017\/07\/ca20cd1e-shutterstock-378848479.jpg","contentUrl":"https:\/\/webmail.meusitejuridico.com.br\/s.meusitejuridico\/2017\/07\/ca20cd1e-shutterstock-378848479.jpg","width":500,"height":334},{"@type":"BreadcrumbList","@id":"https:\/\/meusitejuridico.editorajuspodivm.com.br\/2019\/02\/15\/certo-ou-errado-condicao-de-funcionario-publico-e-circunstancia-objetiva-peculato-o-que-permite-coautoria-de-um-particular\/#breadcrumb","itemListElement":[{"@type":"ListItem","position":1,"name":"In\u00edcio","item":"https:\/\/meusitejuridico.editorajuspodivm.com.br\/"},{"@type":"ListItem","position":2,"name":"Certo ou errado? A condi\u00e7\u00e3o de funcion\u00e1rio p\u00fablico \u00e9 circunst\u00e2ncia objetiva do peculato, o que permite a coautoria de um particular"}]},{"@type":"WebSite","@id":"https:\/\/meusitejuridico.editorajuspodivm.com.br\/#website","url":"https:\/\/meusitejuridico.editorajuspodivm.com.br\/","name":"Meu site jur\u00eddico","description":"Meu site jur\u00eddico","publisher":{"@id":"https:\/\/meusitejuridico.editorajuspodivm.com.br\/#organization"},"potentialAction":[{"@type":"SearchAction","target":{"@type":"EntryPoint","urlTemplate":"https:\/\/meusitejuridico.editorajuspodivm.com.br\/?s={search_term_string}"},"query-input":{"@type":"PropertyValueSpecification","valueRequired":true,"valueName":"search_term_string"}}],"inLanguage":"pt-BR"},{"@type":"Organization","@id":"https:\/\/meusitejuridico.editorajuspodivm.com.br\/#organization","name":"Meu site jur\u00eddico","url":"https:\/\/meusitejuridico.editorajuspodivm.com.br\/","logo":{"@type":"ImageObject","inLanguage":"pt-BR","@id":"https:\/\/meusitejuridico.editorajuspodivm.com.br\/#\/schema\/logo\/image\/","url":"https:\/\/webmail.meusitejuridico.com.br\/s.meusitejuridico\/2022\/03\/cropped-baeec2a3-msj-02-01-01.png","contentUrl":"https:\/\/webmail.meusitejuridico.com.br\/s.meusitejuridico\/2022\/03\/cropped-baeec2a3-msj-02-01-01.png","width":349,"height":243,"caption":"Meu site jur\u00eddico"},"image":{"@id":"https:\/\/meusitejuridico.editorajuspodivm.com.br\/#\/schema\/logo\/image\/"}},{"@type":"Person","@id":"https:\/\/meusitejuridico.editorajuspodivm.com.br\/#\/schema\/person\/5c2237ac0c8ff03bcf1a09fe3e45dfce","name":"Equipe Meu Site Jur\u00eddico","image":{"@type":"ImageObject","inLanguage":"pt-BR","@id":"https:\/\/meusitejuridico.editorajuspodivm.com.br\/#\/schema\/person\/image\/","url":"https:\/\/webmail.meusitejuridico.com.br\/s.meusitejuridico\/2020\/07\/6be289aa-logo-msj.png","contentUrl":"https:\/\/webmail.meusitejuridico.com.br\/s.meusitejuridico\/2020\/07\/6be289aa-logo-msj.png","caption":"Equipe Meu Site Jur\u00eddico"},"description":"Contem conosco!","url":"https:\/\/webmail.meusitejuridico.com.br\/author\/equipe-meu-site-juridico\/"}]}},"_links":{"self":[{"href":"https:\/\/webmail.meusitejuridico.com.br\/api\/wp\/v2\/posts\/7670","targetHints":{"allow":["GET"]}}],"collection":[{"href":"https:\/\/webmail.meusitejuridico.com.br\/api\/wp\/v2\/posts"}],"about":[{"href":"https:\/\/webmail.meusitejuridico.com.br\/api\/wp\/v2\/types\/post"}],"author":[{"embeddable":true,"href":"https:\/\/webmail.meusitejuridico.com.br\/api\/wp\/v2\/users\/7"}],"replies":[{"embeddable":true,"href":"https:\/\/webmail.meusitejuridico.com.br\/api\/wp\/v2\/comments?post=7670"}],"version-history":[{"count":1,"href":"https:\/\/webmail.meusitejuridico.com.br\/api\/wp\/v2\/posts\/7670\/revisions"}],"predecessor-version":[{"id":7671,"href":"https:\/\/webmail.meusitejuridico.com.br\/api\/wp\/v2\/posts\/7670\/revisions\/7671"}],"wp:featuredmedia":[{"embeddable":true,"href":"https:\/\/webmail.meusitejuridico.com.br\/api\/wp\/v2\/media\/2894"}],"wp:attachment":[{"href":"https:\/\/webmail.meusitejuridico.com.br\/api\/wp\/v2\/media?parent=7670"}],"wp:term":[{"taxonomy":"category","embeddable":true,"href":"https:\/\/webmail.meusitejuridico.com.br\/api\/wp\/v2\/categories?post=7670"},{"taxonomy":"post_tag","embeddable":true,"href":"https:\/\/webmail.meusitejuridico.com.br\/api\/wp\/v2\/tags?post=7670"}],"curies":[{"name":"wp","href":"https:\/\/api.w.org\/{rel}","templated":true}]}}