{"id":6370,"date":"2018-09-17T08:32:26","date_gmt":"2018-09-17T11:32:26","guid":{"rendered":"https:\/\/meusitejuridico.com.br\/?p=6370"},"modified":"2018-09-17T08:32:26","modified_gmt":"2018-09-17T11:32:26","slug":"certo-ou-errado-lei-penal-temporaria-tem-vigencia-apenas-durante-o-estado-de-emergencia","status":"publish","type":"post","link":"https:\/\/webmail.meusitejuridico.com.br\/2018\/09\/17\/certo-ou-errado-lei-penal-temporaria-tem-vigencia-apenas-durante-o-estado-de-emergencia\/","title":{"rendered":"Certo ou errado? A lei penal tempor\u00e1ria tem vig\u00eancia apenas durante o estado de emerg\u00eancia"},"content":{"rendered":"<p><strong>ERRADO<\/strong><\/p>\n<p>Ap\u00f3s disciplinar a retroatividade da lei ben\u00e9fica, o C\u00f3digo Penal, em seu artigo 3\u00ba, disp\u00f5e sobre as leis tempor\u00e1ria e excepcional. <em>In verbis<\/em>: \u201c<em>A lei excepcional ou tempor\u00e1ria, embora decorrido o per\u00edodo de sua dura\u00e7\u00e3o ou cessadas as circunst\u00e2ncias que a determinaram, aplica-se ao fato praticado durante sua vig\u00eancia\u201d<\/em>. A lei tempor\u00e1ria (ou tempor\u00e1ria em sentido estrito) \u00e9 aquela institu\u00edda por um prazo determinado, ou seja, \u00e9 a lei que criminaliza determinada conduta, por\u00e9m prefixando lapso temporal para a sua vig\u00eancia. A lei excepcional (ou tempor\u00e1ria em sentido amplo) \u00e9 editada em fun\u00e7\u00e3o de algum evento transit\u00f3rio, como estado de guerra, calamidade ou qualquer outra necessidade estatal. As leis tempor\u00e1ria e excepcional t\u00eam <strong>duas caracter\u00edsticas essenciais<\/strong>: <strong>autorrevogabilidade e ultra-atividade<\/strong>. Sua vig\u00eancia, portanto, n\u00e3o tem rela\u00e7\u00e3o direta com o estado de emerg\u00eancia.<\/p>\n<p><a href=\"https:\/\/play.google.com\/store\/apps\/details?id=com.app.meuappjuridico&amp;hl=pt\" target=\"_blank\" rel=\"noopener\"><img decoding=\"async\" class=\"alignnone wp-image-4610 size-medium\" src=\"https:\/\/s3.meusitejuridico.com.br\/2018\/02\/3cdb1249-banner-app-300x166.jpeg\" alt=\"\" width=\"300\" height=\"166\" srcset=\"https:\/\/webmail.meusitejuridico.com.br\/s.meusitejuridico\/2018\/02\/3cdb1249-banner-app-300x166.jpeg 300w, https:\/\/webmail.meusitejuridico.com.br\/s.meusitejuridico\/2018\/02\/3cdb1249-banner-app-768x424.jpeg 768w, https:\/\/webmail.meusitejuridico.com.br\/s.meusitejuridico\/2018\/02\/3cdb1249-banner-app-1024x566.jpeg 1024w, https:\/\/webmail.meusitejuridico.com.br\/s.meusitejuridico\/2018\/02\/3cdb1249-banner-app-80x44.jpeg 80w, https:\/\/webmail.meusitejuridico.com.br\/s.meusitejuridico\/2018\/02\/3cdb1249-banner-app.jpeg 1140w\" sizes=\"(max-width: 300px) 100vw, 300px\" \/><\/a><\/p>\n<p>Material extra\u00eddo da obra <a href=\"https:\/\/www.editorajuspodivm.com.br\/revisaco-direito-penal-2209-questoes-comentadas-alternativa-por-alternativa-2018\" target=\"_blank\" rel=\"noopener\">Revisa\u00e7o Direito Penal<\/a><\/p>\n","protected":false},"excerpt":{"rendered":"<p>ERRADO Ap\u00f3s disciplinar a retroatividade da lei ben\u00e9fica, o C\u00f3digo Penal, em seu artigo 3\u00ba, disp\u00f5e sobre as leis tempor\u00e1ria e excepcional. In verbis: \u201cA lei excepcional ou tempor\u00e1ria, embora decorrido o per\u00edodo de sua dura\u00e7\u00e3o ou cessadas as circunst\u00e2ncias que a determinaram, aplica-se ao fato praticado durante sua vig\u00eancia\u201d. A lei tempor\u00e1ria (ou tempor\u00e1ria [&hellip;]<\/p>\n","protected":false},"author":7,"featured_media":3723,"comment_status":"open","ping_status":"open","sticky":false,"template":"","format":"standard","meta":{"_acf_changed":false,"footnotes":""},"categories":[78,437],"tags":[107,2041,2039,2040],"class_list":["post-6370","post","type-post","status-publish","format-standard","has-post-thumbnail","hentry","category-material-de-aula","category-perguntas-e-respostas","tag-direito-penal","tag-emergencia","tag-lei-temporaria","tag-vigencia"],"acf":[],"yoast_head":"<!-- This site is optimized with the Yoast SEO plugin v24.8.1 - https:\/\/yoast.com\/wordpress\/plugins\/seo\/ -->\n<title>Certo ou errado? A lei penal tempor\u00e1ria tem vig\u00eancia apenas durante o estado de emerg\u00eancia - Meu site jur\u00eddico<\/title>\n<meta name=\"robots\" content=\"index, follow, max-snippet:-1, max-image-preview:large, max-video-preview:-1\" \/>\n<link rel=\"canonical\" href=\"https:\/\/meusitejuridico.editorajuspodivm.com.br\/2018\/09\/17\/certo-ou-errado-lei-penal-temporaria-tem-vigencia-apenas-durante-o-estado-de-emergencia\/\" \/>\n<meta property=\"og:locale\" content=\"pt_BR\" \/>\n<meta property=\"og:type\" content=\"article\" \/>\n<meta property=\"og:title\" content=\"Certo ou errado? A lei penal tempor\u00e1ria tem vig\u00eancia apenas durante o estado de emerg\u00eancia - Meu site jur\u00eddico\" \/>\n<meta property=\"og:description\" content=\"ERRADO Ap\u00f3s disciplinar a retroatividade da lei ben\u00e9fica, o C\u00f3digo Penal, em seu artigo 3\u00ba, disp\u00f5e sobre as leis tempor\u00e1ria e excepcional. In verbis: \u201cA lei excepcional ou tempor\u00e1ria, embora decorrido o per\u00edodo de sua dura\u00e7\u00e3o ou cessadas as circunst\u00e2ncias que a determinaram, aplica-se ao fato praticado durante sua vig\u00eancia\u201d. A lei tempor\u00e1ria (ou tempor\u00e1ria [&hellip;]\" \/>\n<meta property=\"og:url\" content=\"https:\/\/meusitejuridico.editorajuspodivm.com.br\/2018\/09\/17\/certo-ou-errado-lei-penal-temporaria-tem-vigencia-apenas-durante-o-estado-de-emergencia\/\" \/>\n<meta property=\"og:site_name\" content=\"Meu site jur\u00eddico\" \/>\n<meta property=\"article:published_time\" content=\"2018-09-17T11:32:26+00:00\" \/>\n<meta property=\"og:image\" content=\"https:\/\/meusitejuridico.editorajuspodivm.com.br\/s.meusitejuridico\/2017\/10\/571b777a-shutterstock-269516258.jpg\" \/>\n\t<meta property=\"og:image:width\" content=\"1000\" \/>\n\t<meta property=\"og:image:height\" content=\"667\" \/>\n\t<meta property=\"og:image:type\" content=\"image\/jpeg\" \/>\n<meta name=\"author\" content=\"Equipe Meu Site Jur\u00eddico\" \/>\n<meta name=\"twitter:card\" content=\"summary_large_image\" \/>\n<meta name=\"twitter:label1\" content=\"Escrito por\" \/>\n\t<meta name=\"twitter:data1\" content=\"Equipe Meu Site Jur\u00eddico\" \/>\n\t<meta name=\"twitter:label2\" content=\"Est. tempo de leitura\" \/>\n\t<meta name=\"twitter:data2\" content=\"1 minuto\" \/>\n<script type=\"application\/ld+json\" class=\"yoast-schema-graph\">{\"@context\":\"https:\/\/schema.org\",\"@graph\":[{\"@type\":\"Article\",\"@id\":\"https:\/\/meusitejuridico.editorajuspodivm.com.br\/2018\/09\/17\/certo-ou-errado-lei-penal-temporaria-tem-vigencia-apenas-durante-o-estado-de-emergencia\/#article\",\"isPartOf\":{\"@id\":\"https:\/\/meusitejuridico.editorajuspodivm.com.br\/2018\/09\/17\/certo-ou-errado-lei-penal-temporaria-tem-vigencia-apenas-durante-o-estado-de-emergencia\/\"},\"author\":{\"name\":\"Equipe Meu Site Jur\u00eddico\",\"@id\":\"https:\/\/cdn.meusitejuridico.com.br\/#\/schema\/person\/5c2237ac0c8ff03bcf1a09fe3e45dfce\"},\"headline\":\"Certo ou errado? A lei penal tempor\u00e1ria tem vig\u00eancia apenas durante o estado de emerg\u00eancia\",\"datePublished\":\"2018-09-17T11:32:26+00:00\",\"mainEntityOfPage\":{\"@id\":\"https:\/\/meusitejuridico.editorajuspodivm.com.br\/2018\/09\/17\/certo-ou-errado-lei-penal-temporaria-tem-vigencia-apenas-durante-o-estado-de-emergencia\/\"},\"wordCount\":180,\"commentCount\":0,\"publisher\":{\"@id\":\"https:\/\/cdn.meusitejuridico.com.br\/#organization\"},\"image\":{\"@id\":\"https:\/\/meusitejuridico.editorajuspodivm.com.br\/2018\/09\/17\/certo-ou-errado-lei-penal-temporaria-tem-vigencia-apenas-durante-o-estado-de-emergencia\/#primaryimage\"},\"thumbnailUrl\":\"https:\/\/webmail.meusitejuridico.com.br\/s.meusitejuridico\/2017\/10\/571b777a-shutterstock-269516258.jpg\",\"keywords\":[\"Direito Penal\",\"emerg\u00eancia\",\"lei tempor\u00e1ria\",\"vig\u00eancia\"],\"articleSection\":[\"Material de aula\",\"Perguntas e Respostas\"],\"inLanguage\":\"pt-BR\",\"potentialAction\":[{\"@type\":\"CommentAction\",\"name\":\"Comment\",\"target\":[\"https:\/\/meusitejuridico.editorajuspodivm.com.br\/2018\/09\/17\/certo-ou-errado-lei-penal-temporaria-tem-vigencia-apenas-durante-o-estado-de-emergencia\/#respond\"]}]},{\"@type\":\"WebPage\",\"@id\":\"https:\/\/meusitejuridico.editorajuspodivm.com.br\/2018\/09\/17\/certo-ou-errado-lei-penal-temporaria-tem-vigencia-apenas-durante-o-estado-de-emergencia\/\",\"url\":\"https:\/\/meusitejuridico.editorajuspodivm.com.br\/2018\/09\/17\/certo-ou-errado-lei-penal-temporaria-tem-vigencia-apenas-durante-o-estado-de-emergencia\/\",\"name\":\"Certo ou errado? A lei penal tempor\u00e1ria tem vig\u00eancia apenas durante o estado de emerg\u00eancia - Meu site jur\u00eddico\",\"isPartOf\":{\"@id\":\"https:\/\/cdn.meusitejuridico.com.br\/#website\"},\"primaryImageOfPage\":{\"@id\":\"https:\/\/meusitejuridico.editorajuspodivm.com.br\/2018\/09\/17\/certo-ou-errado-lei-penal-temporaria-tem-vigencia-apenas-durante-o-estado-de-emergencia\/#primaryimage\"},\"image\":{\"@id\":\"https:\/\/meusitejuridico.editorajuspodivm.com.br\/2018\/09\/17\/certo-ou-errado-lei-penal-temporaria-tem-vigencia-apenas-durante-o-estado-de-emergencia\/#primaryimage\"},\"thumbnailUrl\":\"https:\/\/webmail.meusitejuridico.com.br\/s.meusitejuridico\/2017\/10\/571b777a-shutterstock-269516258.jpg\",\"datePublished\":\"2018-09-17T11:32:26+00:00\",\"breadcrumb\":{\"@id\":\"https:\/\/meusitejuridico.editorajuspodivm.com.br\/2018\/09\/17\/certo-ou-errado-lei-penal-temporaria-tem-vigencia-apenas-durante-o-estado-de-emergencia\/#breadcrumb\"},\"inLanguage\":\"pt-BR\",\"potentialAction\":[{\"@type\":\"ReadAction\",\"target\":[\"https:\/\/meusitejuridico.editorajuspodivm.com.br\/2018\/09\/17\/certo-ou-errado-lei-penal-temporaria-tem-vigencia-apenas-durante-o-estado-de-emergencia\/\"]}]},{\"@type\":\"ImageObject\",\"inLanguage\":\"pt-BR\",\"@id\":\"https:\/\/meusitejuridico.editorajuspodivm.com.br\/2018\/09\/17\/certo-ou-errado-lei-penal-temporaria-tem-vigencia-apenas-durante-o-estado-de-emergencia\/#primaryimage\",\"url\":\"https:\/\/webmail.meusitejuridico.com.br\/s.meusitejuridico\/2017\/10\/571b777a-shutterstock-269516258.jpg\",\"contentUrl\":\"https:\/\/webmail.meusitejuridico.com.br\/s.meusitejuridico\/2017\/10\/571b777a-shutterstock-269516258.jpg\",\"width\":1000,\"height\":667},{\"@type\":\"BreadcrumbList\",\"@id\":\"https:\/\/meusitejuridico.editorajuspodivm.com.br\/2018\/09\/17\/certo-ou-errado-lei-penal-temporaria-tem-vigencia-apenas-durante-o-estado-de-emergencia\/#breadcrumb\",\"itemListElement\":[{\"@type\":\"ListItem\",\"position\":1,\"name\":\"In\u00edcio\",\"item\":\"https:\/\/cdn.meusitejuridico.com.br\/\"},{\"@type\":\"ListItem\",\"position\":2,\"name\":\"Certo ou errado? A lei penal tempor\u00e1ria tem vig\u00eancia apenas durante o estado de emerg\u00eancia\"}]},{\"@type\":\"WebSite\",\"@id\":\"https:\/\/cdn.meusitejuridico.com.br\/#website\",\"url\":\"https:\/\/cdn.meusitejuridico.com.br\/\",\"name\":\"Meu site jur\u00eddico\",\"description\":\"Meu site jur\u00eddico\",\"publisher\":{\"@id\":\"https:\/\/cdn.meusitejuridico.com.br\/#organization\"},\"potentialAction\":[{\"@type\":\"SearchAction\",\"target\":{\"@type\":\"EntryPoint\",\"urlTemplate\":\"https:\/\/cdn.meusitejuridico.com.br\/?s={search_term_string}\"},\"query-input\":{\"@type\":\"PropertyValueSpecification\",\"valueRequired\":true,\"valueName\":\"search_term_string\"}}],\"inLanguage\":\"pt-BR\"},{\"@type\":\"Organization\",\"@id\":\"https:\/\/cdn.meusitejuridico.com.br\/#organization\",\"name\":\"Meu site jur\u00eddico\",\"url\":\"https:\/\/cdn.meusitejuridico.com.br\/\",\"logo\":{\"@type\":\"ImageObject\",\"inLanguage\":\"pt-BR\",\"@id\":\"https:\/\/cdn.meusitejuridico.com.br\/#\/schema\/logo\/image\/\",\"url\":\"https:\/\/webmail.meusitejuridico.com.br\/s.meusitejuridico\/2022\/03\/cropped-baeec2a3-msj-02-01-01.png\",\"contentUrl\":\"https:\/\/webmail.meusitejuridico.com.br\/s.meusitejuridico\/2022\/03\/cropped-baeec2a3-msj-02-01-01.png\",\"width\":349,\"height\":243,\"caption\":\"Meu site jur\u00eddico\"},\"image\":{\"@id\":\"https:\/\/cdn.meusitejuridico.com.br\/#\/schema\/logo\/image\/\"}},{\"@type\":\"Person\",\"@id\":\"https:\/\/cdn.meusitejuridico.com.br\/#\/schema\/person\/5c2237ac0c8ff03bcf1a09fe3e45dfce\",\"name\":\"Equipe Meu Site Jur\u00eddico\",\"image\":{\"@type\":\"ImageObject\",\"inLanguage\":\"pt-BR\",\"@id\":\"https:\/\/cdn.meusitejuridico.com.br\/#\/schema\/person\/image\/\",\"url\":\"https:\/\/webmail.meusitejuridico.com.br\/s.meusitejuridico\/2020\/07\/6be289aa-logo-msj.png\",\"contentUrl\":\"https:\/\/webmail.meusitejuridico.com.br\/s.meusitejuridico\/2020\/07\/6be289aa-logo-msj.png\",\"caption\":\"Equipe Meu Site Jur\u00eddico\"},\"description\":\"Contem conosco!\",\"url\":\"https:\/\/webmail.meusitejuridico.com.br\/author\/equipe-meu-site-juridico\/\"}]}<\/script>\n<!-- \/ Yoast SEO plugin. -->","yoast_head_json":{"title":"Certo ou errado? A lei penal tempor\u00e1ria tem vig\u00eancia apenas durante o estado de emerg\u00eancia - Meu site jur\u00eddico","robots":{"index":"index","follow":"follow","max-snippet":"max-snippet:-1","max-image-preview":"max-image-preview:large","max-video-preview":"max-video-preview:-1"},"canonical":"https:\/\/meusitejuridico.editorajuspodivm.com.br\/2018\/09\/17\/certo-ou-errado-lei-penal-temporaria-tem-vigencia-apenas-durante-o-estado-de-emergencia\/","og_locale":"pt_BR","og_type":"article","og_title":"Certo ou errado? A lei penal tempor\u00e1ria tem vig\u00eancia apenas durante o estado de emerg\u00eancia - Meu site jur\u00eddico","og_description":"ERRADO Ap\u00f3s disciplinar a retroatividade da lei ben\u00e9fica, o C\u00f3digo Penal, em seu artigo 3\u00ba, disp\u00f5e sobre as leis tempor\u00e1ria e excepcional. In verbis: \u201cA lei excepcional ou tempor\u00e1ria, embora decorrido o per\u00edodo de sua dura\u00e7\u00e3o ou cessadas as circunst\u00e2ncias que a determinaram, aplica-se ao fato praticado durante sua vig\u00eancia\u201d. A lei tempor\u00e1ria (ou tempor\u00e1ria [&hellip;]","og_url":"https:\/\/meusitejuridico.editorajuspodivm.com.br\/2018\/09\/17\/certo-ou-errado-lei-penal-temporaria-tem-vigencia-apenas-durante-o-estado-de-emergencia\/","og_site_name":"Meu site jur\u00eddico","article_published_time":"2018-09-17T11:32:26+00:00","og_image":[{"width":1000,"height":667,"url":"https:\/\/meusitejuridico.editorajuspodivm.com.br\/s.meusitejuridico\/2017\/10\/571b777a-shutterstock-269516258.jpg","type":"image\/jpeg"}],"author":"Equipe Meu Site Jur\u00eddico","twitter_card":"summary_large_image","twitter_misc":{"Escrito por":"Equipe Meu Site Jur\u00eddico","Est. tempo de leitura":"1 minuto"},"schema":{"@context":"https:\/\/schema.org","@graph":[{"@type":"Article","@id":"https:\/\/meusitejuridico.editorajuspodivm.com.br\/2018\/09\/17\/certo-ou-errado-lei-penal-temporaria-tem-vigencia-apenas-durante-o-estado-de-emergencia\/#article","isPartOf":{"@id":"https:\/\/meusitejuridico.editorajuspodivm.com.br\/2018\/09\/17\/certo-ou-errado-lei-penal-temporaria-tem-vigencia-apenas-durante-o-estado-de-emergencia\/"},"author":{"name":"Equipe Meu Site Jur\u00eddico","@id":"https:\/\/cdn.meusitejuridico.com.br\/#\/schema\/person\/5c2237ac0c8ff03bcf1a09fe3e45dfce"},"headline":"Certo ou errado? A lei penal tempor\u00e1ria tem vig\u00eancia apenas durante o estado de emerg\u00eancia","datePublished":"2018-09-17T11:32:26+00:00","mainEntityOfPage":{"@id":"https:\/\/meusitejuridico.editorajuspodivm.com.br\/2018\/09\/17\/certo-ou-errado-lei-penal-temporaria-tem-vigencia-apenas-durante-o-estado-de-emergencia\/"},"wordCount":180,"commentCount":0,"publisher":{"@id":"https:\/\/cdn.meusitejuridico.com.br\/#organization"},"image":{"@id":"https:\/\/meusitejuridico.editorajuspodivm.com.br\/2018\/09\/17\/certo-ou-errado-lei-penal-temporaria-tem-vigencia-apenas-durante-o-estado-de-emergencia\/#primaryimage"},"thumbnailUrl":"https:\/\/webmail.meusitejuridico.com.br\/s.meusitejuridico\/2017\/10\/571b777a-shutterstock-269516258.jpg","keywords":["Direito Penal","emerg\u00eancia","lei tempor\u00e1ria","vig\u00eancia"],"articleSection":["Material de aula","Perguntas e Respostas"],"inLanguage":"pt-BR","potentialAction":[{"@type":"CommentAction","name":"Comment","target":["https:\/\/meusitejuridico.editorajuspodivm.com.br\/2018\/09\/17\/certo-ou-errado-lei-penal-temporaria-tem-vigencia-apenas-durante-o-estado-de-emergencia\/#respond"]}]},{"@type":"WebPage","@id":"https:\/\/meusitejuridico.editorajuspodivm.com.br\/2018\/09\/17\/certo-ou-errado-lei-penal-temporaria-tem-vigencia-apenas-durante-o-estado-de-emergencia\/","url":"https:\/\/meusitejuridico.editorajuspodivm.com.br\/2018\/09\/17\/certo-ou-errado-lei-penal-temporaria-tem-vigencia-apenas-durante-o-estado-de-emergencia\/","name":"Certo ou errado? A lei penal tempor\u00e1ria tem vig\u00eancia apenas durante o estado de emerg\u00eancia - Meu site jur\u00eddico","isPartOf":{"@id":"https:\/\/cdn.meusitejuridico.com.br\/#website"},"primaryImageOfPage":{"@id":"https:\/\/meusitejuridico.editorajuspodivm.com.br\/2018\/09\/17\/certo-ou-errado-lei-penal-temporaria-tem-vigencia-apenas-durante-o-estado-de-emergencia\/#primaryimage"},"image":{"@id":"https:\/\/meusitejuridico.editorajuspodivm.com.br\/2018\/09\/17\/certo-ou-errado-lei-penal-temporaria-tem-vigencia-apenas-durante-o-estado-de-emergencia\/#primaryimage"},"thumbnailUrl":"https:\/\/webmail.meusitejuridico.com.br\/s.meusitejuridico\/2017\/10\/571b777a-shutterstock-269516258.jpg","datePublished":"2018-09-17T11:32:26+00:00","breadcrumb":{"@id":"https:\/\/meusitejuridico.editorajuspodivm.com.br\/2018\/09\/17\/certo-ou-errado-lei-penal-temporaria-tem-vigencia-apenas-durante-o-estado-de-emergencia\/#breadcrumb"},"inLanguage":"pt-BR","potentialAction":[{"@type":"ReadAction","target":["https:\/\/meusitejuridico.editorajuspodivm.com.br\/2018\/09\/17\/certo-ou-errado-lei-penal-temporaria-tem-vigencia-apenas-durante-o-estado-de-emergencia\/"]}]},{"@type":"ImageObject","inLanguage":"pt-BR","@id":"https:\/\/meusitejuridico.editorajuspodivm.com.br\/2018\/09\/17\/certo-ou-errado-lei-penal-temporaria-tem-vigencia-apenas-durante-o-estado-de-emergencia\/#primaryimage","url":"https:\/\/webmail.meusitejuridico.com.br\/s.meusitejuridico\/2017\/10\/571b777a-shutterstock-269516258.jpg","contentUrl":"https:\/\/webmail.meusitejuridico.com.br\/s.meusitejuridico\/2017\/10\/571b777a-shutterstock-269516258.jpg","width":1000,"height":667},{"@type":"BreadcrumbList","@id":"https:\/\/meusitejuridico.editorajuspodivm.com.br\/2018\/09\/17\/certo-ou-errado-lei-penal-temporaria-tem-vigencia-apenas-durante-o-estado-de-emergencia\/#breadcrumb","itemListElement":[{"@type":"ListItem","position":1,"name":"In\u00edcio","item":"https:\/\/cdn.meusitejuridico.com.br\/"},{"@type":"ListItem","position":2,"name":"Certo ou errado? A lei penal tempor\u00e1ria tem vig\u00eancia apenas durante o estado de emerg\u00eancia"}]},{"@type":"WebSite","@id":"https:\/\/cdn.meusitejuridico.com.br\/#website","url":"https:\/\/cdn.meusitejuridico.com.br\/","name":"Meu site jur\u00eddico","description":"Meu site jur\u00eddico","publisher":{"@id":"https:\/\/cdn.meusitejuridico.com.br\/#organization"},"potentialAction":[{"@type":"SearchAction","target":{"@type":"EntryPoint","urlTemplate":"https:\/\/cdn.meusitejuridico.com.br\/?s={search_term_string}"},"query-input":{"@type":"PropertyValueSpecification","valueRequired":true,"valueName":"search_term_string"}}],"inLanguage":"pt-BR"},{"@type":"Organization","@id":"https:\/\/cdn.meusitejuridico.com.br\/#organization","name":"Meu site jur\u00eddico","url":"https:\/\/cdn.meusitejuridico.com.br\/","logo":{"@type":"ImageObject","inLanguage":"pt-BR","@id":"https:\/\/cdn.meusitejuridico.com.br\/#\/schema\/logo\/image\/","url":"https:\/\/webmail.meusitejuridico.com.br\/s.meusitejuridico\/2022\/03\/cropped-baeec2a3-msj-02-01-01.png","contentUrl":"https:\/\/webmail.meusitejuridico.com.br\/s.meusitejuridico\/2022\/03\/cropped-baeec2a3-msj-02-01-01.png","width":349,"height":243,"caption":"Meu site jur\u00eddico"},"image":{"@id":"https:\/\/cdn.meusitejuridico.com.br\/#\/schema\/logo\/image\/"}},{"@type":"Person","@id":"https:\/\/cdn.meusitejuridico.com.br\/#\/schema\/person\/5c2237ac0c8ff03bcf1a09fe3e45dfce","name":"Equipe Meu Site Jur\u00eddico","image":{"@type":"ImageObject","inLanguage":"pt-BR","@id":"https:\/\/cdn.meusitejuridico.com.br\/#\/schema\/person\/image\/","url":"https:\/\/webmail.meusitejuridico.com.br\/s.meusitejuridico\/2020\/07\/6be289aa-logo-msj.png","contentUrl":"https:\/\/webmail.meusitejuridico.com.br\/s.meusitejuridico\/2020\/07\/6be289aa-logo-msj.png","caption":"Equipe Meu Site Jur\u00eddico"},"description":"Contem conosco!","url":"https:\/\/webmail.meusitejuridico.com.br\/author\/equipe-meu-site-juridico\/"}]}},"_links":{"self":[{"href":"https:\/\/webmail.meusitejuridico.com.br\/api\/wp\/v2\/posts\/6370","targetHints":{"allow":["GET"]}}],"collection":[{"href":"https:\/\/webmail.meusitejuridico.com.br\/api\/wp\/v2\/posts"}],"about":[{"href":"https:\/\/webmail.meusitejuridico.com.br\/api\/wp\/v2\/types\/post"}],"author":[{"embeddable":true,"href":"https:\/\/webmail.meusitejuridico.com.br\/api\/wp\/v2\/users\/7"}],"replies":[{"embeddable":true,"href":"https:\/\/webmail.meusitejuridico.com.br\/api\/wp\/v2\/comments?post=6370"}],"version-history":[{"count":1,"href":"https:\/\/webmail.meusitejuridico.com.br\/api\/wp\/v2\/posts\/6370\/revisions"}],"predecessor-version":[{"id":6371,"href":"https:\/\/webmail.meusitejuridico.com.br\/api\/wp\/v2\/posts\/6370\/revisions\/6371"}],"wp:featuredmedia":[{"embeddable":true,"href":"https:\/\/webmail.meusitejuridico.com.br\/api\/wp\/v2\/media\/3723"}],"wp:attachment":[{"href":"https:\/\/webmail.meusitejuridico.com.br\/api\/wp\/v2\/media?parent=6370"}],"wp:term":[{"taxonomy":"category","embeddable":true,"href":"https:\/\/webmail.meusitejuridico.com.br\/api\/wp\/v2\/categories?post=6370"},{"taxonomy":"post_tag","embeddable":true,"href":"https:\/\/webmail.meusitejuridico.com.br\/api\/wp\/v2\/tags?post=6370"}],"curies":[{"name":"wp","href":"https:\/\/api.w.org\/{rel}","templated":true}]}}