{"id":4767,"date":"2018-03-13T09:40:56","date_gmt":"2018-03-13T12:40:56","guid":{"rendered":"https:\/\/meusitejuridico.com.br\/?p=4767"},"modified":"2018-03-13T09:40:56","modified_gmt":"2018-03-13T12:40:56","slug":"e-possivel-que-lei-delegada-verse-sobre-direito-penal-incriminador","status":"publish","type":"post","link":"https:\/\/webmail.meusitejuridico.com.br\/2018\/03\/13\/e-possivel-que-lei-delegada-verse-sobre-direito-penal-incriminador\/","title":{"rendered":"\u00c9 poss\u00edvel que lei delegada verse sobre Direito Penal incriminador?"},"content":{"rendered":"<p>\u00c9 inadmiss\u00edvel, com fundamento no artigo 68, \u00a71\u00ba, CF\/88<a class='qlabs_tooltip_bottom qlabs_tooltip_style_1 cursor_pointer event_hover' style=''  aria-haspopup='true'><span style='width: 180px; '  >Art. 68. As leis delegadas ser\u00e3o elaboradas pelo Presidente da Rep\u00fablica, que dever\u00e1 solicitar a delega\u00e7\u00e3o ao Congresso Nacional. \u00a7 1\u00ba \u2013 N\u00e3o ser\u00e3o objeto de delega\u00e7\u00e3o os atos de compet\u00eancia exclusiva do Congresso Nacional, os de compet\u00eancia privativa da C\u00e2mara dos Deputados ou do Senado Federal, a mat\u00e9ria reservada \u00e0 lei complementar, nem a legisla\u00e7\u00e3o sobre: I \u2013 organiza\u00e7\u00e3o do Poder Judici\u00e1rio e do Minist\u00e9rio P\u00fablico, a carreira e a garantia de seus membros; II \u2013 nacionalidade, cidadania, direitos individuais, pol\u00edticos e eleitorais; III \u2013 planos plurianuais, diretrizes or\u00e7ament\u00e1rias e or\u00e7amentos.<\/span><\/a>, que a lei delegada verse sobre Direito Penal, uma vez que a reda\u00e7\u00e3o do dispositivo, a um s\u00f3 tempo, impede a delega\u00e7\u00e3o de atos de compet\u00eancia exclusiva do Congresso Nacional e veda que a lei delegada discipline direitos individuais, mat\u00e9ria \u00ednsita a toda norma penal.<\/p>\n<p><a href=\"https:\/\/play.google.com\/store\/apps\/details?id=com.app.meuappjuridico&amp;hl=pt\" target=\"_blank\" rel=\"noopener\"><img decoding=\"async\" class=\"alignnone wp-image-4610 size-medium\" src=\"https:\/\/s3.meusitejuridico.com.br\/2018\/02\/3cdb1249-banner-app-300x166.jpeg\" alt=\"\" width=\"300\" height=\"166\" srcset=\"https:\/\/webmail.meusitejuridico.com.br\/s.meusitejuridico\/2018\/02\/3cdb1249-banner-app-300x166.jpeg 300w, https:\/\/webmail.meusitejuridico.com.br\/s.meusitejuridico\/2018\/02\/3cdb1249-banner-app-768x424.jpeg 768w, https:\/\/webmail.meusitejuridico.com.br\/s.meusitejuridico\/2018\/02\/3cdb1249-banner-app-1024x566.jpeg 1024w, https:\/\/webmail.meusitejuridico.com.br\/s.meusitejuridico\/2018\/02\/3cdb1249-banner-app-80x44.jpeg 80w, https:\/\/webmail.meusitejuridico.com.br\/s.meusitejuridico\/2018\/02\/3cdb1249-banner-app.jpeg 1140w\" sizes=\"(max-width: 300px) 100vw, 300px\" \/><\/a><\/p>\n","protected":false},"excerpt":{"rendered":"<p>\u00c9 inadmiss\u00edvel, com fundamento no artigo 68, \u00a71\u00ba, CF\/88, que a lei delegada verse sobre Direito Penal, uma vez que a reda\u00e7\u00e3o do dispositivo, a um s\u00f3 tempo, impede a delega\u00e7\u00e3o de atos de compet\u00eancia exclusiva do Congresso Nacional e veda que a lei delegada discipline direitos individuais, mat\u00e9ria \u00ednsita a toda norma penal.<\/p>\n","protected":false},"author":7,"featured_media":3432,"comment_status":"open","ping_status":"open","sticky":false,"template":"","format":"standard","meta":{"_acf_changed":false,"footnotes":""},"categories":[78,437],"tags":[107,1146,1496,1495],"class_list":["post-4767","post","type-post","status-publish","format-standard","has-post-thumbnail","hentry","category-material-de-aula","category-perguntas-e-respostas","tag-direito-penal","tag-legalidade","tag-lei-delegada","tag-reserva-legal"],"acf":[],"yoast_head":"<!-- This site is optimized with the Yoast SEO plugin v24.8.1 - https:\/\/yoast.com\/wordpress\/plugins\/seo\/ -->\n<title>\u00c9 poss\u00edvel que lei delegada verse sobre Direito Penal incriminador? - Meu site jur\u00eddico<\/title>\n<meta name=\"robots\" content=\"index, follow, max-snippet:-1, max-image-preview:large, max-video-preview:-1\" \/>\n<link rel=\"canonical\" href=\"https:\/\/meusitejuridico.editorajuspodivm.com.br\/2018\/03\/13\/e-possivel-que-lei-delegada-verse-sobre-direito-penal-incriminador\/\" \/>\n<meta property=\"og:locale\" content=\"pt_BR\" \/>\n<meta property=\"og:type\" content=\"article\" \/>\n<meta property=\"og:title\" content=\"\u00c9 poss\u00edvel que lei delegada verse sobre Direito Penal incriminador? - Meu site jur\u00eddico\" \/>\n<meta property=\"og:description\" content=\"\u00c9 inadmiss\u00edvel, com fundamento no artigo 68, \u00a71\u00ba, CF\/88, que a lei delegada verse sobre Direito Penal, uma vez que a reda\u00e7\u00e3o do dispositivo, a um s\u00f3 tempo, impede a delega\u00e7\u00e3o de atos de compet\u00eancia exclusiva do Congresso Nacional e veda que a lei delegada discipline direitos individuais, mat\u00e9ria \u00ednsita a toda norma penal.\" \/>\n<meta property=\"og:url\" content=\"https:\/\/meusitejuridico.editorajuspodivm.com.br\/2018\/03\/13\/e-possivel-que-lei-delegada-verse-sobre-direito-penal-incriminador\/\" \/>\n<meta property=\"og:site_name\" content=\"Meu site jur\u00eddico\" \/>\n<meta property=\"article:published_time\" content=\"2018-03-13T12:40:56+00:00\" \/>\n<meta property=\"og:image\" content=\"https:\/\/meusitejuridico.editorajuspodivm.com.br\/s.meusitejuridico\/2017\/09\/fdf7a806-shutterstock-48237328.jpg\" \/>\n\t<meta property=\"og:image:width\" content=\"4500\" \/>\n\t<meta property=\"og:image:height\" content=\"3375\" \/>\n\t<meta property=\"og:image:type\" content=\"image\/jpeg\" \/>\n<meta name=\"author\" content=\"Equipe Meu Site Jur\u00eddico\" \/>\n<meta name=\"twitter:card\" content=\"summary_large_image\" \/>\n<meta name=\"twitter:label1\" content=\"Escrito por\" \/>\n\t<meta name=\"twitter:data1\" content=\"Equipe Meu Site Jur\u00eddico\" \/>\n\t<meta name=\"twitter:label2\" content=\"Est. tempo de leitura\" \/>\n\t<meta name=\"twitter:data2\" content=\"1 minuto\" \/>\n<script type=\"application\/ld+json\" class=\"yoast-schema-graph\">{\"@context\":\"https:\/\/schema.org\",\"@graph\":[{\"@type\":\"Article\",\"@id\":\"https:\/\/meusitejuridico.editorajuspodivm.com.br\/2018\/03\/13\/e-possivel-que-lei-delegada-verse-sobre-direito-penal-incriminador\/#article\",\"isPartOf\":{\"@id\":\"https:\/\/meusitejuridico.editorajuspodivm.com.br\/2018\/03\/13\/e-possivel-que-lei-delegada-verse-sobre-direito-penal-incriminador\/\"},\"author\":{\"name\":\"Equipe Meu Site Jur\u00eddico\",\"@id\":\"https:\/\/meusitejuridico.editorajuspodivm.com.br\/#\/schema\/person\/5c2237ac0c8ff03bcf1a09fe3e45dfce\"},\"headline\":\"\u00c9 poss\u00edvel que lei delegada verse sobre Direito Penal incriminador?\",\"datePublished\":\"2018-03-13T12:40:56+00:00\",\"mainEntityOfPage\":{\"@id\":\"https:\/\/meusitejuridico.editorajuspodivm.com.br\/2018\/03\/13\/e-possivel-que-lei-delegada-verse-sobre-direito-penal-incriminador\/\"},\"wordCount\":187,\"commentCount\":2,\"publisher\":{\"@id\":\"https:\/\/meusitejuridico.editorajuspodivm.com.br\/#organization\"},\"image\":{\"@id\":\"https:\/\/meusitejuridico.editorajuspodivm.com.br\/2018\/03\/13\/e-possivel-que-lei-delegada-verse-sobre-direito-penal-incriminador\/#primaryimage\"},\"thumbnailUrl\":\"https:\/\/webmail.meusitejuridico.com.br\/s.meusitejuridico\/2017\/09\/fdf7a806-shutterstock-48237328.jpg\",\"keywords\":[\"Direito Penal\",\"legalidade\",\"lei delegada\",\"reserva legal\"],\"articleSection\":[\"Material de aula\",\"Perguntas e Respostas\"],\"inLanguage\":\"pt-BR\",\"potentialAction\":[{\"@type\":\"CommentAction\",\"name\":\"Comment\",\"target\":[\"https:\/\/meusitejuridico.editorajuspodivm.com.br\/2018\/03\/13\/e-possivel-que-lei-delegada-verse-sobre-direito-penal-incriminador\/#respond\"]}]},{\"@type\":\"WebPage\",\"@id\":\"https:\/\/meusitejuridico.editorajuspodivm.com.br\/2018\/03\/13\/e-possivel-que-lei-delegada-verse-sobre-direito-penal-incriminador\/\",\"url\":\"https:\/\/meusitejuridico.editorajuspodivm.com.br\/2018\/03\/13\/e-possivel-que-lei-delegada-verse-sobre-direito-penal-incriminador\/\",\"name\":\"\u00c9 poss\u00edvel que lei delegada verse sobre Direito Penal incriminador? - Meu site jur\u00eddico\",\"isPartOf\":{\"@id\":\"https:\/\/meusitejuridico.editorajuspodivm.com.br\/#website\"},\"primaryImageOfPage\":{\"@id\":\"https:\/\/meusitejuridico.editorajuspodivm.com.br\/2018\/03\/13\/e-possivel-que-lei-delegada-verse-sobre-direito-penal-incriminador\/#primaryimage\"},\"image\":{\"@id\":\"https:\/\/meusitejuridico.editorajuspodivm.com.br\/2018\/03\/13\/e-possivel-que-lei-delegada-verse-sobre-direito-penal-incriminador\/#primaryimage\"},\"thumbnailUrl\":\"https:\/\/webmail.meusitejuridico.com.br\/s.meusitejuridico\/2017\/09\/fdf7a806-shutterstock-48237328.jpg\",\"datePublished\":\"2018-03-13T12:40:56+00:00\",\"breadcrumb\":{\"@id\":\"https:\/\/meusitejuridico.editorajuspodivm.com.br\/2018\/03\/13\/e-possivel-que-lei-delegada-verse-sobre-direito-penal-incriminador\/#breadcrumb\"},\"inLanguage\":\"pt-BR\",\"potentialAction\":[{\"@type\":\"ReadAction\",\"target\":[\"https:\/\/meusitejuridico.editorajuspodivm.com.br\/2018\/03\/13\/e-possivel-que-lei-delegada-verse-sobre-direito-penal-incriminador\/\"]}]},{\"@type\":\"ImageObject\",\"inLanguage\":\"pt-BR\",\"@id\":\"https:\/\/meusitejuridico.editorajuspodivm.com.br\/2018\/03\/13\/e-possivel-que-lei-delegada-verse-sobre-direito-penal-incriminador\/#primaryimage\",\"url\":\"https:\/\/webmail.meusitejuridico.com.br\/s.meusitejuridico\/2017\/09\/fdf7a806-shutterstock-48237328.jpg\",\"contentUrl\":\"https:\/\/webmail.meusitejuridico.com.br\/s.meusitejuridico\/2017\/09\/fdf7a806-shutterstock-48237328.jpg\",\"width\":4500,\"height\":3375},{\"@type\":\"BreadcrumbList\",\"@id\":\"https:\/\/meusitejuridico.editorajuspodivm.com.br\/2018\/03\/13\/e-possivel-que-lei-delegada-verse-sobre-direito-penal-incriminador\/#breadcrumb\",\"itemListElement\":[{\"@type\":\"ListItem\",\"position\":1,\"name\":\"In\u00edcio\",\"item\":\"https:\/\/meusitejuridico.editorajuspodivm.com.br\/\"},{\"@type\":\"ListItem\",\"position\":2,\"name\":\"\u00c9 poss\u00edvel que lei delegada verse sobre Direito Penal incriminador?\"}]},{\"@type\":\"WebSite\",\"@id\":\"https:\/\/meusitejuridico.editorajuspodivm.com.br\/#website\",\"url\":\"https:\/\/meusitejuridico.editorajuspodivm.com.br\/\",\"name\":\"Meu site jur\u00eddico\",\"description\":\"Meu site jur\u00eddico\",\"publisher\":{\"@id\":\"https:\/\/meusitejuridico.editorajuspodivm.com.br\/#organization\"},\"potentialAction\":[{\"@type\":\"SearchAction\",\"target\":{\"@type\":\"EntryPoint\",\"urlTemplate\":\"https:\/\/meusitejuridico.editorajuspodivm.com.br\/?s={search_term_string}\"},\"query-input\":{\"@type\":\"PropertyValueSpecification\",\"valueRequired\":true,\"valueName\":\"search_term_string\"}}],\"inLanguage\":\"pt-BR\"},{\"@type\":\"Organization\",\"@id\":\"https:\/\/meusitejuridico.editorajuspodivm.com.br\/#organization\",\"name\":\"Meu site jur\u00eddico\",\"url\":\"https:\/\/meusitejuridico.editorajuspodivm.com.br\/\",\"logo\":{\"@type\":\"ImageObject\",\"inLanguage\":\"pt-BR\",\"@id\":\"https:\/\/meusitejuridico.editorajuspodivm.com.br\/#\/schema\/logo\/image\/\",\"url\":\"https:\/\/webmail.meusitejuridico.com.br\/s.meusitejuridico\/2022\/03\/cropped-baeec2a3-msj-02-01-01.png\",\"contentUrl\":\"https:\/\/webmail.meusitejuridico.com.br\/s.meusitejuridico\/2022\/03\/cropped-baeec2a3-msj-02-01-01.png\",\"width\":349,\"height\":243,\"caption\":\"Meu site jur\u00eddico\"},\"image\":{\"@id\":\"https:\/\/meusitejuridico.editorajuspodivm.com.br\/#\/schema\/logo\/image\/\"}},{\"@type\":\"Person\",\"@id\":\"https:\/\/meusitejuridico.editorajuspodivm.com.br\/#\/schema\/person\/5c2237ac0c8ff03bcf1a09fe3e45dfce\",\"name\":\"Equipe Meu Site Jur\u00eddico\",\"image\":{\"@type\":\"ImageObject\",\"inLanguage\":\"pt-BR\",\"@id\":\"https:\/\/meusitejuridico.editorajuspodivm.com.br\/#\/schema\/person\/image\/\",\"url\":\"https:\/\/webmail.meusitejuridico.com.br\/s.meusitejuridico\/2020\/07\/6be289aa-logo-msj.png\",\"contentUrl\":\"https:\/\/webmail.meusitejuridico.com.br\/s.meusitejuridico\/2020\/07\/6be289aa-logo-msj.png\",\"caption\":\"Equipe Meu Site Jur\u00eddico\"},\"description\":\"Contem conosco!\",\"url\":\"https:\/\/webmail.meusitejuridico.com.br\/author\/equipe-meu-site-juridico\/\"}]}<\/script>\n<!-- \/ Yoast SEO plugin. -->","yoast_head_json":{"title":"\u00c9 poss\u00edvel que lei delegada verse sobre Direito Penal incriminador? - Meu site jur\u00eddico","robots":{"index":"index","follow":"follow","max-snippet":"max-snippet:-1","max-image-preview":"max-image-preview:large","max-video-preview":"max-video-preview:-1"},"canonical":"https:\/\/meusitejuridico.editorajuspodivm.com.br\/2018\/03\/13\/e-possivel-que-lei-delegada-verse-sobre-direito-penal-incriminador\/","og_locale":"pt_BR","og_type":"article","og_title":"\u00c9 poss\u00edvel que lei delegada verse sobre Direito Penal incriminador? - Meu site jur\u00eddico","og_description":"\u00c9 inadmiss\u00edvel, com fundamento no artigo 68, \u00a71\u00ba, CF\/88, que a lei delegada verse sobre Direito Penal, uma vez que a reda\u00e7\u00e3o do dispositivo, a um s\u00f3 tempo, impede a delega\u00e7\u00e3o de atos de compet\u00eancia exclusiva do Congresso Nacional e veda que a lei delegada discipline direitos individuais, mat\u00e9ria \u00ednsita a toda norma penal.","og_url":"https:\/\/meusitejuridico.editorajuspodivm.com.br\/2018\/03\/13\/e-possivel-que-lei-delegada-verse-sobre-direito-penal-incriminador\/","og_site_name":"Meu site jur\u00eddico","article_published_time":"2018-03-13T12:40:56+00:00","og_image":[{"width":4500,"height":3375,"url":"https:\/\/meusitejuridico.editorajuspodivm.com.br\/s.meusitejuridico\/2017\/09\/fdf7a806-shutterstock-48237328.jpg","type":"image\/jpeg"}],"author":"Equipe Meu Site Jur\u00eddico","twitter_card":"summary_large_image","twitter_misc":{"Escrito por":"Equipe Meu Site Jur\u00eddico","Est. tempo de leitura":"1 minuto"},"schema":{"@context":"https:\/\/schema.org","@graph":[{"@type":"Article","@id":"https:\/\/meusitejuridico.editorajuspodivm.com.br\/2018\/03\/13\/e-possivel-que-lei-delegada-verse-sobre-direito-penal-incriminador\/#article","isPartOf":{"@id":"https:\/\/meusitejuridico.editorajuspodivm.com.br\/2018\/03\/13\/e-possivel-que-lei-delegada-verse-sobre-direito-penal-incriminador\/"},"author":{"name":"Equipe Meu Site Jur\u00eddico","@id":"https:\/\/meusitejuridico.editorajuspodivm.com.br\/#\/schema\/person\/5c2237ac0c8ff03bcf1a09fe3e45dfce"},"headline":"\u00c9 poss\u00edvel que lei delegada verse sobre Direito Penal incriminador?","datePublished":"2018-03-13T12:40:56+00:00","mainEntityOfPage":{"@id":"https:\/\/meusitejuridico.editorajuspodivm.com.br\/2018\/03\/13\/e-possivel-que-lei-delegada-verse-sobre-direito-penal-incriminador\/"},"wordCount":187,"commentCount":2,"publisher":{"@id":"https:\/\/meusitejuridico.editorajuspodivm.com.br\/#organization"},"image":{"@id":"https:\/\/meusitejuridico.editorajuspodivm.com.br\/2018\/03\/13\/e-possivel-que-lei-delegada-verse-sobre-direito-penal-incriminador\/#primaryimage"},"thumbnailUrl":"https:\/\/webmail.meusitejuridico.com.br\/s.meusitejuridico\/2017\/09\/fdf7a806-shutterstock-48237328.jpg","keywords":["Direito Penal","legalidade","lei delegada","reserva legal"],"articleSection":["Material de aula","Perguntas e Respostas"],"inLanguage":"pt-BR","potentialAction":[{"@type":"CommentAction","name":"Comment","target":["https:\/\/meusitejuridico.editorajuspodivm.com.br\/2018\/03\/13\/e-possivel-que-lei-delegada-verse-sobre-direito-penal-incriminador\/#respond"]}]},{"@type":"WebPage","@id":"https:\/\/meusitejuridico.editorajuspodivm.com.br\/2018\/03\/13\/e-possivel-que-lei-delegada-verse-sobre-direito-penal-incriminador\/","url":"https:\/\/meusitejuridico.editorajuspodivm.com.br\/2018\/03\/13\/e-possivel-que-lei-delegada-verse-sobre-direito-penal-incriminador\/","name":"\u00c9 poss\u00edvel que lei delegada verse sobre Direito Penal incriminador? - Meu site jur\u00eddico","isPartOf":{"@id":"https:\/\/meusitejuridico.editorajuspodivm.com.br\/#website"},"primaryImageOfPage":{"@id":"https:\/\/meusitejuridico.editorajuspodivm.com.br\/2018\/03\/13\/e-possivel-que-lei-delegada-verse-sobre-direito-penal-incriminador\/#primaryimage"},"image":{"@id":"https:\/\/meusitejuridico.editorajuspodivm.com.br\/2018\/03\/13\/e-possivel-que-lei-delegada-verse-sobre-direito-penal-incriminador\/#primaryimage"},"thumbnailUrl":"https:\/\/webmail.meusitejuridico.com.br\/s.meusitejuridico\/2017\/09\/fdf7a806-shutterstock-48237328.jpg","datePublished":"2018-03-13T12:40:56+00:00","breadcrumb":{"@id":"https:\/\/meusitejuridico.editorajuspodivm.com.br\/2018\/03\/13\/e-possivel-que-lei-delegada-verse-sobre-direito-penal-incriminador\/#breadcrumb"},"inLanguage":"pt-BR","potentialAction":[{"@type":"ReadAction","target":["https:\/\/meusitejuridico.editorajuspodivm.com.br\/2018\/03\/13\/e-possivel-que-lei-delegada-verse-sobre-direito-penal-incriminador\/"]}]},{"@type":"ImageObject","inLanguage":"pt-BR","@id":"https:\/\/meusitejuridico.editorajuspodivm.com.br\/2018\/03\/13\/e-possivel-que-lei-delegada-verse-sobre-direito-penal-incriminador\/#primaryimage","url":"https:\/\/webmail.meusitejuridico.com.br\/s.meusitejuridico\/2017\/09\/fdf7a806-shutterstock-48237328.jpg","contentUrl":"https:\/\/webmail.meusitejuridico.com.br\/s.meusitejuridico\/2017\/09\/fdf7a806-shutterstock-48237328.jpg","width":4500,"height":3375},{"@type":"BreadcrumbList","@id":"https:\/\/meusitejuridico.editorajuspodivm.com.br\/2018\/03\/13\/e-possivel-que-lei-delegada-verse-sobre-direito-penal-incriminador\/#breadcrumb","itemListElement":[{"@type":"ListItem","position":1,"name":"In\u00edcio","item":"https:\/\/meusitejuridico.editorajuspodivm.com.br\/"},{"@type":"ListItem","position":2,"name":"\u00c9 poss\u00edvel que lei delegada verse sobre Direito Penal incriminador?"}]},{"@type":"WebSite","@id":"https:\/\/meusitejuridico.editorajuspodivm.com.br\/#website","url":"https:\/\/meusitejuridico.editorajuspodivm.com.br\/","name":"Meu site jur\u00eddico","description":"Meu site jur\u00eddico","publisher":{"@id":"https:\/\/meusitejuridico.editorajuspodivm.com.br\/#organization"},"potentialAction":[{"@type":"SearchAction","target":{"@type":"EntryPoint","urlTemplate":"https:\/\/meusitejuridico.editorajuspodivm.com.br\/?s={search_term_string}"},"query-input":{"@type":"PropertyValueSpecification","valueRequired":true,"valueName":"search_term_string"}}],"inLanguage":"pt-BR"},{"@type":"Organization","@id":"https:\/\/meusitejuridico.editorajuspodivm.com.br\/#organization","name":"Meu site jur\u00eddico","url":"https:\/\/meusitejuridico.editorajuspodivm.com.br\/","logo":{"@type":"ImageObject","inLanguage":"pt-BR","@id":"https:\/\/meusitejuridico.editorajuspodivm.com.br\/#\/schema\/logo\/image\/","url":"https:\/\/webmail.meusitejuridico.com.br\/s.meusitejuridico\/2022\/03\/cropped-baeec2a3-msj-02-01-01.png","contentUrl":"https:\/\/webmail.meusitejuridico.com.br\/s.meusitejuridico\/2022\/03\/cropped-baeec2a3-msj-02-01-01.png","width":349,"height":243,"caption":"Meu site jur\u00eddico"},"image":{"@id":"https:\/\/meusitejuridico.editorajuspodivm.com.br\/#\/schema\/logo\/image\/"}},{"@type":"Person","@id":"https:\/\/meusitejuridico.editorajuspodivm.com.br\/#\/schema\/person\/5c2237ac0c8ff03bcf1a09fe3e45dfce","name":"Equipe Meu Site Jur\u00eddico","image":{"@type":"ImageObject","inLanguage":"pt-BR","@id":"https:\/\/meusitejuridico.editorajuspodivm.com.br\/#\/schema\/person\/image\/","url":"https:\/\/webmail.meusitejuridico.com.br\/s.meusitejuridico\/2020\/07\/6be289aa-logo-msj.png","contentUrl":"https:\/\/webmail.meusitejuridico.com.br\/s.meusitejuridico\/2020\/07\/6be289aa-logo-msj.png","caption":"Equipe Meu Site Jur\u00eddico"},"description":"Contem conosco!","url":"https:\/\/webmail.meusitejuridico.com.br\/author\/equipe-meu-site-juridico\/"}]}},"_links":{"self":[{"href":"https:\/\/webmail.meusitejuridico.com.br\/api\/wp\/v2\/posts\/4767","targetHints":{"allow":["GET"]}}],"collection":[{"href":"https:\/\/webmail.meusitejuridico.com.br\/api\/wp\/v2\/posts"}],"about":[{"href":"https:\/\/webmail.meusitejuridico.com.br\/api\/wp\/v2\/types\/post"}],"author":[{"embeddable":true,"href":"https:\/\/webmail.meusitejuridico.com.br\/api\/wp\/v2\/users\/7"}],"replies":[{"embeddable":true,"href":"https:\/\/webmail.meusitejuridico.com.br\/api\/wp\/v2\/comments?post=4767"}],"version-history":[{"count":3,"href":"https:\/\/webmail.meusitejuridico.com.br\/api\/wp\/v2\/posts\/4767\/revisions"}],"predecessor-version":[{"id":4770,"href":"https:\/\/webmail.meusitejuridico.com.br\/api\/wp\/v2\/posts\/4767\/revisions\/4770"}],"wp:featuredmedia":[{"embeddable":true,"href":"https:\/\/webmail.meusitejuridico.com.br\/api\/wp\/v2\/media\/3432"}],"wp:attachment":[{"href":"https:\/\/webmail.meusitejuridico.com.br\/api\/wp\/v2\/media?parent=4767"}],"wp:term":[{"taxonomy":"category","embeddable":true,"href":"https:\/\/webmail.meusitejuridico.com.br\/api\/wp\/v2\/categories?post=4767"},{"taxonomy":"post_tag","embeddable":true,"href":"https:\/\/webmail.meusitejuridico.com.br\/api\/wp\/v2\/tags?post=4767"}],"curies":[{"name":"wp","href":"https:\/\/api.w.org\/{rel}","templated":true}]}}