{"id":4762,"date":"2018-03-12T15:23:41","date_gmt":"2018-03-12T18:23:41","guid":{"rendered":"https:\/\/meusitejuridico.com.br\/?p=4762"},"modified":"2018-03-12T15:23:41","modified_gmt":"2018-03-12T18:23:41","slug":"mp-82118-quem-compete-autorizardeterminar-atuacao-da-policia-federal","status":"publish","type":"post","link":"https:\/\/webmail.meusitejuridico.com.br\/2018\/03\/12\/mp-82118-quem-compete-autorizardeterminar-atuacao-da-policia-federal\/","title":{"rendered":"MP 821\/18: A quem compete autorizar\/determinar a atua\u00e7\u00e3o da Pol\u00edcia Federal?"},"content":{"rendered":"<p>Foi publicada, no dia 27 de fevereiro de 2018, a Medida Provis\u00f3ria 821, que criou o Minist\u00e9rio Extraordin\u00e1rio da<a href=\"https:\/\/play.google.com\/store\/apps\/details?id=com.app.meuappjuridico&amp;hl=pt\" target=\"_blank\" rel=\"noopener\"><img decoding=\"async\" class=\"alignright wp-image-4610 size-medium\" src=\"https:\/\/s3.meusitejuridico.com.br\/2018\/02\/3cdb1249-banner-app-300x166.jpeg\" alt=\"\" width=\"300\" height=\"166\" srcset=\"https:\/\/webmail.meusitejuridico.com.br\/s.meusitejuridico\/2018\/02\/3cdb1249-banner-app-300x166.jpeg 300w, https:\/\/webmail.meusitejuridico.com.br\/s.meusitejuridico\/2018\/02\/3cdb1249-banner-app-768x424.jpeg 768w, https:\/\/webmail.meusitejuridico.com.br\/s.meusitejuridico\/2018\/02\/3cdb1249-banner-app-1024x566.jpeg 1024w, https:\/\/webmail.meusitejuridico.com.br\/s.meusitejuridico\/2018\/02\/3cdb1249-banner-app-80x44.jpeg 80w, https:\/\/webmail.meusitejuridico.com.br\/s.meusitejuridico\/2018\/02\/3cdb1249-banner-app.jpeg 1140w\" sizes=\"(max-width: 300px) 100vw, 300px\" \/><\/a> Seguran\u00e7a P\u00fablica. O ato normativo alterou a <a href=\"http:\/\/www.planalto.gov.br\/ccivil_03\/_ato2015-2018\/2017\/lei\/L13502.htm\" target=\"_blank\" rel=\"noopener\">Lei 13.502\/17<\/a>, que trata da organiza\u00e7\u00e3o b\u00e1sica dos \u00f3rg\u00e3os da Presid\u00eancia da Rep\u00fablica e dos Minist\u00e9rios.<\/p>\n<p>Nos termos da referida MP, a Pol\u00edcia Federal passou a fazer parte do novel Minist\u00e9rio (deixando o Minist\u00e9rio da Justi\u00e7a).<\/p>\n<p>Com a altera\u00e7\u00e3o, surge o questionamento: a atribui\u00e7\u00e3o para determinar\/autorizar a atua\u00e7\u00e3o da Pol\u00edcia Federal na apura\u00e7\u00e3o de infra\u00e7\u00f5es penais n\u00e3o listadas nos incisos I a VI, do artigo 1\u00ba, da <a href=\"http:\/\/www.planalto.gov.br\/ccivil_03\/leis\/2002\/L10446.htm\" target=\"_blank\" rel=\"noopener\">Lei 10.446\/02<\/a>, quando houver repercuss\u00e3o interestadual ou internacional que exija repress\u00e3o uniforme (nos termos do artigo 144, \u00a7 1\u00ba, I, da Constitui\u00e7\u00e3o Federal) permanece com o Ministro da Justi\u00e7a ou passou para o Ministro Extraordin\u00e1rio da Seguran\u00e7a P\u00fablica?<\/p>\n<p>Em primeiro lugar, cumpre deixar claro que a atua\u00e7\u00e3o da Pol\u00edcia Federal na investiga\u00e7\u00e3o dos crimes listados nos incisos I a VI, do artigo 1\u00ba, da Lei 10.446\/02, n\u00e3o necessita de autoriza\u00e7\u00e3o ou determina\u00e7\u00e3o do Ministro (da Justi\u00e7a ou da Seguran\u00e7a P\u00fablica, a depender de como ser\u00e1 respondido o questionamento supra). Isso porque, depois de listar os crimes que poder\u00e3o ser investigados pela Pol\u00edcia Federal nos casos em que houver repercuss\u00e3o interestadual ou internacional que exija repress\u00e3o uniforme, o mandamento legal, no par\u00e1grafo \u00fanico do artigo 1\u00ba, afirma da necessidade de autoriza\u00e7\u00e3o\/determina\u00e7\u00e3o do Ministro da Justi\u00e7a (ou da Seguran\u00e7a P\u00fablica?) para apura\u00e7\u00e3o de <strong><u>outras infra\u00e7\u00f5es penais<\/u><\/strong>, que n\u00e3o as enumeradas nos incisos (o grifo \u00e9 meu):<\/p>\n<p>Art. 1<u><sup>o<\/sup><\/u>\u00a0Na forma do\u00a0inciso I do \u00a7 1<sup>o<\/sup>\u00a0do art. 144 da Constitui\u00e7\u00e3o, quando houver repercuss\u00e3o interestadual ou internacional que exija repress\u00e3o uniforme, poder\u00e1 o Departamento de Pol\u00edcia Federal do Minist\u00e9rio da Justi\u00e7a, sem preju\u00edzo da responsabilidade dos \u00f3rg\u00e3os de seguran\u00e7a p\u00fablica arrolados no\u00a0art. 144 da Constitui\u00e7\u00e3o Federal, em especial das Pol\u00edcias Militares e Civis dos Estados, proceder \u00e0 investiga\u00e7\u00e3o, dentre outras, das seguintes infra\u00e7\u00f5es penais:<\/p>\n<p>I \u2013 sequestro, c\u00e1rcere privado e extors\u00e3o mediante sequestro (arts. 148\u00a0e\u00a0159 do C\u00f3digo Penal), se o agente foi impelido por motiva\u00e7\u00e3o pol\u00edtica ou quando praticado em raz\u00e3o da fun\u00e7\u00e3o p\u00fablica exercida pela v\u00edtima;<\/p>\n<p>II \u2013 forma\u00e7\u00e3o de cartel (incisos I, a, II, III\u00a0e\u00a0VII do art. 4\u00ba da Lei n\u00ba 8.137, de 27 de dezembro de 1990); e<\/p>\n<p>III \u2013 relativas \u00e0 viola\u00e7\u00e3o a direitos humanos, que a Rep\u00fablica Federativa do Brasil se comprometeu a reprimir em decorr\u00eancia de tratados internacionais de que seja parte; e<\/p>\n<p>IV \u2013 furto, roubo ou recepta\u00e7\u00e3o de cargas, inclusive bens e valores, transportadas em opera\u00e7\u00e3o interestadual ou internacional, quando houver ind\u00edcios da atua\u00e7\u00e3o de quadrilha ou bando em mais de um Estado da Federa\u00e7\u00e3o.<\/p>\n<p>V &#8211; falsifica\u00e7\u00e3o, corrup\u00e7\u00e3o, adultera\u00e7\u00e3o ou altera\u00e7\u00e3o de produto destinado a fins terap\u00eauticos ou medicinais e venda, inclusive pela internet, dep\u00f3sito ou distribui\u00e7\u00e3o do produto falsificado, corrompido, adulterado ou alterado\u00a0(art. 273 do Decreto-Lei n\u00ba 2.848, de 7 de dezembro de 1940 &#8211; C\u00f3digo Penal).<\/p>\n<p>VI &#8211; furto, roubo ou dano contra institui\u00e7\u00f5es financeiras, incluindo ag\u00eancias banc\u00e1rias ou caixas eletr\u00f4nicos, quando houver ind\u00edcios da atua\u00e7\u00e3o de associa\u00e7\u00e3o criminosa em mais de um Estado da Federa\u00e7\u00e3o.<\/p>\n<p>Par\u00e1grafo \u00fanico. Atendidos os pressupostos do\u00a0caput, o Departamento de Pol\u00edcia Federal proceder\u00e1 \u00e0 apura\u00e7\u00e3o de <strong><u>outros casos<\/u><\/strong>, desde que tal provid\u00eancia seja autorizada ou determinada pelo Ministro de Estado da Justi\u00e7a.<\/p>\n<p>Analisemos o artigo 144, \u00a7 1\u00ba, I, da Carta da Rep\u00fablica:<\/p>\n<p>Art. 144. A seguran\u00e7a p\u00fablica, dever do Estado, direito e responsabilidade de todos, \u00e9 exercida para a preserva\u00e7\u00e3o da ordem p\u00fablica e da incolumidade das pessoas e do patrim\u00f4nio, atrav\u00e9s dos seguintes \u00f3rg\u00e3os:<\/p>\n<p>I &#8211; pol\u00edcia federal;<\/p>\n<p>(&#8230;)<\/p>\n<p>1\u00ba A pol\u00edcia federal, institu\u00edda por lei como \u00f3rg\u00e3o permanente, organizado e mantido pela Uni\u00e3o e estruturado em carreira, destina-se a:<\/p>\n<p>I &#8211; apurar infra\u00e7\u00f5es penais contra a ordem pol\u00edtica e social ou em detrimento de bens, servi\u00e7os e interesses da Uni\u00e3o ou de suas entidades aut\u00e1rquicas e empresas p\u00fablicas, assim como outras infra\u00e7\u00f5es cuja pr\u00e1tica tenha repercuss\u00e3o interestadual ou internacional e exija repress\u00e3o uniforme, segundo se dispuser em lei;<\/p>\n<p>Nos termos do artigo 40-B da Lei 13.502\/17, alterado pela MP 821\/18, nota-se a migra\u00e7\u00e3o da Pol\u00edcia Federal para o Minist\u00e9rio da Seguran\u00e7a P\u00fablica (grifo meu):<\/p>\n<p>Art. 40-B.\u00a0 <strong><u>Integram a estrutura b\u00e1sica do Minist\u00e9rio Extraordin\u00e1rio da Seguran\u00e7a P\u00fablica o Departamento de Pol\u00edcia Federal<\/u><\/strong>, o Departamento de Pol\u00edcia Rodovi\u00e1ria Federal, o Departamento Penitenci\u00e1rio Nacional, o Conselho Nacional de Seguran\u00e7a P\u00fablica, o Conselho Nacional de Pol\u00edtica Criminal e Penitenci\u00e1ria, a Secretaria Nacional de Seguran\u00e7a P\u00fablica e at\u00e9 uma Secretaria.<\/p>\n<p>Nos termos do artigo 40-A da Lei 13.502\/17, tamb\u00e9m alterado pela MP 821\/18:<\/p>\n<p>Art. 40-A.\u00a0\u00a0Compete ao Minist\u00e9rio Extraordin\u00e1rio da Seguran\u00e7a P\u00fablica:<\/p>\n<p>(&#8230;)<\/p>\n<p>II &#8211; exercer:<\/p>\n<p>a) a compet\u00eancia prevista no\u00a0art. 144, \u00a7 1\u00ba, incisos I a IV, da Constitui\u00e7\u00e3o, por meio da pol\u00edcia federal;<\/p>\n<p>Algumas constata\u00e7\u00f5es podem ser extra\u00eddas da an\u00e1lise de todos os dispositivos transcritos:<\/p>\n<p>A Pol\u00edcia Federal passou a integrar a estrutura do Minist\u00e9rio Extraordin\u00e1rio da Seguran\u00e7a P\u00fablica;<\/p>\n<p>A Lei 10.446\/02 foi criada para regulamentar o artigo 144, \u00a7 1\u00ba, inciso I, da Constitui\u00e7\u00e3o Federal;<\/p>\n<p>Compete ao novel Minist\u00e9rio Extraordin\u00e1rio da Seguran\u00e7a P\u00fablica o exerc\u00edcio da compet\u00eancia estatu\u00edda pelo artigo 144, \u00a7 1\u00ba, incisos I a IV, da Constitui\u00e7\u00e3o Federal, por meio da Pol\u00edcia Federal;<\/p>\n<p>Destarte, com fulcro nas breves raz\u00f5es lan\u00e7adas supra, parece ter havido altera\u00e7\u00e3o t\u00e1cita do par\u00e1grafo \u00fanico, do artigo 1\u00ba, da Lei 10.446\/02, pela Medida Provis\u00f3ria 821\/18, no sentido de transferir para o Ministro Extraordin\u00e1rio da Seguran\u00e7a P\u00fablica a compet\u00eancia para autoriza\u00e7\u00e3o\/determina\u00e7\u00e3o de atua\u00e7\u00e3o da Pol\u00edcia Federal na investiga\u00e7\u00e3o de outros crimes que n\u00e3o os listados nos incisos I a VI (porque para estes n\u00e3o \u00e9 necess\u00e1ria autoriza\u00e7\u00e3o\/determina\u00e7\u00e3o, podendo a Pol\u00edcia Federal agir de of\u00edcio, como dito supra), do artigo 1\u00ba, de referido mandamento legal, quando houver repercuss\u00e3o interestadual ou internacional que exija repress\u00e3o uniforme.<\/p>\n","protected":false},"excerpt":{"rendered":"<p>Foi publicada, no dia 27 de fevereiro de 2018, a Medida Provis\u00f3ria 821, que criou o Minist\u00e9rio Extraordin\u00e1rio da Seguran\u00e7a P\u00fablica. O ato normativo alterou a Lei 13.502\/17, que trata da organiza\u00e7\u00e3o b\u00e1sica dos \u00f3rg\u00e3os da Presid\u00eancia da Rep\u00fablica e dos Minist\u00e9rios. Nos termos da referida MP, a Pol\u00edcia Federal passou a fazer parte do [&hellip;]<\/p>\n","protected":false},"author":21,"featured_media":4763,"comment_status":"open","ping_status":"open","sticky":false,"template":"","format":"standard","meta":{"_acf_changed":false,"footnotes":""},"categories":[1,114],"tags":[1494,1493,366],"class_list":["post-4762","post","type-post","status-publish","format-standard","has-post-thumbnail","hentry","category-artigos","category-direito-processual-penal","tag-ministerio-da-seguranca","tag-mp-82118","tag-policia-federal"],"acf":[],"yoast_head":"<!-- This site is optimized with the Yoast SEO plugin v24.8.1 - https:\/\/yoast.com\/wordpress\/plugins\/seo\/ -->\n<title>MP 821\/18: A quem compete autorizar\/determinar a atua\u00e7\u00e3o da Pol\u00edcia Federal? - Meu site jur\u00eddico<\/title>\n<meta name=\"robots\" content=\"index, follow, max-snippet:-1, max-image-preview:large, max-video-preview:-1\" \/>\n<link rel=\"canonical\" href=\"https:\/\/cdn.meusitejuridico.com.br\/2018\/03\/12\/mp-82118-quem-compete-autorizardeterminar-atuacao-da-policia-federal\/\" \/>\n<meta property=\"og:locale\" content=\"pt_BR\" \/>\n<meta property=\"og:type\" content=\"article\" \/>\n<meta property=\"og:title\" content=\"MP 821\/18: A quem compete autorizar\/determinar a atua\u00e7\u00e3o da Pol\u00edcia Federal? - Meu site jur\u00eddico\" \/>\n<meta property=\"og:description\" content=\"Foi publicada, no dia 27 de fevereiro de 2018, a Medida Provis\u00f3ria 821, que criou o Minist\u00e9rio Extraordin\u00e1rio da Seguran\u00e7a P\u00fablica. O ato normativo alterou a Lei 13.502\/17, que trata da organiza\u00e7\u00e3o b\u00e1sica dos \u00f3rg\u00e3os da Presid\u00eancia da Rep\u00fablica e dos Minist\u00e9rios. Nos termos da referida MP, a Pol\u00edcia Federal passou a fazer parte do [&hellip;]\" \/>\n<meta property=\"og:url\" content=\"https:\/\/cdn.meusitejuridico.com.br\/2018\/03\/12\/mp-82118-quem-compete-autorizardeterminar-atuacao-da-policia-federal\/\" \/>\n<meta property=\"og:site_name\" content=\"Meu site jur\u00eddico\" \/>\n<meta property=\"article:published_time\" content=\"2018-03-12T18:23:41+00:00\" \/>\n<meta property=\"og:image\" content=\"https:\/\/cdn.meusitejuridico.com.br\/s.meusitejuridico\/2018\/03\/75fd2d75-shutterstock-424331134.jpg\" \/>\n\t<meta property=\"og:image:width\" content=\"1000\" \/>\n\t<meta property=\"og:image:height\" content=\"668\" \/>\n\t<meta property=\"og:image:type\" content=\"image\/jpeg\" \/>\n<meta name=\"author\" content=\"Marcio Alberto Gomes Silva\" \/>\n<meta name=\"twitter:card\" content=\"summary_large_image\" \/>\n<meta name=\"twitter:label1\" content=\"Escrito por\" \/>\n\t<meta name=\"twitter:data1\" content=\"Marcio Alberto Gomes Silva\" \/>\n\t<meta name=\"twitter:label2\" content=\"Est. tempo de leitura\" \/>\n\t<meta name=\"twitter:data2\" content=\"5 minutos\" \/>\n<script type=\"application\/ld+json\" class=\"yoast-schema-graph\">{\"@context\":\"https:\/\/schema.org\",\"@graph\":[{\"@type\":\"Article\",\"@id\":\"https:\/\/cdn.meusitejuridico.com.br\/2018\/03\/12\/mp-82118-quem-compete-autorizardeterminar-atuacao-da-policia-federal\/#article\",\"isPartOf\":{\"@id\":\"https:\/\/cdn.meusitejuridico.com.br\/2018\/03\/12\/mp-82118-quem-compete-autorizardeterminar-atuacao-da-policia-federal\/\"},\"author\":{\"name\":\"Marcio Alberto Gomes Silva\",\"@id\":\"https:\/\/meusitejuridico.editorajuspodivm.com.br\/#\/schema\/person\/4dc7de8c0b70fdd784ccdfdeacd62e28\"},\"headline\":\"MP 821\/18: A quem compete autorizar\/determinar a atua\u00e7\u00e3o da Pol\u00edcia Federal?\",\"datePublished\":\"2018-03-12T18:23:41+00:00\",\"mainEntityOfPage\":{\"@id\":\"https:\/\/cdn.meusitejuridico.com.br\/2018\/03\/12\/mp-82118-quem-compete-autorizardeterminar-atuacao-da-policia-federal\/\"},\"wordCount\":1109,\"commentCount\":1,\"publisher\":{\"@id\":\"https:\/\/meusitejuridico.editorajuspodivm.com.br\/#organization\"},\"image\":{\"@id\":\"https:\/\/cdn.meusitejuridico.com.br\/2018\/03\/12\/mp-82118-quem-compete-autorizardeterminar-atuacao-da-policia-federal\/#primaryimage\"},\"thumbnailUrl\":\"https:\/\/webmail.meusitejuridico.com.br\/s.meusitejuridico\/2018\/03\/75fd2d75-shutterstock-424331134.jpg\",\"keywords\":[\"Minist\u00e9rio da Seguran\u00e7a\",\"MP 821\/18\",\"Pol\u00edcia Federal\"],\"articleSection\":[\"Artigos\",\"Direito Processual Penal\"],\"inLanguage\":\"pt-BR\",\"potentialAction\":[{\"@type\":\"CommentAction\",\"name\":\"Comment\",\"target\":[\"https:\/\/cdn.meusitejuridico.com.br\/2018\/03\/12\/mp-82118-quem-compete-autorizardeterminar-atuacao-da-policia-federal\/#respond\"]}]},{\"@type\":\"WebPage\",\"@id\":\"https:\/\/cdn.meusitejuridico.com.br\/2018\/03\/12\/mp-82118-quem-compete-autorizardeterminar-atuacao-da-policia-federal\/\",\"url\":\"https:\/\/cdn.meusitejuridico.com.br\/2018\/03\/12\/mp-82118-quem-compete-autorizardeterminar-atuacao-da-policia-federal\/\",\"name\":\"MP 821\/18: A quem compete autorizar\/determinar a atua\u00e7\u00e3o da Pol\u00edcia Federal? - Meu site jur\u00eddico\",\"isPartOf\":{\"@id\":\"https:\/\/meusitejuridico.editorajuspodivm.com.br\/#website\"},\"primaryImageOfPage\":{\"@id\":\"https:\/\/cdn.meusitejuridico.com.br\/2018\/03\/12\/mp-82118-quem-compete-autorizardeterminar-atuacao-da-policia-federal\/#primaryimage\"},\"image\":{\"@id\":\"https:\/\/cdn.meusitejuridico.com.br\/2018\/03\/12\/mp-82118-quem-compete-autorizardeterminar-atuacao-da-policia-federal\/#primaryimage\"},\"thumbnailUrl\":\"https:\/\/webmail.meusitejuridico.com.br\/s.meusitejuridico\/2018\/03\/75fd2d75-shutterstock-424331134.jpg\",\"datePublished\":\"2018-03-12T18:23:41+00:00\",\"breadcrumb\":{\"@id\":\"https:\/\/cdn.meusitejuridico.com.br\/2018\/03\/12\/mp-82118-quem-compete-autorizardeterminar-atuacao-da-policia-federal\/#breadcrumb\"},\"inLanguage\":\"pt-BR\",\"potentialAction\":[{\"@type\":\"ReadAction\",\"target\":[\"https:\/\/cdn.meusitejuridico.com.br\/2018\/03\/12\/mp-82118-quem-compete-autorizardeterminar-atuacao-da-policia-federal\/\"]}]},{\"@type\":\"ImageObject\",\"inLanguage\":\"pt-BR\",\"@id\":\"https:\/\/cdn.meusitejuridico.com.br\/2018\/03\/12\/mp-82118-quem-compete-autorizardeterminar-atuacao-da-policia-federal\/#primaryimage\",\"url\":\"https:\/\/webmail.meusitejuridico.com.br\/s.meusitejuridico\/2018\/03\/75fd2d75-shutterstock-424331134.jpg\",\"contentUrl\":\"https:\/\/webmail.meusitejuridico.com.br\/s.meusitejuridico\/2018\/03\/75fd2d75-shutterstock-424331134.jpg\",\"width\":1000,\"height\":668},{\"@type\":\"BreadcrumbList\",\"@id\":\"https:\/\/cdn.meusitejuridico.com.br\/2018\/03\/12\/mp-82118-quem-compete-autorizardeterminar-atuacao-da-policia-federal\/#breadcrumb\",\"itemListElement\":[{\"@type\":\"ListItem\",\"position\":1,\"name\":\"In\u00edcio\",\"item\":\"https:\/\/meusitejuridico.editorajuspodivm.com.br\/\"},{\"@type\":\"ListItem\",\"position\":2,\"name\":\"MP 821\/18: A quem compete autorizar\/determinar a atua\u00e7\u00e3o da Pol\u00edcia Federal?\"}]},{\"@type\":\"WebSite\",\"@id\":\"https:\/\/meusitejuridico.editorajuspodivm.com.br\/#website\",\"url\":\"https:\/\/meusitejuridico.editorajuspodivm.com.br\/\",\"name\":\"Meu site jur\u00eddico\",\"description\":\"Meu site jur\u00eddico\",\"publisher\":{\"@id\":\"https:\/\/meusitejuridico.editorajuspodivm.com.br\/#organization\"},\"potentialAction\":[{\"@type\":\"SearchAction\",\"target\":{\"@type\":\"EntryPoint\",\"urlTemplate\":\"https:\/\/meusitejuridico.editorajuspodivm.com.br\/?s={search_term_string}\"},\"query-input\":{\"@type\":\"PropertyValueSpecification\",\"valueRequired\":true,\"valueName\":\"search_term_string\"}}],\"inLanguage\":\"pt-BR\"},{\"@type\":\"Organization\",\"@id\":\"https:\/\/meusitejuridico.editorajuspodivm.com.br\/#organization\",\"name\":\"Meu site jur\u00eddico\",\"url\":\"https:\/\/meusitejuridico.editorajuspodivm.com.br\/\",\"logo\":{\"@type\":\"ImageObject\",\"inLanguage\":\"pt-BR\",\"@id\":\"https:\/\/meusitejuridico.editorajuspodivm.com.br\/#\/schema\/logo\/image\/\",\"url\":\"https:\/\/webmail.meusitejuridico.com.br\/s.meusitejuridico\/2022\/03\/cropped-baeec2a3-msj-02-01-01.png\",\"contentUrl\":\"https:\/\/webmail.meusitejuridico.com.br\/s.meusitejuridico\/2022\/03\/cropped-baeec2a3-msj-02-01-01.png\",\"width\":349,\"height\":243,\"caption\":\"Meu site jur\u00eddico\"},\"image\":{\"@id\":\"https:\/\/meusitejuridico.editorajuspodivm.com.br\/#\/schema\/logo\/image\/\"}},{\"@type\":\"Person\",\"@id\":\"https:\/\/meusitejuridico.editorajuspodivm.com.br\/#\/schema\/person\/4dc7de8c0b70fdd784ccdfdeacd62e28\",\"name\":\"Marcio Alberto Gomes Silva\",\"image\":{\"@type\":\"ImageObject\",\"inLanguage\":\"pt-BR\",\"@id\":\"https:\/\/meusitejuridico.editorajuspodivm.com.br\/#\/schema\/person\/image\/\",\"url\":\"https:\/\/webmail.meusitejuridico.com.br\/s.meusitejuridico\/2017\/06\/62080e8c-captura-de-tela-2017-06-01-as-84334-am-150x150.png\",\"contentUrl\":\"https:\/\/webmail.meusitejuridico.com.br\/s.meusitejuridico\/2017\/06\/62080e8c-captura-de-tela-2017-06-01-as-84334-am-150x150.png\",\"caption\":\"Marcio Alberto Gomes Silva\"},\"description\":\"Delegado de Pol\u00edcia Federal, Professor do CERS. Mestre em Direito P\u00fablico pela UFS, especialista em Ci\u00eancias Criminais pela UNAMA\/UVB, especialista em Intelig\u00eancia Policial pela ESP\/ANP, autor dos livros Pr\u00e1tica Penal para Delegado de Pol\u00edcia (publicado pela editora JusPodivm) Inqu\u00e9rito Policial \u2013 Uma an\u00e1lise jur\u00eddica e pr\u00e1tica da fase pr\u00e9-processual (publicado pela editora JusPodivm), Organiza\u00e7\u00f5es Criminosas \u2013 Uma an\u00e1lise jur\u00eddica e pragm\u00e1tica da Lei 12.850\/13 (publicado pela editora Lumen Juris) e Busca e Apreens\u00e3o \u2013 Doutrina e Pr\u00e1tica (publicado pela editora Mallet).\",\"url\":\"https:\/\/webmail.meusitejuridico.com.br\/author\/marciomarcio-com-br\/\"}]}<\/script>\n<!-- \/ Yoast SEO plugin. -->","yoast_head_json":{"title":"MP 821\/18: A quem compete autorizar\/determinar a atua\u00e7\u00e3o da Pol\u00edcia Federal? - Meu site jur\u00eddico","robots":{"index":"index","follow":"follow","max-snippet":"max-snippet:-1","max-image-preview":"max-image-preview:large","max-video-preview":"max-video-preview:-1"},"canonical":"https:\/\/cdn.meusitejuridico.com.br\/2018\/03\/12\/mp-82118-quem-compete-autorizardeterminar-atuacao-da-policia-federal\/","og_locale":"pt_BR","og_type":"article","og_title":"MP 821\/18: A quem compete autorizar\/determinar a atua\u00e7\u00e3o da Pol\u00edcia Federal? - Meu site jur\u00eddico","og_description":"Foi publicada, no dia 27 de fevereiro de 2018, a Medida Provis\u00f3ria 821, que criou o Minist\u00e9rio Extraordin\u00e1rio da Seguran\u00e7a P\u00fablica. O ato normativo alterou a Lei 13.502\/17, que trata da organiza\u00e7\u00e3o b\u00e1sica dos \u00f3rg\u00e3os da Presid\u00eancia da Rep\u00fablica e dos Minist\u00e9rios. Nos termos da referida MP, a Pol\u00edcia Federal passou a fazer parte do [&hellip;]","og_url":"https:\/\/cdn.meusitejuridico.com.br\/2018\/03\/12\/mp-82118-quem-compete-autorizardeterminar-atuacao-da-policia-federal\/","og_site_name":"Meu site jur\u00eddico","article_published_time":"2018-03-12T18:23:41+00:00","og_image":[{"width":1000,"height":668,"url":"https:\/\/cdn.meusitejuridico.com.br\/s.meusitejuridico\/2018\/03\/75fd2d75-shutterstock-424331134.jpg","type":"image\/jpeg"}],"author":"Marcio Alberto Gomes Silva","twitter_card":"summary_large_image","twitter_misc":{"Escrito por":"Marcio Alberto Gomes Silva","Est. tempo de leitura":"5 minutos"},"schema":{"@context":"https:\/\/schema.org","@graph":[{"@type":"Article","@id":"https:\/\/cdn.meusitejuridico.com.br\/2018\/03\/12\/mp-82118-quem-compete-autorizardeterminar-atuacao-da-policia-federal\/#article","isPartOf":{"@id":"https:\/\/cdn.meusitejuridico.com.br\/2018\/03\/12\/mp-82118-quem-compete-autorizardeterminar-atuacao-da-policia-federal\/"},"author":{"name":"Marcio Alberto Gomes Silva","@id":"https:\/\/meusitejuridico.editorajuspodivm.com.br\/#\/schema\/person\/4dc7de8c0b70fdd784ccdfdeacd62e28"},"headline":"MP 821\/18: A quem compete autorizar\/determinar a atua\u00e7\u00e3o da Pol\u00edcia Federal?","datePublished":"2018-03-12T18:23:41+00:00","mainEntityOfPage":{"@id":"https:\/\/cdn.meusitejuridico.com.br\/2018\/03\/12\/mp-82118-quem-compete-autorizardeterminar-atuacao-da-policia-federal\/"},"wordCount":1109,"commentCount":1,"publisher":{"@id":"https:\/\/meusitejuridico.editorajuspodivm.com.br\/#organization"},"image":{"@id":"https:\/\/cdn.meusitejuridico.com.br\/2018\/03\/12\/mp-82118-quem-compete-autorizardeterminar-atuacao-da-policia-federal\/#primaryimage"},"thumbnailUrl":"https:\/\/webmail.meusitejuridico.com.br\/s.meusitejuridico\/2018\/03\/75fd2d75-shutterstock-424331134.jpg","keywords":["Minist\u00e9rio da Seguran\u00e7a","MP 821\/18","Pol\u00edcia Federal"],"articleSection":["Artigos","Direito Processual Penal"],"inLanguage":"pt-BR","potentialAction":[{"@type":"CommentAction","name":"Comment","target":["https:\/\/cdn.meusitejuridico.com.br\/2018\/03\/12\/mp-82118-quem-compete-autorizardeterminar-atuacao-da-policia-federal\/#respond"]}]},{"@type":"WebPage","@id":"https:\/\/cdn.meusitejuridico.com.br\/2018\/03\/12\/mp-82118-quem-compete-autorizardeterminar-atuacao-da-policia-federal\/","url":"https:\/\/cdn.meusitejuridico.com.br\/2018\/03\/12\/mp-82118-quem-compete-autorizardeterminar-atuacao-da-policia-federal\/","name":"MP 821\/18: A quem compete autorizar\/determinar a atua\u00e7\u00e3o da Pol\u00edcia Federal? - Meu site jur\u00eddico","isPartOf":{"@id":"https:\/\/meusitejuridico.editorajuspodivm.com.br\/#website"},"primaryImageOfPage":{"@id":"https:\/\/cdn.meusitejuridico.com.br\/2018\/03\/12\/mp-82118-quem-compete-autorizardeterminar-atuacao-da-policia-federal\/#primaryimage"},"image":{"@id":"https:\/\/cdn.meusitejuridico.com.br\/2018\/03\/12\/mp-82118-quem-compete-autorizardeterminar-atuacao-da-policia-federal\/#primaryimage"},"thumbnailUrl":"https:\/\/webmail.meusitejuridico.com.br\/s.meusitejuridico\/2018\/03\/75fd2d75-shutterstock-424331134.jpg","datePublished":"2018-03-12T18:23:41+00:00","breadcrumb":{"@id":"https:\/\/cdn.meusitejuridico.com.br\/2018\/03\/12\/mp-82118-quem-compete-autorizardeterminar-atuacao-da-policia-federal\/#breadcrumb"},"inLanguage":"pt-BR","potentialAction":[{"@type":"ReadAction","target":["https:\/\/cdn.meusitejuridico.com.br\/2018\/03\/12\/mp-82118-quem-compete-autorizardeterminar-atuacao-da-policia-federal\/"]}]},{"@type":"ImageObject","inLanguage":"pt-BR","@id":"https:\/\/cdn.meusitejuridico.com.br\/2018\/03\/12\/mp-82118-quem-compete-autorizardeterminar-atuacao-da-policia-federal\/#primaryimage","url":"https:\/\/webmail.meusitejuridico.com.br\/s.meusitejuridico\/2018\/03\/75fd2d75-shutterstock-424331134.jpg","contentUrl":"https:\/\/webmail.meusitejuridico.com.br\/s.meusitejuridico\/2018\/03\/75fd2d75-shutterstock-424331134.jpg","width":1000,"height":668},{"@type":"BreadcrumbList","@id":"https:\/\/cdn.meusitejuridico.com.br\/2018\/03\/12\/mp-82118-quem-compete-autorizardeterminar-atuacao-da-policia-federal\/#breadcrumb","itemListElement":[{"@type":"ListItem","position":1,"name":"In\u00edcio","item":"https:\/\/meusitejuridico.editorajuspodivm.com.br\/"},{"@type":"ListItem","position":2,"name":"MP 821\/18: A quem compete autorizar\/determinar a atua\u00e7\u00e3o da Pol\u00edcia Federal?"}]},{"@type":"WebSite","@id":"https:\/\/meusitejuridico.editorajuspodivm.com.br\/#website","url":"https:\/\/meusitejuridico.editorajuspodivm.com.br\/","name":"Meu site jur\u00eddico","description":"Meu site jur\u00eddico","publisher":{"@id":"https:\/\/meusitejuridico.editorajuspodivm.com.br\/#organization"},"potentialAction":[{"@type":"SearchAction","target":{"@type":"EntryPoint","urlTemplate":"https:\/\/meusitejuridico.editorajuspodivm.com.br\/?s={search_term_string}"},"query-input":{"@type":"PropertyValueSpecification","valueRequired":true,"valueName":"search_term_string"}}],"inLanguage":"pt-BR"},{"@type":"Organization","@id":"https:\/\/meusitejuridico.editorajuspodivm.com.br\/#organization","name":"Meu site jur\u00eddico","url":"https:\/\/meusitejuridico.editorajuspodivm.com.br\/","logo":{"@type":"ImageObject","inLanguage":"pt-BR","@id":"https:\/\/meusitejuridico.editorajuspodivm.com.br\/#\/schema\/logo\/image\/","url":"https:\/\/webmail.meusitejuridico.com.br\/s.meusitejuridico\/2022\/03\/cropped-baeec2a3-msj-02-01-01.png","contentUrl":"https:\/\/webmail.meusitejuridico.com.br\/s.meusitejuridico\/2022\/03\/cropped-baeec2a3-msj-02-01-01.png","width":349,"height":243,"caption":"Meu site jur\u00eddico"},"image":{"@id":"https:\/\/meusitejuridico.editorajuspodivm.com.br\/#\/schema\/logo\/image\/"}},{"@type":"Person","@id":"https:\/\/meusitejuridico.editorajuspodivm.com.br\/#\/schema\/person\/4dc7de8c0b70fdd784ccdfdeacd62e28","name":"Marcio Alberto Gomes Silva","image":{"@type":"ImageObject","inLanguage":"pt-BR","@id":"https:\/\/meusitejuridico.editorajuspodivm.com.br\/#\/schema\/person\/image\/","url":"https:\/\/webmail.meusitejuridico.com.br\/s.meusitejuridico\/2017\/06\/62080e8c-captura-de-tela-2017-06-01-as-84334-am-150x150.png","contentUrl":"https:\/\/webmail.meusitejuridico.com.br\/s.meusitejuridico\/2017\/06\/62080e8c-captura-de-tela-2017-06-01-as-84334-am-150x150.png","caption":"Marcio Alberto Gomes Silva"},"description":"Delegado de Pol\u00edcia Federal, Professor do CERS. Mestre em Direito P\u00fablico pela UFS, especialista em Ci\u00eancias Criminais pela UNAMA\/UVB, especialista em Intelig\u00eancia Policial pela ESP\/ANP, autor dos livros Pr\u00e1tica Penal para Delegado de Pol\u00edcia (publicado pela editora JusPodivm) Inqu\u00e9rito Policial \u2013 Uma an\u00e1lise jur\u00eddica e pr\u00e1tica da fase pr\u00e9-processual (publicado pela editora JusPodivm), Organiza\u00e7\u00f5es Criminosas \u2013 Uma an\u00e1lise jur\u00eddica e pragm\u00e1tica da Lei 12.850\/13 (publicado pela editora Lumen Juris) e Busca e Apreens\u00e3o \u2013 Doutrina e Pr\u00e1tica (publicado pela editora Mallet).","url":"https:\/\/webmail.meusitejuridico.com.br\/author\/marciomarcio-com-br\/"}]}},"_links":{"self":[{"href":"https:\/\/webmail.meusitejuridico.com.br\/api\/wp\/v2\/posts\/4762","targetHints":{"allow":["GET"]}}],"collection":[{"href":"https:\/\/webmail.meusitejuridico.com.br\/api\/wp\/v2\/posts"}],"about":[{"href":"https:\/\/webmail.meusitejuridico.com.br\/api\/wp\/v2\/types\/post"}],"author":[{"embeddable":true,"href":"https:\/\/webmail.meusitejuridico.com.br\/api\/wp\/v2\/users\/21"}],"replies":[{"embeddable":true,"href":"https:\/\/webmail.meusitejuridico.com.br\/api\/wp\/v2\/comments?post=4762"}],"version-history":[{"count":3,"href":"https:\/\/webmail.meusitejuridico.com.br\/api\/wp\/v2\/posts\/4762\/revisions"}],"predecessor-version":[{"id":4766,"href":"https:\/\/webmail.meusitejuridico.com.br\/api\/wp\/v2\/posts\/4762\/revisions\/4766"}],"wp:featuredmedia":[{"embeddable":true,"href":"https:\/\/webmail.meusitejuridico.com.br\/api\/wp\/v2\/media\/4763"}],"wp:attachment":[{"href":"https:\/\/webmail.meusitejuridico.com.br\/api\/wp\/v2\/media?parent=4762"}],"wp:term":[{"taxonomy":"category","embeddable":true,"href":"https:\/\/webmail.meusitejuridico.com.br\/api\/wp\/v2\/categories?post=4762"},{"taxonomy":"post_tag","embeddable":true,"href":"https:\/\/webmail.meusitejuridico.com.br\/api\/wp\/v2\/tags?post=4762"}],"curies":[{"name":"wp","href":"https:\/\/api.w.org\/{rel}","templated":true}]}}