{"id":4397,"date":"2018-01-19T10:28:02","date_gmt":"2018-01-19T12:28:02","guid":{"rendered":"https:\/\/meusitejuridico.com.br\/?p=4397"},"modified":"2018-01-19T10:28:02","modified_gmt":"2018-01-19T12:28:02","slug":"mazelas-sistema-juridico-e-teoria-da-gambiarra-sumula-07-forum-nacional-de-juizes-criminais","status":"publish","type":"post","link":"https:\/\/webmail.meusitejuridico.com.br\/2018\/01\/19\/mazelas-sistema-juridico-e-teoria-da-gambiarra-sumula-07-forum-nacional-de-juizes-criminais\/","title":{"rendered":"Mazelas do sistema jur\u00eddico e \u201cTeoria da Gambiarra\u201d: A s\u00famula 07 do I F\u00f3rum Nacional de Ju\u00edzes Criminais"},"content":{"rendered":"<p><a href=\"https:\/\/play.google.com\/store\/apps\/details?id=com.app.meuappjuridico&amp;hl=pt\" target=\"_blank\" rel=\"noopener\"><img decoding=\"async\" class=\"aligncenter wp-image-4303 size-medium\" src=\"https:\/\/s3.meusitejuridico.com.br\/2018\/01\/541bff66-capa-app-03-300x166.png\" alt=\"\" width=\"300\" height=\"166\" srcset=\"https:\/\/webmail.meusitejuridico.com.br\/s.meusitejuridico\/2018\/01\/541bff66-capa-app-03-300x166.png 300w, https:\/\/webmail.meusitejuridico.com.br\/s.meusitejuridico\/2018\/01\/541bff66-capa-app-03-768x424.png 768w, https:\/\/webmail.meusitejuridico.com.br\/s.meusitejuridico\/2018\/01\/541bff66-capa-app-03-1024x566.png 1024w, https:\/\/webmail.meusitejuridico.com.br\/s.meusitejuridico\/2018\/01\/541bff66-capa-app-03-80x44.png 80w, https:\/\/webmail.meusitejuridico.com.br\/s.meusitejuridico\/2018\/01\/541bff66-capa-app-03.png 1140w\" sizes=\"(max-width: 300px) 100vw, 300px\" \/><\/a><\/p>\n<p>Recentemente o Superior Tribunal de Justi\u00e7a (STJ) se manifestou acerca da <a class='qlabs_tooltip_top qlabs_tooltip_style_1 cursor_pointer event_hover' style=''  aria-haspopup='true'>quest\u00e3o<span style='width: 180px; '  >A quest\u00e3o foi tema de trabalho deste autor publicado pelo IBCCrim: CABETTE, Eduardo Luiz Santos. Viva \u2013 Voz e prova il\u00edcita: Decis\u00e3o do STJ. Boletim IBCCrim. n. 297, ago. 2017, p. 11 \u2013 12.<\/span><\/a> do acesso, em investiga\u00e7\u00e3o criminal, a comunica\u00e7\u00f5es por aplicativos como whatsapp e outros meios inform\u00e1ticos, bem como por interm\u00e9dio de viva \u2013 voz. Com a <em>prud\u00eancia<\/em> e o acato \u00e0s normas constitucionais que deve marcar a jurisprud\u00eancia, firmou entendimento de que h\u00e1 necessidade de ordem judicial para que o sigilo dessas comunica\u00e7\u00f5es possa ser violado (STJ, <a href=\"https:\/\/ww2.stj.jus.br\/processo\/revista\/documento\/mediado\/?componente=ATC&amp;sequencial=55017400&amp;num_registro=201402323677&amp;data=20160509&amp;tipo=5&amp;formato=PDF\" target=\"_blank\" rel=\"noopener\">HC 51.531 \u2013 RO<\/a>; <a href=\"https:\/\/ww2.stj.jus.br\/processo\/revista\/documento\/mediado\/?componente=ATC&amp;sequencial=65344703&amp;num_registro=201602394838&amp;data=20160926&amp;tipo=5&amp;formato=PDF\" target=\"_blank\" rel=\"noopener\">RHC 75.800<\/a> e <a href=\"https:\/\/ww2.stj.jus.br\/processo\/revista\/documento\/mediado\/?componente=ATC&amp;sequencial=68698859&amp;num_registro=201602602406&amp;data=20170428&amp;tipo=5&amp;formato=PDF\" target=\"_blank\" rel=\"noopener\">REsp. 1630097<\/a>).<\/p>\n<p>Surpreendentemente, em posi\u00e7\u00e3o oposta a essa orienta\u00e7\u00e3o jurisprudencial do STJ e outros tribunais estaduais que seguem pela mesma senda, o I F\u00f3rum Nacional de Ju\u00edzes Criminais elaborou o S\u00famula n. 07 com o seguinte teor:<\/p>\n<p>\u201cO acesso ao conte\u00fado de todos os dados, dentre eles, aplicativos e contatos telef\u00f4nicos, em celular apreendido durante flagrante pela pol\u00edcia <em>n\u00e3o precisa de autoriza\u00e7\u00e3o judicial<\/em>\u201d (grifo nosso).<\/p>\n<p>Procura-se defender essa tese, considerando as dificuldades de comunica\u00e7\u00e3o e morosidade para obten\u00e7\u00e3o de autoriza\u00e7\u00f5es judiciais nestes casos. Ocorre que esse \u00e9 um problema pr\u00e1tico, um problema ligado \u00e0 estrutura das institui\u00e7\u00f5es, suas rela\u00e7\u00f5es e log\u00edstica, sua comunica\u00e7\u00e3o e intera\u00e7\u00e3o. O argumento jur\u00eddico n\u00e3o \u00e9 autorizado a solucionar esse tipo de quest\u00e3o. Para problemas jur\u00eddicos, devem ser moldadas solu\u00e7\u00f5es jur\u00eddicas; para problemas pr\u00e1ticos, solu\u00e7\u00f5es pr\u00e1ticas, jamais obtidas por meio de desvirtuamento da legisla\u00e7\u00e3o ordin\u00e1ria e muito menos por viola\u00e7\u00e3o das garantias constitucionais da intimidade, vida privada e reserva de jurisdi\u00e7\u00e3o. \u00c9 plenamente poss\u00edvel apresentar propostas de agiliza\u00e7\u00e3o e integra\u00e7\u00e3o entre Judici\u00e1rio, Minist\u00e9rio P\u00fablico e Pol\u00edcia Judici\u00e1ria, ao inv\u00e9s de simplesmente manter o \u201cstatus quo\u201d deficit\u00e1rio desses \u00f3rg\u00e3os e optar pela suposta \u201csolu\u00e7\u00e3o\u201d consistente na desconsidera\u00e7\u00e3o da letra da lei e dos ditames constitucionais. J\u00e1 estamos fartos de abundante legisla\u00e7\u00e3o penal e processual penal meramente simb\u00f3lica. Ningu\u00e9m precisa de um judici\u00e1rio que venha a aderir ao simbolismo e apresentar-se, n\u00e3o como sujeito imparcial, mas como uma esp\u00e9cie de \u201cjusticeiro\u201d e reparador das mazelas das institui\u00e7\u00f5es, mediante distor\u00e7\u00f5es interpretativas. Isso n\u00e3o colabora para a melhora do sistema, antes o mant\u00e9m emperrado \u00e0 custa de violar direitos e garantias individuais.<\/p>\n<p><a class='qlabs_tooltip_top qlabs_tooltip_style_1 cursor_pointer event_hover' style=''  aria-haspopup='true'>Binder<span style='width: 180px; '  >BINDER, Alberto M. Descumprimento das Formas Processuais. Trad. Angela Nogueira Pess\u00f4a. Rio de Janeiro: Lumen Juris, 2003, p. 3.<\/span><\/a> destaca a dificuldade em estabelecer crit\u00e9rios seguros para o reconhecimento de nulidades, devido ao fato de que as decis\u00f5es judiciais variam motivadas por \u201cconsidera\u00e7\u00f5es valorativas do momento\u201d apartadas \u201cde qualquer marco de refer\u00eancia te\u00f3rico\u201d.<\/p>\n<p>A forma no processo pode, eventualmente, e especialmente numa realidade prec\u00e1ria como a brasileira, onde s\u00e3o sucateados \u00f3rg\u00e3os como o Judici\u00e1rio, o Minist\u00e9rio P\u00fablico e a Pol\u00edcia Judici\u00e1ria, parecer um entrave. No entanto, h\u00e1 que lembrar com <a class='qlabs_tooltip_top qlabs_tooltip_style_1 cursor_pointer event_hover' style=''  aria-haspopup='true'>Ihering<span style='width: 180px; '  >IHERING, Rudolf von. El espiritu del derecho romano. Madri: Revista de Occidente, 1962, p. 284. <\/span><\/a> que \u201cinimiga da arbitrariedade, a forma \u00e9 irm\u00e3 g\u00eamea da liberdade\u201d. Na verdade, as formalidades legais exigidas s\u00e3o instrumentos de prote\u00e7\u00e3o de princ\u00edpios voltados para a consecu\u00e7\u00e3o concreta de garantias e direitos individuais, que devem permanecer inc\u00f3lumes diante de abusos do poder penal (BINDER, Alberto. <em>Descumprimento das Formas Processuais<\/em>. Trad. Angela Nogueira Pess\u00f4a. Rio de Janeiro: Lumen Juris, 2003, p. 36).<\/p>\n<p>Infelizmente, o posicionamento dos Ju\u00edzes Criminais que se espelha na S\u00famula 07 de seu I F\u00f3rum Nacional, revela a (in) consciente \u201cinvers\u00e3o de lugares\u201d por que passa o judici\u00e1rio. Antes visto como um poder de manuten\u00e7\u00e3o de expectativas institucionais, agora se apresenta o Poder Judici\u00e1rio como uma esp\u00e9cie de fonte esperan\u00e7osa para mudan\u00e7as. A Justi\u00e7a passa de algo institu\u00eddo para for\u00e7a instituidora (GARAPON, Antoine. <em>O Juiz e a Democracia<\/em>. Trad. Maria Luiza de Carvalho. Rio de Janeiro: Revan, 1999, p. 49).<\/p>\n<p>Acontece que o Juiz n\u00e3o \u00e9 um \u201cjusticeiro\u201d, um \u201cpolicial\u201d, um \u201cacusador\u201d, um \u201crevolucion\u00e1rio\u201d ou \u201creformador pol\u00edtico\u201d, ele \u00e9, ao reverso, aquele a quem cabe manter as promessas institucionais, especialmente aquelas fundadas nas normas constitucionais. Uma altera\u00e7\u00e3o nesse quadro, longe de produzir maior liberdade e justi\u00e7a, tende ao arb\u00edtrio, uma esp\u00e9cie de ditadura ou totalitarismo judici\u00e1rio. Nesse cen\u00e1rio, lei e constitui\u00e7\u00e3o v\u00e3o perdendo sua consist\u00eancia, tornando-se cada vez mais evanescentes e indefinidas. A j\u00e1 fr\u00e1gil ideia de seguran\u00e7a jur\u00eddica se dissolve totalmente.<\/p>\n<p>Eis o campo f\u00e9rtil para o populismo judicial. Nas palavras de <a class='qlabs_tooltip_top qlabs_tooltip_style_1 cursor_pointer event_hover' style=''  aria-haspopup='true'>Garapon<span style='width: 180px; '  >Op. Cit., p. 66.<\/span><\/a>:<\/p>\n<p>\u201cA tenta\u00e7\u00e3o populista se caracteriza, antes de mais nada, por sua pretens\u00e3o a um acesso direto \u00e0 verdade. Alguns indiv\u00edduos aproveitam a m\u00eddia para se emancipar de qualquer tutela hier\u00e1rquica. Ela lhes oferece um acesso direto, conforme express\u00e3o de Perelman, ao \u2018audit\u00f3rio universal\u2019, quer dizer, \u00e0 opini\u00e3o p\u00fablica. Um juiz considera-se prejudicado por sua hierarquia? Ele apela imediatamente para a arbitragem da opini\u00e3o p\u00fablica. Todas as anula\u00e7\u00f5es processuais s\u00e3o purgadas por essa inst\u00e2ncia de recurso selvagem que a m\u00eddia representa, e os argumentos t\u00e9cnicos do direito ou processuais n\u00e3o tardam a revelar-se para a opini\u00e3o p\u00fablica como arg\u00facias, ast\u00facias, desvios in\u00fateis, que impedem\u00a0 a verdade de \u2018vir \u00e0 tona\u2019.\u00a0 A busca direta da aprova\u00e7\u00e3o popular por interm\u00e9dio da m\u00eddia, acima de qualquer institui\u00e7\u00e3o, \u00e9 uma arma tem\u00edvel \u00e0 disposi\u00e7\u00e3o dos ju\u00edzes, o que torna muito mais presente o desvio populista. \u00a0O populismo, com efeito,\u00a0 \u00e9 uma pol\u00edtica que pretende, por instinto e experi\u00eancia, encarnar o sentimento profundo e real do povo. Esse contato direto do juiz com a opini\u00e3o \u00e9 proveniente, al\u00e9m disso,\u00a0 do aumento de descr\u00e9dito do pol\u00edtico. O juiz mant\u00e9m o mito de uma verdade que se basta, que n\u00e3o precisa mais da media\u00e7\u00e3o processual\u201d.<\/p>\n<p>Da\u00ed surge uma esp\u00e9cie de \u201cativismo\u201d que simplesmente passa como um trator sobre a legalidade e a constitucionalidade, fundando-se na \u201cinquisi\u00e7\u00e3o e den\u00fancia selvagem, emo\u00e7\u00e3o, horror, desconfian\u00e7a em rela\u00e7\u00e3o \u00e0s institui\u00e7\u00f5es tradicionais e uma esp\u00e9cie de presun\u00e7\u00e3o de culpabilidade\u201d (Op. Cit., p. 99).<\/p>\n<p>Assassinando sem piedade o respeito pelos direitos e garantias individuais e as formalidades legais, pretende-se conformar uma atua\u00e7\u00e3o mais justa, c\u00e9lere e eficiente. Por\u00e9m, o \u00fanico resultado de tudo isso \u00e9 um caos institucional, porque, como j\u00e1 dito antes, os lugares e temas est\u00e3o trocados. Movendo-se na \u00e1rea jur\u00eddica se pretende obter solu\u00e7\u00f5es pr\u00e1ticas e na seara pr\u00e1tica, solu\u00e7\u00f5es jur\u00eddicas!<\/p>\n<p>Em encerramento, ficam as quest\u00f5es: por que ao inv\u00e9s de os Ju\u00edzes Criminais proporem a desconsidera\u00e7\u00e3o da reserva de jurisdi\u00e7\u00e3o para o acesso \u00e0s comunica\u00e7\u00f5es telef\u00f4nicas em aplicativos, n\u00e3o apresentam sugest\u00f5es tais como: investimento em pessoal e material para o Judici\u00e1rio, Minist\u00e9rio P\u00fablico e Pol\u00edcia Judici\u00e1ria; institui\u00e7\u00e3o de programas de interc\u00e2mbio imediato, via telem\u00e1tica, entre Ju\u00edzes, Promotores e Delegados de Pol\u00edcia para casos de urg\u00eancia (pedidos de mandados de busca, de quebra de sigilo telef\u00f4nico, de intercepta\u00e7\u00e3o etc.); integra\u00e7\u00e3o de redes de intelig\u00eancia dos Estados e Federal na \u00e1rea das pol\u00edcias em geral e do Judici\u00e1rio e Minist\u00e9rio P\u00fablico; institui\u00e7\u00e3o urgente de um documento de identifica\u00e7\u00e3o \u00fanico com banco de dados nacional; institui\u00e7\u00e3o de um banco de dados nacional para consulta sobre mandados de pris\u00e3o e passagens criminais (mas, algo realmente eficiente, n\u00e3o o sistema prec\u00e1rio hoje vigente). Por que n\u00e3o essas e outras propostas pr\u00e1ticas para a solu\u00e7\u00e3o de um problema pr\u00e1tico? Por que escolher a via f\u00e1cil e delet\u00e9ria de desconsidera\u00e7\u00e3o das regras e princ\u00edpios? Por que a op\u00e7\u00e3o pela \u201cgambiarra\u201d ao inv\u00e9s dos ajustes adequados?<\/p>\n<p>REFER\u00caNCIAS<\/p>\n<p>BINDER, Alberto M. <em>Descumprimento das Formas Processuais<\/em>. Trad. Angela Nogueira Pess\u00f4a. Rio de Janeiro: Lumen Juris, 2003.<\/p>\n<p>CABETTE, Eduardo Luiz Santos. Viva \u2013 Voz e prova il\u00edcita: Decis\u00e3o do STJ. <em>Boletim IBCCrim<\/em>. n. 297, ago., p. 11 \u2013 12,\u00a0 2017.<\/p>\n<p>GARAPON, Antoine. <em>O Juiz e a Democracia<\/em>. Trad. Maria Luiza de Carvalho. Rio de Janeiro: Revan, 1999.<\/p>\n<p>IHERING, Rudolf von. <em>El espiritu del derecho romano. <\/em>Madri: Revista de Occidente, 1962.<\/p>\n<p><a href=\"#_ftnref5\" name=\"_ftn5\"><\/a><\/p>\n","protected":false},"excerpt":{"rendered":"<p>Recentemente o Superior Tribunal de Justi\u00e7a (STJ) se manifestou acerca da do acesso, em investiga\u00e7\u00e3o criminal, a comunica\u00e7\u00f5es por aplicativos como whatsapp e outros meios inform\u00e1ticos, bem como por interm\u00e9dio de viva \u2013 voz. Com a prud\u00eancia e o acato \u00e0s normas constitucionais que deve marcar a jurisprud\u00eancia, firmou entendimento de que h\u00e1 necessidade de [&hellip;]<\/p>\n","protected":false},"author":14,"featured_media":4398,"comment_status":"open","ping_status":"open","sticky":false,"template":"","format":"standard","meta":{"_acf_changed":false,"footnotes":""},"categories":[1,114],"tags":[1343,1344,1345,119],"class_list":["post-4397","post","type-post","status-publish","format-standard","has-post-thumbnail","hentry","category-artigos","category-direito-processual-penal","tag-forum","tag-juizes-criminais","tag-mazelas","tag-processo-penal"],"acf":[],"yoast_head":"<!-- This site is optimized with the Yoast SEO plugin v24.8.1 - https:\/\/yoast.com\/wordpress\/plugins\/seo\/ -->\n<title>Mazelas do sistema jur\u00eddico e \u201cTeoria da Gambiarra\u201d: A s\u00famula 07 do I F\u00f3rum Nacional de Ju\u00edzes Criminais - Meu site jur\u00eddico<\/title>\n<meta name=\"robots\" content=\"index, follow, max-snippet:-1, max-image-preview:large, max-video-preview:-1\" \/>\n<link rel=\"canonical\" href=\"https:\/\/meusitejuridico.editorajuspodivm.com.br\/2018\/01\/19\/mazelas-sistema-juridico-e-teoria-da-gambiarra-sumula-07-forum-nacional-de-juizes-criminais\/\" \/>\n<meta property=\"og:locale\" content=\"pt_BR\" \/>\n<meta property=\"og:type\" content=\"article\" \/>\n<meta property=\"og:title\" content=\"Mazelas do sistema jur\u00eddico e \u201cTeoria da Gambiarra\u201d: A s\u00famula 07 do I F\u00f3rum Nacional de Ju\u00edzes Criminais - Meu site jur\u00eddico\" \/>\n<meta property=\"og:description\" content=\"Recentemente o Superior Tribunal de Justi\u00e7a (STJ) se manifestou acerca da do acesso, em investiga\u00e7\u00e3o criminal, a comunica\u00e7\u00f5es por aplicativos como whatsapp e outros meios inform\u00e1ticos, bem como por interm\u00e9dio de viva \u2013 voz. Com a prud\u00eancia e o acato \u00e0s normas constitucionais que deve marcar a jurisprud\u00eancia, firmou entendimento de que h\u00e1 necessidade de [&hellip;]\" \/>\n<meta property=\"og:url\" content=\"https:\/\/meusitejuridico.editorajuspodivm.com.br\/2018\/01\/19\/mazelas-sistema-juridico-e-teoria-da-gambiarra-sumula-07-forum-nacional-de-juizes-criminais\/\" \/>\n<meta property=\"og:site_name\" content=\"Meu site jur\u00eddico\" \/>\n<meta property=\"article:published_time\" content=\"2018-01-19T12:28:02+00:00\" \/>\n<meta property=\"og:image\" content=\"https:\/\/meusitejuridico.editorajuspodivm.com.br\/s.meusitejuridico\/2018\/01\/bafbfce8-shutterstock-681097432.jpg\" \/>\n\t<meta property=\"og:image:width\" content=\"1000\" \/>\n\t<meta property=\"og:image:height\" content=\"667\" \/>\n\t<meta property=\"og:image:type\" content=\"image\/jpeg\" \/>\n<meta name=\"author\" content=\"Eduardo Luiz Santos Cabette\" \/>\n<meta name=\"twitter:card\" content=\"summary_large_image\" \/>\n<meta name=\"twitter:label1\" content=\"Escrito por\" \/>\n\t<meta name=\"twitter:data1\" content=\"Eduardo Luiz Santos Cabette\" \/>\n\t<meta name=\"twitter:label2\" content=\"Est. tempo de leitura\" \/>\n\t<meta name=\"twitter:data2\" content=\"8 minutos\" \/>\n<script type=\"application\/ld+json\" class=\"yoast-schema-graph\">{\"@context\":\"https:\/\/schema.org\",\"@graph\":[{\"@type\":\"Article\",\"@id\":\"https:\/\/meusitejuridico.editorajuspodivm.com.br\/2018\/01\/19\/mazelas-sistema-juridico-e-teoria-da-gambiarra-sumula-07-forum-nacional-de-juizes-criminais\/#article\",\"isPartOf\":{\"@id\":\"https:\/\/meusitejuridico.editorajuspodivm.com.br\/2018\/01\/19\/mazelas-sistema-juridico-e-teoria-da-gambiarra-sumula-07-forum-nacional-de-juizes-criminais\/\"},\"author\":{\"name\":\"Eduardo Luiz Santos Cabette\",\"@id\":\"https:\/\/meusitejuridico.editorajuspodivm.com.br\/#\/schema\/person\/8b773c6b3452b86fbd88dbfe07bc42db\"},\"headline\":\"Mazelas do sistema jur\u00eddico e \u201cTeoria da Gambiarra\u201d: A s\u00famula 07 do I F\u00f3rum Nacional de Ju\u00edzes Criminais\",\"datePublished\":\"2018-01-19T12:28:02+00:00\",\"mainEntityOfPage\":{\"@id\":\"https:\/\/meusitejuridico.editorajuspodivm.com.br\/2018\/01\/19\/mazelas-sistema-juridico-e-teoria-da-gambiarra-sumula-07-forum-nacional-de-juizes-criminais\/\"},\"wordCount\":1534,\"commentCount\":1,\"publisher\":{\"@id\":\"https:\/\/meusitejuridico.editorajuspodivm.com.br\/#organization\"},\"image\":{\"@id\":\"https:\/\/meusitejuridico.editorajuspodivm.com.br\/2018\/01\/19\/mazelas-sistema-juridico-e-teoria-da-gambiarra-sumula-07-forum-nacional-de-juizes-criminais\/#primaryimage\"},\"thumbnailUrl\":\"https:\/\/webmail.meusitejuridico.com.br\/s.meusitejuridico\/2018\/01\/bafbfce8-shutterstock-681097432.jpg\",\"keywords\":[\"f\u00f3rum\",\"ju\u00edzes criminais\",\"mazelas\",\"Processo Penal\"],\"articleSection\":[\"Artigos\",\"Direito Processual Penal\"],\"inLanguage\":\"pt-BR\",\"potentialAction\":[{\"@type\":\"CommentAction\",\"name\":\"Comment\",\"target\":[\"https:\/\/meusitejuridico.editorajuspodivm.com.br\/2018\/01\/19\/mazelas-sistema-juridico-e-teoria-da-gambiarra-sumula-07-forum-nacional-de-juizes-criminais\/#respond\"]}]},{\"@type\":\"WebPage\",\"@id\":\"https:\/\/meusitejuridico.editorajuspodivm.com.br\/2018\/01\/19\/mazelas-sistema-juridico-e-teoria-da-gambiarra-sumula-07-forum-nacional-de-juizes-criminais\/\",\"url\":\"https:\/\/meusitejuridico.editorajuspodivm.com.br\/2018\/01\/19\/mazelas-sistema-juridico-e-teoria-da-gambiarra-sumula-07-forum-nacional-de-juizes-criminais\/\",\"name\":\"Mazelas do sistema jur\u00eddico e \u201cTeoria da Gambiarra\u201d: A s\u00famula 07 do I F\u00f3rum Nacional de Ju\u00edzes Criminais - Meu site jur\u00eddico\",\"isPartOf\":{\"@id\":\"https:\/\/meusitejuridico.editorajuspodivm.com.br\/#website\"},\"primaryImageOfPage\":{\"@id\":\"https:\/\/meusitejuridico.editorajuspodivm.com.br\/2018\/01\/19\/mazelas-sistema-juridico-e-teoria-da-gambiarra-sumula-07-forum-nacional-de-juizes-criminais\/#primaryimage\"},\"image\":{\"@id\":\"https:\/\/meusitejuridico.editorajuspodivm.com.br\/2018\/01\/19\/mazelas-sistema-juridico-e-teoria-da-gambiarra-sumula-07-forum-nacional-de-juizes-criminais\/#primaryimage\"},\"thumbnailUrl\":\"https:\/\/webmail.meusitejuridico.com.br\/s.meusitejuridico\/2018\/01\/bafbfce8-shutterstock-681097432.jpg\",\"datePublished\":\"2018-01-19T12:28:02+00:00\",\"breadcrumb\":{\"@id\":\"https:\/\/meusitejuridico.editorajuspodivm.com.br\/2018\/01\/19\/mazelas-sistema-juridico-e-teoria-da-gambiarra-sumula-07-forum-nacional-de-juizes-criminais\/#breadcrumb\"},\"inLanguage\":\"pt-BR\",\"potentialAction\":[{\"@type\":\"ReadAction\",\"target\":[\"https:\/\/meusitejuridico.editorajuspodivm.com.br\/2018\/01\/19\/mazelas-sistema-juridico-e-teoria-da-gambiarra-sumula-07-forum-nacional-de-juizes-criminais\/\"]}]},{\"@type\":\"ImageObject\",\"inLanguage\":\"pt-BR\",\"@id\":\"https:\/\/meusitejuridico.editorajuspodivm.com.br\/2018\/01\/19\/mazelas-sistema-juridico-e-teoria-da-gambiarra-sumula-07-forum-nacional-de-juizes-criminais\/#primaryimage\",\"url\":\"https:\/\/webmail.meusitejuridico.com.br\/s.meusitejuridico\/2018\/01\/bafbfce8-shutterstock-681097432.jpg\",\"contentUrl\":\"https:\/\/webmail.meusitejuridico.com.br\/s.meusitejuridico\/2018\/01\/bafbfce8-shutterstock-681097432.jpg\",\"width\":1000,\"height\":667},{\"@type\":\"BreadcrumbList\",\"@id\":\"https:\/\/meusitejuridico.editorajuspodivm.com.br\/2018\/01\/19\/mazelas-sistema-juridico-e-teoria-da-gambiarra-sumula-07-forum-nacional-de-juizes-criminais\/#breadcrumb\",\"itemListElement\":[{\"@type\":\"ListItem\",\"position\":1,\"name\":\"In\u00edcio\",\"item\":\"https:\/\/meusitejuridico.editorajuspodivm.com.br\/\"},{\"@type\":\"ListItem\",\"position\":2,\"name\":\"Mazelas do sistema jur\u00eddico e \u201cTeoria da Gambiarra\u201d: A s\u00famula 07 do I F\u00f3rum Nacional de Ju\u00edzes Criminais\"}]},{\"@type\":\"WebSite\",\"@id\":\"https:\/\/meusitejuridico.editorajuspodivm.com.br\/#website\",\"url\":\"https:\/\/meusitejuridico.editorajuspodivm.com.br\/\",\"name\":\"Meu site jur\u00eddico\",\"description\":\"Meu site jur\u00eddico\",\"publisher\":{\"@id\":\"https:\/\/meusitejuridico.editorajuspodivm.com.br\/#organization\"},\"potentialAction\":[{\"@type\":\"SearchAction\",\"target\":{\"@type\":\"EntryPoint\",\"urlTemplate\":\"https:\/\/meusitejuridico.editorajuspodivm.com.br\/?s={search_term_string}\"},\"query-input\":{\"@type\":\"PropertyValueSpecification\",\"valueRequired\":true,\"valueName\":\"search_term_string\"}}],\"inLanguage\":\"pt-BR\"},{\"@type\":\"Organization\",\"@id\":\"https:\/\/meusitejuridico.editorajuspodivm.com.br\/#organization\",\"name\":\"Meu site jur\u00eddico\",\"url\":\"https:\/\/meusitejuridico.editorajuspodivm.com.br\/\",\"logo\":{\"@type\":\"ImageObject\",\"inLanguage\":\"pt-BR\",\"@id\":\"https:\/\/meusitejuridico.editorajuspodivm.com.br\/#\/schema\/logo\/image\/\",\"url\":\"https:\/\/webmail.meusitejuridico.com.br\/s.meusitejuridico\/2022\/03\/cropped-baeec2a3-msj-02-01-01.png\",\"contentUrl\":\"https:\/\/webmail.meusitejuridico.com.br\/s.meusitejuridico\/2022\/03\/cropped-baeec2a3-msj-02-01-01.png\",\"width\":349,\"height\":243,\"caption\":\"Meu site jur\u00eddico\"},\"image\":{\"@id\":\"https:\/\/meusitejuridico.editorajuspodivm.com.br\/#\/schema\/logo\/image\/\"}},{\"@type\":\"Person\",\"@id\":\"https:\/\/meusitejuridico.editorajuspodivm.com.br\/#\/schema\/person\/8b773c6b3452b86fbd88dbfe07bc42db\",\"name\":\"Eduardo Luiz Santos Cabette\",\"image\":{\"@type\":\"ImageObject\",\"inLanguage\":\"pt-BR\",\"@id\":\"https:\/\/meusitejuridico.editorajuspodivm.com.br\/#\/schema\/person\/image\/\",\"url\":\"https:\/\/webmail.meusitejuridico.com.br\/s.meusitejuridico\/2017\/04\/9ddea50d-cabette-150x150.jpg\",\"contentUrl\":\"https:\/\/webmail.meusitejuridico.com.br\/s.meusitejuridico\/2017\/04\/9ddea50d-cabette-150x150.jpg\",\"caption\":\"Eduardo Luiz Santos Cabette\"},\"description\":\"Delegado de Pol\u00edcia Aposentado, Mestre em Direito Social, P\u00f3s \u2013 graduado em Direito Penal e Criminologia e Professor de Direito Penal, Processo Penal, Medicina Legal, Criminologia e Legisla\u00e7\u00e3o Penal e Processual Penal Especial em gradua\u00e7\u00e3o, p\u00f3s \u2013 gradua\u00e7\u00e3o e cursos preparat\u00f3rios\",\"url\":\"https:\/\/webmail.meusitejuridico.com.br\/author\/503679806421\/\"}]}<\/script>\n<!-- \/ Yoast SEO plugin. -->","yoast_head_json":{"title":"Mazelas do sistema jur\u00eddico e \u201cTeoria da Gambiarra\u201d: A s\u00famula 07 do I F\u00f3rum Nacional de Ju\u00edzes Criminais - Meu site jur\u00eddico","robots":{"index":"index","follow":"follow","max-snippet":"max-snippet:-1","max-image-preview":"max-image-preview:large","max-video-preview":"max-video-preview:-1"},"canonical":"https:\/\/meusitejuridico.editorajuspodivm.com.br\/2018\/01\/19\/mazelas-sistema-juridico-e-teoria-da-gambiarra-sumula-07-forum-nacional-de-juizes-criminais\/","og_locale":"pt_BR","og_type":"article","og_title":"Mazelas do sistema jur\u00eddico e \u201cTeoria da Gambiarra\u201d: A s\u00famula 07 do I F\u00f3rum Nacional de Ju\u00edzes Criminais - Meu site jur\u00eddico","og_description":"Recentemente o Superior Tribunal de Justi\u00e7a (STJ) se manifestou acerca da do acesso, em investiga\u00e7\u00e3o criminal, a comunica\u00e7\u00f5es por aplicativos como whatsapp e outros meios inform\u00e1ticos, bem como por interm\u00e9dio de viva \u2013 voz. Com a prud\u00eancia e o acato \u00e0s normas constitucionais que deve marcar a jurisprud\u00eancia, firmou entendimento de que h\u00e1 necessidade de [&hellip;]","og_url":"https:\/\/meusitejuridico.editorajuspodivm.com.br\/2018\/01\/19\/mazelas-sistema-juridico-e-teoria-da-gambiarra-sumula-07-forum-nacional-de-juizes-criminais\/","og_site_name":"Meu site jur\u00eddico","article_published_time":"2018-01-19T12:28:02+00:00","og_image":[{"width":1000,"height":667,"url":"https:\/\/meusitejuridico.editorajuspodivm.com.br\/s.meusitejuridico\/2018\/01\/bafbfce8-shutterstock-681097432.jpg","type":"image\/jpeg"}],"author":"Eduardo Luiz Santos Cabette","twitter_card":"summary_large_image","twitter_misc":{"Escrito por":"Eduardo Luiz Santos Cabette","Est. tempo de leitura":"8 minutos"},"schema":{"@context":"https:\/\/schema.org","@graph":[{"@type":"Article","@id":"https:\/\/meusitejuridico.editorajuspodivm.com.br\/2018\/01\/19\/mazelas-sistema-juridico-e-teoria-da-gambiarra-sumula-07-forum-nacional-de-juizes-criminais\/#article","isPartOf":{"@id":"https:\/\/meusitejuridico.editorajuspodivm.com.br\/2018\/01\/19\/mazelas-sistema-juridico-e-teoria-da-gambiarra-sumula-07-forum-nacional-de-juizes-criminais\/"},"author":{"name":"Eduardo Luiz Santos Cabette","@id":"https:\/\/meusitejuridico.editorajuspodivm.com.br\/#\/schema\/person\/8b773c6b3452b86fbd88dbfe07bc42db"},"headline":"Mazelas do sistema jur\u00eddico e \u201cTeoria da Gambiarra\u201d: A s\u00famula 07 do I F\u00f3rum Nacional de Ju\u00edzes Criminais","datePublished":"2018-01-19T12:28:02+00:00","mainEntityOfPage":{"@id":"https:\/\/meusitejuridico.editorajuspodivm.com.br\/2018\/01\/19\/mazelas-sistema-juridico-e-teoria-da-gambiarra-sumula-07-forum-nacional-de-juizes-criminais\/"},"wordCount":1534,"commentCount":1,"publisher":{"@id":"https:\/\/meusitejuridico.editorajuspodivm.com.br\/#organization"},"image":{"@id":"https:\/\/meusitejuridico.editorajuspodivm.com.br\/2018\/01\/19\/mazelas-sistema-juridico-e-teoria-da-gambiarra-sumula-07-forum-nacional-de-juizes-criminais\/#primaryimage"},"thumbnailUrl":"https:\/\/webmail.meusitejuridico.com.br\/s.meusitejuridico\/2018\/01\/bafbfce8-shutterstock-681097432.jpg","keywords":["f\u00f3rum","ju\u00edzes criminais","mazelas","Processo Penal"],"articleSection":["Artigos","Direito Processual Penal"],"inLanguage":"pt-BR","potentialAction":[{"@type":"CommentAction","name":"Comment","target":["https:\/\/meusitejuridico.editorajuspodivm.com.br\/2018\/01\/19\/mazelas-sistema-juridico-e-teoria-da-gambiarra-sumula-07-forum-nacional-de-juizes-criminais\/#respond"]}]},{"@type":"WebPage","@id":"https:\/\/meusitejuridico.editorajuspodivm.com.br\/2018\/01\/19\/mazelas-sistema-juridico-e-teoria-da-gambiarra-sumula-07-forum-nacional-de-juizes-criminais\/","url":"https:\/\/meusitejuridico.editorajuspodivm.com.br\/2018\/01\/19\/mazelas-sistema-juridico-e-teoria-da-gambiarra-sumula-07-forum-nacional-de-juizes-criminais\/","name":"Mazelas do sistema jur\u00eddico e \u201cTeoria da Gambiarra\u201d: A s\u00famula 07 do I F\u00f3rum Nacional de Ju\u00edzes Criminais - Meu site jur\u00eddico","isPartOf":{"@id":"https:\/\/meusitejuridico.editorajuspodivm.com.br\/#website"},"primaryImageOfPage":{"@id":"https:\/\/meusitejuridico.editorajuspodivm.com.br\/2018\/01\/19\/mazelas-sistema-juridico-e-teoria-da-gambiarra-sumula-07-forum-nacional-de-juizes-criminais\/#primaryimage"},"image":{"@id":"https:\/\/meusitejuridico.editorajuspodivm.com.br\/2018\/01\/19\/mazelas-sistema-juridico-e-teoria-da-gambiarra-sumula-07-forum-nacional-de-juizes-criminais\/#primaryimage"},"thumbnailUrl":"https:\/\/webmail.meusitejuridico.com.br\/s.meusitejuridico\/2018\/01\/bafbfce8-shutterstock-681097432.jpg","datePublished":"2018-01-19T12:28:02+00:00","breadcrumb":{"@id":"https:\/\/meusitejuridico.editorajuspodivm.com.br\/2018\/01\/19\/mazelas-sistema-juridico-e-teoria-da-gambiarra-sumula-07-forum-nacional-de-juizes-criminais\/#breadcrumb"},"inLanguage":"pt-BR","potentialAction":[{"@type":"ReadAction","target":["https:\/\/meusitejuridico.editorajuspodivm.com.br\/2018\/01\/19\/mazelas-sistema-juridico-e-teoria-da-gambiarra-sumula-07-forum-nacional-de-juizes-criminais\/"]}]},{"@type":"ImageObject","inLanguage":"pt-BR","@id":"https:\/\/meusitejuridico.editorajuspodivm.com.br\/2018\/01\/19\/mazelas-sistema-juridico-e-teoria-da-gambiarra-sumula-07-forum-nacional-de-juizes-criminais\/#primaryimage","url":"https:\/\/webmail.meusitejuridico.com.br\/s.meusitejuridico\/2018\/01\/bafbfce8-shutterstock-681097432.jpg","contentUrl":"https:\/\/webmail.meusitejuridico.com.br\/s.meusitejuridico\/2018\/01\/bafbfce8-shutterstock-681097432.jpg","width":1000,"height":667},{"@type":"BreadcrumbList","@id":"https:\/\/meusitejuridico.editorajuspodivm.com.br\/2018\/01\/19\/mazelas-sistema-juridico-e-teoria-da-gambiarra-sumula-07-forum-nacional-de-juizes-criminais\/#breadcrumb","itemListElement":[{"@type":"ListItem","position":1,"name":"In\u00edcio","item":"https:\/\/meusitejuridico.editorajuspodivm.com.br\/"},{"@type":"ListItem","position":2,"name":"Mazelas do sistema jur\u00eddico e \u201cTeoria da Gambiarra\u201d: A s\u00famula 07 do I F\u00f3rum Nacional de Ju\u00edzes Criminais"}]},{"@type":"WebSite","@id":"https:\/\/meusitejuridico.editorajuspodivm.com.br\/#website","url":"https:\/\/meusitejuridico.editorajuspodivm.com.br\/","name":"Meu site jur\u00eddico","description":"Meu site jur\u00eddico","publisher":{"@id":"https:\/\/meusitejuridico.editorajuspodivm.com.br\/#organization"},"potentialAction":[{"@type":"SearchAction","target":{"@type":"EntryPoint","urlTemplate":"https:\/\/meusitejuridico.editorajuspodivm.com.br\/?s={search_term_string}"},"query-input":{"@type":"PropertyValueSpecification","valueRequired":true,"valueName":"search_term_string"}}],"inLanguage":"pt-BR"},{"@type":"Organization","@id":"https:\/\/meusitejuridico.editorajuspodivm.com.br\/#organization","name":"Meu site jur\u00eddico","url":"https:\/\/meusitejuridico.editorajuspodivm.com.br\/","logo":{"@type":"ImageObject","inLanguage":"pt-BR","@id":"https:\/\/meusitejuridico.editorajuspodivm.com.br\/#\/schema\/logo\/image\/","url":"https:\/\/webmail.meusitejuridico.com.br\/s.meusitejuridico\/2022\/03\/cropped-baeec2a3-msj-02-01-01.png","contentUrl":"https:\/\/webmail.meusitejuridico.com.br\/s.meusitejuridico\/2022\/03\/cropped-baeec2a3-msj-02-01-01.png","width":349,"height":243,"caption":"Meu site jur\u00eddico"},"image":{"@id":"https:\/\/meusitejuridico.editorajuspodivm.com.br\/#\/schema\/logo\/image\/"}},{"@type":"Person","@id":"https:\/\/meusitejuridico.editorajuspodivm.com.br\/#\/schema\/person\/8b773c6b3452b86fbd88dbfe07bc42db","name":"Eduardo Luiz Santos Cabette","image":{"@type":"ImageObject","inLanguage":"pt-BR","@id":"https:\/\/meusitejuridico.editorajuspodivm.com.br\/#\/schema\/person\/image\/","url":"https:\/\/webmail.meusitejuridico.com.br\/s.meusitejuridico\/2017\/04\/9ddea50d-cabette-150x150.jpg","contentUrl":"https:\/\/webmail.meusitejuridico.com.br\/s.meusitejuridico\/2017\/04\/9ddea50d-cabette-150x150.jpg","caption":"Eduardo Luiz Santos Cabette"},"description":"Delegado de Pol\u00edcia Aposentado, Mestre em Direito Social, P\u00f3s \u2013 graduado em Direito Penal e Criminologia e Professor de Direito Penal, Processo Penal, Medicina Legal, Criminologia e Legisla\u00e7\u00e3o Penal e Processual Penal Especial em gradua\u00e7\u00e3o, p\u00f3s \u2013 gradua\u00e7\u00e3o e cursos preparat\u00f3rios","url":"https:\/\/webmail.meusitejuridico.com.br\/author\/503679806421\/"}]}},"_links":{"self":[{"href":"https:\/\/webmail.meusitejuridico.com.br\/api\/wp\/v2\/posts\/4397","targetHints":{"allow":["GET"]}}],"collection":[{"href":"https:\/\/webmail.meusitejuridico.com.br\/api\/wp\/v2\/posts"}],"about":[{"href":"https:\/\/webmail.meusitejuridico.com.br\/api\/wp\/v2\/types\/post"}],"author":[{"embeddable":true,"href":"https:\/\/webmail.meusitejuridico.com.br\/api\/wp\/v2\/users\/14"}],"replies":[{"embeddable":true,"href":"https:\/\/webmail.meusitejuridico.com.br\/api\/wp\/v2\/comments?post=4397"}],"version-history":[{"count":3,"href":"https:\/\/webmail.meusitejuridico.com.br\/api\/wp\/v2\/posts\/4397\/revisions"}],"predecessor-version":[{"id":4400,"href":"https:\/\/webmail.meusitejuridico.com.br\/api\/wp\/v2\/posts\/4397\/revisions\/4400"}],"wp:featuredmedia":[{"embeddable":true,"href":"https:\/\/webmail.meusitejuridico.com.br\/api\/wp\/v2\/media\/4398"}],"wp:attachment":[{"href":"https:\/\/webmail.meusitejuridico.com.br\/api\/wp\/v2\/media?parent=4397"}],"wp:term":[{"taxonomy":"category","embeddable":true,"href":"https:\/\/webmail.meusitejuridico.com.br\/api\/wp\/v2\/categories?post=4397"},{"taxonomy":"post_tag","embeddable":true,"href":"https:\/\/webmail.meusitejuridico.com.br\/api\/wp\/v2\/tags?post=4397"}],"curies":[{"name":"wp","href":"https:\/\/api.w.org\/{rel}","templated":true}]}}