{"id":4203,"date":"2018-01-08T11:32:41","date_gmt":"2018-01-08T13:32:41","guid":{"rendered":"https:\/\/meusitejuridico.com.br\/?p=4203"},"modified":"2018-01-08T11:32:41","modified_gmt":"2018-01-08T13:32:41","slug":"pode-o-mp-recorrer-contra-absolvicao-querelado","status":"publish","type":"post","link":"https:\/\/webmail.meusitejuridico.com.br\/2018\/01\/08\/pode-o-mp-recorrer-contra-absolvicao-querelado\/","title":{"rendered":"Pode o MP recorrer contra a absolvi\u00e7\u00e3o do querelado?"},"content":{"rendered":"<p>N\u00e3o se confere ao <em>parquet<\/em> a faculdade de recorrer em favor do querelante, se absolvido o querelado, na a\u00e7\u00e3o penal exclusivamente (ou genuinamente) privada, pois cabe apenas a esse \u00faltimo, segundo seu crit\u00e9rio de conveni\u00eancia e oportunidade, analisar se \u00e9 caso ou n\u00e3o de recurso. Sobre a mat\u00e9ria, v. <em>RT<\/em> 553\/375, 558\/336. Nada impede, contudo, que o Minist\u00e9rio P\u00fablico, em caso de condena\u00e7\u00e3o, recorra a fim de obter a majora\u00e7\u00e3o da pena imposta ao querelado. Com efeito, propor ou n\u00e3o a a\u00e7\u00e3o penal privada \u00e9 decis\u00e3o que cabe apenas ao querelante, segundo seu crit\u00e9rio de conveni\u00eancia e oportunidade. Mas o <em>jus puniendi<\/em>, mesmo na a\u00e7\u00e3o penal privada, continua sendo do Estado, raz\u00e3o pela qual pode o <em>parquet <\/em>recorrer a fim de que a pena seja aplicada com justi\u00e7a.<\/p>\n<p><strong>Material extra\u00eddo da obra\u00a0<\/strong><a href=\"https:\/\/goo.gl\/cEpf7X?utm_source=Site&amp;utm_medium=MeuSiteJuridico%22\">C\u00f3digo de Processo Penal e Lei de Execu\u00e7\u00e3o Penal Comentados por Artigos (2017)<\/a><\/p>\n","protected":false},"excerpt":{"rendered":"<p>N\u00e3o se confere ao parquet a faculdade de recorrer em favor do querelante, se absolvido o querelado, na a\u00e7\u00e3o penal exclusivamente (ou genuinamente) privada, pois cabe apenas a esse \u00faltimo, segundo seu crit\u00e9rio de conveni\u00eancia e oportunidade, analisar se \u00e9 caso ou n\u00e3o de recurso. Sobre a mat\u00e9ria, v. RT 553\/375, 558\/336. Nada impede, contudo, [&hellip;]<\/p>\n","protected":false},"author":7,"featured_media":4204,"comment_status":"open","ping_status":"open","sticky":false,"template":"","format":"standard","meta":{"_acf_changed":false,"footnotes":""},"categories":[78,437],"tags":[928,119,1299,1183],"class_list":["post-4203","post","type-post","status-publish","format-standard","has-post-thumbnail","hentry","category-material-de-aula","category-perguntas-e-respostas","tag-absolvicao","tag-processo-penal","tag-querelado","tag-recurso"],"acf":[],"yoast_head":"<!-- This site is optimized with the Yoast SEO plugin v24.8.1 - https:\/\/yoast.com\/wordpress\/plugins\/seo\/ -->\n<title>Pode o MP recorrer contra a absolvi\u00e7\u00e3o do querelado? - Meu site jur\u00eddico<\/title>\n<meta name=\"robots\" content=\"index, follow, max-snippet:-1, max-image-preview:large, max-video-preview:-1\" \/>\n<link rel=\"canonical\" href=\"https:\/\/meusitejuridico.com.br\/2018\/01\/08\/pode-o-mp-recorrer-contra-absolvicao-querelado\/\" \/>\n<meta property=\"og:locale\" content=\"pt_BR\" \/>\n<meta property=\"og:type\" content=\"article\" \/>\n<meta property=\"og:title\" content=\"Pode o MP recorrer contra a absolvi\u00e7\u00e3o do querelado? - Meu site jur\u00eddico\" \/>\n<meta property=\"og:description\" content=\"N\u00e3o se confere ao parquet a faculdade de recorrer em favor do querelante, se absolvido o querelado, na a\u00e7\u00e3o penal exclusivamente (ou genuinamente) privada, pois cabe apenas a esse \u00faltimo, segundo seu crit\u00e9rio de conveni\u00eancia e oportunidade, analisar se \u00e9 caso ou n\u00e3o de recurso. Sobre a mat\u00e9ria, v. RT 553\/375, 558\/336. Nada impede, contudo, [&hellip;]\" \/>\n<meta property=\"og:url\" content=\"https:\/\/meusitejuridico.com.br\/2018\/01\/08\/pode-o-mp-recorrer-contra-absolvicao-querelado\/\" \/>\n<meta property=\"og:site_name\" content=\"Meu site jur\u00eddico\" \/>\n<meta property=\"article:published_time\" content=\"2018-01-08T13:32:41+00:00\" \/>\n<meta property=\"og:image\" content=\"https:\/\/meusitejuridico.com.br\/s.meusitejuridico\/2018\/01\/8d7a5292-shutterstock-577961806.jpg\" \/>\n\t<meta property=\"og:image:width\" content=\"1000\" \/>\n\t<meta property=\"og:image:height\" content=\"805\" \/>\n\t<meta property=\"og:image:type\" content=\"image\/jpeg\" \/>\n<meta name=\"author\" content=\"Equipe Meu Site Jur\u00eddico\" \/>\n<meta name=\"twitter:card\" content=\"summary_large_image\" \/>\n<meta name=\"twitter:label1\" content=\"Escrito por\" \/>\n\t<meta name=\"twitter:data1\" content=\"Equipe Meu Site Jur\u00eddico\" \/>\n\t<meta name=\"twitter:label2\" content=\"Est. tempo de leitura\" \/>\n\t<meta name=\"twitter:data2\" content=\"1 minuto\" \/>\n<script type=\"application\/ld+json\" class=\"yoast-schema-graph\">{\"@context\":\"https:\/\/schema.org\",\"@graph\":[{\"@type\":\"Article\",\"@id\":\"https:\/\/meusitejuridico.com.br\/2018\/01\/08\/pode-o-mp-recorrer-contra-absolvicao-querelado\/#article\",\"isPartOf\":{\"@id\":\"https:\/\/meusitejuridico.com.br\/2018\/01\/08\/pode-o-mp-recorrer-contra-absolvicao-querelado\/\"},\"author\":{\"name\":\"Equipe Meu Site Jur\u00eddico\",\"@id\":\"https:\/\/cdn.meusitejuridico.com.br\/#\/schema\/person\/5c2237ac0c8ff03bcf1a09fe3e45dfce\"},\"headline\":\"Pode o MP recorrer contra a absolvi\u00e7\u00e3o do querelado?\",\"datePublished\":\"2018-01-08T13:32:41+00:00\",\"mainEntityOfPage\":{\"@id\":\"https:\/\/meusitejuridico.com.br\/2018\/01\/08\/pode-o-mp-recorrer-contra-absolvicao-querelado\/\"},\"wordCount\":171,\"commentCount\":0,\"publisher\":{\"@id\":\"https:\/\/cdn.meusitejuridico.com.br\/#organization\"},\"image\":{\"@id\":\"https:\/\/meusitejuridico.com.br\/2018\/01\/08\/pode-o-mp-recorrer-contra-absolvicao-querelado\/#primaryimage\"},\"thumbnailUrl\":\"https:\/\/webmail.meusitejuridico.com.br\/s.meusitejuridico\/2018\/01\/8d7a5292-shutterstock-577961806.jpg\",\"keywords\":[\"absolvi\u00e7\u00e3o\",\"Processo Penal\",\"querelado\",\"recurso\"],\"articleSection\":[\"Material de aula\",\"Perguntas e Respostas\"],\"inLanguage\":\"pt-BR\",\"potentialAction\":[{\"@type\":\"CommentAction\",\"name\":\"Comment\",\"target\":[\"https:\/\/meusitejuridico.com.br\/2018\/01\/08\/pode-o-mp-recorrer-contra-absolvicao-querelado\/#respond\"]}]},{\"@type\":\"WebPage\",\"@id\":\"https:\/\/meusitejuridico.com.br\/2018\/01\/08\/pode-o-mp-recorrer-contra-absolvicao-querelado\/\",\"url\":\"https:\/\/meusitejuridico.com.br\/2018\/01\/08\/pode-o-mp-recorrer-contra-absolvicao-querelado\/\",\"name\":\"Pode o MP recorrer contra a absolvi\u00e7\u00e3o do querelado? - Meu site jur\u00eddico\",\"isPartOf\":{\"@id\":\"https:\/\/cdn.meusitejuridico.com.br\/#website\"},\"primaryImageOfPage\":{\"@id\":\"https:\/\/meusitejuridico.com.br\/2018\/01\/08\/pode-o-mp-recorrer-contra-absolvicao-querelado\/#primaryimage\"},\"image\":{\"@id\":\"https:\/\/meusitejuridico.com.br\/2018\/01\/08\/pode-o-mp-recorrer-contra-absolvicao-querelado\/#primaryimage\"},\"thumbnailUrl\":\"https:\/\/webmail.meusitejuridico.com.br\/s.meusitejuridico\/2018\/01\/8d7a5292-shutterstock-577961806.jpg\",\"datePublished\":\"2018-01-08T13:32:41+00:00\",\"breadcrumb\":{\"@id\":\"https:\/\/meusitejuridico.com.br\/2018\/01\/08\/pode-o-mp-recorrer-contra-absolvicao-querelado\/#breadcrumb\"},\"inLanguage\":\"pt-BR\",\"potentialAction\":[{\"@type\":\"ReadAction\",\"target\":[\"https:\/\/meusitejuridico.com.br\/2018\/01\/08\/pode-o-mp-recorrer-contra-absolvicao-querelado\/\"]}]},{\"@type\":\"ImageObject\",\"inLanguage\":\"pt-BR\",\"@id\":\"https:\/\/meusitejuridico.com.br\/2018\/01\/08\/pode-o-mp-recorrer-contra-absolvicao-querelado\/#primaryimage\",\"url\":\"https:\/\/webmail.meusitejuridico.com.br\/s.meusitejuridico\/2018\/01\/8d7a5292-shutterstock-577961806.jpg\",\"contentUrl\":\"https:\/\/webmail.meusitejuridico.com.br\/s.meusitejuridico\/2018\/01\/8d7a5292-shutterstock-577961806.jpg\",\"width\":1000,\"height\":805},{\"@type\":\"BreadcrumbList\",\"@id\":\"https:\/\/meusitejuridico.com.br\/2018\/01\/08\/pode-o-mp-recorrer-contra-absolvicao-querelado\/#breadcrumb\",\"itemListElement\":[{\"@type\":\"ListItem\",\"position\":1,\"name\":\"In\u00edcio\",\"item\":\"https:\/\/cdn.meusitejuridico.com.br\/\"},{\"@type\":\"ListItem\",\"position\":2,\"name\":\"Pode o MP recorrer contra a absolvi\u00e7\u00e3o do querelado?\"}]},{\"@type\":\"WebSite\",\"@id\":\"https:\/\/cdn.meusitejuridico.com.br\/#website\",\"url\":\"https:\/\/cdn.meusitejuridico.com.br\/\",\"name\":\"Meu site jur\u00eddico\",\"description\":\"Meu site jur\u00eddico\",\"publisher\":{\"@id\":\"https:\/\/cdn.meusitejuridico.com.br\/#organization\"},\"potentialAction\":[{\"@type\":\"SearchAction\",\"target\":{\"@type\":\"EntryPoint\",\"urlTemplate\":\"https:\/\/cdn.meusitejuridico.com.br\/?s={search_term_string}\"},\"query-input\":{\"@type\":\"PropertyValueSpecification\",\"valueRequired\":true,\"valueName\":\"search_term_string\"}}],\"inLanguage\":\"pt-BR\"},{\"@type\":\"Organization\",\"@id\":\"https:\/\/cdn.meusitejuridico.com.br\/#organization\",\"name\":\"Meu site jur\u00eddico\",\"url\":\"https:\/\/cdn.meusitejuridico.com.br\/\",\"logo\":{\"@type\":\"ImageObject\",\"inLanguage\":\"pt-BR\",\"@id\":\"https:\/\/cdn.meusitejuridico.com.br\/#\/schema\/logo\/image\/\",\"url\":\"https:\/\/webmail.meusitejuridico.com.br\/s.meusitejuridico\/2022\/03\/cropped-baeec2a3-msj-02-01-01.png\",\"contentUrl\":\"https:\/\/webmail.meusitejuridico.com.br\/s.meusitejuridico\/2022\/03\/cropped-baeec2a3-msj-02-01-01.png\",\"width\":349,\"height\":243,\"caption\":\"Meu site jur\u00eddico\"},\"image\":{\"@id\":\"https:\/\/cdn.meusitejuridico.com.br\/#\/schema\/logo\/image\/\"}},{\"@type\":\"Person\",\"@id\":\"https:\/\/cdn.meusitejuridico.com.br\/#\/schema\/person\/5c2237ac0c8ff03bcf1a09fe3e45dfce\",\"name\":\"Equipe Meu Site Jur\u00eddico\",\"image\":{\"@type\":\"ImageObject\",\"inLanguage\":\"pt-BR\",\"@id\":\"https:\/\/cdn.meusitejuridico.com.br\/#\/schema\/person\/image\/\",\"url\":\"https:\/\/webmail.meusitejuridico.com.br\/s.meusitejuridico\/2020\/07\/6be289aa-logo-msj.png\",\"contentUrl\":\"https:\/\/webmail.meusitejuridico.com.br\/s.meusitejuridico\/2020\/07\/6be289aa-logo-msj.png\",\"caption\":\"Equipe Meu Site Jur\u00eddico\"},\"description\":\"Contem conosco!\",\"url\":\"https:\/\/webmail.meusitejuridico.com.br\/author\/equipe-meu-site-juridico\/\"}]}<\/script>\n<!-- \/ Yoast SEO plugin. -->","yoast_head_json":{"title":"Pode o MP recorrer contra a absolvi\u00e7\u00e3o do querelado? - Meu site jur\u00eddico","robots":{"index":"index","follow":"follow","max-snippet":"max-snippet:-1","max-image-preview":"max-image-preview:large","max-video-preview":"max-video-preview:-1"},"canonical":"https:\/\/meusitejuridico.com.br\/2018\/01\/08\/pode-o-mp-recorrer-contra-absolvicao-querelado\/","og_locale":"pt_BR","og_type":"article","og_title":"Pode o MP recorrer contra a absolvi\u00e7\u00e3o do querelado? - Meu site jur\u00eddico","og_description":"N\u00e3o se confere ao parquet a faculdade de recorrer em favor do querelante, se absolvido o querelado, na a\u00e7\u00e3o penal exclusivamente (ou genuinamente) privada, pois cabe apenas a esse \u00faltimo, segundo seu crit\u00e9rio de conveni\u00eancia e oportunidade, analisar se \u00e9 caso ou n\u00e3o de recurso. Sobre a mat\u00e9ria, v. RT 553\/375, 558\/336. Nada impede, contudo, [&hellip;]","og_url":"https:\/\/meusitejuridico.com.br\/2018\/01\/08\/pode-o-mp-recorrer-contra-absolvicao-querelado\/","og_site_name":"Meu site jur\u00eddico","article_published_time":"2018-01-08T13:32:41+00:00","og_image":[{"width":1000,"height":805,"url":"https:\/\/meusitejuridico.com.br\/s.meusitejuridico\/2018\/01\/8d7a5292-shutterstock-577961806.jpg","type":"image\/jpeg"}],"author":"Equipe Meu Site Jur\u00eddico","twitter_card":"summary_large_image","twitter_misc":{"Escrito por":"Equipe Meu Site Jur\u00eddico","Est. tempo de leitura":"1 minuto"},"schema":{"@context":"https:\/\/schema.org","@graph":[{"@type":"Article","@id":"https:\/\/meusitejuridico.com.br\/2018\/01\/08\/pode-o-mp-recorrer-contra-absolvicao-querelado\/#article","isPartOf":{"@id":"https:\/\/meusitejuridico.com.br\/2018\/01\/08\/pode-o-mp-recorrer-contra-absolvicao-querelado\/"},"author":{"name":"Equipe Meu Site Jur\u00eddico","@id":"https:\/\/cdn.meusitejuridico.com.br\/#\/schema\/person\/5c2237ac0c8ff03bcf1a09fe3e45dfce"},"headline":"Pode o MP recorrer contra a absolvi\u00e7\u00e3o do querelado?","datePublished":"2018-01-08T13:32:41+00:00","mainEntityOfPage":{"@id":"https:\/\/meusitejuridico.com.br\/2018\/01\/08\/pode-o-mp-recorrer-contra-absolvicao-querelado\/"},"wordCount":171,"commentCount":0,"publisher":{"@id":"https:\/\/cdn.meusitejuridico.com.br\/#organization"},"image":{"@id":"https:\/\/meusitejuridico.com.br\/2018\/01\/08\/pode-o-mp-recorrer-contra-absolvicao-querelado\/#primaryimage"},"thumbnailUrl":"https:\/\/webmail.meusitejuridico.com.br\/s.meusitejuridico\/2018\/01\/8d7a5292-shutterstock-577961806.jpg","keywords":["absolvi\u00e7\u00e3o","Processo Penal","querelado","recurso"],"articleSection":["Material de aula","Perguntas e Respostas"],"inLanguage":"pt-BR","potentialAction":[{"@type":"CommentAction","name":"Comment","target":["https:\/\/meusitejuridico.com.br\/2018\/01\/08\/pode-o-mp-recorrer-contra-absolvicao-querelado\/#respond"]}]},{"@type":"WebPage","@id":"https:\/\/meusitejuridico.com.br\/2018\/01\/08\/pode-o-mp-recorrer-contra-absolvicao-querelado\/","url":"https:\/\/meusitejuridico.com.br\/2018\/01\/08\/pode-o-mp-recorrer-contra-absolvicao-querelado\/","name":"Pode o MP recorrer contra a absolvi\u00e7\u00e3o do querelado? - Meu site jur\u00eddico","isPartOf":{"@id":"https:\/\/cdn.meusitejuridico.com.br\/#website"},"primaryImageOfPage":{"@id":"https:\/\/meusitejuridico.com.br\/2018\/01\/08\/pode-o-mp-recorrer-contra-absolvicao-querelado\/#primaryimage"},"image":{"@id":"https:\/\/meusitejuridico.com.br\/2018\/01\/08\/pode-o-mp-recorrer-contra-absolvicao-querelado\/#primaryimage"},"thumbnailUrl":"https:\/\/webmail.meusitejuridico.com.br\/s.meusitejuridico\/2018\/01\/8d7a5292-shutterstock-577961806.jpg","datePublished":"2018-01-08T13:32:41+00:00","breadcrumb":{"@id":"https:\/\/meusitejuridico.com.br\/2018\/01\/08\/pode-o-mp-recorrer-contra-absolvicao-querelado\/#breadcrumb"},"inLanguage":"pt-BR","potentialAction":[{"@type":"ReadAction","target":["https:\/\/meusitejuridico.com.br\/2018\/01\/08\/pode-o-mp-recorrer-contra-absolvicao-querelado\/"]}]},{"@type":"ImageObject","inLanguage":"pt-BR","@id":"https:\/\/meusitejuridico.com.br\/2018\/01\/08\/pode-o-mp-recorrer-contra-absolvicao-querelado\/#primaryimage","url":"https:\/\/webmail.meusitejuridico.com.br\/s.meusitejuridico\/2018\/01\/8d7a5292-shutterstock-577961806.jpg","contentUrl":"https:\/\/webmail.meusitejuridico.com.br\/s.meusitejuridico\/2018\/01\/8d7a5292-shutterstock-577961806.jpg","width":1000,"height":805},{"@type":"BreadcrumbList","@id":"https:\/\/meusitejuridico.com.br\/2018\/01\/08\/pode-o-mp-recorrer-contra-absolvicao-querelado\/#breadcrumb","itemListElement":[{"@type":"ListItem","position":1,"name":"In\u00edcio","item":"https:\/\/cdn.meusitejuridico.com.br\/"},{"@type":"ListItem","position":2,"name":"Pode o MP recorrer contra a absolvi\u00e7\u00e3o do querelado?"}]},{"@type":"WebSite","@id":"https:\/\/cdn.meusitejuridico.com.br\/#website","url":"https:\/\/cdn.meusitejuridico.com.br\/","name":"Meu site jur\u00eddico","description":"Meu site jur\u00eddico","publisher":{"@id":"https:\/\/cdn.meusitejuridico.com.br\/#organization"},"potentialAction":[{"@type":"SearchAction","target":{"@type":"EntryPoint","urlTemplate":"https:\/\/cdn.meusitejuridico.com.br\/?s={search_term_string}"},"query-input":{"@type":"PropertyValueSpecification","valueRequired":true,"valueName":"search_term_string"}}],"inLanguage":"pt-BR"},{"@type":"Organization","@id":"https:\/\/cdn.meusitejuridico.com.br\/#organization","name":"Meu site jur\u00eddico","url":"https:\/\/cdn.meusitejuridico.com.br\/","logo":{"@type":"ImageObject","inLanguage":"pt-BR","@id":"https:\/\/cdn.meusitejuridico.com.br\/#\/schema\/logo\/image\/","url":"https:\/\/webmail.meusitejuridico.com.br\/s.meusitejuridico\/2022\/03\/cropped-baeec2a3-msj-02-01-01.png","contentUrl":"https:\/\/webmail.meusitejuridico.com.br\/s.meusitejuridico\/2022\/03\/cropped-baeec2a3-msj-02-01-01.png","width":349,"height":243,"caption":"Meu site jur\u00eddico"},"image":{"@id":"https:\/\/cdn.meusitejuridico.com.br\/#\/schema\/logo\/image\/"}},{"@type":"Person","@id":"https:\/\/cdn.meusitejuridico.com.br\/#\/schema\/person\/5c2237ac0c8ff03bcf1a09fe3e45dfce","name":"Equipe Meu Site Jur\u00eddico","image":{"@type":"ImageObject","inLanguage":"pt-BR","@id":"https:\/\/cdn.meusitejuridico.com.br\/#\/schema\/person\/image\/","url":"https:\/\/webmail.meusitejuridico.com.br\/s.meusitejuridico\/2020\/07\/6be289aa-logo-msj.png","contentUrl":"https:\/\/webmail.meusitejuridico.com.br\/s.meusitejuridico\/2020\/07\/6be289aa-logo-msj.png","caption":"Equipe Meu Site Jur\u00eddico"},"description":"Contem conosco!","url":"https:\/\/webmail.meusitejuridico.com.br\/author\/equipe-meu-site-juridico\/"}]}},"_links":{"self":[{"href":"https:\/\/webmail.meusitejuridico.com.br\/api\/wp\/v2\/posts\/4203","targetHints":{"allow":["GET"]}}],"collection":[{"href":"https:\/\/webmail.meusitejuridico.com.br\/api\/wp\/v2\/posts"}],"about":[{"href":"https:\/\/webmail.meusitejuridico.com.br\/api\/wp\/v2\/types\/post"}],"author":[{"embeddable":true,"href":"https:\/\/webmail.meusitejuridico.com.br\/api\/wp\/v2\/users\/7"}],"replies":[{"embeddable":true,"href":"https:\/\/webmail.meusitejuridico.com.br\/api\/wp\/v2\/comments?post=4203"}],"version-history":[{"count":3,"href":"https:\/\/webmail.meusitejuridico.com.br\/api\/wp\/v2\/posts\/4203\/revisions"}],"predecessor-version":[{"id":4207,"href":"https:\/\/webmail.meusitejuridico.com.br\/api\/wp\/v2\/posts\/4203\/revisions\/4207"}],"wp:featuredmedia":[{"embeddable":true,"href":"https:\/\/webmail.meusitejuridico.com.br\/api\/wp\/v2\/media\/4204"}],"wp:attachment":[{"href":"https:\/\/webmail.meusitejuridico.com.br\/api\/wp\/v2\/media?parent=4203"}],"wp:term":[{"taxonomy":"category","embeddable":true,"href":"https:\/\/webmail.meusitejuridico.com.br\/api\/wp\/v2\/categories?post=4203"},{"taxonomy":"post_tag","embeddable":true,"href":"https:\/\/webmail.meusitejuridico.com.br\/api\/wp\/v2\/tags?post=4203"}],"curies":[{"name":"wp","href":"https:\/\/api.w.org\/{rel}","templated":true}]}}