{"id":3672,"date":"2017-10-07T07:00:31","date_gmt":"2017-10-07T10:00:31","guid":{"rendered":"https:\/\/meusitejuridico.com.br\/?p=3672"},"modified":"2017-10-06T23:10:46","modified_gmt":"2017-10-07T02:10:46","slug":"requisicao-obriga-o-delegado-de-policia-instaurar-o-inquerito","status":"publish","type":"post","link":"https:\/\/webmail.meusitejuridico.com.br\/2017\/10\/07\/requisicao-obriga-o-delegado-de-policia-instaurar-o-inquerito\/","title":{"rendered":"A requisi\u00e7\u00e3o obriga o delegado de pol\u00edcia a instaurar o inqu\u00e9rito?"},"content":{"rendered":"<p>Embora inexista qualquer subordina\u00e7\u00e3o hier\u00e1rquica entre o delegado de pol\u00edcia, o promotor de Justi\u00e7a e o juiz de direito, o certo \u00e9 que a requisi\u00e7\u00e3o formulada por estes dois \u00faltimos possui um inequ\u00edvoco car\u00e1ter de ordem. Assim, cabe a instaura\u00e7\u00e3o do inqu\u00e9rito mediante requisi\u00e7\u00e3o da autoridade judici\u00e1ria e do Minist\u00e9rio P\u00fablico, conforme disp\u00f5e a primeira parte do inc. II, do art. 5\u00ba, do CPP.<\/p>\n<p><strong>Material extra\u00eddo da obra\u00a0<\/strong><a href=\"https:\/\/goo.gl\/cEpf7X?utm_source=Site&amp;utm_medium=MeuSiteJuridico%22\">C\u00f3digo de Processo Penal e Lei de Execu\u00e7\u00e3o Penal Comentados por Artigos (2017)<\/a><\/p>\n","protected":false},"excerpt":{"rendered":"<p>Embora inexista qualquer subordina\u00e7\u00e3o hier\u00e1rquica entre o delegado de pol\u00edcia, o promotor de Justi\u00e7a e o juiz de direito, o certo \u00e9 que a requisi\u00e7\u00e3o formulada por estes dois \u00faltimos possui um inequ\u00edvoco car\u00e1ter de ordem. Assim, cabe a instaura\u00e7\u00e3o do inqu\u00e9rito mediante requisi\u00e7\u00e3o da autoridade judici\u00e1ria e do Minist\u00e9rio P\u00fablico, conforme disp\u00f5e a primeira [&hellip;]<\/p>\n","protected":false},"author":7,"featured_media":3062,"comment_status":"open","ping_status":"open","sticky":false,"template":"","format":"standard","meta":{"_acf_changed":false,"footnotes":""},"categories":[78,437],"tags":[252,119,781],"class_list":["post-3672","post","type-post","status-publish","format-standard","has-post-thumbnail","hentry","category-material-de-aula","category-perguntas-e-respostas","tag-inquerito","tag-processo-penal","tag-requisicao"],"acf":[],"yoast_head":"<!-- This site is optimized with the Yoast SEO plugin v24.8.1 - https:\/\/yoast.com\/wordpress\/plugins\/seo\/ -->\n<title>A requisi\u00e7\u00e3o obriga o delegado de pol\u00edcia a instaurar o inqu\u00e9rito? - Meu site jur\u00eddico<\/title>\n<meta name=\"robots\" content=\"index, follow, max-snippet:-1, max-image-preview:large, max-video-preview:-1\" \/>\n<link rel=\"canonical\" href=\"https:\/\/webmail.meusitejuridico.com.br\/2017\/10\/07\/requisicao-obriga-o-delegado-de-policia-instaurar-o-inquerito\/\" \/>\n<meta property=\"og:locale\" content=\"pt_BR\" \/>\n<meta property=\"og:type\" content=\"article\" \/>\n<meta property=\"og:title\" content=\"A requisi\u00e7\u00e3o obriga o delegado de pol\u00edcia a instaurar o inqu\u00e9rito? - Meu site jur\u00eddico\" \/>\n<meta property=\"og:description\" content=\"Embora inexista qualquer subordina\u00e7\u00e3o hier\u00e1rquica entre o delegado de pol\u00edcia, o promotor de Justi\u00e7a e o juiz de direito, o certo \u00e9 que a requisi\u00e7\u00e3o formulada por estes dois \u00faltimos possui um inequ\u00edvoco car\u00e1ter de ordem. Assim, cabe a instaura\u00e7\u00e3o do inqu\u00e9rito mediante requisi\u00e7\u00e3o da autoridade judici\u00e1ria e do Minist\u00e9rio P\u00fablico, conforme disp\u00f5e a primeira [&hellip;]\" \/>\n<meta property=\"og:url\" content=\"https:\/\/webmail.meusitejuridico.com.br\/2017\/10\/07\/requisicao-obriga-o-delegado-de-policia-instaurar-o-inquerito\/\" \/>\n<meta property=\"og:site_name\" content=\"Meu site jur\u00eddico\" \/>\n<meta property=\"article:published_time\" content=\"2017-10-07T10:00:31+00:00\" \/>\n<meta property=\"og:image\" content=\"https:\/\/webmail.meusitejuridico.com.br\/s.meusitejuridico\/2017\/07\/bbc64669-shutterstock-562341994.jpg\" \/>\n\t<meta property=\"og:image:width\" content=\"3150\" \/>\n\t<meta property=\"og:image:height\" content=\"2031\" \/>\n\t<meta property=\"og:image:type\" content=\"image\/jpeg\" \/>\n<meta name=\"author\" content=\"Equipe Meu Site Jur\u00eddico\" \/>\n<meta name=\"twitter:card\" content=\"summary_large_image\" \/>\n<meta name=\"twitter:label1\" content=\"Escrito por\" \/>\n\t<meta name=\"twitter:data1\" content=\"Equipe Meu Site Jur\u00eddico\" \/>\n<script type=\"application\/ld+json\" class=\"yoast-schema-graph\">{\"@context\":\"https:\/\/schema.org\",\"@graph\":[{\"@type\":\"Article\",\"@id\":\"https:\/\/webmail.meusitejuridico.com.br\/2017\/10\/07\/requisicao-obriga-o-delegado-de-policia-instaurar-o-inquerito\/#article\",\"isPartOf\":{\"@id\":\"https:\/\/webmail.meusitejuridico.com.br\/2017\/10\/07\/requisicao-obriga-o-delegado-de-policia-instaurar-o-inquerito\/\"},\"author\":{\"name\":\"Equipe Meu Site Jur\u00eddico\",\"@id\":\"https:\/\/meusitejuridico.editorajuspodivm.com.br\/#\/schema\/person\/5c2237ac0c8ff03bcf1a09fe3e45dfce\"},\"headline\":\"A requisi\u00e7\u00e3o obriga o delegado de pol\u00edcia a instaurar o inqu\u00e9rito?\",\"datePublished\":\"2017-10-07T10:00:31+00:00\",\"mainEntityOfPage\":{\"@id\":\"https:\/\/webmail.meusitejuridico.com.br\/2017\/10\/07\/requisicao-obriga-o-delegado-de-policia-instaurar-o-inquerito\/\"},\"wordCount\":109,\"commentCount\":5,\"publisher\":{\"@id\":\"https:\/\/meusitejuridico.editorajuspodivm.com.br\/#organization\"},\"image\":{\"@id\":\"https:\/\/webmail.meusitejuridico.com.br\/2017\/10\/07\/requisicao-obriga-o-delegado-de-policia-instaurar-o-inquerito\/#primaryimage\"},\"thumbnailUrl\":\"https:\/\/webmail.meusitejuridico.com.br\/s.meusitejuridico\/2017\/07\/bbc64669-shutterstock-562341994.jpg\",\"keywords\":[\"inqu\u00e9rito\",\"Processo Penal\",\"requisi\u00e7\u00e3o\"],\"articleSection\":[\"Material de aula\",\"Perguntas e Respostas\"],\"inLanguage\":\"pt-BR\",\"potentialAction\":[{\"@type\":\"CommentAction\",\"name\":\"Comment\",\"target\":[\"https:\/\/webmail.meusitejuridico.com.br\/2017\/10\/07\/requisicao-obriga-o-delegado-de-policia-instaurar-o-inquerito\/#respond\"]}]},{\"@type\":\"WebPage\",\"@id\":\"https:\/\/webmail.meusitejuridico.com.br\/2017\/10\/07\/requisicao-obriga-o-delegado-de-policia-instaurar-o-inquerito\/\",\"url\":\"https:\/\/webmail.meusitejuridico.com.br\/2017\/10\/07\/requisicao-obriga-o-delegado-de-policia-instaurar-o-inquerito\/\",\"name\":\"A requisi\u00e7\u00e3o obriga o delegado de pol\u00edcia a instaurar o inqu\u00e9rito? - Meu site jur\u00eddico\",\"isPartOf\":{\"@id\":\"https:\/\/meusitejuridico.editorajuspodivm.com.br\/#website\"},\"primaryImageOfPage\":{\"@id\":\"https:\/\/webmail.meusitejuridico.com.br\/2017\/10\/07\/requisicao-obriga-o-delegado-de-policia-instaurar-o-inquerito\/#primaryimage\"},\"image\":{\"@id\":\"https:\/\/webmail.meusitejuridico.com.br\/2017\/10\/07\/requisicao-obriga-o-delegado-de-policia-instaurar-o-inquerito\/#primaryimage\"},\"thumbnailUrl\":\"https:\/\/webmail.meusitejuridico.com.br\/s.meusitejuridico\/2017\/07\/bbc64669-shutterstock-562341994.jpg\",\"datePublished\":\"2017-10-07T10:00:31+00:00\",\"breadcrumb\":{\"@id\":\"https:\/\/webmail.meusitejuridico.com.br\/2017\/10\/07\/requisicao-obriga-o-delegado-de-policia-instaurar-o-inquerito\/#breadcrumb\"},\"inLanguage\":\"pt-BR\",\"potentialAction\":[{\"@type\":\"ReadAction\",\"target\":[\"https:\/\/webmail.meusitejuridico.com.br\/2017\/10\/07\/requisicao-obriga-o-delegado-de-policia-instaurar-o-inquerito\/\"]}]},{\"@type\":\"ImageObject\",\"inLanguage\":\"pt-BR\",\"@id\":\"https:\/\/webmail.meusitejuridico.com.br\/2017\/10\/07\/requisicao-obriga-o-delegado-de-policia-instaurar-o-inquerito\/#primaryimage\",\"url\":\"https:\/\/webmail.meusitejuridico.com.br\/s.meusitejuridico\/2017\/07\/bbc64669-shutterstock-562341994.jpg\",\"contentUrl\":\"https:\/\/webmail.meusitejuridico.com.br\/s.meusitejuridico\/2017\/07\/bbc64669-shutterstock-562341994.jpg\",\"width\":3150,\"height\":2031},{\"@type\":\"BreadcrumbList\",\"@id\":\"https:\/\/webmail.meusitejuridico.com.br\/2017\/10\/07\/requisicao-obriga-o-delegado-de-policia-instaurar-o-inquerito\/#breadcrumb\",\"itemListElement\":[{\"@type\":\"ListItem\",\"position\":1,\"name\":\"In\u00edcio\",\"item\":\"https:\/\/meusitejuridico.editorajuspodivm.com.br\/\"},{\"@type\":\"ListItem\",\"position\":2,\"name\":\"A requisi\u00e7\u00e3o obriga o delegado de pol\u00edcia a instaurar o inqu\u00e9rito?\"}]},{\"@type\":\"WebSite\",\"@id\":\"https:\/\/meusitejuridico.editorajuspodivm.com.br\/#website\",\"url\":\"https:\/\/meusitejuridico.editorajuspodivm.com.br\/\",\"name\":\"Meu site jur\u00eddico\",\"description\":\"Meu site jur\u00eddico\",\"publisher\":{\"@id\":\"https:\/\/meusitejuridico.editorajuspodivm.com.br\/#organization\"},\"potentialAction\":[{\"@type\":\"SearchAction\",\"target\":{\"@type\":\"EntryPoint\",\"urlTemplate\":\"https:\/\/meusitejuridico.editorajuspodivm.com.br\/?s={search_term_string}\"},\"query-input\":{\"@type\":\"PropertyValueSpecification\",\"valueRequired\":true,\"valueName\":\"search_term_string\"}}],\"inLanguage\":\"pt-BR\"},{\"@type\":\"Organization\",\"@id\":\"https:\/\/meusitejuridico.editorajuspodivm.com.br\/#organization\",\"name\":\"Meu site jur\u00eddico\",\"url\":\"https:\/\/meusitejuridico.editorajuspodivm.com.br\/\",\"logo\":{\"@type\":\"ImageObject\",\"inLanguage\":\"pt-BR\",\"@id\":\"https:\/\/meusitejuridico.editorajuspodivm.com.br\/#\/schema\/logo\/image\/\",\"url\":\"https:\/\/webmail.meusitejuridico.com.br\/s.meusitejuridico\/2022\/03\/cropped-baeec2a3-msj-02-01-01.png\",\"contentUrl\":\"https:\/\/webmail.meusitejuridico.com.br\/s.meusitejuridico\/2022\/03\/cropped-baeec2a3-msj-02-01-01.png\",\"width\":349,\"height\":243,\"caption\":\"Meu site jur\u00eddico\"},\"image\":{\"@id\":\"https:\/\/meusitejuridico.editorajuspodivm.com.br\/#\/schema\/logo\/image\/\"}},{\"@type\":\"Person\",\"@id\":\"https:\/\/meusitejuridico.editorajuspodivm.com.br\/#\/schema\/person\/5c2237ac0c8ff03bcf1a09fe3e45dfce\",\"name\":\"Equipe Meu Site Jur\u00eddico\",\"image\":{\"@type\":\"ImageObject\",\"inLanguage\":\"pt-BR\",\"@id\":\"https:\/\/meusitejuridico.editorajuspodivm.com.br\/#\/schema\/person\/image\/\",\"url\":\"https:\/\/webmail.meusitejuridico.com.br\/s.meusitejuridico\/2020\/07\/6be289aa-logo-msj.png\",\"contentUrl\":\"https:\/\/webmail.meusitejuridico.com.br\/s.meusitejuridico\/2020\/07\/6be289aa-logo-msj.png\",\"caption\":\"Equipe Meu Site Jur\u00eddico\"},\"description\":\"Contem conosco!\",\"url\":\"https:\/\/webmail.meusitejuridico.com.br\/author\/equipe-meu-site-juridico\/\"}]}<\/script>\n<!-- \/ Yoast SEO plugin. -->","yoast_head_json":{"title":"A requisi\u00e7\u00e3o obriga o delegado de pol\u00edcia a instaurar o inqu\u00e9rito? - Meu site jur\u00eddico","robots":{"index":"index","follow":"follow","max-snippet":"max-snippet:-1","max-image-preview":"max-image-preview:large","max-video-preview":"max-video-preview:-1"},"canonical":"https:\/\/webmail.meusitejuridico.com.br\/2017\/10\/07\/requisicao-obriga-o-delegado-de-policia-instaurar-o-inquerito\/","og_locale":"pt_BR","og_type":"article","og_title":"A requisi\u00e7\u00e3o obriga o delegado de pol\u00edcia a instaurar o inqu\u00e9rito? - Meu site jur\u00eddico","og_description":"Embora inexista qualquer subordina\u00e7\u00e3o hier\u00e1rquica entre o delegado de pol\u00edcia, o promotor de Justi\u00e7a e o juiz de direito, o certo \u00e9 que a requisi\u00e7\u00e3o formulada por estes dois \u00faltimos possui um inequ\u00edvoco car\u00e1ter de ordem. Assim, cabe a instaura\u00e7\u00e3o do inqu\u00e9rito mediante requisi\u00e7\u00e3o da autoridade judici\u00e1ria e do Minist\u00e9rio P\u00fablico, conforme disp\u00f5e a primeira [&hellip;]","og_url":"https:\/\/webmail.meusitejuridico.com.br\/2017\/10\/07\/requisicao-obriga-o-delegado-de-policia-instaurar-o-inquerito\/","og_site_name":"Meu site jur\u00eddico","article_published_time":"2017-10-07T10:00:31+00:00","og_image":[{"width":3150,"height":2031,"url":"https:\/\/webmail.meusitejuridico.com.br\/s.meusitejuridico\/2017\/07\/bbc64669-shutterstock-562341994.jpg","type":"image\/jpeg"}],"author":"Equipe Meu Site Jur\u00eddico","twitter_card":"summary_large_image","twitter_misc":{"Escrito por":"Equipe Meu Site Jur\u00eddico"},"schema":{"@context":"https:\/\/schema.org","@graph":[{"@type":"Article","@id":"https:\/\/webmail.meusitejuridico.com.br\/2017\/10\/07\/requisicao-obriga-o-delegado-de-policia-instaurar-o-inquerito\/#article","isPartOf":{"@id":"https:\/\/webmail.meusitejuridico.com.br\/2017\/10\/07\/requisicao-obriga-o-delegado-de-policia-instaurar-o-inquerito\/"},"author":{"name":"Equipe Meu Site Jur\u00eddico","@id":"https:\/\/meusitejuridico.editorajuspodivm.com.br\/#\/schema\/person\/5c2237ac0c8ff03bcf1a09fe3e45dfce"},"headline":"A requisi\u00e7\u00e3o obriga o delegado de pol\u00edcia a instaurar o inqu\u00e9rito?","datePublished":"2017-10-07T10:00:31+00:00","mainEntityOfPage":{"@id":"https:\/\/webmail.meusitejuridico.com.br\/2017\/10\/07\/requisicao-obriga-o-delegado-de-policia-instaurar-o-inquerito\/"},"wordCount":109,"commentCount":5,"publisher":{"@id":"https:\/\/meusitejuridico.editorajuspodivm.com.br\/#organization"},"image":{"@id":"https:\/\/webmail.meusitejuridico.com.br\/2017\/10\/07\/requisicao-obriga-o-delegado-de-policia-instaurar-o-inquerito\/#primaryimage"},"thumbnailUrl":"https:\/\/webmail.meusitejuridico.com.br\/s.meusitejuridico\/2017\/07\/bbc64669-shutterstock-562341994.jpg","keywords":["inqu\u00e9rito","Processo Penal","requisi\u00e7\u00e3o"],"articleSection":["Material de aula","Perguntas e Respostas"],"inLanguage":"pt-BR","potentialAction":[{"@type":"CommentAction","name":"Comment","target":["https:\/\/webmail.meusitejuridico.com.br\/2017\/10\/07\/requisicao-obriga-o-delegado-de-policia-instaurar-o-inquerito\/#respond"]}]},{"@type":"WebPage","@id":"https:\/\/webmail.meusitejuridico.com.br\/2017\/10\/07\/requisicao-obriga-o-delegado-de-policia-instaurar-o-inquerito\/","url":"https:\/\/webmail.meusitejuridico.com.br\/2017\/10\/07\/requisicao-obriga-o-delegado-de-policia-instaurar-o-inquerito\/","name":"A requisi\u00e7\u00e3o obriga o delegado de pol\u00edcia a instaurar o inqu\u00e9rito? - Meu site jur\u00eddico","isPartOf":{"@id":"https:\/\/meusitejuridico.editorajuspodivm.com.br\/#website"},"primaryImageOfPage":{"@id":"https:\/\/webmail.meusitejuridico.com.br\/2017\/10\/07\/requisicao-obriga-o-delegado-de-policia-instaurar-o-inquerito\/#primaryimage"},"image":{"@id":"https:\/\/webmail.meusitejuridico.com.br\/2017\/10\/07\/requisicao-obriga-o-delegado-de-policia-instaurar-o-inquerito\/#primaryimage"},"thumbnailUrl":"https:\/\/webmail.meusitejuridico.com.br\/s.meusitejuridico\/2017\/07\/bbc64669-shutterstock-562341994.jpg","datePublished":"2017-10-07T10:00:31+00:00","breadcrumb":{"@id":"https:\/\/webmail.meusitejuridico.com.br\/2017\/10\/07\/requisicao-obriga-o-delegado-de-policia-instaurar-o-inquerito\/#breadcrumb"},"inLanguage":"pt-BR","potentialAction":[{"@type":"ReadAction","target":["https:\/\/webmail.meusitejuridico.com.br\/2017\/10\/07\/requisicao-obriga-o-delegado-de-policia-instaurar-o-inquerito\/"]}]},{"@type":"ImageObject","inLanguage":"pt-BR","@id":"https:\/\/webmail.meusitejuridico.com.br\/2017\/10\/07\/requisicao-obriga-o-delegado-de-policia-instaurar-o-inquerito\/#primaryimage","url":"https:\/\/webmail.meusitejuridico.com.br\/s.meusitejuridico\/2017\/07\/bbc64669-shutterstock-562341994.jpg","contentUrl":"https:\/\/webmail.meusitejuridico.com.br\/s.meusitejuridico\/2017\/07\/bbc64669-shutterstock-562341994.jpg","width":3150,"height":2031},{"@type":"BreadcrumbList","@id":"https:\/\/webmail.meusitejuridico.com.br\/2017\/10\/07\/requisicao-obriga-o-delegado-de-policia-instaurar-o-inquerito\/#breadcrumb","itemListElement":[{"@type":"ListItem","position":1,"name":"In\u00edcio","item":"https:\/\/meusitejuridico.editorajuspodivm.com.br\/"},{"@type":"ListItem","position":2,"name":"A requisi\u00e7\u00e3o obriga o delegado de pol\u00edcia a instaurar o inqu\u00e9rito?"}]},{"@type":"WebSite","@id":"https:\/\/meusitejuridico.editorajuspodivm.com.br\/#website","url":"https:\/\/meusitejuridico.editorajuspodivm.com.br\/","name":"Meu site jur\u00eddico","description":"Meu site jur\u00eddico","publisher":{"@id":"https:\/\/meusitejuridico.editorajuspodivm.com.br\/#organization"},"potentialAction":[{"@type":"SearchAction","target":{"@type":"EntryPoint","urlTemplate":"https:\/\/meusitejuridico.editorajuspodivm.com.br\/?s={search_term_string}"},"query-input":{"@type":"PropertyValueSpecification","valueRequired":true,"valueName":"search_term_string"}}],"inLanguage":"pt-BR"},{"@type":"Organization","@id":"https:\/\/meusitejuridico.editorajuspodivm.com.br\/#organization","name":"Meu site jur\u00eddico","url":"https:\/\/meusitejuridico.editorajuspodivm.com.br\/","logo":{"@type":"ImageObject","inLanguage":"pt-BR","@id":"https:\/\/meusitejuridico.editorajuspodivm.com.br\/#\/schema\/logo\/image\/","url":"https:\/\/webmail.meusitejuridico.com.br\/s.meusitejuridico\/2022\/03\/cropped-baeec2a3-msj-02-01-01.png","contentUrl":"https:\/\/webmail.meusitejuridico.com.br\/s.meusitejuridico\/2022\/03\/cropped-baeec2a3-msj-02-01-01.png","width":349,"height":243,"caption":"Meu site jur\u00eddico"},"image":{"@id":"https:\/\/meusitejuridico.editorajuspodivm.com.br\/#\/schema\/logo\/image\/"}},{"@type":"Person","@id":"https:\/\/meusitejuridico.editorajuspodivm.com.br\/#\/schema\/person\/5c2237ac0c8ff03bcf1a09fe3e45dfce","name":"Equipe Meu Site Jur\u00eddico","image":{"@type":"ImageObject","inLanguage":"pt-BR","@id":"https:\/\/meusitejuridico.editorajuspodivm.com.br\/#\/schema\/person\/image\/","url":"https:\/\/webmail.meusitejuridico.com.br\/s.meusitejuridico\/2020\/07\/6be289aa-logo-msj.png","contentUrl":"https:\/\/webmail.meusitejuridico.com.br\/s.meusitejuridico\/2020\/07\/6be289aa-logo-msj.png","caption":"Equipe Meu Site Jur\u00eddico"},"description":"Contem conosco!","url":"https:\/\/webmail.meusitejuridico.com.br\/author\/equipe-meu-site-juridico\/"}]}},"_links":{"self":[{"href":"https:\/\/webmail.meusitejuridico.com.br\/api\/wp\/v2\/posts\/3672","targetHints":{"allow":["GET"]}}],"collection":[{"href":"https:\/\/webmail.meusitejuridico.com.br\/api\/wp\/v2\/posts"}],"about":[{"href":"https:\/\/webmail.meusitejuridico.com.br\/api\/wp\/v2\/types\/post"}],"author":[{"embeddable":true,"href":"https:\/\/webmail.meusitejuridico.com.br\/api\/wp\/v2\/users\/7"}],"replies":[{"embeddable":true,"href":"https:\/\/webmail.meusitejuridico.com.br\/api\/wp\/v2\/comments?post=3672"}],"version-history":[{"count":1,"href":"https:\/\/webmail.meusitejuridico.com.br\/api\/wp\/v2\/posts\/3672\/revisions"}],"predecessor-version":[{"id":3673,"href":"https:\/\/webmail.meusitejuridico.com.br\/api\/wp\/v2\/posts\/3672\/revisions\/3673"}],"wp:featuredmedia":[{"embeddable":true,"href":"https:\/\/webmail.meusitejuridico.com.br\/api\/wp\/v2\/media\/3062"}],"wp:attachment":[{"href":"https:\/\/webmail.meusitejuridico.com.br\/api\/wp\/v2\/media?parent=3672"}],"wp:term":[{"taxonomy":"category","embeddable":true,"href":"https:\/\/webmail.meusitejuridico.com.br\/api\/wp\/v2\/categories?post=3672"},{"taxonomy":"post_tag","embeddable":true,"href":"https:\/\/webmail.meusitejuridico.com.br\/api\/wp\/v2\/tags?post=3672"}],"curies":[{"name":"wp","href":"https:\/\/api.w.org\/{rel}","templated":true}]}}