{"id":3287,"date":"2017-08-18T07:00:39","date_gmt":"2017-08-18T10:00:39","guid":{"rendered":"https:\/\/meusitejuridico.com.br\/?p=3287"},"modified":"2017-08-17T23:54:21","modified_gmt":"2017-08-18T02:54:21","slug":"quais-os-requisitos-para-medida-socioeducativa-de-internacao","status":"publish","type":"post","link":"https:\/\/webmail.meusitejuridico.com.br\/2017\/08\/18\/quais-os-requisitos-para-medida-socioeducativa-de-internacao\/","title":{"rendered":"Quais os requisitos para a medida socioeducativa de interna\u00e7\u00e3o?"},"content":{"rendered":"<p>A interna\u00e7\u00e3o s\u00f3 pode ser aplicada quando:<\/p>\n<p>a) tratar-se de ato infracional cometido mediante grave amea\u00e7a ou viol\u00eancia a pessoa: Segundo o STJ, o delito de tr\u00e1fico de drogas, por n\u00e3o ter como caracter\u00edsticas a viol\u00eancia e a grave amea\u00e7a, n\u00e3o enseja, por si s\u00f3, a interna\u00e7\u00e3o (s\u00famula n\u00ba 492).<\/p>\n<p>b) por reitera\u00e7\u00e3o no cometimento de outras infra\u00e7\u00f5es graves: Para o STJ, embora n\u00e3o se exija n\u00famero m\u00ednimo de infra\u00e7\u00f5es que caracterizem a reitera\u00e7\u00e3o, devem ser observadas as circunst\u00e2ncias do caso concreto em rela\u00e7\u00e3o \u00e0 gravidade. Al\u00e9m disso, deve ter havido tr\u00e2nsito em julgado em rela\u00e7\u00e3o a tais infra\u00e7\u00f5es, pois, do contr\u00e1rio, acaba-se dispensando ao adolescente tratamento mais severo do que ao adulto, contra quem a\u00e7\u00f5es penais em andamento n\u00e3o podem ser consideradas para maus antecedentes ou para reincid\u00eancia (HC 367.359\/SP, DJe 03\/04\/2017).<\/p>\n<p>c) por descumprimento reiterado e injustific\u00e1vel da medida anteriormente imposta.<\/p>\n","protected":false},"excerpt":{"rendered":"<p>A interna\u00e7\u00e3o s\u00f3 pode ser aplicada quando: a) tratar-se de ato infracional cometido mediante grave amea\u00e7a ou viol\u00eancia a pessoa: Segundo o STJ, o delito de tr\u00e1fico de drogas, por n\u00e3o ter como caracter\u00edsticas a viol\u00eancia e a grave amea\u00e7a, n\u00e3o enseja, por si s\u00f3, a interna\u00e7\u00e3o (s\u00famula n\u00ba 492). b) por reitera\u00e7\u00e3o no cometimento [&hellip;]<\/p>\n","protected":false},"author":7,"featured_media":3288,"comment_status":"open","ping_status":"open","sticky":false,"template":"","format":"standard","meta":{"_acf_changed":false,"footnotes":""},"categories":[78,437],"tags":[107,299,935,934],"class_list":["post-3287","post","type-post","status-publish","format-standard","has-post-thumbnail","hentry","category-material-de-aula","category-perguntas-e-respostas","tag-direito-penal","tag-eca","tag-internacao","tag-socioeducativas"],"acf":[],"yoast_head":"<!-- This site is optimized with the Yoast SEO plugin v24.8.1 - https:\/\/yoast.com\/wordpress\/plugins\/seo\/ -->\n<title>Quais os requisitos para a medida socioeducativa de interna\u00e7\u00e3o? - Meu site jur\u00eddico<\/title>\n<meta name=\"robots\" content=\"index, follow, max-snippet:-1, max-image-preview:large, max-video-preview:-1\" \/>\n<link rel=\"canonical\" href=\"https:\/\/meusitejuridico.editorajuspodivm.com.br\/2017\/08\/18\/quais-os-requisitos-para-medida-socioeducativa-de-internacao\/\" \/>\n<meta property=\"og:locale\" content=\"pt_BR\" \/>\n<meta property=\"og:type\" content=\"article\" \/>\n<meta property=\"og:title\" content=\"Quais os requisitos para a medida socioeducativa de interna\u00e7\u00e3o? - Meu site jur\u00eddico\" \/>\n<meta property=\"og:description\" content=\"A interna\u00e7\u00e3o s\u00f3 pode ser aplicada quando: a) tratar-se de ato infracional cometido mediante grave amea\u00e7a ou viol\u00eancia a pessoa: Segundo o STJ, o delito de tr\u00e1fico de drogas, por n\u00e3o ter como caracter\u00edsticas a viol\u00eancia e a grave amea\u00e7a, n\u00e3o enseja, por si s\u00f3, a interna\u00e7\u00e3o (s\u00famula n\u00ba 492). b) por reitera\u00e7\u00e3o no cometimento [&hellip;]\" \/>\n<meta property=\"og:url\" content=\"https:\/\/meusitejuridico.editorajuspodivm.com.br\/2017\/08\/18\/quais-os-requisitos-para-medida-socioeducativa-de-internacao\/\" \/>\n<meta property=\"og:site_name\" content=\"Meu site jur\u00eddico\" \/>\n<meta property=\"article:published_time\" content=\"2017-08-18T10:00:39+00:00\" \/>\n<meta property=\"og:image\" content=\"https:\/\/meusitejuridico.editorajuspodivm.com.br\/s.meusitejuridico\/2017\/08\/307846f8-shutterstock-416890603.jpg\" \/>\n\t<meta property=\"og:image:width\" content=\"6496\" \/>\n\t<meta property=\"og:image:height\" content=\"4872\" \/>\n\t<meta property=\"og:image:type\" content=\"image\/jpeg\" \/>\n<meta name=\"author\" content=\"Equipe Meu Site Jur\u00eddico\" \/>\n<meta name=\"twitter:card\" content=\"summary_large_image\" \/>\n<meta name=\"twitter:label1\" content=\"Escrito por\" \/>\n\t<meta name=\"twitter:data1\" content=\"Equipe Meu Site Jur\u00eddico\" \/>\n\t<meta name=\"twitter:label2\" content=\"Est. tempo de leitura\" \/>\n\t<meta name=\"twitter:data2\" content=\"1 minuto\" \/>\n<script type=\"application\/ld+json\" class=\"yoast-schema-graph\">{\"@context\":\"https:\/\/schema.org\",\"@graph\":[{\"@type\":\"Article\",\"@id\":\"https:\/\/meusitejuridico.editorajuspodivm.com.br\/2017\/08\/18\/quais-os-requisitos-para-medida-socioeducativa-de-internacao\/#article\",\"isPartOf\":{\"@id\":\"https:\/\/meusitejuridico.editorajuspodivm.com.br\/2017\/08\/18\/quais-os-requisitos-para-medida-socioeducativa-de-internacao\/\"},\"author\":{\"name\":\"Equipe Meu Site Jur\u00eddico\",\"@id\":\"https:\/\/meusitejuridico.editorajuspodivm.com.br\/#\/schema\/person\/5c2237ac0c8ff03bcf1a09fe3e45dfce\"},\"headline\":\"Quais os requisitos para a medida socioeducativa de interna\u00e7\u00e3o?\",\"datePublished\":\"2017-08-18T10:00:39+00:00\",\"mainEntityOfPage\":{\"@id\":\"https:\/\/meusitejuridico.editorajuspodivm.com.br\/2017\/08\/18\/quais-os-requisitos-para-medida-socioeducativa-de-internacao\/\"},\"wordCount\":179,\"commentCount\":0,\"publisher\":{\"@id\":\"https:\/\/meusitejuridico.editorajuspodivm.com.br\/#organization\"},\"image\":{\"@id\":\"https:\/\/meusitejuridico.editorajuspodivm.com.br\/2017\/08\/18\/quais-os-requisitos-para-medida-socioeducativa-de-internacao\/#primaryimage\"},\"thumbnailUrl\":\"https:\/\/webmail.meusitejuridico.com.br\/s.meusitejuridico\/2017\/08\/307846f8-shutterstock-416890603.jpg\",\"keywords\":[\"Direito Penal\",\"ECA\",\"interna\u00e7\u00e3o\",\"socioeducativas\"],\"articleSection\":[\"Material de aula\",\"Perguntas e Respostas\"],\"inLanguage\":\"pt-BR\",\"potentialAction\":[{\"@type\":\"CommentAction\",\"name\":\"Comment\",\"target\":[\"https:\/\/meusitejuridico.editorajuspodivm.com.br\/2017\/08\/18\/quais-os-requisitos-para-medida-socioeducativa-de-internacao\/#respond\"]}]},{\"@type\":\"WebPage\",\"@id\":\"https:\/\/meusitejuridico.editorajuspodivm.com.br\/2017\/08\/18\/quais-os-requisitos-para-medida-socioeducativa-de-internacao\/\",\"url\":\"https:\/\/meusitejuridico.editorajuspodivm.com.br\/2017\/08\/18\/quais-os-requisitos-para-medida-socioeducativa-de-internacao\/\",\"name\":\"Quais os requisitos para a medida socioeducativa de interna\u00e7\u00e3o? - Meu site jur\u00eddico\",\"isPartOf\":{\"@id\":\"https:\/\/meusitejuridico.editorajuspodivm.com.br\/#website\"},\"primaryImageOfPage\":{\"@id\":\"https:\/\/meusitejuridico.editorajuspodivm.com.br\/2017\/08\/18\/quais-os-requisitos-para-medida-socioeducativa-de-internacao\/#primaryimage\"},\"image\":{\"@id\":\"https:\/\/meusitejuridico.editorajuspodivm.com.br\/2017\/08\/18\/quais-os-requisitos-para-medida-socioeducativa-de-internacao\/#primaryimage\"},\"thumbnailUrl\":\"https:\/\/webmail.meusitejuridico.com.br\/s.meusitejuridico\/2017\/08\/307846f8-shutterstock-416890603.jpg\",\"datePublished\":\"2017-08-18T10:00:39+00:00\",\"breadcrumb\":{\"@id\":\"https:\/\/meusitejuridico.editorajuspodivm.com.br\/2017\/08\/18\/quais-os-requisitos-para-medida-socioeducativa-de-internacao\/#breadcrumb\"},\"inLanguage\":\"pt-BR\",\"potentialAction\":[{\"@type\":\"ReadAction\",\"target\":[\"https:\/\/meusitejuridico.editorajuspodivm.com.br\/2017\/08\/18\/quais-os-requisitos-para-medida-socioeducativa-de-internacao\/\"]}]},{\"@type\":\"ImageObject\",\"inLanguage\":\"pt-BR\",\"@id\":\"https:\/\/meusitejuridico.editorajuspodivm.com.br\/2017\/08\/18\/quais-os-requisitos-para-medida-socioeducativa-de-internacao\/#primaryimage\",\"url\":\"https:\/\/webmail.meusitejuridico.com.br\/s.meusitejuridico\/2017\/08\/307846f8-shutterstock-416890603.jpg\",\"contentUrl\":\"https:\/\/webmail.meusitejuridico.com.br\/s.meusitejuridico\/2017\/08\/307846f8-shutterstock-416890603.jpg\",\"width\":6496,\"height\":4872},{\"@type\":\"BreadcrumbList\",\"@id\":\"https:\/\/meusitejuridico.editorajuspodivm.com.br\/2017\/08\/18\/quais-os-requisitos-para-medida-socioeducativa-de-internacao\/#breadcrumb\",\"itemListElement\":[{\"@type\":\"ListItem\",\"position\":1,\"name\":\"In\u00edcio\",\"item\":\"https:\/\/meusitejuridico.editorajuspodivm.com.br\/\"},{\"@type\":\"ListItem\",\"position\":2,\"name\":\"Quais os requisitos para a medida socioeducativa de interna\u00e7\u00e3o?\"}]},{\"@type\":\"WebSite\",\"@id\":\"https:\/\/meusitejuridico.editorajuspodivm.com.br\/#website\",\"url\":\"https:\/\/meusitejuridico.editorajuspodivm.com.br\/\",\"name\":\"Meu site jur\u00eddico\",\"description\":\"Meu site jur\u00eddico\",\"publisher\":{\"@id\":\"https:\/\/meusitejuridico.editorajuspodivm.com.br\/#organization\"},\"potentialAction\":[{\"@type\":\"SearchAction\",\"target\":{\"@type\":\"EntryPoint\",\"urlTemplate\":\"https:\/\/meusitejuridico.editorajuspodivm.com.br\/?s={search_term_string}\"},\"query-input\":{\"@type\":\"PropertyValueSpecification\",\"valueRequired\":true,\"valueName\":\"search_term_string\"}}],\"inLanguage\":\"pt-BR\"},{\"@type\":\"Organization\",\"@id\":\"https:\/\/meusitejuridico.editorajuspodivm.com.br\/#organization\",\"name\":\"Meu site jur\u00eddico\",\"url\":\"https:\/\/meusitejuridico.editorajuspodivm.com.br\/\",\"logo\":{\"@type\":\"ImageObject\",\"inLanguage\":\"pt-BR\",\"@id\":\"https:\/\/meusitejuridico.editorajuspodivm.com.br\/#\/schema\/logo\/image\/\",\"url\":\"https:\/\/webmail.meusitejuridico.com.br\/s.meusitejuridico\/2022\/03\/cropped-baeec2a3-msj-02-01-01.png\",\"contentUrl\":\"https:\/\/webmail.meusitejuridico.com.br\/s.meusitejuridico\/2022\/03\/cropped-baeec2a3-msj-02-01-01.png\",\"width\":349,\"height\":243,\"caption\":\"Meu site jur\u00eddico\"},\"image\":{\"@id\":\"https:\/\/meusitejuridico.editorajuspodivm.com.br\/#\/schema\/logo\/image\/\"}},{\"@type\":\"Person\",\"@id\":\"https:\/\/meusitejuridico.editorajuspodivm.com.br\/#\/schema\/person\/5c2237ac0c8ff03bcf1a09fe3e45dfce\",\"name\":\"Equipe Meu Site Jur\u00eddico\",\"image\":{\"@type\":\"ImageObject\",\"inLanguage\":\"pt-BR\",\"@id\":\"https:\/\/meusitejuridico.editorajuspodivm.com.br\/#\/schema\/person\/image\/\",\"url\":\"https:\/\/webmail.meusitejuridico.com.br\/s.meusitejuridico\/2020\/07\/6be289aa-logo-msj.png\",\"contentUrl\":\"https:\/\/webmail.meusitejuridico.com.br\/s.meusitejuridico\/2020\/07\/6be289aa-logo-msj.png\",\"caption\":\"Equipe Meu Site Jur\u00eddico\"},\"description\":\"Contem conosco!\",\"url\":\"https:\/\/webmail.meusitejuridico.com.br\/author\/equipe-meu-site-juridico\/\"}]}<\/script>\n<!-- \/ Yoast SEO plugin. -->","yoast_head_json":{"title":"Quais os requisitos para a medida socioeducativa de interna\u00e7\u00e3o? - Meu site jur\u00eddico","robots":{"index":"index","follow":"follow","max-snippet":"max-snippet:-1","max-image-preview":"max-image-preview:large","max-video-preview":"max-video-preview:-1"},"canonical":"https:\/\/meusitejuridico.editorajuspodivm.com.br\/2017\/08\/18\/quais-os-requisitos-para-medida-socioeducativa-de-internacao\/","og_locale":"pt_BR","og_type":"article","og_title":"Quais os requisitos para a medida socioeducativa de interna\u00e7\u00e3o? - Meu site jur\u00eddico","og_description":"A interna\u00e7\u00e3o s\u00f3 pode ser aplicada quando: a) tratar-se de ato infracional cometido mediante grave amea\u00e7a ou viol\u00eancia a pessoa: Segundo o STJ, o delito de tr\u00e1fico de drogas, por n\u00e3o ter como caracter\u00edsticas a viol\u00eancia e a grave amea\u00e7a, n\u00e3o enseja, por si s\u00f3, a interna\u00e7\u00e3o (s\u00famula n\u00ba 492). b) por reitera\u00e7\u00e3o no cometimento [&hellip;]","og_url":"https:\/\/meusitejuridico.editorajuspodivm.com.br\/2017\/08\/18\/quais-os-requisitos-para-medida-socioeducativa-de-internacao\/","og_site_name":"Meu site jur\u00eddico","article_published_time":"2017-08-18T10:00:39+00:00","og_image":[{"width":6496,"height":4872,"url":"https:\/\/meusitejuridico.editorajuspodivm.com.br\/s.meusitejuridico\/2017\/08\/307846f8-shutterstock-416890603.jpg","type":"image\/jpeg"}],"author":"Equipe Meu Site Jur\u00eddico","twitter_card":"summary_large_image","twitter_misc":{"Escrito por":"Equipe Meu Site Jur\u00eddico","Est. tempo de leitura":"1 minuto"},"schema":{"@context":"https:\/\/schema.org","@graph":[{"@type":"Article","@id":"https:\/\/meusitejuridico.editorajuspodivm.com.br\/2017\/08\/18\/quais-os-requisitos-para-medida-socioeducativa-de-internacao\/#article","isPartOf":{"@id":"https:\/\/meusitejuridico.editorajuspodivm.com.br\/2017\/08\/18\/quais-os-requisitos-para-medida-socioeducativa-de-internacao\/"},"author":{"name":"Equipe Meu Site Jur\u00eddico","@id":"https:\/\/meusitejuridico.editorajuspodivm.com.br\/#\/schema\/person\/5c2237ac0c8ff03bcf1a09fe3e45dfce"},"headline":"Quais os requisitos para a medida socioeducativa de interna\u00e7\u00e3o?","datePublished":"2017-08-18T10:00:39+00:00","mainEntityOfPage":{"@id":"https:\/\/meusitejuridico.editorajuspodivm.com.br\/2017\/08\/18\/quais-os-requisitos-para-medida-socioeducativa-de-internacao\/"},"wordCount":179,"commentCount":0,"publisher":{"@id":"https:\/\/meusitejuridico.editorajuspodivm.com.br\/#organization"},"image":{"@id":"https:\/\/meusitejuridico.editorajuspodivm.com.br\/2017\/08\/18\/quais-os-requisitos-para-medida-socioeducativa-de-internacao\/#primaryimage"},"thumbnailUrl":"https:\/\/webmail.meusitejuridico.com.br\/s.meusitejuridico\/2017\/08\/307846f8-shutterstock-416890603.jpg","keywords":["Direito Penal","ECA","interna\u00e7\u00e3o","socioeducativas"],"articleSection":["Material de aula","Perguntas e Respostas"],"inLanguage":"pt-BR","potentialAction":[{"@type":"CommentAction","name":"Comment","target":["https:\/\/meusitejuridico.editorajuspodivm.com.br\/2017\/08\/18\/quais-os-requisitos-para-medida-socioeducativa-de-internacao\/#respond"]}]},{"@type":"WebPage","@id":"https:\/\/meusitejuridico.editorajuspodivm.com.br\/2017\/08\/18\/quais-os-requisitos-para-medida-socioeducativa-de-internacao\/","url":"https:\/\/meusitejuridico.editorajuspodivm.com.br\/2017\/08\/18\/quais-os-requisitos-para-medida-socioeducativa-de-internacao\/","name":"Quais os requisitos para a medida socioeducativa de interna\u00e7\u00e3o? - Meu site jur\u00eddico","isPartOf":{"@id":"https:\/\/meusitejuridico.editorajuspodivm.com.br\/#website"},"primaryImageOfPage":{"@id":"https:\/\/meusitejuridico.editorajuspodivm.com.br\/2017\/08\/18\/quais-os-requisitos-para-medida-socioeducativa-de-internacao\/#primaryimage"},"image":{"@id":"https:\/\/meusitejuridico.editorajuspodivm.com.br\/2017\/08\/18\/quais-os-requisitos-para-medida-socioeducativa-de-internacao\/#primaryimage"},"thumbnailUrl":"https:\/\/webmail.meusitejuridico.com.br\/s.meusitejuridico\/2017\/08\/307846f8-shutterstock-416890603.jpg","datePublished":"2017-08-18T10:00:39+00:00","breadcrumb":{"@id":"https:\/\/meusitejuridico.editorajuspodivm.com.br\/2017\/08\/18\/quais-os-requisitos-para-medida-socioeducativa-de-internacao\/#breadcrumb"},"inLanguage":"pt-BR","potentialAction":[{"@type":"ReadAction","target":["https:\/\/meusitejuridico.editorajuspodivm.com.br\/2017\/08\/18\/quais-os-requisitos-para-medida-socioeducativa-de-internacao\/"]}]},{"@type":"ImageObject","inLanguage":"pt-BR","@id":"https:\/\/meusitejuridico.editorajuspodivm.com.br\/2017\/08\/18\/quais-os-requisitos-para-medida-socioeducativa-de-internacao\/#primaryimage","url":"https:\/\/webmail.meusitejuridico.com.br\/s.meusitejuridico\/2017\/08\/307846f8-shutterstock-416890603.jpg","contentUrl":"https:\/\/webmail.meusitejuridico.com.br\/s.meusitejuridico\/2017\/08\/307846f8-shutterstock-416890603.jpg","width":6496,"height":4872},{"@type":"BreadcrumbList","@id":"https:\/\/meusitejuridico.editorajuspodivm.com.br\/2017\/08\/18\/quais-os-requisitos-para-medida-socioeducativa-de-internacao\/#breadcrumb","itemListElement":[{"@type":"ListItem","position":1,"name":"In\u00edcio","item":"https:\/\/meusitejuridico.editorajuspodivm.com.br\/"},{"@type":"ListItem","position":2,"name":"Quais os requisitos para a medida socioeducativa de interna\u00e7\u00e3o?"}]},{"@type":"WebSite","@id":"https:\/\/meusitejuridico.editorajuspodivm.com.br\/#website","url":"https:\/\/meusitejuridico.editorajuspodivm.com.br\/","name":"Meu site jur\u00eddico","description":"Meu site jur\u00eddico","publisher":{"@id":"https:\/\/meusitejuridico.editorajuspodivm.com.br\/#organization"},"potentialAction":[{"@type":"SearchAction","target":{"@type":"EntryPoint","urlTemplate":"https:\/\/meusitejuridico.editorajuspodivm.com.br\/?s={search_term_string}"},"query-input":{"@type":"PropertyValueSpecification","valueRequired":true,"valueName":"search_term_string"}}],"inLanguage":"pt-BR"},{"@type":"Organization","@id":"https:\/\/meusitejuridico.editorajuspodivm.com.br\/#organization","name":"Meu site jur\u00eddico","url":"https:\/\/meusitejuridico.editorajuspodivm.com.br\/","logo":{"@type":"ImageObject","inLanguage":"pt-BR","@id":"https:\/\/meusitejuridico.editorajuspodivm.com.br\/#\/schema\/logo\/image\/","url":"https:\/\/webmail.meusitejuridico.com.br\/s.meusitejuridico\/2022\/03\/cropped-baeec2a3-msj-02-01-01.png","contentUrl":"https:\/\/webmail.meusitejuridico.com.br\/s.meusitejuridico\/2022\/03\/cropped-baeec2a3-msj-02-01-01.png","width":349,"height":243,"caption":"Meu site jur\u00eddico"},"image":{"@id":"https:\/\/meusitejuridico.editorajuspodivm.com.br\/#\/schema\/logo\/image\/"}},{"@type":"Person","@id":"https:\/\/meusitejuridico.editorajuspodivm.com.br\/#\/schema\/person\/5c2237ac0c8ff03bcf1a09fe3e45dfce","name":"Equipe Meu Site Jur\u00eddico","image":{"@type":"ImageObject","inLanguage":"pt-BR","@id":"https:\/\/meusitejuridico.editorajuspodivm.com.br\/#\/schema\/person\/image\/","url":"https:\/\/webmail.meusitejuridico.com.br\/s.meusitejuridico\/2020\/07\/6be289aa-logo-msj.png","contentUrl":"https:\/\/webmail.meusitejuridico.com.br\/s.meusitejuridico\/2020\/07\/6be289aa-logo-msj.png","caption":"Equipe Meu Site Jur\u00eddico"},"description":"Contem conosco!","url":"https:\/\/webmail.meusitejuridico.com.br\/author\/equipe-meu-site-juridico\/"}]}},"_links":{"self":[{"href":"https:\/\/webmail.meusitejuridico.com.br\/api\/wp\/v2\/posts\/3287","targetHints":{"allow":["GET"]}}],"collection":[{"href":"https:\/\/webmail.meusitejuridico.com.br\/api\/wp\/v2\/posts"}],"about":[{"href":"https:\/\/webmail.meusitejuridico.com.br\/api\/wp\/v2\/types\/post"}],"author":[{"embeddable":true,"href":"https:\/\/webmail.meusitejuridico.com.br\/api\/wp\/v2\/users\/7"}],"replies":[{"embeddable":true,"href":"https:\/\/webmail.meusitejuridico.com.br\/api\/wp\/v2\/comments?post=3287"}],"version-history":[{"count":1,"href":"https:\/\/webmail.meusitejuridico.com.br\/api\/wp\/v2\/posts\/3287\/revisions"}],"predecessor-version":[{"id":3289,"href":"https:\/\/webmail.meusitejuridico.com.br\/api\/wp\/v2\/posts\/3287\/revisions\/3289"}],"wp:featuredmedia":[{"embeddable":true,"href":"https:\/\/webmail.meusitejuridico.com.br\/api\/wp\/v2\/media\/3288"}],"wp:attachment":[{"href":"https:\/\/webmail.meusitejuridico.com.br\/api\/wp\/v2\/media?parent=3287"}],"wp:term":[{"taxonomy":"category","embeddable":true,"href":"https:\/\/webmail.meusitejuridico.com.br\/api\/wp\/v2\/categories?post=3287"},{"taxonomy":"post_tag","embeddable":true,"href":"https:\/\/webmail.meusitejuridico.com.br\/api\/wp\/v2\/tags?post=3287"}],"curies":[{"name":"wp","href":"https:\/\/api.w.org\/{rel}","templated":true}]}}