{"id":2502,"date":"2017-05-22T07:00:49","date_gmt":"2017-05-22T10:00:49","guid":{"rendered":"https:\/\/meusitejuridico.com.br\/?p=2502"},"modified":"2018-06-14T11:12:03","modified_gmt":"2018-06-14T14:12:03","slug":"cabe-estado-de-necessidade-nos-crimes-habituais-ou-permanentes","status":"publish","type":"post","link":"https:\/\/webmail.meusitejuridico.com.br\/2017\/05\/22\/cabe-estado-de-necessidade-nos-crimes-habituais-ou-permanentes\/","title":{"rendered":"Cabe estado de necessidade nos crimes habituais ou permanentes?"},"content":{"rendered":"<p>Exigindo a <a class='qlabs_tooltip_bottom qlabs_tooltip_style_1 cursor_pointer event_hover' style=''  aria-haspopup='true'>lei<span style='width: 180px; '  >Art. 24 - Considera-se em estado de necessidade quem pratica o fato para salvar de perigo atual, que n\u00e3o provocou por sua vontade, nem podia de outro modo evitar, direito pr\u00f3prio ou alheio, cujo sacrif\u00edcio, nas circunst\u00e2ncias, n\u00e3o era razo\u00e1vel exigir-se.<\/span><\/a> como requisitos do estado de necessidade o perigo atual, a inevitabilidade do comportamento lesivo e a n\u00e3o razoabilidade de exig\u00eancia do sacrif\u00edcio do direito amea\u00e7ado, referindo-se \u00e0s \u201ccircunst\u00e2ncias\u201d do fato, n\u00e3o se tem admitido estado de necessidade nos delitos habituais (que demandam, para sua configura\u00e7\u00e3o, reitera\u00e7\u00e3o de atos) e permanentes (cuja consuma\u00e7\u00e3o de se prolonga no tempo, perdurando enquanto n\u00e3o cessada a perman\u00eancia).<\/p>\n<p>Dentro desse esp\u00edrito, n\u00e3o pode alegar estado de necessidade quem exercita ilegalmente a medicina (crime habitual), ainda que tenha como fim suprir a falta de profissional em zona distante do centro urbano, ou a m\u00e3e que submete o filho ao c\u00e1rcere privado (delito permanente) para impedi-lo de continuar usando drogas. Esses comportamentos, por\u00e9m, apesar de t\u00edpicos e il\u00edcitos, conforme as circunst\u00e2ncias do caso concreto podem configurar inexigibilidade de conduta diversa, excluindo a culpabilidade do seu autor.<\/p>\n<p><strong>Material extra\u00eddo da obra\u00a0<a href=\"https:\/\/goo.gl\/xwxIRY\" target=\"_blank\" rel=\"noopener\">Manual de Direito Penal (parte especial)<\/a><\/strong><\/p>\n","protected":false},"excerpt":{"rendered":"<p>Exigindo a como requisitos do estado de necessidade o perigo atual, a inevitabilidade do comportamento lesivo e a n\u00e3o razoabilidade de exig\u00eancia do sacrif\u00edcio do direito amea\u00e7ado, referindo-se \u00e0s \u201ccircunst\u00e2ncias\u201d do fato, n\u00e3o se tem admitido estado de necessidade nos delitos habituais (que demandam, para sua configura\u00e7\u00e3o, reitera\u00e7\u00e3o de atos) e permanentes (cuja consuma\u00e7\u00e3o de [&hellip;]<\/p>\n","protected":false},"author":7,"featured_media":2503,"comment_status":"open","ping_status":"open","sticky":false,"template":"","format":"standard","meta":{"_acf_changed":false,"footnotes":""},"categories":[78,437],"tags":[495,496,494,253],"class_list":["post-2502","post","type-post","status-publish","format-standard","has-post-thumbnail","hentry","category-material-de-aula","category-perguntas-e-respostas","tag-crimes-habituais","tag-crimes-permanentes","tag-estado-de-necessidade","tag-exclusao-da-ilicitude"],"acf":[],"yoast_head":"<!-- This site is optimized with the Yoast SEO plugin v24.8.1 - https:\/\/yoast.com\/wordpress\/plugins\/seo\/ -->\n<title>Cabe estado de necessidade nos crimes habituais ou permanentes? - Meu site jur\u00eddico<\/title>\n<meta name=\"robots\" content=\"index, follow, max-snippet:-1, max-image-preview:large, max-video-preview:-1\" \/>\n<link rel=\"canonical\" href=\"https:\/\/cdn.meusitejuridico.com.br\/2017\/05\/22\/cabe-estado-de-necessidade-nos-crimes-habituais-ou-permanentes\/\" \/>\n<meta property=\"og:locale\" content=\"pt_BR\" \/>\n<meta property=\"og:type\" content=\"article\" \/>\n<meta property=\"og:title\" content=\"Cabe estado de necessidade nos crimes habituais ou permanentes? - Meu site jur\u00eddico\" \/>\n<meta property=\"og:description\" content=\"Exigindo a como requisitos do estado de necessidade o perigo atual, a inevitabilidade do comportamento lesivo e a n\u00e3o razoabilidade de exig\u00eancia do sacrif\u00edcio do direito amea\u00e7ado, referindo-se \u00e0s \u201ccircunst\u00e2ncias\u201d do fato, n\u00e3o se tem admitido estado de necessidade nos delitos habituais (que demandam, para sua configura\u00e7\u00e3o, reitera\u00e7\u00e3o de atos) e permanentes (cuja consuma\u00e7\u00e3o de [&hellip;]\" \/>\n<meta property=\"og:url\" content=\"https:\/\/cdn.meusitejuridico.com.br\/2017\/05\/22\/cabe-estado-de-necessidade-nos-crimes-habituais-ou-permanentes\/\" \/>\n<meta property=\"og:site_name\" content=\"Meu site jur\u00eddico\" \/>\n<meta property=\"article:published_time\" content=\"2017-05-22T10:00:49+00:00\" \/>\n<meta property=\"article:modified_time\" content=\"2018-06-14T14:12:03+00:00\" \/>\n<meta property=\"og:image\" content=\"https:\/\/cdn.meusitejuridico.com.br\/s.meusitejuridico\/2017\/05\/79f58770-shutterstock-299033708.jpg\" \/>\n\t<meta property=\"og:image:width\" content=\"4288\" \/>\n\t<meta property=\"og:image:height\" content=\"2848\" \/>\n\t<meta property=\"og:image:type\" content=\"image\/jpeg\" \/>\n<meta name=\"author\" content=\"Equipe Meu Site Jur\u00eddico\" \/>\n<meta name=\"twitter:card\" content=\"summary_large_image\" \/>\n<meta name=\"twitter:label1\" content=\"Escrito por\" \/>\n\t<meta name=\"twitter:data1\" content=\"Equipe Meu Site Jur\u00eddico\" \/>\n\t<meta name=\"twitter:label2\" content=\"Est. tempo de leitura\" \/>\n\t<meta name=\"twitter:data2\" content=\"1 minuto\" \/>\n<script type=\"application\/ld+json\" class=\"yoast-schema-graph\">{\"@context\":\"https:\/\/schema.org\",\"@graph\":[{\"@type\":\"Article\",\"@id\":\"https:\/\/cdn.meusitejuridico.com.br\/2017\/05\/22\/cabe-estado-de-necessidade-nos-crimes-habituais-ou-permanentes\/#article\",\"isPartOf\":{\"@id\":\"https:\/\/cdn.meusitejuridico.com.br\/2017\/05\/22\/cabe-estado-de-necessidade-nos-crimes-habituais-ou-permanentes\/\"},\"author\":{\"name\":\"Equipe Meu Site Jur\u00eddico\",\"@id\":\"https:\/\/cdn.meusitejuridico.com.br\/#\/schema\/person\/5c2237ac0c8ff03bcf1a09fe3e45dfce\"},\"headline\":\"Cabe estado de necessidade nos crimes habituais ou permanentes?\",\"datePublished\":\"2017-05-22T10:00:49+00:00\",\"dateModified\":\"2018-06-14T14:12:03+00:00\",\"mainEntityOfPage\":{\"@id\":\"https:\/\/cdn.meusitejuridico.com.br\/2017\/05\/22\/cabe-estado-de-necessidade-nos-crimes-habituais-ou-permanentes\/\"},\"wordCount\":245,\"commentCount\":0,\"publisher\":{\"@id\":\"https:\/\/cdn.meusitejuridico.com.br\/#organization\"},\"image\":{\"@id\":\"https:\/\/cdn.meusitejuridico.com.br\/2017\/05\/22\/cabe-estado-de-necessidade-nos-crimes-habituais-ou-permanentes\/#primaryimage\"},\"thumbnailUrl\":\"https:\/\/webmail.meusitejuridico.com.br\/s.meusitejuridico\/2017\/05\/79f58770-shutterstock-299033708.jpg\",\"keywords\":[\"crimes habituais\",\"crimes permanentes\",\"estado de necessidade\",\"exclus\u00e3o da ilicitude\"],\"articleSection\":[\"Material de aula\",\"Perguntas e Respostas\"],\"inLanguage\":\"pt-BR\",\"potentialAction\":[{\"@type\":\"CommentAction\",\"name\":\"Comment\",\"target\":[\"https:\/\/cdn.meusitejuridico.com.br\/2017\/05\/22\/cabe-estado-de-necessidade-nos-crimes-habituais-ou-permanentes\/#respond\"]}]},{\"@type\":\"WebPage\",\"@id\":\"https:\/\/cdn.meusitejuridico.com.br\/2017\/05\/22\/cabe-estado-de-necessidade-nos-crimes-habituais-ou-permanentes\/\",\"url\":\"https:\/\/cdn.meusitejuridico.com.br\/2017\/05\/22\/cabe-estado-de-necessidade-nos-crimes-habituais-ou-permanentes\/\",\"name\":\"Cabe estado de necessidade nos crimes habituais ou permanentes? - Meu site jur\u00eddico\",\"isPartOf\":{\"@id\":\"https:\/\/cdn.meusitejuridico.com.br\/#website\"},\"primaryImageOfPage\":{\"@id\":\"https:\/\/cdn.meusitejuridico.com.br\/2017\/05\/22\/cabe-estado-de-necessidade-nos-crimes-habituais-ou-permanentes\/#primaryimage\"},\"image\":{\"@id\":\"https:\/\/cdn.meusitejuridico.com.br\/2017\/05\/22\/cabe-estado-de-necessidade-nos-crimes-habituais-ou-permanentes\/#primaryimage\"},\"thumbnailUrl\":\"https:\/\/webmail.meusitejuridico.com.br\/s.meusitejuridico\/2017\/05\/79f58770-shutterstock-299033708.jpg\",\"datePublished\":\"2017-05-22T10:00:49+00:00\",\"dateModified\":\"2018-06-14T14:12:03+00:00\",\"breadcrumb\":{\"@id\":\"https:\/\/cdn.meusitejuridico.com.br\/2017\/05\/22\/cabe-estado-de-necessidade-nos-crimes-habituais-ou-permanentes\/#breadcrumb\"},\"inLanguage\":\"pt-BR\",\"potentialAction\":[{\"@type\":\"ReadAction\",\"target\":[\"https:\/\/cdn.meusitejuridico.com.br\/2017\/05\/22\/cabe-estado-de-necessidade-nos-crimes-habituais-ou-permanentes\/\"]}]},{\"@type\":\"ImageObject\",\"inLanguage\":\"pt-BR\",\"@id\":\"https:\/\/cdn.meusitejuridico.com.br\/2017\/05\/22\/cabe-estado-de-necessidade-nos-crimes-habituais-ou-permanentes\/#primaryimage\",\"url\":\"https:\/\/webmail.meusitejuridico.com.br\/s.meusitejuridico\/2017\/05\/79f58770-shutterstock-299033708.jpg\",\"contentUrl\":\"https:\/\/webmail.meusitejuridico.com.br\/s.meusitejuridico\/2017\/05\/79f58770-shutterstock-299033708.jpg\",\"width\":4288,\"height\":2848},{\"@type\":\"BreadcrumbList\",\"@id\":\"https:\/\/cdn.meusitejuridico.com.br\/2017\/05\/22\/cabe-estado-de-necessidade-nos-crimes-habituais-ou-permanentes\/#breadcrumb\",\"itemListElement\":[{\"@type\":\"ListItem\",\"position\":1,\"name\":\"In\u00edcio\",\"item\":\"https:\/\/cdn.meusitejuridico.com.br\/\"},{\"@type\":\"ListItem\",\"position\":2,\"name\":\"Cabe estado de necessidade nos crimes habituais ou permanentes?\"}]},{\"@type\":\"WebSite\",\"@id\":\"https:\/\/cdn.meusitejuridico.com.br\/#website\",\"url\":\"https:\/\/cdn.meusitejuridico.com.br\/\",\"name\":\"Meu site jur\u00eddico\",\"description\":\"Meu site jur\u00eddico\",\"publisher\":{\"@id\":\"https:\/\/cdn.meusitejuridico.com.br\/#organization\"},\"potentialAction\":[{\"@type\":\"SearchAction\",\"target\":{\"@type\":\"EntryPoint\",\"urlTemplate\":\"https:\/\/cdn.meusitejuridico.com.br\/?s={search_term_string}\"},\"query-input\":{\"@type\":\"PropertyValueSpecification\",\"valueRequired\":true,\"valueName\":\"search_term_string\"}}],\"inLanguage\":\"pt-BR\"},{\"@type\":\"Organization\",\"@id\":\"https:\/\/cdn.meusitejuridico.com.br\/#organization\",\"name\":\"Meu site jur\u00eddico\",\"url\":\"https:\/\/cdn.meusitejuridico.com.br\/\",\"logo\":{\"@type\":\"ImageObject\",\"inLanguage\":\"pt-BR\",\"@id\":\"https:\/\/cdn.meusitejuridico.com.br\/#\/schema\/logo\/image\/\",\"url\":\"https:\/\/webmail.meusitejuridico.com.br\/s.meusitejuridico\/2022\/03\/cropped-baeec2a3-msj-02-01-01.png\",\"contentUrl\":\"https:\/\/webmail.meusitejuridico.com.br\/s.meusitejuridico\/2022\/03\/cropped-baeec2a3-msj-02-01-01.png\",\"width\":349,\"height\":243,\"caption\":\"Meu site jur\u00eddico\"},\"image\":{\"@id\":\"https:\/\/cdn.meusitejuridico.com.br\/#\/schema\/logo\/image\/\"}},{\"@type\":\"Person\",\"@id\":\"https:\/\/cdn.meusitejuridico.com.br\/#\/schema\/person\/5c2237ac0c8ff03bcf1a09fe3e45dfce\",\"name\":\"Equipe Meu Site Jur\u00eddico\",\"image\":{\"@type\":\"ImageObject\",\"inLanguage\":\"pt-BR\",\"@id\":\"https:\/\/cdn.meusitejuridico.com.br\/#\/schema\/person\/image\/\",\"url\":\"https:\/\/webmail.meusitejuridico.com.br\/s.meusitejuridico\/2020\/07\/6be289aa-logo-msj.png\",\"contentUrl\":\"https:\/\/webmail.meusitejuridico.com.br\/s.meusitejuridico\/2020\/07\/6be289aa-logo-msj.png\",\"caption\":\"Equipe Meu Site Jur\u00eddico\"},\"description\":\"Contem conosco!\",\"url\":\"https:\/\/webmail.meusitejuridico.com.br\/author\/equipe-meu-site-juridico\/\"}]}<\/script>\n<!-- \/ Yoast SEO plugin. -->","yoast_head_json":{"title":"Cabe estado de necessidade nos crimes habituais ou permanentes? - Meu site jur\u00eddico","robots":{"index":"index","follow":"follow","max-snippet":"max-snippet:-1","max-image-preview":"max-image-preview:large","max-video-preview":"max-video-preview:-1"},"canonical":"https:\/\/cdn.meusitejuridico.com.br\/2017\/05\/22\/cabe-estado-de-necessidade-nos-crimes-habituais-ou-permanentes\/","og_locale":"pt_BR","og_type":"article","og_title":"Cabe estado de necessidade nos crimes habituais ou permanentes? - Meu site jur\u00eddico","og_description":"Exigindo a como requisitos do estado de necessidade o perigo atual, a inevitabilidade do comportamento lesivo e a n\u00e3o razoabilidade de exig\u00eancia do sacrif\u00edcio do direito amea\u00e7ado, referindo-se \u00e0s \u201ccircunst\u00e2ncias\u201d do fato, n\u00e3o se tem admitido estado de necessidade nos delitos habituais (que demandam, para sua configura\u00e7\u00e3o, reitera\u00e7\u00e3o de atos) e permanentes (cuja consuma\u00e7\u00e3o de [&hellip;]","og_url":"https:\/\/cdn.meusitejuridico.com.br\/2017\/05\/22\/cabe-estado-de-necessidade-nos-crimes-habituais-ou-permanentes\/","og_site_name":"Meu site jur\u00eddico","article_published_time":"2017-05-22T10:00:49+00:00","article_modified_time":"2018-06-14T14:12:03+00:00","og_image":[{"width":4288,"height":2848,"url":"https:\/\/cdn.meusitejuridico.com.br\/s.meusitejuridico\/2017\/05\/79f58770-shutterstock-299033708.jpg","type":"image\/jpeg"}],"author":"Equipe Meu Site Jur\u00eddico","twitter_card":"summary_large_image","twitter_misc":{"Escrito por":"Equipe Meu Site Jur\u00eddico","Est. tempo de leitura":"1 minuto"},"schema":{"@context":"https:\/\/schema.org","@graph":[{"@type":"Article","@id":"https:\/\/cdn.meusitejuridico.com.br\/2017\/05\/22\/cabe-estado-de-necessidade-nos-crimes-habituais-ou-permanentes\/#article","isPartOf":{"@id":"https:\/\/cdn.meusitejuridico.com.br\/2017\/05\/22\/cabe-estado-de-necessidade-nos-crimes-habituais-ou-permanentes\/"},"author":{"name":"Equipe Meu Site Jur\u00eddico","@id":"https:\/\/cdn.meusitejuridico.com.br\/#\/schema\/person\/5c2237ac0c8ff03bcf1a09fe3e45dfce"},"headline":"Cabe estado de necessidade nos crimes habituais ou permanentes?","datePublished":"2017-05-22T10:00:49+00:00","dateModified":"2018-06-14T14:12:03+00:00","mainEntityOfPage":{"@id":"https:\/\/cdn.meusitejuridico.com.br\/2017\/05\/22\/cabe-estado-de-necessidade-nos-crimes-habituais-ou-permanentes\/"},"wordCount":245,"commentCount":0,"publisher":{"@id":"https:\/\/cdn.meusitejuridico.com.br\/#organization"},"image":{"@id":"https:\/\/cdn.meusitejuridico.com.br\/2017\/05\/22\/cabe-estado-de-necessidade-nos-crimes-habituais-ou-permanentes\/#primaryimage"},"thumbnailUrl":"https:\/\/webmail.meusitejuridico.com.br\/s.meusitejuridico\/2017\/05\/79f58770-shutterstock-299033708.jpg","keywords":["crimes habituais","crimes permanentes","estado de necessidade","exclus\u00e3o da ilicitude"],"articleSection":["Material de aula","Perguntas e Respostas"],"inLanguage":"pt-BR","potentialAction":[{"@type":"CommentAction","name":"Comment","target":["https:\/\/cdn.meusitejuridico.com.br\/2017\/05\/22\/cabe-estado-de-necessidade-nos-crimes-habituais-ou-permanentes\/#respond"]}]},{"@type":"WebPage","@id":"https:\/\/cdn.meusitejuridico.com.br\/2017\/05\/22\/cabe-estado-de-necessidade-nos-crimes-habituais-ou-permanentes\/","url":"https:\/\/cdn.meusitejuridico.com.br\/2017\/05\/22\/cabe-estado-de-necessidade-nos-crimes-habituais-ou-permanentes\/","name":"Cabe estado de necessidade nos crimes habituais ou permanentes? - Meu site jur\u00eddico","isPartOf":{"@id":"https:\/\/cdn.meusitejuridico.com.br\/#website"},"primaryImageOfPage":{"@id":"https:\/\/cdn.meusitejuridico.com.br\/2017\/05\/22\/cabe-estado-de-necessidade-nos-crimes-habituais-ou-permanentes\/#primaryimage"},"image":{"@id":"https:\/\/cdn.meusitejuridico.com.br\/2017\/05\/22\/cabe-estado-de-necessidade-nos-crimes-habituais-ou-permanentes\/#primaryimage"},"thumbnailUrl":"https:\/\/webmail.meusitejuridico.com.br\/s.meusitejuridico\/2017\/05\/79f58770-shutterstock-299033708.jpg","datePublished":"2017-05-22T10:00:49+00:00","dateModified":"2018-06-14T14:12:03+00:00","breadcrumb":{"@id":"https:\/\/cdn.meusitejuridico.com.br\/2017\/05\/22\/cabe-estado-de-necessidade-nos-crimes-habituais-ou-permanentes\/#breadcrumb"},"inLanguage":"pt-BR","potentialAction":[{"@type":"ReadAction","target":["https:\/\/cdn.meusitejuridico.com.br\/2017\/05\/22\/cabe-estado-de-necessidade-nos-crimes-habituais-ou-permanentes\/"]}]},{"@type":"ImageObject","inLanguage":"pt-BR","@id":"https:\/\/cdn.meusitejuridico.com.br\/2017\/05\/22\/cabe-estado-de-necessidade-nos-crimes-habituais-ou-permanentes\/#primaryimage","url":"https:\/\/webmail.meusitejuridico.com.br\/s.meusitejuridico\/2017\/05\/79f58770-shutterstock-299033708.jpg","contentUrl":"https:\/\/webmail.meusitejuridico.com.br\/s.meusitejuridico\/2017\/05\/79f58770-shutterstock-299033708.jpg","width":4288,"height":2848},{"@type":"BreadcrumbList","@id":"https:\/\/cdn.meusitejuridico.com.br\/2017\/05\/22\/cabe-estado-de-necessidade-nos-crimes-habituais-ou-permanentes\/#breadcrumb","itemListElement":[{"@type":"ListItem","position":1,"name":"In\u00edcio","item":"https:\/\/cdn.meusitejuridico.com.br\/"},{"@type":"ListItem","position":2,"name":"Cabe estado de necessidade nos crimes habituais ou permanentes?"}]},{"@type":"WebSite","@id":"https:\/\/cdn.meusitejuridico.com.br\/#website","url":"https:\/\/cdn.meusitejuridico.com.br\/","name":"Meu site jur\u00eddico","description":"Meu site jur\u00eddico","publisher":{"@id":"https:\/\/cdn.meusitejuridico.com.br\/#organization"},"potentialAction":[{"@type":"SearchAction","target":{"@type":"EntryPoint","urlTemplate":"https:\/\/cdn.meusitejuridico.com.br\/?s={search_term_string}"},"query-input":{"@type":"PropertyValueSpecification","valueRequired":true,"valueName":"search_term_string"}}],"inLanguage":"pt-BR"},{"@type":"Organization","@id":"https:\/\/cdn.meusitejuridico.com.br\/#organization","name":"Meu site jur\u00eddico","url":"https:\/\/cdn.meusitejuridico.com.br\/","logo":{"@type":"ImageObject","inLanguage":"pt-BR","@id":"https:\/\/cdn.meusitejuridico.com.br\/#\/schema\/logo\/image\/","url":"https:\/\/webmail.meusitejuridico.com.br\/s.meusitejuridico\/2022\/03\/cropped-baeec2a3-msj-02-01-01.png","contentUrl":"https:\/\/webmail.meusitejuridico.com.br\/s.meusitejuridico\/2022\/03\/cropped-baeec2a3-msj-02-01-01.png","width":349,"height":243,"caption":"Meu site jur\u00eddico"},"image":{"@id":"https:\/\/cdn.meusitejuridico.com.br\/#\/schema\/logo\/image\/"}},{"@type":"Person","@id":"https:\/\/cdn.meusitejuridico.com.br\/#\/schema\/person\/5c2237ac0c8ff03bcf1a09fe3e45dfce","name":"Equipe Meu Site Jur\u00eddico","image":{"@type":"ImageObject","inLanguage":"pt-BR","@id":"https:\/\/cdn.meusitejuridico.com.br\/#\/schema\/person\/image\/","url":"https:\/\/webmail.meusitejuridico.com.br\/s.meusitejuridico\/2020\/07\/6be289aa-logo-msj.png","contentUrl":"https:\/\/webmail.meusitejuridico.com.br\/s.meusitejuridico\/2020\/07\/6be289aa-logo-msj.png","caption":"Equipe Meu Site Jur\u00eddico"},"description":"Contem conosco!","url":"https:\/\/webmail.meusitejuridico.com.br\/author\/equipe-meu-site-juridico\/"}]}},"_links":{"self":[{"href":"https:\/\/webmail.meusitejuridico.com.br\/api\/wp\/v2\/posts\/2502","targetHints":{"allow":["GET"]}}],"collection":[{"href":"https:\/\/webmail.meusitejuridico.com.br\/api\/wp\/v2\/posts"}],"about":[{"href":"https:\/\/webmail.meusitejuridico.com.br\/api\/wp\/v2\/types\/post"}],"author":[{"embeddable":true,"href":"https:\/\/webmail.meusitejuridico.com.br\/api\/wp\/v2\/users\/7"}],"replies":[{"embeddable":true,"href":"https:\/\/webmail.meusitejuridico.com.br\/api\/wp\/v2\/comments?post=2502"}],"version-history":[{"count":3,"href":"https:\/\/webmail.meusitejuridico.com.br\/api\/wp\/v2\/posts\/2502\/revisions"}],"predecessor-version":[{"id":5487,"href":"https:\/\/webmail.meusitejuridico.com.br\/api\/wp\/v2\/posts\/2502\/revisions\/5487"}],"wp:featuredmedia":[{"embeddable":true,"href":"https:\/\/webmail.meusitejuridico.com.br\/api\/wp\/v2\/media\/2503"}],"wp:attachment":[{"href":"https:\/\/webmail.meusitejuridico.com.br\/api\/wp\/v2\/media?parent=2502"}],"wp:term":[{"taxonomy":"category","embeddable":true,"href":"https:\/\/webmail.meusitejuridico.com.br\/api\/wp\/v2\/categories?post=2502"},{"taxonomy":"post_tag","embeddable":true,"href":"https:\/\/webmail.meusitejuridico.com.br\/api\/wp\/v2\/tags?post=2502"}],"curies":[{"name":"wp","href":"https:\/\/api.w.org\/{rel}","templated":true}]}}