{"id":24460,"date":"2026-09-02T16:08:46","date_gmt":"2026-09-02T19:08:46","guid":{"rendered":"https:\/\/meusitejuridico.editorajuspodivm.com.br\/?p=24460"},"modified":"2026-09-02T16:08:47","modified_gmt":"2026-09-02T19:08:47","slug":"edital-publicado-auditor-estadual-de-financas-publicas-sefaz-sc","status":"publish","type":"post","link":"https:\/\/webmail.meusitejuridico.com.br\/2026\/09\/02\/edital-publicado-auditor-estadual-de-financas-publicas-sefaz-sc\/","title":{"rendered":"Edital Publicado: Auditor Estadual de Finan\u00e7as P\u00fablicas &#8211; SEFAZ\/SC"},"content":{"rendered":"\n<p>Aten\u00e7\u00e3o concurseiros! O concurso para a<strong> Secretaria da Fazenda de Santa Catarina <\/strong>est\u00e1 com<strong> edital publicado.<\/strong><\/p>\n\n\n\n<p>Organizado pela\u00a0banca <strong>FCC <\/strong>o certame oferecer\u00e1<strong> 50 vagas, mais forma\u00e7\u00e3o de cadastro de reserva, <\/strong>para o cargo de<strong> Auditor Estadual de Finan\u00e7as P\u00fablicas, <\/strong>com remunera\u00e7\u00e3o de <strong>R$ 25.337,61<\/strong>.<\/p>\n\n\n\n<p>As inscri\u00e7\u00f5es devem ser realizadas pelo site da banca organizadora do dia<strong> 04\/09\/2026 a 05\/10\/2026<\/strong>, mediante pagamento de taxa de inscri\u00e7\u00e3o de R$ 200,00.<\/p>\n\n\n\n<p>A data para aplica\u00e7\u00e3o da <strong>prova objetiva<\/strong> est\u00e1 marcada para o dia <strong>22\/11\/2026<\/strong><\/p>\n\n\n\n<p><a href=\"https:\/\/dhg1h5j42swfq.cloudfront.net\/2026\/09\/01180603\/edital-sefaz-sc-2026.pdf\">Confira o edital aqui! <\/a><\/p>\n\n\n\n<figure class=\"wp-block-table\"><table class=\"has-fixed-layout\"><tbody><tr><td><strong>SEFAZ\/SC<\/strong><\/td><\/tr><tr><td><strong>Vagas:<\/strong> 50+CR<\/td><\/tr><tr><td><strong>Sal\u00e1rio inicial: R$ 25.337,61<\/strong>.<\/td><\/tr><tr><td><strong>Data da prova: <\/strong>22\/11\/2026<\/td><\/tr><tr><td><strong>Banca:<\/strong> FCC<\/td><\/tr><\/tbody><\/table><\/figure>\n","protected":false},"excerpt":{"rendered":"<p>Aten\u00e7\u00e3o concurseiros! O concurso para a Secretaria da Fazenda de Santa Catarina est\u00e1 com edital publicado. Organizado pela\u00a0banca FCC o certame oferecer\u00e1 50 vagas, mais forma\u00e7\u00e3o de cadastro de reserva, para o cargo de Auditor Estadual de Finan\u00e7as P\u00fablicas, com remunera\u00e7\u00e3o de R$ 25.337,61. As inscri\u00e7\u00f5es devem ser realizadas pelo site da banca organizadora do [&hellip;]<\/p>\n","protected":false},"author":209,"featured_media":15717,"comment_status":"open","ping_status":"open","sticky":false,"template":"","format":"standard","meta":{"_acf_changed":false,"footnotes":""},"categories":[1],"tags":[],"class_list":["post-24460","post","type-post","status-publish","format-standard","has-post-thumbnail","hentry","category-artigos"],"acf":[],"yoast_head":"<!-- This site is optimized with the Yoast SEO plugin v24.8.1 - https:\/\/yoast.com\/wordpress\/plugins\/seo\/ -->\n<title>Edital Publicado: Auditor Estadual de Finan\u00e7as P\u00fablicas - SEFAZ\/SC - Meu site jur\u00eddico<\/title>\n<meta name=\"description\" content=\"O concurso para a Secretaria da Fazenda de Santa Catarina est\u00e1 com edital publicado.\" \/>\n<meta name=\"robots\" content=\"index, follow, max-snippet:-1, max-image-preview:large, max-video-preview:-1\" \/>\n<link rel=\"canonical\" href=\"https:\/\/meusitejuridico.editorajuspodivm.com.br\/2026\/09\/02\/edital-publicado-auditor-estadual-de-financas-publicas-sefaz-sc\/\" \/>\n<meta property=\"og:locale\" content=\"pt_BR\" \/>\n<meta property=\"og:type\" content=\"article\" \/>\n<meta property=\"og:title\" content=\"Edital Publicado: Auditor Estadual de Finan\u00e7as P\u00fablicas - SEFAZ\/SC - Meu site jur\u00eddico\" \/>\n<meta property=\"og:description\" content=\"O concurso para a Secretaria da Fazenda de Santa Catarina est\u00e1 com edital publicado.\" \/>\n<meta property=\"og:url\" content=\"https:\/\/meusitejuridico.editorajuspodivm.com.br\/2026\/09\/02\/edital-publicado-auditor-estadual-de-financas-publicas-sefaz-sc\/\" \/>\n<meta property=\"og:site_name\" content=\"Meu site jur\u00eddico\" \/>\n<meta property=\"article:published_time\" content=\"2026-09-02T19:08:46+00:00\" \/>\n<meta property=\"article:modified_time\" content=\"2026-09-02T19:08:47+00:00\" \/>\n<meta property=\"og:image\" content=\"https:\/\/meusitejuridico.editorajuspodivm.com.br\/s.meusitejuridico\/2022\/05\/b3e97f00-jur-roxo.png\" \/>\n\t<meta property=\"og:image:width\" content=\"4167\" \/>\n\t<meta property=\"og:image:height\" content=\"2825\" \/>\n\t<meta property=\"og:image:type\" content=\"image\/png\" \/>\n<meta name=\"author\" content=\"Barbara Santos\" \/>\n<meta name=\"twitter:card\" content=\"summary_large_image\" \/>\n<meta name=\"twitter:label1\" content=\"Escrito por\" \/>\n\t<meta name=\"twitter:data1\" content=\"Barbara Santos\" \/>\n<script type=\"application\/ld+json\" class=\"yoast-schema-graph\">{\"@context\":\"https:\/\/schema.org\",\"@graph\":[{\"@type\":\"Article\",\"@id\":\"https:\/\/meusitejuridico.editorajuspodivm.com.br\/2026\/09\/02\/edital-publicado-auditor-estadual-de-financas-publicas-sefaz-sc\/#article\",\"isPartOf\":{\"@id\":\"https:\/\/meusitejuridico.editorajuspodivm.com.br\/2026\/09\/02\/edital-publicado-auditor-estadual-de-financas-publicas-sefaz-sc\/\"},\"author\":{\"name\":\"Barbara Santos\",\"@id\":\"https:\/\/cdn.meusitejuridico.com.br\/#\/schema\/person\/c141ddd3606a5243e8d1052bc6fc12cf\"},\"headline\":\"Edital Publicado: Auditor Estadual de Finan\u00e7as P\u00fablicas &#8211; SEFAZ\/SC\",\"datePublished\":\"2026-09-02T19:08:46+00:00\",\"dateModified\":\"2026-09-02T19:08:47+00:00\",\"mainEntityOfPage\":{\"@id\":\"https:\/\/meusitejuridico.editorajuspodivm.com.br\/2026\/09\/02\/edital-publicado-auditor-estadual-de-financas-publicas-sefaz-sc\/\"},\"wordCount\":113,\"commentCount\":0,\"publisher\":{\"@id\":\"https:\/\/cdn.meusitejuridico.com.br\/#organization\"},\"image\":{\"@id\":\"https:\/\/meusitejuridico.editorajuspodivm.com.br\/2026\/09\/02\/edital-publicado-auditor-estadual-de-financas-publicas-sefaz-sc\/#primaryimage\"},\"thumbnailUrl\":\"https:\/\/webmail.meusitejuridico.com.br\/s.meusitejuridico\/2022\/05\/b3e97f00-jur-roxo.png\",\"articleSection\":[\"Artigos\"],\"inLanguage\":\"pt-BR\",\"potentialAction\":[{\"@type\":\"CommentAction\",\"name\":\"Comment\",\"target\":[\"https:\/\/meusitejuridico.editorajuspodivm.com.br\/2026\/09\/02\/edital-publicado-auditor-estadual-de-financas-publicas-sefaz-sc\/#respond\"]}]},{\"@type\":\"WebPage\",\"@id\":\"https:\/\/meusitejuridico.editorajuspodivm.com.br\/2026\/09\/02\/edital-publicado-auditor-estadual-de-financas-publicas-sefaz-sc\/\",\"url\":\"https:\/\/meusitejuridico.editorajuspodivm.com.br\/2026\/09\/02\/edital-publicado-auditor-estadual-de-financas-publicas-sefaz-sc\/\",\"name\":\"Edital Publicado: Auditor Estadual de Finan\u00e7as P\u00fablicas - SEFAZ\/SC - Meu site jur\u00eddico\",\"isPartOf\":{\"@id\":\"https:\/\/cdn.meusitejuridico.com.br\/#website\"},\"primaryImageOfPage\":{\"@id\":\"https:\/\/meusitejuridico.editorajuspodivm.com.br\/2026\/09\/02\/edital-publicado-auditor-estadual-de-financas-publicas-sefaz-sc\/#primaryimage\"},\"image\":{\"@id\":\"https:\/\/meusitejuridico.editorajuspodivm.com.br\/2026\/09\/02\/edital-publicado-auditor-estadual-de-financas-publicas-sefaz-sc\/#primaryimage\"},\"thumbnailUrl\":\"https:\/\/webmail.meusitejuridico.com.br\/s.meusitejuridico\/2022\/05\/b3e97f00-jur-roxo.png\",\"datePublished\":\"2026-09-02T19:08:46+00:00\",\"dateModified\":\"2026-09-02T19:08:47+00:00\",\"description\":\"O concurso para a Secretaria da Fazenda de Santa Catarina est\u00e1 com edital publicado.\",\"breadcrumb\":{\"@id\":\"https:\/\/meusitejuridico.editorajuspodivm.com.br\/2026\/09\/02\/edital-publicado-auditor-estadual-de-financas-publicas-sefaz-sc\/#breadcrumb\"},\"inLanguage\":\"pt-BR\",\"potentialAction\":[{\"@type\":\"ReadAction\",\"target\":[\"https:\/\/meusitejuridico.editorajuspodivm.com.br\/2026\/09\/02\/edital-publicado-auditor-estadual-de-financas-publicas-sefaz-sc\/\"]}]},{\"@type\":\"ImageObject\",\"inLanguage\":\"pt-BR\",\"@id\":\"https:\/\/meusitejuridico.editorajuspodivm.com.br\/2026\/09\/02\/edital-publicado-auditor-estadual-de-financas-publicas-sefaz-sc\/#primaryimage\",\"url\":\"https:\/\/webmail.meusitejuridico.com.br\/s.meusitejuridico\/2022\/05\/b3e97f00-jur-roxo.png\",\"contentUrl\":\"https:\/\/webmail.meusitejuridico.com.br\/s.meusitejuridico\/2022\/05\/b3e97f00-jur-roxo.png\",\"width\":4167,\"height\":2825},{\"@type\":\"BreadcrumbList\",\"@id\":\"https:\/\/meusitejuridico.editorajuspodivm.com.br\/2026\/09\/02\/edital-publicado-auditor-estadual-de-financas-publicas-sefaz-sc\/#breadcrumb\",\"itemListElement\":[{\"@type\":\"ListItem\",\"position\":1,\"name\":\"In\u00edcio\",\"item\":\"https:\/\/cdn.meusitejuridico.com.br\/\"},{\"@type\":\"ListItem\",\"position\":2,\"name\":\"Edital Publicado: Auditor Estadual de Finan\u00e7as P\u00fablicas &#8211; SEFAZ\/SC\"}]},{\"@type\":\"WebSite\",\"@id\":\"https:\/\/cdn.meusitejuridico.com.br\/#website\",\"url\":\"https:\/\/cdn.meusitejuridico.com.br\/\",\"name\":\"Meu site jur\u00eddico\",\"description\":\"Meu site jur\u00eddico\",\"publisher\":{\"@id\":\"https:\/\/cdn.meusitejuridico.com.br\/#organization\"},\"potentialAction\":[{\"@type\":\"SearchAction\",\"target\":{\"@type\":\"EntryPoint\",\"urlTemplate\":\"https:\/\/cdn.meusitejuridico.com.br\/?s={search_term_string}\"},\"query-input\":{\"@type\":\"PropertyValueSpecification\",\"valueRequired\":true,\"valueName\":\"search_term_string\"}}],\"inLanguage\":\"pt-BR\"},{\"@type\":\"Organization\",\"@id\":\"https:\/\/cdn.meusitejuridico.com.br\/#organization\",\"name\":\"Meu site jur\u00eddico\",\"url\":\"https:\/\/cdn.meusitejuridico.com.br\/\",\"logo\":{\"@type\":\"ImageObject\",\"inLanguage\":\"pt-BR\",\"@id\":\"https:\/\/cdn.meusitejuridico.com.br\/#\/schema\/logo\/image\/\",\"url\":\"https:\/\/webmail.meusitejuridico.com.br\/s.meusitejuridico\/2022\/03\/cropped-baeec2a3-msj-02-01-01.png\",\"contentUrl\":\"https:\/\/webmail.meusitejuridico.com.br\/s.meusitejuridico\/2022\/03\/cropped-baeec2a3-msj-02-01-01.png\",\"width\":349,\"height\":243,\"caption\":\"Meu site jur\u00eddico\"},\"image\":{\"@id\":\"https:\/\/cdn.meusitejuridico.com.br\/#\/schema\/logo\/image\/\"}},{\"@type\":\"Person\",\"@id\":\"https:\/\/cdn.meusitejuridico.com.br\/#\/schema\/person\/c141ddd3606a5243e8d1052bc6fc12cf\",\"name\":\"Barbara Santos\",\"image\":{\"@type\":\"ImageObject\",\"inLanguage\":\"pt-BR\",\"@id\":\"https:\/\/cdn.meusitejuridico.com.br\/#\/schema\/person\/image\/\",\"url\":\"https:\/\/secure.gravatar.com\/avatar\/9ae766a332dbedd5182ac25f5a0e4c58?s=96&d=mm&r=g\",\"contentUrl\":\"https:\/\/secure.gravatar.com\/avatar\/9ae766a332dbedd5182ac25f5a0e4c58?s=96&d=mm&r=g\",\"caption\":\"Barbara Santos\"},\"url\":\"https:\/\/webmail.meusitejuridico.com.br\/author\/035345831624\/\"}]}<\/script>\n<!-- \/ Yoast SEO plugin. -->","yoast_head_json":{"title":"Edital Publicado: Auditor Estadual de Finan\u00e7as P\u00fablicas - SEFAZ\/SC - Meu site jur\u00eddico","description":"O concurso para a Secretaria da Fazenda de Santa Catarina est\u00e1 com edital publicado.","robots":{"index":"index","follow":"follow","max-snippet":"max-snippet:-1","max-image-preview":"max-image-preview:large","max-video-preview":"max-video-preview:-1"},"canonical":"https:\/\/meusitejuridico.editorajuspodivm.com.br\/2026\/09\/02\/edital-publicado-auditor-estadual-de-financas-publicas-sefaz-sc\/","og_locale":"pt_BR","og_type":"article","og_title":"Edital Publicado: Auditor Estadual de Finan\u00e7as P\u00fablicas - SEFAZ\/SC - Meu site jur\u00eddico","og_description":"O concurso para a Secretaria da Fazenda de Santa Catarina est\u00e1 com edital publicado.","og_url":"https:\/\/meusitejuridico.editorajuspodivm.com.br\/2026\/09\/02\/edital-publicado-auditor-estadual-de-financas-publicas-sefaz-sc\/","og_site_name":"Meu site jur\u00eddico","article_published_time":"2026-09-02T19:08:46+00:00","article_modified_time":"2026-09-02T19:08:47+00:00","og_image":[{"width":4167,"height":2825,"url":"https:\/\/meusitejuridico.editorajuspodivm.com.br\/s.meusitejuridico\/2022\/05\/b3e97f00-jur-roxo.png","type":"image\/png"}],"author":"Barbara Santos","twitter_card":"summary_large_image","twitter_misc":{"Escrito por":"Barbara Santos"},"schema":{"@context":"https:\/\/schema.org","@graph":[{"@type":"Article","@id":"https:\/\/meusitejuridico.editorajuspodivm.com.br\/2026\/09\/02\/edital-publicado-auditor-estadual-de-financas-publicas-sefaz-sc\/#article","isPartOf":{"@id":"https:\/\/meusitejuridico.editorajuspodivm.com.br\/2026\/09\/02\/edital-publicado-auditor-estadual-de-financas-publicas-sefaz-sc\/"},"author":{"name":"Barbara Santos","@id":"https:\/\/cdn.meusitejuridico.com.br\/#\/schema\/person\/c141ddd3606a5243e8d1052bc6fc12cf"},"headline":"Edital Publicado: Auditor Estadual de Finan\u00e7as P\u00fablicas &#8211; SEFAZ\/SC","datePublished":"2026-09-02T19:08:46+00:00","dateModified":"2026-09-02T19:08:47+00:00","mainEntityOfPage":{"@id":"https:\/\/meusitejuridico.editorajuspodivm.com.br\/2026\/09\/02\/edital-publicado-auditor-estadual-de-financas-publicas-sefaz-sc\/"},"wordCount":113,"commentCount":0,"publisher":{"@id":"https:\/\/cdn.meusitejuridico.com.br\/#organization"},"image":{"@id":"https:\/\/meusitejuridico.editorajuspodivm.com.br\/2026\/09\/02\/edital-publicado-auditor-estadual-de-financas-publicas-sefaz-sc\/#primaryimage"},"thumbnailUrl":"https:\/\/webmail.meusitejuridico.com.br\/s.meusitejuridico\/2022\/05\/b3e97f00-jur-roxo.png","articleSection":["Artigos"],"inLanguage":"pt-BR","potentialAction":[{"@type":"CommentAction","name":"Comment","target":["https:\/\/meusitejuridico.editorajuspodivm.com.br\/2026\/09\/02\/edital-publicado-auditor-estadual-de-financas-publicas-sefaz-sc\/#respond"]}]},{"@type":"WebPage","@id":"https:\/\/meusitejuridico.editorajuspodivm.com.br\/2026\/09\/02\/edital-publicado-auditor-estadual-de-financas-publicas-sefaz-sc\/","url":"https:\/\/meusitejuridico.editorajuspodivm.com.br\/2026\/09\/02\/edital-publicado-auditor-estadual-de-financas-publicas-sefaz-sc\/","name":"Edital Publicado: Auditor Estadual de Finan\u00e7as P\u00fablicas - SEFAZ\/SC - Meu site jur\u00eddico","isPartOf":{"@id":"https:\/\/cdn.meusitejuridico.com.br\/#website"},"primaryImageOfPage":{"@id":"https:\/\/meusitejuridico.editorajuspodivm.com.br\/2026\/09\/02\/edital-publicado-auditor-estadual-de-financas-publicas-sefaz-sc\/#primaryimage"},"image":{"@id":"https:\/\/meusitejuridico.editorajuspodivm.com.br\/2026\/09\/02\/edital-publicado-auditor-estadual-de-financas-publicas-sefaz-sc\/#primaryimage"},"thumbnailUrl":"https:\/\/webmail.meusitejuridico.com.br\/s.meusitejuridico\/2022\/05\/b3e97f00-jur-roxo.png","datePublished":"2026-09-02T19:08:46+00:00","dateModified":"2026-09-02T19:08:47+00:00","description":"O concurso para a Secretaria da Fazenda de Santa Catarina est\u00e1 com edital publicado.","breadcrumb":{"@id":"https:\/\/meusitejuridico.editorajuspodivm.com.br\/2026\/09\/02\/edital-publicado-auditor-estadual-de-financas-publicas-sefaz-sc\/#breadcrumb"},"inLanguage":"pt-BR","potentialAction":[{"@type":"ReadAction","target":["https:\/\/meusitejuridico.editorajuspodivm.com.br\/2026\/09\/02\/edital-publicado-auditor-estadual-de-financas-publicas-sefaz-sc\/"]}]},{"@type":"ImageObject","inLanguage":"pt-BR","@id":"https:\/\/meusitejuridico.editorajuspodivm.com.br\/2026\/09\/02\/edital-publicado-auditor-estadual-de-financas-publicas-sefaz-sc\/#primaryimage","url":"https:\/\/webmail.meusitejuridico.com.br\/s.meusitejuridico\/2022\/05\/b3e97f00-jur-roxo.png","contentUrl":"https:\/\/webmail.meusitejuridico.com.br\/s.meusitejuridico\/2022\/05\/b3e97f00-jur-roxo.png","width":4167,"height":2825},{"@type":"BreadcrumbList","@id":"https:\/\/meusitejuridico.editorajuspodivm.com.br\/2026\/09\/02\/edital-publicado-auditor-estadual-de-financas-publicas-sefaz-sc\/#breadcrumb","itemListElement":[{"@type":"ListItem","position":1,"name":"In\u00edcio","item":"https:\/\/cdn.meusitejuridico.com.br\/"},{"@type":"ListItem","position":2,"name":"Edital Publicado: Auditor Estadual de Finan\u00e7as P\u00fablicas &#8211; SEFAZ\/SC"}]},{"@type":"WebSite","@id":"https:\/\/cdn.meusitejuridico.com.br\/#website","url":"https:\/\/cdn.meusitejuridico.com.br\/","name":"Meu site jur\u00eddico","description":"Meu site jur\u00eddico","publisher":{"@id":"https:\/\/cdn.meusitejuridico.com.br\/#organization"},"potentialAction":[{"@type":"SearchAction","target":{"@type":"EntryPoint","urlTemplate":"https:\/\/cdn.meusitejuridico.com.br\/?s={search_term_string}"},"query-input":{"@type":"PropertyValueSpecification","valueRequired":true,"valueName":"search_term_string"}}],"inLanguage":"pt-BR"},{"@type":"Organization","@id":"https:\/\/cdn.meusitejuridico.com.br\/#organization","name":"Meu site jur\u00eddico","url":"https:\/\/cdn.meusitejuridico.com.br\/","logo":{"@type":"ImageObject","inLanguage":"pt-BR","@id":"https:\/\/cdn.meusitejuridico.com.br\/#\/schema\/logo\/image\/","url":"https:\/\/webmail.meusitejuridico.com.br\/s.meusitejuridico\/2022\/03\/cropped-baeec2a3-msj-02-01-01.png","contentUrl":"https:\/\/webmail.meusitejuridico.com.br\/s.meusitejuridico\/2022\/03\/cropped-baeec2a3-msj-02-01-01.png","width":349,"height":243,"caption":"Meu site jur\u00eddico"},"image":{"@id":"https:\/\/cdn.meusitejuridico.com.br\/#\/schema\/logo\/image\/"}},{"@type":"Person","@id":"https:\/\/cdn.meusitejuridico.com.br\/#\/schema\/person\/c141ddd3606a5243e8d1052bc6fc12cf","name":"Barbara Santos","image":{"@type":"ImageObject","inLanguage":"pt-BR","@id":"https:\/\/cdn.meusitejuridico.com.br\/#\/schema\/person\/image\/","url":"https:\/\/secure.gravatar.com\/avatar\/9ae766a332dbedd5182ac25f5a0e4c58?s=96&d=mm&r=g","contentUrl":"https:\/\/secure.gravatar.com\/avatar\/9ae766a332dbedd5182ac25f5a0e4c58?s=96&d=mm&r=g","caption":"Barbara Santos"},"url":"https:\/\/webmail.meusitejuridico.com.br\/author\/035345831624\/"}]}},"_links":{"self":[{"href":"https:\/\/webmail.meusitejuridico.com.br\/api\/wp\/v2\/posts\/24460","targetHints":{"allow":["GET"]}}],"collection":[{"href":"https:\/\/webmail.meusitejuridico.com.br\/api\/wp\/v2\/posts"}],"about":[{"href":"https:\/\/webmail.meusitejuridico.com.br\/api\/wp\/v2\/types\/post"}],"author":[{"embeddable":true,"href":"https:\/\/webmail.meusitejuridico.com.br\/api\/wp\/v2\/users\/209"}],"replies":[{"embeddable":true,"href":"https:\/\/webmail.meusitejuridico.com.br\/api\/wp\/v2\/comments?post=24460"}],"version-history":[{"count":1,"href":"https:\/\/webmail.meusitejuridico.com.br\/api\/wp\/v2\/posts\/24460\/revisions"}],"predecessor-version":[{"id":24461,"href":"https:\/\/webmail.meusitejuridico.com.br\/api\/wp\/v2\/posts\/24460\/revisions\/24461"}],"wp:featuredmedia":[{"embeddable":true,"href":"https:\/\/webmail.meusitejuridico.com.br\/api\/wp\/v2\/media\/15717"}],"wp:attachment":[{"href":"https:\/\/webmail.meusitejuridico.com.br\/api\/wp\/v2\/media?parent=24460"}],"wp:term":[{"taxonomy":"category","embeddable":true,"href":"https:\/\/webmail.meusitejuridico.com.br\/api\/wp\/v2\/categories?post=24460"},{"taxonomy":"post_tag","embeddable":true,"href":"https:\/\/webmail.meusitejuridico.com.br\/api\/wp\/v2\/tags?post=24460"}],"curies":[{"name":"wp","href":"https:\/\/api.w.org\/{rel}","templated":true}]}}