{"id":2408,"date":"2017-05-15T07:00:05","date_gmt":"2017-05-15T10:00:05","guid":{"rendered":"https:\/\/meusitejuridico.com.br\/?p=2408"},"modified":"2017-05-12T21:49:40","modified_gmt":"2017-05-13T00:49:40","slug":"pode-o-homem-ser-ao-mesmo-tempo-sujeito-ativo-e-passivo-crime","status":"publish","type":"post","link":"https:\/\/webmail.meusitejuridico.com.br\/2017\/05\/15\/pode-o-homem-ser-ao-mesmo-tempo-sujeito-ativo-e-passivo-crime\/","title":{"rendered":"Pode o homem ser, ao mesmo tempo, sujeito ativo e passivo do crime?"},"content":{"rendered":"<p>O homem n\u00e3o pode ser, ao mesmo tempo, sujeito ativo e sujeito passivo de crime, mesmo porque, como informa o princ\u00edpio da alteridade, ningu\u00e9m poder\u00e1 ser responsabilizado pela conduta que n\u00e3o excede a sua esfera individual. Por este motivo \u00e9 que se pode afirmar que na autoles\u00e3o haver\u00e1, eventualmente, o crime de fraude contra seguro <a class='qlabs_tooltip_bottom qlabs_tooltip_style_1 cursor_pointer event_hover' style=''  aria-haspopup='true'>(art. 171, \u00a7 2\u00b0, V, CP)<span style='width: 180px; '  >Incorre nas mesmas penas da forma b\u00e1sica do estelionato (reclus\u00e3o de um a cinco anos e multa), quem destr\u00f3i, total ou parcialmente, ou oculta coisa pr\u00f3pria, ou lesa o pr\u00f3prio corpo ou a sa\u00fade, ou agrava as conseq\u00fc\u00eancias da les\u00e3o ou doen\u00e7a, com o intuito de haver indeniza\u00e7\u00e3o ou valor de seguro.<\/span><\/a>\u00a0e na autoacusa\u00e7\u00e3o falsa <a class='qlabs_tooltip_bottom qlabs_tooltip_style_1 cursor_pointer event_hover' style=''  aria-haspopup='true'>(art. 340, CP)<span style='width: 180px; '  >Art. 340 - Provocar a a\u00e7\u00e3o de autoridade, comunicando-lhe a ocorr\u00eancia de crime ou de contraven\u00e7\u00e3o que sabe n\u00e3o se ter verificado: Pena - deten\u00e7\u00e3o, de um a seis meses, ou multa.<\/span><\/a>\u00a0a v\u00edtima \u00e9 o Estado. De igual modo, a lei n\u00e3o pune a tentativa de suic\u00eddio e somente haver\u00e1 crime no induzimento, instiga\u00e7\u00e3o ou aux\u00edlio para a pr\u00e1tica dele <a class='qlabs_tooltip_bottom qlabs_tooltip_style_1 cursor_pointer event_hover' style=''  aria-haspopup='true'>(art. 122, CP)<span style='width: 180px; '  >Art. 122 - Induzir ou instigar algu\u00e9m a suicidar-se ou prestar-lhe aux\u00edlio para que o fa\u00e7a: Pena - reclus\u00e3o, de dois a seis anos, se o suic\u00eddio se consuma; ou reclus\u00e3o, de um a tr\u00eas anos, se da tentativa de suic\u00eddio resulta les\u00e3o corporal de natureza grave. Par\u00e1grafo \u00fanico - A pena \u00e9 duplicada: I - se o crime \u00e9 praticado por motivo ego\u00edstico; II - se a v\u00edtima \u00e9 menor ou tem diminu\u00edda, por qualquer causa, a capacidade de resist\u00eancia.<\/span><\/a>, figurando como sujeito ativo aquele que induz, instiga ou auxilia e n\u00e3o aquele que suicida-se ou tenta suicidar-se. Na rixa <a class='qlabs_tooltip_bottom qlabs_tooltip_style_1 cursor_pointer event_hover' style=''  aria-haspopup='true'>(art. 137, CP)<span style='width: 180px; '  >Art. 137 - Participar de rixa, salvo para separar os contendores: Pena - deten\u00e7\u00e3o, de quinze dias a dois meses, ou multa. Par\u00e1grafo \u00fanico - Se ocorre morte ou les\u00e3o corporal de natureza grave, aplica-se, pelo fato da participa\u00e7\u00e3o na rixa, a pena de deten\u00e7\u00e3o, de seis meses a dois anos.<\/span><\/a>, os rixentos, embora pratiquem a a\u00e7\u00e3o criminosa e possam sofrer as consequ\u00eancias dela, s\u00e3o sujeitos ativos da conduta que realizam e v\u00edtimas dos demais participantes. Registre-se que, em sentido contr\u00e1rio, <a class='qlabs_tooltip_top qlabs_tooltip_style_1 cursor_pointer event_hover' style=''  aria-haspopup='true'>Rog\u00e9rio Greco<span style='width: 180px; '  >Curso de Direito Penal: parte especial. 10ed. Rio de Janeiro: Impetus, 2014. v. 2, p. 395<\/span><\/a> entende que o crime de rixa \u00e9 uma exce\u00e7\u00e3o: \u201cAssim, na participa\u00e7\u00e3o na rixa, os rixosos s\u00e3o, ao mesmo tempo, sujeitos ativo e passivos. Aquele que, com o seu comportamento, procura agredir o outro participante \u00e9 considerado sujeito ativo do delito em quest\u00e3o; da mesma forma, aquele que n\u00e3o s\u00f3 agrediu, como tamb\u00e9m foi agredido durante sua participa\u00e7\u00e3o na rixa, tamb\u00e9m \u00e9 considerado sujeito passivo do crime\u201d.<\/p>\n<p><b>Material extra\u00eddo da obra<\/b>\u00a0<a href=\"https:\/\/goo.gl\/GxtIjn\" target=\"_blank\">Manual de Direito Penal (parte geral)<\/a><\/p>\n","protected":false},"excerpt":{"rendered":"<p>O homem n\u00e3o pode ser, ao mesmo tempo, sujeito ativo e sujeito passivo de crime, mesmo porque, como informa o princ\u00edpio da alteridade, ningu\u00e9m poder\u00e1 ser responsabilizado pela conduta que n\u00e3o excede a sua esfera individual. Por este motivo \u00e9 que se pode afirmar que na autoles\u00e3o haver\u00e1, eventualmente, o crime de fraude contra seguro [&hellip;]<\/p>\n","protected":false},"author":7,"featured_media":2409,"comment_status":"open","ping_status":"open","sticky":false,"template":"","format":"standard","meta":{"_acf_changed":false,"footnotes":""},"categories":[78,437],"tags":[447,446,141],"class_list":["post-2408","post","type-post","status-publish","format-standard","has-post-thumbnail","hentry","category-material-de-aula","category-perguntas-e-respostas","tag-simultaneamente","tag-sujeito-ativo","tag-sujeito-passivo"],"acf":[],"yoast_head":"<!-- This site is optimized with the Yoast SEO plugin v24.8.1 - https:\/\/yoast.com\/wordpress\/plugins\/seo\/ -->\n<title>Pode o homem ser, ao mesmo tempo, sujeito ativo e passivo do crime? - Meu site jur\u00eddico<\/title>\n<meta name=\"robots\" content=\"index, follow, max-snippet:-1, max-image-preview:large, max-video-preview:-1\" \/>\n<link rel=\"canonical\" href=\"https:\/\/webmail.meusitejuridico.com.br\/2017\/05\/15\/pode-o-homem-ser-ao-mesmo-tempo-sujeito-ativo-e-passivo-crime\/\" \/>\n<meta property=\"og:locale\" content=\"pt_BR\" \/>\n<meta property=\"og:type\" content=\"article\" \/>\n<meta property=\"og:title\" content=\"Pode o homem ser, ao mesmo tempo, sujeito ativo e passivo do crime? - Meu site jur\u00eddico\" \/>\n<meta property=\"og:description\" content=\"O homem n\u00e3o pode ser, ao mesmo tempo, sujeito ativo e sujeito passivo de crime, mesmo porque, como informa o princ\u00edpio da alteridade, ningu\u00e9m poder\u00e1 ser responsabilizado pela conduta que n\u00e3o excede a sua esfera individual. Por este motivo \u00e9 que se pode afirmar que na autoles\u00e3o haver\u00e1, eventualmente, o crime de fraude contra seguro [&hellip;]\" \/>\n<meta property=\"og:url\" content=\"https:\/\/webmail.meusitejuridico.com.br\/2017\/05\/15\/pode-o-homem-ser-ao-mesmo-tempo-sujeito-ativo-e-passivo-crime\/\" \/>\n<meta property=\"og:site_name\" content=\"Meu site jur\u00eddico\" \/>\n<meta property=\"article:published_time\" content=\"2017-05-15T10:00:05+00:00\" \/>\n<meta property=\"og:image\" content=\"https:\/\/webmail.meusitejuridico.com.br\/s.meusitejuridico\/2017\/05\/ccfe5d0c-shutterstock-525155524.jpg\" \/>\n\t<meta property=\"og:image:width\" content=\"4000\" \/>\n\t<meta property=\"og:image:height\" content=\"4000\" \/>\n\t<meta property=\"og:image:type\" content=\"image\/jpeg\" \/>\n<meta name=\"author\" content=\"Equipe Meu Site Jur\u00eddico\" \/>\n<meta name=\"twitter:card\" content=\"summary_large_image\" \/>\n<meta name=\"twitter:label1\" content=\"Escrito por\" \/>\n\t<meta name=\"twitter:data1\" content=\"Equipe Meu Site Jur\u00eddico\" \/>\n\t<meta name=\"twitter:label2\" content=\"Est. tempo de leitura\" \/>\n\t<meta name=\"twitter:data2\" content=\"3 minutos\" \/>\n<script type=\"application\/ld+json\" class=\"yoast-schema-graph\">{\"@context\":\"https:\/\/schema.org\",\"@graph\":[{\"@type\":\"Article\",\"@id\":\"https:\/\/webmail.meusitejuridico.com.br\/2017\/05\/15\/pode-o-homem-ser-ao-mesmo-tempo-sujeito-ativo-e-passivo-crime\/#article\",\"isPartOf\":{\"@id\":\"https:\/\/webmail.meusitejuridico.com.br\/2017\/05\/15\/pode-o-homem-ser-ao-mesmo-tempo-sujeito-ativo-e-passivo-crime\/\"},\"author\":{\"name\":\"Equipe Meu Site Jur\u00eddico\",\"@id\":\"https:\/\/cdn.meusitejuridico.com.br\/#\/schema\/person\/5c2237ac0c8ff03bcf1a09fe3e45dfce\"},\"headline\":\"Pode o homem ser, ao mesmo tempo, sujeito ativo e passivo do crime?\",\"datePublished\":\"2017-05-15T10:00:05+00:00\",\"mainEntityOfPage\":{\"@id\":\"https:\/\/webmail.meusitejuridico.com.br\/2017\/05\/15\/pode-o-homem-ser-ao-mesmo-tempo-sujeito-ativo-e-passivo-crime\/\"},\"wordCount\":609,\"commentCount\":0,\"publisher\":{\"@id\":\"https:\/\/cdn.meusitejuridico.com.br\/#organization\"},\"image\":{\"@id\":\"https:\/\/webmail.meusitejuridico.com.br\/2017\/05\/15\/pode-o-homem-ser-ao-mesmo-tempo-sujeito-ativo-e-passivo-crime\/#primaryimage\"},\"thumbnailUrl\":\"https:\/\/webmail.meusitejuridico.com.br\/s.meusitejuridico\/2017\/05\/ccfe5d0c-shutterstock-525155524.jpg\",\"keywords\":[\"simultaneamente\",\"sujeito ativo\",\"sujeito passivo\"],\"articleSection\":[\"Material de aula\",\"Perguntas e Respostas\"],\"inLanguage\":\"pt-BR\",\"potentialAction\":[{\"@type\":\"CommentAction\",\"name\":\"Comment\",\"target\":[\"https:\/\/webmail.meusitejuridico.com.br\/2017\/05\/15\/pode-o-homem-ser-ao-mesmo-tempo-sujeito-ativo-e-passivo-crime\/#respond\"]}]},{\"@type\":\"WebPage\",\"@id\":\"https:\/\/webmail.meusitejuridico.com.br\/2017\/05\/15\/pode-o-homem-ser-ao-mesmo-tempo-sujeito-ativo-e-passivo-crime\/\",\"url\":\"https:\/\/webmail.meusitejuridico.com.br\/2017\/05\/15\/pode-o-homem-ser-ao-mesmo-tempo-sujeito-ativo-e-passivo-crime\/\",\"name\":\"Pode o homem ser, ao mesmo tempo, sujeito ativo e passivo do crime? - Meu site jur\u00eddico\",\"isPartOf\":{\"@id\":\"https:\/\/cdn.meusitejuridico.com.br\/#website\"},\"primaryImageOfPage\":{\"@id\":\"https:\/\/webmail.meusitejuridico.com.br\/2017\/05\/15\/pode-o-homem-ser-ao-mesmo-tempo-sujeito-ativo-e-passivo-crime\/#primaryimage\"},\"image\":{\"@id\":\"https:\/\/webmail.meusitejuridico.com.br\/2017\/05\/15\/pode-o-homem-ser-ao-mesmo-tempo-sujeito-ativo-e-passivo-crime\/#primaryimage\"},\"thumbnailUrl\":\"https:\/\/webmail.meusitejuridico.com.br\/s.meusitejuridico\/2017\/05\/ccfe5d0c-shutterstock-525155524.jpg\",\"datePublished\":\"2017-05-15T10:00:05+00:00\",\"breadcrumb\":{\"@id\":\"https:\/\/webmail.meusitejuridico.com.br\/2017\/05\/15\/pode-o-homem-ser-ao-mesmo-tempo-sujeito-ativo-e-passivo-crime\/#breadcrumb\"},\"inLanguage\":\"pt-BR\",\"potentialAction\":[{\"@type\":\"ReadAction\",\"target\":[\"https:\/\/webmail.meusitejuridico.com.br\/2017\/05\/15\/pode-o-homem-ser-ao-mesmo-tempo-sujeito-ativo-e-passivo-crime\/\"]}]},{\"@type\":\"ImageObject\",\"inLanguage\":\"pt-BR\",\"@id\":\"https:\/\/webmail.meusitejuridico.com.br\/2017\/05\/15\/pode-o-homem-ser-ao-mesmo-tempo-sujeito-ativo-e-passivo-crime\/#primaryimage\",\"url\":\"https:\/\/webmail.meusitejuridico.com.br\/s.meusitejuridico\/2017\/05\/ccfe5d0c-shutterstock-525155524.jpg\",\"contentUrl\":\"https:\/\/webmail.meusitejuridico.com.br\/s.meusitejuridico\/2017\/05\/ccfe5d0c-shutterstock-525155524.jpg\",\"width\":4000,\"height\":4000},{\"@type\":\"BreadcrumbList\",\"@id\":\"https:\/\/webmail.meusitejuridico.com.br\/2017\/05\/15\/pode-o-homem-ser-ao-mesmo-tempo-sujeito-ativo-e-passivo-crime\/#breadcrumb\",\"itemListElement\":[{\"@type\":\"ListItem\",\"position\":1,\"name\":\"In\u00edcio\",\"item\":\"https:\/\/cdn.meusitejuridico.com.br\/\"},{\"@type\":\"ListItem\",\"position\":2,\"name\":\"Pode o homem ser, ao mesmo tempo, sujeito ativo e passivo do crime?\"}]},{\"@type\":\"WebSite\",\"@id\":\"https:\/\/cdn.meusitejuridico.com.br\/#website\",\"url\":\"https:\/\/cdn.meusitejuridico.com.br\/\",\"name\":\"Meu site jur\u00eddico\",\"description\":\"Meu site jur\u00eddico\",\"publisher\":{\"@id\":\"https:\/\/cdn.meusitejuridico.com.br\/#organization\"},\"potentialAction\":[{\"@type\":\"SearchAction\",\"target\":{\"@type\":\"EntryPoint\",\"urlTemplate\":\"https:\/\/cdn.meusitejuridico.com.br\/?s={search_term_string}\"},\"query-input\":{\"@type\":\"PropertyValueSpecification\",\"valueRequired\":true,\"valueName\":\"search_term_string\"}}],\"inLanguage\":\"pt-BR\"},{\"@type\":\"Organization\",\"@id\":\"https:\/\/cdn.meusitejuridico.com.br\/#organization\",\"name\":\"Meu site jur\u00eddico\",\"url\":\"https:\/\/cdn.meusitejuridico.com.br\/\",\"logo\":{\"@type\":\"ImageObject\",\"inLanguage\":\"pt-BR\",\"@id\":\"https:\/\/cdn.meusitejuridico.com.br\/#\/schema\/logo\/image\/\",\"url\":\"https:\/\/webmail.meusitejuridico.com.br\/s.meusitejuridico\/2022\/03\/cropped-baeec2a3-msj-02-01-01.png\",\"contentUrl\":\"https:\/\/webmail.meusitejuridico.com.br\/s.meusitejuridico\/2022\/03\/cropped-baeec2a3-msj-02-01-01.png\",\"width\":349,\"height\":243,\"caption\":\"Meu site jur\u00eddico\"},\"image\":{\"@id\":\"https:\/\/cdn.meusitejuridico.com.br\/#\/schema\/logo\/image\/\"}},{\"@type\":\"Person\",\"@id\":\"https:\/\/cdn.meusitejuridico.com.br\/#\/schema\/person\/5c2237ac0c8ff03bcf1a09fe3e45dfce\",\"name\":\"Equipe Meu Site Jur\u00eddico\",\"image\":{\"@type\":\"ImageObject\",\"inLanguage\":\"pt-BR\",\"@id\":\"https:\/\/cdn.meusitejuridico.com.br\/#\/schema\/person\/image\/\",\"url\":\"https:\/\/webmail.meusitejuridico.com.br\/s.meusitejuridico\/2020\/07\/6be289aa-logo-msj.png\",\"contentUrl\":\"https:\/\/webmail.meusitejuridico.com.br\/s.meusitejuridico\/2020\/07\/6be289aa-logo-msj.png\",\"caption\":\"Equipe Meu Site Jur\u00eddico\"},\"description\":\"Contem conosco!\",\"url\":\"https:\/\/webmail.meusitejuridico.com.br\/author\/equipe-meu-site-juridico\/\"}]}<\/script>\n<!-- \/ Yoast SEO plugin. -->","yoast_head_json":{"title":"Pode o homem ser, ao mesmo tempo, sujeito ativo e passivo do crime? - Meu site jur\u00eddico","robots":{"index":"index","follow":"follow","max-snippet":"max-snippet:-1","max-image-preview":"max-image-preview:large","max-video-preview":"max-video-preview:-1"},"canonical":"https:\/\/webmail.meusitejuridico.com.br\/2017\/05\/15\/pode-o-homem-ser-ao-mesmo-tempo-sujeito-ativo-e-passivo-crime\/","og_locale":"pt_BR","og_type":"article","og_title":"Pode o homem ser, ao mesmo tempo, sujeito ativo e passivo do crime? - Meu site jur\u00eddico","og_description":"O homem n\u00e3o pode ser, ao mesmo tempo, sujeito ativo e sujeito passivo de crime, mesmo porque, como informa o princ\u00edpio da alteridade, ningu\u00e9m poder\u00e1 ser responsabilizado pela conduta que n\u00e3o excede a sua esfera individual. Por este motivo \u00e9 que se pode afirmar que na autoles\u00e3o haver\u00e1, eventualmente, o crime de fraude contra seguro [&hellip;]","og_url":"https:\/\/webmail.meusitejuridico.com.br\/2017\/05\/15\/pode-o-homem-ser-ao-mesmo-tempo-sujeito-ativo-e-passivo-crime\/","og_site_name":"Meu site jur\u00eddico","article_published_time":"2017-05-15T10:00:05+00:00","og_image":[{"width":4000,"height":4000,"url":"https:\/\/webmail.meusitejuridico.com.br\/s.meusitejuridico\/2017\/05\/ccfe5d0c-shutterstock-525155524.jpg","type":"image\/jpeg"}],"author":"Equipe Meu Site Jur\u00eddico","twitter_card":"summary_large_image","twitter_misc":{"Escrito por":"Equipe Meu Site Jur\u00eddico","Est. tempo de leitura":"3 minutos"},"schema":{"@context":"https:\/\/schema.org","@graph":[{"@type":"Article","@id":"https:\/\/webmail.meusitejuridico.com.br\/2017\/05\/15\/pode-o-homem-ser-ao-mesmo-tempo-sujeito-ativo-e-passivo-crime\/#article","isPartOf":{"@id":"https:\/\/webmail.meusitejuridico.com.br\/2017\/05\/15\/pode-o-homem-ser-ao-mesmo-tempo-sujeito-ativo-e-passivo-crime\/"},"author":{"name":"Equipe Meu Site Jur\u00eddico","@id":"https:\/\/cdn.meusitejuridico.com.br\/#\/schema\/person\/5c2237ac0c8ff03bcf1a09fe3e45dfce"},"headline":"Pode o homem ser, ao mesmo tempo, sujeito ativo e passivo do crime?","datePublished":"2017-05-15T10:00:05+00:00","mainEntityOfPage":{"@id":"https:\/\/webmail.meusitejuridico.com.br\/2017\/05\/15\/pode-o-homem-ser-ao-mesmo-tempo-sujeito-ativo-e-passivo-crime\/"},"wordCount":609,"commentCount":0,"publisher":{"@id":"https:\/\/cdn.meusitejuridico.com.br\/#organization"},"image":{"@id":"https:\/\/webmail.meusitejuridico.com.br\/2017\/05\/15\/pode-o-homem-ser-ao-mesmo-tempo-sujeito-ativo-e-passivo-crime\/#primaryimage"},"thumbnailUrl":"https:\/\/webmail.meusitejuridico.com.br\/s.meusitejuridico\/2017\/05\/ccfe5d0c-shutterstock-525155524.jpg","keywords":["simultaneamente","sujeito ativo","sujeito passivo"],"articleSection":["Material de aula","Perguntas e Respostas"],"inLanguage":"pt-BR","potentialAction":[{"@type":"CommentAction","name":"Comment","target":["https:\/\/webmail.meusitejuridico.com.br\/2017\/05\/15\/pode-o-homem-ser-ao-mesmo-tempo-sujeito-ativo-e-passivo-crime\/#respond"]}]},{"@type":"WebPage","@id":"https:\/\/webmail.meusitejuridico.com.br\/2017\/05\/15\/pode-o-homem-ser-ao-mesmo-tempo-sujeito-ativo-e-passivo-crime\/","url":"https:\/\/webmail.meusitejuridico.com.br\/2017\/05\/15\/pode-o-homem-ser-ao-mesmo-tempo-sujeito-ativo-e-passivo-crime\/","name":"Pode o homem ser, ao mesmo tempo, sujeito ativo e passivo do crime? - Meu site jur\u00eddico","isPartOf":{"@id":"https:\/\/cdn.meusitejuridico.com.br\/#website"},"primaryImageOfPage":{"@id":"https:\/\/webmail.meusitejuridico.com.br\/2017\/05\/15\/pode-o-homem-ser-ao-mesmo-tempo-sujeito-ativo-e-passivo-crime\/#primaryimage"},"image":{"@id":"https:\/\/webmail.meusitejuridico.com.br\/2017\/05\/15\/pode-o-homem-ser-ao-mesmo-tempo-sujeito-ativo-e-passivo-crime\/#primaryimage"},"thumbnailUrl":"https:\/\/webmail.meusitejuridico.com.br\/s.meusitejuridico\/2017\/05\/ccfe5d0c-shutterstock-525155524.jpg","datePublished":"2017-05-15T10:00:05+00:00","breadcrumb":{"@id":"https:\/\/webmail.meusitejuridico.com.br\/2017\/05\/15\/pode-o-homem-ser-ao-mesmo-tempo-sujeito-ativo-e-passivo-crime\/#breadcrumb"},"inLanguage":"pt-BR","potentialAction":[{"@type":"ReadAction","target":["https:\/\/webmail.meusitejuridico.com.br\/2017\/05\/15\/pode-o-homem-ser-ao-mesmo-tempo-sujeito-ativo-e-passivo-crime\/"]}]},{"@type":"ImageObject","inLanguage":"pt-BR","@id":"https:\/\/webmail.meusitejuridico.com.br\/2017\/05\/15\/pode-o-homem-ser-ao-mesmo-tempo-sujeito-ativo-e-passivo-crime\/#primaryimage","url":"https:\/\/webmail.meusitejuridico.com.br\/s.meusitejuridico\/2017\/05\/ccfe5d0c-shutterstock-525155524.jpg","contentUrl":"https:\/\/webmail.meusitejuridico.com.br\/s.meusitejuridico\/2017\/05\/ccfe5d0c-shutterstock-525155524.jpg","width":4000,"height":4000},{"@type":"BreadcrumbList","@id":"https:\/\/webmail.meusitejuridico.com.br\/2017\/05\/15\/pode-o-homem-ser-ao-mesmo-tempo-sujeito-ativo-e-passivo-crime\/#breadcrumb","itemListElement":[{"@type":"ListItem","position":1,"name":"In\u00edcio","item":"https:\/\/cdn.meusitejuridico.com.br\/"},{"@type":"ListItem","position":2,"name":"Pode o homem ser, ao mesmo tempo, sujeito ativo e passivo do crime?"}]},{"@type":"WebSite","@id":"https:\/\/cdn.meusitejuridico.com.br\/#website","url":"https:\/\/cdn.meusitejuridico.com.br\/","name":"Meu site jur\u00eddico","description":"Meu site jur\u00eddico","publisher":{"@id":"https:\/\/cdn.meusitejuridico.com.br\/#organization"},"potentialAction":[{"@type":"SearchAction","target":{"@type":"EntryPoint","urlTemplate":"https:\/\/cdn.meusitejuridico.com.br\/?s={search_term_string}"},"query-input":{"@type":"PropertyValueSpecification","valueRequired":true,"valueName":"search_term_string"}}],"inLanguage":"pt-BR"},{"@type":"Organization","@id":"https:\/\/cdn.meusitejuridico.com.br\/#organization","name":"Meu site jur\u00eddico","url":"https:\/\/cdn.meusitejuridico.com.br\/","logo":{"@type":"ImageObject","inLanguage":"pt-BR","@id":"https:\/\/cdn.meusitejuridico.com.br\/#\/schema\/logo\/image\/","url":"https:\/\/webmail.meusitejuridico.com.br\/s.meusitejuridico\/2022\/03\/cropped-baeec2a3-msj-02-01-01.png","contentUrl":"https:\/\/webmail.meusitejuridico.com.br\/s.meusitejuridico\/2022\/03\/cropped-baeec2a3-msj-02-01-01.png","width":349,"height":243,"caption":"Meu site jur\u00eddico"},"image":{"@id":"https:\/\/cdn.meusitejuridico.com.br\/#\/schema\/logo\/image\/"}},{"@type":"Person","@id":"https:\/\/cdn.meusitejuridico.com.br\/#\/schema\/person\/5c2237ac0c8ff03bcf1a09fe3e45dfce","name":"Equipe Meu Site Jur\u00eddico","image":{"@type":"ImageObject","inLanguage":"pt-BR","@id":"https:\/\/cdn.meusitejuridico.com.br\/#\/schema\/person\/image\/","url":"https:\/\/webmail.meusitejuridico.com.br\/s.meusitejuridico\/2020\/07\/6be289aa-logo-msj.png","contentUrl":"https:\/\/webmail.meusitejuridico.com.br\/s.meusitejuridico\/2020\/07\/6be289aa-logo-msj.png","caption":"Equipe Meu Site Jur\u00eddico"},"description":"Contem conosco!","url":"https:\/\/webmail.meusitejuridico.com.br\/author\/equipe-meu-site-juridico\/"}]}},"_links":{"self":[{"href":"https:\/\/webmail.meusitejuridico.com.br\/api\/wp\/v2\/posts\/2408","targetHints":{"allow":["GET"]}}],"collection":[{"href":"https:\/\/webmail.meusitejuridico.com.br\/api\/wp\/v2\/posts"}],"about":[{"href":"https:\/\/webmail.meusitejuridico.com.br\/api\/wp\/v2\/types\/post"}],"author":[{"embeddable":true,"href":"https:\/\/webmail.meusitejuridico.com.br\/api\/wp\/v2\/users\/7"}],"replies":[{"embeddable":true,"href":"https:\/\/webmail.meusitejuridico.com.br\/api\/wp\/v2\/comments?post=2408"}],"version-history":[{"count":3,"href":"https:\/\/webmail.meusitejuridico.com.br\/api\/wp\/v2\/posts\/2408\/revisions"}],"predecessor-version":[{"id":2412,"href":"https:\/\/webmail.meusitejuridico.com.br\/api\/wp\/v2\/posts\/2408\/revisions\/2412"}],"wp:featuredmedia":[{"embeddable":true,"href":"https:\/\/webmail.meusitejuridico.com.br\/api\/wp\/v2\/media\/2409"}],"wp:attachment":[{"href":"https:\/\/webmail.meusitejuridico.com.br\/api\/wp\/v2\/media?parent=2408"}],"wp:term":[{"taxonomy":"category","embeddable":true,"href":"https:\/\/webmail.meusitejuridico.com.br\/api\/wp\/v2\/categories?post=2408"},{"taxonomy":"post_tag","embeddable":true,"href":"https:\/\/webmail.meusitejuridico.com.br\/api\/wp\/v2\/tags?post=2408"}],"curies":[{"name":"wp","href":"https:\/\/api.w.org\/{rel}","templated":true}]}}