{"id":2404,"date":"2017-05-14T07:00:08","date_gmt":"2017-05-14T10:00:08","guid":{"rendered":"https:\/\/meusitejuridico.com.br\/?p=2404"},"modified":"2017-05-12T21:30:01","modified_gmt":"2017-05-13T00:30:01","slug":"como-ficam-os-efeitos-da-condenacao-na-hipotese-de-abolitio-criminis","status":"publish","type":"post","link":"https:\/\/webmail.meusitejuridico.com.br\/2017\/05\/14\/como-ficam-os-efeitos-da-condenacao-na-hipotese-de-abolitio-criminis\/","title":{"rendered":"Como ficam os efeitos da condena\u00e7\u00e3o na hip\u00f3tese de \u201cabolitio criminis\u201d?"},"content":{"rendered":"<p>\u00c9 necess\u00e1rio, fazer distin\u00e7\u00e3o entre os efeitos penais e os efeitos extrapenais da senten\u00e7a condenat\u00f3ria. Os efeitos extrapenais est\u00e3o positivados nos artigos 91 e 92 do <a href=\"http:\/\/www.planalto.gov.br\/CCIVIL_03\/Decreto-Lei\/Del2848compilado.htm\" target=\"_blank\">C\u00f3digo Penal<\/a> e n\u00e3o ser\u00e3o alcan\u00e7ados pela lei descriminalizadora. Assim, mesmo com a revoga\u00e7\u00e3o do crime, subsiste, por exemplo, a obriga\u00e7\u00e3o de indenizar o dano causado, enquanto que os efeitos penais ter\u00e3o de ser extintos, retirando-se o nome do agente do rol dos culpados, n\u00e3o podendo a condena\u00e7\u00e3o ser considerada para fins de reincid\u00eancia ou de antecedentes penais.<\/p>\n<p>Tratando sobre o tema, <a class='qlabs_tooltip_top qlabs_tooltip_style_1 cursor_pointer event_hover' style=''  aria-haspopup='true'>Paulo Queiroz<span style='width: 180px; '  >Direito Penal \u2013 Parte Geral. 4\u00aa Ed. Rio de Janeiro: Lumen Juris, 2008, p. 108<\/span><\/a> esclarece o porqu\u00ea da perman\u00eancia dos efeitos extrapenais: \u201cCumpre notar que a express\u00e3o descriminalizar (= abolir o crime), como o indica o \u00e9timo da palavra, significa retirar de certa conduta o car\u00e1ter de criminoso, mas n\u00e3o o car\u00e1ter de ilicitude, j\u00e1 que o direito penal n\u00e3o constitui o il\u00edcito (car\u00e1ter subsidi\u00e1rio); logo, n\u00e3o pode, pela mesma raz\u00e3o, desconstitu\u00ed-lo. Por isso que, embora n\u00e3o subsistindo quaisquer dos efeitos penais (v.g. reincid\u00eancia), persistem todas as consequ\u00eancias n\u00e3o penais (civil, administrativo) do fato, como a obriga\u00e7\u00e3o civil de reparar o dano, que independe do direito penal\u201d.<\/p>\n<p><b>Material extra\u00eddo da obra<\/b>\u00a0<a href=\"https:\/\/goo.gl\/GxtIjn\" target=\"_blank\">Manual de Direito Penal (parte geral)<\/a><\/p>\n","protected":false},"excerpt":{"rendered":"<p>\u00c9 necess\u00e1rio, fazer distin\u00e7\u00e3o entre os efeitos penais e os efeitos extrapenais da senten\u00e7a condenat\u00f3ria. Os efeitos extrapenais est\u00e3o positivados nos artigos 91 e 92 do C\u00f3digo Penal e n\u00e3o ser\u00e3o alcan\u00e7ados pela lei descriminalizadora. Assim, mesmo com a revoga\u00e7\u00e3o do crime, subsiste, por exemplo, a obriga\u00e7\u00e3o de indenizar o dano causado, enquanto que os [&hellip;]<\/p>\n","protected":false},"author":7,"featured_media":2405,"comment_status":"open","ping_status":"open","sticky":false,"template":"","format":"standard","meta":{"_acf_changed":false,"footnotes":""},"categories":[78,437],"tags":[444,445],"class_list":["post-2404","post","type-post","status-publish","format-standard","has-post-thumbnail","hentry","category-material-de-aula","category-perguntas-e-respostas","tag-abolitio-criminis","tag-efeitos-da-condenacao"],"acf":[],"yoast_head":"<!-- This site is optimized with the Yoast SEO plugin v24.8.1 - https:\/\/yoast.com\/wordpress\/plugins\/seo\/ -->\n<title>Como ficam os efeitos da condena\u00e7\u00e3o na hip\u00f3tese de \u201cabolitio criminis\u201d? - Meu site jur\u00eddico<\/title>\n<meta name=\"robots\" content=\"index, follow, max-snippet:-1, max-image-preview:large, max-video-preview:-1\" \/>\n<link rel=\"canonical\" href=\"https:\/\/meusitejuridico.com.br\/2017\/05\/14\/como-ficam-os-efeitos-da-condenacao-na-hipotese-de-abolitio-criminis\/\" \/>\n<meta property=\"og:locale\" content=\"pt_BR\" \/>\n<meta property=\"og:type\" content=\"article\" \/>\n<meta property=\"og:title\" content=\"Como ficam os efeitos da condena\u00e7\u00e3o na hip\u00f3tese de \u201cabolitio criminis\u201d? - Meu site jur\u00eddico\" \/>\n<meta property=\"og:description\" content=\"\u00c9 necess\u00e1rio, fazer distin\u00e7\u00e3o entre os efeitos penais e os efeitos extrapenais da senten\u00e7a condenat\u00f3ria. Os efeitos extrapenais est\u00e3o positivados nos artigos 91 e 92 do C\u00f3digo Penal e n\u00e3o ser\u00e3o alcan\u00e7ados pela lei descriminalizadora. Assim, mesmo com a revoga\u00e7\u00e3o do crime, subsiste, por exemplo, a obriga\u00e7\u00e3o de indenizar o dano causado, enquanto que os [&hellip;]\" \/>\n<meta property=\"og:url\" content=\"https:\/\/meusitejuridico.com.br\/2017\/05\/14\/como-ficam-os-efeitos-da-condenacao-na-hipotese-de-abolitio-criminis\/\" \/>\n<meta property=\"og:site_name\" content=\"Meu site jur\u00eddico\" \/>\n<meta property=\"article:published_time\" content=\"2017-05-14T10:00:08+00:00\" \/>\n<meta property=\"og:image\" content=\"https:\/\/meusitejuridico.com.br\/s.meusitejuridico\/2017\/05\/16078ddf-shutterstock-299927735.jpg\" \/>\n\t<meta property=\"og:image:width\" content=\"5000\" \/>\n\t<meta property=\"og:image:height\" content=\"3750\" \/>\n\t<meta property=\"og:image:type\" content=\"image\/jpeg\" \/>\n<meta name=\"author\" content=\"Equipe Meu Site Jur\u00eddico\" \/>\n<meta name=\"twitter:card\" content=\"summary_large_image\" \/>\n<meta name=\"twitter:label1\" content=\"Escrito por\" \/>\n\t<meta name=\"twitter:data1\" content=\"Equipe Meu Site Jur\u00eddico\" \/>\n\t<meta name=\"twitter:label2\" content=\"Est. tempo de leitura\" \/>\n\t<meta name=\"twitter:data2\" content=\"1 minuto\" \/>\n<script type=\"application\/ld+json\" class=\"yoast-schema-graph\">{\"@context\":\"https:\/\/schema.org\",\"@graph\":[{\"@type\":\"Article\",\"@id\":\"https:\/\/meusitejuridico.com.br\/2017\/05\/14\/como-ficam-os-efeitos-da-condenacao-na-hipotese-de-abolitio-criminis\/#article\",\"isPartOf\":{\"@id\":\"https:\/\/meusitejuridico.com.br\/2017\/05\/14\/como-ficam-os-efeitos-da-condenacao-na-hipotese-de-abolitio-criminis\/\"},\"author\":{\"name\":\"Equipe Meu Site Jur\u00eddico\",\"@id\":\"https:\/\/cdn.meusitejuridico.com.br\/#\/schema\/person\/5c2237ac0c8ff03bcf1a09fe3e45dfce\"},\"headline\":\"Como ficam os efeitos da condena\u00e7\u00e3o na hip\u00f3tese de \u201cabolitio criminis\u201d?\",\"datePublished\":\"2017-05-14T10:00:08+00:00\",\"mainEntityOfPage\":{\"@id\":\"https:\/\/meusitejuridico.com.br\/2017\/05\/14\/como-ficam-os-efeitos-da-condenacao-na-hipotese-de-abolitio-criminis\/\"},\"wordCount\":265,\"commentCount\":0,\"publisher\":{\"@id\":\"https:\/\/cdn.meusitejuridico.com.br\/#organization\"},\"image\":{\"@id\":\"https:\/\/meusitejuridico.com.br\/2017\/05\/14\/como-ficam-os-efeitos-da-condenacao-na-hipotese-de-abolitio-criminis\/#primaryimage\"},\"thumbnailUrl\":\"https:\/\/webmail.meusitejuridico.com.br\/s.meusitejuridico\/2017\/05\/16078ddf-shutterstock-299927735.jpg\",\"keywords\":[\"abolitio criminis\",\"efeitos da condena\u00e7\u00e3o\"],\"articleSection\":[\"Material de aula\",\"Perguntas e Respostas\"],\"inLanguage\":\"pt-BR\",\"potentialAction\":[{\"@type\":\"CommentAction\",\"name\":\"Comment\",\"target\":[\"https:\/\/meusitejuridico.com.br\/2017\/05\/14\/como-ficam-os-efeitos-da-condenacao-na-hipotese-de-abolitio-criminis\/#respond\"]}]},{\"@type\":\"WebPage\",\"@id\":\"https:\/\/meusitejuridico.com.br\/2017\/05\/14\/como-ficam-os-efeitos-da-condenacao-na-hipotese-de-abolitio-criminis\/\",\"url\":\"https:\/\/meusitejuridico.com.br\/2017\/05\/14\/como-ficam-os-efeitos-da-condenacao-na-hipotese-de-abolitio-criminis\/\",\"name\":\"Como ficam os efeitos da condena\u00e7\u00e3o na hip\u00f3tese de \u201cabolitio criminis\u201d? - Meu site jur\u00eddico\",\"isPartOf\":{\"@id\":\"https:\/\/cdn.meusitejuridico.com.br\/#website\"},\"primaryImageOfPage\":{\"@id\":\"https:\/\/meusitejuridico.com.br\/2017\/05\/14\/como-ficam-os-efeitos-da-condenacao-na-hipotese-de-abolitio-criminis\/#primaryimage\"},\"image\":{\"@id\":\"https:\/\/meusitejuridico.com.br\/2017\/05\/14\/como-ficam-os-efeitos-da-condenacao-na-hipotese-de-abolitio-criminis\/#primaryimage\"},\"thumbnailUrl\":\"https:\/\/webmail.meusitejuridico.com.br\/s.meusitejuridico\/2017\/05\/16078ddf-shutterstock-299927735.jpg\",\"datePublished\":\"2017-05-14T10:00:08+00:00\",\"breadcrumb\":{\"@id\":\"https:\/\/meusitejuridico.com.br\/2017\/05\/14\/como-ficam-os-efeitos-da-condenacao-na-hipotese-de-abolitio-criminis\/#breadcrumb\"},\"inLanguage\":\"pt-BR\",\"potentialAction\":[{\"@type\":\"ReadAction\",\"target\":[\"https:\/\/meusitejuridico.com.br\/2017\/05\/14\/como-ficam-os-efeitos-da-condenacao-na-hipotese-de-abolitio-criminis\/\"]}]},{\"@type\":\"ImageObject\",\"inLanguage\":\"pt-BR\",\"@id\":\"https:\/\/meusitejuridico.com.br\/2017\/05\/14\/como-ficam-os-efeitos-da-condenacao-na-hipotese-de-abolitio-criminis\/#primaryimage\",\"url\":\"https:\/\/webmail.meusitejuridico.com.br\/s.meusitejuridico\/2017\/05\/16078ddf-shutterstock-299927735.jpg\",\"contentUrl\":\"https:\/\/webmail.meusitejuridico.com.br\/s.meusitejuridico\/2017\/05\/16078ddf-shutterstock-299927735.jpg\",\"width\":5000,\"height\":3750},{\"@type\":\"BreadcrumbList\",\"@id\":\"https:\/\/meusitejuridico.com.br\/2017\/05\/14\/como-ficam-os-efeitos-da-condenacao-na-hipotese-de-abolitio-criminis\/#breadcrumb\",\"itemListElement\":[{\"@type\":\"ListItem\",\"position\":1,\"name\":\"In\u00edcio\",\"item\":\"https:\/\/cdn.meusitejuridico.com.br\/\"},{\"@type\":\"ListItem\",\"position\":2,\"name\":\"Como ficam os efeitos da condena\u00e7\u00e3o na hip\u00f3tese de \u201cabolitio criminis\u201d?\"}]},{\"@type\":\"WebSite\",\"@id\":\"https:\/\/cdn.meusitejuridico.com.br\/#website\",\"url\":\"https:\/\/cdn.meusitejuridico.com.br\/\",\"name\":\"Meu site jur\u00eddico\",\"description\":\"Meu site jur\u00eddico\",\"publisher\":{\"@id\":\"https:\/\/cdn.meusitejuridico.com.br\/#organization\"},\"potentialAction\":[{\"@type\":\"SearchAction\",\"target\":{\"@type\":\"EntryPoint\",\"urlTemplate\":\"https:\/\/cdn.meusitejuridico.com.br\/?s={search_term_string}\"},\"query-input\":{\"@type\":\"PropertyValueSpecification\",\"valueRequired\":true,\"valueName\":\"search_term_string\"}}],\"inLanguage\":\"pt-BR\"},{\"@type\":\"Organization\",\"@id\":\"https:\/\/cdn.meusitejuridico.com.br\/#organization\",\"name\":\"Meu site jur\u00eddico\",\"url\":\"https:\/\/cdn.meusitejuridico.com.br\/\",\"logo\":{\"@type\":\"ImageObject\",\"inLanguage\":\"pt-BR\",\"@id\":\"https:\/\/cdn.meusitejuridico.com.br\/#\/schema\/logo\/image\/\",\"url\":\"https:\/\/webmail.meusitejuridico.com.br\/s.meusitejuridico\/2022\/03\/cropped-baeec2a3-msj-02-01-01.png\",\"contentUrl\":\"https:\/\/webmail.meusitejuridico.com.br\/s.meusitejuridico\/2022\/03\/cropped-baeec2a3-msj-02-01-01.png\",\"width\":349,\"height\":243,\"caption\":\"Meu site jur\u00eddico\"},\"image\":{\"@id\":\"https:\/\/cdn.meusitejuridico.com.br\/#\/schema\/logo\/image\/\"}},{\"@type\":\"Person\",\"@id\":\"https:\/\/cdn.meusitejuridico.com.br\/#\/schema\/person\/5c2237ac0c8ff03bcf1a09fe3e45dfce\",\"name\":\"Equipe Meu Site Jur\u00eddico\",\"image\":{\"@type\":\"ImageObject\",\"inLanguage\":\"pt-BR\",\"@id\":\"https:\/\/cdn.meusitejuridico.com.br\/#\/schema\/person\/image\/\",\"url\":\"https:\/\/webmail.meusitejuridico.com.br\/s.meusitejuridico\/2020\/07\/6be289aa-logo-msj.png\",\"contentUrl\":\"https:\/\/webmail.meusitejuridico.com.br\/s.meusitejuridico\/2020\/07\/6be289aa-logo-msj.png\",\"caption\":\"Equipe Meu Site Jur\u00eddico\"},\"description\":\"Contem conosco!\",\"url\":\"https:\/\/webmail.meusitejuridico.com.br\/author\/equipe-meu-site-juridico\/\"}]}<\/script>\n<!-- \/ Yoast SEO plugin. -->","yoast_head_json":{"title":"Como ficam os efeitos da condena\u00e7\u00e3o na hip\u00f3tese de \u201cabolitio criminis\u201d? - Meu site jur\u00eddico","robots":{"index":"index","follow":"follow","max-snippet":"max-snippet:-1","max-image-preview":"max-image-preview:large","max-video-preview":"max-video-preview:-1"},"canonical":"https:\/\/meusitejuridico.com.br\/2017\/05\/14\/como-ficam-os-efeitos-da-condenacao-na-hipotese-de-abolitio-criminis\/","og_locale":"pt_BR","og_type":"article","og_title":"Como ficam os efeitos da condena\u00e7\u00e3o na hip\u00f3tese de \u201cabolitio criminis\u201d? - Meu site jur\u00eddico","og_description":"\u00c9 necess\u00e1rio, fazer distin\u00e7\u00e3o entre os efeitos penais e os efeitos extrapenais da senten\u00e7a condenat\u00f3ria. Os efeitos extrapenais est\u00e3o positivados nos artigos 91 e 92 do C\u00f3digo Penal e n\u00e3o ser\u00e3o alcan\u00e7ados pela lei descriminalizadora. Assim, mesmo com a revoga\u00e7\u00e3o do crime, subsiste, por exemplo, a obriga\u00e7\u00e3o de indenizar o dano causado, enquanto que os [&hellip;]","og_url":"https:\/\/meusitejuridico.com.br\/2017\/05\/14\/como-ficam-os-efeitos-da-condenacao-na-hipotese-de-abolitio-criminis\/","og_site_name":"Meu site jur\u00eddico","article_published_time":"2017-05-14T10:00:08+00:00","og_image":[{"width":5000,"height":3750,"url":"https:\/\/meusitejuridico.com.br\/s.meusitejuridico\/2017\/05\/16078ddf-shutterstock-299927735.jpg","type":"image\/jpeg"}],"author":"Equipe Meu Site Jur\u00eddico","twitter_card":"summary_large_image","twitter_misc":{"Escrito por":"Equipe Meu Site Jur\u00eddico","Est. tempo de leitura":"1 minuto"},"schema":{"@context":"https:\/\/schema.org","@graph":[{"@type":"Article","@id":"https:\/\/meusitejuridico.com.br\/2017\/05\/14\/como-ficam-os-efeitos-da-condenacao-na-hipotese-de-abolitio-criminis\/#article","isPartOf":{"@id":"https:\/\/meusitejuridico.com.br\/2017\/05\/14\/como-ficam-os-efeitos-da-condenacao-na-hipotese-de-abolitio-criminis\/"},"author":{"name":"Equipe Meu Site Jur\u00eddico","@id":"https:\/\/cdn.meusitejuridico.com.br\/#\/schema\/person\/5c2237ac0c8ff03bcf1a09fe3e45dfce"},"headline":"Como ficam os efeitos da condena\u00e7\u00e3o na hip\u00f3tese de \u201cabolitio criminis\u201d?","datePublished":"2017-05-14T10:00:08+00:00","mainEntityOfPage":{"@id":"https:\/\/meusitejuridico.com.br\/2017\/05\/14\/como-ficam-os-efeitos-da-condenacao-na-hipotese-de-abolitio-criminis\/"},"wordCount":265,"commentCount":0,"publisher":{"@id":"https:\/\/cdn.meusitejuridico.com.br\/#organization"},"image":{"@id":"https:\/\/meusitejuridico.com.br\/2017\/05\/14\/como-ficam-os-efeitos-da-condenacao-na-hipotese-de-abolitio-criminis\/#primaryimage"},"thumbnailUrl":"https:\/\/webmail.meusitejuridico.com.br\/s.meusitejuridico\/2017\/05\/16078ddf-shutterstock-299927735.jpg","keywords":["abolitio criminis","efeitos da condena\u00e7\u00e3o"],"articleSection":["Material de aula","Perguntas e Respostas"],"inLanguage":"pt-BR","potentialAction":[{"@type":"CommentAction","name":"Comment","target":["https:\/\/meusitejuridico.com.br\/2017\/05\/14\/como-ficam-os-efeitos-da-condenacao-na-hipotese-de-abolitio-criminis\/#respond"]}]},{"@type":"WebPage","@id":"https:\/\/meusitejuridico.com.br\/2017\/05\/14\/como-ficam-os-efeitos-da-condenacao-na-hipotese-de-abolitio-criminis\/","url":"https:\/\/meusitejuridico.com.br\/2017\/05\/14\/como-ficam-os-efeitos-da-condenacao-na-hipotese-de-abolitio-criminis\/","name":"Como ficam os efeitos da condena\u00e7\u00e3o na hip\u00f3tese de \u201cabolitio criminis\u201d? - Meu site jur\u00eddico","isPartOf":{"@id":"https:\/\/cdn.meusitejuridico.com.br\/#website"},"primaryImageOfPage":{"@id":"https:\/\/meusitejuridico.com.br\/2017\/05\/14\/como-ficam-os-efeitos-da-condenacao-na-hipotese-de-abolitio-criminis\/#primaryimage"},"image":{"@id":"https:\/\/meusitejuridico.com.br\/2017\/05\/14\/como-ficam-os-efeitos-da-condenacao-na-hipotese-de-abolitio-criminis\/#primaryimage"},"thumbnailUrl":"https:\/\/webmail.meusitejuridico.com.br\/s.meusitejuridico\/2017\/05\/16078ddf-shutterstock-299927735.jpg","datePublished":"2017-05-14T10:00:08+00:00","breadcrumb":{"@id":"https:\/\/meusitejuridico.com.br\/2017\/05\/14\/como-ficam-os-efeitos-da-condenacao-na-hipotese-de-abolitio-criminis\/#breadcrumb"},"inLanguage":"pt-BR","potentialAction":[{"@type":"ReadAction","target":["https:\/\/meusitejuridico.com.br\/2017\/05\/14\/como-ficam-os-efeitos-da-condenacao-na-hipotese-de-abolitio-criminis\/"]}]},{"@type":"ImageObject","inLanguage":"pt-BR","@id":"https:\/\/meusitejuridico.com.br\/2017\/05\/14\/como-ficam-os-efeitos-da-condenacao-na-hipotese-de-abolitio-criminis\/#primaryimage","url":"https:\/\/webmail.meusitejuridico.com.br\/s.meusitejuridico\/2017\/05\/16078ddf-shutterstock-299927735.jpg","contentUrl":"https:\/\/webmail.meusitejuridico.com.br\/s.meusitejuridico\/2017\/05\/16078ddf-shutterstock-299927735.jpg","width":5000,"height":3750},{"@type":"BreadcrumbList","@id":"https:\/\/meusitejuridico.com.br\/2017\/05\/14\/como-ficam-os-efeitos-da-condenacao-na-hipotese-de-abolitio-criminis\/#breadcrumb","itemListElement":[{"@type":"ListItem","position":1,"name":"In\u00edcio","item":"https:\/\/cdn.meusitejuridico.com.br\/"},{"@type":"ListItem","position":2,"name":"Como ficam os efeitos da condena\u00e7\u00e3o na hip\u00f3tese de \u201cabolitio criminis\u201d?"}]},{"@type":"WebSite","@id":"https:\/\/cdn.meusitejuridico.com.br\/#website","url":"https:\/\/cdn.meusitejuridico.com.br\/","name":"Meu site jur\u00eddico","description":"Meu site jur\u00eddico","publisher":{"@id":"https:\/\/cdn.meusitejuridico.com.br\/#organization"},"potentialAction":[{"@type":"SearchAction","target":{"@type":"EntryPoint","urlTemplate":"https:\/\/cdn.meusitejuridico.com.br\/?s={search_term_string}"},"query-input":{"@type":"PropertyValueSpecification","valueRequired":true,"valueName":"search_term_string"}}],"inLanguage":"pt-BR"},{"@type":"Organization","@id":"https:\/\/cdn.meusitejuridico.com.br\/#organization","name":"Meu site jur\u00eddico","url":"https:\/\/cdn.meusitejuridico.com.br\/","logo":{"@type":"ImageObject","inLanguage":"pt-BR","@id":"https:\/\/cdn.meusitejuridico.com.br\/#\/schema\/logo\/image\/","url":"https:\/\/webmail.meusitejuridico.com.br\/s.meusitejuridico\/2022\/03\/cropped-baeec2a3-msj-02-01-01.png","contentUrl":"https:\/\/webmail.meusitejuridico.com.br\/s.meusitejuridico\/2022\/03\/cropped-baeec2a3-msj-02-01-01.png","width":349,"height":243,"caption":"Meu site jur\u00eddico"},"image":{"@id":"https:\/\/cdn.meusitejuridico.com.br\/#\/schema\/logo\/image\/"}},{"@type":"Person","@id":"https:\/\/cdn.meusitejuridico.com.br\/#\/schema\/person\/5c2237ac0c8ff03bcf1a09fe3e45dfce","name":"Equipe Meu Site Jur\u00eddico","image":{"@type":"ImageObject","inLanguage":"pt-BR","@id":"https:\/\/cdn.meusitejuridico.com.br\/#\/schema\/person\/image\/","url":"https:\/\/webmail.meusitejuridico.com.br\/s.meusitejuridico\/2020\/07\/6be289aa-logo-msj.png","contentUrl":"https:\/\/webmail.meusitejuridico.com.br\/s.meusitejuridico\/2020\/07\/6be289aa-logo-msj.png","caption":"Equipe Meu Site Jur\u00eddico"},"description":"Contem conosco!","url":"https:\/\/webmail.meusitejuridico.com.br\/author\/equipe-meu-site-juridico\/"}]}},"_links":{"self":[{"href":"https:\/\/webmail.meusitejuridico.com.br\/api\/wp\/v2\/posts\/2404","targetHints":{"allow":["GET"]}}],"collection":[{"href":"https:\/\/webmail.meusitejuridico.com.br\/api\/wp\/v2\/posts"}],"about":[{"href":"https:\/\/webmail.meusitejuridico.com.br\/api\/wp\/v2\/types\/post"}],"author":[{"embeddable":true,"href":"https:\/\/webmail.meusitejuridico.com.br\/api\/wp\/v2\/users\/7"}],"replies":[{"embeddable":true,"href":"https:\/\/webmail.meusitejuridico.com.br\/api\/wp\/v2\/comments?post=2404"}],"version-history":[{"count":2,"href":"https:\/\/webmail.meusitejuridico.com.br\/api\/wp\/v2\/posts\/2404\/revisions"}],"predecessor-version":[{"id":2407,"href":"https:\/\/webmail.meusitejuridico.com.br\/api\/wp\/v2\/posts\/2404\/revisions\/2407"}],"wp:featuredmedia":[{"embeddable":true,"href":"https:\/\/webmail.meusitejuridico.com.br\/api\/wp\/v2\/media\/2405"}],"wp:attachment":[{"href":"https:\/\/webmail.meusitejuridico.com.br\/api\/wp\/v2\/media?parent=2404"}],"wp:term":[{"taxonomy":"category","embeddable":true,"href":"https:\/\/webmail.meusitejuridico.com.br\/api\/wp\/v2\/categories?post=2404"},{"taxonomy":"post_tag","embeddable":true,"href":"https:\/\/webmail.meusitejuridico.com.br\/api\/wp\/v2\/tags?post=2404"}],"curies":[{"name":"wp","href":"https:\/\/api.w.org\/{rel}","templated":true}]}}