{"id":23874,"date":"2026-03-14T18:12:53","date_gmt":"2026-03-14T21:12:53","guid":{"rendered":"https:\/\/meusitejuridico.editorajuspodivm.com.br\/?p=23874"},"modified":"2026-03-14T18:12:55","modified_gmt":"2026-03-14T21:12:55","slug":"a-obrigatoriedade-da-atualizacao-ortografica-dos-atos-normativos","status":"publish","type":"post","link":"https:\/\/webmail.meusitejuridico.com.br\/2026\/03\/14\/a-obrigatoriedade-da-atualizacao-ortografica-dos-atos-normativos\/","title":{"rendered":"A obrigatoriedade da atualiza\u00e7\u00e3o ortogr\u00e1fica dos atos normativos"},"content":{"rendered":"\n<p>Os atos normativos devem ser atualizados em virtude do Acordo Ortogr\u00e1fico da L\u00edngua Portuguesa aderido pelo Brasil por interm\u00e9dio do Decreto n\u00ba 6.583\/2008.<\/p>\n\n\n\n<p>          O presente artigo prop\u00f5e-se a debater a obrigatoriedade da atualiza\u00e7\u00e3o gramatical dos atos normativos brasileiros \u00e0 luz do artigo 13 da Constitui\u00e7\u00e3o Federal de 1988 e do Decreto n\u00ba 6.583\/2008, que promulgou o Acordo Ortogr\u00e1fico da L\u00edngua Portuguesa. Questiona-se, fundamentalmente, se existe obriga\u00e7\u00e3o jur\u00eddica de atualizar a grafia dos atos normativos que apresentam desconformidades com as regras ortogr\u00e1ficas vigentes.<\/p>\n\n\n\n<p>          A Constitui\u00e7\u00e3o da Rep\u00fablica Federativa do Brasil de 1988, em seu art. 13, estabelece que &#8220;<em>a l\u00edngua portuguesa \u00e9 o idioma oficial da Rep\u00fablica Federativa do Brasil<\/em>&#8220;. Este dispositivo constitucional n\u00e3o apenas reconhece a import\u00e2ncia da l\u00edngua portuguesa para o pa\u00eds, mas tamb\u00e9m imp\u00f5e ao poder p\u00fablico a obriga\u00e7\u00e3o de utiliz\u00e1-la de forma correta e atualizada em seus atos oficiais.<\/p>\n\n\n\n<p>          A oficialidade constitucional da l\u00edngua portuguesa implica, necessariamente, o dever de observar as regras ortogr\u00e1ficas vigentes. A ortografia constitui elemento integrante e indissoci\u00e1vel da l\u00edngua, n\u00e3o sendo poss\u00edvel separar o uso correto do idioma da observ\u00e2ncia de suas normas ortogr\u00e1ficas.<\/p>\n\n\n\n<p>          Sobre a l\u00edngua portuguesa como idioma Jos\u00e9 Afonso da Silva afirma o seguinte:<\/p>\n\n\n\n<blockquote class=\"wp-block-quote is-layout-flow wp-block-quote-is-layout-flow\">\n<p><em>2. IDIOMA OFICIAL. A l\u00edngua portuguesa \u00e9, assim, declarada \u201cidioma oficial da Rep\u00fablica Federativa do Brasil\u201d. \u201cIdioma oficial\u201d quer dizer que todas as manifesta\u00e7\u00f5es oficiais, todo o sistema de comunica\u00e7\u00e3o de massa, h\u00e3o de ser feitos em l\u00edngua portuguesa. A palavra \u201cidioma\u201d, composta do elemento idio (pr\u00f3prio, peculiar), j\u00e1 significa l\u00edngua pr\u00f3pria de um povo, de um pa\u00eds, de uma regi\u00e3o. Quando se lhe adjunta o signo \u201coficial\u201d, d\u00e1-se-lhe uma conota\u00e7\u00e3o de algo irrecus\u00e1vel, inafast\u00e1vel.<a id=\"_ftnref1\" href=\"#_ftn1\">[1]<\/a><\/em><\/p>\n<\/blockquote>\n\n\n\n<p>          Com isso, verifica-se que o idioma oficial, no caso do Brasil a l\u00edngua portuguesa, \u00e9 de uso obrigat\u00f3rio para as manifesta\u00e7\u00f5es oficiais pelo poder p\u00fablico, incluindo, portanto, os atos normativos em geral, como, por exemplo: as leis, os decretos, as resolu\u00e7\u00f5es, instru\u00e7\u00f5es normativas etc.<\/p>\n\n\n\n<p>          O Decreto n\u00ba 6.583, de 29 de setembro de 2008<a id=\"_ftnref2\" href=\"#_ftn2\">[2]<\/a>, promulgou o Acordo Ortogr\u00e1fico da L\u00edngua Portuguesa, assinado em Lisboa em 16 de dezembro de 1990,<a id=\"_ftnref3\" href=\"#_ftn3\">[3]<\/a> estabelecendo sua obrigatoriedade em territ\u00f3rio nacional. O artigo 1\u00ba do Decreto determina que o Acordo Ortogr\u00e1fico &#8220;<em>ser\u00e1 executado e cumprido t\u00e3o inteiramente como nele se cont\u00e9m<\/em>&#8220;, conferindo car\u00e1ter obrigat\u00f3rio \u00e0s novas regras ortogr\u00e1ficas.<\/p>\n\n\n\n<p>          Particularmente relevante \u00e9 o disposto no artigo 2\u00ba do Decreto n\u00ba 6.583\/2008, que estabeleceu per\u00edodo de transi\u00e7\u00e3o &#8220;<em>de 1\u00ba de janeiro de 2009 a 31 de dezembro de 2015, durante o qual coexistir\u00e3o a norma ortogr\u00e1fica atualmente em vigor e a nova norma estabelecida<\/em>&#8220;. Este per\u00edodo de transi\u00e7\u00e3o j\u00e1 se encontra h\u00e1 muito superado, tendo se encerrado em 31 de dezembro de 2015. Desde 1\u00ba de janeiro de 2016, portanto, as regras do Acordo Ortogr\u00e1fico da L\u00edngua Portuguesa constituem as \u00fanicas normas ortogr\u00e1ficas oficialmente v\u00e1lidas no territ\u00f3rio brasileiro.<\/p>\n\n\n\n<p>          N\u00e3o obstante a obrigatoriedade das novas regras ortogr\u00e1ficas, diversos atos normativos no ordenamento jur\u00eddico brasileiro mant\u00eam grafias desconformes com o Acordo Ortogr\u00e1fico nos sites oficiais. O C\u00f3digo Tribut\u00e1rio Nacional<a id=\"_ftnref4\" href=\"#_ftn4\">[4]<\/a> apresenta m\u00faltiplas desconformidades ortogr\u00e1ficas. O artigo 9\u00ba, inciso II, disp\u00f5e sobre a proibi\u00e7\u00e3o de &#8220;<em>cobrar imp\u00f4sto s\u00f4bre o patrim\u00f4nio e a renda<\/em>&#8220;, utilizando grafias com acento circunflexo que contrariam as regras vigentes. O artigo 17 estabelece que &#8220;<em>os impostos componentes do sistema tribut\u00e1rio nacional s\u00e3o exclusivamente os que constam d\u00easte T\u00edtulo<\/em>&#8220;, mantendo a grafia &#8220;<em>d\u00easte<\/em>&#8221; com acento circunflexo. O artigo 19 concentra tr\u00eas grafias desatualizadas: &#8220;<em>o imp\u00f4sto, de compet\u00eancia da Uni\u00e3o, s\u00f4bre a importa\u00e7\u00e3o de produtos estrangeiros tem como fato gerador a entrada d\u00eastes no territ\u00f3rio nacional<\/em>&#8220;.<\/p>\n\n\n\n<p>          O Decreto-Lei n\u00ba 200\/1967<a id=\"_ftnref5\" href=\"#_ftn5\">[5]<\/a>, que disp\u00f5e &#8220;<em>s\u00f4bre a organiza\u00e7\u00e3o da Administra\u00e7\u00e3o Federal<\/em>&#8220;, apresenta desconformidade ortogr\u00e1fica j\u00e1 em sua ementa. O artigo 4\u00ba utiliza a grafia &#8220;<em>Empr\u00easas P\u00fablicas<\/em>&#8221; com acento circunflexo, e o artigo 5\u00ba, inciso II, define empresa p\u00fablica utilizando as grafias &#8220;<em>Empr\u00easa<\/em>&#8220;, &#8220;<em>Gov\u00earno<\/em>&#8221; e &#8220;<em>f\u00f4r\u00e7a<\/em>&#8220;, todas em desconformidade com as regras ortogr\u00e1ficas atuais.<\/p>\n\n\n\n<p>          J\u00e1 o C\u00f3digo Penal Brasileiro<a id=\"_ftnref6\" href=\"#_ftn6\">[6]<\/a> mant\u00e9m grafias arcaicas como &#8220;<em>inclue-se<\/em>&#8221; no artigo 8\u00ba, que trata da contagem de prazos, estabelecendo que &#8220;<em>o dia do come\u00e7o inclue-se no c\u00f4mputo do prazo<\/em>&#8220;. A grafia correta, segundo as regras vigentes, seria &#8220;inclui-se&#8221;.<\/p>\n\n\n\n<p>          Por sua vez, o Decreto-Lei n\u00ba 201\/1967<a id=\"_ftnref7\" href=\"#_ftn7\">[7]<\/a>, que &#8220;<em>disp\u00f5e s\u00f4bre a responsabilidade dos prefeitos e vereadores<\/em>&#8220;, utiliza a palavra &#8220;<em>s\u00f4bre<\/em>&#8221; com acento circunflexo em sua ementa, contrariando as regras do Acordo Ortogr\u00e1fico.<\/p>\n\n\n\n<p>          A atualiza\u00e7\u00e3o ortogr\u00e1fica dos atos normativos deve ser realizada observando rigorosas salvaguardas jur\u00eddicas. \u00c9 fundamental estabelecer o princ\u00edpio da preserva\u00e7\u00e3o do conte\u00fado, garantindo que nenhuma atualiza\u00e7\u00e3o ortogr\u00e1fica altere o sentido, o alcance ou a efic\u00e1cia das disposi\u00e7\u00f5es normativas. As corre\u00e7\u00f5es devem limitar-se aos aspectos puramente formais que n\u00e3o afetem o conte\u00fado substantivo das normas.<\/p>\n\n\n\n<p>          H\u00e1 uma distin\u00e7\u00e3o entre altera\u00e7\u00f5es formais e altera\u00e7\u00f5es substanciais de textos normativos. Enquanto as altera\u00e7\u00f5es substanciais exigem observ\u00e2ncia do processo legislativo regular, as altera\u00e7\u00f5es meramente formais podem ser realizadas por meio de procedimentos administrativos simplificados, desde que preservada a integridade do conte\u00fado normativo.<\/p>\n\n\n\n<p>          Depreende-se, assim, que existe obriga\u00e7\u00e3o jur\u00eddica de atualizar a grafia dos atos normativos para conform\u00e1-los \u00e0s regras ortogr\u00e1ficas oficiais vigentes. Esta obriga\u00e7\u00e3o deriva tanto do comando constitucional que estabelece a l\u00edngua portuguesa como idioma oficial quanto das determina\u00e7\u00f5es espec\u00edficas do Acordo Ortogr\u00e1fico promulgado pelo Decreto n\u00ba 6.583\/2008.<\/p>\n\n\n\n<p>          A manuten\u00e7\u00e3o de grafias desatualizadas em atos normativos oficiais contraria o princ\u00edpio da legalidade, compromete a autoridade do Estado na promo\u00e7\u00e3o da unidade lingu\u00edstica nacional e afronta o princ\u00edpio de leg\u00edstica do uso formal da norma culta, que estabelece que os atos normativos dever\u00e3o observar a correta aplica\u00e7\u00e3o das regras gramaticais, ortogr\u00e1ficas e sint\u00e1ticas de portugu\u00eas. Se o Estado brasileiro promulgou o Acordo Ortogr\u00e1fico da L\u00edngua Portuguesa, tornando obrigat\u00f3rias suas regras ortogr\u00e1ficas, a persist\u00eancia de grafias desconformes em textos normativos oficiais configura descumprimento tanto do comando constitucional quanto da legisla\u00e7\u00e3o infraconstitucional.<\/p>\n\n\n\n<p>          Nesse rumo, a atualiza\u00e7\u00e3o ortogr\u00e1fica dos atos normativos nos portais oficiais, desde que realizada sem altera\u00e7\u00e3o do sentido das normas, constitui obriga\u00e7\u00e3o jur\u00eddica inadi\u00e1vel. Esta atualiza\u00e7\u00e3o n\u00e3o apenas garantir\u00e1 a conformidade dos textos normativos com as regras ortogr\u00e1ficas oficiais, mas tamb\u00e9m contribuir\u00e1 para a promo\u00e7\u00e3o da unidade lingu\u00edstica e o fortalecimento da autoridade do Estado na aplica\u00e7\u00e3o das normas da l\u00edngua portuguesa oficial.<\/p>\n\n\n\n<p>          Diante do exposto, verifica-se que a atualiza\u00e7\u00e3o gramatical dos atos normativos n\u00e3o constitui mera quest\u00e3o de conveni\u00eancia administrativa, mas verdadeira exig\u00eancia constitucional e legal que deve ser implementada com a urg\u00eancia que a import\u00e2ncia da quest\u00e3o exige, com a preserva\u00e7\u00e3o do sentido original das normas.<\/p>\n\n\n\n<hr class=\"wp-block-separator has-alpha-channel-opacity\" \/>\n\n\n\n<p><a href=\"#_ftnref1\" id=\"_ftn1\">[1]<\/a> SILVA, Jos\u00e9 Afonso da. COMENT\u00c1RIO CONTEXTUAL \u00c0 COSTITUI\u00c7\u00c3O. 6. ed. S\u00e3o Paulo: Malheiros, 2009. p. 210.<\/p>\n\n\n\n<p><a href=\"#_ftnref2\" id=\"_ftn2\">[2]<\/a> BRASIL. Decreto n\u00ba 6.583, de 29 de setembro de 2008. Dispon\u00edvel em: <a href=\"https:\/\/www.planalto.gov.br\/ccivil_03\/_ato2007-2010\/2008\/decreto\/d6583.htm\">https:\/\/www.planalto.gov.br\/ccivil_03\/_ato2007-2010\/2008\/decreto\/d6583.htm<\/a> Acessado em: 06 jun2025.<\/p>\n\n\n\n<p><a href=\"#_ftnref3\" id=\"_ftn3\">[3]<\/a> Acordo Ortogr\u00e1fico da L\u00edngua Portuguesa, assinado em Lisboa em 16 de dezembro de 1990. Dispon\u00edvel em: <a href=\"https:\/\/www2.senado.leg.br\/bdsf\/bitstream\/handle\/id\/508145\/000997415.pdf\">https:\/\/www2.senado.leg.br\/bdsf\/bitstream\/handle\/id\/508145\/000997415.pdf<\/a> Acessado em: 06 jun2025. &nbsp;<\/p>\n\n\n\n<p><a href=\"#_ftnref4\" id=\"_ftn4\">[4]<\/a> BRASIL. C\u00f3digo Tribut\u00e1rio Nacional \u2013 CTN. Dispon\u00edvel em: <a href=\"https:\/\/www.planalto.gov.br\/ccivil_03\/leis\/l5172compilado.htm\">https:\/\/www.planalto.gov.br\/ccivil_03\/leis\/l5172compilado.htm<\/a> Acessado em: 06 jun2025.<\/p>\n\n\n\n<p><a href=\"#_ftnref5\" id=\"_ftn5\">[5]<\/a> BRASIL. Decreto-Lei n\u00ba 200\/1967. Dispon\u00edvel em: <a href=\"https:\/\/www.planalto.gov.br\/ccivil_03\/decreto-lei\/del0200.htm\">https:\/\/www.planalto.gov.br\/ccivil_03\/decreto-lei\/del0200.htm<\/a>&nbsp; Acessado em: 06 jun2025.<\/p>\n\n\n\n<p><a href=\"#_ftnref6\" id=\"_ftn6\">[6]<\/a> BRASIL. C\u00f3digo Penal Brasileiro. Dispon\u00edvel em: <a href=\"https:\/\/www.planalto.gov.br\/ccivil_03\/decreto-lei\/del2848compilado.htm\">https:\/\/www.planalto.gov.br\/ccivil_03\/decreto-lei\/del2848compilado.htm<\/a> Acessado em: 06 jun2025.<\/p>\n\n\n\n<p><a href=\"#_ftnref7\" id=\"_ftn7\">[7]<\/a> BRASIL. Decreto-Lei n\u00ba 201\/1967. Dispon\u00edvel em: <a href=\"https:\/\/www.planalto.gov.br\/ccivil_03\/decreto-lei\/del0201.htm\">https:\/\/www.planalto.gov.br\/ccivil_03\/decreto-lei\/del0201.htm<\/a> Acessado em: 06 jun2025.<\/p>\n\n\n\n<p><\/p>\n","protected":false},"excerpt":{"rendered":"<p>Os atos normativos devem ser atualizados em virtude do Acordo Ortogr\u00e1fico da L\u00edngua Portuguesa aderido pelo Brasil por interm\u00e9dio do Decreto n\u00ba 6.583\/2008. O presente artigo prop\u00f5e-se a debater a obrigatoriedade da atualiza\u00e7\u00e3o gramatical dos atos normativos brasileiros \u00e0 luz do artigo 13 da Constitui\u00e7\u00e3o Federal de 1988 e do Decreto n\u00ba 6.583\/2008, que promulgou [&hellip;]<\/p>\n","protected":false},"author":255,"featured_media":23728,"comment_status":"open","ping_status":"open","sticky":false,"template":"","format":"standard","meta":{"_acf_changed":false,"footnotes":""},"categories":[1],"tags":[2426,5025],"class_list":["post-23874","post","type-post","status-publish","format-standard","has-post-thumbnail","hentry","category-artigos","tag-direito-constitucional","tag-legistica"],"acf":[],"yoast_head":"<!-- This site is optimized with the Yoast SEO plugin v24.8.1 - https:\/\/yoast.com\/wordpress\/plugins\/seo\/ -->\n<title>A obrigatoriedade da atualiza\u00e7\u00e3o ortogr\u00e1fica dos atos normativos - Meu site jur\u00eddico<\/title>\n<meta name=\"description\" content=\"Os atos normativos devem ser atualizados em virtude do Acordo Ortogr\u00e1fico da L\u00edngua Portuguesa aderido pelo Brasil por interm\u00e9dio do Decreto n\u00ba 6.583\/2008.\" \/>\n<meta name=\"robots\" content=\"index, follow, max-snippet:-1, max-image-preview:large, max-video-preview:-1\" \/>\n<link rel=\"canonical\" href=\"https:\/\/meusitejuridico.editorajuspodivm.com.br\/2026\/03\/14\/a-obrigatoriedade-da-atualizacao-ortografica-dos-atos-normativos\/\" \/>\n<meta property=\"og:locale\" content=\"pt_BR\" \/>\n<meta property=\"og:type\" content=\"article\" \/>\n<meta property=\"og:title\" content=\"A obrigatoriedade da atualiza\u00e7\u00e3o ortogr\u00e1fica dos atos normativos - Meu site jur\u00eddico\" \/>\n<meta property=\"og:description\" content=\"Os atos normativos devem ser atualizados em virtude do Acordo Ortogr\u00e1fico da L\u00edngua Portuguesa aderido pelo Brasil por interm\u00e9dio do Decreto n\u00ba 6.583\/2008.\" \/>\n<meta property=\"og:url\" content=\"https:\/\/meusitejuridico.editorajuspodivm.com.br\/2026\/03\/14\/a-obrigatoriedade-da-atualizacao-ortografica-dos-atos-normativos\/\" \/>\n<meta property=\"og:site_name\" content=\"Meu site jur\u00eddico\" \/>\n<meta property=\"article:published_time\" content=\"2026-03-14T21:12:53+00:00\" \/>\n<meta property=\"article:modified_time\" content=\"2026-03-14T21:12:55+00:00\" \/>\n<meta property=\"og:image\" content=\"https:\/\/meusitejuridico.editorajuspodivm.com.br\/s.meusitejuridico\/2026\/01\/Capa-JUS4633-Pereira-Manual-Legistica-1ed.jpg\" \/>\n\t<meta property=\"og:image:width\" content=\"2560\" \/>\n\t<meta property=\"og:image:height\" content=\"1575\" \/>\n\t<meta property=\"og:image:type\" content=\"image\/jpeg\" \/>\n<meta name=\"author\" content=\"Diogo Esteves Pereira\" \/>\n<meta name=\"twitter:card\" content=\"summary_large_image\" \/>\n<meta name=\"twitter:label1\" content=\"Escrito por\" \/>\n\t<meta name=\"twitter:data1\" content=\"Diogo Esteves Pereira\" \/>\n\t<meta name=\"twitter:label2\" content=\"Est. tempo de leitura\" \/>\n\t<meta name=\"twitter:data2\" content=\"7 minutos\" \/>\n<script type=\"application\/ld+json\" class=\"yoast-schema-graph\">{\"@context\":\"https:\/\/schema.org\",\"@graph\":[{\"@type\":\"Article\",\"@id\":\"https:\/\/meusitejuridico.editorajuspodivm.com.br\/2026\/03\/14\/a-obrigatoriedade-da-atualizacao-ortografica-dos-atos-normativos\/#article\",\"isPartOf\":{\"@id\":\"https:\/\/meusitejuridico.editorajuspodivm.com.br\/2026\/03\/14\/a-obrigatoriedade-da-atualizacao-ortografica-dos-atos-normativos\/\"},\"author\":{\"name\":\"Diogo Esteves Pereira\",\"@id\":\"https:\/\/cdn.meusitejuridico.com.br\/#\/schema\/person\/d9e22ecdf8c4914b833fd18b8c6ce2dd\"},\"headline\":\"A obrigatoriedade da atualiza\u00e7\u00e3o ortogr\u00e1fica dos atos normativos\",\"datePublished\":\"2026-03-14T21:12:53+00:00\",\"dateModified\":\"2026-03-14T21:12:55+00:00\",\"mainEntityOfPage\":{\"@id\":\"https:\/\/meusitejuridico.editorajuspodivm.com.br\/2026\/03\/14\/a-obrigatoriedade-da-atualizacao-ortografica-dos-atos-normativos\/\"},\"wordCount\":1359,\"commentCount\":0,\"publisher\":{\"@id\":\"https:\/\/cdn.meusitejuridico.com.br\/#organization\"},\"image\":{\"@id\":\"https:\/\/meusitejuridico.editorajuspodivm.com.br\/2026\/03\/14\/a-obrigatoriedade-da-atualizacao-ortografica-dos-atos-normativos\/#primaryimage\"},\"thumbnailUrl\":\"https:\/\/webmail.meusitejuridico.com.br\/s.meusitejuridico\/2026\/01\/Capa-JUS4633-Pereira-Manual-Legistica-1ed.jpg\",\"keywords\":[\"Direito Constitucional\",\"Leg\u00edstica\"],\"articleSection\":[\"Artigos\"],\"inLanguage\":\"pt-BR\",\"potentialAction\":[{\"@type\":\"CommentAction\",\"name\":\"Comment\",\"target\":[\"https:\/\/meusitejuridico.editorajuspodivm.com.br\/2026\/03\/14\/a-obrigatoriedade-da-atualizacao-ortografica-dos-atos-normativos\/#respond\"]}]},{\"@type\":\"WebPage\",\"@id\":\"https:\/\/meusitejuridico.editorajuspodivm.com.br\/2026\/03\/14\/a-obrigatoriedade-da-atualizacao-ortografica-dos-atos-normativos\/\",\"url\":\"https:\/\/meusitejuridico.editorajuspodivm.com.br\/2026\/03\/14\/a-obrigatoriedade-da-atualizacao-ortografica-dos-atos-normativos\/\",\"name\":\"A obrigatoriedade da atualiza\u00e7\u00e3o ortogr\u00e1fica dos atos normativos - Meu site jur\u00eddico\",\"isPartOf\":{\"@id\":\"https:\/\/cdn.meusitejuridico.com.br\/#website\"},\"primaryImageOfPage\":{\"@id\":\"https:\/\/meusitejuridico.editorajuspodivm.com.br\/2026\/03\/14\/a-obrigatoriedade-da-atualizacao-ortografica-dos-atos-normativos\/#primaryimage\"},\"image\":{\"@id\":\"https:\/\/meusitejuridico.editorajuspodivm.com.br\/2026\/03\/14\/a-obrigatoriedade-da-atualizacao-ortografica-dos-atos-normativos\/#primaryimage\"},\"thumbnailUrl\":\"https:\/\/webmail.meusitejuridico.com.br\/s.meusitejuridico\/2026\/01\/Capa-JUS4633-Pereira-Manual-Legistica-1ed.jpg\",\"datePublished\":\"2026-03-14T21:12:53+00:00\",\"dateModified\":\"2026-03-14T21:12:55+00:00\",\"description\":\"Os atos normativos devem ser atualizados em virtude do Acordo Ortogr\u00e1fico da L\u00edngua Portuguesa aderido pelo Brasil por interm\u00e9dio do Decreto n\u00ba 6.583\/2008.\",\"breadcrumb\":{\"@id\":\"https:\/\/meusitejuridico.editorajuspodivm.com.br\/2026\/03\/14\/a-obrigatoriedade-da-atualizacao-ortografica-dos-atos-normativos\/#breadcrumb\"},\"inLanguage\":\"pt-BR\",\"potentialAction\":[{\"@type\":\"ReadAction\",\"target\":[\"https:\/\/meusitejuridico.editorajuspodivm.com.br\/2026\/03\/14\/a-obrigatoriedade-da-atualizacao-ortografica-dos-atos-normativos\/\"]}]},{\"@type\":\"ImageObject\",\"inLanguage\":\"pt-BR\",\"@id\":\"https:\/\/meusitejuridico.editorajuspodivm.com.br\/2026\/03\/14\/a-obrigatoriedade-da-atualizacao-ortografica-dos-atos-normativos\/#primaryimage\",\"url\":\"https:\/\/webmail.meusitejuridico.com.br\/s.meusitejuridico\/2026\/01\/Capa-JUS4633-Pereira-Manual-Legistica-1ed.jpg\",\"contentUrl\":\"https:\/\/webmail.meusitejuridico.com.br\/s.meusitejuridico\/2026\/01\/Capa-JUS4633-Pereira-Manual-Legistica-1ed.jpg\",\"width\":2560,\"height\":1575},{\"@type\":\"BreadcrumbList\",\"@id\":\"https:\/\/meusitejuridico.editorajuspodivm.com.br\/2026\/03\/14\/a-obrigatoriedade-da-atualizacao-ortografica-dos-atos-normativos\/#breadcrumb\",\"itemListElement\":[{\"@type\":\"ListItem\",\"position\":1,\"name\":\"In\u00edcio\",\"item\":\"https:\/\/cdn.meusitejuridico.com.br\/\"},{\"@type\":\"ListItem\",\"position\":2,\"name\":\"A obrigatoriedade da atualiza\u00e7\u00e3o ortogr\u00e1fica dos atos normativos\"}]},{\"@type\":\"WebSite\",\"@id\":\"https:\/\/cdn.meusitejuridico.com.br\/#website\",\"url\":\"https:\/\/cdn.meusitejuridico.com.br\/\",\"name\":\"Meu site jur\u00eddico\",\"description\":\"Meu site jur\u00eddico\",\"publisher\":{\"@id\":\"https:\/\/cdn.meusitejuridico.com.br\/#organization\"},\"potentialAction\":[{\"@type\":\"SearchAction\",\"target\":{\"@type\":\"EntryPoint\",\"urlTemplate\":\"https:\/\/cdn.meusitejuridico.com.br\/?s={search_term_string}\"},\"query-input\":{\"@type\":\"PropertyValueSpecification\",\"valueRequired\":true,\"valueName\":\"search_term_string\"}}],\"inLanguage\":\"pt-BR\"},{\"@type\":\"Organization\",\"@id\":\"https:\/\/cdn.meusitejuridico.com.br\/#organization\",\"name\":\"Meu site jur\u00eddico\",\"url\":\"https:\/\/cdn.meusitejuridico.com.br\/\",\"logo\":{\"@type\":\"ImageObject\",\"inLanguage\":\"pt-BR\",\"@id\":\"https:\/\/cdn.meusitejuridico.com.br\/#\/schema\/logo\/image\/\",\"url\":\"https:\/\/webmail.meusitejuridico.com.br\/s.meusitejuridico\/2022\/03\/cropped-baeec2a3-msj-02-01-01.png\",\"contentUrl\":\"https:\/\/webmail.meusitejuridico.com.br\/s.meusitejuridico\/2022\/03\/cropped-baeec2a3-msj-02-01-01.png\",\"width\":349,\"height\":243,\"caption\":\"Meu site jur\u00eddico\"},\"image\":{\"@id\":\"https:\/\/cdn.meusitejuridico.com.br\/#\/schema\/logo\/image\/\"}},{\"@type\":\"Person\",\"@id\":\"https:\/\/cdn.meusitejuridico.com.br\/#\/schema\/person\/d9e22ecdf8c4914b833fd18b8c6ce2dd\",\"name\":\"Diogo Esteves Pereira\",\"image\":{\"@type\":\"ImageObject\",\"inLanguage\":\"pt-BR\",\"@id\":\"https:\/\/cdn.meusitejuridico.com.br\/#\/schema\/person\/image\/\",\"url\":\"https:\/\/webmail.meusitejuridico.com.br\/s.meusitejuridico\/2026\/01\/6169-diogo-esteves-pereira_3-150x150.webp\",\"contentUrl\":\"https:\/\/webmail.meusitejuridico.com.br\/s.meusitejuridico\/2026\/01\/6169-diogo-esteves-pereira_3-150x150.webp\",\"caption\":\"Diogo Esteves Pereira\"},\"description\":\"Assessor Especial da Presid\u00eancia do Tribunal de Contas do Estado do Tocantins. Encarregado da Prote\u00e7\u00e3o de Dados do Tribunal de Contas do Estado do Tocantins. Procurador-Chefe da C\u00e2mara Municipal de Aragua\u00edna\/TO (2024). Subprocurador-Geral do Munic\u00edpio de Aragua\u00edna\/TO (2023). Presidente da Ag\u00eancia de Seguran\u00e7a, Transporte e Tr\u00e2nsito do Munic\u00edpio de Aragua\u00edna\/TO (2022\/2023). Coordenador da Subchefia de Assuntos Jur\u00eddicos da Casa Civil da Presid\u00eancia da Rep\u00fablica (2016). Assistente T\u00e9cnico na Secretaria da Micro e Pequena Empresa da Presid\u00eancia da Rep\u00fablica (2013\/2015). Coordenador Substituto de Processo Administrativo Disciplinar no Minist\u00e9rio dos Transportes (2010\/2011). Conciliador do Tribunal de Justi\u00e7a do Distrito Federal e dos Territ\u00f3rios (2008\/2009). Assistente T\u00e9cnico no Minist\u00e9rio dos Transportes (2007\/2011). Advogado desde 2012. Especialista em Direito Pr\u00e1tica Processual nos Tribunais pelo Centro Universit\u00e1rio de Bras\u00edlia \u2013 UniCEUB (2013). Membro Examinador de Banca de Monografia da P\u00f3s-Gradua\u00e7\u00e3o Lato Sensu do Centro Universit\u00e1rio de Bras\u00edlia \u2013 UniCEUB (2013). Coordenador da Cole\u00e7\u00e3o Teses Defensivas, da Editora Juspodivm. Autor da obra Teses Defensivas Improbidade Administrativa, da Editora Juspodivm. \u2060Coautor da obra Ass\u00e9dio Moral e Viol\u00eancia no trabalho: Guia completo para ambientes seguros no setor p\u00fablico e privado, da editora Juspodivm. \u2060Autor da obra Manual de Leg\u00edstica: teoria e pr\u00e1tica, da Editora Juspodivm e de diversos artigos publicados nas Revistas Jur\u00eddicas Conjur, Migalhas, Jota e C\u00e1tedras.\",\"sameAs\":[\"https:\/\/www.editorajuspodivm.com.br\/authors\/page\/view\/id\/6169\/\"],\"url\":\"https:\/\/webmail.meusitejuridico.com.br\/author\/413122014635\/\"}]}<\/script>\n<!-- \/ Yoast SEO plugin. -->","yoast_head_json":{"title":"A obrigatoriedade da atualiza\u00e7\u00e3o ortogr\u00e1fica dos atos normativos - Meu site jur\u00eddico","description":"Os atos normativos devem ser atualizados em virtude do Acordo Ortogr\u00e1fico da L\u00edngua Portuguesa aderido pelo Brasil por interm\u00e9dio do Decreto n\u00ba 6.583\/2008.","robots":{"index":"index","follow":"follow","max-snippet":"max-snippet:-1","max-image-preview":"max-image-preview:large","max-video-preview":"max-video-preview:-1"},"canonical":"https:\/\/meusitejuridico.editorajuspodivm.com.br\/2026\/03\/14\/a-obrigatoriedade-da-atualizacao-ortografica-dos-atos-normativos\/","og_locale":"pt_BR","og_type":"article","og_title":"A obrigatoriedade da atualiza\u00e7\u00e3o ortogr\u00e1fica dos atos normativos - Meu site jur\u00eddico","og_description":"Os atos normativos devem ser atualizados em virtude do Acordo Ortogr\u00e1fico da L\u00edngua Portuguesa aderido pelo Brasil por interm\u00e9dio do Decreto n\u00ba 6.583\/2008.","og_url":"https:\/\/meusitejuridico.editorajuspodivm.com.br\/2026\/03\/14\/a-obrigatoriedade-da-atualizacao-ortografica-dos-atos-normativos\/","og_site_name":"Meu site jur\u00eddico","article_published_time":"2026-03-14T21:12:53+00:00","article_modified_time":"2026-03-14T21:12:55+00:00","og_image":[{"width":2560,"height":1575,"url":"https:\/\/meusitejuridico.editorajuspodivm.com.br\/s.meusitejuridico\/2026\/01\/Capa-JUS4633-Pereira-Manual-Legistica-1ed.jpg","type":"image\/jpeg"}],"author":"Diogo Esteves Pereira","twitter_card":"summary_large_image","twitter_misc":{"Escrito por":"Diogo Esteves Pereira","Est. tempo de leitura":"7 minutos"},"schema":{"@context":"https:\/\/schema.org","@graph":[{"@type":"Article","@id":"https:\/\/meusitejuridico.editorajuspodivm.com.br\/2026\/03\/14\/a-obrigatoriedade-da-atualizacao-ortografica-dos-atos-normativos\/#article","isPartOf":{"@id":"https:\/\/meusitejuridico.editorajuspodivm.com.br\/2026\/03\/14\/a-obrigatoriedade-da-atualizacao-ortografica-dos-atos-normativos\/"},"author":{"name":"Diogo Esteves Pereira","@id":"https:\/\/cdn.meusitejuridico.com.br\/#\/schema\/person\/d9e22ecdf8c4914b833fd18b8c6ce2dd"},"headline":"A obrigatoriedade da atualiza\u00e7\u00e3o ortogr\u00e1fica dos atos normativos","datePublished":"2026-03-14T21:12:53+00:00","dateModified":"2026-03-14T21:12:55+00:00","mainEntityOfPage":{"@id":"https:\/\/meusitejuridico.editorajuspodivm.com.br\/2026\/03\/14\/a-obrigatoriedade-da-atualizacao-ortografica-dos-atos-normativos\/"},"wordCount":1359,"commentCount":0,"publisher":{"@id":"https:\/\/cdn.meusitejuridico.com.br\/#organization"},"image":{"@id":"https:\/\/meusitejuridico.editorajuspodivm.com.br\/2026\/03\/14\/a-obrigatoriedade-da-atualizacao-ortografica-dos-atos-normativos\/#primaryimage"},"thumbnailUrl":"https:\/\/webmail.meusitejuridico.com.br\/s.meusitejuridico\/2026\/01\/Capa-JUS4633-Pereira-Manual-Legistica-1ed.jpg","keywords":["Direito Constitucional","Leg\u00edstica"],"articleSection":["Artigos"],"inLanguage":"pt-BR","potentialAction":[{"@type":"CommentAction","name":"Comment","target":["https:\/\/meusitejuridico.editorajuspodivm.com.br\/2026\/03\/14\/a-obrigatoriedade-da-atualizacao-ortografica-dos-atos-normativos\/#respond"]}]},{"@type":"WebPage","@id":"https:\/\/meusitejuridico.editorajuspodivm.com.br\/2026\/03\/14\/a-obrigatoriedade-da-atualizacao-ortografica-dos-atos-normativos\/","url":"https:\/\/meusitejuridico.editorajuspodivm.com.br\/2026\/03\/14\/a-obrigatoriedade-da-atualizacao-ortografica-dos-atos-normativos\/","name":"A obrigatoriedade da atualiza\u00e7\u00e3o ortogr\u00e1fica dos atos normativos - Meu site jur\u00eddico","isPartOf":{"@id":"https:\/\/cdn.meusitejuridico.com.br\/#website"},"primaryImageOfPage":{"@id":"https:\/\/meusitejuridico.editorajuspodivm.com.br\/2026\/03\/14\/a-obrigatoriedade-da-atualizacao-ortografica-dos-atos-normativos\/#primaryimage"},"image":{"@id":"https:\/\/meusitejuridico.editorajuspodivm.com.br\/2026\/03\/14\/a-obrigatoriedade-da-atualizacao-ortografica-dos-atos-normativos\/#primaryimage"},"thumbnailUrl":"https:\/\/webmail.meusitejuridico.com.br\/s.meusitejuridico\/2026\/01\/Capa-JUS4633-Pereira-Manual-Legistica-1ed.jpg","datePublished":"2026-03-14T21:12:53+00:00","dateModified":"2026-03-14T21:12:55+00:00","description":"Os atos normativos devem ser atualizados em virtude do Acordo Ortogr\u00e1fico da L\u00edngua Portuguesa aderido pelo Brasil por interm\u00e9dio do Decreto n\u00ba 6.583\/2008.","breadcrumb":{"@id":"https:\/\/meusitejuridico.editorajuspodivm.com.br\/2026\/03\/14\/a-obrigatoriedade-da-atualizacao-ortografica-dos-atos-normativos\/#breadcrumb"},"inLanguage":"pt-BR","potentialAction":[{"@type":"ReadAction","target":["https:\/\/meusitejuridico.editorajuspodivm.com.br\/2026\/03\/14\/a-obrigatoriedade-da-atualizacao-ortografica-dos-atos-normativos\/"]}]},{"@type":"ImageObject","inLanguage":"pt-BR","@id":"https:\/\/meusitejuridico.editorajuspodivm.com.br\/2026\/03\/14\/a-obrigatoriedade-da-atualizacao-ortografica-dos-atos-normativos\/#primaryimage","url":"https:\/\/webmail.meusitejuridico.com.br\/s.meusitejuridico\/2026\/01\/Capa-JUS4633-Pereira-Manual-Legistica-1ed.jpg","contentUrl":"https:\/\/webmail.meusitejuridico.com.br\/s.meusitejuridico\/2026\/01\/Capa-JUS4633-Pereira-Manual-Legistica-1ed.jpg","width":2560,"height":1575},{"@type":"BreadcrumbList","@id":"https:\/\/meusitejuridico.editorajuspodivm.com.br\/2026\/03\/14\/a-obrigatoriedade-da-atualizacao-ortografica-dos-atos-normativos\/#breadcrumb","itemListElement":[{"@type":"ListItem","position":1,"name":"In\u00edcio","item":"https:\/\/cdn.meusitejuridico.com.br\/"},{"@type":"ListItem","position":2,"name":"A obrigatoriedade da atualiza\u00e7\u00e3o ortogr\u00e1fica dos atos normativos"}]},{"@type":"WebSite","@id":"https:\/\/cdn.meusitejuridico.com.br\/#website","url":"https:\/\/cdn.meusitejuridico.com.br\/","name":"Meu site jur\u00eddico","description":"Meu site jur\u00eddico","publisher":{"@id":"https:\/\/cdn.meusitejuridico.com.br\/#organization"},"potentialAction":[{"@type":"SearchAction","target":{"@type":"EntryPoint","urlTemplate":"https:\/\/cdn.meusitejuridico.com.br\/?s={search_term_string}"},"query-input":{"@type":"PropertyValueSpecification","valueRequired":true,"valueName":"search_term_string"}}],"inLanguage":"pt-BR"},{"@type":"Organization","@id":"https:\/\/cdn.meusitejuridico.com.br\/#organization","name":"Meu site jur\u00eddico","url":"https:\/\/cdn.meusitejuridico.com.br\/","logo":{"@type":"ImageObject","inLanguage":"pt-BR","@id":"https:\/\/cdn.meusitejuridico.com.br\/#\/schema\/logo\/image\/","url":"https:\/\/webmail.meusitejuridico.com.br\/s.meusitejuridico\/2022\/03\/cropped-baeec2a3-msj-02-01-01.png","contentUrl":"https:\/\/webmail.meusitejuridico.com.br\/s.meusitejuridico\/2022\/03\/cropped-baeec2a3-msj-02-01-01.png","width":349,"height":243,"caption":"Meu site jur\u00eddico"},"image":{"@id":"https:\/\/cdn.meusitejuridico.com.br\/#\/schema\/logo\/image\/"}},{"@type":"Person","@id":"https:\/\/cdn.meusitejuridico.com.br\/#\/schema\/person\/d9e22ecdf8c4914b833fd18b8c6ce2dd","name":"Diogo Esteves Pereira","image":{"@type":"ImageObject","inLanguage":"pt-BR","@id":"https:\/\/cdn.meusitejuridico.com.br\/#\/schema\/person\/image\/","url":"https:\/\/webmail.meusitejuridico.com.br\/s.meusitejuridico\/2026\/01\/6169-diogo-esteves-pereira_3-150x150.webp","contentUrl":"https:\/\/webmail.meusitejuridico.com.br\/s.meusitejuridico\/2026\/01\/6169-diogo-esteves-pereira_3-150x150.webp","caption":"Diogo Esteves Pereira"},"description":"Assessor Especial da Presid\u00eancia do Tribunal de Contas do Estado do Tocantins. Encarregado da Prote\u00e7\u00e3o de Dados do Tribunal de Contas do Estado do Tocantins. Procurador-Chefe da C\u00e2mara Municipal de Aragua\u00edna\/TO (2024). Subprocurador-Geral do Munic\u00edpio de Aragua\u00edna\/TO (2023). Presidente da Ag\u00eancia de Seguran\u00e7a, Transporte e Tr\u00e2nsito do Munic\u00edpio de Aragua\u00edna\/TO (2022\/2023). Coordenador da Subchefia de Assuntos Jur\u00eddicos da Casa Civil da Presid\u00eancia da Rep\u00fablica (2016). Assistente T\u00e9cnico na Secretaria da Micro e Pequena Empresa da Presid\u00eancia da Rep\u00fablica (2013\/2015). Coordenador Substituto de Processo Administrativo Disciplinar no Minist\u00e9rio dos Transportes (2010\/2011). Conciliador do Tribunal de Justi\u00e7a do Distrito Federal e dos Territ\u00f3rios (2008\/2009). Assistente T\u00e9cnico no Minist\u00e9rio dos Transportes (2007\/2011). Advogado desde 2012. Especialista em Direito Pr\u00e1tica Processual nos Tribunais pelo Centro Universit\u00e1rio de Bras\u00edlia \u2013 UniCEUB (2013). Membro Examinador de Banca de Monografia da P\u00f3s-Gradua\u00e7\u00e3o Lato Sensu do Centro Universit\u00e1rio de Bras\u00edlia \u2013 UniCEUB (2013). Coordenador da Cole\u00e7\u00e3o Teses Defensivas, da Editora Juspodivm. Autor da obra Teses Defensivas Improbidade Administrativa, da Editora Juspodivm. \u2060Coautor da obra Ass\u00e9dio Moral e Viol\u00eancia no trabalho: Guia completo para ambientes seguros no setor p\u00fablico e privado, da editora Juspodivm. \u2060Autor da obra Manual de Leg\u00edstica: teoria e pr\u00e1tica, da Editora Juspodivm e de diversos artigos publicados nas Revistas Jur\u00eddicas Conjur, Migalhas, Jota e C\u00e1tedras.","sameAs":["https:\/\/www.editorajuspodivm.com.br\/authors\/page\/view\/id\/6169\/"],"url":"https:\/\/webmail.meusitejuridico.com.br\/author\/413122014635\/"}]}},"_links":{"self":[{"href":"https:\/\/webmail.meusitejuridico.com.br\/api\/wp\/v2\/posts\/23874","targetHints":{"allow":["GET"]}}],"collection":[{"href":"https:\/\/webmail.meusitejuridico.com.br\/api\/wp\/v2\/posts"}],"about":[{"href":"https:\/\/webmail.meusitejuridico.com.br\/api\/wp\/v2\/types\/post"}],"author":[{"embeddable":true,"href":"https:\/\/webmail.meusitejuridico.com.br\/api\/wp\/v2\/users\/255"}],"replies":[{"embeddable":true,"href":"https:\/\/webmail.meusitejuridico.com.br\/api\/wp\/v2\/comments?post=23874"}],"version-history":[{"count":1,"href":"https:\/\/webmail.meusitejuridico.com.br\/api\/wp\/v2\/posts\/23874\/revisions"}],"predecessor-version":[{"id":23875,"href":"https:\/\/webmail.meusitejuridico.com.br\/api\/wp\/v2\/posts\/23874\/revisions\/23875"}],"wp:featuredmedia":[{"embeddable":true,"href":"https:\/\/webmail.meusitejuridico.com.br\/api\/wp\/v2\/media\/23728"}],"wp:attachment":[{"href":"https:\/\/webmail.meusitejuridico.com.br\/api\/wp\/v2\/media?parent=23874"}],"wp:term":[{"taxonomy":"category","embeddable":true,"href":"https:\/\/webmail.meusitejuridico.com.br\/api\/wp\/v2\/categories?post=23874"},{"taxonomy":"post_tag","embeddable":true,"href":"https:\/\/webmail.meusitejuridico.com.br\/api\/wp\/v2\/tags?post=23874"}],"curies":[{"name":"wp","href":"https:\/\/api.w.org\/{rel}","templated":true}]}}