{"id":21382,"date":"2024-10-02T11:03:46","date_gmt":"2024-10-02T14:03:46","guid":{"rendered":"https:\/\/meusitejuridico.editorajuspodivm.com.br\/?p=21382"},"modified":"2024-10-02T11:03:47","modified_gmt":"2024-10-02T14:03:47","slug":"resumo-informativos-824-e-825-do-stj","status":"publish","type":"post","link":"https:\/\/webmail.meusitejuridico.com.br\/2024\/10\/02\/resumo-informativos-824-e-825-do-stj\/","title":{"rendered":"Resumo &#8211; Informativos 824 e 825 do STJ"},"content":{"rendered":"\n<p><strong>INFO 824<\/strong><\/p>\n\n\n\n<p><strong>SEGUNDA SE\u00c7\u00c3O<\/strong><\/p>\n\n\n\n<p>&#8211; O art. 82-A da Lei n. 11.101\/2005 n\u00e3o confere ao Ju\u00edzo falimentar compet\u00eancia exclusiva para desconsiderar a personalidade jur\u00eddica \u2013 <strong>CC 200.775\/SP,<\/strong> julgado em 28\/8\/2024.<\/p>\n\n\n\n<p><strong>PRIMEIRA TURMA<\/strong><\/p>\n\n\n\n<p>&#8211;&nbsp; \u00c9 poss\u00edvel a aplica\u00e7\u00e3o das san\u00e7\u00f5es de &#8220;suspens\u00e3o dos direitos pol\u00edticos&#8221; ou &#8220;proibi\u00e7\u00e3o de contratar com o Poder P\u00fablico ou receber benef\u00edcios ou incentivos fiscais ou credit\u00edcios&#8221; aos particulares que tenham praticado o ato \u00edmprobo em conjunto com o agente p\u00fablico \u2013 <strong>REsp 1.735.603\/AL<\/strong>, julgado em 3\/9\/2024.<\/p>\n\n\n\n<p><strong>SEGUNDA TURMA<\/strong><strong><\/strong><\/p>\n\n\n\n<p>&#8211; O rejulgamento do recurso de apela\u00e7\u00e3o na mesma sess\u00e3o que acolhe os embargos de declara\u00e7\u00e3o &#8211; sem a devida notifica\u00e7\u00e3o pr\u00e9via para sustenta\u00e7\u00e3o oral &#8211; configura cerceamento ao direito de defesa e ao contradit\u00f3rio, ocasionando a nulidade do julgamento \u2013 <strong>REsp 2.140.962\/SE<\/strong>, julgado em 3\/9\/2024.<\/p>\n\n\n\n<p>&#8211; A determina\u00e7\u00e3o de suspens\u00e3o do pagamento da contribui\u00e7\u00e3o PIS e da COFINS restringe-se \u00e0s opera\u00e7\u00f5es de vendas efetuadas a pessoas jur\u00eddicas que produzam as mercadorias ali descritas, diante da interpreta\u00e7\u00e3o literal do art. 54, III, da Lei n. 12.350\/2010, imposta aos casos de concess\u00e3o de benef\u00edcios fiscais (art. 111, I, do CTN) &#8211; <strong>AgInt no REsp 1.805.112\/CE<\/strong>, julgado em 3\/9\/2024.<\/p>\n\n\n\n<p><strong>TERCEIRA TURMA<\/strong><\/p>\n\n\n\n<p>&#8211; Descabe imputa\u00e7\u00e3o de \u00f4nus sucumbenciais (honor\u00e1rios advocat\u00edcios) a provedor de aplica\u00e7\u00e3o de <em>internet<\/em> que cumpre decis\u00e3o de tutela de urg\u00eancia sem ofertar oposi\u00e7\u00e3o \u00e0 pretens\u00e3o na obten\u00e7\u00e3o dos dados e registros, devendo cada parte arcar com suas despesas processuais \u2013 <strong>REsp 2.152.319\/SP,<\/strong> julgado em 3\/9\/2024.<\/p>\n\n\n\n<p>&#8211; Nas demandas de indeniza\u00e7\u00e3o securit\u00e1ria deve-se aplicar a regra geral de distribui\u00e7\u00e3o est\u00e1tica do \u00f4nus da prova, recaindo sobre a seguradora o \u00f4nus de comprovar as causas excludentes da cobertura \u2013 <strong>REsp 2.150.776\/SP<\/strong>, julgado em 3\/9\/2024.<\/p>\n\n\n\n<p>&#8211; A aus\u00eancia de vagas no sistema penitenci\u00e1rio, por si s\u00f3, n\u00e3o justifica a substitui\u00e7\u00e3o do regime fechado pelo regime aberto no cumprimento da pris\u00e3o civil decretada com base no art. 528 do CPC\/2015 \u2013 <strong>Processo em segredo de justi\u00e7a<\/strong>, julgado em 3\/9\/2024.<\/p>\n\n\n\n<p><strong>QUARTA TURMA<\/strong><\/p>\n\n\n\n<p>&#8211; A partilha de bens \u00e9 direito potestativo que n\u00e3o se sujeita \u00e0 prescri\u00e7\u00e3o ou \u00e0 decad\u00eancia, podendo ser requerida a qualquer tempo por um dos ex-c\u00f4njuges, sem que o outro possa se opor \u2013 <strong>Processo em segredo de justi\u00e7a<\/strong>, julgado em 3\/9\/2024.<\/p>\n\n\n\n<p>&#8211; Na hip\u00f3tese de exclus\u00e3o de apenas um dos litisconsortes da lide, o juiz n\u00e3o est\u00e1 obrigado a fixar, em seu benef\u00edcio, honor\u00e1rios advocat\u00edcios sucumbenciais m\u00ednimos de 10% sobre o valor da causa &#8211; devendo a verba ser arbitrada de forma proporcional \u2013 <strong>REsp 2.065.876\/SP<\/strong>, julgado em 3\/9\/2024.<\/p>\n\n\n\n<p>&#8211; S\u00e3o impenhor\u00e1veis os valores depositados em institui\u00e7\u00e3o banc\u00e1ria at\u00e9 o limite de 40 sal\u00e1rios m\u00ednimos, ainda que n\u00e3o se trate especificamente de conta-poupan\u00e7a \u2013 <strong>REsp 2.072.733\/SP<\/strong>, julgado em 27\/8\/2024.<\/p>\n\n\n\n<p><strong>QUINTA TURMA<\/strong><\/p>\n\n\n\n<p>&#8211; A tentativa de fuga ap\u00f3s o acidente \u00e9 posterior aos fatos e n\u00e3o permite concluir que o r\u00e9u agiu com dolo &#8211; <strong>AgRg no AREsp 2.519.852-SC<\/strong>, julgado em 3\/9\/2024.<\/p>\n\n\n\n<p><strong>SEXTA TURMA<\/strong><\/p>\n\n\n\n<p>&#8211; O fato de n\u00e3o haver rela\u00e7\u00e3o duradoura de afeto n\u00e3o afasta a incid\u00eancia do sistema protetivo da Lei Maria da Penha &#8211; <strong>Processo em segredo de justi\u00e7a<\/strong>, julgado em 12\/8\/2024.<\/p>\n\n\n\n<p>&#8211;\u00a0 A realiza\u00e7\u00e3o do exame criminol\u00f3gico para a progress\u00e3o de regime, nas condutas anteriores \u00e0 edi\u00e7\u00e3o da Lei n. 14.843\/2024, exige decis\u00e3o motivada, nos termos da S\u00famula n. 439\/STJ &#8211; <strong>RHC 200.670\/GO<\/strong>, julgado em 20\/8\/2024.<\/p>\n\n\n\n<hr class=\"wp-block-separator\"\/>\n\n\n\n<p><strong>INFO 825<\/strong><\/p>\n\n\n\n<p><strong>S\u00daMULAS<\/strong><\/p>\n\n\n\n<p>&#8211; <strong>S\u00famula 672:<\/strong> A altera\u00e7\u00e3o da capitula\u00e7\u00e3o legal da conduta do servidor, por si s\u00f3, n\u00e3o enseja a nulidade do processo administrativo disciplinar. Primeira Se\u00e7\u00e3o, aprovada em 11\/9\/2024.<\/p>\n\n\n\n<p>&#8211; <strong>S\u00famula 673:<\/strong> A comprova\u00e7\u00e3o da regular notifica\u00e7\u00e3o do executado para o pagamento da d\u00edvida de anuidade de conselhos de classe ou, em caso de recurso, o esgotamento das inst\u00e2ncias administrativas s\u00e3o requisitos indispens\u00e1veis \u00e0 constitui\u00e7\u00e3o e execu\u00e7\u00e3o do cr\u00e9dito. Primeira Se\u00e7\u00e3o, aprovada em 11\/9\/2024.<\/p>\n\n\n\n<p><strong>RECURSOS REPETITIVOS<\/strong><strong><\/strong><\/p>\n\n\n\n<p>&#8211;&nbsp;&nbsp; a) No regime do<em> Stock Option Plan<\/em> (art. 168, \u00a7 3\u00ba, da Lei n. 6.404\/1976), porque revestido de natureza mercantil, n\u00e3o incide o imposto de renda pessoa f\u00edsica\/IRPF quando da efetiva aquisi\u00e7\u00e3o de a\u00e7\u00f5es, junto \u00e0 companhia outorgante da op\u00e7\u00e3o de compra, dada a inexist\u00eancia de acr\u00e9scimo patrimonial em prol do optante adquirente. b) Incidir\u00e1 o imposto de renda pessoa f\u00edsica\/IRPF, por\u00e9m, quando o adquirente de a\u00e7\u00f5es no <em>Stock Option Plan<\/em> vier a revend\u00ea-las com apurado ganho de capital &#8211; <strong>REsp 2.069.644-SP <\/strong>e<strong> REsp 2.074.564-SP<\/strong>, julgado em 11\/9\/2024, Tema 1.226.<\/p>\n\n\n\n<p>&#8211; A senten\u00e7a trabalhista homologat\u00f3ria de acordo, assim como a anota\u00e7\u00e3o na CTPS e demais documentos dela decorrentes, somente ser\u00e1 considerada in\u00edcio de prova material v\u00e1lida, conforme o disposto no art. 55, \u00a7 3\u00ba, da Lei n. 8.213\/91, quando houver nos autos elementos probat\u00f3rios contempor\u00e2neos aos fatos alegados e que sejam aptos a demonstrar o tempo de servi\u00e7o no per\u00edodo que se pretende reconhecer na a\u00e7\u00e3o previdenci\u00e1ria, exceto na hip\u00f3tese de caso fortuito ou for\u00e7a maior &#8211; <strong>REsp 1.938.265-MG <\/strong>e<strong> REsp 2.056.866-SP<\/strong>, julgado em 11\/9\/2024, Tema 1.188.<\/p>\n\n\n\n<p>&#8211; O ISS comp\u00f5e a base de c\u00e1lculo do IRPJ e da CSLL quando apurados pela sistem\u00e1tica do lucro presumido &#8211; <strong>REsp 2.089.298-RN<\/strong> e <strong>REsp 2.089.356-RN<\/strong>, julgado em 11\/9\/2024, Tema 1.240.<\/p>\n\n\n\n<p>&#8211; \u00c9 adequada a aplica\u00e7\u00e3o do princ\u00edpio da fungibilidade recursal aos casos em que, embora cab\u00edvel recurso em sentido estrito, a parte impugna a decis\u00e3o mediante apela\u00e7\u00e3o ou vice-versa, desde que observada a tempestividade e os demais pressupostos de admissibilidade do recurso cab\u00edvel, na forma do art. 579, <em>caput<\/em> e par\u00e1grafo \u00fanico, do C\u00f3digo de Processo Penal &#8211; <strong>Processo em segredo de justi\u00e7a<\/strong>, julgado em 11\/9\/2024, Tema 1.219.<\/p>\n\n\n\n<p><strong>SEGUNDA SE\u00c7\u00c3O<\/strong><\/p>\n\n\n\n<p>&#8211; Ultrapassado o per\u00edodo de blindagem (<em>Stay Period<\/em>) e inexistindo decis\u00e3o do Ju\u00edzo recuperacional determinando sua prorroga\u00e7\u00e3o ou a subsist\u00eancia de seus efeitos, a execu\u00e7\u00e3o do cr\u00e9dito trabalhista concursal pode prosseguir normalmente perante o Ju\u00edzo trabalhista &#8211; <strong>CC 199.496-CE<\/strong>, julgado em 11\/9\/2024.<\/p>\n\n\n\n<p><strong>SEGUNDA TURMA<\/strong><strong><\/strong><\/p>\n\n\n\n<p>&#8211; A complementa\u00e7\u00e3o de aposentadoria devida aos aposentados da extinta RFFSA, mesmo que ao tempo da inatividade estivessem vinculados \u00e0 CBTU (empresa subsidi\u00e1ria), ter\u00e1 como refer\u00eancia os valores previstos no plano de cargos e sal\u00e1rios para os empregados daquela empresa controladora, sucedida pela VALEC S.A., e n\u00e3o nos valores previstos para os empregados da pr\u00f3pria CBTU &#8211; <strong>REsp 2.145.338-MG<\/strong>, julgado em 10\/9\/2024.<\/p>\n\n\n\n<p>&#8211; \u00c9 admitida a ado\u00e7\u00e3o de medidas executivas at\u00edpicas, como o uso da ferramenta denominada &#8220;SERASAJUD&#8221; que inclui o nome de parte executada nos cadastros de inadimpl\u00eancia, bem como o lan\u00e7amento de indisponibilidade junto \u00e0 CNIB, desde que observados os princ\u00edpios da proporcionalidade e razoabilidade no caso concreto &#8211; <strong>REsp 1.968.880-RS<\/strong>, julgado em 10\/9\/2024.<\/p>\n\n\n\n<p>&#8211; Afirmada a ilegibilidade do carimbo de protocolo, compete \u00e0 parte, no momento processual subsequente, demonstrar a data de protocolo por meio de certid\u00e3o da origem &#8211; <strong>EDcl no AgInt nos EDcl no AREsp 2.433.838-SP<\/strong>, julgado em 19\/8\/2024.<\/p>\n\n\n\n<p><strong>TERCEIRA TURMA<\/strong><\/p>\n\n\n\n<p>&#8211; Viola o direito do autor o uso n\u00e3o autorizado de suas letras musicais em estampas de camisetas, quando ultrapassam a mera refer\u00eancia \u00e0 sua obra &#8211; <strong>REsp 2.121.497-RJ<\/strong>, julgado em 10\/9\/2024.<\/p>\n\n\n\n<p>&#8211; Mesmo em caso de comori\u00eancia, \u00e9 cab\u00edvel o direito de representa\u00e7\u00e3o para fins de identifica\u00e7\u00e3o dos benefici\u00e1rios de seguro de vida, quando o contrato \u00e9 omisso e os benefici\u00e1rios s\u00e3o definidos pela ordem de voca\u00e7\u00e3o sucess\u00f3ria &#8211; <strong>REsp 2.095.584-SP, julgado em 10\/9\/2024.<\/strong><\/p>\n\n\n\n<p>&#8211; O credor pode desistir de agravo de instrumento interposto contra senten\u00e7a que homologou o plano de recupera\u00e7\u00e3o judicial, ainda que as quest\u00f5es nele veiculadas sejam ordem p\u00fablica e de interesse da coletividade dos credores da empresa em recupera\u00e7\u00e3o judicial &#8211; <strong>REsp 1.985.436-SP<\/strong>, julgado em 10\/9\/2024.<\/p>\n\n\n\n<p>&#8211; As disposi\u00e7\u00f5es do art. 602 do CPC\/2015, que tratam da dissolu\u00e7\u00e3o parcial da sociedade, se mostram compat\u00edveis \u00e0 hip\u00f3tese de dissolu\u00e7\u00e3o total da empresa &#8211; <strong>REsp 1.983.478-SP<\/strong>, julgado em 10\/9\/2024.<\/p>\n\n\n\n<p><strong>QUARTA TURMA<\/strong><\/p>\n\n\n\n<p>&#8211;&nbsp; A nota jornal\u00edstica que divulga informa\u00e7\u00f5es estritamente pessoais da vida da primeira-dama do Brasil, abordando quest\u00f5es de ordem puramente privada do casal presidencial, aparta-se da leg\u00edtima prerrogativa de informar, contrariando princ\u00edpios fundamentais de direitos da personalidade &#8211; <strong>REsp 2.066.238-SP<\/strong>, julgado em 3\/9\/2024.<\/p>\n\n\n\n<p>&#8211; O tipo de rela\u00e7\u00e3o comercial ou societ\u00e1ria travada entre empresas, ou mesmo a exist\u00eancia de grupo econ\u00f4mico, por si s\u00f3, n\u00e3o \u00e9 suficiente para ensejar a desconsidera\u00e7\u00e3o da personalidade jur\u00eddica, sendo necess\u00e1rio demonstrar quais medidas ou inger\u00eancias, em concreto, foram capazes de transferir recursos de uma empresa para outra, ou demonstrar o abuso ou desvio da finalidade em detrimento da empresa prejudicada &#8211; <strong>REsp 1.900.147-RJ<\/strong>, julgado em 3\/9\/2024.<\/p>\n\n\n\n<p>&#8211; N\u00e3o \u00e9 permitido o bloqueio do saldo do Fundo de Garantia por Tempo de Servi\u00e7o (FGTS) para o pagamento de cr\u00e9ditos relacionados a honor\u00e1rios, sejam contratuais ou sucumbenciais &#8211; <strong>REsp 1.913.811-SP<\/strong>, julgado em 10\/9\/2024.<\/p>\n\n\n\n<p><strong>QUINTA TURMA<\/strong><\/p>\n\n\n\n<p>&#8211; O relacionamento entre adolescente maior de 14 e menor de 18 anos (<em>sugar baby<\/em>) e um adulto (<em>sugar daddy<\/em> ou <em>sugar mommy<\/em>) que oferece vantagens econ\u00f4micas configura o tipo penal previsto no art. 218-B, \u00a7 2\u00ba, I, do C\u00f3digo Penal, porquanto essa rela\u00e7\u00e3o se constr\u00f3i a partir de promessas de benef\u00edcios econ\u00f4micos diretos e indiretos, induzindo o menor \u00e0 pr\u00e1tica de conjun\u00e7\u00e3o carnal ou qualquer outro ato libidinoso &#8211; <strong>Processo em segredo de justi\u00e7a<\/strong>, julgado em 10\/9\/2024.<\/p>\n\n\n\n<p>&#8211; Para a configura\u00e7\u00e3o do crime de perigo abstrato previsto no art. 1\u00ba, inciso I, da Lei n. 8.176\/1991, \u00e9 imprescind\u00edvel a comprova\u00e7\u00e3o do dolo, sendo vedada a responsabiliza\u00e7\u00e3o penal objetiva &#8211; <strong>AgRg no AREsp 2.349.885-BA<\/strong>, julgado em 3\/9\/2024.<\/p>\n\n\n\n<p>&#8211; A a\u00e7\u00e3o fraudulenta, que constitui o Fisco em erro, configura o desvalor da conduta nos crimes tribut\u00e1rios do art. 1\u00ba da Lei n. 8.137\/1990, o que permite a instaura\u00e7\u00e3o de inqu\u00e9rito policial sem pr\u00e9via constitui\u00e7\u00e3o definitiva do cr\u00e9dito tribut\u00e1rio &#8211; <strong>Processo em segredo de justi\u00e7a<\/strong>, julgado em 10\/9\/2024.<\/p>\n\n\n\n<p><strong>SEXTA TURMA<\/strong><\/p>\n\n\n\n<p>&#8211; A submiss\u00e3o do acusado ao Tribunal do J\u00fari, quando os ind\u00edcios m\u00ednimos de autoria delitiva inquisitorial n\u00e3o s\u00e3o corroborados por elementos colhidos na fase processual, configura manifesto excesso acusat\u00f3rio &#8211; <strong>AgRg no AREsp 2.583.236-MG<\/strong>, julgado em 10\/9\/2024.<\/p>\n\n\n\n<p>&#8211; N\u00e3o h\u00e1 ilegalidade na ado\u00e7\u00e3o do sistema presidencialista de inquiri\u00e7\u00e3o de testemunhas pela Justi\u00e7a Militar &#8211; <strong>REsp 1.977.897-MS<\/strong>, julgado em 10\/9\/2024.<\/p>\n\n\n\n<p>_____________________<\/p>\n\n\n\n<p><strong>Telegram<\/strong>:<strong>&nbsp;<\/strong><a href=\"https:\/\/t.me\/pilulasjuridicasSTFSTJ\" target=\"_blank\" rel=\"noreferrer noopener\"><strong>https:\/\/t.me\/pilulasjuridicasSTFSTJ<\/strong><\/a><strong>&nbsp;| Instagram: @rodrigocrleite<\/strong><\/p>\n","protected":false},"excerpt":{"rendered":"<p>INFO 824 SEGUNDA SE\u00c7\u00c3O &#8211; O art. 82-A da Lei n. 11.101\/2005 n\u00e3o confere ao Ju\u00edzo falimentar compet\u00eancia exclusiva para desconsiderar a personalidade jur\u00eddica \u2013 CC 200.775\/SP, julgado em 28\/8\/2024. PRIMEIRA TURMA &#8211;&nbsp; \u00c9 poss\u00edvel a aplica\u00e7\u00e3o das san\u00e7\u00f5es de &#8220;suspens\u00e3o dos direitos pol\u00edticos&#8221; ou &#8220;proibi\u00e7\u00e3o de contratar com o Poder P\u00fablico ou receber benef\u00edcios [&hellip;]<\/p>\n","protected":false},"author":131,"featured_media":1913,"comment_status":"open","ping_status":"open","sticky":false,"template":"","format":"standard","meta":{"_acf_changed":false,"footnotes":""},"categories":[70],"tags":[],"class_list":["post-21382","post","type-post","status-publish","format-standard","has-post-thumbnail","hentry","category-informativos-comentados"],"acf":[],"yoast_head":"<!-- This site is optimized with the Yoast SEO plugin v24.8.1 - https:\/\/yoast.com\/wordpress\/plugins\/seo\/ -->\n<title>Resumo - Informativos 824 e 825 do STJ - Meu site jur\u00eddico<\/title>\n<meta name=\"robots\" content=\"index, follow, max-snippet:-1, max-image-preview:large, max-video-preview:-1\" \/>\n<link rel=\"canonical\" href=\"https:\/\/meusitejuridico.editorajuspodivm.com.br\/2024\/10\/02\/resumo-informativos-824-e-825-do-stj\/\" \/>\n<meta property=\"og:locale\" content=\"pt_BR\" \/>\n<meta property=\"og:type\" content=\"article\" \/>\n<meta property=\"og:title\" content=\"Resumo - Informativos 824 e 825 do STJ - Meu site jur\u00eddico\" \/>\n<meta property=\"og:description\" content=\"INFO 824 SEGUNDA SE\u00c7\u00c3O &#8211; O art. 82-A da Lei n. 11.101\/2005 n\u00e3o confere ao Ju\u00edzo falimentar compet\u00eancia exclusiva para desconsiderar a personalidade jur\u00eddica \u2013 CC 200.775\/SP, julgado em 28\/8\/2024. PRIMEIRA TURMA &#8211;&nbsp; \u00c9 poss\u00edvel a aplica\u00e7\u00e3o das san\u00e7\u00f5es de &#8220;suspens\u00e3o dos direitos pol\u00edticos&#8221; ou &#8220;proibi\u00e7\u00e3o de contratar com o Poder P\u00fablico ou receber benef\u00edcios [&hellip;]\" \/>\n<meta property=\"og:url\" content=\"https:\/\/meusitejuridico.editorajuspodivm.com.br\/2024\/10\/02\/resumo-informativos-824-e-825-do-stj\/\" \/>\n<meta property=\"og:site_name\" content=\"Meu site jur\u00eddico\" \/>\n<meta property=\"article:published_time\" content=\"2024-10-02T14:03:46+00:00\" \/>\n<meta property=\"article:modified_time\" content=\"2024-10-02T14:03:47+00:00\" \/>\n<meta property=\"og:image\" content=\"https:\/\/meusitejuridico.editorajuspodivm.com.br\/s.meusitejuridico\/2017\/04\/97b45834-shutterstock-257933135.jpg\" \/>\n\t<meta property=\"og:image:width\" content=\"4428\" \/>\n\t<meta property=\"og:image:height\" content=\"3456\" \/>\n\t<meta property=\"og:image:type\" content=\"image\/jpeg\" \/>\n<meta name=\"author\" content=\"Rodrigo Leite\" \/>\n<meta name=\"twitter:card\" content=\"summary_large_image\" \/>\n<meta name=\"twitter:creator\" content=\"@rodrigocrleite\" \/>\n<meta name=\"twitter:label1\" content=\"Escrito por\" \/>\n\t<meta name=\"twitter:data1\" content=\"Rodrigo Leite\" \/>\n\t<meta name=\"twitter:label2\" content=\"Est. tempo de leitura\" \/>\n\t<meta name=\"twitter:data2\" content=\"7 minutos\" \/>\n<script type=\"application\/ld+json\" class=\"yoast-schema-graph\">{\"@context\":\"https:\/\/schema.org\",\"@graph\":[{\"@type\":\"Article\",\"@id\":\"https:\/\/meusitejuridico.editorajuspodivm.com.br\/2024\/10\/02\/resumo-informativos-824-e-825-do-stj\/#article\",\"isPartOf\":{\"@id\":\"https:\/\/meusitejuridico.editorajuspodivm.com.br\/2024\/10\/02\/resumo-informativos-824-e-825-do-stj\/\"},\"author\":{\"name\":\"Rodrigo Leite\",\"@id\":\"https:\/\/meusitejuridico.editorajuspodivm.com.br\/#\/schema\/person\/ae56313f17950dccef13d0989efd6d50\"},\"headline\":\"Resumo &#8211; Informativos 824 e 825 do STJ\",\"datePublished\":\"2024-10-02T14:03:46+00:00\",\"dateModified\":\"2024-10-02T14:03:47+00:00\",\"mainEntityOfPage\":{\"@id\":\"https:\/\/meusitejuridico.editorajuspodivm.com.br\/2024\/10\/02\/resumo-informativos-824-e-825-do-stj\/\"},\"wordCount\":1779,\"commentCount\":0,\"publisher\":{\"@id\":\"https:\/\/meusitejuridico.editorajuspodivm.com.br\/#organization\"},\"image\":{\"@id\":\"https:\/\/meusitejuridico.editorajuspodivm.com.br\/2024\/10\/02\/resumo-informativos-824-e-825-do-stj\/#primaryimage\"},\"thumbnailUrl\":\"https:\/\/webmail.meusitejuridico.com.br\/s.meusitejuridico\/2017\/04\/97b45834-shutterstock-257933135.jpg\",\"articleSection\":[\"Informativos\"],\"inLanguage\":\"pt-BR\",\"potentialAction\":[{\"@type\":\"CommentAction\",\"name\":\"Comment\",\"target\":[\"https:\/\/meusitejuridico.editorajuspodivm.com.br\/2024\/10\/02\/resumo-informativos-824-e-825-do-stj\/#respond\"]}]},{\"@type\":\"WebPage\",\"@id\":\"https:\/\/meusitejuridico.editorajuspodivm.com.br\/2024\/10\/02\/resumo-informativos-824-e-825-do-stj\/\",\"url\":\"https:\/\/meusitejuridico.editorajuspodivm.com.br\/2024\/10\/02\/resumo-informativos-824-e-825-do-stj\/\",\"name\":\"Resumo - Informativos 824 e 825 do STJ - Meu site jur\u00eddico\",\"isPartOf\":{\"@id\":\"https:\/\/meusitejuridico.editorajuspodivm.com.br\/#website\"},\"primaryImageOfPage\":{\"@id\":\"https:\/\/meusitejuridico.editorajuspodivm.com.br\/2024\/10\/02\/resumo-informativos-824-e-825-do-stj\/#primaryimage\"},\"image\":{\"@id\":\"https:\/\/meusitejuridico.editorajuspodivm.com.br\/2024\/10\/02\/resumo-informativos-824-e-825-do-stj\/#primaryimage\"},\"thumbnailUrl\":\"https:\/\/webmail.meusitejuridico.com.br\/s.meusitejuridico\/2017\/04\/97b45834-shutterstock-257933135.jpg\",\"datePublished\":\"2024-10-02T14:03:46+00:00\",\"dateModified\":\"2024-10-02T14:03:47+00:00\",\"breadcrumb\":{\"@id\":\"https:\/\/meusitejuridico.editorajuspodivm.com.br\/2024\/10\/02\/resumo-informativos-824-e-825-do-stj\/#breadcrumb\"},\"inLanguage\":\"pt-BR\",\"potentialAction\":[{\"@type\":\"ReadAction\",\"target\":[\"https:\/\/meusitejuridico.editorajuspodivm.com.br\/2024\/10\/02\/resumo-informativos-824-e-825-do-stj\/\"]}]},{\"@type\":\"ImageObject\",\"inLanguage\":\"pt-BR\",\"@id\":\"https:\/\/meusitejuridico.editorajuspodivm.com.br\/2024\/10\/02\/resumo-informativos-824-e-825-do-stj\/#primaryimage\",\"url\":\"https:\/\/webmail.meusitejuridico.com.br\/s.meusitejuridico\/2017\/04\/97b45834-shutterstock-257933135.jpg\",\"contentUrl\":\"https:\/\/webmail.meusitejuridico.com.br\/s.meusitejuridico\/2017\/04\/97b45834-shutterstock-257933135.jpg\",\"width\":4428,\"height\":3456},{\"@type\":\"BreadcrumbList\",\"@id\":\"https:\/\/meusitejuridico.editorajuspodivm.com.br\/2024\/10\/02\/resumo-informativos-824-e-825-do-stj\/#breadcrumb\",\"itemListElement\":[{\"@type\":\"ListItem\",\"position\":1,\"name\":\"In\u00edcio\",\"item\":\"https:\/\/meusitejuridico.editorajuspodivm.com.br\/\"},{\"@type\":\"ListItem\",\"position\":2,\"name\":\"Resumo &#8211; Informativos 824 e 825 do STJ\"}]},{\"@type\":\"WebSite\",\"@id\":\"https:\/\/meusitejuridico.editorajuspodivm.com.br\/#website\",\"url\":\"https:\/\/meusitejuridico.editorajuspodivm.com.br\/\",\"name\":\"Meu site jur\u00eddico\",\"description\":\"Meu site jur\u00eddico\",\"publisher\":{\"@id\":\"https:\/\/meusitejuridico.editorajuspodivm.com.br\/#organization\"},\"potentialAction\":[{\"@type\":\"SearchAction\",\"target\":{\"@type\":\"EntryPoint\",\"urlTemplate\":\"https:\/\/meusitejuridico.editorajuspodivm.com.br\/?s={search_term_string}\"},\"query-input\":{\"@type\":\"PropertyValueSpecification\",\"valueRequired\":true,\"valueName\":\"search_term_string\"}}],\"inLanguage\":\"pt-BR\"},{\"@type\":\"Organization\",\"@id\":\"https:\/\/meusitejuridico.editorajuspodivm.com.br\/#organization\",\"name\":\"Meu site jur\u00eddico\",\"url\":\"https:\/\/meusitejuridico.editorajuspodivm.com.br\/\",\"logo\":{\"@type\":\"ImageObject\",\"inLanguage\":\"pt-BR\",\"@id\":\"https:\/\/meusitejuridico.editorajuspodivm.com.br\/#\/schema\/logo\/image\/\",\"url\":\"https:\/\/webmail.meusitejuridico.com.br\/s.meusitejuridico\/2022\/03\/cropped-baeec2a3-msj-02-01-01.png\",\"contentUrl\":\"https:\/\/webmail.meusitejuridico.com.br\/s.meusitejuridico\/2022\/03\/cropped-baeec2a3-msj-02-01-01.png\",\"width\":349,\"height\":243,\"caption\":\"Meu site jur\u00eddico\"},\"image\":{\"@id\":\"https:\/\/meusitejuridico.editorajuspodivm.com.br\/#\/schema\/logo\/image\/\"}},{\"@type\":\"Person\",\"@id\":\"https:\/\/meusitejuridico.editorajuspodivm.com.br\/#\/schema\/person\/ae56313f17950dccef13d0989efd6d50\",\"name\":\"Rodrigo Leite\",\"image\":{\"@type\":\"ImageObject\",\"inLanguage\":\"pt-BR\",\"@id\":\"https:\/\/meusitejuridico.editorajuspodivm.com.br\/#\/schema\/person\/image\/\",\"url\":\"https:\/\/webmail.meusitejuridico.com.br\/s.meusitejuridico\/2021\/05\/8455192b-foto-site-rodrigo-leite-150x150.jpeg\",\"contentUrl\":\"https:\/\/webmail.meusitejuridico.com.br\/s.meusitejuridico\/2021\/05\/8455192b-foto-site-rodrigo-leite-150x150.jpeg\",\"caption\":\"Rodrigo Leite\"},\"description\":\"Coautor do livro \u201cAn\u00e1lise das Diverg\u00eancias Jurisprudenciais no STF e STJ\u201d, Editora Juspodivm. Autor do livro \u201cTombamento \u2013 Vol. 36 \u2013 Cole\u00e7\u00e3o Leis Especiais para Concursos\u201d, Editora Juspodivm. Autor do livro \u201cDesapropria\u00e7\u00e3o \u2013 Vol. 39 \u2013 Cole\u00e7\u00e3o Especiais para Concursos\u201d, Editora Juspodivm. Coautor do livro \u201cSaberes Jurisprudenciais\u201d, Editora Saraiva. Coorganizador do livro \u201cCPC na Jurisprud\u00eancia\\\", Editora Foco. Especialista em Direito P\u00fablico e Direito Processual Civil. Mestre em Direito Constitucional. Professor da P\u00f3s-gradua\u00e7\u00e3o em Direito Civil da Rede Anhaguera-Kroton. M\u00e1ster Universit\u00e1rio em Direito Constitucional pela Universidad Del Pa\u00eds Vasco, San Sebasti\u00e1n, Espanha. Advogado licenciado. Analista Judici\u00e1rio do TJRN. Assessor de Desembargador do TJRN.\",\"sameAs\":[\"https:\/\/www.editorajuspodivm.com.br\/autores\/detalhe\/85\",\"https:\/\/www.instagram.com\/rodrigocrleite\/\",\"https:\/\/x.com\/rodrigocrleite\"],\"url\":\"https:\/\/webmail.meusitejuridico.com.br\/author\/rodrigoleiterodrigoleite\/\"}]}<\/script>\n<!-- \/ Yoast SEO plugin. -->","yoast_head_json":{"title":"Resumo - Informativos 824 e 825 do STJ - Meu site jur\u00eddico","robots":{"index":"index","follow":"follow","max-snippet":"max-snippet:-1","max-image-preview":"max-image-preview:large","max-video-preview":"max-video-preview:-1"},"canonical":"https:\/\/meusitejuridico.editorajuspodivm.com.br\/2024\/10\/02\/resumo-informativos-824-e-825-do-stj\/","og_locale":"pt_BR","og_type":"article","og_title":"Resumo - Informativos 824 e 825 do STJ - Meu site jur\u00eddico","og_description":"INFO 824 SEGUNDA SE\u00c7\u00c3O &#8211; O art. 82-A da Lei n. 11.101\/2005 n\u00e3o confere ao Ju\u00edzo falimentar compet\u00eancia exclusiva para desconsiderar a personalidade jur\u00eddica \u2013 CC 200.775\/SP, julgado em 28\/8\/2024. PRIMEIRA TURMA &#8211;&nbsp; \u00c9 poss\u00edvel a aplica\u00e7\u00e3o das san\u00e7\u00f5es de &#8220;suspens\u00e3o dos direitos pol\u00edticos&#8221; ou &#8220;proibi\u00e7\u00e3o de contratar com o Poder P\u00fablico ou receber benef\u00edcios [&hellip;]","og_url":"https:\/\/meusitejuridico.editorajuspodivm.com.br\/2024\/10\/02\/resumo-informativos-824-e-825-do-stj\/","og_site_name":"Meu site jur\u00eddico","article_published_time":"2024-10-02T14:03:46+00:00","article_modified_time":"2024-10-02T14:03:47+00:00","og_image":[{"width":4428,"height":3456,"url":"https:\/\/meusitejuridico.editorajuspodivm.com.br\/s.meusitejuridico\/2017\/04\/97b45834-shutterstock-257933135.jpg","type":"image\/jpeg"}],"author":"Rodrigo Leite","twitter_card":"summary_large_image","twitter_creator":"@rodrigocrleite","twitter_misc":{"Escrito por":"Rodrigo Leite","Est. tempo de leitura":"7 minutos"},"schema":{"@context":"https:\/\/schema.org","@graph":[{"@type":"Article","@id":"https:\/\/meusitejuridico.editorajuspodivm.com.br\/2024\/10\/02\/resumo-informativos-824-e-825-do-stj\/#article","isPartOf":{"@id":"https:\/\/meusitejuridico.editorajuspodivm.com.br\/2024\/10\/02\/resumo-informativos-824-e-825-do-stj\/"},"author":{"name":"Rodrigo Leite","@id":"https:\/\/meusitejuridico.editorajuspodivm.com.br\/#\/schema\/person\/ae56313f17950dccef13d0989efd6d50"},"headline":"Resumo &#8211; Informativos 824 e 825 do STJ","datePublished":"2024-10-02T14:03:46+00:00","dateModified":"2024-10-02T14:03:47+00:00","mainEntityOfPage":{"@id":"https:\/\/meusitejuridico.editorajuspodivm.com.br\/2024\/10\/02\/resumo-informativos-824-e-825-do-stj\/"},"wordCount":1779,"commentCount":0,"publisher":{"@id":"https:\/\/meusitejuridico.editorajuspodivm.com.br\/#organization"},"image":{"@id":"https:\/\/meusitejuridico.editorajuspodivm.com.br\/2024\/10\/02\/resumo-informativos-824-e-825-do-stj\/#primaryimage"},"thumbnailUrl":"https:\/\/webmail.meusitejuridico.com.br\/s.meusitejuridico\/2017\/04\/97b45834-shutterstock-257933135.jpg","articleSection":["Informativos"],"inLanguage":"pt-BR","potentialAction":[{"@type":"CommentAction","name":"Comment","target":["https:\/\/meusitejuridico.editorajuspodivm.com.br\/2024\/10\/02\/resumo-informativos-824-e-825-do-stj\/#respond"]}]},{"@type":"WebPage","@id":"https:\/\/meusitejuridico.editorajuspodivm.com.br\/2024\/10\/02\/resumo-informativos-824-e-825-do-stj\/","url":"https:\/\/meusitejuridico.editorajuspodivm.com.br\/2024\/10\/02\/resumo-informativos-824-e-825-do-stj\/","name":"Resumo - Informativos 824 e 825 do STJ - Meu site jur\u00eddico","isPartOf":{"@id":"https:\/\/meusitejuridico.editorajuspodivm.com.br\/#website"},"primaryImageOfPage":{"@id":"https:\/\/meusitejuridico.editorajuspodivm.com.br\/2024\/10\/02\/resumo-informativos-824-e-825-do-stj\/#primaryimage"},"image":{"@id":"https:\/\/meusitejuridico.editorajuspodivm.com.br\/2024\/10\/02\/resumo-informativos-824-e-825-do-stj\/#primaryimage"},"thumbnailUrl":"https:\/\/webmail.meusitejuridico.com.br\/s.meusitejuridico\/2017\/04\/97b45834-shutterstock-257933135.jpg","datePublished":"2024-10-02T14:03:46+00:00","dateModified":"2024-10-02T14:03:47+00:00","breadcrumb":{"@id":"https:\/\/meusitejuridico.editorajuspodivm.com.br\/2024\/10\/02\/resumo-informativos-824-e-825-do-stj\/#breadcrumb"},"inLanguage":"pt-BR","potentialAction":[{"@type":"ReadAction","target":["https:\/\/meusitejuridico.editorajuspodivm.com.br\/2024\/10\/02\/resumo-informativos-824-e-825-do-stj\/"]}]},{"@type":"ImageObject","inLanguage":"pt-BR","@id":"https:\/\/meusitejuridico.editorajuspodivm.com.br\/2024\/10\/02\/resumo-informativos-824-e-825-do-stj\/#primaryimage","url":"https:\/\/webmail.meusitejuridico.com.br\/s.meusitejuridico\/2017\/04\/97b45834-shutterstock-257933135.jpg","contentUrl":"https:\/\/webmail.meusitejuridico.com.br\/s.meusitejuridico\/2017\/04\/97b45834-shutterstock-257933135.jpg","width":4428,"height":3456},{"@type":"BreadcrumbList","@id":"https:\/\/meusitejuridico.editorajuspodivm.com.br\/2024\/10\/02\/resumo-informativos-824-e-825-do-stj\/#breadcrumb","itemListElement":[{"@type":"ListItem","position":1,"name":"In\u00edcio","item":"https:\/\/meusitejuridico.editorajuspodivm.com.br\/"},{"@type":"ListItem","position":2,"name":"Resumo &#8211; Informativos 824 e 825 do STJ"}]},{"@type":"WebSite","@id":"https:\/\/meusitejuridico.editorajuspodivm.com.br\/#website","url":"https:\/\/meusitejuridico.editorajuspodivm.com.br\/","name":"Meu site jur\u00eddico","description":"Meu site jur\u00eddico","publisher":{"@id":"https:\/\/meusitejuridico.editorajuspodivm.com.br\/#organization"},"potentialAction":[{"@type":"SearchAction","target":{"@type":"EntryPoint","urlTemplate":"https:\/\/meusitejuridico.editorajuspodivm.com.br\/?s={search_term_string}"},"query-input":{"@type":"PropertyValueSpecification","valueRequired":true,"valueName":"search_term_string"}}],"inLanguage":"pt-BR"},{"@type":"Organization","@id":"https:\/\/meusitejuridico.editorajuspodivm.com.br\/#organization","name":"Meu site jur\u00eddico","url":"https:\/\/meusitejuridico.editorajuspodivm.com.br\/","logo":{"@type":"ImageObject","inLanguage":"pt-BR","@id":"https:\/\/meusitejuridico.editorajuspodivm.com.br\/#\/schema\/logo\/image\/","url":"https:\/\/webmail.meusitejuridico.com.br\/s.meusitejuridico\/2022\/03\/cropped-baeec2a3-msj-02-01-01.png","contentUrl":"https:\/\/webmail.meusitejuridico.com.br\/s.meusitejuridico\/2022\/03\/cropped-baeec2a3-msj-02-01-01.png","width":349,"height":243,"caption":"Meu site jur\u00eddico"},"image":{"@id":"https:\/\/meusitejuridico.editorajuspodivm.com.br\/#\/schema\/logo\/image\/"}},{"@type":"Person","@id":"https:\/\/meusitejuridico.editorajuspodivm.com.br\/#\/schema\/person\/ae56313f17950dccef13d0989efd6d50","name":"Rodrigo Leite","image":{"@type":"ImageObject","inLanguage":"pt-BR","@id":"https:\/\/meusitejuridico.editorajuspodivm.com.br\/#\/schema\/person\/image\/","url":"https:\/\/webmail.meusitejuridico.com.br\/s.meusitejuridico\/2021\/05\/8455192b-foto-site-rodrigo-leite-150x150.jpeg","contentUrl":"https:\/\/webmail.meusitejuridico.com.br\/s.meusitejuridico\/2021\/05\/8455192b-foto-site-rodrigo-leite-150x150.jpeg","caption":"Rodrigo Leite"},"description":"Coautor do livro \u201cAn\u00e1lise das Diverg\u00eancias Jurisprudenciais no STF e STJ\u201d, Editora Juspodivm. Autor do livro \u201cTombamento \u2013 Vol. 36 \u2013 Cole\u00e7\u00e3o Leis Especiais para Concursos\u201d, Editora Juspodivm. Autor do livro \u201cDesapropria\u00e7\u00e3o \u2013 Vol. 39 \u2013 Cole\u00e7\u00e3o Especiais para Concursos\u201d, Editora Juspodivm. Coautor do livro \u201cSaberes Jurisprudenciais\u201d, Editora Saraiva. Coorganizador do livro \u201cCPC na Jurisprud\u00eancia\", Editora Foco. Especialista em Direito P\u00fablico e Direito Processual Civil. Mestre em Direito Constitucional. Professor da P\u00f3s-gradua\u00e7\u00e3o em Direito Civil da Rede Anhaguera-Kroton. M\u00e1ster Universit\u00e1rio em Direito Constitucional pela Universidad Del Pa\u00eds Vasco, San Sebasti\u00e1n, Espanha. Advogado licenciado. Analista Judici\u00e1rio do TJRN. Assessor de Desembargador do TJRN.","sameAs":["https:\/\/www.editorajuspodivm.com.br\/autores\/detalhe\/85","https:\/\/www.instagram.com\/rodrigocrleite\/","https:\/\/x.com\/rodrigocrleite"],"url":"https:\/\/webmail.meusitejuridico.com.br\/author\/rodrigoleiterodrigoleite\/"}]}},"_links":{"self":[{"href":"https:\/\/webmail.meusitejuridico.com.br\/api\/wp\/v2\/posts\/21382","targetHints":{"allow":["GET"]}}],"collection":[{"href":"https:\/\/webmail.meusitejuridico.com.br\/api\/wp\/v2\/posts"}],"about":[{"href":"https:\/\/webmail.meusitejuridico.com.br\/api\/wp\/v2\/types\/post"}],"author":[{"embeddable":true,"href":"https:\/\/webmail.meusitejuridico.com.br\/api\/wp\/v2\/users\/131"}],"replies":[{"embeddable":true,"href":"https:\/\/webmail.meusitejuridico.com.br\/api\/wp\/v2\/comments?post=21382"}],"version-history":[{"count":1,"href":"https:\/\/webmail.meusitejuridico.com.br\/api\/wp\/v2\/posts\/21382\/revisions"}],"predecessor-version":[{"id":21383,"href":"https:\/\/webmail.meusitejuridico.com.br\/api\/wp\/v2\/posts\/21382\/revisions\/21383"}],"wp:featuredmedia":[{"embeddable":true,"href":"https:\/\/webmail.meusitejuridico.com.br\/api\/wp\/v2\/media\/1913"}],"wp:attachment":[{"href":"https:\/\/webmail.meusitejuridico.com.br\/api\/wp\/v2\/media?parent=21382"}],"wp:term":[{"taxonomy":"category","embeddable":true,"href":"https:\/\/webmail.meusitejuridico.com.br\/api\/wp\/v2\/categories?post=21382"},{"taxonomy":"post_tag","embeddable":true,"href":"https:\/\/webmail.meusitejuridico.com.br\/api\/wp\/v2\/tags?post=21382"}],"curies":[{"name":"wp","href":"https:\/\/api.w.org\/{rel}","templated":true}]}}