{"id":2134,"date":"2017-05-01T12:19:27","date_gmt":"2017-05-01T15:19:27","guid":{"rendered":"https:\/\/meusitejuridico.com.br\/?p=2134"},"modified":"2018-06-14T11:35:18","modified_gmt":"2018-06-14T14:35:18","slug":"direitos-humanos-influencia-kantiana","status":"publish","type":"post","link":"https:\/\/webmail.meusitejuridico.com.br\/2017\/05\/01\/direitos-humanos-influencia-kantiana\/","title":{"rendered":"Direitos Humanos: influ\u00eancia kantiana"},"content":{"rendered":"<p>Uma das quest\u00f5es mais importantes diante do cen\u00e1rio pol\u00edtico, econ\u00f4mico, e cultural moderno, reside no fato de que os Direitos Humanos s\u00f3 s\u00e3o efetivamente reivindicados quando s\u00e3o amplamente desrespeitados. Tal fato ocorre diante da perplexidade de todos na medida em que seriam, em tese, Universais. Diante desta premissa, vejamos o que o pensamento kantiano revela sobre o tema:<\/p>\n<p>N\u00e3o h\u00e1 como deixar de evidenciar a import\u00e2ncia da contribui\u00e7\u00e3o da filosofia do Iluminismo, designadamente o pensamento de <a class='qlabs_tooltip_top qlabs_tooltip_style_1 cursor_pointer event_hover' style=''  aria-haspopup='true'>Immanuel Kant<span style='width: 180px; '  >Immanuel Kant (1724-1804) foi um fil\u00f3sofo alem\u00e3o, fundador da \u201cFilosofia Cr\u00edtica\u201d. \u00c9 considerado por muitos, um dos maiores pensadores da Hist\u00f3ria da Filosofia e um dos mais influentes no Ocidente, designadamente no campo da \u00c9tica e dos Direitos Humanos;<\/span><\/a>, para a formula\u00e7\u00e3o e reconhecimento\u00a0\u00a0 dos\u00a0 Direitos\u00a0 Fundamentais\u00a0 da\u00a0\u00a0\u00a0 Pessoa Humana. Assim, a filosofia cr\u00edtica de Kant representou um significante marco divisor, no pensamento filos\u00f3fico moderno, constituindo, igualmente, uma verdadeira revolu\u00e7\u00e3o na investiga\u00e7\u00e3o filos\u00f3fica e na possibilidade de fixa\u00e7\u00e3o dos fundamentos e limites da raz\u00e3o (<a class='qlabs_tooltip_top qlabs_tooltip_style_1 cursor_pointer event_hover' style=''  aria-haspopup='true'>nota<span style='width: 180px; '  >A mudan\u00e7a no pensar filos\u00f3fico a que se deve a Kant n\u00e3o abrange apenas o mundo do conhecimento, mas tamb\u00e9m o mundo da a\u00e7\u00e3o - pois a moralidade no \u00e2mbito pr\u00e1tico reclama \u201cvalidade universal\u201d e objetiva, assim como a ci\u00eancia no \u00e2mbito te\u00f3rico;<\/span><\/a>).<\/p>\n<p>Para Kant, a a\u00e7\u00e3o moralmente boa \u00e9 justamente aquela praticada pelo reconhecimento do \u201cdever moral\u201d \u2013 assim, determinada a\u00e7\u00e3o \u00e9 praticada tendo em vista que \u00e9 descrita e inserida num conjunto de regras de conduta (morais). O fil\u00f3sofo traz ent\u00e3o, um conceito de valores morais que revelam e sustentam inquestionavelmente\u00a0\u00a0 os\u00a0\u00a0 Direitos Fundamentais. Em\u00a0 sua\u00a0 obra <span class='qlabs_tooltip_top qlabs_tooltip_style_1 cursor_pointer' style=''  aria-haspopup='true'>Cr\u00edtica da Raz\u00e3o Pura<span style='width: 180px; '  ><a href=\"http:\/\/www.ebooksbrasil.org\/eLibris\/critica.html\" target=\"_blank\" rel=\"noopener\"><img fetchpriority=\"high\" decoding=\"async\" class=\"alignnone wp-image-2135 size-medium\" src=\"https:\/\/s3.amazonaws.com\/wp4-content\/s3-meusitejuridico\/2017\/05\/4661a73f-kant-225x300.jpg\" width=\"225\" height=\"300\" srcset=\"https:\/\/webmail.meusitejuridico.com.br\/s.meusitejuridico\/2017\/05\/4661a73f-kant-225x300.jpg 225w, https:\/\/webmail.meusitejuridico.com.br\/s.meusitejuridico\/2017\/05\/4661a73f-kant-80x107.jpg 80w, https:\/\/webmail.meusitejuridico.com.br\/s.meusitejuridico\/2017\/05\/4661a73f-kant.jpg 600w\" sizes=\"(max-width: 225px) 100vw, 225px\" \/><\/a><\/span><\/span>, o\u00a0 fil\u00f3sofo\u00a0prussiano apresenta estes\u00a0\u00a0 princ\u00edpios da\u00a0 \u00c9tica como um\u00a0\u00a0 <strong>imperativo\u00a0\u00a0 categ\u00f3rico<\/strong>.<\/p>\n<p>Ora, como constituir, ent\u00e3o, uma sociedade a partir de concep\u00e7\u00f5es e aspira\u00e7\u00f5es t\u00e3o diversas e conflitantes? Kant ir\u00e1 tentar combinar o \u201cpluralismo\u201d com uma \u201c\u00e9tica da liberdade\u201d, isto \u00e9: <strong>existe, em cada ser humano racional, um imperativo categ\u00f3rico, que convoca todo ser humano a respeitar a sua pr\u00f3pria liberdade e a dos outros<\/strong>. Diante disso, a a\u00e7\u00e3o do homem passa a ter um \u201cNorte\u201d, ou seja: \u201cage somente, segundo uma m\u00e1xima tal, que possas querer ao mesmo tempo que se torne lei Universal\u201d. Em seu livro <a class='qlabs_tooltip_top qlabs_tooltip_style_1 cursor_pointer event_hover' style=''  aria-haspopup='true'><em>Fundamenta\u00e7\u00e3o da Metaf\u00edsica dos Costumes<b>\u00a0<\/b><\/em>(1795)<span style='width: 180px; '  >Nessa obra, o fil\u00f3sofo alem\u00e3o destacou algumas orienta\u00e7\u00f5es: \u201c1\u00ba. Age, como se a m\u00e1xima da tua a\u00e7\u00e3o se devesse tornar, para a tua vontade, em lei universal da natureza; 2\u00ba. Age, de tal maneira que uses a humanidade, tanto na tua pessoa como na pessoa de qualquer outro, sempre e simultaneamente como fim e nunca simplesmente como meio; 3\u00ba. Age, de tal maneira que a tua vontade se possa considerar como sendo a autora de lei universal \u00e1 qual se submete.\u201d <\/span><\/a>, Kant coloca o problema da \u00c9tica como problema do bem supremo. Assim, com essa defini\u00e7\u00e3o, Kant considera que tal princ\u00edpio se torna uma \u00e9tica da liberdade respons\u00e1vel pelo m\u00e9rito de exigir dos seres humanos um respeito m\u00fatuo para uma (co)exist\u00eancia na Sociedade. Deste modo, \u201ch\u00e1 um imperativo que, sem tomar por fundamento como condi\u00e7\u00e3o qualquer outra inten\u00e7\u00e3o a se alcan\u00e7ar por um certo comportamento, comanda imediatamente esse comportamento. Esse imperativo \u00e9 categ\u00f3rico\u201d.<\/p>\n<p>Constata-se que o fil\u00f3sofo elabora um conceito de um imperativo categ\u00f3rico para fundamentar sua \u00e9tica &#8211; um imperativo que mande sem condi\u00e7\u00f5es, absolutamente: um &#8220;tu deves&#8221; (&#8220;<em>Du sollst<\/em>&#8220;) incontest\u00e1vel e incontorn\u00e1vel. Trata-se, pois, de um imperativo que implica em si mesmo sua obrigatoriedade absoluta. \u00c9 o dever simples e puro que apela \u00e0 boa vontade. Tal racioc\u00ednio deixa patente que Kant buscou elaborar uma \u201c\u00e9tica do dever ser\u201d, ou seja: uma \u00e9tica imperativa, que obrigue.<\/p>\n<p>Resumindo: Kant dedicou boa parte dos seus estudos \u00e0 fun\u00e7\u00e3o pr\u00e1tica da raz\u00e3o e ao problema da moral, impondo-se quatro problemas fundamentais: (i) determinar o conceito de moralidade; (ii) aplic\u00e1-lo \u00e0 situa\u00e7\u00e3o de entes racionais finitos, o que leva ao imperativo categ\u00f3rico; (iii) descobrir a origem da moralidade na autonomia da vontade; e (iv) provar a efetividade da moralidade com o <em>factum<\/em> da raz\u00e3o.<\/p>\n<p>N\u00e3o h\u00e1 como olvidar que essas premissas filos\u00f3ficas s\u00e3o pilares da <em>Declara\u00e7\u00e3o Universal dos Direitos Humanos<\/em>. Publicada pela resolu\u00e7\u00e3o 217 A (III) da Assembleia Geral das Na\u00e7\u00f5es Unidas em 10 de dezembro de 1948, fruto de um per\u00edodo extremamente conturbado das rela\u00e7\u00f5es internacionais at\u00e9 meados do s\u00e9culo XX (lembre-se das duas grandes guerras, os v\u00e1rios governos totalit\u00e1rios, a descoloniza\u00e7\u00e3o afro-asi\u00e1tica e a crise dos paradigmas pol\u00edticos internacionais). Este documento traz ao seu total 30 artigos com o objetivo de manter os princ\u00edpios b\u00e1sicos que todo ser humano carrega. Ali\u00e1s, o pensamento kantiano j\u00e1 se apresenta, como pano de fundo, logo nas primeiras linhas de seu Pre\u00e2mbulo sustentando a \u201csua f\u00e9 nos direitos humanos fundamentais, na dignidade e no valor do ser humano e na igualdade de direitos entre homens e mulheres (<a class='qlabs_tooltip_top qlabs_tooltip_style_1 cursor_pointer event_hover' style=''  aria-haspopup='true'>\u2026<span style='width: 180px; '  >Destacamos<\/span><\/a>)\u201d.<\/p>\n<p>Assim, o Pre\u00e2mbulo deixa claro sua tradi\u00e7\u00e3o e orienta\u00e7\u00e3o Ocidental &#8211; cunhado pela tradi\u00e7\u00e3o revolucion\u00e1ria francesa (que teoricamente introduziu as no\u00e7\u00f5es de liberdade e igualdade em dignidade e direitos), al\u00e9m do exerc\u00edcio racional para agir conforme os imperativos \u00e9ticos e morais, trazidos por Kant.<\/p>\n<p>Igualmente importante \u00e9 o conceito de <strong>modelo de conviv\u00eancia internacional<\/strong> proposto por Kant que transcende o subjetivismo das soberanias e dos interesses, introduzindo a raz\u00e3o abrangente do ponto de vista da humanidade e do indiv\u00edduo como fim e n\u00e3o como meio \u2013 o que possibilitou a discuss\u00e3o acerca dos \u201ctemas globais\u201d na pr\u00e1tica diplom\u00e1tica contempor\u00e2nea.<\/p>\n<p>Deste modo, \u00e9 importante reter que os Direitos Humanos quando s\u00e3o aviltados ou suprimidos apresentam, como conseq\u00fc\u00eancia, retrocessos \u00e0 cria\u00e7\u00e3o de uma sociedade internacional que respeite a diversidade cultural e crie maneiras de coexist\u00eancia entre os povos.<\/p>\n<p>Por fim, vale ressaltar que os respeitos aos tratados do documento est\u00e3o distantes de se revelarem num consenso &#8211; ainda mais ao se tratar de tradi\u00e7\u00f5es de culturas diferentes principalmente no que tange a sua tentativa de universalidade. Eis a raz\u00e3o que os direitos humanos fazem parte dos problemas abertos e mais discutidos na atualidade.<\/p>\n<p>O tema j\u00e1 foi cobrado em concurso do seguinte modo:<\/p>\n<p><strong>(CESPE \u2013 2009) &#8211; Assinale a op\u00e7\u00e3o correspondente ao imperativo categ\u00f3rico de Kant.<\/strong><\/p>\n<p><span style=\"color: #ff0000;\"><strong>a) Age de tal modo que a m\u00e1xima de tua a\u00e7\u00e3o possa ser sempre erigida em princ\u00edpio de uma legisla\u00e7\u00e3o universal;<\/strong><\/span><\/p>\n<p>b) Age de tal modo que a tua a\u00e7\u00e3o atenda ao princ\u00edpio da raz\u00e3o e da igualdade entre os homens.<\/p>\n<p>c) Age de tal modo que tua a\u00e7\u00e3o respeite as regras estabelecidas pela comunidade em que tu vives.<\/p>\n<p>d) Age de tal modo que a tua a\u00e7\u00e3o esteja de acordo com os mandamentos de Deus.<\/p>\n<p>Ainda, no esteio do pensamento em an\u00e1lise:<strong>\u00a0<\/strong><\/p>\n<p><strong>(DEFENSOR P\u00daBLICO \u2013 FCC \/ DPE-ES 2016) A Declara\u00e7\u00e3o Universal dos Direitos Humanos de 1948<\/strong><\/p>\n<p>a) n\u00e3o tratou do direito \u00e0 instru\u00e7\u00e3o, como direito \u00e0 educa\u00e7\u00e3o.<\/p>\n<p>b) proibiu a pena de morte.<\/p>\n<p>c) restringiu-se aos direitos civis e pol\u00edticos por se tratar de um documento inaugural.<\/p>\n<p>d) n\u00e3o tratou do direito ao voto, por se tratar de um direito pol\u00edtico n\u00e3o reconhecido por todos os Estados signat\u00e1rios.<\/p>\n<p><span style=\"color: #ff0000;\"><strong>e) consolida a \u00e9tica universal e, combinando o valor da liberdade com o da igualdade, enumera tanto os direitos civis e pol\u00edticos quanto os direitos econ\u00f4micos sociais e culturais.<\/strong><\/span><\/p>\n<p><u><a class='qlabs_tooltip_top qlabs_tooltip_style_1 cursor_pointer event_hover' style=''  aria-haspopup='true'>Refer\u00eancias bibliogr\u00e1ficas<span style='width: 180px; '  >KANT, Immanuel. Cr\u00edtica da Raz\u00e3o Pura. S\u00e3o Paulo: Abril Cultural, 1974 KANT, Immanuel. Fundamenta\u00e7\u00e3o da Metaf\u00edsica dos Costumes. S\u00e3o Paulo: Discurso Editorial, 2009.<\/span><\/a>.<\/u><\/p>\n<p><strong>Para se aprofundar:<\/strong><\/p>\n<p><a href=\"http:\/\/www.saraiva.com.br\/introducao-ao-estudo-do-direito-col-saberes-do-direito-vol-1-4047727.html\" target=\"_blank\" rel=\"noopener\">Introdu\u00e7\u00e3o Ao Estudo do Direito &#8211; Col. Saberes do Direito<\/a><\/p>\n<p><a href=\"#_ftnref1\" name=\"_ftn1\"><\/a><\/p>\n","protected":false},"excerpt":{"rendered":"<p>Uma das quest\u00f5es mais importantes diante do cen\u00e1rio pol\u00edtico, econ\u00f4mico, e cultural moderno, reside no fato de que os Direitos Humanos s\u00f3 s\u00e3o efetivamente reivindicados quando s\u00e3o amplamente desrespeitados. Tal fato ocorre diante da perplexidade de todos na medida em que seriam, em tese, Universais. Diante desta premissa, vejamos o que o pensamento kantiano revela [&hellip;]<\/p>\n","protected":false},"author":16,"featured_media":2136,"comment_status":"open","ping_status":"open","sticky":false,"template":"","format":"standard","meta":{"_acf_changed":false,"footnotes":""},"categories":[1,380],"tags":[190,382,383,381],"class_list":["post-2134","post","type-post","status-publish","format-standard","has-post-thumbnail","hentry","category-artigos","category-direito-internacional-e-direitos-humanos","tag-concursos-publicos","tag-direito-humanos","tag-filosofia","tag-kant"],"acf":[],"yoast_head":"<!-- This site is optimized with the Yoast SEO plugin v24.8.1 - https:\/\/yoast.com\/wordpress\/plugins\/seo\/ -->\n<title>Direitos Humanos: influ\u00eancia kantiana - Meu site jur\u00eddico<\/title>\n<meta name=\"robots\" content=\"index, follow, max-snippet:-1, max-image-preview:large, max-video-preview:-1\" \/>\n<link rel=\"canonical\" href=\"https:\/\/meusitejuridico.editorajuspodivm.com.br\/2017\/05\/01\/direitos-humanos-influencia-kantiana\/\" \/>\n<meta property=\"og:locale\" content=\"pt_BR\" \/>\n<meta property=\"og:type\" content=\"article\" \/>\n<meta property=\"og:title\" content=\"Direitos Humanos: influ\u00eancia kantiana - Meu site jur\u00eddico\" \/>\n<meta property=\"og:description\" content=\"Uma das quest\u00f5es mais importantes diante do cen\u00e1rio pol\u00edtico, econ\u00f4mico, e cultural moderno, reside no fato de que os Direitos Humanos s\u00f3 s\u00e3o efetivamente reivindicados quando s\u00e3o amplamente desrespeitados. Tal fato ocorre diante da perplexidade de todos na medida em que seriam, em tese, Universais. Diante desta premissa, vejamos o que o pensamento kantiano revela [&hellip;]\" \/>\n<meta property=\"og:url\" content=\"https:\/\/meusitejuridico.editorajuspodivm.com.br\/2017\/05\/01\/direitos-humanos-influencia-kantiana\/\" \/>\n<meta property=\"og:site_name\" content=\"Meu site jur\u00eddico\" \/>\n<meta property=\"article:author\" content=\"https:\/\/www.facebook.com\/alexandre.cunha.71\" \/>\n<meta property=\"article:published_time\" content=\"2017-05-01T15:19:27+00:00\" \/>\n<meta property=\"article:modified_time\" content=\"2018-06-14T14:35:18+00:00\" \/>\n<meta property=\"og:image\" content=\"https:\/\/meusitejuridico.editorajuspodivm.com.br\/s.meusitejuridico\/2017\/05\/0cfd750e-shutterstock-5265745.jpg\" \/>\n\t<meta property=\"og:image:width\" content=\"1000\" \/>\n\t<meta property=\"og:image:height\" content=\"697\" \/>\n\t<meta property=\"og:image:type\" content=\"image\/jpeg\" \/>\n<meta name=\"author\" content=\"Alexandre Sanches Cunha\" \/>\n<meta name=\"twitter:card\" content=\"summary_large_image\" \/>\n<meta name=\"twitter:creator\" content=\"@https:\/\/twitter.com\/Cunhaadv\" \/>\n<meta name=\"twitter:label1\" content=\"Escrito por\" \/>\n\t<meta name=\"twitter:data1\" content=\"Alexandre Sanches Cunha\" \/>\n\t<meta name=\"twitter:label2\" content=\"Est. tempo de leitura\" \/>\n\t<meta name=\"twitter:data2\" content=\"7 minutos\" \/>\n<script type=\"application\/ld+json\" class=\"yoast-schema-graph\">{\"@context\":\"https:\/\/schema.org\",\"@graph\":[{\"@type\":\"Article\",\"@id\":\"https:\/\/meusitejuridico.editorajuspodivm.com.br\/2017\/05\/01\/direitos-humanos-influencia-kantiana\/#article\",\"isPartOf\":{\"@id\":\"https:\/\/meusitejuridico.editorajuspodivm.com.br\/2017\/05\/01\/direitos-humanos-influencia-kantiana\/\"},\"author\":{\"name\":\"Alexandre Sanches Cunha\",\"@id\":\"https:\/\/cdn.meusitejuridico.com.br\/#\/schema\/person\/3a83254e6f8dffb851b564125d63595b\"},\"headline\":\"Direitos Humanos: influ\u00eancia kantiana\",\"datePublished\":\"2017-05-01T15:19:27+00:00\",\"dateModified\":\"2018-06-14T14:35:18+00:00\",\"mainEntityOfPage\":{\"@id\":\"https:\/\/meusitejuridico.editorajuspodivm.com.br\/2017\/05\/01\/direitos-humanos-influencia-kantiana\/\"},\"wordCount\":1455,\"commentCount\":1,\"publisher\":{\"@id\":\"https:\/\/cdn.meusitejuridico.com.br\/#organization\"},\"image\":{\"@id\":\"https:\/\/meusitejuridico.editorajuspodivm.com.br\/2017\/05\/01\/direitos-humanos-influencia-kantiana\/#primaryimage\"},\"thumbnailUrl\":\"https:\/\/webmail.meusitejuridico.com.br\/s.meusitejuridico\/2017\/05\/0cfd750e-shutterstock-5265745.jpg\",\"keywords\":[\"Concursos P\u00fablicos\",\"Direito Humanos\",\"Filosofia\",\"Kant\"],\"articleSection\":[\"Artigos\",\"Direito Internacional e Direitos Humanos\"],\"inLanguage\":\"pt-BR\",\"potentialAction\":[{\"@type\":\"CommentAction\",\"name\":\"Comment\",\"target\":[\"https:\/\/meusitejuridico.editorajuspodivm.com.br\/2017\/05\/01\/direitos-humanos-influencia-kantiana\/#respond\"]}]},{\"@type\":\"WebPage\",\"@id\":\"https:\/\/meusitejuridico.editorajuspodivm.com.br\/2017\/05\/01\/direitos-humanos-influencia-kantiana\/\",\"url\":\"https:\/\/meusitejuridico.editorajuspodivm.com.br\/2017\/05\/01\/direitos-humanos-influencia-kantiana\/\",\"name\":\"Direitos Humanos: influ\u00eancia kantiana - Meu site jur\u00eddico\",\"isPartOf\":{\"@id\":\"https:\/\/cdn.meusitejuridico.com.br\/#website\"},\"primaryImageOfPage\":{\"@id\":\"https:\/\/meusitejuridico.editorajuspodivm.com.br\/2017\/05\/01\/direitos-humanos-influencia-kantiana\/#primaryimage\"},\"image\":{\"@id\":\"https:\/\/meusitejuridico.editorajuspodivm.com.br\/2017\/05\/01\/direitos-humanos-influencia-kantiana\/#primaryimage\"},\"thumbnailUrl\":\"https:\/\/webmail.meusitejuridico.com.br\/s.meusitejuridico\/2017\/05\/0cfd750e-shutterstock-5265745.jpg\",\"datePublished\":\"2017-05-01T15:19:27+00:00\",\"dateModified\":\"2018-06-14T14:35:18+00:00\",\"breadcrumb\":{\"@id\":\"https:\/\/meusitejuridico.editorajuspodivm.com.br\/2017\/05\/01\/direitos-humanos-influencia-kantiana\/#breadcrumb\"},\"inLanguage\":\"pt-BR\",\"potentialAction\":[{\"@type\":\"ReadAction\",\"target\":[\"https:\/\/meusitejuridico.editorajuspodivm.com.br\/2017\/05\/01\/direitos-humanos-influencia-kantiana\/\"]}]},{\"@type\":\"ImageObject\",\"inLanguage\":\"pt-BR\",\"@id\":\"https:\/\/meusitejuridico.editorajuspodivm.com.br\/2017\/05\/01\/direitos-humanos-influencia-kantiana\/#primaryimage\",\"url\":\"https:\/\/webmail.meusitejuridico.com.br\/s.meusitejuridico\/2017\/05\/0cfd750e-shutterstock-5265745.jpg\",\"contentUrl\":\"https:\/\/webmail.meusitejuridico.com.br\/s.meusitejuridico\/2017\/05\/0cfd750e-shutterstock-5265745.jpg\",\"width\":1000,\"height\":697},{\"@type\":\"BreadcrumbList\",\"@id\":\"https:\/\/meusitejuridico.editorajuspodivm.com.br\/2017\/05\/01\/direitos-humanos-influencia-kantiana\/#breadcrumb\",\"itemListElement\":[{\"@type\":\"ListItem\",\"position\":1,\"name\":\"In\u00edcio\",\"item\":\"https:\/\/cdn.meusitejuridico.com.br\/\"},{\"@type\":\"ListItem\",\"position\":2,\"name\":\"Direitos Humanos: influ\u00eancia kantiana\"}]},{\"@type\":\"WebSite\",\"@id\":\"https:\/\/cdn.meusitejuridico.com.br\/#website\",\"url\":\"https:\/\/cdn.meusitejuridico.com.br\/\",\"name\":\"Meu site jur\u00eddico\",\"description\":\"Meu site jur\u00eddico\",\"publisher\":{\"@id\":\"https:\/\/cdn.meusitejuridico.com.br\/#organization\"},\"potentialAction\":[{\"@type\":\"SearchAction\",\"target\":{\"@type\":\"EntryPoint\",\"urlTemplate\":\"https:\/\/cdn.meusitejuridico.com.br\/?s={search_term_string}\"},\"query-input\":{\"@type\":\"PropertyValueSpecification\",\"valueRequired\":true,\"valueName\":\"search_term_string\"}}],\"inLanguage\":\"pt-BR\"},{\"@type\":\"Organization\",\"@id\":\"https:\/\/cdn.meusitejuridico.com.br\/#organization\",\"name\":\"Meu site jur\u00eddico\",\"url\":\"https:\/\/cdn.meusitejuridico.com.br\/\",\"logo\":{\"@type\":\"ImageObject\",\"inLanguage\":\"pt-BR\",\"@id\":\"https:\/\/cdn.meusitejuridico.com.br\/#\/schema\/logo\/image\/\",\"url\":\"https:\/\/webmail.meusitejuridico.com.br\/s.meusitejuridico\/2022\/03\/cropped-baeec2a3-msj-02-01-01.png\",\"contentUrl\":\"https:\/\/webmail.meusitejuridico.com.br\/s.meusitejuridico\/2022\/03\/cropped-baeec2a3-msj-02-01-01.png\",\"width\":349,\"height\":243,\"caption\":\"Meu site jur\u00eddico\"},\"image\":{\"@id\":\"https:\/\/cdn.meusitejuridico.com.br\/#\/schema\/logo\/image\/\"}},{\"@type\":\"Person\",\"@id\":\"https:\/\/cdn.meusitejuridico.com.br\/#\/schema\/person\/3a83254e6f8dffb851b564125d63595b\",\"name\":\"Alexandre Sanches Cunha\",\"image\":{\"@type\":\"ImageObject\",\"inLanguage\":\"pt-BR\",\"@id\":\"https:\/\/cdn.meusitejuridico.com.br\/#\/schema\/person\/image\/\",\"url\":\"https:\/\/webmail.meusitejuridico.com.br\/s.meusitejuridico\/2017\/05\/20b7b0dc-alexandre-150x150.jpeg\",\"contentUrl\":\"https:\/\/webmail.meusitejuridico.com.br\/s.meusitejuridico\/2017\/05\/20b7b0dc-alexandre-150x150.jpeg\",\"caption\":\"Alexandre Sanches Cunha\"},\"description\":\"Advogado\/Professor Universit\u00e1rio; Bacharel em Direito \u2013 PUC-Campinas; Bacharel em Filosofia \u2013 UNICAMP; Especialista em Direito Penal \u2013 PUC-Campinas; Especialista em Direitos Humanos \u2013 Universidade Coimbra; Mestre em Filosofia Antiga - UNICAMP.\",\"sameAs\":[\"https:\/\/www.editorajuspodivm.com.br\/autores?idtag=ebe04ee0-bb3c-4b7f-96b9-fcd9428789d5\/detalhe\/893\",\"https:\/\/www.facebook.com\/alexandre.cunha.71\",\"https:\/\/x.com\/https:\/\/twitter.com\/Cunhaadv\"],\"url\":\"https:\/\/webmail.meusitejuridico.com.br\/author\/alexcunha17terra-com-br\/\"}]}<\/script>\n<!-- \/ Yoast SEO plugin. -->","yoast_head_json":{"title":"Direitos Humanos: influ\u00eancia kantiana - Meu site jur\u00eddico","robots":{"index":"index","follow":"follow","max-snippet":"max-snippet:-1","max-image-preview":"max-image-preview:large","max-video-preview":"max-video-preview:-1"},"canonical":"https:\/\/meusitejuridico.editorajuspodivm.com.br\/2017\/05\/01\/direitos-humanos-influencia-kantiana\/","og_locale":"pt_BR","og_type":"article","og_title":"Direitos Humanos: influ\u00eancia kantiana - Meu site jur\u00eddico","og_description":"Uma das quest\u00f5es mais importantes diante do cen\u00e1rio pol\u00edtico, econ\u00f4mico, e cultural moderno, reside no fato de que os Direitos Humanos s\u00f3 s\u00e3o efetivamente reivindicados quando s\u00e3o amplamente desrespeitados. Tal fato ocorre diante da perplexidade de todos na medida em que seriam, em tese, Universais. Diante desta premissa, vejamos o que o pensamento kantiano revela [&hellip;]","og_url":"https:\/\/meusitejuridico.editorajuspodivm.com.br\/2017\/05\/01\/direitos-humanos-influencia-kantiana\/","og_site_name":"Meu site jur\u00eddico","article_author":"https:\/\/www.facebook.com\/alexandre.cunha.71","article_published_time":"2017-05-01T15:19:27+00:00","article_modified_time":"2018-06-14T14:35:18+00:00","og_image":[{"width":1000,"height":697,"url":"https:\/\/meusitejuridico.editorajuspodivm.com.br\/s.meusitejuridico\/2017\/05\/0cfd750e-shutterstock-5265745.jpg","type":"image\/jpeg"}],"author":"Alexandre Sanches Cunha","twitter_card":"summary_large_image","twitter_creator":"@https:\/\/twitter.com\/Cunhaadv","twitter_misc":{"Escrito por":"Alexandre Sanches Cunha","Est. tempo de leitura":"7 minutos"},"schema":{"@context":"https:\/\/schema.org","@graph":[{"@type":"Article","@id":"https:\/\/meusitejuridico.editorajuspodivm.com.br\/2017\/05\/01\/direitos-humanos-influencia-kantiana\/#article","isPartOf":{"@id":"https:\/\/meusitejuridico.editorajuspodivm.com.br\/2017\/05\/01\/direitos-humanos-influencia-kantiana\/"},"author":{"name":"Alexandre Sanches Cunha","@id":"https:\/\/cdn.meusitejuridico.com.br\/#\/schema\/person\/3a83254e6f8dffb851b564125d63595b"},"headline":"Direitos Humanos: influ\u00eancia kantiana","datePublished":"2017-05-01T15:19:27+00:00","dateModified":"2018-06-14T14:35:18+00:00","mainEntityOfPage":{"@id":"https:\/\/meusitejuridico.editorajuspodivm.com.br\/2017\/05\/01\/direitos-humanos-influencia-kantiana\/"},"wordCount":1455,"commentCount":1,"publisher":{"@id":"https:\/\/cdn.meusitejuridico.com.br\/#organization"},"image":{"@id":"https:\/\/meusitejuridico.editorajuspodivm.com.br\/2017\/05\/01\/direitos-humanos-influencia-kantiana\/#primaryimage"},"thumbnailUrl":"https:\/\/webmail.meusitejuridico.com.br\/s.meusitejuridico\/2017\/05\/0cfd750e-shutterstock-5265745.jpg","keywords":["Concursos P\u00fablicos","Direito Humanos","Filosofia","Kant"],"articleSection":["Artigos","Direito Internacional e Direitos Humanos"],"inLanguage":"pt-BR","potentialAction":[{"@type":"CommentAction","name":"Comment","target":["https:\/\/meusitejuridico.editorajuspodivm.com.br\/2017\/05\/01\/direitos-humanos-influencia-kantiana\/#respond"]}]},{"@type":"WebPage","@id":"https:\/\/meusitejuridico.editorajuspodivm.com.br\/2017\/05\/01\/direitos-humanos-influencia-kantiana\/","url":"https:\/\/meusitejuridico.editorajuspodivm.com.br\/2017\/05\/01\/direitos-humanos-influencia-kantiana\/","name":"Direitos Humanos: influ\u00eancia kantiana - Meu site jur\u00eddico","isPartOf":{"@id":"https:\/\/cdn.meusitejuridico.com.br\/#website"},"primaryImageOfPage":{"@id":"https:\/\/meusitejuridico.editorajuspodivm.com.br\/2017\/05\/01\/direitos-humanos-influencia-kantiana\/#primaryimage"},"image":{"@id":"https:\/\/meusitejuridico.editorajuspodivm.com.br\/2017\/05\/01\/direitos-humanos-influencia-kantiana\/#primaryimage"},"thumbnailUrl":"https:\/\/webmail.meusitejuridico.com.br\/s.meusitejuridico\/2017\/05\/0cfd750e-shutterstock-5265745.jpg","datePublished":"2017-05-01T15:19:27+00:00","dateModified":"2018-06-14T14:35:18+00:00","breadcrumb":{"@id":"https:\/\/meusitejuridico.editorajuspodivm.com.br\/2017\/05\/01\/direitos-humanos-influencia-kantiana\/#breadcrumb"},"inLanguage":"pt-BR","potentialAction":[{"@type":"ReadAction","target":["https:\/\/meusitejuridico.editorajuspodivm.com.br\/2017\/05\/01\/direitos-humanos-influencia-kantiana\/"]}]},{"@type":"ImageObject","inLanguage":"pt-BR","@id":"https:\/\/meusitejuridico.editorajuspodivm.com.br\/2017\/05\/01\/direitos-humanos-influencia-kantiana\/#primaryimage","url":"https:\/\/webmail.meusitejuridico.com.br\/s.meusitejuridico\/2017\/05\/0cfd750e-shutterstock-5265745.jpg","contentUrl":"https:\/\/webmail.meusitejuridico.com.br\/s.meusitejuridico\/2017\/05\/0cfd750e-shutterstock-5265745.jpg","width":1000,"height":697},{"@type":"BreadcrumbList","@id":"https:\/\/meusitejuridico.editorajuspodivm.com.br\/2017\/05\/01\/direitos-humanos-influencia-kantiana\/#breadcrumb","itemListElement":[{"@type":"ListItem","position":1,"name":"In\u00edcio","item":"https:\/\/cdn.meusitejuridico.com.br\/"},{"@type":"ListItem","position":2,"name":"Direitos Humanos: influ\u00eancia kantiana"}]},{"@type":"WebSite","@id":"https:\/\/cdn.meusitejuridico.com.br\/#website","url":"https:\/\/cdn.meusitejuridico.com.br\/","name":"Meu site jur\u00eddico","description":"Meu site jur\u00eddico","publisher":{"@id":"https:\/\/cdn.meusitejuridico.com.br\/#organization"},"potentialAction":[{"@type":"SearchAction","target":{"@type":"EntryPoint","urlTemplate":"https:\/\/cdn.meusitejuridico.com.br\/?s={search_term_string}"},"query-input":{"@type":"PropertyValueSpecification","valueRequired":true,"valueName":"search_term_string"}}],"inLanguage":"pt-BR"},{"@type":"Organization","@id":"https:\/\/cdn.meusitejuridico.com.br\/#organization","name":"Meu site jur\u00eddico","url":"https:\/\/cdn.meusitejuridico.com.br\/","logo":{"@type":"ImageObject","inLanguage":"pt-BR","@id":"https:\/\/cdn.meusitejuridico.com.br\/#\/schema\/logo\/image\/","url":"https:\/\/webmail.meusitejuridico.com.br\/s.meusitejuridico\/2022\/03\/cropped-baeec2a3-msj-02-01-01.png","contentUrl":"https:\/\/webmail.meusitejuridico.com.br\/s.meusitejuridico\/2022\/03\/cropped-baeec2a3-msj-02-01-01.png","width":349,"height":243,"caption":"Meu site jur\u00eddico"},"image":{"@id":"https:\/\/cdn.meusitejuridico.com.br\/#\/schema\/logo\/image\/"}},{"@type":"Person","@id":"https:\/\/cdn.meusitejuridico.com.br\/#\/schema\/person\/3a83254e6f8dffb851b564125d63595b","name":"Alexandre Sanches Cunha","image":{"@type":"ImageObject","inLanguage":"pt-BR","@id":"https:\/\/cdn.meusitejuridico.com.br\/#\/schema\/person\/image\/","url":"https:\/\/webmail.meusitejuridico.com.br\/s.meusitejuridico\/2017\/05\/20b7b0dc-alexandre-150x150.jpeg","contentUrl":"https:\/\/webmail.meusitejuridico.com.br\/s.meusitejuridico\/2017\/05\/20b7b0dc-alexandre-150x150.jpeg","caption":"Alexandre Sanches Cunha"},"description":"Advogado\/Professor Universit\u00e1rio; Bacharel em Direito \u2013 PUC-Campinas; Bacharel em Filosofia \u2013 UNICAMP; Especialista em Direito Penal \u2013 PUC-Campinas; Especialista em Direitos Humanos \u2013 Universidade Coimbra; Mestre em Filosofia Antiga - UNICAMP.","sameAs":["https:\/\/www.editorajuspodivm.com.br\/autores?idtag=ebe04ee0-bb3c-4b7f-96b9-fcd9428789d5\/detalhe\/893","https:\/\/www.facebook.com\/alexandre.cunha.71","https:\/\/x.com\/https:\/\/twitter.com\/Cunhaadv"],"url":"https:\/\/webmail.meusitejuridico.com.br\/author\/alexcunha17terra-com-br\/"}]}},"_links":{"self":[{"href":"https:\/\/webmail.meusitejuridico.com.br\/api\/wp\/v2\/posts\/2134","targetHints":{"allow":["GET"]}}],"collection":[{"href":"https:\/\/webmail.meusitejuridico.com.br\/api\/wp\/v2\/posts"}],"about":[{"href":"https:\/\/webmail.meusitejuridico.com.br\/api\/wp\/v2\/types\/post"}],"author":[{"embeddable":true,"href":"https:\/\/webmail.meusitejuridico.com.br\/api\/wp\/v2\/users\/16"}],"replies":[{"embeddable":true,"href":"https:\/\/webmail.meusitejuridico.com.br\/api\/wp\/v2\/comments?post=2134"}],"version-history":[{"count":5,"href":"https:\/\/webmail.meusitejuridico.com.br\/api\/wp\/v2\/posts\/2134\/revisions"}],"predecessor-version":[{"id":5510,"href":"https:\/\/webmail.meusitejuridico.com.br\/api\/wp\/v2\/posts\/2134\/revisions\/5510"}],"wp:featuredmedia":[{"embeddable":true,"href":"https:\/\/webmail.meusitejuridico.com.br\/api\/wp\/v2\/media\/2136"}],"wp:attachment":[{"href":"https:\/\/webmail.meusitejuridico.com.br\/api\/wp\/v2\/media?parent=2134"}],"wp:term":[{"taxonomy":"category","embeddable":true,"href":"https:\/\/webmail.meusitejuridico.com.br\/api\/wp\/v2\/categories?post=2134"},{"taxonomy":"post_tag","embeddable":true,"href":"https:\/\/webmail.meusitejuridico.com.br\/api\/wp\/v2\/tags?post=2134"}],"curies":[{"name":"wp","href":"https:\/\/api.w.org\/{rel}","templated":true}]}}