{"id":21138,"date":"2024-08-21T09:00:47","date_gmt":"2024-08-21T12:00:47","guid":{"rendered":"https:\/\/meusitejuridico.editorajuspodivm.com.br\/?p=21138"},"modified":"2024-08-21T09:00:48","modified_gmt":"2024-08-21T12:00:48","slug":"quando-acao-de-nulidade-de-registro-de-marca-sera-imprescritivel","status":"publish","type":"post","link":"https:\/\/webmail.meusitejuridico.com.br\/2024\/08\/21\/quando-acao-de-nulidade-de-registro-de-marca-sera-imprescritivel\/","title":{"rendered":"Quando a\u00e7\u00e3o de nulidade de registro de marca ser\u00e1 imprescrit\u00edvel?"},"content":{"rendered":"\n<p>A\u00e7\u00f5es de nulidade de registro de marca possuem um prazo de 5 anos para seu ajuizamento, a contar da concess\u00e3o do registro feito pelo INPI. Essa disposi\u00e7\u00e3o decorre do artigo 174 da Lei da Propriedade Industrial (LPI), cujo texto ainda estabelece que esse prazo \u00e9 prescricional, embora a doutrina seja bem clara em dizer que a natureza desse prazo \u00e9, na verdade, <strong>decadencial<\/strong>.<\/p>\n\n\n\n<p>Mas o ponto aqui \u00e9 que existe uma exce\u00e7\u00e3o, uma situa\u00e7\u00e3o bem espec\u00edfica no qual o prazo para ajuizar uma a\u00e7\u00e3o de nulidade de registro de marca ser\u00e1 imprescrit\u00edvel. \u00c9 quando: (1) o registro for uma imita\u00e7\u00e3o ou reprodu\u00e7\u00e3o de uma <strong>marca notoriamente conhecida<\/strong>; e (2) esse registro tiver sido requerido de <strong>m\u00e1-f\u00e9<\/strong>. Esses requisitos n\u00e3o est\u00e3o previstos na LPI, e sim na Conven\u00e7\u00e3o da Uni\u00e3o de Paris (CUP), cujo art. 6\u00ba <em>bis<\/em>, item 3, imp\u00f5e essa imprescritibilidade aos seus pa\u00edses membros, como o Brasil:<\/p>\n\n\n\n<blockquote class=\"wp-block-quote is-layout-flow wp-block-quote-is-layout-flow\"><p><em>Artigo 6 bis<\/em><\/p><p><em>1) <strong>Os pa\u00edses da Uni\u00e3o comprometem-se a<\/strong> recusar ou <strong>invalidar o registro<\/strong>, quer administrativamente, se a lei do pa\u00eds o permitir, quer a pedido do interessado e a proibir o uso de marca de f\u00e1brica ou de com\u00e9rcio <strong>que constitua reprodu\u00e7\u00e3o, imita\u00e7\u00e3o ou tradu\u00e7\u00e3o<\/strong>, suscet\u00edveis de estabelecer confus\u00e3o, <strong>de uma marca que a autoridade competente do pa\u00eds do registro ou do uso considere que nele \u00e9 notoriamente conhecida<\/strong> como sendo j\u00e1 marca de uma pessoa amparada pela presente Conven\u00e7\u00e3o, e utilizada para produtos id\u00eanticos ou similares. O mesmo suceder\u00e1 quando a parte essencial da marca constitui reprodu\u00e7\u00e3o de marca notoriamente conhecida ou imita\u00e7\u00e3o suscet\u00edvel de estabelecer confus\u00e3o com esta.<\/em><\/p><p><em>(&#8230;)<\/em><\/p><p><em>3) <strong>N\u00e3o ser\u00e1 fixado prazo para requerer o cancelamento ou a proibi\u00e7\u00e3o de uso de marcas registradas ou utilizadas de m\u00e1 f\u00e9<\/strong>.<\/em><\/p><\/blockquote>\n\n\n\n<p>A exist\u00eancia desses dois requisitos foi abordada com mais profundidade na obra <strong>Lei da Propriedade Industrial Interpretada: Coment\u00e1rios e Jurisprud\u00eancia<\/strong>, escrito em coautoria com a Ju\u00edza Federal Caroline Tauk. Ali tratamentos dessa excepcional situa\u00e7\u00e3o de imprescritibilidade:<\/p>\n\n\n\n<blockquote class=\"wp-block-quote is-layout-flow wp-block-quote-is-layout-flow\"><p>No entanto, a jurisprud\u00eancia admite uma hip\u00f3tese de imprescritibilidade da a\u00e7\u00e3o de nulidade de registro. \u00c9 aquela baseada no artigo 6 bis da CUP, que trata da prote\u00e7\u00e3o da marca notoriamente conhecida, vedando sua reprodu\u00e7\u00e3o, imita\u00e7\u00e3o ou tradu\u00e7\u00e3o, suscet\u00edveis de estabelecer confus\u00e3o. O par\u00e1grafo 3 de tal dispositivo estabelece que n\u00e3o ser\u00e1 fixado prazo para se requerer o cancelamento ou a proibi\u00e7\u00e3o de uso de marcas registradas ou utilizadas de m\u00e1-f\u00e9. Desse modo, s\u00e3o dois os requisitos da Conven\u00e7\u00e3o de Paris para que uma a\u00e7\u00e3o de nulidade de registro seja imprescrit\u00edvel: (1) que a marca registrada seja reprodu\u00e7\u00e3o, imita\u00e7\u00e3o ou tradu\u00e7\u00e3o, suscet\u00edvel de estabelecer confus\u00e3o com marca anterior notoriamente conhecida e (2) que o registro dessa marca tenha sido obtido de m\u00e1-f\u00e9. A inten\u00e7\u00e3o da norma \u00e9 impedir que terceiros aproveitem-se da fama de uma marca notoriamente conhecida em um ramo de atividade para registr\u00e1-las como se sua fosse, agindo em n\u00edtida m\u00e1-f\u00e9.<\/p><\/blockquote>\n\n\n\n<p>N\u00e3o se deve esquecer outros detalhes importantes para aplica\u00e7\u00e3o do 6\u00ba bis (3) da CUP. Por exemplo, o titular da marca notoriamente conhecida deve ser uma pessoa f\u00edsica ou jur\u00eddica sediada em algum dos pa\u00edses signat\u00e1rios da Conven\u00e7\u00e3o de Paris. Al\u00e9m disso, aquele que invoca tal norma deve comprovar a notoriedade da marca no Brasil (e n\u00e3o apenas no seu pa\u00eds de origem), ainda que dentro de seu ramo de mercado.<br>\u00a0<br>O STJ revisitou o assunto em 2024, ao julgar o caso da marca SPEEDO, que identifica roupas e acess\u00f3rios esportivos. De acordo com as informa\u00e7\u00f5es divulgadas no ac\u00f3rd\u00e3o, uma empresa brasileira obteve o registro dessa marca no Brasil, concedido em 1985, reproduzindo a marca SPEEDO criada pela australiana Speedo Knitting Mills Pty. Limited (REsp n. 2.061.199\/RJ, rel. Min. Raul Ara\u00fajo, 4\u00aa Turma, julgado em 18\/06\/2024 e publicado no Informativo 817\/STJ). O prazo para se requerer a nulidade do registro acabou cinco anos, em 1990, por isso era relevante saber se poderia ser aplicada a causa de imprescritibilidade da CUP, dado que a empresa estrangeira \u00e9 sediada em pa\u00eds que tamb\u00e9m \u00e9 signat\u00e1rio desse tratado internacional (a Austr\u00e1lia) e que a m\u00e1-f\u00e9 decorreria da aus\u00eancia de autoriza\u00e7\u00e3o para registro da marca no Brasil.<br>\u00a0<br>O caso \u00e9 repleto de peculiaridades, mas, para os prop\u00f3sitos desse artigo, cumpre destacar que a Corte reafirmou que para se reconhecer a imprescritibilidade da a\u00e7\u00e3o de nulidade de registro de marca \u00e9 necess\u00e1rio demonstrar a notoriedade da marca no Brasil e haver m\u00e1-f\u00e9 do registrador, sendo relevante a an\u00e1lise do comportamento das partes para tal defini\u00e7\u00e3o.<br>\u00a0<br>Saiba mais em: <a href=\"https:\/\/www.editorajuspodivm.com.br\/lei-da-propriedade-industrial-interpretada-comentarios-e-jurisprudencias-2024?idtag=a397befb-58c6-47db-97bd-a9404b73be59\" target=\"_blank\" rel=\"noreferrer noopener\">Lei da Propriedade Industrial Interpretada: Coment\u00e1rios e Jurisprud\u00eancia (2024)<\/a><\/p>\n","protected":false},"excerpt":{"rendered":"<p>A\u00e7\u00f5es de nulidade de registro de marca possuem um prazo de 5 anos para seu ajuizamento, a contar da concess\u00e3o do registro feito pelo INPI. Essa disposi\u00e7\u00e3o decorre do artigo 174 da Lei da Propriedade Industrial (LPI), cujo texto ainda estabelece que esse prazo \u00e9 prescricional, embora a doutrina seja bem clara em dizer que [&hellip;]<\/p>\n","protected":false},"author":232,"featured_media":21139,"comment_status":"open","ping_status":"open","sticky":false,"template":"","format":"standard","meta":{"_acf_changed":false,"footnotes":""},"categories":[1,2221],"tags":[4833,4835,4834],"class_list":["post-21138","post","type-post","status-publish","format-standard","has-post-thumbnail","hentry","category-artigos","category-direito-empresarial","tag-acao-de-nulidade-de-registro","tag-lei-da-propriedade-industrial","tag-registro-de-marca"],"acf":[],"yoast_head":"<!-- This site is optimized with the Yoast SEO plugin v24.8.1 - https:\/\/yoast.com\/wordpress\/plugins\/seo\/ -->\n<title>Quando a\u00e7\u00e3o de nulidade de registro de marca ser\u00e1 imprescrit\u00edvel? - Meu site jur\u00eddico<\/title>\n<meta name=\"description\" content=\"A\u00e7\u00f5es de nulidade de registro de marca possuem um prazo de 5 anos para seu ajuizamento, a contar da concess\u00e3o do registro feito pelo INPI. Essa disposi\u00e7\u00e3o decorre do artigo 174 da Lei da Propriedade Industrial (LPI), cujo texto ainda estabelece que esse prazo \u00e9 prescricional, embora a doutrina seja bem clara em dizer que a natureza desse prazo \u00e9, na verdade, decadencial.\" \/>\n<meta name=\"robots\" content=\"index, follow, max-snippet:-1, max-image-preview:large, max-video-preview:-1\" \/>\n<link rel=\"canonical\" href=\"https:\/\/meusitejuridico.editorajuspodivm.com.br\/2024\/08\/21\/quando-acao-de-nulidade-de-registro-de-marca-sera-imprescritivel\/\" \/>\n<meta property=\"og:locale\" content=\"pt_BR\" \/>\n<meta property=\"og:type\" content=\"article\" \/>\n<meta property=\"og:title\" content=\"Quando a\u00e7\u00e3o de nulidade de registro de marca ser\u00e1 imprescrit\u00edvel? - Meu site jur\u00eddico\" \/>\n<meta property=\"og:description\" content=\"A\u00e7\u00f5es de nulidade de registro de marca possuem um prazo de 5 anos para seu ajuizamento, a contar da concess\u00e3o do registro feito pelo INPI. Essa disposi\u00e7\u00e3o decorre do artigo 174 da Lei da Propriedade Industrial (LPI), cujo texto ainda estabelece que esse prazo \u00e9 prescricional, embora a doutrina seja bem clara em dizer que a natureza desse prazo \u00e9, na verdade, decadencial.\" \/>\n<meta property=\"og:url\" content=\"https:\/\/meusitejuridico.editorajuspodivm.com.br\/2024\/08\/21\/quando-acao-de-nulidade-de-registro-de-marca-sera-imprescritivel\/\" \/>\n<meta property=\"og:site_name\" content=\"Meu site jur\u00eddico\" \/>\n<meta property=\"article:published_time\" content=\"2024-08-21T12:00:47+00:00\" \/>\n<meta property=\"article:modified_time\" content=\"2024-08-21T12:00:48+00:00\" \/>\n<meta property=\"og:image\" content=\"https:\/\/meusitejuridico.editorajuspodivm.com.br\/s.meusitejuridico\/2024\/08\/fb425eaf-shutterstock-2404335173-scaled.jpg\" \/>\n\t<meta property=\"og:image:width\" content=\"2560\" \/>\n\t<meta property=\"og:image:height\" content=\"1707\" \/>\n\t<meta property=\"og:image:type\" content=\"image\/jpeg\" \/>\n<meta name=\"author\" content=\"Celso Ara\u00fajo Santos\" \/>\n<meta name=\"twitter:card\" content=\"summary_large_image\" \/>\n<meta name=\"twitter:label1\" content=\"Escrito por\" \/>\n\t<meta name=\"twitter:data1\" content=\"Celso Ara\u00fajo Santos\" \/>\n\t<meta name=\"twitter:label2\" content=\"Est. tempo de leitura\" \/>\n\t<meta name=\"twitter:data2\" content=\"4 minutos\" \/>\n<script type=\"application\/ld+json\" class=\"yoast-schema-graph\">{\"@context\":\"https:\/\/schema.org\",\"@graph\":[{\"@type\":\"Article\",\"@id\":\"https:\/\/meusitejuridico.editorajuspodivm.com.br\/2024\/08\/21\/quando-acao-de-nulidade-de-registro-de-marca-sera-imprescritivel\/#article\",\"isPartOf\":{\"@id\":\"https:\/\/meusitejuridico.editorajuspodivm.com.br\/2024\/08\/21\/quando-acao-de-nulidade-de-registro-de-marca-sera-imprescritivel\/\"},\"author\":{\"name\":\"Celso Ara\u00fajo Santos\",\"@id\":\"https:\/\/cdn.meusitejuridico.com.br\/#\/schema\/person\/f18a125a2a377fa6c3f3cde9ec21e310\"},\"headline\":\"Quando a\u00e7\u00e3o de nulidade de registro de marca ser\u00e1 imprescrit\u00edvel?\",\"datePublished\":\"2024-08-21T12:00:47+00:00\",\"dateModified\":\"2024-08-21T12:00:48+00:00\",\"mainEntityOfPage\":{\"@id\":\"https:\/\/meusitejuridico.editorajuspodivm.com.br\/2024\/08\/21\/quando-acao-de-nulidade-de-registro-de-marca-sera-imprescritivel\/\"},\"wordCount\":821,\"commentCount\":0,\"publisher\":{\"@id\":\"https:\/\/cdn.meusitejuridico.com.br\/#organization\"},\"image\":{\"@id\":\"https:\/\/meusitejuridico.editorajuspodivm.com.br\/2024\/08\/21\/quando-acao-de-nulidade-de-registro-de-marca-sera-imprescritivel\/#primaryimage\"},\"thumbnailUrl\":\"https:\/\/webmail.meusitejuridico.com.br\/s.meusitejuridico\/2024\/08\/fb425eaf-shutterstock-2404335173-scaled.jpg\",\"keywords\":[\"A\u00e7\u00e3o de nulidade de registro\",\"Lei da Propriedade Industrial\",\"Registro de marca\"],\"articleSection\":[\"Artigos\",\"Direito Empresarial\"],\"inLanguage\":\"pt-BR\",\"potentialAction\":[{\"@type\":\"CommentAction\",\"name\":\"Comment\",\"target\":[\"https:\/\/meusitejuridico.editorajuspodivm.com.br\/2024\/08\/21\/quando-acao-de-nulidade-de-registro-de-marca-sera-imprescritivel\/#respond\"]}]},{\"@type\":\"WebPage\",\"@id\":\"https:\/\/meusitejuridico.editorajuspodivm.com.br\/2024\/08\/21\/quando-acao-de-nulidade-de-registro-de-marca-sera-imprescritivel\/\",\"url\":\"https:\/\/meusitejuridico.editorajuspodivm.com.br\/2024\/08\/21\/quando-acao-de-nulidade-de-registro-de-marca-sera-imprescritivel\/\",\"name\":\"Quando a\u00e7\u00e3o de nulidade de registro de marca ser\u00e1 imprescrit\u00edvel? - Meu site jur\u00eddico\",\"isPartOf\":{\"@id\":\"https:\/\/cdn.meusitejuridico.com.br\/#website\"},\"primaryImageOfPage\":{\"@id\":\"https:\/\/meusitejuridico.editorajuspodivm.com.br\/2024\/08\/21\/quando-acao-de-nulidade-de-registro-de-marca-sera-imprescritivel\/#primaryimage\"},\"image\":{\"@id\":\"https:\/\/meusitejuridico.editorajuspodivm.com.br\/2024\/08\/21\/quando-acao-de-nulidade-de-registro-de-marca-sera-imprescritivel\/#primaryimage\"},\"thumbnailUrl\":\"https:\/\/webmail.meusitejuridico.com.br\/s.meusitejuridico\/2024\/08\/fb425eaf-shutterstock-2404335173-scaled.jpg\",\"datePublished\":\"2024-08-21T12:00:47+00:00\",\"dateModified\":\"2024-08-21T12:00:48+00:00\",\"description\":\"A\u00e7\u00f5es de nulidade de registro de marca possuem um prazo de 5 anos para seu ajuizamento, a contar da concess\u00e3o do registro feito pelo INPI. Essa disposi\u00e7\u00e3o decorre do artigo 174 da Lei da Propriedade Industrial (LPI), cujo texto ainda estabelece que esse prazo \u00e9 prescricional, embora a doutrina seja bem clara em dizer que a natureza desse prazo \u00e9, na verdade, decadencial.\",\"breadcrumb\":{\"@id\":\"https:\/\/meusitejuridico.editorajuspodivm.com.br\/2024\/08\/21\/quando-acao-de-nulidade-de-registro-de-marca-sera-imprescritivel\/#breadcrumb\"},\"inLanguage\":\"pt-BR\",\"potentialAction\":[{\"@type\":\"ReadAction\",\"target\":[\"https:\/\/meusitejuridico.editorajuspodivm.com.br\/2024\/08\/21\/quando-acao-de-nulidade-de-registro-de-marca-sera-imprescritivel\/\"]}]},{\"@type\":\"ImageObject\",\"inLanguage\":\"pt-BR\",\"@id\":\"https:\/\/meusitejuridico.editorajuspodivm.com.br\/2024\/08\/21\/quando-acao-de-nulidade-de-registro-de-marca-sera-imprescritivel\/#primaryimage\",\"url\":\"https:\/\/webmail.meusitejuridico.com.br\/s.meusitejuridico\/2024\/08\/fb425eaf-shutterstock-2404335173-scaled.jpg\",\"contentUrl\":\"https:\/\/webmail.meusitejuridico.com.br\/s.meusitejuridico\/2024\/08\/fb425eaf-shutterstock-2404335173-scaled.jpg\",\"width\":2560,\"height\":1707},{\"@type\":\"BreadcrumbList\",\"@id\":\"https:\/\/meusitejuridico.editorajuspodivm.com.br\/2024\/08\/21\/quando-acao-de-nulidade-de-registro-de-marca-sera-imprescritivel\/#breadcrumb\",\"itemListElement\":[{\"@type\":\"ListItem\",\"position\":1,\"name\":\"In\u00edcio\",\"item\":\"https:\/\/cdn.meusitejuridico.com.br\/\"},{\"@type\":\"ListItem\",\"position\":2,\"name\":\"Quando a\u00e7\u00e3o de nulidade de registro de marca ser\u00e1 imprescrit\u00edvel?\"}]},{\"@type\":\"WebSite\",\"@id\":\"https:\/\/cdn.meusitejuridico.com.br\/#website\",\"url\":\"https:\/\/cdn.meusitejuridico.com.br\/\",\"name\":\"Meu site jur\u00eddico\",\"description\":\"Meu site jur\u00eddico\",\"publisher\":{\"@id\":\"https:\/\/cdn.meusitejuridico.com.br\/#organization\"},\"potentialAction\":[{\"@type\":\"SearchAction\",\"target\":{\"@type\":\"EntryPoint\",\"urlTemplate\":\"https:\/\/cdn.meusitejuridico.com.br\/?s={search_term_string}\"},\"query-input\":{\"@type\":\"PropertyValueSpecification\",\"valueRequired\":true,\"valueName\":\"search_term_string\"}}],\"inLanguage\":\"pt-BR\"},{\"@type\":\"Organization\",\"@id\":\"https:\/\/cdn.meusitejuridico.com.br\/#organization\",\"name\":\"Meu site jur\u00eddico\",\"url\":\"https:\/\/cdn.meusitejuridico.com.br\/\",\"logo\":{\"@type\":\"ImageObject\",\"inLanguage\":\"pt-BR\",\"@id\":\"https:\/\/cdn.meusitejuridico.com.br\/#\/schema\/logo\/image\/\",\"url\":\"https:\/\/webmail.meusitejuridico.com.br\/s.meusitejuridico\/2022\/03\/cropped-baeec2a3-msj-02-01-01.png\",\"contentUrl\":\"https:\/\/webmail.meusitejuridico.com.br\/s.meusitejuridico\/2022\/03\/cropped-baeec2a3-msj-02-01-01.png\",\"width\":349,\"height\":243,\"caption\":\"Meu site jur\u00eddico\"},\"image\":{\"@id\":\"https:\/\/cdn.meusitejuridico.com.br\/#\/schema\/logo\/image\/\"}},{\"@type\":\"Person\",\"@id\":\"https:\/\/cdn.meusitejuridico.com.br\/#\/schema\/person\/f18a125a2a377fa6c3f3cde9ec21e310\",\"name\":\"Celso Ara\u00fajo Santos\",\"image\":{\"@type\":\"ImageObject\",\"inLanguage\":\"pt-BR\",\"@id\":\"https:\/\/cdn.meusitejuridico.com.br\/#\/schema\/person\/image\/\",\"url\":\"https:\/\/webmail.meusitejuridico.com.br\/s.meusitejuridico\/2024\/08\/45018370-6149-celso-araujo-santos-150x150.webp\",\"contentUrl\":\"https:\/\/webmail.meusitejuridico.com.br\/s.meusitejuridico\/2024\/08\/45018370-6149-celso-araujo-santos-150x150.webp\",\"caption\":\"Celso Ara\u00fajo Santos\"},\"description\":\"Juiz Federal, com experi\u00eancia em varas de propriedade intelectual, direito previdenci\u00e1rio e tribut\u00e1rio. Foi Defensor P\u00fablico do Estado, Analista Processual do Minist\u00e9rio P\u00fablico Federal e Advogado em S\u00e3o Paulo. Gradua\u00e7\u00e3o em Direito pela Universidade de S\u00e3o Paulo (USP), com especializa\u00e7\u00e3o em Direito Tribut\u00e1rio tamb\u00e9m pela USP. Forma\u00e7\u00e3o em cursos pela Organiza\u00e7\u00e3o Mundial da Propriedade Intelectual (OMPI), INPI e escolas de magistratura (EMARF, EMERJ, ESMAF e ENFAM). Membro da Comiss\u00e3o de Propriedade Industrial e Econ\u00f4mico da EMARF, com artigos, palestras e participa\u00e7\u00e3o em eventos de propriedade intelectual.\",\"sameAs\":[\"https:\/\/www.editorajuspodivm.com.br\/authors\/page\/view\/id\/6149\/\",\"https:\/\/www.linkedin.com\/in\/celso-arajo-santos-0124a1264\/\"],\"url\":\"https:\/\/webmail.meusitejuridico.com.br\/author\/celso-araujo-santos\/\"}]}<\/script>\n<!-- \/ Yoast SEO plugin. -->","yoast_head_json":{"title":"Quando a\u00e7\u00e3o de nulidade de registro de marca ser\u00e1 imprescrit\u00edvel? - Meu site jur\u00eddico","description":"A\u00e7\u00f5es de nulidade de registro de marca possuem um prazo de 5 anos para seu ajuizamento, a contar da concess\u00e3o do registro feito pelo INPI. Essa disposi\u00e7\u00e3o decorre do artigo 174 da Lei da Propriedade Industrial (LPI), cujo texto ainda estabelece que esse prazo \u00e9 prescricional, embora a doutrina seja bem clara em dizer que a natureza desse prazo \u00e9, na verdade, decadencial.","robots":{"index":"index","follow":"follow","max-snippet":"max-snippet:-1","max-image-preview":"max-image-preview:large","max-video-preview":"max-video-preview:-1"},"canonical":"https:\/\/meusitejuridico.editorajuspodivm.com.br\/2024\/08\/21\/quando-acao-de-nulidade-de-registro-de-marca-sera-imprescritivel\/","og_locale":"pt_BR","og_type":"article","og_title":"Quando a\u00e7\u00e3o de nulidade de registro de marca ser\u00e1 imprescrit\u00edvel? - Meu site jur\u00eddico","og_description":"A\u00e7\u00f5es de nulidade de registro de marca possuem um prazo de 5 anos para seu ajuizamento, a contar da concess\u00e3o do registro feito pelo INPI. Essa disposi\u00e7\u00e3o decorre do artigo 174 da Lei da Propriedade Industrial (LPI), cujo texto ainda estabelece que esse prazo \u00e9 prescricional, embora a doutrina seja bem clara em dizer que a natureza desse prazo \u00e9, na verdade, decadencial.","og_url":"https:\/\/meusitejuridico.editorajuspodivm.com.br\/2024\/08\/21\/quando-acao-de-nulidade-de-registro-de-marca-sera-imprescritivel\/","og_site_name":"Meu site jur\u00eddico","article_published_time":"2024-08-21T12:00:47+00:00","article_modified_time":"2024-08-21T12:00:48+00:00","og_image":[{"width":2560,"height":1707,"url":"https:\/\/meusitejuridico.editorajuspodivm.com.br\/s.meusitejuridico\/2024\/08\/fb425eaf-shutterstock-2404335173-scaled.jpg","type":"image\/jpeg"}],"author":"Celso Ara\u00fajo Santos","twitter_card":"summary_large_image","twitter_misc":{"Escrito por":"Celso Ara\u00fajo Santos","Est. tempo de leitura":"4 minutos"},"schema":{"@context":"https:\/\/schema.org","@graph":[{"@type":"Article","@id":"https:\/\/meusitejuridico.editorajuspodivm.com.br\/2024\/08\/21\/quando-acao-de-nulidade-de-registro-de-marca-sera-imprescritivel\/#article","isPartOf":{"@id":"https:\/\/meusitejuridico.editorajuspodivm.com.br\/2024\/08\/21\/quando-acao-de-nulidade-de-registro-de-marca-sera-imprescritivel\/"},"author":{"name":"Celso Ara\u00fajo Santos","@id":"https:\/\/cdn.meusitejuridico.com.br\/#\/schema\/person\/f18a125a2a377fa6c3f3cde9ec21e310"},"headline":"Quando a\u00e7\u00e3o de nulidade de registro de marca ser\u00e1 imprescrit\u00edvel?","datePublished":"2024-08-21T12:00:47+00:00","dateModified":"2024-08-21T12:00:48+00:00","mainEntityOfPage":{"@id":"https:\/\/meusitejuridico.editorajuspodivm.com.br\/2024\/08\/21\/quando-acao-de-nulidade-de-registro-de-marca-sera-imprescritivel\/"},"wordCount":821,"commentCount":0,"publisher":{"@id":"https:\/\/cdn.meusitejuridico.com.br\/#organization"},"image":{"@id":"https:\/\/meusitejuridico.editorajuspodivm.com.br\/2024\/08\/21\/quando-acao-de-nulidade-de-registro-de-marca-sera-imprescritivel\/#primaryimage"},"thumbnailUrl":"https:\/\/webmail.meusitejuridico.com.br\/s.meusitejuridico\/2024\/08\/fb425eaf-shutterstock-2404335173-scaled.jpg","keywords":["A\u00e7\u00e3o de nulidade de registro","Lei da Propriedade Industrial","Registro de marca"],"articleSection":["Artigos","Direito Empresarial"],"inLanguage":"pt-BR","potentialAction":[{"@type":"CommentAction","name":"Comment","target":["https:\/\/meusitejuridico.editorajuspodivm.com.br\/2024\/08\/21\/quando-acao-de-nulidade-de-registro-de-marca-sera-imprescritivel\/#respond"]}]},{"@type":"WebPage","@id":"https:\/\/meusitejuridico.editorajuspodivm.com.br\/2024\/08\/21\/quando-acao-de-nulidade-de-registro-de-marca-sera-imprescritivel\/","url":"https:\/\/meusitejuridico.editorajuspodivm.com.br\/2024\/08\/21\/quando-acao-de-nulidade-de-registro-de-marca-sera-imprescritivel\/","name":"Quando a\u00e7\u00e3o de nulidade de registro de marca ser\u00e1 imprescrit\u00edvel? - Meu site jur\u00eddico","isPartOf":{"@id":"https:\/\/cdn.meusitejuridico.com.br\/#website"},"primaryImageOfPage":{"@id":"https:\/\/meusitejuridico.editorajuspodivm.com.br\/2024\/08\/21\/quando-acao-de-nulidade-de-registro-de-marca-sera-imprescritivel\/#primaryimage"},"image":{"@id":"https:\/\/meusitejuridico.editorajuspodivm.com.br\/2024\/08\/21\/quando-acao-de-nulidade-de-registro-de-marca-sera-imprescritivel\/#primaryimage"},"thumbnailUrl":"https:\/\/webmail.meusitejuridico.com.br\/s.meusitejuridico\/2024\/08\/fb425eaf-shutterstock-2404335173-scaled.jpg","datePublished":"2024-08-21T12:00:47+00:00","dateModified":"2024-08-21T12:00:48+00:00","description":"A\u00e7\u00f5es de nulidade de registro de marca possuem um prazo de 5 anos para seu ajuizamento, a contar da concess\u00e3o do registro feito pelo INPI. Essa disposi\u00e7\u00e3o decorre do artigo 174 da Lei da Propriedade Industrial (LPI), cujo texto ainda estabelece que esse prazo \u00e9 prescricional, embora a doutrina seja bem clara em dizer que a natureza desse prazo \u00e9, na verdade, decadencial.","breadcrumb":{"@id":"https:\/\/meusitejuridico.editorajuspodivm.com.br\/2024\/08\/21\/quando-acao-de-nulidade-de-registro-de-marca-sera-imprescritivel\/#breadcrumb"},"inLanguage":"pt-BR","potentialAction":[{"@type":"ReadAction","target":["https:\/\/meusitejuridico.editorajuspodivm.com.br\/2024\/08\/21\/quando-acao-de-nulidade-de-registro-de-marca-sera-imprescritivel\/"]}]},{"@type":"ImageObject","inLanguage":"pt-BR","@id":"https:\/\/meusitejuridico.editorajuspodivm.com.br\/2024\/08\/21\/quando-acao-de-nulidade-de-registro-de-marca-sera-imprescritivel\/#primaryimage","url":"https:\/\/webmail.meusitejuridico.com.br\/s.meusitejuridico\/2024\/08\/fb425eaf-shutterstock-2404335173-scaled.jpg","contentUrl":"https:\/\/webmail.meusitejuridico.com.br\/s.meusitejuridico\/2024\/08\/fb425eaf-shutterstock-2404335173-scaled.jpg","width":2560,"height":1707},{"@type":"BreadcrumbList","@id":"https:\/\/meusitejuridico.editorajuspodivm.com.br\/2024\/08\/21\/quando-acao-de-nulidade-de-registro-de-marca-sera-imprescritivel\/#breadcrumb","itemListElement":[{"@type":"ListItem","position":1,"name":"In\u00edcio","item":"https:\/\/cdn.meusitejuridico.com.br\/"},{"@type":"ListItem","position":2,"name":"Quando a\u00e7\u00e3o de nulidade de registro de marca ser\u00e1 imprescrit\u00edvel?"}]},{"@type":"WebSite","@id":"https:\/\/cdn.meusitejuridico.com.br\/#website","url":"https:\/\/cdn.meusitejuridico.com.br\/","name":"Meu site jur\u00eddico","description":"Meu site jur\u00eddico","publisher":{"@id":"https:\/\/cdn.meusitejuridico.com.br\/#organization"},"potentialAction":[{"@type":"SearchAction","target":{"@type":"EntryPoint","urlTemplate":"https:\/\/cdn.meusitejuridico.com.br\/?s={search_term_string}"},"query-input":{"@type":"PropertyValueSpecification","valueRequired":true,"valueName":"search_term_string"}}],"inLanguage":"pt-BR"},{"@type":"Organization","@id":"https:\/\/cdn.meusitejuridico.com.br\/#organization","name":"Meu site jur\u00eddico","url":"https:\/\/cdn.meusitejuridico.com.br\/","logo":{"@type":"ImageObject","inLanguage":"pt-BR","@id":"https:\/\/cdn.meusitejuridico.com.br\/#\/schema\/logo\/image\/","url":"https:\/\/webmail.meusitejuridico.com.br\/s.meusitejuridico\/2022\/03\/cropped-baeec2a3-msj-02-01-01.png","contentUrl":"https:\/\/webmail.meusitejuridico.com.br\/s.meusitejuridico\/2022\/03\/cropped-baeec2a3-msj-02-01-01.png","width":349,"height":243,"caption":"Meu site jur\u00eddico"},"image":{"@id":"https:\/\/cdn.meusitejuridico.com.br\/#\/schema\/logo\/image\/"}},{"@type":"Person","@id":"https:\/\/cdn.meusitejuridico.com.br\/#\/schema\/person\/f18a125a2a377fa6c3f3cde9ec21e310","name":"Celso Ara\u00fajo Santos","image":{"@type":"ImageObject","inLanguage":"pt-BR","@id":"https:\/\/cdn.meusitejuridico.com.br\/#\/schema\/person\/image\/","url":"https:\/\/webmail.meusitejuridico.com.br\/s.meusitejuridico\/2024\/08\/45018370-6149-celso-araujo-santos-150x150.webp","contentUrl":"https:\/\/webmail.meusitejuridico.com.br\/s.meusitejuridico\/2024\/08\/45018370-6149-celso-araujo-santos-150x150.webp","caption":"Celso Ara\u00fajo Santos"},"description":"Juiz Federal, com experi\u00eancia em varas de propriedade intelectual, direito previdenci\u00e1rio e tribut\u00e1rio. Foi Defensor P\u00fablico do Estado, Analista Processual do Minist\u00e9rio P\u00fablico Federal e Advogado em S\u00e3o Paulo. Gradua\u00e7\u00e3o em Direito pela Universidade de S\u00e3o Paulo (USP), com especializa\u00e7\u00e3o em Direito Tribut\u00e1rio tamb\u00e9m pela USP. Forma\u00e7\u00e3o em cursos pela Organiza\u00e7\u00e3o Mundial da Propriedade Intelectual (OMPI), INPI e escolas de magistratura (EMARF, EMERJ, ESMAF e ENFAM). Membro da Comiss\u00e3o de Propriedade Industrial e Econ\u00f4mico da EMARF, com artigos, palestras e participa\u00e7\u00e3o em eventos de propriedade intelectual.","sameAs":["https:\/\/www.editorajuspodivm.com.br\/authors\/page\/view\/id\/6149\/","https:\/\/www.linkedin.com\/in\/celso-arajo-santos-0124a1264\/"],"url":"https:\/\/webmail.meusitejuridico.com.br\/author\/celso-araujo-santos\/"}]}},"_links":{"self":[{"href":"https:\/\/webmail.meusitejuridico.com.br\/api\/wp\/v2\/posts\/21138","targetHints":{"allow":["GET"]}}],"collection":[{"href":"https:\/\/webmail.meusitejuridico.com.br\/api\/wp\/v2\/posts"}],"about":[{"href":"https:\/\/webmail.meusitejuridico.com.br\/api\/wp\/v2\/types\/post"}],"author":[{"embeddable":true,"href":"https:\/\/webmail.meusitejuridico.com.br\/api\/wp\/v2\/users\/232"}],"replies":[{"embeddable":true,"href":"https:\/\/webmail.meusitejuridico.com.br\/api\/wp\/v2\/comments?post=21138"}],"version-history":[{"count":1,"href":"https:\/\/webmail.meusitejuridico.com.br\/api\/wp\/v2\/posts\/21138\/revisions"}],"predecessor-version":[{"id":21140,"href":"https:\/\/webmail.meusitejuridico.com.br\/api\/wp\/v2\/posts\/21138\/revisions\/21140"}],"wp:featuredmedia":[{"embeddable":true,"href":"https:\/\/webmail.meusitejuridico.com.br\/api\/wp\/v2\/media\/21139"}],"wp:attachment":[{"href":"https:\/\/webmail.meusitejuridico.com.br\/api\/wp\/v2\/media?parent=21138"}],"wp:term":[{"taxonomy":"category","embeddable":true,"href":"https:\/\/webmail.meusitejuridico.com.br\/api\/wp\/v2\/categories?post=21138"},{"taxonomy":"post_tag","embeddable":true,"href":"https:\/\/webmail.meusitejuridico.com.br\/api\/wp\/v2\/tags?post=21138"}],"curies":[{"name":"wp","href":"https:\/\/api.w.org\/{rel}","templated":true}]}}