{"id":20874,"date":"2024-07-09T13:11:21","date_gmt":"2024-07-09T16:11:21","guid":{"rendered":"https:\/\/meusitejuridico.editorajuspodivm.com.br\/?p=20874"},"modified":"2024-07-09T13:11:23","modified_gmt":"2024-07-09T16:11:23","slug":"resumo-informativo-1-142-do-stf-de-28-de-junho-de-2024","status":"publish","type":"post","link":"https:\/\/webmail.meusitejuridico.com.br\/2024\/07\/09\/resumo-informativo-1-142-do-stf-de-28-de-junho-de-2024\/","title":{"rendered":"Resumo &#8211; Informativo 1.142 do STF, de 28 de junho de 2024"},"content":{"rendered":"\n<p><strong>PLEN\u00c1RIO<\/strong><strong><\/strong><\/p>\n\n\n\n<p>&#8211; \u00c9 inconstitucional \u2014 por violar a compet\u00eancia privativa da Uni\u00e3o para legislar sobre direito penal e processual penal (CF\/1988, art. 22, I), o sistema acusat\u00f3rio e o princ\u00edpio da isonomia (CF\/1988, art. 5\u00ba, caput e LIII) \u2014 norma de Constitui\u00e7\u00e3o estadual que condiciona \u00e0 pr\u00e9via autoriza\u00e7\u00e3o judicial, mediante decis\u00e3o fundamentada da maioria absoluta do \u00f3rg\u00e3o especial do respectivo tribunal de justi\u00e7a, o pedido de medida cautelar para fins de investiga\u00e7\u00e3o criminal ou instru\u00e7\u00e3o processual penal em desfavor de autoridades com foro por prerrogativa de fun\u00e7\u00e3o \u2013 <strong>ADI 7.496 MC-Ref\/GO<\/strong>, julgamento virtual finalizado em 21\/6\/2024.<\/p>\n\n\n\n<p>&#8211; \u00c9 vedada a exclus\u00e3o, com fundamento na tese das \u201cparcelas \u00ednfimas ou impag\u00e1veis\u201d, de contribuintes do \u201cRefis I\u201d, os quais, aceitos no parcelamento, vinham adimplindo-o em estrita conformidade com as normas existentes do programa, at\u00e9 o definitivo julgamento desta a\u00e7\u00e3o, devendo-se determinar a reinclus\u00e3o dos contribuintes adimplentes e de boa-f\u00e9, que, desde a ades\u00e3o ao referido parcelamento, permaneceram apurando e recolhendo aos cofres p\u00fablicos os valores devidos, at\u00e9 o exame do m\u00e9rito \u2013 <strong>ADI 7.370 MC-Ref\/DF<\/strong>, julgamento virtual finalizado em 21\/6\/2024.<\/p>\n\n\n\n<p>_____________________<\/p>\n\n\n\n<p><strong>Telegram<\/strong>:<strong>&nbsp;<\/strong><a href=\"https:\/\/t.me\/pilulasjuridicasSTFSTJ\" target=\"_blank\" rel=\"noreferrer noopener\"><strong>https:\/\/t.me\/pilulasjuridicasSTFSTJ<\/strong><\/a><strong>&nbsp;| Instagram: @rodrigocrleite<\/strong><\/p>\n","protected":false},"excerpt":{"rendered":"<p>PLEN\u00c1RIO &#8211; \u00c9 inconstitucional \u2014 por violar a compet\u00eancia privativa da Uni\u00e3o para legislar sobre direito penal e processual penal (CF\/1988, art. 22, I), o sistema acusat\u00f3rio e o princ\u00edpio da isonomia (CF\/1988, art. 5\u00ba, caput e LIII) \u2014 norma de Constitui\u00e7\u00e3o estadual que condiciona \u00e0 pr\u00e9via autoriza\u00e7\u00e3o judicial, mediante decis\u00e3o fundamentada da maioria absoluta [&hellip;]<\/p>\n","protected":false},"author":131,"featured_media":1498,"comment_status":"open","ping_status":"open","sticky":false,"template":"","format":"standard","meta":{"_acf_changed":false,"footnotes":""},"categories":[70],"tags":[],"class_list":["post-20874","post","type-post","status-publish","format-standard","has-post-thumbnail","hentry","category-informativos-comentados"],"acf":[],"yoast_head":"<!-- This site is optimized with the Yoast SEO plugin v24.8.1 - https:\/\/yoast.com\/wordpress\/plugins\/seo\/ -->\n<title>Resumo - Informativo 1.142 do STF, de 28 de junho de 2024 - Meu site jur\u00eddico<\/title>\n<meta name=\"robots\" content=\"index, follow, max-snippet:-1, max-image-preview:large, max-video-preview:-1\" \/>\n<link rel=\"canonical\" href=\"https:\/\/cdn.meusitejuridico.com.br\/2024\/07\/09\/resumo-informativo-1-142-do-stf-de-28-de-junho-de-2024\/\" \/>\n<meta property=\"og:locale\" content=\"pt_BR\" \/>\n<meta property=\"og:type\" content=\"article\" \/>\n<meta property=\"og:title\" content=\"Resumo - Informativo 1.142 do STF, de 28 de junho de 2024 - Meu site jur\u00eddico\" \/>\n<meta property=\"og:description\" content=\"PLEN\u00c1RIO &#8211; \u00c9 inconstitucional \u2014 por violar a compet\u00eancia privativa da Uni\u00e3o para legislar sobre direito penal e processual penal (CF\/1988, art. 22, I), o sistema acusat\u00f3rio e o princ\u00edpio da isonomia (CF\/1988, art. 5\u00ba, caput e LIII) \u2014 norma de Constitui\u00e7\u00e3o estadual que condiciona \u00e0 pr\u00e9via autoriza\u00e7\u00e3o judicial, mediante decis\u00e3o fundamentada da maioria absoluta [&hellip;]\" \/>\n<meta property=\"og:url\" content=\"https:\/\/cdn.meusitejuridico.com.br\/2024\/07\/09\/resumo-informativo-1-142-do-stf-de-28-de-junho-de-2024\/\" \/>\n<meta property=\"og:site_name\" content=\"Meu site jur\u00eddico\" \/>\n<meta property=\"article:published_time\" content=\"2024-07-09T16:11:21+00:00\" \/>\n<meta property=\"article:modified_time\" content=\"2024-07-09T16:11:23+00:00\" \/>\n<meta property=\"og:image\" content=\"https:\/\/cdn.meusitejuridico.com.br\/s.meusitejuridico\/2017\/03\/1793f6ca-8.jpg\" \/>\n\t<meta property=\"og:image:width\" content=\"1920\" \/>\n\t<meta property=\"og:image:height\" content=\"1255\" \/>\n\t<meta property=\"og:image:type\" content=\"image\/jpeg\" \/>\n<meta name=\"author\" content=\"Rodrigo Leite\" \/>\n<meta name=\"twitter:card\" content=\"summary_large_image\" \/>\n<meta name=\"twitter:creator\" content=\"@rodrigocrleite\" \/>\n<meta name=\"twitter:label1\" content=\"Escrito por\" \/>\n\t<meta name=\"twitter:data1\" content=\"Rodrigo Leite\" \/>\n\t<meta name=\"twitter:label2\" content=\"Est. tempo de leitura\" \/>\n\t<meta name=\"twitter:data2\" content=\"1 minuto\" \/>\n<script type=\"application\/ld+json\" class=\"yoast-schema-graph\">{\"@context\":\"https:\/\/schema.org\",\"@graph\":[{\"@type\":\"Article\",\"@id\":\"https:\/\/cdn.meusitejuridico.com.br\/2024\/07\/09\/resumo-informativo-1-142-do-stf-de-28-de-junho-de-2024\/#article\",\"isPartOf\":{\"@id\":\"https:\/\/cdn.meusitejuridico.com.br\/2024\/07\/09\/resumo-informativo-1-142-do-stf-de-28-de-junho-de-2024\/\"},\"author\":{\"name\":\"Rodrigo Leite\",\"@id\":\"https:\/\/meusitejuridico.editorajuspodivm.com.br\/#\/schema\/person\/ae56313f17950dccef13d0989efd6d50\"},\"headline\":\"Resumo &#8211; Informativo 1.142 do STF, de 28 de junho de 2024\",\"datePublished\":\"2024-07-09T16:11:21+00:00\",\"dateModified\":\"2024-07-09T16:11:23+00:00\",\"mainEntityOfPage\":{\"@id\":\"https:\/\/cdn.meusitejuridico.com.br\/2024\/07\/09\/resumo-informativo-1-142-do-stf-de-28-de-junho-de-2024\/\"},\"wordCount\":206,\"commentCount\":0,\"publisher\":{\"@id\":\"https:\/\/meusitejuridico.editorajuspodivm.com.br\/#organization\"},\"image\":{\"@id\":\"https:\/\/cdn.meusitejuridico.com.br\/2024\/07\/09\/resumo-informativo-1-142-do-stf-de-28-de-junho-de-2024\/#primaryimage\"},\"thumbnailUrl\":\"https:\/\/webmail.meusitejuridico.com.br\/s.meusitejuridico\/2017\/03\/1793f6ca-8.jpg\",\"articleSection\":[\"Informativos\"],\"inLanguage\":\"pt-BR\",\"potentialAction\":[{\"@type\":\"CommentAction\",\"name\":\"Comment\",\"target\":[\"https:\/\/cdn.meusitejuridico.com.br\/2024\/07\/09\/resumo-informativo-1-142-do-stf-de-28-de-junho-de-2024\/#respond\"]}]},{\"@type\":\"WebPage\",\"@id\":\"https:\/\/cdn.meusitejuridico.com.br\/2024\/07\/09\/resumo-informativo-1-142-do-stf-de-28-de-junho-de-2024\/\",\"url\":\"https:\/\/cdn.meusitejuridico.com.br\/2024\/07\/09\/resumo-informativo-1-142-do-stf-de-28-de-junho-de-2024\/\",\"name\":\"Resumo - Informativo 1.142 do STF, de 28 de junho de 2024 - Meu site jur\u00eddico\",\"isPartOf\":{\"@id\":\"https:\/\/meusitejuridico.editorajuspodivm.com.br\/#website\"},\"primaryImageOfPage\":{\"@id\":\"https:\/\/cdn.meusitejuridico.com.br\/2024\/07\/09\/resumo-informativo-1-142-do-stf-de-28-de-junho-de-2024\/#primaryimage\"},\"image\":{\"@id\":\"https:\/\/cdn.meusitejuridico.com.br\/2024\/07\/09\/resumo-informativo-1-142-do-stf-de-28-de-junho-de-2024\/#primaryimage\"},\"thumbnailUrl\":\"https:\/\/webmail.meusitejuridico.com.br\/s.meusitejuridico\/2017\/03\/1793f6ca-8.jpg\",\"datePublished\":\"2024-07-09T16:11:21+00:00\",\"dateModified\":\"2024-07-09T16:11:23+00:00\",\"breadcrumb\":{\"@id\":\"https:\/\/cdn.meusitejuridico.com.br\/2024\/07\/09\/resumo-informativo-1-142-do-stf-de-28-de-junho-de-2024\/#breadcrumb\"},\"inLanguage\":\"pt-BR\",\"potentialAction\":[{\"@type\":\"ReadAction\",\"target\":[\"https:\/\/cdn.meusitejuridico.com.br\/2024\/07\/09\/resumo-informativo-1-142-do-stf-de-28-de-junho-de-2024\/\"]}]},{\"@type\":\"ImageObject\",\"inLanguage\":\"pt-BR\",\"@id\":\"https:\/\/cdn.meusitejuridico.com.br\/2024\/07\/09\/resumo-informativo-1-142-do-stf-de-28-de-junho-de-2024\/#primaryimage\",\"url\":\"https:\/\/webmail.meusitejuridico.com.br\/s.meusitejuridico\/2017\/03\/1793f6ca-8.jpg\",\"contentUrl\":\"https:\/\/webmail.meusitejuridico.com.br\/s.meusitejuridico\/2017\/03\/1793f6ca-8.jpg\",\"width\":1920,\"height\":1255},{\"@type\":\"BreadcrumbList\",\"@id\":\"https:\/\/cdn.meusitejuridico.com.br\/2024\/07\/09\/resumo-informativo-1-142-do-stf-de-28-de-junho-de-2024\/#breadcrumb\",\"itemListElement\":[{\"@type\":\"ListItem\",\"position\":1,\"name\":\"In\u00edcio\",\"item\":\"https:\/\/meusitejuridico.editorajuspodivm.com.br\/\"},{\"@type\":\"ListItem\",\"position\":2,\"name\":\"Resumo &#8211; Informativo 1.142 do STF, de 28 de junho de 2024\"}]},{\"@type\":\"WebSite\",\"@id\":\"https:\/\/meusitejuridico.editorajuspodivm.com.br\/#website\",\"url\":\"https:\/\/meusitejuridico.editorajuspodivm.com.br\/\",\"name\":\"Meu site jur\u00eddico\",\"description\":\"Meu site jur\u00eddico\",\"publisher\":{\"@id\":\"https:\/\/meusitejuridico.editorajuspodivm.com.br\/#organization\"},\"potentialAction\":[{\"@type\":\"SearchAction\",\"target\":{\"@type\":\"EntryPoint\",\"urlTemplate\":\"https:\/\/meusitejuridico.editorajuspodivm.com.br\/?s={search_term_string}\"},\"query-input\":{\"@type\":\"PropertyValueSpecification\",\"valueRequired\":true,\"valueName\":\"search_term_string\"}}],\"inLanguage\":\"pt-BR\"},{\"@type\":\"Organization\",\"@id\":\"https:\/\/meusitejuridico.editorajuspodivm.com.br\/#organization\",\"name\":\"Meu site jur\u00eddico\",\"url\":\"https:\/\/meusitejuridico.editorajuspodivm.com.br\/\",\"logo\":{\"@type\":\"ImageObject\",\"inLanguage\":\"pt-BR\",\"@id\":\"https:\/\/meusitejuridico.editorajuspodivm.com.br\/#\/schema\/logo\/image\/\",\"url\":\"https:\/\/webmail.meusitejuridico.com.br\/s.meusitejuridico\/2022\/03\/cropped-baeec2a3-msj-02-01-01.png\",\"contentUrl\":\"https:\/\/webmail.meusitejuridico.com.br\/s.meusitejuridico\/2022\/03\/cropped-baeec2a3-msj-02-01-01.png\",\"width\":349,\"height\":243,\"caption\":\"Meu site jur\u00eddico\"},\"image\":{\"@id\":\"https:\/\/meusitejuridico.editorajuspodivm.com.br\/#\/schema\/logo\/image\/\"}},{\"@type\":\"Person\",\"@id\":\"https:\/\/meusitejuridico.editorajuspodivm.com.br\/#\/schema\/person\/ae56313f17950dccef13d0989efd6d50\",\"name\":\"Rodrigo Leite\",\"image\":{\"@type\":\"ImageObject\",\"inLanguage\":\"pt-BR\",\"@id\":\"https:\/\/meusitejuridico.editorajuspodivm.com.br\/#\/schema\/person\/image\/\",\"url\":\"https:\/\/webmail.meusitejuridico.com.br\/s.meusitejuridico\/2021\/05\/8455192b-foto-site-rodrigo-leite-150x150.jpeg\",\"contentUrl\":\"https:\/\/webmail.meusitejuridico.com.br\/s.meusitejuridico\/2021\/05\/8455192b-foto-site-rodrigo-leite-150x150.jpeg\",\"caption\":\"Rodrigo Leite\"},\"description\":\"Coautor do livro \u201cAn\u00e1lise das Diverg\u00eancias Jurisprudenciais no STF e STJ\u201d, Editora Juspodivm. Autor do livro \u201cTombamento \u2013 Vol. 36 \u2013 Cole\u00e7\u00e3o Leis Especiais para Concursos\u201d, Editora Juspodivm. Autor do livro \u201cDesapropria\u00e7\u00e3o \u2013 Vol. 39 \u2013 Cole\u00e7\u00e3o Especiais para Concursos\u201d, Editora Juspodivm. Coautor do livro \u201cSaberes Jurisprudenciais\u201d, Editora Saraiva. Coorganizador do livro \u201cCPC na Jurisprud\u00eancia\\\", Editora Foco. Especialista em Direito P\u00fablico e Direito Processual Civil. Mestre em Direito Constitucional. Professor da P\u00f3s-gradua\u00e7\u00e3o em Direito Civil da Rede Anhaguera-Kroton. M\u00e1ster Universit\u00e1rio em Direito Constitucional pela Universidad Del Pa\u00eds Vasco, San Sebasti\u00e1n, Espanha. Advogado licenciado. Analista Judici\u00e1rio do TJRN. Assessor de Desembargador do TJRN.\",\"sameAs\":[\"https:\/\/www.editorajuspodivm.com.br\/autores\/detalhe\/85\",\"https:\/\/www.instagram.com\/rodrigocrleite\/\",\"https:\/\/x.com\/rodrigocrleite\"],\"url\":\"https:\/\/webmail.meusitejuridico.com.br\/author\/rodrigoleiterodrigoleite\/\"}]}<\/script>\n<!-- \/ Yoast SEO plugin. -->","yoast_head_json":{"title":"Resumo - Informativo 1.142 do STF, de 28 de junho de 2024 - Meu site jur\u00eddico","robots":{"index":"index","follow":"follow","max-snippet":"max-snippet:-1","max-image-preview":"max-image-preview:large","max-video-preview":"max-video-preview:-1"},"canonical":"https:\/\/cdn.meusitejuridico.com.br\/2024\/07\/09\/resumo-informativo-1-142-do-stf-de-28-de-junho-de-2024\/","og_locale":"pt_BR","og_type":"article","og_title":"Resumo - Informativo 1.142 do STF, de 28 de junho de 2024 - Meu site jur\u00eddico","og_description":"PLEN\u00c1RIO &#8211; \u00c9 inconstitucional \u2014 por violar a compet\u00eancia privativa da Uni\u00e3o para legislar sobre direito penal e processual penal (CF\/1988, art. 22, I), o sistema acusat\u00f3rio e o princ\u00edpio da isonomia (CF\/1988, art. 5\u00ba, caput e LIII) \u2014 norma de Constitui\u00e7\u00e3o estadual que condiciona \u00e0 pr\u00e9via autoriza\u00e7\u00e3o judicial, mediante decis\u00e3o fundamentada da maioria absoluta [&hellip;]","og_url":"https:\/\/cdn.meusitejuridico.com.br\/2024\/07\/09\/resumo-informativo-1-142-do-stf-de-28-de-junho-de-2024\/","og_site_name":"Meu site jur\u00eddico","article_published_time":"2024-07-09T16:11:21+00:00","article_modified_time":"2024-07-09T16:11:23+00:00","og_image":[{"width":1920,"height":1255,"url":"https:\/\/cdn.meusitejuridico.com.br\/s.meusitejuridico\/2017\/03\/1793f6ca-8.jpg","type":"image\/jpeg"}],"author":"Rodrigo Leite","twitter_card":"summary_large_image","twitter_creator":"@rodrigocrleite","twitter_misc":{"Escrito por":"Rodrigo Leite","Est. tempo de leitura":"1 minuto"},"schema":{"@context":"https:\/\/schema.org","@graph":[{"@type":"Article","@id":"https:\/\/cdn.meusitejuridico.com.br\/2024\/07\/09\/resumo-informativo-1-142-do-stf-de-28-de-junho-de-2024\/#article","isPartOf":{"@id":"https:\/\/cdn.meusitejuridico.com.br\/2024\/07\/09\/resumo-informativo-1-142-do-stf-de-28-de-junho-de-2024\/"},"author":{"name":"Rodrigo Leite","@id":"https:\/\/meusitejuridico.editorajuspodivm.com.br\/#\/schema\/person\/ae56313f17950dccef13d0989efd6d50"},"headline":"Resumo &#8211; Informativo 1.142 do STF, de 28 de junho de 2024","datePublished":"2024-07-09T16:11:21+00:00","dateModified":"2024-07-09T16:11:23+00:00","mainEntityOfPage":{"@id":"https:\/\/cdn.meusitejuridico.com.br\/2024\/07\/09\/resumo-informativo-1-142-do-stf-de-28-de-junho-de-2024\/"},"wordCount":206,"commentCount":0,"publisher":{"@id":"https:\/\/meusitejuridico.editorajuspodivm.com.br\/#organization"},"image":{"@id":"https:\/\/cdn.meusitejuridico.com.br\/2024\/07\/09\/resumo-informativo-1-142-do-stf-de-28-de-junho-de-2024\/#primaryimage"},"thumbnailUrl":"https:\/\/webmail.meusitejuridico.com.br\/s.meusitejuridico\/2017\/03\/1793f6ca-8.jpg","articleSection":["Informativos"],"inLanguage":"pt-BR","potentialAction":[{"@type":"CommentAction","name":"Comment","target":["https:\/\/cdn.meusitejuridico.com.br\/2024\/07\/09\/resumo-informativo-1-142-do-stf-de-28-de-junho-de-2024\/#respond"]}]},{"@type":"WebPage","@id":"https:\/\/cdn.meusitejuridico.com.br\/2024\/07\/09\/resumo-informativo-1-142-do-stf-de-28-de-junho-de-2024\/","url":"https:\/\/cdn.meusitejuridico.com.br\/2024\/07\/09\/resumo-informativo-1-142-do-stf-de-28-de-junho-de-2024\/","name":"Resumo - Informativo 1.142 do STF, de 28 de junho de 2024 - Meu site jur\u00eddico","isPartOf":{"@id":"https:\/\/meusitejuridico.editorajuspodivm.com.br\/#website"},"primaryImageOfPage":{"@id":"https:\/\/cdn.meusitejuridico.com.br\/2024\/07\/09\/resumo-informativo-1-142-do-stf-de-28-de-junho-de-2024\/#primaryimage"},"image":{"@id":"https:\/\/cdn.meusitejuridico.com.br\/2024\/07\/09\/resumo-informativo-1-142-do-stf-de-28-de-junho-de-2024\/#primaryimage"},"thumbnailUrl":"https:\/\/webmail.meusitejuridico.com.br\/s.meusitejuridico\/2017\/03\/1793f6ca-8.jpg","datePublished":"2024-07-09T16:11:21+00:00","dateModified":"2024-07-09T16:11:23+00:00","breadcrumb":{"@id":"https:\/\/cdn.meusitejuridico.com.br\/2024\/07\/09\/resumo-informativo-1-142-do-stf-de-28-de-junho-de-2024\/#breadcrumb"},"inLanguage":"pt-BR","potentialAction":[{"@type":"ReadAction","target":["https:\/\/cdn.meusitejuridico.com.br\/2024\/07\/09\/resumo-informativo-1-142-do-stf-de-28-de-junho-de-2024\/"]}]},{"@type":"ImageObject","inLanguage":"pt-BR","@id":"https:\/\/cdn.meusitejuridico.com.br\/2024\/07\/09\/resumo-informativo-1-142-do-stf-de-28-de-junho-de-2024\/#primaryimage","url":"https:\/\/webmail.meusitejuridico.com.br\/s.meusitejuridico\/2017\/03\/1793f6ca-8.jpg","contentUrl":"https:\/\/webmail.meusitejuridico.com.br\/s.meusitejuridico\/2017\/03\/1793f6ca-8.jpg","width":1920,"height":1255},{"@type":"BreadcrumbList","@id":"https:\/\/cdn.meusitejuridico.com.br\/2024\/07\/09\/resumo-informativo-1-142-do-stf-de-28-de-junho-de-2024\/#breadcrumb","itemListElement":[{"@type":"ListItem","position":1,"name":"In\u00edcio","item":"https:\/\/meusitejuridico.editorajuspodivm.com.br\/"},{"@type":"ListItem","position":2,"name":"Resumo &#8211; Informativo 1.142 do STF, de 28 de junho de 2024"}]},{"@type":"WebSite","@id":"https:\/\/meusitejuridico.editorajuspodivm.com.br\/#website","url":"https:\/\/meusitejuridico.editorajuspodivm.com.br\/","name":"Meu site jur\u00eddico","description":"Meu site jur\u00eddico","publisher":{"@id":"https:\/\/meusitejuridico.editorajuspodivm.com.br\/#organization"},"potentialAction":[{"@type":"SearchAction","target":{"@type":"EntryPoint","urlTemplate":"https:\/\/meusitejuridico.editorajuspodivm.com.br\/?s={search_term_string}"},"query-input":{"@type":"PropertyValueSpecification","valueRequired":true,"valueName":"search_term_string"}}],"inLanguage":"pt-BR"},{"@type":"Organization","@id":"https:\/\/meusitejuridico.editorajuspodivm.com.br\/#organization","name":"Meu site jur\u00eddico","url":"https:\/\/meusitejuridico.editorajuspodivm.com.br\/","logo":{"@type":"ImageObject","inLanguage":"pt-BR","@id":"https:\/\/meusitejuridico.editorajuspodivm.com.br\/#\/schema\/logo\/image\/","url":"https:\/\/webmail.meusitejuridico.com.br\/s.meusitejuridico\/2022\/03\/cropped-baeec2a3-msj-02-01-01.png","contentUrl":"https:\/\/webmail.meusitejuridico.com.br\/s.meusitejuridico\/2022\/03\/cropped-baeec2a3-msj-02-01-01.png","width":349,"height":243,"caption":"Meu site jur\u00eddico"},"image":{"@id":"https:\/\/meusitejuridico.editorajuspodivm.com.br\/#\/schema\/logo\/image\/"}},{"@type":"Person","@id":"https:\/\/meusitejuridico.editorajuspodivm.com.br\/#\/schema\/person\/ae56313f17950dccef13d0989efd6d50","name":"Rodrigo Leite","image":{"@type":"ImageObject","inLanguage":"pt-BR","@id":"https:\/\/meusitejuridico.editorajuspodivm.com.br\/#\/schema\/person\/image\/","url":"https:\/\/webmail.meusitejuridico.com.br\/s.meusitejuridico\/2021\/05\/8455192b-foto-site-rodrigo-leite-150x150.jpeg","contentUrl":"https:\/\/webmail.meusitejuridico.com.br\/s.meusitejuridico\/2021\/05\/8455192b-foto-site-rodrigo-leite-150x150.jpeg","caption":"Rodrigo Leite"},"description":"Coautor do livro \u201cAn\u00e1lise das Diverg\u00eancias Jurisprudenciais no STF e STJ\u201d, Editora Juspodivm. Autor do livro \u201cTombamento \u2013 Vol. 36 \u2013 Cole\u00e7\u00e3o Leis Especiais para Concursos\u201d, Editora Juspodivm. Autor do livro \u201cDesapropria\u00e7\u00e3o \u2013 Vol. 39 \u2013 Cole\u00e7\u00e3o Especiais para Concursos\u201d, Editora Juspodivm. Coautor do livro \u201cSaberes Jurisprudenciais\u201d, Editora Saraiva. Coorganizador do livro \u201cCPC na Jurisprud\u00eancia\", Editora Foco. Especialista em Direito P\u00fablico e Direito Processual Civil. Mestre em Direito Constitucional. Professor da P\u00f3s-gradua\u00e7\u00e3o em Direito Civil da Rede Anhaguera-Kroton. M\u00e1ster Universit\u00e1rio em Direito Constitucional pela Universidad Del Pa\u00eds Vasco, San Sebasti\u00e1n, Espanha. Advogado licenciado. Analista Judici\u00e1rio do TJRN. Assessor de Desembargador do TJRN.","sameAs":["https:\/\/www.editorajuspodivm.com.br\/autores\/detalhe\/85","https:\/\/www.instagram.com\/rodrigocrleite\/","https:\/\/x.com\/rodrigocrleite"],"url":"https:\/\/webmail.meusitejuridico.com.br\/author\/rodrigoleiterodrigoleite\/"}]}},"_links":{"self":[{"href":"https:\/\/webmail.meusitejuridico.com.br\/api\/wp\/v2\/posts\/20874","targetHints":{"allow":["GET"]}}],"collection":[{"href":"https:\/\/webmail.meusitejuridico.com.br\/api\/wp\/v2\/posts"}],"about":[{"href":"https:\/\/webmail.meusitejuridico.com.br\/api\/wp\/v2\/types\/post"}],"author":[{"embeddable":true,"href":"https:\/\/webmail.meusitejuridico.com.br\/api\/wp\/v2\/users\/131"}],"replies":[{"embeddable":true,"href":"https:\/\/webmail.meusitejuridico.com.br\/api\/wp\/v2\/comments?post=20874"}],"version-history":[{"count":1,"href":"https:\/\/webmail.meusitejuridico.com.br\/api\/wp\/v2\/posts\/20874\/revisions"}],"predecessor-version":[{"id":20875,"href":"https:\/\/webmail.meusitejuridico.com.br\/api\/wp\/v2\/posts\/20874\/revisions\/20875"}],"wp:featuredmedia":[{"embeddable":true,"href":"https:\/\/webmail.meusitejuridico.com.br\/api\/wp\/v2\/media\/1498"}],"wp:attachment":[{"href":"https:\/\/webmail.meusitejuridico.com.br\/api\/wp\/v2\/media?parent=20874"}],"wp:term":[{"taxonomy":"category","embeddable":true,"href":"https:\/\/webmail.meusitejuridico.com.br\/api\/wp\/v2\/categories?post=20874"},{"taxonomy":"post_tag","embeddable":true,"href":"https:\/\/webmail.meusitejuridico.com.br\/api\/wp\/v2\/tags?post=20874"}],"curies":[{"name":"wp","href":"https:\/\/api.w.org\/{rel}","templated":true}]}}