{"id":20781,"date":"2024-06-19T08:37:53","date_gmt":"2024-06-19T11:37:53","guid":{"rendered":"https:\/\/meusitejuridico.editorajuspodivm.com.br\/?p=20781"},"modified":"2024-06-19T08:38:46","modified_gmt":"2024-06-19T11:38:46","slug":"resumo-informativo-1-139-do-stf-de-11-de-junho-de-2024","status":"publish","type":"post","link":"https:\/\/webmail.meusitejuridico.com.br\/2024\/06\/19\/resumo-informativo-1-139-do-stf-de-11-de-junho-de-2024\/","title":{"rendered":"Resumo &#8211; Informativo 1.139 do STF, de 11 de junho de 2024"},"content":{"rendered":"\n<p><strong>PLEN\u00c1RIO<\/strong><strong><\/strong><\/p>\n\n\n\n<p>&#8211; A falta de lei regulamentadora do adicional de penosidade aos trabalhadores urbanos e rurais (CF\/1988, art. 7\u00ba, XXIII) constitui omiss\u00e3o inconstitucional por parte do Congresso Nacional \u2013 <strong>ADO 74\/DF<\/strong>, julgamento virtual finalizado em 4\/6\/2024.<\/p>\n\n\n\n<p>&#8211; O n\u00famero de funcion\u00e1rios ou o porte da institui\u00e7\u00e3o n\u00e3o podem ser utilizados como crit\u00e9rios para a constitui\u00e7\u00e3o de sindicatos de micro e pequenas empresas, pois o par\u00e2metro constitucional para a cria\u00e7\u00e3o de sindicatos \u00e9 a categoria econ\u00f4mica ou profissional dos empregadores ou trabalhadores, a qual \u00e9 caracterizada pela similitude ou complementariedade das atividades por ele exercidas \u2013 <strong>RE 646.104\/SP<\/strong>, julgamento finalizado em 29\/5\/2024, Tema 488.<\/p>\n\n\n\n<p>&#8211; \u00c9 constitucional a pol\u00edtica p\u00fablica institu\u00edda pelo art. 3\u00ba da Lei n\u00ba 12.871\/2013 (\u201cLei do Programa Mais M\u00e9dicos\u201d), que condiciona a autoriza\u00e7\u00e3o para o funcionamento de curso de gradua\u00e7\u00e3o em medicina \u00e0 pr\u00e9via realiza\u00e7\u00e3o de chamamento p\u00fablico \u2013 <strong>ADI 7.187\/DF<\/strong> e <strong>ADC 81 MC-Ref\/DF<\/strong>, julgamento virtual finalizado em 4\/6\/2024.<\/p>\n\n\n\n<p>&#8211; \u00c9 inconstitucional \u2013 por violar as compet\u00eancias da Uni\u00e3o material exclusiva para autorizar e fiscalizar a produ\u00e7\u00e3o e o com\u00e9rcio de material b\u00e9lico (CF\/1988, art. 21, VI), bem como privativa para legislar sobre o assunto (CF\/1988, art. 22, XXI) \u2013 norma estadual que concede o direito ao porte de arma de fogo a membros da Defensoria P\u00fablica local \u2013<strong> ADI 7.571\/ES<\/strong>,julgamento virtual finalizado em 4\/6\/2024.<\/p>\n\n\n\n<p>&#8211; \u00c9 inconstitucional \u2014 por violar a compet\u00eancia privativa da Uni\u00e3o para legislar sobre direito processual (CF\/1988, art. 22, I) \u2014 norma estadual que concede desconto sobre honor\u00e1rios de sucumb\u00eancia devidos em a\u00e7\u00f5es tribut\u00e1rias e execu\u00e7\u00f5es fiscais ajuizadas \u2013<strong> ADI 7.615 MC-Ref\/GO<\/strong>,julgamento virtual finalizado em 4\/6\/2024.<strong><\/strong><\/p>\n\n\n\n<p>&#8211; 1. O sobrestamento de recurso extraordin\u00e1rio nos tribunais de origem para aguardar o julgamento de tema de repercuss\u00e3o geral n\u00e3o suspende automaticamente o prazo prescricional de pretens\u00e3o punitiva penal; 2. O ministro relator do processo selecionado como paradigma no Supremo Tribunal Federal, caso entenda necess\u00e1rio e adequado, poder\u00e1 determinar a suspens\u00e3o de a\u00e7\u00f5es penais em curso que tratem de mesma controv\u00e9rsia, assim como do prazo prescricional de pretens\u00e3o punitiva penal \u2013<strong> RE 1.448.742\/RS<\/strong>,julgamento virtual finalizado em 4\/6\/2024.<\/p>\n\n\n\n<p>&#8211; A majora\u00e7\u00e3o da al\u00edquota da contribui\u00e7\u00e3o dos servidores estaduais ao Regime Pr\u00f3prio de Previd\u00eancia Social (RPPS) n\u00e3o exige a edi\u00e7\u00e3o de lei complementar, sendo constitucional que ocorra mediante lei ordin\u00e1ria (CF\/1988, art. 149, \u00a7 1\u00ba). Tamb\u00e9m \u00e9 cab\u00edvel, para esse fim, a edi\u00e7\u00e3o de medida provis\u00f3ria, desde que presentes os pressupostos constitucionais autorizadores \u2014 relev\u00e2ncia e urg\u00eancia (CF\/1988, art. 62, caput) \u2014 e observado o princ\u00edpio da anterioridade nonagesimal (CF\/1988, art. 149, caput c\/c o art. 195, \u00a7 6\u00ba) \u2013 <strong>ADI 6.534\/TO<\/strong>, julgamento virtual finalizado em 4\/6\/2024.<\/p>\n\n\n\n<p>_____________________<\/p>\n\n\n\n<p><strong>Telegram<\/strong>:<strong>&nbsp;<\/strong><a href=\"https:\/\/t.me\/pilulasjuridicasSTFSTJ\" target=\"_blank\" rel=\"noreferrer noopener\"><strong>https:\/\/t.me\/pilulasjuridicasSTFSTJ<\/strong><\/a><strong>&nbsp;| Instagram: @rodrigocrleite<\/strong><\/p>\n","protected":false},"excerpt":{"rendered":"<p>PLEN\u00c1RIO &#8211; A falta de lei regulamentadora do adicional de penosidade aos trabalhadores urbanos e rurais (CF\/1988, art. 7\u00ba, XXIII) constitui omiss\u00e3o inconstitucional por parte do Congresso Nacional \u2013 ADO 74\/DF, julgamento virtual finalizado em 4\/6\/2024. &#8211; O n\u00famero de funcion\u00e1rios ou o porte da institui\u00e7\u00e3o n\u00e3o podem ser utilizados como crit\u00e9rios para a constitui\u00e7\u00e3o [&hellip;]<\/p>\n","protected":false},"author":131,"featured_media":11545,"comment_status":"open","ping_status":"open","sticky":false,"template":"","format":"standard","meta":{"_acf_changed":false,"footnotes":""},"categories":[70],"tags":[],"class_list":["post-20781","post","type-post","status-publish","format-standard","has-post-thumbnail","hentry","category-informativos-comentados"],"acf":[],"yoast_head":"<!-- This site is optimized with the Yoast SEO plugin v24.8.1 - https:\/\/yoast.com\/wordpress\/plugins\/seo\/ -->\n<title>Resumo - Informativo 1.139 do STF, de 11 de junho de 2024 - Meu site jur\u00eddico<\/title>\n<meta name=\"robots\" content=\"index, follow, max-snippet:-1, max-image-preview:large, max-video-preview:-1\" \/>\n<link rel=\"canonical\" href=\"https:\/\/webmail.meusitejuridico.com.br\/2024\/06\/19\/resumo-informativo-1-139-do-stf-de-11-de-junho-de-2024\/\" \/>\n<meta property=\"og:locale\" content=\"pt_BR\" \/>\n<meta property=\"og:type\" content=\"article\" \/>\n<meta property=\"og:title\" content=\"Resumo - Informativo 1.139 do STF, de 11 de junho de 2024 - Meu site jur\u00eddico\" \/>\n<meta property=\"og:description\" content=\"PLEN\u00c1RIO &#8211; A falta de lei regulamentadora do adicional de penosidade aos trabalhadores urbanos e rurais (CF\/1988, art. 7\u00ba, XXIII) constitui omiss\u00e3o inconstitucional por parte do Congresso Nacional \u2013 ADO 74\/DF, julgamento virtual finalizado em 4\/6\/2024. &#8211; O n\u00famero de funcion\u00e1rios ou o porte da institui\u00e7\u00e3o n\u00e3o podem ser utilizados como crit\u00e9rios para a constitui\u00e7\u00e3o [&hellip;]\" \/>\n<meta property=\"og:url\" content=\"https:\/\/webmail.meusitejuridico.com.br\/2024\/06\/19\/resumo-informativo-1-139-do-stf-de-11-de-junho-de-2024\/\" \/>\n<meta property=\"og:site_name\" content=\"Meu site jur\u00eddico\" \/>\n<meta property=\"article:published_time\" content=\"2024-06-19T11:37:53+00:00\" \/>\n<meta property=\"article:modified_time\" content=\"2024-06-19T11:38:46+00:00\" \/>\n<meta property=\"og:image\" content=\"https:\/\/webmail.meusitejuridico.com.br\/s.meusitejuridico\/2020\/07\/91e73822-books.jpg\" \/>\n\t<meta property=\"og:image:width\" content=\"400\" \/>\n\t<meta property=\"og:image:height\" content=\"214\" \/>\n\t<meta property=\"og:image:type\" content=\"image\/jpeg\" \/>\n<meta name=\"author\" content=\"Rodrigo Leite\" \/>\n<meta name=\"twitter:card\" content=\"summary_large_image\" \/>\n<meta name=\"twitter:creator\" content=\"@rodrigocrleite\" \/>\n<meta name=\"twitter:label1\" content=\"Escrito por\" \/>\n\t<meta name=\"twitter:data1\" content=\"Rodrigo Leite\" \/>\n\t<meta name=\"twitter:label2\" content=\"Est. tempo de leitura\" \/>\n\t<meta name=\"twitter:data2\" content=\"2 minutos\" \/>\n<script type=\"application\/ld+json\" class=\"yoast-schema-graph\">{\"@context\":\"https:\/\/schema.org\",\"@graph\":[{\"@type\":\"Article\",\"@id\":\"https:\/\/webmail.meusitejuridico.com.br\/2024\/06\/19\/resumo-informativo-1-139-do-stf-de-11-de-junho-de-2024\/#article\",\"isPartOf\":{\"@id\":\"https:\/\/webmail.meusitejuridico.com.br\/2024\/06\/19\/resumo-informativo-1-139-do-stf-de-11-de-junho-de-2024\/\"},\"author\":{\"name\":\"Rodrigo Leite\",\"@id\":\"https:\/\/meusitejuridico.editorajuspodivm.com.br\/#\/schema\/person\/ae56313f17950dccef13d0989efd6d50\"},\"headline\":\"Resumo &#8211; Informativo 1.139 do STF, de 11 de junho de 2024\",\"datePublished\":\"2024-06-19T11:37:53+00:00\",\"dateModified\":\"2024-06-19T11:38:46+00:00\",\"mainEntityOfPage\":{\"@id\":\"https:\/\/webmail.meusitejuridico.com.br\/2024\/06\/19\/resumo-informativo-1-139-do-stf-de-11-de-junho-de-2024\/\"},\"wordCount\":466,\"commentCount\":0,\"publisher\":{\"@id\":\"https:\/\/meusitejuridico.editorajuspodivm.com.br\/#organization\"},\"image\":{\"@id\":\"https:\/\/webmail.meusitejuridico.com.br\/2024\/06\/19\/resumo-informativo-1-139-do-stf-de-11-de-junho-de-2024\/#primaryimage\"},\"thumbnailUrl\":\"https:\/\/webmail.meusitejuridico.com.br\/s.meusitejuridico\/2020\/07\/91e73822-books.jpg\",\"articleSection\":[\"Informativos\"],\"inLanguage\":\"pt-BR\",\"potentialAction\":[{\"@type\":\"CommentAction\",\"name\":\"Comment\",\"target\":[\"https:\/\/webmail.meusitejuridico.com.br\/2024\/06\/19\/resumo-informativo-1-139-do-stf-de-11-de-junho-de-2024\/#respond\"]}]},{\"@type\":\"WebPage\",\"@id\":\"https:\/\/webmail.meusitejuridico.com.br\/2024\/06\/19\/resumo-informativo-1-139-do-stf-de-11-de-junho-de-2024\/\",\"url\":\"https:\/\/webmail.meusitejuridico.com.br\/2024\/06\/19\/resumo-informativo-1-139-do-stf-de-11-de-junho-de-2024\/\",\"name\":\"Resumo - Informativo 1.139 do STF, de 11 de junho de 2024 - Meu site jur\u00eddico\",\"isPartOf\":{\"@id\":\"https:\/\/meusitejuridico.editorajuspodivm.com.br\/#website\"},\"primaryImageOfPage\":{\"@id\":\"https:\/\/webmail.meusitejuridico.com.br\/2024\/06\/19\/resumo-informativo-1-139-do-stf-de-11-de-junho-de-2024\/#primaryimage\"},\"image\":{\"@id\":\"https:\/\/webmail.meusitejuridico.com.br\/2024\/06\/19\/resumo-informativo-1-139-do-stf-de-11-de-junho-de-2024\/#primaryimage\"},\"thumbnailUrl\":\"https:\/\/webmail.meusitejuridico.com.br\/s.meusitejuridico\/2020\/07\/91e73822-books.jpg\",\"datePublished\":\"2024-06-19T11:37:53+00:00\",\"dateModified\":\"2024-06-19T11:38:46+00:00\",\"breadcrumb\":{\"@id\":\"https:\/\/webmail.meusitejuridico.com.br\/2024\/06\/19\/resumo-informativo-1-139-do-stf-de-11-de-junho-de-2024\/#breadcrumb\"},\"inLanguage\":\"pt-BR\",\"potentialAction\":[{\"@type\":\"ReadAction\",\"target\":[\"https:\/\/webmail.meusitejuridico.com.br\/2024\/06\/19\/resumo-informativo-1-139-do-stf-de-11-de-junho-de-2024\/\"]}]},{\"@type\":\"ImageObject\",\"inLanguage\":\"pt-BR\",\"@id\":\"https:\/\/webmail.meusitejuridico.com.br\/2024\/06\/19\/resumo-informativo-1-139-do-stf-de-11-de-junho-de-2024\/#primaryimage\",\"url\":\"https:\/\/webmail.meusitejuridico.com.br\/s.meusitejuridico\/2020\/07\/91e73822-books.jpg\",\"contentUrl\":\"https:\/\/webmail.meusitejuridico.com.br\/s.meusitejuridico\/2020\/07\/91e73822-books.jpg\",\"width\":400,\"height\":214},{\"@type\":\"BreadcrumbList\",\"@id\":\"https:\/\/webmail.meusitejuridico.com.br\/2024\/06\/19\/resumo-informativo-1-139-do-stf-de-11-de-junho-de-2024\/#breadcrumb\",\"itemListElement\":[{\"@type\":\"ListItem\",\"position\":1,\"name\":\"In\u00edcio\",\"item\":\"https:\/\/meusitejuridico.editorajuspodivm.com.br\/\"},{\"@type\":\"ListItem\",\"position\":2,\"name\":\"Resumo &#8211; Informativo 1.139 do STF, de 11 de junho de 2024\"}]},{\"@type\":\"WebSite\",\"@id\":\"https:\/\/meusitejuridico.editorajuspodivm.com.br\/#website\",\"url\":\"https:\/\/meusitejuridico.editorajuspodivm.com.br\/\",\"name\":\"Meu site jur\u00eddico\",\"description\":\"Meu site jur\u00eddico\",\"publisher\":{\"@id\":\"https:\/\/meusitejuridico.editorajuspodivm.com.br\/#organization\"},\"potentialAction\":[{\"@type\":\"SearchAction\",\"target\":{\"@type\":\"EntryPoint\",\"urlTemplate\":\"https:\/\/meusitejuridico.editorajuspodivm.com.br\/?s={search_term_string}\"},\"query-input\":{\"@type\":\"PropertyValueSpecification\",\"valueRequired\":true,\"valueName\":\"search_term_string\"}}],\"inLanguage\":\"pt-BR\"},{\"@type\":\"Organization\",\"@id\":\"https:\/\/meusitejuridico.editorajuspodivm.com.br\/#organization\",\"name\":\"Meu site jur\u00eddico\",\"url\":\"https:\/\/meusitejuridico.editorajuspodivm.com.br\/\",\"logo\":{\"@type\":\"ImageObject\",\"inLanguage\":\"pt-BR\",\"@id\":\"https:\/\/meusitejuridico.editorajuspodivm.com.br\/#\/schema\/logo\/image\/\",\"url\":\"https:\/\/webmail.meusitejuridico.com.br\/s.meusitejuridico\/2022\/03\/cropped-baeec2a3-msj-02-01-01.png\",\"contentUrl\":\"https:\/\/webmail.meusitejuridico.com.br\/s.meusitejuridico\/2022\/03\/cropped-baeec2a3-msj-02-01-01.png\",\"width\":349,\"height\":243,\"caption\":\"Meu site jur\u00eddico\"},\"image\":{\"@id\":\"https:\/\/meusitejuridico.editorajuspodivm.com.br\/#\/schema\/logo\/image\/\"}},{\"@type\":\"Person\",\"@id\":\"https:\/\/meusitejuridico.editorajuspodivm.com.br\/#\/schema\/person\/ae56313f17950dccef13d0989efd6d50\",\"name\":\"Rodrigo Leite\",\"image\":{\"@type\":\"ImageObject\",\"inLanguage\":\"pt-BR\",\"@id\":\"https:\/\/meusitejuridico.editorajuspodivm.com.br\/#\/schema\/person\/image\/\",\"url\":\"https:\/\/webmail.meusitejuridico.com.br\/s.meusitejuridico\/2021\/05\/8455192b-foto-site-rodrigo-leite-150x150.jpeg\",\"contentUrl\":\"https:\/\/webmail.meusitejuridico.com.br\/s.meusitejuridico\/2021\/05\/8455192b-foto-site-rodrigo-leite-150x150.jpeg\",\"caption\":\"Rodrigo Leite\"},\"description\":\"Coautor do livro \u201cAn\u00e1lise das Diverg\u00eancias Jurisprudenciais no STF e STJ\u201d, Editora Juspodivm. Autor do livro \u201cTombamento \u2013 Vol. 36 \u2013 Cole\u00e7\u00e3o Leis Especiais para Concursos\u201d, Editora Juspodivm. Autor do livro \u201cDesapropria\u00e7\u00e3o \u2013 Vol. 39 \u2013 Cole\u00e7\u00e3o Especiais para Concursos\u201d, Editora Juspodivm. Coautor do livro \u201cSaberes Jurisprudenciais\u201d, Editora Saraiva. Coorganizador do livro \u201cCPC na Jurisprud\u00eancia\\\", Editora Foco. Especialista em Direito P\u00fablico e Direito Processual Civil. Mestre em Direito Constitucional. Professor da P\u00f3s-gradua\u00e7\u00e3o em Direito Civil da Rede Anhaguera-Kroton. M\u00e1ster Universit\u00e1rio em Direito Constitucional pela Universidad Del Pa\u00eds Vasco, San Sebasti\u00e1n, Espanha. Advogado licenciado. Analista Judici\u00e1rio do TJRN. Assessor de Desembargador do TJRN.\",\"sameAs\":[\"https:\/\/www.editorajuspodivm.com.br\/autores\/detalhe\/85\",\"https:\/\/www.instagram.com\/rodrigocrleite\/\",\"https:\/\/x.com\/rodrigocrleite\"],\"url\":\"https:\/\/webmail.meusitejuridico.com.br\/author\/rodrigoleiterodrigoleite\/\"}]}<\/script>\n<!-- \/ Yoast SEO plugin. -->","yoast_head_json":{"title":"Resumo - Informativo 1.139 do STF, de 11 de junho de 2024 - Meu site jur\u00eddico","robots":{"index":"index","follow":"follow","max-snippet":"max-snippet:-1","max-image-preview":"max-image-preview:large","max-video-preview":"max-video-preview:-1"},"canonical":"https:\/\/webmail.meusitejuridico.com.br\/2024\/06\/19\/resumo-informativo-1-139-do-stf-de-11-de-junho-de-2024\/","og_locale":"pt_BR","og_type":"article","og_title":"Resumo - Informativo 1.139 do STF, de 11 de junho de 2024 - Meu site jur\u00eddico","og_description":"PLEN\u00c1RIO &#8211; A falta de lei regulamentadora do adicional de penosidade aos trabalhadores urbanos e rurais (CF\/1988, art. 7\u00ba, XXIII) constitui omiss\u00e3o inconstitucional por parte do Congresso Nacional \u2013 ADO 74\/DF, julgamento virtual finalizado em 4\/6\/2024. &#8211; O n\u00famero de funcion\u00e1rios ou o porte da institui\u00e7\u00e3o n\u00e3o podem ser utilizados como crit\u00e9rios para a constitui\u00e7\u00e3o [&hellip;]","og_url":"https:\/\/webmail.meusitejuridico.com.br\/2024\/06\/19\/resumo-informativo-1-139-do-stf-de-11-de-junho-de-2024\/","og_site_name":"Meu site jur\u00eddico","article_published_time":"2024-06-19T11:37:53+00:00","article_modified_time":"2024-06-19T11:38:46+00:00","og_image":[{"width":400,"height":214,"url":"https:\/\/webmail.meusitejuridico.com.br\/s.meusitejuridico\/2020\/07\/91e73822-books.jpg","type":"image\/jpeg"}],"author":"Rodrigo Leite","twitter_card":"summary_large_image","twitter_creator":"@rodrigocrleite","twitter_misc":{"Escrito por":"Rodrigo Leite","Est. tempo de leitura":"2 minutos"},"schema":{"@context":"https:\/\/schema.org","@graph":[{"@type":"Article","@id":"https:\/\/webmail.meusitejuridico.com.br\/2024\/06\/19\/resumo-informativo-1-139-do-stf-de-11-de-junho-de-2024\/#article","isPartOf":{"@id":"https:\/\/webmail.meusitejuridico.com.br\/2024\/06\/19\/resumo-informativo-1-139-do-stf-de-11-de-junho-de-2024\/"},"author":{"name":"Rodrigo Leite","@id":"https:\/\/meusitejuridico.editorajuspodivm.com.br\/#\/schema\/person\/ae56313f17950dccef13d0989efd6d50"},"headline":"Resumo &#8211; Informativo 1.139 do STF, de 11 de junho de 2024","datePublished":"2024-06-19T11:37:53+00:00","dateModified":"2024-06-19T11:38:46+00:00","mainEntityOfPage":{"@id":"https:\/\/webmail.meusitejuridico.com.br\/2024\/06\/19\/resumo-informativo-1-139-do-stf-de-11-de-junho-de-2024\/"},"wordCount":466,"commentCount":0,"publisher":{"@id":"https:\/\/meusitejuridico.editorajuspodivm.com.br\/#organization"},"image":{"@id":"https:\/\/webmail.meusitejuridico.com.br\/2024\/06\/19\/resumo-informativo-1-139-do-stf-de-11-de-junho-de-2024\/#primaryimage"},"thumbnailUrl":"https:\/\/webmail.meusitejuridico.com.br\/s.meusitejuridico\/2020\/07\/91e73822-books.jpg","articleSection":["Informativos"],"inLanguage":"pt-BR","potentialAction":[{"@type":"CommentAction","name":"Comment","target":["https:\/\/webmail.meusitejuridico.com.br\/2024\/06\/19\/resumo-informativo-1-139-do-stf-de-11-de-junho-de-2024\/#respond"]}]},{"@type":"WebPage","@id":"https:\/\/webmail.meusitejuridico.com.br\/2024\/06\/19\/resumo-informativo-1-139-do-stf-de-11-de-junho-de-2024\/","url":"https:\/\/webmail.meusitejuridico.com.br\/2024\/06\/19\/resumo-informativo-1-139-do-stf-de-11-de-junho-de-2024\/","name":"Resumo - Informativo 1.139 do STF, de 11 de junho de 2024 - Meu site jur\u00eddico","isPartOf":{"@id":"https:\/\/meusitejuridico.editorajuspodivm.com.br\/#website"},"primaryImageOfPage":{"@id":"https:\/\/webmail.meusitejuridico.com.br\/2024\/06\/19\/resumo-informativo-1-139-do-stf-de-11-de-junho-de-2024\/#primaryimage"},"image":{"@id":"https:\/\/webmail.meusitejuridico.com.br\/2024\/06\/19\/resumo-informativo-1-139-do-stf-de-11-de-junho-de-2024\/#primaryimage"},"thumbnailUrl":"https:\/\/webmail.meusitejuridico.com.br\/s.meusitejuridico\/2020\/07\/91e73822-books.jpg","datePublished":"2024-06-19T11:37:53+00:00","dateModified":"2024-06-19T11:38:46+00:00","breadcrumb":{"@id":"https:\/\/webmail.meusitejuridico.com.br\/2024\/06\/19\/resumo-informativo-1-139-do-stf-de-11-de-junho-de-2024\/#breadcrumb"},"inLanguage":"pt-BR","potentialAction":[{"@type":"ReadAction","target":["https:\/\/webmail.meusitejuridico.com.br\/2024\/06\/19\/resumo-informativo-1-139-do-stf-de-11-de-junho-de-2024\/"]}]},{"@type":"ImageObject","inLanguage":"pt-BR","@id":"https:\/\/webmail.meusitejuridico.com.br\/2024\/06\/19\/resumo-informativo-1-139-do-stf-de-11-de-junho-de-2024\/#primaryimage","url":"https:\/\/webmail.meusitejuridico.com.br\/s.meusitejuridico\/2020\/07\/91e73822-books.jpg","contentUrl":"https:\/\/webmail.meusitejuridico.com.br\/s.meusitejuridico\/2020\/07\/91e73822-books.jpg","width":400,"height":214},{"@type":"BreadcrumbList","@id":"https:\/\/webmail.meusitejuridico.com.br\/2024\/06\/19\/resumo-informativo-1-139-do-stf-de-11-de-junho-de-2024\/#breadcrumb","itemListElement":[{"@type":"ListItem","position":1,"name":"In\u00edcio","item":"https:\/\/meusitejuridico.editorajuspodivm.com.br\/"},{"@type":"ListItem","position":2,"name":"Resumo &#8211; Informativo 1.139 do STF, de 11 de junho de 2024"}]},{"@type":"WebSite","@id":"https:\/\/meusitejuridico.editorajuspodivm.com.br\/#website","url":"https:\/\/meusitejuridico.editorajuspodivm.com.br\/","name":"Meu site jur\u00eddico","description":"Meu site jur\u00eddico","publisher":{"@id":"https:\/\/meusitejuridico.editorajuspodivm.com.br\/#organization"},"potentialAction":[{"@type":"SearchAction","target":{"@type":"EntryPoint","urlTemplate":"https:\/\/meusitejuridico.editorajuspodivm.com.br\/?s={search_term_string}"},"query-input":{"@type":"PropertyValueSpecification","valueRequired":true,"valueName":"search_term_string"}}],"inLanguage":"pt-BR"},{"@type":"Organization","@id":"https:\/\/meusitejuridico.editorajuspodivm.com.br\/#organization","name":"Meu site jur\u00eddico","url":"https:\/\/meusitejuridico.editorajuspodivm.com.br\/","logo":{"@type":"ImageObject","inLanguage":"pt-BR","@id":"https:\/\/meusitejuridico.editorajuspodivm.com.br\/#\/schema\/logo\/image\/","url":"https:\/\/webmail.meusitejuridico.com.br\/s.meusitejuridico\/2022\/03\/cropped-baeec2a3-msj-02-01-01.png","contentUrl":"https:\/\/webmail.meusitejuridico.com.br\/s.meusitejuridico\/2022\/03\/cropped-baeec2a3-msj-02-01-01.png","width":349,"height":243,"caption":"Meu site jur\u00eddico"},"image":{"@id":"https:\/\/meusitejuridico.editorajuspodivm.com.br\/#\/schema\/logo\/image\/"}},{"@type":"Person","@id":"https:\/\/meusitejuridico.editorajuspodivm.com.br\/#\/schema\/person\/ae56313f17950dccef13d0989efd6d50","name":"Rodrigo Leite","image":{"@type":"ImageObject","inLanguage":"pt-BR","@id":"https:\/\/meusitejuridico.editorajuspodivm.com.br\/#\/schema\/person\/image\/","url":"https:\/\/webmail.meusitejuridico.com.br\/s.meusitejuridico\/2021\/05\/8455192b-foto-site-rodrigo-leite-150x150.jpeg","contentUrl":"https:\/\/webmail.meusitejuridico.com.br\/s.meusitejuridico\/2021\/05\/8455192b-foto-site-rodrigo-leite-150x150.jpeg","caption":"Rodrigo Leite"},"description":"Coautor do livro \u201cAn\u00e1lise das Diverg\u00eancias Jurisprudenciais no STF e STJ\u201d, Editora Juspodivm. Autor do livro \u201cTombamento \u2013 Vol. 36 \u2013 Cole\u00e7\u00e3o Leis Especiais para Concursos\u201d, Editora Juspodivm. Autor do livro \u201cDesapropria\u00e7\u00e3o \u2013 Vol. 39 \u2013 Cole\u00e7\u00e3o Especiais para Concursos\u201d, Editora Juspodivm. Coautor do livro \u201cSaberes Jurisprudenciais\u201d, Editora Saraiva. Coorganizador do livro \u201cCPC na Jurisprud\u00eancia\", Editora Foco. Especialista em Direito P\u00fablico e Direito Processual Civil. Mestre em Direito Constitucional. Professor da P\u00f3s-gradua\u00e7\u00e3o em Direito Civil da Rede Anhaguera-Kroton. M\u00e1ster Universit\u00e1rio em Direito Constitucional pela Universidad Del Pa\u00eds Vasco, San Sebasti\u00e1n, Espanha. Advogado licenciado. Analista Judici\u00e1rio do TJRN. Assessor de Desembargador do TJRN.","sameAs":["https:\/\/www.editorajuspodivm.com.br\/autores\/detalhe\/85","https:\/\/www.instagram.com\/rodrigocrleite\/","https:\/\/x.com\/rodrigocrleite"],"url":"https:\/\/webmail.meusitejuridico.com.br\/author\/rodrigoleiterodrigoleite\/"}]}},"_links":{"self":[{"href":"https:\/\/webmail.meusitejuridico.com.br\/api\/wp\/v2\/posts\/20781","targetHints":{"allow":["GET"]}}],"collection":[{"href":"https:\/\/webmail.meusitejuridico.com.br\/api\/wp\/v2\/posts"}],"about":[{"href":"https:\/\/webmail.meusitejuridico.com.br\/api\/wp\/v2\/types\/post"}],"author":[{"embeddable":true,"href":"https:\/\/webmail.meusitejuridico.com.br\/api\/wp\/v2\/users\/131"}],"replies":[{"embeddable":true,"href":"https:\/\/webmail.meusitejuridico.com.br\/api\/wp\/v2\/comments?post=20781"}],"version-history":[{"count":2,"href":"https:\/\/webmail.meusitejuridico.com.br\/api\/wp\/v2\/posts\/20781\/revisions"}],"predecessor-version":[{"id":20783,"href":"https:\/\/webmail.meusitejuridico.com.br\/api\/wp\/v2\/posts\/20781\/revisions\/20783"}],"wp:featuredmedia":[{"embeddable":true,"href":"https:\/\/webmail.meusitejuridico.com.br\/api\/wp\/v2\/media\/11545"}],"wp:attachment":[{"href":"https:\/\/webmail.meusitejuridico.com.br\/api\/wp\/v2\/media?parent=20781"}],"wp:term":[{"taxonomy":"category","embeddable":true,"href":"https:\/\/webmail.meusitejuridico.com.br\/api\/wp\/v2\/categories?post=20781"},{"taxonomy":"post_tag","embeddable":true,"href":"https:\/\/webmail.meusitejuridico.com.br\/api\/wp\/v2\/tags?post=20781"}],"curies":[{"name":"wp","href":"https:\/\/api.w.org\/{rel}","templated":true}]}}