{"id":20600,"date":"2024-05-13T08:23:14","date_gmt":"2024-05-13T11:23:14","guid":{"rendered":"https:\/\/meusitejuridico.editorajuspodivm.com.br\/?p=20600"},"modified":"2024-05-13T08:23:15","modified_gmt":"2024-05-13T11:23:15","slug":"resumo-informativo-1-131-do-stf-de-16-de-abril-de-2024","status":"publish","type":"post","link":"https:\/\/webmail.meusitejuridico.com.br\/2024\/05\/13\/resumo-informativo-1-131-do-stf-de-16-de-abril-de-2024\/","title":{"rendered":"Resumo &#8211; Informativo 1.131 do STF, de 16 de abril de 2024"},"content":{"rendered":"\n<p><strong>PLEN\u00c1RIO<\/strong><\/p>\n\n\n\n<p>&#8211; \u00c9 inconstitucional \u2014 por ofensa aos postulados da autonomia municipal (CF\/1988, art. 30, I) e do concurso p\u00fablico para provimento de cargos (CF\/1988, art. 37, II) \u2014 norma de Constitui\u00e7\u00e3o estadual que obrigue a cria\u00e7\u00e3o de Procuradorias nos munic\u00edpios e permite a contrata\u00e7\u00e3o, sem concurso p\u00fablico, de advogados para nelas atuarem \u2013 <strong>ADI 6.331\/PE<\/strong>, julgamento virtual finalizado em 08\/04\/2024.<\/p>\n\n\n\n<p>&#8211; A miss\u00e3o institucional das For\u00e7as Armadas na defesa da P\u00e1tria, na garantia dos poderes constitucionais e na garantia da lei e da ordem n\u00e3o acomoda o exerc\u00edcio de \u201cpoder moderador\u201d entre os Poderes Executivo, Legislativo e Judici\u00e1rio \u2013 <strong>ADI 6.457\/DF<\/strong>, julgamento virtual finalizado em 08\/04\/2024.<\/p>\n\n\n\n<p>&#8211; \u00c9 constitucional a autoriza\u00e7\u00e3o conferida ao Banco Central do Brasil (BCB), por lei federal, para adquirir papel-moeda e moeda met\u00e1lica fabricados fora do Pa\u00eds por fornecedor estrangeiro, com o objetivo de abastecer o meio circulante nacional \u2013<strong> ADI 6.936\/DF<\/strong>,julgamento virtual finalizado em 08\/04\/2024.<\/p>\n\n\n\n<p>&#8211; \u00c9 inconstitucional \u2014 por violar as compet\u00eancias da Uni\u00e3o material exclusiva para autorizar e fiscalizar a produ\u00e7\u00e3o e o com\u00e9rcio de material b\u00e9lico (CF\/1988, art. 21, VI) e legislativa privativa para dispor acerca de normas gerais sobre esses artefatos (CF\/1988, art. 22, XXI) \u2014 lei estadual que reconhece o risco da atividade e a efetiva necessidade do porte de armas de fogo a vigilantes e a seguran\u00e7as prestadores de servi\u00e7os em institui\u00e7\u00f5es privadas e p\u00fablicas \u2013 <strong>ADI 7.574\/ES<\/strong>,julgamento virtual finalizado em 08\/04\/2024.<\/p>\n\n\n\n<p>&#8211; A aus\u00eancia de pr\u00e9via estimativa de impacto financeiro e or\u00e7ament\u00e1rio na proposta legislativa que implique ren\u00fancia de receita tribut\u00e1ria acarreta inconstitucionalidade formal, nos termos do art. 113 do ADCT, que \u00e9 aplic\u00e1vel a todos os entes federativos \u2013<strong> RE 1.343.429\/SP<\/strong>,julgamento virtual finalizado em 08\/04\/2024.<\/p>\n\n\n\n<p>&#8211; O <em>amicus curiae<\/em> n\u00e3o tem legitimidade para opor embargos de declara\u00e7\u00e3o em recurso extraordin\u00e1rio com repercuss\u00e3o geral. Todavia, em sede de recurso extraordin\u00e1rio, o relator eventualmente pode ouvir os terceiros sobre a quest\u00e3o da repercuss\u00e3o geral e levar a mat\u00e9ria para esclarecimentos (RISTF, art. 323, \u00a7 3\u00ba) \u2013 <strong>RE 955.227 ED<\/strong> e <strong>RE 949.297\/CE<\/strong> ED, julgamento finalizado em 04\/04\/2024, Tema 885.<\/p>\n\n\n\n<p>&#8211; N\u00e3o incide multa tribut\u00e1ria de qualquer natureza sobre o valor da Contribui\u00e7\u00e3o Social sobre o Lucro L\u00edquido (CSLL) n\u00e3o recolhida pelos contribuintes benefici\u00e1rios de decis\u00f5es transitadas em julgado \u2014 em a\u00e7\u00f5es judiciais propostas para questionar a exigibilidade do referido tributo \u2014 e cujo fato gerador tenha ocorrido at\u00e9 13.02.2023, data da publica\u00e7\u00e3o da ata do julgamento do m\u00e9rito realizado por esta Corte nos recursos extraordin\u00e1rios paradigmas dos Temas 881 e 885 da sistem\u00e1tica da repercuss\u00e3o geral. Ademais, n\u00e3o h\u00e1 qualquer possibilidade de repeti\u00e7\u00e3o de ind\u00e9bito para o contribuinte que eventualmente j\u00e1 tenha efetuado o pagamento das multas\u2013 <strong>RE 955.227 ED<\/strong> e <strong>RE 949.297\/CE<\/strong> <strong>ED<\/strong>, julgamento finalizado em 04\/04\/2024, Tema 885.<strong><\/strong><\/p>\n\n\n\n<p>_____________________<\/p>\n","protected":false},"excerpt":{"rendered":"<p>PLEN\u00c1RIO &#8211; \u00c9 inconstitucional \u2014 por ofensa aos postulados da autonomia municipal (CF\/1988, art. 30, I) e do concurso p\u00fablico para provimento de cargos (CF\/1988, art. 37, II) \u2014 norma de Constitui\u00e7\u00e3o estadual que obrigue a cria\u00e7\u00e3o de Procuradorias nos munic\u00edpios e permite a contrata\u00e7\u00e3o, sem concurso p\u00fablico, de advogados para nelas atuarem \u2013 ADI [&hellip;]<\/p>\n","protected":false},"author":131,"featured_media":1913,"comment_status":"open","ping_status":"open","sticky":false,"template":"","format":"standard","meta":{"_acf_changed":false,"footnotes":""},"categories":[70],"tags":[],"class_list":["post-20600","post","type-post","status-publish","format-standard","has-post-thumbnail","hentry","category-informativos-comentados"],"acf":[],"yoast_head":"<!-- This site is optimized with the Yoast SEO plugin v24.8.1 - https:\/\/yoast.com\/wordpress\/plugins\/seo\/ -->\n<title>Resumo - Informativo 1.131 do STF, de 16 de abril de 2024 - Meu site jur\u00eddico<\/title>\n<meta name=\"robots\" content=\"index, follow, max-snippet:-1, max-image-preview:large, max-video-preview:-1\" \/>\n<link rel=\"canonical\" href=\"https:\/\/meusitejuridico.editorajuspodivm.com.br\/2024\/05\/13\/resumo-informativo-1-131-do-stf-de-16-de-abril-de-2024\/\" \/>\n<meta property=\"og:locale\" content=\"pt_BR\" \/>\n<meta property=\"og:type\" content=\"article\" \/>\n<meta property=\"og:title\" content=\"Resumo - Informativo 1.131 do STF, de 16 de abril de 2024 - Meu site jur\u00eddico\" \/>\n<meta property=\"og:description\" content=\"PLEN\u00c1RIO &#8211; \u00c9 inconstitucional \u2014 por ofensa aos postulados da autonomia municipal (CF\/1988, art. 30, I) e do concurso p\u00fablico para provimento de cargos (CF\/1988, art. 37, II) \u2014 norma de Constitui\u00e7\u00e3o estadual que obrigue a cria\u00e7\u00e3o de Procuradorias nos munic\u00edpios e permite a contrata\u00e7\u00e3o, sem concurso p\u00fablico, de advogados para nelas atuarem \u2013 ADI [&hellip;]\" \/>\n<meta property=\"og:url\" content=\"https:\/\/meusitejuridico.editorajuspodivm.com.br\/2024\/05\/13\/resumo-informativo-1-131-do-stf-de-16-de-abril-de-2024\/\" \/>\n<meta property=\"og:site_name\" content=\"Meu site jur\u00eddico\" \/>\n<meta property=\"article:published_time\" content=\"2024-05-13T11:23:14+00:00\" \/>\n<meta property=\"article:modified_time\" content=\"2024-05-13T11:23:15+00:00\" \/>\n<meta property=\"og:image\" content=\"https:\/\/meusitejuridico.editorajuspodivm.com.br\/s.meusitejuridico\/2017\/04\/97b45834-shutterstock-257933135.jpg\" \/>\n\t<meta property=\"og:image:width\" content=\"4428\" \/>\n\t<meta property=\"og:image:height\" content=\"3456\" \/>\n\t<meta property=\"og:image:type\" content=\"image\/jpeg\" \/>\n<meta name=\"author\" content=\"Rodrigo Leite\" \/>\n<meta name=\"twitter:card\" content=\"summary_large_image\" \/>\n<meta name=\"twitter:creator\" content=\"@rodrigocrleite\" \/>\n<meta name=\"twitter:label1\" content=\"Escrito por\" \/>\n\t<meta name=\"twitter:data1\" content=\"Rodrigo Leite\" \/>\n\t<meta name=\"twitter:label2\" content=\"Est. tempo de leitura\" \/>\n\t<meta name=\"twitter:data2\" content=\"2 minutos\" \/>\n<script type=\"application\/ld+json\" class=\"yoast-schema-graph\">{\"@context\":\"https:\/\/schema.org\",\"@graph\":[{\"@type\":\"Article\",\"@id\":\"https:\/\/meusitejuridico.editorajuspodivm.com.br\/2024\/05\/13\/resumo-informativo-1-131-do-stf-de-16-de-abril-de-2024\/#article\",\"isPartOf\":{\"@id\":\"https:\/\/meusitejuridico.editorajuspodivm.com.br\/2024\/05\/13\/resumo-informativo-1-131-do-stf-de-16-de-abril-de-2024\/\"},\"author\":{\"name\":\"Rodrigo Leite\",\"@id\":\"https:\/\/meusitejuridico.editorajuspodivm.com.br\/#\/schema\/person\/ae56313f17950dccef13d0989efd6d50\"},\"headline\":\"Resumo &#8211; Informativo 1.131 do STF, de 16 de abril de 2024\",\"datePublished\":\"2024-05-13T11:23:14+00:00\",\"dateModified\":\"2024-05-13T11:23:15+00:00\",\"mainEntityOfPage\":{\"@id\":\"https:\/\/meusitejuridico.editorajuspodivm.com.br\/2024\/05\/13\/resumo-informativo-1-131-do-stf-de-16-de-abril-de-2024\/\"},\"wordCount\":482,\"commentCount\":0,\"publisher\":{\"@id\":\"https:\/\/meusitejuridico.editorajuspodivm.com.br\/#organization\"},\"image\":{\"@id\":\"https:\/\/meusitejuridico.editorajuspodivm.com.br\/2024\/05\/13\/resumo-informativo-1-131-do-stf-de-16-de-abril-de-2024\/#primaryimage\"},\"thumbnailUrl\":\"https:\/\/webmail.meusitejuridico.com.br\/s.meusitejuridico\/2017\/04\/97b45834-shutterstock-257933135.jpg\",\"articleSection\":[\"Informativos\"],\"inLanguage\":\"pt-BR\",\"potentialAction\":[{\"@type\":\"CommentAction\",\"name\":\"Comment\",\"target\":[\"https:\/\/meusitejuridico.editorajuspodivm.com.br\/2024\/05\/13\/resumo-informativo-1-131-do-stf-de-16-de-abril-de-2024\/#respond\"]}]},{\"@type\":\"WebPage\",\"@id\":\"https:\/\/meusitejuridico.editorajuspodivm.com.br\/2024\/05\/13\/resumo-informativo-1-131-do-stf-de-16-de-abril-de-2024\/\",\"url\":\"https:\/\/meusitejuridico.editorajuspodivm.com.br\/2024\/05\/13\/resumo-informativo-1-131-do-stf-de-16-de-abril-de-2024\/\",\"name\":\"Resumo - Informativo 1.131 do STF, de 16 de abril de 2024 - Meu site jur\u00eddico\",\"isPartOf\":{\"@id\":\"https:\/\/meusitejuridico.editorajuspodivm.com.br\/#website\"},\"primaryImageOfPage\":{\"@id\":\"https:\/\/meusitejuridico.editorajuspodivm.com.br\/2024\/05\/13\/resumo-informativo-1-131-do-stf-de-16-de-abril-de-2024\/#primaryimage\"},\"image\":{\"@id\":\"https:\/\/meusitejuridico.editorajuspodivm.com.br\/2024\/05\/13\/resumo-informativo-1-131-do-stf-de-16-de-abril-de-2024\/#primaryimage\"},\"thumbnailUrl\":\"https:\/\/webmail.meusitejuridico.com.br\/s.meusitejuridico\/2017\/04\/97b45834-shutterstock-257933135.jpg\",\"datePublished\":\"2024-05-13T11:23:14+00:00\",\"dateModified\":\"2024-05-13T11:23:15+00:00\",\"breadcrumb\":{\"@id\":\"https:\/\/meusitejuridico.editorajuspodivm.com.br\/2024\/05\/13\/resumo-informativo-1-131-do-stf-de-16-de-abril-de-2024\/#breadcrumb\"},\"inLanguage\":\"pt-BR\",\"potentialAction\":[{\"@type\":\"ReadAction\",\"target\":[\"https:\/\/meusitejuridico.editorajuspodivm.com.br\/2024\/05\/13\/resumo-informativo-1-131-do-stf-de-16-de-abril-de-2024\/\"]}]},{\"@type\":\"ImageObject\",\"inLanguage\":\"pt-BR\",\"@id\":\"https:\/\/meusitejuridico.editorajuspodivm.com.br\/2024\/05\/13\/resumo-informativo-1-131-do-stf-de-16-de-abril-de-2024\/#primaryimage\",\"url\":\"https:\/\/webmail.meusitejuridico.com.br\/s.meusitejuridico\/2017\/04\/97b45834-shutterstock-257933135.jpg\",\"contentUrl\":\"https:\/\/webmail.meusitejuridico.com.br\/s.meusitejuridico\/2017\/04\/97b45834-shutterstock-257933135.jpg\",\"width\":4428,\"height\":3456},{\"@type\":\"BreadcrumbList\",\"@id\":\"https:\/\/meusitejuridico.editorajuspodivm.com.br\/2024\/05\/13\/resumo-informativo-1-131-do-stf-de-16-de-abril-de-2024\/#breadcrumb\",\"itemListElement\":[{\"@type\":\"ListItem\",\"position\":1,\"name\":\"In\u00edcio\",\"item\":\"https:\/\/meusitejuridico.editorajuspodivm.com.br\/\"},{\"@type\":\"ListItem\",\"position\":2,\"name\":\"Resumo &#8211; Informativo 1.131 do STF, de 16 de abril de 2024\"}]},{\"@type\":\"WebSite\",\"@id\":\"https:\/\/meusitejuridico.editorajuspodivm.com.br\/#website\",\"url\":\"https:\/\/meusitejuridico.editorajuspodivm.com.br\/\",\"name\":\"Meu site jur\u00eddico\",\"description\":\"Meu site jur\u00eddico\",\"publisher\":{\"@id\":\"https:\/\/meusitejuridico.editorajuspodivm.com.br\/#organization\"},\"potentialAction\":[{\"@type\":\"SearchAction\",\"target\":{\"@type\":\"EntryPoint\",\"urlTemplate\":\"https:\/\/meusitejuridico.editorajuspodivm.com.br\/?s={search_term_string}\"},\"query-input\":{\"@type\":\"PropertyValueSpecification\",\"valueRequired\":true,\"valueName\":\"search_term_string\"}}],\"inLanguage\":\"pt-BR\"},{\"@type\":\"Organization\",\"@id\":\"https:\/\/meusitejuridico.editorajuspodivm.com.br\/#organization\",\"name\":\"Meu site jur\u00eddico\",\"url\":\"https:\/\/meusitejuridico.editorajuspodivm.com.br\/\",\"logo\":{\"@type\":\"ImageObject\",\"inLanguage\":\"pt-BR\",\"@id\":\"https:\/\/meusitejuridico.editorajuspodivm.com.br\/#\/schema\/logo\/image\/\",\"url\":\"https:\/\/webmail.meusitejuridico.com.br\/s.meusitejuridico\/2022\/03\/cropped-baeec2a3-msj-02-01-01.png\",\"contentUrl\":\"https:\/\/webmail.meusitejuridico.com.br\/s.meusitejuridico\/2022\/03\/cropped-baeec2a3-msj-02-01-01.png\",\"width\":349,\"height\":243,\"caption\":\"Meu site jur\u00eddico\"},\"image\":{\"@id\":\"https:\/\/meusitejuridico.editorajuspodivm.com.br\/#\/schema\/logo\/image\/\"}},{\"@type\":\"Person\",\"@id\":\"https:\/\/meusitejuridico.editorajuspodivm.com.br\/#\/schema\/person\/ae56313f17950dccef13d0989efd6d50\",\"name\":\"Rodrigo Leite\",\"image\":{\"@type\":\"ImageObject\",\"inLanguage\":\"pt-BR\",\"@id\":\"https:\/\/meusitejuridico.editorajuspodivm.com.br\/#\/schema\/person\/image\/\",\"url\":\"https:\/\/webmail.meusitejuridico.com.br\/s.meusitejuridico\/2021\/05\/8455192b-foto-site-rodrigo-leite-150x150.jpeg\",\"contentUrl\":\"https:\/\/webmail.meusitejuridico.com.br\/s.meusitejuridico\/2021\/05\/8455192b-foto-site-rodrigo-leite-150x150.jpeg\",\"caption\":\"Rodrigo Leite\"},\"description\":\"Coautor do livro \u201cAn\u00e1lise das Diverg\u00eancias Jurisprudenciais no STF e STJ\u201d, Editora Juspodivm. Autor do livro \u201cTombamento \u2013 Vol. 36 \u2013 Cole\u00e7\u00e3o Leis Especiais para Concursos\u201d, Editora Juspodivm. Autor do livro \u201cDesapropria\u00e7\u00e3o \u2013 Vol. 39 \u2013 Cole\u00e7\u00e3o Especiais para Concursos\u201d, Editora Juspodivm. Coautor do livro \u201cSaberes Jurisprudenciais\u201d, Editora Saraiva. Coorganizador do livro \u201cCPC na Jurisprud\u00eancia\\\", Editora Foco. Especialista em Direito P\u00fablico e Direito Processual Civil. Mestre em Direito Constitucional. Professor da P\u00f3s-gradua\u00e7\u00e3o em Direito Civil da Rede Anhaguera-Kroton. M\u00e1ster Universit\u00e1rio em Direito Constitucional pela Universidad Del Pa\u00eds Vasco, San Sebasti\u00e1n, Espanha. Advogado licenciado. Analista Judici\u00e1rio do TJRN. Assessor de Desembargador do TJRN.\",\"sameAs\":[\"https:\/\/www.editorajuspodivm.com.br\/autores\/detalhe\/85\",\"https:\/\/www.instagram.com\/rodrigocrleite\/\",\"https:\/\/x.com\/rodrigocrleite\"],\"url\":\"https:\/\/webmail.meusitejuridico.com.br\/author\/rodrigoleiterodrigoleite\/\"}]}<\/script>\n<!-- \/ Yoast SEO plugin. -->","yoast_head_json":{"title":"Resumo - Informativo 1.131 do STF, de 16 de abril de 2024 - Meu site jur\u00eddico","robots":{"index":"index","follow":"follow","max-snippet":"max-snippet:-1","max-image-preview":"max-image-preview:large","max-video-preview":"max-video-preview:-1"},"canonical":"https:\/\/meusitejuridico.editorajuspodivm.com.br\/2024\/05\/13\/resumo-informativo-1-131-do-stf-de-16-de-abril-de-2024\/","og_locale":"pt_BR","og_type":"article","og_title":"Resumo - Informativo 1.131 do STF, de 16 de abril de 2024 - Meu site jur\u00eddico","og_description":"PLEN\u00c1RIO &#8211; \u00c9 inconstitucional \u2014 por ofensa aos postulados da autonomia municipal (CF\/1988, art. 30, I) e do concurso p\u00fablico para provimento de cargos (CF\/1988, art. 37, II) \u2014 norma de Constitui\u00e7\u00e3o estadual que obrigue a cria\u00e7\u00e3o de Procuradorias nos munic\u00edpios e permite a contrata\u00e7\u00e3o, sem concurso p\u00fablico, de advogados para nelas atuarem \u2013 ADI [&hellip;]","og_url":"https:\/\/meusitejuridico.editorajuspodivm.com.br\/2024\/05\/13\/resumo-informativo-1-131-do-stf-de-16-de-abril-de-2024\/","og_site_name":"Meu site jur\u00eddico","article_published_time":"2024-05-13T11:23:14+00:00","article_modified_time":"2024-05-13T11:23:15+00:00","og_image":[{"width":4428,"height":3456,"url":"https:\/\/meusitejuridico.editorajuspodivm.com.br\/s.meusitejuridico\/2017\/04\/97b45834-shutterstock-257933135.jpg","type":"image\/jpeg"}],"author":"Rodrigo Leite","twitter_card":"summary_large_image","twitter_creator":"@rodrigocrleite","twitter_misc":{"Escrito por":"Rodrigo Leite","Est. tempo de leitura":"2 minutos"},"schema":{"@context":"https:\/\/schema.org","@graph":[{"@type":"Article","@id":"https:\/\/meusitejuridico.editorajuspodivm.com.br\/2024\/05\/13\/resumo-informativo-1-131-do-stf-de-16-de-abril-de-2024\/#article","isPartOf":{"@id":"https:\/\/meusitejuridico.editorajuspodivm.com.br\/2024\/05\/13\/resumo-informativo-1-131-do-stf-de-16-de-abril-de-2024\/"},"author":{"name":"Rodrigo Leite","@id":"https:\/\/meusitejuridico.editorajuspodivm.com.br\/#\/schema\/person\/ae56313f17950dccef13d0989efd6d50"},"headline":"Resumo &#8211; Informativo 1.131 do STF, de 16 de abril de 2024","datePublished":"2024-05-13T11:23:14+00:00","dateModified":"2024-05-13T11:23:15+00:00","mainEntityOfPage":{"@id":"https:\/\/meusitejuridico.editorajuspodivm.com.br\/2024\/05\/13\/resumo-informativo-1-131-do-stf-de-16-de-abril-de-2024\/"},"wordCount":482,"commentCount":0,"publisher":{"@id":"https:\/\/meusitejuridico.editorajuspodivm.com.br\/#organization"},"image":{"@id":"https:\/\/meusitejuridico.editorajuspodivm.com.br\/2024\/05\/13\/resumo-informativo-1-131-do-stf-de-16-de-abril-de-2024\/#primaryimage"},"thumbnailUrl":"https:\/\/webmail.meusitejuridico.com.br\/s.meusitejuridico\/2017\/04\/97b45834-shutterstock-257933135.jpg","articleSection":["Informativos"],"inLanguage":"pt-BR","potentialAction":[{"@type":"CommentAction","name":"Comment","target":["https:\/\/meusitejuridico.editorajuspodivm.com.br\/2024\/05\/13\/resumo-informativo-1-131-do-stf-de-16-de-abril-de-2024\/#respond"]}]},{"@type":"WebPage","@id":"https:\/\/meusitejuridico.editorajuspodivm.com.br\/2024\/05\/13\/resumo-informativo-1-131-do-stf-de-16-de-abril-de-2024\/","url":"https:\/\/meusitejuridico.editorajuspodivm.com.br\/2024\/05\/13\/resumo-informativo-1-131-do-stf-de-16-de-abril-de-2024\/","name":"Resumo - Informativo 1.131 do STF, de 16 de abril de 2024 - Meu site jur\u00eddico","isPartOf":{"@id":"https:\/\/meusitejuridico.editorajuspodivm.com.br\/#website"},"primaryImageOfPage":{"@id":"https:\/\/meusitejuridico.editorajuspodivm.com.br\/2024\/05\/13\/resumo-informativo-1-131-do-stf-de-16-de-abril-de-2024\/#primaryimage"},"image":{"@id":"https:\/\/meusitejuridico.editorajuspodivm.com.br\/2024\/05\/13\/resumo-informativo-1-131-do-stf-de-16-de-abril-de-2024\/#primaryimage"},"thumbnailUrl":"https:\/\/webmail.meusitejuridico.com.br\/s.meusitejuridico\/2017\/04\/97b45834-shutterstock-257933135.jpg","datePublished":"2024-05-13T11:23:14+00:00","dateModified":"2024-05-13T11:23:15+00:00","breadcrumb":{"@id":"https:\/\/meusitejuridico.editorajuspodivm.com.br\/2024\/05\/13\/resumo-informativo-1-131-do-stf-de-16-de-abril-de-2024\/#breadcrumb"},"inLanguage":"pt-BR","potentialAction":[{"@type":"ReadAction","target":["https:\/\/meusitejuridico.editorajuspodivm.com.br\/2024\/05\/13\/resumo-informativo-1-131-do-stf-de-16-de-abril-de-2024\/"]}]},{"@type":"ImageObject","inLanguage":"pt-BR","@id":"https:\/\/meusitejuridico.editorajuspodivm.com.br\/2024\/05\/13\/resumo-informativo-1-131-do-stf-de-16-de-abril-de-2024\/#primaryimage","url":"https:\/\/webmail.meusitejuridico.com.br\/s.meusitejuridico\/2017\/04\/97b45834-shutterstock-257933135.jpg","contentUrl":"https:\/\/webmail.meusitejuridico.com.br\/s.meusitejuridico\/2017\/04\/97b45834-shutterstock-257933135.jpg","width":4428,"height":3456},{"@type":"BreadcrumbList","@id":"https:\/\/meusitejuridico.editorajuspodivm.com.br\/2024\/05\/13\/resumo-informativo-1-131-do-stf-de-16-de-abril-de-2024\/#breadcrumb","itemListElement":[{"@type":"ListItem","position":1,"name":"In\u00edcio","item":"https:\/\/meusitejuridico.editorajuspodivm.com.br\/"},{"@type":"ListItem","position":2,"name":"Resumo &#8211; Informativo 1.131 do STF, de 16 de abril de 2024"}]},{"@type":"WebSite","@id":"https:\/\/meusitejuridico.editorajuspodivm.com.br\/#website","url":"https:\/\/meusitejuridico.editorajuspodivm.com.br\/","name":"Meu site jur\u00eddico","description":"Meu site jur\u00eddico","publisher":{"@id":"https:\/\/meusitejuridico.editorajuspodivm.com.br\/#organization"},"potentialAction":[{"@type":"SearchAction","target":{"@type":"EntryPoint","urlTemplate":"https:\/\/meusitejuridico.editorajuspodivm.com.br\/?s={search_term_string}"},"query-input":{"@type":"PropertyValueSpecification","valueRequired":true,"valueName":"search_term_string"}}],"inLanguage":"pt-BR"},{"@type":"Organization","@id":"https:\/\/meusitejuridico.editorajuspodivm.com.br\/#organization","name":"Meu site jur\u00eddico","url":"https:\/\/meusitejuridico.editorajuspodivm.com.br\/","logo":{"@type":"ImageObject","inLanguage":"pt-BR","@id":"https:\/\/meusitejuridico.editorajuspodivm.com.br\/#\/schema\/logo\/image\/","url":"https:\/\/webmail.meusitejuridico.com.br\/s.meusitejuridico\/2022\/03\/cropped-baeec2a3-msj-02-01-01.png","contentUrl":"https:\/\/webmail.meusitejuridico.com.br\/s.meusitejuridico\/2022\/03\/cropped-baeec2a3-msj-02-01-01.png","width":349,"height":243,"caption":"Meu site jur\u00eddico"},"image":{"@id":"https:\/\/meusitejuridico.editorajuspodivm.com.br\/#\/schema\/logo\/image\/"}},{"@type":"Person","@id":"https:\/\/meusitejuridico.editorajuspodivm.com.br\/#\/schema\/person\/ae56313f17950dccef13d0989efd6d50","name":"Rodrigo Leite","image":{"@type":"ImageObject","inLanguage":"pt-BR","@id":"https:\/\/meusitejuridico.editorajuspodivm.com.br\/#\/schema\/person\/image\/","url":"https:\/\/webmail.meusitejuridico.com.br\/s.meusitejuridico\/2021\/05\/8455192b-foto-site-rodrigo-leite-150x150.jpeg","contentUrl":"https:\/\/webmail.meusitejuridico.com.br\/s.meusitejuridico\/2021\/05\/8455192b-foto-site-rodrigo-leite-150x150.jpeg","caption":"Rodrigo Leite"},"description":"Coautor do livro \u201cAn\u00e1lise das Diverg\u00eancias Jurisprudenciais no STF e STJ\u201d, Editora Juspodivm. Autor do livro \u201cTombamento \u2013 Vol. 36 \u2013 Cole\u00e7\u00e3o Leis Especiais para Concursos\u201d, Editora Juspodivm. Autor do livro \u201cDesapropria\u00e7\u00e3o \u2013 Vol. 39 \u2013 Cole\u00e7\u00e3o Especiais para Concursos\u201d, Editora Juspodivm. Coautor do livro \u201cSaberes Jurisprudenciais\u201d, Editora Saraiva. Coorganizador do livro \u201cCPC na Jurisprud\u00eancia\", Editora Foco. Especialista em Direito P\u00fablico e Direito Processual Civil. Mestre em Direito Constitucional. Professor da P\u00f3s-gradua\u00e7\u00e3o em Direito Civil da Rede Anhaguera-Kroton. M\u00e1ster Universit\u00e1rio em Direito Constitucional pela Universidad Del Pa\u00eds Vasco, San Sebasti\u00e1n, Espanha. Advogado licenciado. Analista Judici\u00e1rio do TJRN. Assessor de Desembargador do TJRN.","sameAs":["https:\/\/www.editorajuspodivm.com.br\/autores\/detalhe\/85","https:\/\/www.instagram.com\/rodrigocrleite\/","https:\/\/x.com\/rodrigocrleite"],"url":"https:\/\/webmail.meusitejuridico.com.br\/author\/rodrigoleiterodrigoleite\/"}]}},"_links":{"self":[{"href":"https:\/\/webmail.meusitejuridico.com.br\/api\/wp\/v2\/posts\/20600","targetHints":{"allow":["GET"]}}],"collection":[{"href":"https:\/\/webmail.meusitejuridico.com.br\/api\/wp\/v2\/posts"}],"about":[{"href":"https:\/\/webmail.meusitejuridico.com.br\/api\/wp\/v2\/types\/post"}],"author":[{"embeddable":true,"href":"https:\/\/webmail.meusitejuridico.com.br\/api\/wp\/v2\/users\/131"}],"replies":[{"embeddable":true,"href":"https:\/\/webmail.meusitejuridico.com.br\/api\/wp\/v2\/comments?post=20600"}],"version-history":[{"count":1,"href":"https:\/\/webmail.meusitejuridico.com.br\/api\/wp\/v2\/posts\/20600\/revisions"}],"predecessor-version":[{"id":20601,"href":"https:\/\/webmail.meusitejuridico.com.br\/api\/wp\/v2\/posts\/20600\/revisions\/20601"}],"wp:featuredmedia":[{"embeddable":true,"href":"https:\/\/webmail.meusitejuridico.com.br\/api\/wp\/v2\/media\/1913"}],"wp:attachment":[{"href":"https:\/\/webmail.meusitejuridico.com.br\/api\/wp\/v2\/media?parent=20600"}],"wp:term":[{"taxonomy":"category","embeddable":true,"href":"https:\/\/webmail.meusitejuridico.com.br\/api\/wp\/v2\/categories?post=20600"},{"taxonomy":"post_tag","embeddable":true,"href":"https:\/\/webmail.meusitejuridico.com.br\/api\/wp\/v2\/tags?post=20600"}],"curies":[{"name":"wp","href":"https:\/\/api.w.org\/{rel}","templated":true}]}}