{"id":20591,"date":"2024-05-10T12:29:36","date_gmt":"2024-05-10T15:29:36","guid":{"rendered":"https:\/\/meusitejuridico.editorajuspodivm.com.br\/?p=20591"},"modified":"2024-05-10T12:29:38","modified_gmt":"2024-05-10T15:29:38","slug":"resumo-informativos-1129-e-1130-do-stf","status":"publish","type":"post","link":"https:\/\/webmail.meusitejuridico.com.br\/2024\/05\/10\/resumo-informativos-1129-e-1130-do-stf\/","title":{"rendered":"Resumo &#8211; Informativos 1129 e 1130 do STF"},"content":{"rendered":"\n<p><strong>INFO 1129<\/strong><\/p>\n\n\n\n<p><strong>PLEN\u00c1RIO<\/strong><\/p>\n\n\n\n<p>&#8211; N\u00e3o h\u00e1 estado de coisas inconstitucional na pol\u00edtica de prote\u00e7\u00e3o ambiental da Amaz\u00f4nia e do Pantanal. Contudo, para o efetivo cumprimento do direito constitucional ao meio ambiente ecologicamente equilibrado e do respectivo dever do Poder P\u00fablico em defend\u00ea-lo e preserv\u00e1-lo para as presentes e futuras gera\u00e7\u00f5es (CF\/1988, art. 225), \u00e9 necess\u00e1ria a ado\u00e7\u00e3o de algumas provid\u00eancias \u2013 <strong>ADPFs 743\/DF, 746\/DF <\/strong>e<strong> 857\/MS<\/strong>, julgamento virtual finalizado em 20\/3\/2024.<\/p>\n\n\n\n<p>&#8211; A institui\u00e7\u00e3o da Pol\u00edcia Penal (art. 144, \u00a7 5\u00ba-A, da CF\/1988, inserido pela EC n\u00ba 104\/2019), novo \u00f3rg\u00e3o na estrutura administrativa estadual para o desempenho de fun\u00e7\u00f5es at\u00e9 ent\u00e3o exercidas por servidores de outras carreiras, demanda estudos de ordem financeira e administrativa, cuja complexidade excede o ordin\u00e1rio e imp\u00f5e, \u00e0 luz do princ\u00edpio da razoabilidade, prazo condizente para a atua\u00e7\u00e3o do Poder Legislativo local \u2013 <strong>ADO 72 AgR\/SP<\/strong>, julgamento virtual finalizado em 22\/3\/2024.<\/p>\n\n\n\n<p>&#8211; A regra de transi\u00e7\u00e3o da Lei n\u00ba 9.876\/1999, que exclui os sal\u00e1rios anteriores a julho de 1994 do c\u00e1lculo da aposentadoria (dada a instabilidade da moeda brasileira antes da ado\u00e7\u00e3o do real), \u00e9 de aplicabilidade obrigat\u00f3ria, sendo vedado ao segurado escolher uma outra forma de c\u00e1lculo, ainda que lhe seja mais ben\u00e9fica \u2013 ADI 2.110\/DF e ADI 2.111\/DF, julgamento virtual finalizado em 21\/3\/2024 \u2013 <strong>ADI 2.110\/DF <\/strong>e<strong> ADI 2.111\/DF<\/strong>, julgamento virtual finalizado em 21\/3\/2024.<\/p>\n\n\n\n<p>&#8211; \u00c9 inconstitucional \u2014 por violar os princ\u00edpios da isonomia, da razoabilidade e da prote\u00e7\u00e3o constitucional \u00e0 maternidade \u2014 o per\u00edodo de car\u00eancia (10 contribui\u00e7\u00f5es mensais) para a concess\u00e3o do benef\u00edcio de sal\u00e1rio-maternidade exigido para algumas categorias de seguradas (Lei n\u00ba 8.213\/1991, arts. 25, III, e 26, VI) \u2013 <strong>ADI 2.110\/DF <\/strong>e <strong>ADI 2.111\/DF<\/strong>, julgamento virtual finalizado em 21\/3\/2024.<\/p>\n\n\n\n<p>&#8211; O adimplemento da pena de multa conjuntamente cominada com a pena privativa de liberdade \u00e9 condi\u00e7\u00e3o para o reconhecimento da extin\u00e7\u00e3o da punibilidade, salvo na situa\u00e7\u00e3o de comprovada impossibilidade pelo apenado, ainda que de forma parcelada \u2013 <strong>ADI 7.032\/DF<\/strong>, julgamento virtual finalizado em 22\/3\/2024.<\/p>\n\n\n\n<p>_____________________<\/p>\n\n\n\n<p><strong>INFO 1130<\/strong><\/p>\n\n\n\n<p><strong>PLEN\u00c1RIO<\/strong><\/p>\n\n\n\n<p>&#8211; S\u00e3o inconstitucionais dispositivos de Constitui\u00e7\u00e3o estadual que definem como atividade de risco an\u00e1loga ao exerc\u00edcio da atividade policial a atua\u00e7\u00e3o dos membros do Minist\u00e9rio P\u00fablico, do Poder Judici\u00e1rio, da Defensoria P\u00fablica e dos Procuradores do Estado e dos Munic\u00edpios, dos Oficiais de Justi\u00e7a e Auditores Fiscais de tributos estaduais, e a eles estendem benef\u00edcios previdenci\u00e1rios exclusivos dos servidores policiais, tais como a aposentadoria especial e a pens\u00e3o por morte \u2013 <strong>ADI 7.494\/RO<\/strong>, julgamento virtual finalizado em 3\/4\/2024.<\/p>\n\n\n\n<p>&#8211; Atende aos preceitos da Lei Federal n\u00ba 10.169\/2000 a cria\u00e7\u00e3o, por lei estadual, de fundo de apoio ao registro das pessoas naturais para compensar a realiza\u00e7\u00e3o dos servi\u00e7os gratuitos notariais \u2013 <strong>ADI 7.472\/PB<\/strong>, julgamento virtual finalizado em 3\/4\/2024.<\/p>\n\n\n\n<p>_____________________<\/p>\n","protected":false},"excerpt":{"rendered":"<p>INFO 1129 PLEN\u00c1RIO &#8211; N\u00e3o h\u00e1 estado de coisas inconstitucional na pol\u00edtica de prote\u00e7\u00e3o ambiental da Amaz\u00f4nia e do Pantanal. Contudo, para o efetivo cumprimento do direito constitucional ao meio ambiente ecologicamente equilibrado e do respectivo dever do Poder P\u00fablico em defend\u00ea-lo e preserv\u00e1-lo para as presentes e futuras gera\u00e7\u00f5es (CF\/1988, art. 225), \u00e9 necess\u00e1ria [&hellip;]<\/p>\n","protected":false},"author":131,"featured_media":350,"comment_status":"open","ping_status":"open","sticky":false,"template":"","format":"standard","meta":{"_acf_changed":false,"footnotes":""},"categories":[70],"tags":[],"class_list":["post-20591","post","type-post","status-publish","format-standard","has-post-thumbnail","hentry","category-informativos-comentados"],"acf":[],"yoast_head":"<!-- This site is optimized with the Yoast SEO plugin v24.8.1 - https:\/\/yoast.com\/wordpress\/plugins\/seo\/ -->\n<title>Resumo - Informativos 1129 e 1130 do STF - Meu site jur\u00eddico<\/title>\n<meta name=\"robots\" content=\"index, follow, max-snippet:-1, max-image-preview:large, max-video-preview:-1\" \/>\n<link rel=\"canonical\" href=\"https:\/\/meusitejuridico.com.br\/2024\/05\/10\/resumo-informativos-1129-e-1130-do-stf\/\" \/>\n<meta property=\"og:locale\" content=\"pt_BR\" \/>\n<meta property=\"og:type\" content=\"article\" \/>\n<meta property=\"og:title\" content=\"Resumo - Informativos 1129 e 1130 do STF - Meu site jur\u00eddico\" \/>\n<meta property=\"og:description\" content=\"INFO 1129 PLEN\u00c1RIO &#8211; N\u00e3o h\u00e1 estado de coisas inconstitucional na pol\u00edtica de prote\u00e7\u00e3o ambiental da Amaz\u00f4nia e do Pantanal. Contudo, para o efetivo cumprimento do direito constitucional ao meio ambiente ecologicamente equilibrado e do respectivo dever do Poder P\u00fablico em defend\u00ea-lo e preserv\u00e1-lo para as presentes e futuras gera\u00e7\u00f5es (CF\/1988, art. 225), \u00e9 necess\u00e1ria [&hellip;]\" \/>\n<meta property=\"og:url\" content=\"https:\/\/meusitejuridico.com.br\/2024\/05\/10\/resumo-informativos-1129-e-1130-do-stf\/\" \/>\n<meta property=\"og:site_name\" content=\"Meu site jur\u00eddico\" \/>\n<meta property=\"article:published_time\" content=\"2024-05-10T15:29:36+00:00\" \/>\n<meta property=\"article:modified_time\" content=\"2024-05-10T15:29:38+00:00\" \/>\n<meta property=\"og:image\" content=\"https:\/\/meusitejuridico.com.br\/s.meusitejuridico\/2021\/09\/direito-noticias-concursos-publicos-12-220242.png\" \/>\n\t<meta property=\"og:image:width\" content=\"279\" \/>\n\t<meta property=\"og:image:height\" content=\"190\" \/>\n\t<meta property=\"og:image:type\" content=\"image\/png\" \/>\n<meta name=\"author\" content=\"Rodrigo Leite\" \/>\n<meta name=\"twitter:card\" content=\"summary_large_image\" \/>\n<meta name=\"twitter:creator\" content=\"@rodrigocrleite\" \/>\n<meta name=\"twitter:label1\" content=\"Escrito por\" \/>\n\t<meta name=\"twitter:data1\" content=\"Rodrigo Leite\" \/>\n\t<meta name=\"twitter:label2\" content=\"Est. tempo de leitura\" \/>\n\t<meta name=\"twitter:data2\" content=\"2 minutos\" \/>\n<script type=\"application\/ld+json\" class=\"yoast-schema-graph\">{\"@context\":\"https:\/\/schema.org\",\"@graph\":[{\"@type\":\"Article\",\"@id\":\"https:\/\/meusitejuridico.com.br\/2024\/05\/10\/resumo-informativos-1129-e-1130-do-stf\/#article\",\"isPartOf\":{\"@id\":\"https:\/\/meusitejuridico.com.br\/2024\/05\/10\/resumo-informativos-1129-e-1130-do-stf\/\"},\"author\":{\"name\":\"Rodrigo Leite\",\"@id\":\"https:\/\/meusitejuridico.editorajuspodivm.com.br\/#\/schema\/person\/ae56313f17950dccef13d0989efd6d50\"},\"headline\":\"Resumo &#8211; Informativos 1129 e 1130 do STF\",\"datePublished\":\"2024-05-10T15:29:36+00:00\",\"dateModified\":\"2024-05-10T15:29:38+00:00\",\"mainEntityOfPage\":{\"@id\":\"https:\/\/meusitejuridico.com.br\/2024\/05\/10\/resumo-informativos-1129-e-1130-do-stf\/\"},\"wordCount\":470,\"commentCount\":0,\"publisher\":{\"@id\":\"https:\/\/meusitejuridico.editorajuspodivm.com.br\/#organization\"},\"image\":{\"@id\":\"https:\/\/meusitejuridico.com.br\/2024\/05\/10\/resumo-informativos-1129-e-1130-do-stf\/#primaryimage\"},\"thumbnailUrl\":\"https:\/\/webmail.meusitejuridico.com.br\/s.meusitejuridico\/2021\/09\/direito-noticias-concursos-publicos-12-220242.png\",\"articleSection\":[\"Informativos\"],\"inLanguage\":\"pt-BR\",\"potentialAction\":[{\"@type\":\"CommentAction\",\"name\":\"Comment\",\"target\":[\"https:\/\/meusitejuridico.com.br\/2024\/05\/10\/resumo-informativos-1129-e-1130-do-stf\/#respond\"]}]},{\"@type\":\"WebPage\",\"@id\":\"https:\/\/meusitejuridico.com.br\/2024\/05\/10\/resumo-informativos-1129-e-1130-do-stf\/\",\"url\":\"https:\/\/meusitejuridico.com.br\/2024\/05\/10\/resumo-informativos-1129-e-1130-do-stf\/\",\"name\":\"Resumo - Informativos 1129 e 1130 do STF - Meu site jur\u00eddico\",\"isPartOf\":{\"@id\":\"https:\/\/meusitejuridico.editorajuspodivm.com.br\/#website\"},\"primaryImageOfPage\":{\"@id\":\"https:\/\/meusitejuridico.com.br\/2024\/05\/10\/resumo-informativos-1129-e-1130-do-stf\/#primaryimage\"},\"image\":{\"@id\":\"https:\/\/meusitejuridico.com.br\/2024\/05\/10\/resumo-informativos-1129-e-1130-do-stf\/#primaryimage\"},\"thumbnailUrl\":\"https:\/\/webmail.meusitejuridico.com.br\/s.meusitejuridico\/2021\/09\/direito-noticias-concursos-publicos-12-220242.png\",\"datePublished\":\"2024-05-10T15:29:36+00:00\",\"dateModified\":\"2024-05-10T15:29:38+00:00\",\"breadcrumb\":{\"@id\":\"https:\/\/meusitejuridico.com.br\/2024\/05\/10\/resumo-informativos-1129-e-1130-do-stf\/#breadcrumb\"},\"inLanguage\":\"pt-BR\",\"potentialAction\":[{\"@type\":\"ReadAction\",\"target\":[\"https:\/\/meusitejuridico.com.br\/2024\/05\/10\/resumo-informativos-1129-e-1130-do-stf\/\"]}]},{\"@type\":\"ImageObject\",\"inLanguage\":\"pt-BR\",\"@id\":\"https:\/\/meusitejuridico.com.br\/2024\/05\/10\/resumo-informativos-1129-e-1130-do-stf\/#primaryimage\",\"url\":\"https:\/\/webmail.meusitejuridico.com.br\/s.meusitejuridico\/2021\/09\/direito-noticias-concursos-publicos-12-220242.png\",\"contentUrl\":\"https:\/\/webmail.meusitejuridico.com.br\/s.meusitejuridico\/2021\/09\/direito-noticias-concursos-publicos-12-220242.png\",\"width\":279,\"height\":190,\"caption\":\"direito noticias concursos publicos\"},{\"@type\":\"BreadcrumbList\",\"@id\":\"https:\/\/meusitejuridico.com.br\/2024\/05\/10\/resumo-informativos-1129-e-1130-do-stf\/#breadcrumb\",\"itemListElement\":[{\"@type\":\"ListItem\",\"position\":1,\"name\":\"In\u00edcio\",\"item\":\"https:\/\/meusitejuridico.editorajuspodivm.com.br\/\"},{\"@type\":\"ListItem\",\"position\":2,\"name\":\"Resumo &#8211; Informativos 1129 e 1130 do STF\"}]},{\"@type\":\"WebSite\",\"@id\":\"https:\/\/meusitejuridico.editorajuspodivm.com.br\/#website\",\"url\":\"https:\/\/meusitejuridico.editorajuspodivm.com.br\/\",\"name\":\"Meu site jur\u00eddico\",\"description\":\"Meu site jur\u00eddico\",\"publisher\":{\"@id\":\"https:\/\/meusitejuridico.editorajuspodivm.com.br\/#organization\"},\"potentialAction\":[{\"@type\":\"SearchAction\",\"target\":{\"@type\":\"EntryPoint\",\"urlTemplate\":\"https:\/\/meusitejuridico.editorajuspodivm.com.br\/?s={search_term_string}\"},\"query-input\":{\"@type\":\"PropertyValueSpecification\",\"valueRequired\":true,\"valueName\":\"search_term_string\"}}],\"inLanguage\":\"pt-BR\"},{\"@type\":\"Organization\",\"@id\":\"https:\/\/meusitejuridico.editorajuspodivm.com.br\/#organization\",\"name\":\"Meu site jur\u00eddico\",\"url\":\"https:\/\/meusitejuridico.editorajuspodivm.com.br\/\",\"logo\":{\"@type\":\"ImageObject\",\"inLanguage\":\"pt-BR\",\"@id\":\"https:\/\/meusitejuridico.editorajuspodivm.com.br\/#\/schema\/logo\/image\/\",\"url\":\"https:\/\/webmail.meusitejuridico.com.br\/s.meusitejuridico\/2022\/03\/cropped-baeec2a3-msj-02-01-01.png\",\"contentUrl\":\"https:\/\/webmail.meusitejuridico.com.br\/s.meusitejuridico\/2022\/03\/cropped-baeec2a3-msj-02-01-01.png\",\"width\":349,\"height\":243,\"caption\":\"Meu site jur\u00eddico\"},\"image\":{\"@id\":\"https:\/\/meusitejuridico.editorajuspodivm.com.br\/#\/schema\/logo\/image\/\"}},{\"@type\":\"Person\",\"@id\":\"https:\/\/meusitejuridico.editorajuspodivm.com.br\/#\/schema\/person\/ae56313f17950dccef13d0989efd6d50\",\"name\":\"Rodrigo Leite\",\"image\":{\"@type\":\"ImageObject\",\"inLanguage\":\"pt-BR\",\"@id\":\"https:\/\/meusitejuridico.editorajuspodivm.com.br\/#\/schema\/person\/image\/\",\"url\":\"https:\/\/webmail.meusitejuridico.com.br\/s.meusitejuridico\/2021\/05\/8455192b-foto-site-rodrigo-leite-150x150.jpeg\",\"contentUrl\":\"https:\/\/webmail.meusitejuridico.com.br\/s.meusitejuridico\/2021\/05\/8455192b-foto-site-rodrigo-leite-150x150.jpeg\",\"caption\":\"Rodrigo Leite\"},\"description\":\"Coautor do livro \u201cAn\u00e1lise das Diverg\u00eancias Jurisprudenciais no STF e STJ\u201d, Editora Juspodivm. Autor do livro \u201cTombamento \u2013 Vol. 36 \u2013 Cole\u00e7\u00e3o Leis Especiais para Concursos\u201d, Editora Juspodivm. Autor do livro \u201cDesapropria\u00e7\u00e3o \u2013 Vol. 39 \u2013 Cole\u00e7\u00e3o Especiais para Concursos\u201d, Editora Juspodivm. Coautor do livro \u201cSaberes Jurisprudenciais\u201d, Editora Saraiva. Coorganizador do livro \u201cCPC na Jurisprud\u00eancia\\\", Editora Foco. Especialista em Direito P\u00fablico e Direito Processual Civil. Mestre em Direito Constitucional. Professor da P\u00f3s-gradua\u00e7\u00e3o em Direito Civil da Rede Anhaguera-Kroton. M\u00e1ster Universit\u00e1rio em Direito Constitucional pela Universidad Del Pa\u00eds Vasco, San Sebasti\u00e1n, Espanha. Advogado licenciado. Analista Judici\u00e1rio do TJRN. Assessor de Desembargador do TJRN.\",\"sameAs\":[\"https:\/\/www.editorajuspodivm.com.br\/autores\/detalhe\/85\",\"https:\/\/www.instagram.com\/rodrigocrleite\/\",\"https:\/\/x.com\/rodrigocrleite\"],\"url\":\"https:\/\/webmail.meusitejuridico.com.br\/author\/rodrigoleiterodrigoleite\/\"}]}<\/script>\n<!-- \/ Yoast SEO plugin. -->","yoast_head_json":{"title":"Resumo - Informativos 1129 e 1130 do STF - Meu site jur\u00eddico","robots":{"index":"index","follow":"follow","max-snippet":"max-snippet:-1","max-image-preview":"max-image-preview:large","max-video-preview":"max-video-preview:-1"},"canonical":"https:\/\/meusitejuridico.com.br\/2024\/05\/10\/resumo-informativos-1129-e-1130-do-stf\/","og_locale":"pt_BR","og_type":"article","og_title":"Resumo - Informativos 1129 e 1130 do STF - Meu site jur\u00eddico","og_description":"INFO 1129 PLEN\u00c1RIO &#8211; N\u00e3o h\u00e1 estado de coisas inconstitucional na pol\u00edtica de prote\u00e7\u00e3o ambiental da Amaz\u00f4nia e do Pantanal. Contudo, para o efetivo cumprimento do direito constitucional ao meio ambiente ecologicamente equilibrado e do respectivo dever do Poder P\u00fablico em defend\u00ea-lo e preserv\u00e1-lo para as presentes e futuras gera\u00e7\u00f5es (CF\/1988, art. 225), \u00e9 necess\u00e1ria [&hellip;]","og_url":"https:\/\/meusitejuridico.com.br\/2024\/05\/10\/resumo-informativos-1129-e-1130-do-stf\/","og_site_name":"Meu site jur\u00eddico","article_published_time":"2024-05-10T15:29:36+00:00","article_modified_time":"2024-05-10T15:29:38+00:00","og_image":[{"width":279,"height":190,"url":"https:\/\/meusitejuridico.com.br\/s.meusitejuridico\/2021\/09\/direito-noticias-concursos-publicos-12-220242.png","type":"image\/png"}],"author":"Rodrigo Leite","twitter_card":"summary_large_image","twitter_creator":"@rodrigocrleite","twitter_misc":{"Escrito por":"Rodrigo Leite","Est. tempo de leitura":"2 minutos"},"schema":{"@context":"https:\/\/schema.org","@graph":[{"@type":"Article","@id":"https:\/\/meusitejuridico.com.br\/2024\/05\/10\/resumo-informativos-1129-e-1130-do-stf\/#article","isPartOf":{"@id":"https:\/\/meusitejuridico.com.br\/2024\/05\/10\/resumo-informativos-1129-e-1130-do-stf\/"},"author":{"name":"Rodrigo Leite","@id":"https:\/\/meusitejuridico.editorajuspodivm.com.br\/#\/schema\/person\/ae56313f17950dccef13d0989efd6d50"},"headline":"Resumo &#8211; Informativos 1129 e 1130 do STF","datePublished":"2024-05-10T15:29:36+00:00","dateModified":"2024-05-10T15:29:38+00:00","mainEntityOfPage":{"@id":"https:\/\/meusitejuridico.com.br\/2024\/05\/10\/resumo-informativos-1129-e-1130-do-stf\/"},"wordCount":470,"commentCount":0,"publisher":{"@id":"https:\/\/meusitejuridico.editorajuspodivm.com.br\/#organization"},"image":{"@id":"https:\/\/meusitejuridico.com.br\/2024\/05\/10\/resumo-informativos-1129-e-1130-do-stf\/#primaryimage"},"thumbnailUrl":"https:\/\/webmail.meusitejuridico.com.br\/s.meusitejuridico\/2021\/09\/direito-noticias-concursos-publicos-12-220242.png","articleSection":["Informativos"],"inLanguage":"pt-BR","potentialAction":[{"@type":"CommentAction","name":"Comment","target":["https:\/\/meusitejuridico.com.br\/2024\/05\/10\/resumo-informativos-1129-e-1130-do-stf\/#respond"]}]},{"@type":"WebPage","@id":"https:\/\/meusitejuridico.com.br\/2024\/05\/10\/resumo-informativos-1129-e-1130-do-stf\/","url":"https:\/\/meusitejuridico.com.br\/2024\/05\/10\/resumo-informativos-1129-e-1130-do-stf\/","name":"Resumo - Informativos 1129 e 1130 do STF - Meu site jur\u00eddico","isPartOf":{"@id":"https:\/\/meusitejuridico.editorajuspodivm.com.br\/#website"},"primaryImageOfPage":{"@id":"https:\/\/meusitejuridico.com.br\/2024\/05\/10\/resumo-informativos-1129-e-1130-do-stf\/#primaryimage"},"image":{"@id":"https:\/\/meusitejuridico.com.br\/2024\/05\/10\/resumo-informativos-1129-e-1130-do-stf\/#primaryimage"},"thumbnailUrl":"https:\/\/webmail.meusitejuridico.com.br\/s.meusitejuridico\/2021\/09\/direito-noticias-concursos-publicos-12-220242.png","datePublished":"2024-05-10T15:29:36+00:00","dateModified":"2024-05-10T15:29:38+00:00","breadcrumb":{"@id":"https:\/\/meusitejuridico.com.br\/2024\/05\/10\/resumo-informativos-1129-e-1130-do-stf\/#breadcrumb"},"inLanguage":"pt-BR","potentialAction":[{"@type":"ReadAction","target":["https:\/\/meusitejuridico.com.br\/2024\/05\/10\/resumo-informativos-1129-e-1130-do-stf\/"]}]},{"@type":"ImageObject","inLanguage":"pt-BR","@id":"https:\/\/meusitejuridico.com.br\/2024\/05\/10\/resumo-informativos-1129-e-1130-do-stf\/#primaryimage","url":"https:\/\/webmail.meusitejuridico.com.br\/s.meusitejuridico\/2021\/09\/direito-noticias-concursos-publicos-12-220242.png","contentUrl":"https:\/\/webmail.meusitejuridico.com.br\/s.meusitejuridico\/2021\/09\/direito-noticias-concursos-publicos-12-220242.png","width":279,"height":190,"caption":"direito noticias concursos publicos"},{"@type":"BreadcrumbList","@id":"https:\/\/meusitejuridico.com.br\/2024\/05\/10\/resumo-informativos-1129-e-1130-do-stf\/#breadcrumb","itemListElement":[{"@type":"ListItem","position":1,"name":"In\u00edcio","item":"https:\/\/meusitejuridico.editorajuspodivm.com.br\/"},{"@type":"ListItem","position":2,"name":"Resumo &#8211; Informativos 1129 e 1130 do STF"}]},{"@type":"WebSite","@id":"https:\/\/meusitejuridico.editorajuspodivm.com.br\/#website","url":"https:\/\/meusitejuridico.editorajuspodivm.com.br\/","name":"Meu site jur\u00eddico","description":"Meu site jur\u00eddico","publisher":{"@id":"https:\/\/meusitejuridico.editorajuspodivm.com.br\/#organization"},"potentialAction":[{"@type":"SearchAction","target":{"@type":"EntryPoint","urlTemplate":"https:\/\/meusitejuridico.editorajuspodivm.com.br\/?s={search_term_string}"},"query-input":{"@type":"PropertyValueSpecification","valueRequired":true,"valueName":"search_term_string"}}],"inLanguage":"pt-BR"},{"@type":"Organization","@id":"https:\/\/meusitejuridico.editorajuspodivm.com.br\/#organization","name":"Meu site jur\u00eddico","url":"https:\/\/meusitejuridico.editorajuspodivm.com.br\/","logo":{"@type":"ImageObject","inLanguage":"pt-BR","@id":"https:\/\/meusitejuridico.editorajuspodivm.com.br\/#\/schema\/logo\/image\/","url":"https:\/\/webmail.meusitejuridico.com.br\/s.meusitejuridico\/2022\/03\/cropped-baeec2a3-msj-02-01-01.png","contentUrl":"https:\/\/webmail.meusitejuridico.com.br\/s.meusitejuridico\/2022\/03\/cropped-baeec2a3-msj-02-01-01.png","width":349,"height":243,"caption":"Meu site jur\u00eddico"},"image":{"@id":"https:\/\/meusitejuridico.editorajuspodivm.com.br\/#\/schema\/logo\/image\/"}},{"@type":"Person","@id":"https:\/\/meusitejuridico.editorajuspodivm.com.br\/#\/schema\/person\/ae56313f17950dccef13d0989efd6d50","name":"Rodrigo Leite","image":{"@type":"ImageObject","inLanguage":"pt-BR","@id":"https:\/\/meusitejuridico.editorajuspodivm.com.br\/#\/schema\/person\/image\/","url":"https:\/\/webmail.meusitejuridico.com.br\/s.meusitejuridico\/2021\/05\/8455192b-foto-site-rodrigo-leite-150x150.jpeg","contentUrl":"https:\/\/webmail.meusitejuridico.com.br\/s.meusitejuridico\/2021\/05\/8455192b-foto-site-rodrigo-leite-150x150.jpeg","caption":"Rodrigo Leite"},"description":"Coautor do livro \u201cAn\u00e1lise das Diverg\u00eancias Jurisprudenciais no STF e STJ\u201d, Editora Juspodivm. Autor do livro \u201cTombamento \u2013 Vol. 36 \u2013 Cole\u00e7\u00e3o Leis Especiais para Concursos\u201d, Editora Juspodivm. Autor do livro \u201cDesapropria\u00e7\u00e3o \u2013 Vol. 39 \u2013 Cole\u00e7\u00e3o Especiais para Concursos\u201d, Editora Juspodivm. Coautor do livro \u201cSaberes Jurisprudenciais\u201d, Editora Saraiva. Coorganizador do livro \u201cCPC na Jurisprud\u00eancia\", Editora Foco. Especialista em Direito P\u00fablico e Direito Processual Civil. Mestre em Direito Constitucional. Professor da P\u00f3s-gradua\u00e7\u00e3o em Direito Civil da Rede Anhaguera-Kroton. M\u00e1ster Universit\u00e1rio em Direito Constitucional pela Universidad Del Pa\u00eds Vasco, San Sebasti\u00e1n, Espanha. Advogado licenciado. Analista Judici\u00e1rio do TJRN. Assessor de Desembargador do TJRN.","sameAs":["https:\/\/www.editorajuspodivm.com.br\/autores\/detalhe\/85","https:\/\/www.instagram.com\/rodrigocrleite\/","https:\/\/x.com\/rodrigocrleite"],"url":"https:\/\/webmail.meusitejuridico.com.br\/author\/rodrigoleiterodrigoleite\/"}]}},"_links":{"self":[{"href":"https:\/\/webmail.meusitejuridico.com.br\/api\/wp\/v2\/posts\/20591","targetHints":{"allow":["GET"]}}],"collection":[{"href":"https:\/\/webmail.meusitejuridico.com.br\/api\/wp\/v2\/posts"}],"about":[{"href":"https:\/\/webmail.meusitejuridico.com.br\/api\/wp\/v2\/types\/post"}],"author":[{"embeddable":true,"href":"https:\/\/webmail.meusitejuridico.com.br\/api\/wp\/v2\/users\/131"}],"replies":[{"embeddable":true,"href":"https:\/\/webmail.meusitejuridico.com.br\/api\/wp\/v2\/comments?post=20591"}],"version-history":[{"count":1,"href":"https:\/\/webmail.meusitejuridico.com.br\/api\/wp\/v2\/posts\/20591\/revisions"}],"predecessor-version":[{"id":20592,"href":"https:\/\/webmail.meusitejuridico.com.br\/api\/wp\/v2\/posts\/20591\/revisions\/20592"}],"wp:featuredmedia":[{"embeddable":true,"href":"https:\/\/webmail.meusitejuridico.com.br\/api\/wp\/v2\/media\/350"}],"wp:attachment":[{"href":"https:\/\/webmail.meusitejuridico.com.br\/api\/wp\/v2\/media?parent=20591"}],"wp:term":[{"taxonomy":"category","embeddable":true,"href":"https:\/\/webmail.meusitejuridico.com.br\/api\/wp\/v2\/categories?post=20591"},{"taxonomy":"post_tag","embeddable":true,"href":"https:\/\/webmail.meusitejuridico.com.br\/api\/wp\/v2\/tags?post=20591"}],"curies":[{"name":"wp","href":"https:\/\/api.w.org\/{rel}","templated":true}]}}