{"id":20579,"date":"2024-05-07T12:41:23","date_gmt":"2024-05-07T15:41:23","guid":{"rendered":"https:\/\/meusitejuridico.editorajuspodivm.com.br\/?p=20579"},"modified":"2024-05-07T12:41:25","modified_gmt":"2024-05-07T15:41:25","slug":"resumo-informativos-1127-e-1128-do-stf","status":"publish","type":"post","link":"https:\/\/webmail.meusitejuridico.com.br\/2024\/05\/07\/resumo-informativos-1127-e-1128-do-stf\/","title":{"rendered":"Resumo &#8211; Informativos 1127 e 1128 do STF"},"content":{"rendered":"\n<p><strong>INFO 1027<\/strong><\/p>\n\n\n\n<p><strong>PLEN\u00c1RIO<\/strong><\/p>\n\n\n\n<p>&#8211; S\u00e3o inconstitucionais \u2014 por ofensa ao princ\u00edpio da unicidade org\u00e2nica da advocacia p\u00fablica estadual (CF\/1988, art. 132, caput) \u2014 normas locais que preveem cargos e carreiras de advogado ou de procurador para viabilizar a cria\u00e7\u00e3o ou a manuten\u00e7\u00e3o de \u00f3rg\u00e3os de assessoramento jur\u00eddico no \u00e2mbito de autarquias e funda\u00e7\u00f5es estaduais. Esse entendimento n\u00e3o se aplica, dentre outros casos, na hip\u00f3tese de institui\u00e7\u00e3o de procuradorias em universidades estaduais e de manuten\u00e7\u00e3o dos \u00f3rg\u00e3os de consultoria jur\u00eddica j\u00e1 existentes na data da promulga\u00e7\u00e3o da Constitui\u00e7\u00e3o Federal de 1988 (ADCT, art. 69) \u2013 <strong>ADI 7.218\/PB<\/strong>, julgamento virtual finalizado em 08\/03\/2024.<\/p>\n\n\n\n<p>&#8211; \u00c9 constitucional a autoriza\u00e7\u00e3o ao Poder Executivo, por lei federal, para instituir produtos lot\u00e9ricos cujo percentual da arrecada\u00e7\u00e3o ser\u00e1 destinado ao Fundo Nacional de Sa\u00fade (FNS) e \u00e0 Ag\u00eancia Brasileira de Promo\u00e7\u00e3o Internacional do Turismo (Embratur) \u2013 <strong>ADI 7.451\/DF<\/strong>, julgamento virtual finalizado em 08\/03\/2024.<\/p>\n\n\n\n<p>&#8211; \u00c9 incompat\u00edvel com a Constitui\u00e7\u00e3o Federal de 1988 a concess\u00e3o de reajuste remunerat\u00f3rio a servidores do Poder Legislativo \u2014 e sua consequente extens\u00e3o a servidores dos Tribunais de Contas do estado e dos munic\u00edpios \u2014 com base em ato exclusivo exarado pela presid\u00eancia do \u00f3rg\u00e3o, isto \u00e9, sem a exist\u00eancia de lei formal espec\u00edfica para esse fim (ap\u00f3s a EC n\u00ba 19\/1998) ou sem resolu\u00e7\u00e3o previamente deliberada e autorizada pela respectiva Mesa Diretora (antes da EC n\u00ba 19\/1998) \u2013<strong> ADPF 362\/BA<\/strong>, julgamento virtual finalizado em 20\/2\/2024.<\/p>\n\n\n\n<p><strong>&#8211; <\/strong>Diante da inclus\u00e3o da vacina\u00e7\u00e3o contra a Covid-19 no \u201cPlano Nacional de Imuniza\u00e7\u00e3o\u201d, o poder p\u00fablico municipal n\u00e3o pode normatizar no sentido de sua n\u00e3o obrigatoriedade, sob pena de desrespeito \u00e0 distribui\u00e7\u00e3o de compet\u00eancias legislativas. Isso porque o modelo federativo previsto na CF\/1988 prev\u00ea a atua\u00e7\u00e3o colaborativa entre os entes, n\u00e3o admitindo que o exerc\u00edcio de uma compet\u00eancia legislativa torne sem efeito ato legislativo da Uni\u00e3o.<\/p>\n\n\n\n<p><strong>\u2013 ADPF 1.123 MC-Ref\/SC<\/strong>, julgamento virtual finalizado em 08\/03\/2024.<\/p>\n\n\n\n<p>&nbsp;&#8211; \u00c9 inconstitucional \u2014 por afrontar os princ\u00edpios da seguran\u00e7a jur\u00eddica e da prote\u00e7\u00e3o da confian\u00e7a leg\u00edtima \u2014 decis\u00e3o normativa do Tribunal de Contas da Uni\u00e3o (TCU) que promove altera\u00e7\u00e3o dos coeficientes a serem utilizados no c\u00e1lculo das cotas do Fundo de Participa\u00e7\u00e3o dos Munic\u00edpios (FPM) em desacordo com a regra prevista na Lei Complementar n\u00ba 165\/2019 \u2013 <strong>ADPF 1.043\/DF<\/strong>, julgamento virtual finalizado em 8\/3\/2024.<\/p>\n\n\n\n<p>&#8211; \u00c9 constitucional a exclus\u00e3o do regime de isen\u00e7\u00e3o fiscal da Zona Franca de Manaus das exporta\u00e7\u00f5es ou reexporta\u00e7\u00f5es, importa\u00e7\u00f5es e opera\u00e7\u00f5es com petr\u00f3leo, lubrificantes e combust\u00edveis l\u00edquidos e gasosos derivados de petr\u00f3leo \u2013 <strong>ADI 7.239\/DF<\/strong>, julgamento virtual finalizado em 8\/3\/2024.<\/p>\n\n\n\n<hr class=\"wp-block-separator\"\/>\n\n\n\n<p><strong>INFO 1028<\/strong><\/p>\n\n\n\n<p><strong>PLEN\u00c1RIO<\/strong><\/p>\n\n\n\n<p>&#8211; A m\u00e3e servidora ou trabalhadora n\u00e3o gestante em uni\u00e3o homoafetiva tem direito ao gozo de licen\u00e7a-maternidade. Caso a companheira tenha utilizado o benef\u00edcio, far\u00e1 jus \u00e0 licen\u00e7a pelo per\u00edodo equivalente ao da licen\u00e7a-paternidade \u2013 <strong>RE 1.211.446\/SP<\/strong>, julgamento virtual finalizado em 13\/3\/2024, Tema 1.072.<\/p>\n\n\n\n<p>&#8211; \u00c9 inconstitucional \u2014 por subverter os princ\u00edpios republicano e democr\u00e1tico em seus aspectos basilares: periodicidade dos pleitos, altern\u00e2ncia do poder, controle e fiscaliza\u00e7\u00e3o do poder, promo\u00e7\u00e3o do pluralismo, representa\u00e7\u00e3o e soberania popular (CF\/1988, arts. 1\u00ba, caput, V e par\u00e1grafo \u00fanico; e 60, \u00a7 4\u00ba, II) \u2014 norma de Constitui\u00e7\u00e3o estadual que prev\u00ea elei\u00e7\u00f5es concomitantes (no in\u00edcio de cada legislatura) da Mesa Diretora de Assembleia Legislativa para os dois bi\u00eanios subsequentes \u2013 <strong>ADI 7.350\/DF<\/strong>, julgamento virtual finalizado 8\/3\/2024.<\/p>\n\n\n\n<p>&#8211; S\u00e3o inconstitucionais \u2014 por ofensa ao art. 145, II e \u00a7 2\u00ba, da CF\/1988 \u2014 normas municipais que disciplinam a cobran\u00e7a de taxas relativas \u00e0 preven\u00e7\u00e3o e extin\u00e7\u00e3o de inc\u00eandio (\u201cservi\u00e7o de bombeiros\u201d) e \u00e0 emiss\u00e3o de guias para a cobran\u00e7a de IPTU (\u201cpresta\u00e7\u00e3o de servi\u00e7os\u201d) \u2013 <strong>ADPF 1.030\/RS<\/strong>, julgamento virtual finalizado em 15\/3\/2024.<\/p>\n","protected":false},"excerpt":{"rendered":"<p>INFO 1027 PLEN\u00c1RIO &#8211; S\u00e3o inconstitucionais \u2014 por ofensa ao princ\u00edpio da unicidade org\u00e2nica da advocacia p\u00fablica estadual (CF\/1988, art. 132, caput) \u2014 normas locais que preveem cargos e carreiras de advogado ou de procurador para viabilizar a cria\u00e7\u00e3o ou a manuten\u00e7\u00e3o de \u00f3rg\u00e3os de assessoramento jur\u00eddico no \u00e2mbito de autarquias e funda\u00e7\u00f5es estaduais. Esse [&hellip;]<\/p>\n","protected":false},"author":131,"featured_media":3808,"comment_status":"open","ping_status":"open","sticky":false,"template":"","format":"standard","meta":{"_acf_changed":false,"footnotes":""},"categories":[70],"tags":[],"class_list":["post-20579","post","type-post","status-publish","format-standard","has-post-thumbnail","hentry","category-informativos-comentados"],"acf":[],"yoast_head":"<!-- This site is optimized with the Yoast SEO plugin v24.8.1 - https:\/\/yoast.com\/wordpress\/plugins\/seo\/ -->\n<title>Resumo - Informativos 1127 e 1128 do STF - Meu site jur\u00eddico<\/title>\n<meta name=\"robots\" content=\"index, follow, max-snippet:-1, max-image-preview:large, max-video-preview:-1\" \/>\n<link rel=\"canonical\" href=\"https:\/\/webmail.meusitejuridico.com.br\/2024\/05\/07\/resumo-informativos-1127-e-1128-do-stf\/\" \/>\n<meta property=\"og:locale\" content=\"pt_BR\" \/>\n<meta property=\"og:type\" content=\"article\" \/>\n<meta property=\"og:title\" content=\"Resumo - Informativos 1127 e 1128 do STF - Meu site jur\u00eddico\" \/>\n<meta property=\"og:description\" content=\"INFO 1027 PLEN\u00c1RIO &#8211; S\u00e3o inconstitucionais \u2014 por ofensa ao princ\u00edpio da unicidade org\u00e2nica da advocacia p\u00fablica estadual (CF\/1988, art. 132, caput) \u2014 normas locais que preveem cargos e carreiras de advogado ou de procurador para viabilizar a cria\u00e7\u00e3o ou a manuten\u00e7\u00e3o de \u00f3rg\u00e3os de assessoramento jur\u00eddico no \u00e2mbito de autarquias e funda\u00e7\u00f5es estaduais. Esse [&hellip;]\" \/>\n<meta property=\"og:url\" content=\"https:\/\/webmail.meusitejuridico.com.br\/2024\/05\/07\/resumo-informativos-1127-e-1128-do-stf\/\" \/>\n<meta property=\"og:site_name\" content=\"Meu site jur\u00eddico\" \/>\n<meta property=\"article:published_time\" content=\"2024-05-07T15:41:23+00:00\" \/>\n<meta property=\"article:modified_time\" content=\"2024-05-07T15:41:25+00:00\" \/>\n<meta property=\"og:image\" content=\"https:\/\/webmail.meusitejuridico.com.br\/s.meusitejuridico\/2017\/10\/de9883a1-shutterstock-299295092.jpg\" \/>\n\t<meta property=\"og:image:width\" content=\"1000\" \/>\n\t<meta property=\"og:image:height\" content=\"667\" \/>\n\t<meta property=\"og:image:type\" content=\"image\/jpeg\" \/>\n<meta name=\"author\" content=\"Rodrigo Leite\" \/>\n<meta name=\"twitter:card\" content=\"summary_large_image\" \/>\n<meta name=\"twitter:creator\" content=\"@rodrigocrleite\" \/>\n<meta name=\"twitter:label1\" content=\"Escrito por\" \/>\n\t<meta name=\"twitter:data1\" content=\"Rodrigo Leite\" \/>\n\t<meta name=\"twitter:label2\" content=\"Est. tempo de leitura\" \/>\n\t<meta name=\"twitter:data2\" content=\"3 minutos\" \/>\n<script type=\"application\/ld+json\" class=\"yoast-schema-graph\">{\"@context\":\"https:\/\/schema.org\",\"@graph\":[{\"@type\":\"Article\",\"@id\":\"https:\/\/webmail.meusitejuridico.com.br\/2024\/05\/07\/resumo-informativos-1127-e-1128-do-stf\/#article\",\"isPartOf\":{\"@id\":\"https:\/\/webmail.meusitejuridico.com.br\/2024\/05\/07\/resumo-informativos-1127-e-1128-do-stf\/\"},\"author\":{\"name\":\"Rodrigo Leite\",\"@id\":\"https:\/\/meusitejuridico.editorajuspodivm.com.br\/#\/schema\/person\/ae56313f17950dccef13d0989efd6d50\"},\"headline\":\"Resumo &#8211; Informativos 1127 e 1128 do STF\",\"datePublished\":\"2024-05-07T15:41:23+00:00\",\"dateModified\":\"2024-05-07T15:41:25+00:00\",\"mainEntityOfPage\":{\"@id\":\"https:\/\/webmail.meusitejuridico.com.br\/2024\/05\/07\/resumo-informativos-1127-e-1128-do-stf\/\"},\"wordCount\":647,\"commentCount\":0,\"publisher\":{\"@id\":\"https:\/\/meusitejuridico.editorajuspodivm.com.br\/#organization\"},\"image\":{\"@id\":\"https:\/\/webmail.meusitejuridico.com.br\/2024\/05\/07\/resumo-informativos-1127-e-1128-do-stf\/#primaryimage\"},\"thumbnailUrl\":\"https:\/\/webmail.meusitejuridico.com.br\/s.meusitejuridico\/2017\/10\/de9883a1-shutterstock-299295092.jpg\",\"articleSection\":[\"Informativos\"],\"inLanguage\":\"pt-BR\",\"potentialAction\":[{\"@type\":\"CommentAction\",\"name\":\"Comment\",\"target\":[\"https:\/\/webmail.meusitejuridico.com.br\/2024\/05\/07\/resumo-informativos-1127-e-1128-do-stf\/#respond\"]}]},{\"@type\":\"WebPage\",\"@id\":\"https:\/\/webmail.meusitejuridico.com.br\/2024\/05\/07\/resumo-informativos-1127-e-1128-do-stf\/\",\"url\":\"https:\/\/webmail.meusitejuridico.com.br\/2024\/05\/07\/resumo-informativos-1127-e-1128-do-stf\/\",\"name\":\"Resumo - Informativos 1127 e 1128 do STF - Meu site jur\u00eddico\",\"isPartOf\":{\"@id\":\"https:\/\/meusitejuridico.editorajuspodivm.com.br\/#website\"},\"primaryImageOfPage\":{\"@id\":\"https:\/\/webmail.meusitejuridico.com.br\/2024\/05\/07\/resumo-informativos-1127-e-1128-do-stf\/#primaryimage\"},\"image\":{\"@id\":\"https:\/\/webmail.meusitejuridico.com.br\/2024\/05\/07\/resumo-informativos-1127-e-1128-do-stf\/#primaryimage\"},\"thumbnailUrl\":\"https:\/\/webmail.meusitejuridico.com.br\/s.meusitejuridico\/2017\/10\/de9883a1-shutterstock-299295092.jpg\",\"datePublished\":\"2024-05-07T15:41:23+00:00\",\"dateModified\":\"2024-05-07T15:41:25+00:00\",\"breadcrumb\":{\"@id\":\"https:\/\/webmail.meusitejuridico.com.br\/2024\/05\/07\/resumo-informativos-1127-e-1128-do-stf\/#breadcrumb\"},\"inLanguage\":\"pt-BR\",\"potentialAction\":[{\"@type\":\"ReadAction\",\"target\":[\"https:\/\/webmail.meusitejuridico.com.br\/2024\/05\/07\/resumo-informativos-1127-e-1128-do-stf\/\"]}]},{\"@type\":\"ImageObject\",\"inLanguage\":\"pt-BR\",\"@id\":\"https:\/\/webmail.meusitejuridico.com.br\/2024\/05\/07\/resumo-informativos-1127-e-1128-do-stf\/#primaryimage\",\"url\":\"https:\/\/webmail.meusitejuridico.com.br\/s.meusitejuridico\/2017\/10\/de9883a1-shutterstock-299295092.jpg\",\"contentUrl\":\"https:\/\/webmail.meusitejuridico.com.br\/s.meusitejuridico\/2017\/10\/de9883a1-shutterstock-299295092.jpg\",\"width\":1000,\"height\":667},{\"@type\":\"BreadcrumbList\",\"@id\":\"https:\/\/webmail.meusitejuridico.com.br\/2024\/05\/07\/resumo-informativos-1127-e-1128-do-stf\/#breadcrumb\",\"itemListElement\":[{\"@type\":\"ListItem\",\"position\":1,\"name\":\"In\u00edcio\",\"item\":\"https:\/\/meusitejuridico.editorajuspodivm.com.br\/\"},{\"@type\":\"ListItem\",\"position\":2,\"name\":\"Resumo &#8211; Informativos 1127 e 1128 do STF\"}]},{\"@type\":\"WebSite\",\"@id\":\"https:\/\/meusitejuridico.editorajuspodivm.com.br\/#website\",\"url\":\"https:\/\/meusitejuridico.editorajuspodivm.com.br\/\",\"name\":\"Meu site jur\u00eddico\",\"description\":\"Meu site jur\u00eddico\",\"publisher\":{\"@id\":\"https:\/\/meusitejuridico.editorajuspodivm.com.br\/#organization\"},\"potentialAction\":[{\"@type\":\"SearchAction\",\"target\":{\"@type\":\"EntryPoint\",\"urlTemplate\":\"https:\/\/meusitejuridico.editorajuspodivm.com.br\/?s={search_term_string}\"},\"query-input\":{\"@type\":\"PropertyValueSpecification\",\"valueRequired\":true,\"valueName\":\"search_term_string\"}}],\"inLanguage\":\"pt-BR\"},{\"@type\":\"Organization\",\"@id\":\"https:\/\/meusitejuridico.editorajuspodivm.com.br\/#organization\",\"name\":\"Meu site jur\u00eddico\",\"url\":\"https:\/\/meusitejuridico.editorajuspodivm.com.br\/\",\"logo\":{\"@type\":\"ImageObject\",\"inLanguage\":\"pt-BR\",\"@id\":\"https:\/\/meusitejuridico.editorajuspodivm.com.br\/#\/schema\/logo\/image\/\",\"url\":\"https:\/\/webmail.meusitejuridico.com.br\/s.meusitejuridico\/2022\/03\/cropped-baeec2a3-msj-02-01-01.png\",\"contentUrl\":\"https:\/\/webmail.meusitejuridico.com.br\/s.meusitejuridico\/2022\/03\/cropped-baeec2a3-msj-02-01-01.png\",\"width\":349,\"height\":243,\"caption\":\"Meu site jur\u00eddico\"},\"image\":{\"@id\":\"https:\/\/meusitejuridico.editorajuspodivm.com.br\/#\/schema\/logo\/image\/\"}},{\"@type\":\"Person\",\"@id\":\"https:\/\/meusitejuridico.editorajuspodivm.com.br\/#\/schema\/person\/ae56313f17950dccef13d0989efd6d50\",\"name\":\"Rodrigo Leite\",\"image\":{\"@type\":\"ImageObject\",\"inLanguage\":\"pt-BR\",\"@id\":\"https:\/\/meusitejuridico.editorajuspodivm.com.br\/#\/schema\/person\/image\/\",\"url\":\"https:\/\/webmail.meusitejuridico.com.br\/s.meusitejuridico\/2021\/05\/8455192b-foto-site-rodrigo-leite-150x150.jpeg\",\"contentUrl\":\"https:\/\/webmail.meusitejuridico.com.br\/s.meusitejuridico\/2021\/05\/8455192b-foto-site-rodrigo-leite-150x150.jpeg\",\"caption\":\"Rodrigo Leite\"},\"description\":\"Coautor do livro \u201cAn\u00e1lise das Diverg\u00eancias Jurisprudenciais no STF e STJ\u201d, Editora Juspodivm. Autor do livro \u201cTombamento \u2013 Vol. 36 \u2013 Cole\u00e7\u00e3o Leis Especiais para Concursos\u201d, Editora Juspodivm. Autor do livro \u201cDesapropria\u00e7\u00e3o \u2013 Vol. 39 \u2013 Cole\u00e7\u00e3o Especiais para Concursos\u201d, Editora Juspodivm. Coautor do livro \u201cSaberes Jurisprudenciais\u201d, Editora Saraiva. Coorganizador do livro \u201cCPC na Jurisprud\u00eancia\\\", Editora Foco. Especialista em Direito P\u00fablico e Direito Processual Civil. Mestre em Direito Constitucional. Professor da P\u00f3s-gradua\u00e7\u00e3o em Direito Civil da Rede Anhaguera-Kroton. M\u00e1ster Universit\u00e1rio em Direito Constitucional pela Universidad Del Pa\u00eds Vasco, San Sebasti\u00e1n, Espanha. Advogado licenciado. Analista Judici\u00e1rio do TJRN. Assessor de Desembargador do TJRN.\",\"sameAs\":[\"https:\/\/www.editorajuspodivm.com.br\/autores\/detalhe\/85\",\"https:\/\/www.instagram.com\/rodrigocrleite\/\",\"https:\/\/x.com\/rodrigocrleite\"],\"url\":\"https:\/\/webmail.meusitejuridico.com.br\/author\/rodrigoleiterodrigoleite\/\"}]}<\/script>\n<!-- \/ Yoast SEO plugin. -->","yoast_head_json":{"title":"Resumo - Informativos 1127 e 1128 do STF - Meu site jur\u00eddico","robots":{"index":"index","follow":"follow","max-snippet":"max-snippet:-1","max-image-preview":"max-image-preview:large","max-video-preview":"max-video-preview:-1"},"canonical":"https:\/\/webmail.meusitejuridico.com.br\/2024\/05\/07\/resumo-informativos-1127-e-1128-do-stf\/","og_locale":"pt_BR","og_type":"article","og_title":"Resumo - Informativos 1127 e 1128 do STF - Meu site jur\u00eddico","og_description":"INFO 1027 PLEN\u00c1RIO &#8211; S\u00e3o inconstitucionais \u2014 por ofensa ao princ\u00edpio da unicidade org\u00e2nica da advocacia p\u00fablica estadual (CF\/1988, art. 132, caput) \u2014 normas locais que preveem cargos e carreiras de advogado ou de procurador para viabilizar a cria\u00e7\u00e3o ou a manuten\u00e7\u00e3o de \u00f3rg\u00e3os de assessoramento jur\u00eddico no \u00e2mbito de autarquias e funda\u00e7\u00f5es estaduais. Esse [&hellip;]","og_url":"https:\/\/webmail.meusitejuridico.com.br\/2024\/05\/07\/resumo-informativos-1127-e-1128-do-stf\/","og_site_name":"Meu site jur\u00eddico","article_published_time":"2024-05-07T15:41:23+00:00","article_modified_time":"2024-05-07T15:41:25+00:00","og_image":[{"width":1000,"height":667,"url":"https:\/\/webmail.meusitejuridico.com.br\/s.meusitejuridico\/2017\/10\/de9883a1-shutterstock-299295092.jpg","type":"image\/jpeg"}],"author":"Rodrigo Leite","twitter_card":"summary_large_image","twitter_creator":"@rodrigocrleite","twitter_misc":{"Escrito por":"Rodrigo Leite","Est. tempo de leitura":"3 minutos"},"schema":{"@context":"https:\/\/schema.org","@graph":[{"@type":"Article","@id":"https:\/\/webmail.meusitejuridico.com.br\/2024\/05\/07\/resumo-informativos-1127-e-1128-do-stf\/#article","isPartOf":{"@id":"https:\/\/webmail.meusitejuridico.com.br\/2024\/05\/07\/resumo-informativos-1127-e-1128-do-stf\/"},"author":{"name":"Rodrigo Leite","@id":"https:\/\/meusitejuridico.editorajuspodivm.com.br\/#\/schema\/person\/ae56313f17950dccef13d0989efd6d50"},"headline":"Resumo &#8211; Informativos 1127 e 1128 do STF","datePublished":"2024-05-07T15:41:23+00:00","dateModified":"2024-05-07T15:41:25+00:00","mainEntityOfPage":{"@id":"https:\/\/webmail.meusitejuridico.com.br\/2024\/05\/07\/resumo-informativos-1127-e-1128-do-stf\/"},"wordCount":647,"commentCount":0,"publisher":{"@id":"https:\/\/meusitejuridico.editorajuspodivm.com.br\/#organization"},"image":{"@id":"https:\/\/webmail.meusitejuridico.com.br\/2024\/05\/07\/resumo-informativos-1127-e-1128-do-stf\/#primaryimage"},"thumbnailUrl":"https:\/\/webmail.meusitejuridico.com.br\/s.meusitejuridico\/2017\/10\/de9883a1-shutterstock-299295092.jpg","articleSection":["Informativos"],"inLanguage":"pt-BR","potentialAction":[{"@type":"CommentAction","name":"Comment","target":["https:\/\/webmail.meusitejuridico.com.br\/2024\/05\/07\/resumo-informativos-1127-e-1128-do-stf\/#respond"]}]},{"@type":"WebPage","@id":"https:\/\/webmail.meusitejuridico.com.br\/2024\/05\/07\/resumo-informativos-1127-e-1128-do-stf\/","url":"https:\/\/webmail.meusitejuridico.com.br\/2024\/05\/07\/resumo-informativos-1127-e-1128-do-stf\/","name":"Resumo - Informativos 1127 e 1128 do STF - Meu site jur\u00eddico","isPartOf":{"@id":"https:\/\/meusitejuridico.editorajuspodivm.com.br\/#website"},"primaryImageOfPage":{"@id":"https:\/\/webmail.meusitejuridico.com.br\/2024\/05\/07\/resumo-informativos-1127-e-1128-do-stf\/#primaryimage"},"image":{"@id":"https:\/\/webmail.meusitejuridico.com.br\/2024\/05\/07\/resumo-informativos-1127-e-1128-do-stf\/#primaryimage"},"thumbnailUrl":"https:\/\/webmail.meusitejuridico.com.br\/s.meusitejuridico\/2017\/10\/de9883a1-shutterstock-299295092.jpg","datePublished":"2024-05-07T15:41:23+00:00","dateModified":"2024-05-07T15:41:25+00:00","breadcrumb":{"@id":"https:\/\/webmail.meusitejuridico.com.br\/2024\/05\/07\/resumo-informativos-1127-e-1128-do-stf\/#breadcrumb"},"inLanguage":"pt-BR","potentialAction":[{"@type":"ReadAction","target":["https:\/\/webmail.meusitejuridico.com.br\/2024\/05\/07\/resumo-informativos-1127-e-1128-do-stf\/"]}]},{"@type":"ImageObject","inLanguage":"pt-BR","@id":"https:\/\/webmail.meusitejuridico.com.br\/2024\/05\/07\/resumo-informativos-1127-e-1128-do-stf\/#primaryimage","url":"https:\/\/webmail.meusitejuridico.com.br\/s.meusitejuridico\/2017\/10\/de9883a1-shutterstock-299295092.jpg","contentUrl":"https:\/\/webmail.meusitejuridico.com.br\/s.meusitejuridico\/2017\/10\/de9883a1-shutterstock-299295092.jpg","width":1000,"height":667},{"@type":"BreadcrumbList","@id":"https:\/\/webmail.meusitejuridico.com.br\/2024\/05\/07\/resumo-informativos-1127-e-1128-do-stf\/#breadcrumb","itemListElement":[{"@type":"ListItem","position":1,"name":"In\u00edcio","item":"https:\/\/meusitejuridico.editorajuspodivm.com.br\/"},{"@type":"ListItem","position":2,"name":"Resumo &#8211; Informativos 1127 e 1128 do STF"}]},{"@type":"WebSite","@id":"https:\/\/meusitejuridico.editorajuspodivm.com.br\/#website","url":"https:\/\/meusitejuridico.editorajuspodivm.com.br\/","name":"Meu site jur\u00eddico","description":"Meu site jur\u00eddico","publisher":{"@id":"https:\/\/meusitejuridico.editorajuspodivm.com.br\/#organization"},"potentialAction":[{"@type":"SearchAction","target":{"@type":"EntryPoint","urlTemplate":"https:\/\/meusitejuridico.editorajuspodivm.com.br\/?s={search_term_string}"},"query-input":{"@type":"PropertyValueSpecification","valueRequired":true,"valueName":"search_term_string"}}],"inLanguage":"pt-BR"},{"@type":"Organization","@id":"https:\/\/meusitejuridico.editorajuspodivm.com.br\/#organization","name":"Meu site jur\u00eddico","url":"https:\/\/meusitejuridico.editorajuspodivm.com.br\/","logo":{"@type":"ImageObject","inLanguage":"pt-BR","@id":"https:\/\/meusitejuridico.editorajuspodivm.com.br\/#\/schema\/logo\/image\/","url":"https:\/\/webmail.meusitejuridico.com.br\/s.meusitejuridico\/2022\/03\/cropped-baeec2a3-msj-02-01-01.png","contentUrl":"https:\/\/webmail.meusitejuridico.com.br\/s.meusitejuridico\/2022\/03\/cropped-baeec2a3-msj-02-01-01.png","width":349,"height":243,"caption":"Meu site jur\u00eddico"},"image":{"@id":"https:\/\/meusitejuridico.editorajuspodivm.com.br\/#\/schema\/logo\/image\/"}},{"@type":"Person","@id":"https:\/\/meusitejuridico.editorajuspodivm.com.br\/#\/schema\/person\/ae56313f17950dccef13d0989efd6d50","name":"Rodrigo Leite","image":{"@type":"ImageObject","inLanguage":"pt-BR","@id":"https:\/\/meusitejuridico.editorajuspodivm.com.br\/#\/schema\/person\/image\/","url":"https:\/\/webmail.meusitejuridico.com.br\/s.meusitejuridico\/2021\/05\/8455192b-foto-site-rodrigo-leite-150x150.jpeg","contentUrl":"https:\/\/webmail.meusitejuridico.com.br\/s.meusitejuridico\/2021\/05\/8455192b-foto-site-rodrigo-leite-150x150.jpeg","caption":"Rodrigo Leite"},"description":"Coautor do livro \u201cAn\u00e1lise das Diverg\u00eancias Jurisprudenciais no STF e STJ\u201d, Editora Juspodivm. Autor do livro \u201cTombamento \u2013 Vol. 36 \u2013 Cole\u00e7\u00e3o Leis Especiais para Concursos\u201d, Editora Juspodivm. Autor do livro \u201cDesapropria\u00e7\u00e3o \u2013 Vol. 39 \u2013 Cole\u00e7\u00e3o Especiais para Concursos\u201d, Editora Juspodivm. Coautor do livro \u201cSaberes Jurisprudenciais\u201d, Editora Saraiva. Coorganizador do livro \u201cCPC na Jurisprud\u00eancia\", Editora Foco. Especialista em Direito P\u00fablico e Direito Processual Civil. Mestre em Direito Constitucional. Professor da P\u00f3s-gradua\u00e7\u00e3o em Direito Civil da Rede Anhaguera-Kroton. M\u00e1ster Universit\u00e1rio em Direito Constitucional pela Universidad Del Pa\u00eds Vasco, San Sebasti\u00e1n, Espanha. Advogado licenciado. Analista Judici\u00e1rio do TJRN. Assessor de Desembargador do TJRN.","sameAs":["https:\/\/www.editorajuspodivm.com.br\/autores\/detalhe\/85","https:\/\/www.instagram.com\/rodrigocrleite\/","https:\/\/x.com\/rodrigocrleite"],"url":"https:\/\/webmail.meusitejuridico.com.br\/author\/rodrigoleiterodrigoleite\/"}]}},"_links":{"self":[{"href":"https:\/\/webmail.meusitejuridico.com.br\/api\/wp\/v2\/posts\/20579","targetHints":{"allow":["GET"]}}],"collection":[{"href":"https:\/\/webmail.meusitejuridico.com.br\/api\/wp\/v2\/posts"}],"about":[{"href":"https:\/\/webmail.meusitejuridico.com.br\/api\/wp\/v2\/types\/post"}],"author":[{"embeddable":true,"href":"https:\/\/webmail.meusitejuridico.com.br\/api\/wp\/v2\/users\/131"}],"replies":[{"embeddable":true,"href":"https:\/\/webmail.meusitejuridico.com.br\/api\/wp\/v2\/comments?post=20579"}],"version-history":[{"count":2,"href":"https:\/\/webmail.meusitejuridico.com.br\/api\/wp\/v2\/posts\/20579\/revisions"}],"predecessor-version":[{"id":20581,"href":"https:\/\/webmail.meusitejuridico.com.br\/api\/wp\/v2\/posts\/20579\/revisions\/20581"}],"wp:featuredmedia":[{"embeddable":true,"href":"https:\/\/webmail.meusitejuridico.com.br\/api\/wp\/v2\/media\/3808"}],"wp:attachment":[{"href":"https:\/\/webmail.meusitejuridico.com.br\/api\/wp\/v2\/media?parent=20579"}],"wp:term":[{"taxonomy":"category","embeddable":true,"href":"https:\/\/webmail.meusitejuridico.com.br\/api\/wp\/v2\/categories?post=20579"},{"taxonomy":"post_tag","embeddable":true,"href":"https:\/\/webmail.meusitejuridico.com.br\/api\/wp\/v2\/tags?post=20579"}],"curies":[{"name":"wp","href":"https:\/\/api.w.org\/{rel}","templated":true}]}}