{"id":20362,"date":"2024-03-11T12:15:36","date_gmt":"2024-03-11T15:15:36","guid":{"rendered":"https:\/\/meusitejuridico.editorajuspodivm.com.br\/?p=20362"},"modified":"2024-03-11T12:15:38","modified_gmt":"2024-03-11T15:15:38","slug":"principais-decisoes-do-stf-divulgadas-em-fevereiro-de-2024","status":"publish","type":"post","link":"https:\/\/webmail.meusitejuridico.com.br\/2024\/03\/11\/principais-decisoes-do-stf-divulgadas-em-fevereiro-de-2024\/","title":{"rendered":"Principais decis\u00f5es do STF divulgadas em fevereiro de 2024"},"content":{"rendered":"\n<p><strong>STF<\/strong><strong><\/strong><\/p>\n\n\n\n<p>&#8211; \u00c9 inconstitucional norma estadual que concede porte de arma de fogo a titulares do cargo de agente socioeducativo. Os Estados n\u00e3o podem criar leis sobre porte e posse de armas, cabendo apenas \u00e0 Uni\u00e3o, por meio de lei federal, regulamentar a mat\u00e9ria com regras uniformes em todo o territ\u00f3rio nacional &#8211; <strong>ADI 7424\/ES<\/strong>, Plen\u00e1rio.<\/p>\n\n\n\n<p>&#8211; \u00c9 constitucional a amplia\u00e7\u00e3o da obriga\u00e7\u00e3o das distribuidoras de TV por assinatura de incluir em seus pacotes determinados canais gratuitos, sem repasse de custo ao consumidor \u2013 <strong>ADIs 6921\/DF e 6931\/DF<\/strong>, Plen\u00e1rio.<\/p>\n\n\n\n<p>&#8211; \u00c9 inconstitucional norma estadual que estabelece como crit\u00e9rio de desempate na classifica\u00e7\u00e3o por antiguidade o maior tempo de servi\u00e7o p\u00fablico para efeitos de promo\u00e7\u00e3o de membros do Minist\u00e9rio P\u00fablico estadual \u2013 <strong>ADI 7281\/PB<\/strong>, Plen\u00e1rio.<\/p>\n\n\n\n<p>&#8211; A fim de viabilizar a ocupa\u00e7\u00e3o dos lugares por candidatos de partidos pequenos com expressiva vota\u00e7\u00e3o, a 3\u00aa etapa de distribui\u00e7\u00e3o das vagas das elei\u00e7\u00f5es proporcionais (\u201csobras eleitorais\u201d) contar\u00e1 com a participa\u00e7\u00e3o de todos os partidos pol\u00edticos, independentemente de terem obtido n\u00famero de votos equivalente \u00e0 determinada porcentagem pr\u00e9-definida do quociente eleitoral. \u00c9 inconstitucional \u2014 por ofensa ao car\u00e1ter proporcional das elei\u00e7\u00f5es parlamentares \u2014 a regra do C\u00f3digo Eleitoral que prev\u00ea que, caso nenhum partido alcance o quociente eleitoral, as vagas devem ser preenchidas pelos candidatos mais votados \u2013 <strong>ADI&nbsp;7228\/DF<\/strong>, <strong>ADI&nbsp;7263\/DF<\/strong> e <strong>ADI 7325\/DF<\/strong>, Plen\u00e1rio<\/p>\n\n\n\n<p>&#8211; No caso de transporte a\u00e9reo de carga internacional, as Conven\u00e7\u00f5es de Montreal e Vars\u00f3via t\u00eam preval\u00eancia em rela\u00e7\u00e3o ao C\u00f3digo Civil brasileiro \u2013 <strong>ARE&nbsp;1372360\/SP<\/strong>, Plen\u00e1rio.<\/p>\n\n\n\n<p>&#8211; \u00c9 inconstitucional \u2014 por violar o art. 175, caput, da CF\/1988 \u2014 lei estadual que, em caso de n\u00e3o realiza\u00e7\u00e3o de nova licita\u00e7\u00e3o, prorroga automaticamente contratos de permiss\u00e3o de transporte rodovi\u00e1rio alternativo intermunicipal de passageiros e restaura a vig\u00eancia de permiss\u00f5es vencidas \u2013 <strong>ADI 7.241\/PI<\/strong>, Plen\u00e1rio.<\/p>\n\n\n\n<p>&#8211; Compete a cada ente federativo, segundo sua capacidade econ\u00f4mica, fixar o valor-teto das obriga\u00e7\u00f5es de pequeno valor decorrentes de senten\u00e7as judiciais para pagamento independentemente de precat\u00f3rios, desde que o valor m\u00ednimo corresponda ao montante do maior benef\u00edcio do Regime Geral de Previd\u00eancia Social (CF\/1988, art. 100, \u00a7\u00a7 3\u00ba e 4\u00ba; e ADCT, art. 87). Contudo, lhes \u00e9 vedado ampliar a dispensa de precat\u00f3rios para hip\u00f3teses n\u00e3o previstas no texto constitucional, sob pena de ofensa ao princ\u00edpio da isonomia, uma vez consideradas as situa\u00e7\u00f5es n\u00e3o abarcadas pelo privil\u00e9gio (CF\/1988, art. 5\u00ba, caput) \u2013 <strong>ADI 5.706\/RN<\/strong>, Plen\u00e1rio.<\/p>\n\n\n\n<p>&#8211; A reserva de vagas para candidatas do sexo feminino para ingresso na carreira da Pol\u00edcia Militar, disposta em norma estadual, n\u00e3o pode ser compreendida como autoriza\u00e7\u00e3o legal que as impe\u00e7a de concorrer \u00e0 totalidade das vagas dispon\u00edveis em concursos p\u00fablicos, isto \u00e9, com restri\u00e7\u00e3o e limita\u00e7\u00e3o a determinado percentual fixado nos editais \u2013 <strong>ADI 7.492\/AM<\/strong>, Plen\u00e1rio.<\/p>\n\n\n\n<p>&#8211; S\u00e3o nulas as provas obtidas a partir de dados preservados em contas da internet (com o congelamento e a consequente perda da disponibilidade), mediante requerimento do Minist\u00e9rio P\u00fablico, sem a pr\u00e9via autoriza\u00e7\u00e3o judicial de quebra de sigilo e fora das hip\u00f3teses legais \u2013 <strong>HC 222.141 AgR\/PR<\/strong>, Segunda Turma.<\/p>\n\n\n\n<p>&#8211; O regime obrigat\u00f3rio de separa\u00e7\u00e3o de bens nos casamentos e nas uni\u00f5es est\u00e1veis que envolvam pessoas maiores de 70 anos pode ser alterado pela vontade das partes, mediante escritura p\u00fablica, firmada em cart\u00f3rio. Caso n\u00e3o se escolha outro regime, prevalecer\u00e1 a regra disposta em lei (CC\/2002, art. 1.641, II) \u2013 <strong>ARE 1.309.642\/SP<\/strong>, Tema 1.236, Plen\u00e1rio.<\/p>\n\n\n\n<p>&#8211; As empresas p\u00fablicas e as sociedades de economia mista, sejam elas prestadoras de servi\u00e7o p\u00fablico ou exploradoras de atividade econ\u00f4mica, ainda que em regime concorrencial, t\u00eam o dever jur\u00eddico de motivar, em ato formal, a demiss\u00e3o de seus empregados concursados, n\u00e3o se exigindo processo administrativo. Tal motiva\u00e7\u00e3o deve consistir em fundamento razo\u00e1vel, n\u00e3o se exigindo, por\u00e9m, que se enquadre nas hip\u00f3teses de justa causa da legisla\u00e7\u00e3o trabalhista \u2013 <strong>RE 688.267\/CE<\/strong>, Plen\u00e1rio.<\/p>\n\n\n\n<p>___________________________<\/p>\n\n\n\n<p><strong>Telegram<\/strong>:<strong>&nbsp;<\/strong><a href=\"https:\/\/t.me\/pilulasjuridicasSTFSTJ\" target=\"_blank\" rel=\"noreferrer noopener\"><strong>https:\/\/t.me\/pilulasjuridicasSTFSTJ<\/strong><\/a><strong>&nbsp;| Instagram: @rodrigocrleite<\/strong><\/p>\n","protected":false},"excerpt":{"rendered":"<p>STF &#8211; \u00c9 inconstitucional norma estadual que concede porte de arma de fogo a titulares do cargo de agente socioeducativo. Os Estados n\u00e3o podem criar leis sobre porte e posse de armas, cabendo apenas \u00e0 Uni\u00e3o, por meio de lei federal, regulamentar a mat\u00e9ria com regras uniformes em todo o territ\u00f3rio nacional &#8211; ADI 7424\/ES, [&hellip;]<\/p>\n","protected":false},"author":131,"featured_media":11545,"comment_status":"open","ping_status":"open","sticky":false,"template":"","format":"standard","meta":{"_acf_changed":false,"footnotes":""},"categories":[70],"tags":[],"class_list":["post-20362","post","type-post","status-publish","format-standard","has-post-thumbnail","hentry","category-informativos-comentados"],"acf":[],"yoast_head":"<!-- This site is optimized with the Yoast SEO plugin v24.8.1 - https:\/\/yoast.com\/wordpress\/plugins\/seo\/ -->\n<title>Principais decis\u00f5es do STF divulgadas em fevereiro de 2024 - Meu site jur\u00eddico<\/title>\n<meta name=\"robots\" content=\"index, follow, max-snippet:-1, max-image-preview:large, max-video-preview:-1\" \/>\n<link rel=\"canonical\" href=\"https:\/\/meusitejuridico.com.br\/2024\/03\/11\/principais-decisoes-do-stf-divulgadas-em-fevereiro-de-2024\/\" \/>\n<meta property=\"og:locale\" content=\"pt_BR\" \/>\n<meta property=\"og:type\" content=\"article\" \/>\n<meta property=\"og:title\" content=\"Principais decis\u00f5es do STF divulgadas em fevereiro de 2024 - Meu site jur\u00eddico\" \/>\n<meta property=\"og:description\" content=\"STF &#8211; \u00c9 inconstitucional norma estadual que concede porte de arma de fogo a titulares do cargo de agente socioeducativo. Os Estados n\u00e3o podem criar leis sobre porte e posse de armas, cabendo apenas \u00e0 Uni\u00e3o, por meio de lei federal, regulamentar a mat\u00e9ria com regras uniformes em todo o territ\u00f3rio nacional &#8211; ADI 7424\/ES, [&hellip;]\" \/>\n<meta property=\"og:url\" content=\"https:\/\/meusitejuridico.com.br\/2024\/03\/11\/principais-decisoes-do-stf-divulgadas-em-fevereiro-de-2024\/\" \/>\n<meta property=\"og:site_name\" content=\"Meu site jur\u00eddico\" \/>\n<meta property=\"article:published_time\" content=\"2024-03-11T15:15:36+00:00\" \/>\n<meta property=\"article:modified_time\" content=\"2024-03-11T15:15:38+00:00\" \/>\n<meta property=\"og:image\" content=\"https:\/\/meusitejuridico.com.br\/s.meusitejuridico\/2020\/07\/91e73822-books.jpg\" \/>\n\t<meta property=\"og:image:width\" content=\"400\" \/>\n\t<meta property=\"og:image:height\" content=\"214\" \/>\n\t<meta property=\"og:image:type\" content=\"image\/jpeg\" \/>\n<meta name=\"author\" content=\"Rodrigo Leite\" \/>\n<meta name=\"twitter:card\" content=\"summary_large_image\" \/>\n<meta name=\"twitter:creator\" content=\"@rodrigocrleite\" \/>\n<meta name=\"twitter:label1\" content=\"Escrito por\" \/>\n\t<meta name=\"twitter:data1\" content=\"Rodrigo Leite\" \/>\n\t<meta name=\"twitter:label2\" content=\"Est. tempo de leitura\" \/>\n\t<meta name=\"twitter:data2\" content=\"3 minutos\" \/>\n<script type=\"application\/ld+json\" class=\"yoast-schema-graph\">{\"@context\":\"https:\/\/schema.org\",\"@graph\":[{\"@type\":\"Article\",\"@id\":\"https:\/\/meusitejuridico.com.br\/2024\/03\/11\/principais-decisoes-do-stf-divulgadas-em-fevereiro-de-2024\/#article\",\"isPartOf\":{\"@id\":\"https:\/\/meusitejuridico.com.br\/2024\/03\/11\/principais-decisoes-do-stf-divulgadas-em-fevereiro-de-2024\/\"},\"author\":{\"name\":\"Rodrigo Leite\",\"@id\":\"https:\/\/meusitejuridico.editorajuspodivm.com.br\/#\/schema\/person\/ae56313f17950dccef13d0989efd6d50\"},\"headline\":\"Principais decis\u00f5es do STF divulgadas em fevereiro de 2024\",\"datePublished\":\"2024-03-11T15:15:36+00:00\",\"dateModified\":\"2024-03-11T15:15:38+00:00\",\"mainEntityOfPage\":{\"@id\":\"https:\/\/meusitejuridico.com.br\/2024\/03\/11\/principais-decisoes-do-stf-divulgadas-em-fevereiro-de-2024\/\"},\"wordCount\":709,\"commentCount\":0,\"publisher\":{\"@id\":\"https:\/\/meusitejuridico.editorajuspodivm.com.br\/#organization\"},\"image\":{\"@id\":\"https:\/\/meusitejuridico.com.br\/2024\/03\/11\/principais-decisoes-do-stf-divulgadas-em-fevereiro-de-2024\/#primaryimage\"},\"thumbnailUrl\":\"https:\/\/webmail.meusitejuridico.com.br\/s.meusitejuridico\/2020\/07\/91e73822-books.jpg\",\"articleSection\":[\"Informativos\"],\"inLanguage\":\"pt-BR\",\"potentialAction\":[{\"@type\":\"CommentAction\",\"name\":\"Comment\",\"target\":[\"https:\/\/meusitejuridico.com.br\/2024\/03\/11\/principais-decisoes-do-stf-divulgadas-em-fevereiro-de-2024\/#respond\"]}]},{\"@type\":\"WebPage\",\"@id\":\"https:\/\/meusitejuridico.com.br\/2024\/03\/11\/principais-decisoes-do-stf-divulgadas-em-fevereiro-de-2024\/\",\"url\":\"https:\/\/meusitejuridico.com.br\/2024\/03\/11\/principais-decisoes-do-stf-divulgadas-em-fevereiro-de-2024\/\",\"name\":\"Principais decis\u00f5es do STF divulgadas em fevereiro de 2024 - Meu site jur\u00eddico\",\"isPartOf\":{\"@id\":\"https:\/\/meusitejuridico.editorajuspodivm.com.br\/#website\"},\"primaryImageOfPage\":{\"@id\":\"https:\/\/meusitejuridico.com.br\/2024\/03\/11\/principais-decisoes-do-stf-divulgadas-em-fevereiro-de-2024\/#primaryimage\"},\"image\":{\"@id\":\"https:\/\/meusitejuridico.com.br\/2024\/03\/11\/principais-decisoes-do-stf-divulgadas-em-fevereiro-de-2024\/#primaryimage\"},\"thumbnailUrl\":\"https:\/\/webmail.meusitejuridico.com.br\/s.meusitejuridico\/2020\/07\/91e73822-books.jpg\",\"datePublished\":\"2024-03-11T15:15:36+00:00\",\"dateModified\":\"2024-03-11T15:15:38+00:00\",\"breadcrumb\":{\"@id\":\"https:\/\/meusitejuridico.com.br\/2024\/03\/11\/principais-decisoes-do-stf-divulgadas-em-fevereiro-de-2024\/#breadcrumb\"},\"inLanguage\":\"pt-BR\",\"potentialAction\":[{\"@type\":\"ReadAction\",\"target\":[\"https:\/\/meusitejuridico.com.br\/2024\/03\/11\/principais-decisoes-do-stf-divulgadas-em-fevereiro-de-2024\/\"]}]},{\"@type\":\"ImageObject\",\"inLanguage\":\"pt-BR\",\"@id\":\"https:\/\/meusitejuridico.com.br\/2024\/03\/11\/principais-decisoes-do-stf-divulgadas-em-fevereiro-de-2024\/#primaryimage\",\"url\":\"https:\/\/webmail.meusitejuridico.com.br\/s.meusitejuridico\/2020\/07\/91e73822-books.jpg\",\"contentUrl\":\"https:\/\/webmail.meusitejuridico.com.br\/s.meusitejuridico\/2020\/07\/91e73822-books.jpg\",\"width\":400,\"height\":214},{\"@type\":\"BreadcrumbList\",\"@id\":\"https:\/\/meusitejuridico.com.br\/2024\/03\/11\/principais-decisoes-do-stf-divulgadas-em-fevereiro-de-2024\/#breadcrumb\",\"itemListElement\":[{\"@type\":\"ListItem\",\"position\":1,\"name\":\"In\u00edcio\",\"item\":\"https:\/\/meusitejuridico.editorajuspodivm.com.br\/\"},{\"@type\":\"ListItem\",\"position\":2,\"name\":\"Principais decis\u00f5es do STF divulgadas em fevereiro de 2024\"}]},{\"@type\":\"WebSite\",\"@id\":\"https:\/\/meusitejuridico.editorajuspodivm.com.br\/#website\",\"url\":\"https:\/\/meusitejuridico.editorajuspodivm.com.br\/\",\"name\":\"Meu site jur\u00eddico\",\"description\":\"Meu site jur\u00eddico\",\"publisher\":{\"@id\":\"https:\/\/meusitejuridico.editorajuspodivm.com.br\/#organization\"},\"potentialAction\":[{\"@type\":\"SearchAction\",\"target\":{\"@type\":\"EntryPoint\",\"urlTemplate\":\"https:\/\/meusitejuridico.editorajuspodivm.com.br\/?s={search_term_string}\"},\"query-input\":{\"@type\":\"PropertyValueSpecification\",\"valueRequired\":true,\"valueName\":\"search_term_string\"}}],\"inLanguage\":\"pt-BR\"},{\"@type\":\"Organization\",\"@id\":\"https:\/\/meusitejuridico.editorajuspodivm.com.br\/#organization\",\"name\":\"Meu site jur\u00eddico\",\"url\":\"https:\/\/meusitejuridico.editorajuspodivm.com.br\/\",\"logo\":{\"@type\":\"ImageObject\",\"inLanguage\":\"pt-BR\",\"@id\":\"https:\/\/meusitejuridico.editorajuspodivm.com.br\/#\/schema\/logo\/image\/\",\"url\":\"https:\/\/webmail.meusitejuridico.com.br\/s.meusitejuridico\/2022\/03\/cropped-baeec2a3-msj-02-01-01.png\",\"contentUrl\":\"https:\/\/webmail.meusitejuridico.com.br\/s.meusitejuridico\/2022\/03\/cropped-baeec2a3-msj-02-01-01.png\",\"width\":349,\"height\":243,\"caption\":\"Meu site jur\u00eddico\"},\"image\":{\"@id\":\"https:\/\/meusitejuridico.editorajuspodivm.com.br\/#\/schema\/logo\/image\/\"}},{\"@type\":\"Person\",\"@id\":\"https:\/\/meusitejuridico.editorajuspodivm.com.br\/#\/schema\/person\/ae56313f17950dccef13d0989efd6d50\",\"name\":\"Rodrigo Leite\",\"image\":{\"@type\":\"ImageObject\",\"inLanguage\":\"pt-BR\",\"@id\":\"https:\/\/meusitejuridico.editorajuspodivm.com.br\/#\/schema\/person\/image\/\",\"url\":\"https:\/\/webmail.meusitejuridico.com.br\/s.meusitejuridico\/2021\/05\/8455192b-foto-site-rodrigo-leite-150x150.jpeg\",\"contentUrl\":\"https:\/\/webmail.meusitejuridico.com.br\/s.meusitejuridico\/2021\/05\/8455192b-foto-site-rodrigo-leite-150x150.jpeg\",\"caption\":\"Rodrigo Leite\"},\"description\":\"Coautor do livro \u201cAn\u00e1lise das Diverg\u00eancias Jurisprudenciais no STF e STJ\u201d, Editora Juspodivm. Autor do livro \u201cTombamento \u2013 Vol. 36 \u2013 Cole\u00e7\u00e3o Leis Especiais para Concursos\u201d, Editora Juspodivm. Autor do livro \u201cDesapropria\u00e7\u00e3o \u2013 Vol. 39 \u2013 Cole\u00e7\u00e3o Especiais para Concursos\u201d, Editora Juspodivm. Coautor do livro \u201cSaberes Jurisprudenciais\u201d, Editora Saraiva. Coorganizador do livro \u201cCPC na Jurisprud\u00eancia\\\", Editora Foco. Especialista em Direito P\u00fablico e Direito Processual Civil. Mestre em Direito Constitucional. Professor da P\u00f3s-gradua\u00e7\u00e3o em Direito Civil da Rede Anhaguera-Kroton. M\u00e1ster Universit\u00e1rio em Direito Constitucional pela Universidad Del Pa\u00eds Vasco, San Sebasti\u00e1n, Espanha. Advogado licenciado. Analista Judici\u00e1rio do TJRN. Assessor de Desembargador do TJRN.\",\"sameAs\":[\"https:\/\/www.editorajuspodivm.com.br\/autores\/detalhe\/85\",\"https:\/\/www.instagram.com\/rodrigocrleite\/\",\"https:\/\/x.com\/rodrigocrleite\"],\"url\":\"https:\/\/webmail.meusitejuridico.com.br\/author\/rodrigoleiterodrigoleite\/\"}]}<\/script>\n<!-- \/ Yoast SEO plugin. -->","yoast_head_json":{"title":"Principais decis\u00f5es do STF divulgadas em fevereiro de 2024 - Meu site jur\u00eddico","robots":{"index":"index","follow":"follow","max-snippet":"max-snippet:-1","max-image-preview":"max-image-preview:large","max-video-preview":"max-video-preview:-1"},"canonical":"https:\/\/meusitejuridico.com.br\/2024\/03\/11\/principais-decisoes-do-stf-divulgadas-em-fevereiro-de-2024\/","og_locale":"pt_BR","og_type":"article","og_title":"Principais decis\u00f5es do STF divulgadas em fevereiro de 2024 - Meu site jur\u00eddico","og_description":"STF &#8211; \u00c9 inconstitucional norma estadual que concede porte de arma de fogo a titulares do cargo de agente socioeducativo. Os Estados n\u00e3o podem criar leis sobre porte e posse de armas, cabendo apenas \u00e0 Uni\u00e3o, por meio de lei federal, regulamentar a mat\u00e9ria com regras uniformes em todo o territ\u00f3rio nacional &#8211; ADI 7424\/ES, [&hellip;]","og_url":"https:\/\/meusitejuridico.com.br\/2024\/03\/11\/principais-decisoes-do-stf-divulgadas-em-fevereiro-de-2024\/","og_site_name":"Meu site jur\u00eddico","article_published_time":"2024-03-11T15:15:36+00:00","article_modified_time":"2024-03-11T15:15:38+00:00","og_image":[{"width":400,"height":214,"url":"https:\/\/meusitejuridico.com.br\/s.meusitejuridico\/2020\/07\/91e73822-books.jpg","type":"image\/jpeg"}],"author":"Rodrigo Leite","twitter_card":"summary_large_image","twitter_creator":"@rodrigocrleite","twitter_misc":{"Escrito por":"Rodrigo Leite","Est. tempo de leitura":"3 minutos"},"schema":{"@context":"https:\/\/schema.org","@graph":[{"@type":"Article","@id":"https:\/\/meusitejuridico.com.br\/2024\/03\/11\/principais-decisoes-do-stf-divulgadas-em-fevereiro-de-2024\/#article","isPartOf":{"@id":"https:\/\/meusitejuridico.com.br\/2024\/03\/11\/principais-decisoes-do-stf-divulgadas-em-fevereiro-de-2024\/"},"author":{"name":"Rodrigo Leite","@id":"https:\/\/meusitejuridico.editorajuspodivm.com.br\/#\/schema\/person\/ae56313f17950dccef13d0989efd6d50"},"headline":"Principais decis\u00f5es do STF divulgadas em fevereiro de 2024","datePublished":"2024-03-11T15:15:36+00:00","dateModified":"2024-03-11T15:15:38+00:00","mainEntityOfPage":{"@id":"https:\/\/meusitejuridico.com.br\/2024\/03\/11\/principais-decisoes-do-stf-divulgadas-em-fevereiro-de-2024\/"},"wordCount":709,"commentCount":0,"publisher":{"@id":"https:\/\/meusitejuridico.editorajuspodivm.com.br\/#organization"},"image":{"@id":"https:\/\/meusitejuridico.com.br\/2024\/03\/11\/principais-decisoes-do-stf-divulgadas-em-fevereiro-de-2024\/#primaryimage"},"thumbnailUrl":"https:\/\/webmail.meusitejuridico.com.br\/s.meusitejuridico\/2020\/07\/91e73822-books.jpg","articleSection":["Informativos"],"inLanguage":"pt-BR","potentialAction":[{"@type":"CommentAction","name":"Comment","target":["https:\/\/meusitejuridico.com.br\/2024\/03\/11\/principais-decisoes-do-stf-divulgadas-em-fevereiro-de-2024\/#respond"]}]},{"@type":"WebPage","@id":"https:\/\/meusitejuridico.com.br\/2024\/03\/11\/principais-decisoes-do-stf-divulgadas-em-fevereiro-de-2024\/","url":"https:\/\/meusitejuridico.com.br\/2024\/03\/11\/principais-decisoes-do-stf-divulgadas-em-fevereiro-de-2024\/","name":"Principais decis\u00f5es do STF divulgadas em fevereiro de 2024 - Meu site jur\u00eddico","isPartOf":{"@id":"https:\/\/meusitejuridico.editorajuspodivm.com.br\/#website"},"primaryImageOfPage":{"@id":"https:\/\/meusitejuridico.com.br\/2024\/03\/11\/principais-decisoes-do-stf-divulgadas-em-fevereiro-de-2024\/#primaryimage"},"image":{"@id":"https:\/\/meusitejuridico.com.br\/2024\/03\/11\/principais-decisoes-do-stf-divulgadas-em-fevereiro-de-2024\/#primaryimage"},"thumbnailUrl":"https:\/\/webmail.meusitejuridico.com.br\/s.meusitejuridico\/2020\/07\/91e73822-books.jpg","datePublished":"2024-03-11T15:15:36+00:00","dateModified":"2024-03-11T15:15:38+00:00","breadcrumb":{"@id":"https:\/\/meusitejuridico.com.br\/2024\/03\/11\/principais-decisoes-do-stf-divulgadas-em-fevereiro-de-2024\/#breadcrumb"},"inLanguage":"pt-BR","potentialAction":[{"@type":"ReadAction","target":["https:\/\/meusitejuridico.com.br\/2024\/03\/11\/principais-decisoes-do-stf-divulgadas-em-fevereiro-de-2024\/"]}]},{"@type":"ImageObject","inLanguage":"pt-BR","@id":"https:\/\/meusitejuridico.com.br\/2024\/03\/11\/principais-decisoes-do-stf-divulgadas-em-fevereiro-de-2024\/#primaryimage","url":"https:\/\/webmail.meusitejuridico.com.br\/s.meusitejuridico\/2020\/07\/91e73822-books.jpg","contentUrl":"https:\/\/webmail.meusitejuridico.com.br\/s.meusitejuridico\/2020\/07\/91e73822-books.jpg","width":400,"height":214},{"@type":"BreadcrumbList","@id":"https:\/\/meusitejuridico.com.br\/2024\/03\/11\/principais-decisoes-do-stf-divulgadas-em-fevereiro-de-2024\/#breadcrumb","itemListElement":[{"@type":"ListItem","position":1,"name":"In\u00edcio","item":"https:\/\/meusitejuridico.editorajuspodivm.com.br\/"},{"@type":"ListItem","position":2,"name":"Principais decis\u00f5es do STF divulgadas em fevereiro de 2024"}]},{"@type":"WebSite","@id":"https:\/\/meusitejuridico.editorajuspodivm.com.br\/#website","url":"https:\/\/meusitejuridico.editorajuspodivm.com.br\/","name":"Meu site jur\u00eddico","description":"Meu site jur\u00eddico","publisher":{"@id":"https:\/\/meusitejuridico.editorajuspodivm.com.br\/#organization"},"potentialAction":[{"@type":"SearchAction","target":{"@type":"EntryPoint","urlTemplate":"https:\/\/meusitejuridico.editorajuspodivm.com.br\/?s={search_term_string}"},"query-input":{"@type":"PropertyValueSpecification","valueRequired":true,"valueName":"search_term_string"}}],"inLanguage":"pt-BR"},{"@type":"Organization","@id":"https:\/\/meusitejuridico.editorajuspodivm.com.br\/#organization","name":"Meu site jur\u00eddico","url":"https:\/\/meusitejuridico.editorajuspodivm.com.br\/","logo":{"@type":"ImageObject","inLanguage":"pt-BR","@id":"https:\/\/meusitejuridico.editorajuspodivm.com.br\/#\/schema\/logo\/image\/","url":"https:\/\/webmail.meusitejuridico.com.br\/s.meusitejuridico\/2022\/03\/cropped-baeec2a3-msj-02-01-01.png","contentUrl":"https:\/\/webmail.meusitejuridico.com.br\/s.meusitejuridico\/2022\/03\/cropped-baeec2a3-msj-02-01-01.png","width":349,"height":243,"caption":"Meu site jur\u00eddico"},"image":{"@id":"https:\/\/meusitejuridico.editorajuspodivm.com.br\/#\/schema\/logo\/image\/"}},{"@type":"Person","@id":"https:\/\/meusitejuridico.editorajuspodivm.com.br\/#\/schema\/person\/ae56313f17950dccef13d0989efd6d50","name":"Rodrigo Leite","image":{"@type":"ImageObject","inLanguage":"pt-BR","@id":"https:\/\/meusitejuridico.editorajuspodivm.com.br\/#\/schema\/person\/image\/","url":"https:\/\/webmail.meusitejuridico.com.br\/s.meusitejuridico\/2021\/05\/8455192b-foto-site-rodrigo-leite-150x150.jpeg","contentUrl":"https:\/\/webmail.meusitejuridico.com.br\/s.meusitejuridico\/2021\/05\/8455192b-foto-site-rodrigo-leite-150x150.jpeg","caption":"Rodrigo Leite"},"description":"Coautor do livro \u201cAn\u00e1lise das Diverg\u00eancias Jurisprudenciais no STF e STJ\u201d, Editora Juspodivm. Autor do livro \u201cTombamento \u2013 Vol. 36 \u2013 Cole\u00e7\u00e3o Leis Especiais para Concursos\u201d, Editora Juspodivm. Autor do livro \u201cDesapropria\u00e7\u00e3o \u2013 Vol. 39 \u2013 Cole\u00e7\u00e3o Especiais para Concursos\u201d, Editora Juspodivm. Coautor do livro \u201cSaberes Jurisprudenciais\u201d, Editora Saraiva. Coorganizador do livro \u201cCPC na Jurisprud\u00eancia\", Editora Foco. Especialista em Direito P\u00fablico e Direito Processual Civil. Mestre em Direito Constitucional. Professor da P\u00f3s-gradua\u00e7\u00e3o em Direito Civil da Rede Anhaguera-Kroton. M\u00e1ster Universit\u00e1rio em Direito Constitucional pela Universidad Del Pa\u00eds Vasco, San Sebasti\u00e1n, Espanha. Advogado licenciado. Analista Judici\u00e1rio do TJRN. Assessor de Desembargador do TJRN.","sameAs":["https:\/\/www.editorajuspodivm.com.br\/autores\/detalhe\/85","https:\/\/www.instagram.com\/rodrigocrleite\/","https:\/\/x.com\/rodrigocrleite"],"url":"https:\/\/webmail.meusitejuridico.com.br\/author\/rodrigoleiterodrigoleite\/"}]}},"_links":{"self":[{"href":"https:\/\/webmail.meusitejuridico.com.br\/api\/wp\/v2\/posts\/20362","targetHints":{"allow":["GET"]}}],"collection":[{"href":"https:\/\/webmail.meusitejuridico.com.br\/api\/wp\/v2\/posts"}],"about":[{"href":"https:\/\/webmail.meusitejuridico.com.br\/api\/wp\/v2\/types\/post"}],"author":[{"embeddable":true,"href":"https:\/\/webmail.meusitejuridico.com.br\/api\/wp\/v2\/users\/131"}],"replies":[{"embeddable":true,"href":"https:\/\/webmail.meusitejuridico.com.br\/api\/wp\/v2\/comments?post=20362"}],"version-history":[{"count":1,"href":"https:\/\/webmail.meusitejuridico.com.br\/api\/wp\/v2\/posts\/20362\/revisions"}],"predecessor-version":[{"id":20363,"href":"https:\/\/webmail.meusitejuridico.com.br\/api\/wp\/v2\/posts\/20362\/revisions\/20363"}],"wp:featuredmedia":[{"embeddable":true,"href":"https:\/\/webmail.meusitejuridico.com.br\/api\/wp\/v2\/media\/11545"}],"wp:attachment":[{"href":"https:\/\/webmail.meusitejuridico.com.br\/api\/wp\/v2\/media?parent=20362"}],"wp:term":[{"taxonomy":"category","embeddable":true,"href":"https:\/\/webmail.meusitejuridico.com.br\/api\/wp\/v2\/categories?post=20362"},{"taxonomy":"post_tag","embeddable":true,"href":"https:\/\/webmail.meusitejuridico.com.br\/api\/wp\/v2\/tags?post=20362"}],"curies":[{"name":"wp","href":"https:\/\/api.w.org\/{rel}","templated":true}]}}