{"id":20331,"date":"2024-03-06T07:06:36","date_gmt":"2024-03-06T10:06:36","guid":{"rendered":"https:\/\/meusitejuridico.editorajuspodivm.com.br\/?p=20331"},"modified":"2024-03-06T07:06:37","modified_gmt":"2024-03-06T10:06:37","slug":"resumo-informativo-1-124-do-stf-de-28-de-fevereiro-de-2024","status":"publish","type":"post","link":"https:\/\/webmail.meusitejuridico.com.br\/2024\/03\/06\/resumo-informativo-1-124-do-stf-de-28-de-fevereiro-de-2024\/","title":{"rendered":"Resumo &#8211; Informativo 1.124 do STF, de 28 de fevereiro de 2024"},"content":{"rendered":"\n<p><strong>PLEN\u00c1RIO<\/strong><\/p>\n\n\n\n<p>&#8211; Em mat\u00e9ria de or\u00e7amento e finan\u00e7as p\u00fablicas, o modelo a ser seguido no \u00e2mbito dos estados \u00e9 de reprodu\u00e7\u00e3o obrigat\u00f3ria, em homenagem ao princ\u00edpio da simetria \u2013 <strong>ADI 7.493 MC-Ref\/MT<\/strong>, julgamento virtual finalizado em 20\/2\/2024.<\/p>\n\n\n\n<p>&#8211; O modelo federal determina que as emendas parlamentares individuais ao projeto da LOA sejam aprovadas no limite de 2% (dois por cento) da receita corrente l\u00edquida do exerc\u00edcio anterior ao do encaminhamento do projeto pelo Poder Executivo, reservando-se metade desse percentual para a\u00e7\u00f5es e servi\u00e7os p\u00fablicos de sa\u00fade. Por outro lado, no caso analisado, a Constitui\u00e7\u00e3o do Estado de Mato Grosso (art. 164, \u00a7 15), na reda\u00e7\u00e3o conferida pela EC n\u00ba 111\/2023, embora tenha adequado o limite de 1% para 2%, ficou silente com rela\u00e7\u00e3o \u00e0 reserva de 50% desse montante para a \u00e1rea da sa\u00fade, al\u00e9m de n\u00e3o especificar que o \u201cexerc\u00edcio anterior\u201d seria o do encaminhamento do projeto pelo Poder Executivo. Assim, deve-se conferir ao art. 164, \u00a7 15, da Constitui\u00e7\u00e3o do Estado do Mato Grosso, na reda\u00e7\u00e3o conferida pela EC n. 111\/2023, interpreta\u00e7\u00e3o conforme a Constitui\u00e7\u00e3o Federal e assentar que as emendas individuais ao projeto de lei or\u00e7ament\u00e1ria, de execu\u00e7\u00e3o obrigat\u00f3ria, sejam aprovadas no limite de 2% (dois por cento) da receita corrente l\u00edquida do exerc\u00edcio anterior ao do encaminhamento do projeto pelo Poder Executivo, observado que a metade desse percentual ser\u00e1 destinada a a\u00e7\u00f5es e servi\u00e7os p\u00fablicos de sa\u00fade \u2013 <strong>ADI 7.493 MC-Ref\/MT<\/strong>, julgamento virtual finalizado em 20\/2\/2024.<\/p>\n\n\n\n<p>_____________________<\/p>\n\n\n\n<p><strong>Telegram<\/strong>:<strong>&nbsp;<\/strong><a href=\"https:\/\/t.me\/pilulasjuridicasSTFSTJ\" target=\"_blank\" rel=\"noreferrer noopener\"><strong>https:\/\/t.me\/pilulasjuridicasSTFSTJ<\/strong><\/a><strong>&nbsp;| Instagram: @rodrigocrleite<\/strong><\/p>\n","protected":false},"excerpt":{"rendered":"<p>PLEN\u00c1RIO &#8211; Em mat\u00e9ria de or\u00e7amento e finan\u00e7as p\u00fablicas, o modelo a ser seguido no \u00e2mbito dos estados \u00e9 de reprodu\u00e7\u00e3o obrigat\u00f3ria, em homenagem ao princ\u00edpio da simetria \u2013 ADI 7.493 MC-Ref\/MT, julgamento virtual finalizado em 20\/2\/2024. &#8211; O modelo federal determina que as emendas parlamentares individuais ao projeto da LOA sejam aprovadas no limite [&hellip;]<\/p>\n","protected":false},"author":131,"featured_media":1498,"comment_status":"open","ping_status":"open","sticky":false,"template":"","format":"standard","meta":{"_acf_changed":false,"footnotes":""},"categories":[70],"tags":[],"class_list":["post-20331","post","type-post","status-publish","format-standard","has-post-thumbnail","hentry","category-informativos-comentados"],"acf":[],"yoast_head":"<!-- This site is optimized with the Yoast SEO plugin v24.8.1 - https:\/\/yoast.com\/wordpress\/plugins\/seo\/ -->\n<title>Resumo - Informativo 1.124 do STF, de 28 de fevereiro de 2024 - Meu site jur\u00eddico<\/title>\n<meta name=\"robots\" content=\"index, follow, max-snippet:-1, max-image-preview:large, max-video-preview:-1\" \/>\n<link rel=\"canonical\" href=\"https:\/\/webmail.meusitejuridico.com.br\/2024\/03\/06\/resumo-informativo-1-124-do-stf-de-28-de-fevereiro-de-2024\/\" \/>\n<meta property=\"og:locale\" content=\"pt_BR\" \/>\n<meta property=\"og:type\" content=\"article\" \/>\n<meta property=\"og:title\" content=\"Resumo - Informativo 1.124 do STF, de 28 de fevereiro de 2024 - Meu site jur\u00eddico\" \/>\n<meta property=\"og:description\" content=\"PLEN\u00c1RIO &#8211; Em mat\u00e9ria de or\u00e7amento e finan\u00e7as p\u00fablicas, o modelo a ser seguido no \u00e2mbito dos estados \u00e9 de reprodu\u00e7\u00e3o obrigat\u00f3ria, em homenagem ao princ\u00edpio da simetria \u2013 ADI 7.493 MC-Ref\/MT, julgamento virtual finalizado em 20\/2\/2024. &#8211; O modelo federal determina que as emendas parlamentares individuais ao projeto da LOA sejam aprovadas no limite [&hellip;]\" \/>\n<meta property=\"og:url\" content=\"https:\/\/webmail.meusitejuridico.com.br\/2024\/03\/06\/resumo-informativo-1-124-do-stf-de-28-de-fevereiro-de-2024\/\" \/>\n<meta property=\"og:site_name\" content=\"Meu site jur\u00eddico\" \/>\n<meta property=\"article:published_time\" content=\"2024-03-06T10:06:36+00:00\" \/>\n<meta property=\"article:modified_time\" content=\"2024-03-06T10:06:37+00:00\" \/>\n<meta property=\"og:image\" content=\"https:\/\/webmail.meusitejuridico.com.br\/s.meusitejuridico\/2017\/03\/1793f6ca-8.jpg\" \/>\n\t<meta property=\"og:image:width\" content=\"1920\" \/>\n\t<meta property=\"og:image:height\" content=\"1255\" \/>\n\t<meta property=\"og:image:type\" content=\"image\/jpeg\" \/>\n<meta name=\"author\" content=\"Rodrigo Leite\" \/>\n<meta name=\"twitter:card\" content=\"summary_large_image\" \/>\n<meta name=\"twitter:creator\" content=\"@rodrigocrleite\" \/>\n<meta name=\"twitter:label1\" content=\"Escrito por\" \/>\n\t<meta name=\"twitter:data1\" content=\"Rodrigo Leite\" \/>\n\t<meta name=\"twitter:label2\" content=\"Est. tempo de leitura\" \/>\n\t<meta name=\"twitter:data2\" content=\"2 minutos\" \/>\n<script type=\"application\/ld+json\" class=\"yoast-schema-graph\">{\"@context\":\"https:\/\/schema.org\",\"@graph\":[{\"@type\":\"Article\",\"@id\":\"https:\/\/webmail.meusitejuridico.com.br\/2024\/03\/06\/resumo-informativo-1-124-do-stf-de-28-de-fevereiro-de-2024\/#article\",\"isPartOf\":{\"@id\":\"https:\/\/webmail.meusitejuridico.com.br\/2024\/03\/06\/resumo-informativo-1-124-do-stf-de-28-de-fevereiro-de-2024\/\"},\"author\":{\"name\":\"Rodrigo Leite\",\"@id\":\"https:\/\/meusitejuridico.editorajuspodivm.com.br\/#\/schema\/person\/ae56313f17950dccef13d0989efd6d50\"},\"headline\":\"Resumo &#8211; Informativo 1.124 do STF, de 28 de fevereiro de 2024\",\"datePublished\":\"2024-03-06T10:06:36+00:00\",\"dateModified\":\"2024-03-06T10:06:37+00:00\",\"mainEntityOfPage\":{\"@id\":\"https:\/\/webmail.meusitejuridico.com.br\/2024\/03\/06\/resumo-informativo-1-124-do-stf-de-28-de-fevereiro-de-2024\/\"},\"wordCount\":274,\"commentCount\":0,\"publisher\":{\"@id\":\"https:\/\/meusitejuridico.editorajuspodivm.com.br\/#organization\"},\"image\":{\"@id\":\"https:\/\/webmail.meusitejuridico.com.br\/2024\/03\/06\/resumo-informativo-1-124-do-stf-de-28-de-fevereiro-de-2024\/#primaryimage\"},\"thumbnailUrl\":\"https:\/\/webmail.meusitejuridico.com.br\/s.meusitejuridico\/2017\/03\/1793f6ca-8.jpg\",\"articleSection\":[\"Informativos\"],\"inLanguage\":\"pt-BR\",\"potentialAction\":[{\"@type\":\"CommentAction\",\"name\":\"Comment\",\"target\":[\"https:\/\/webmail.meusitejuridico.com.br\/2024\/03\/06\/resumo-informativo-1-124-do-stf-de-28-de-fevereiro-de-2024\/#respond\"]}]},{\"@type\":\"WebPage\",\"@id\":\"https:\/\/webmail.meusitejuridico.com.br\/2024\/03\/06\/resumo-informativo-1-124-do-stf-de-28-de-fevereiro-de-2024\/\",\"url\":\"https:\/\/webmail.meusitejuridico.com.br\/2024\/03\/06\/resumo-informativo-1-124-do-stf-de-28-de-fevereiro-de-2024\/\",\"name\":\"Resumo - Informativo 1.124 do STF, de 28 de fevereiro de 2024 - Meu site jur\u00eddico\",\"isPartOf\":{\"@id\":\"https:\/\/meusitejuridico.editorajuspodivm.com.br\/#website\"},\"primaryImageOfPage\":{\"@id\":\"https:\/\/webmail.meusitejuridico.com.br\/2024\/03\/06\/resumo-informativo-1-124-do-stf-de-28-de-fevereiro-de-2024\/#primaryimage\"},\"image\":{\"@id\":\"https:\/\/webmail.meusitejuridico.com.br\/2024\/03\/06\/resumo-informativo-1-124-do-stf-de-28-de-fevereiro-de-2024\/#primaryimage\"},\"thumbnailUrl\":\"https:\/\/webmail.meusitejuridico.com.br\/s.meusitejuridico\/2017\/03\/1793f6ca-8.jpg\",\"datePublished\":\"2024-03-06T10:06:36+00:00\",\"dateModified\":\"2024-03-06T10:06:37+00:00\",\"breadcrumb\":{\"@id\":\"https:\/\/webmail.meusitejuridico.com.br\/2024\/03\/06\/resumo-informativo-1-124-do-stf-de-28-de-fevereiro-de-2024\/#breadcrumb\"},\"inLanguage\":\"pt-BR\",\"potentialAction\":[{\"@type\":\"ReadAction\",\"target\":[\"https:\/\/webmail.meusitejuridico.com.br\/2024\/03\/06\/resumo-informativo-1-124-do-stf-de-28-de-fevereiro-de-2024\/\"]}]},{\"@type\":\"ImageObject\",\"inLanguage\":\"pt-BR\",\"@id\":\"https:\/\/webmail.meusitejuridico.com.br\/2024\/03\/06\/resumo-informativo-1-124-do-stf-de-28-de-fevereiro-de-2024\/#primaryimage\",\"url\":\"https:\/\/webmail.meusitejuridico.com.br\/s.meusitejuridico\/2017\/03\/1793f6ca-8.jpg\",\"contentUrl\":\"https:\/\/webmail.meusitejuridico.com.br\/s.meusitejuridico\/2017\/03\/1793f6ca-8.jpg\",\"width\":1920,\"height\":1255},{\"@type\":\"BreadcrumbList\",\"@id\":\"https:\/\/webmail.meusitejuridico.com.br\/2024\/03\/06\/resumo-informativo-1-124-do-stf-de-28-de-fevereiro-de-2024\/#breadcrumb\",\"itemListElement\":[{\"@type\":\"ListItem\",\"position\":1,\"name\":\"In\u00edcio\",\"item\":\"https:\/\/meusitejuridico.editorajuspodivm.com.br\/\"},{\"@type\":\"ListItem\",\"position\":2,\"name\":\"Resumo &#8211; Informativo 1.124 do STF, de 28 de fevereiro de 2024\"}]},{\"@type\":\"WebSite\",\"@id\":\"https:\/\/meusitejuridico.editorajuspodivm.com.br\/#website\",\"url\":\"https:\/\/meusitejuridico.editorajuspodivm.com.br\/\",\"name\":\"Meu site jur\u00eddico\",\"description\":\"Meu site jur\u00eddico\",\"publisher\":{\"@id\":\"https:\/\/meusitejuridico.editorajuspodivm.com.br\/#organization\"},\"potentialAction\":[{\"@type\":\"SearchAction\",\"target\":{\"@type\":\"EntryPoint\",\"urlTemplate\":\"https:\/\/meusitejuridico.editorajuspodivm.com.br\/?s={search_term_string}\"},\"query-input\":{\"@type\":\"PropertyValueSpecification\",\"valueRequired\":true,\"valueName\":\"search_term_string\"}}],\"inLanguage\":\"pt-BR\"},{\"@type\":\"Organization\",\"@id\":\"https:\/\/meusitejuridico.editorajuspodivm.com.br\/#organization\",\"name\":\"Meu site jur\u00eddico\",\"url\":\"https:\/\/meusitejuridico.editorajuspodivm.com.br\/\",\"logo\":{\"@type\":\"ImageObject\",\"inLanguage\":\"pt-BR\",\"@id\":\"https:\/\/meusitejuridico.editorajuspodivm.com.br\/#\/schema\/logo\/image\/\",\"url\":\"https:\/\/webmail.meusitejuridico.com.br\/s.meusitejuridico\/2022\/03\/cropped-baeec2a3-msj-02-01-01.png\",\"contentUrl\":\"https:\/\/webmail.meusitejuridico.com.br\/s.meusitejuridico\/2022\/03\/cropped-baeec2a3-msj-02-01-01.png\",\"width\":349,\"height\":243,\"caption\":\"Meu site jur\u00eddico\"},\"image\":{\"@id\":\"https:\/\/meusitejuridico.editorajuspodivm.com.br\/#\/schema\/logo\/image\/\"}},{\"@type\":\"Person\",\"@id\":\"https:\/\/meusitejuridico.editorajuspodivm.com.br\/#\/schema\/person\/ae56313f17950dccef13d0989efd6d50\",\"name\":\"Rodrigo Leite\",\"image\":{\"@type\":\"ImageObject\",\"inLanguage\":\"pt-BR\",\"@id\":\"https:\/\/meusitejuridico.editorajuspodivm.com.br\/#\/schema\/person\/image\/\",\"url\":\"https:\/\/webmail.meusitejuridico.com.br\/s.meusitejuridico\/2021\/05\/8455192b-foto-site-rodrigo-leite-150x150.jpeg\",\"contentUrl\":\"https:\/\/webmail.meusitejuridico.com.br\/s.meusitejuridico\/2021\/05\/8455192b-foto-site-rodrigo-leite-150x150.jpeg\",\"caption\":\"Rodrigo Leite\"},\"description\":\"Coautor do livro \u201cAn\u00e1lise das Diverg\u00eancias Jurisprudenciais no STF e STJ\u201d, Editora Juspodivm. Autor do livro \u201cTombamento \u2013 Vol. 36 \u2013 Cole\u00e7\u00e3o Leis Especiais para Concursos\u201d, Editora Juspodivm. Autor do livro \u201cDesapropria\u00e7\u00e3o \u2013 Vol. 39 \u2013 Cole\u00e7\u00e3o Especiais para Concursos\u201d, Editora Juspodivm. Coautor do livro \u201cSaberes Jurisprudenciais\u201d, Editora Saraiva. Coorganizador do livro \u201cCPC na Jurisprud\u00eancia\\\", Editora Foco. Especialista em Direito P\u00fablico e Direito Processual Civil. Mestre em Direito Constitucional. Professor da P\u00f3s-gradua\u00e7\u00e3o em Direito Civil da Rede Anhaguera-Kroton. M\u00e1ster Universit\u00e1rio em Direito Constitucional pela Universidad Del Pa\u00eds Vasco, San Sebasti\u00e1n, Espanha. Advogado licenciado. Analista Judici\u00e1rio do TJRN. Assessor de Desembargador do TJRN.\",\"sameAs\":[\"https:\/\/www.editorajuspodivm.com.br\/autores\/detalhe\/85\",\"https:\/\/www.instagram.com\/rodrigocrleite\/\",\"https:\/\/x.com\/rodrigocrleite\"],\"url\":\"https:\/\/webmail.meusitejuridico.com.br\/author\/rodrigoleiterodrigoleite\/\"}]}<\/script>\n<!-- \/ Yoast SEO plugin. -->","yoast_head_json":{"title":"Resumo - Informativo 1.124 do STF, de 28 de fevereiro de 2024 - Meu site jur\u00eddico","robots":{"index":"index","follow":"follow","max-snippet":"max-snippet:-1","max-image-preview":"max-image-preview:large","max-video-preview":"max-video-preview:-1"},"canonical":"https:\/\/webmail.meusitejuridico.com.br\/2024\/03\/06\/resumo-informativo-1-124-do-stf-de-28-de-fevereiro-de-2024\/","og_locale":"pt_BR","og_type":"article","og_title":"Resumo - Informativo 1.124 do STF, de 28 de fevereiro de 2024 - Meu site jur\u00eddico","og_description":"PLEN\u00c1RIO &#8211; Em mat\u00e9ria de or\u00e7amento e finan\u00e7as p\u00fablicas, o modelo a ser seguido no \u00e2mbito dos estados \u00e9 de reprodu\u00e7\u00e3o obrigat\u00f3ria, em homenagem ao princ\u00edpio da simetria \u2013 ADI 7.493 MC-Ref\/MT, julgamento virtual finalizado em 20\/2\/2024. &#8211; O modelo federal determina que as emendas parlamentares individuais ao projeto da LOA sejam aprovadas no limite [&hellip;]","og_url":"https:\/\/webmail.meusitejuridico.com.br\/2024\/03\/06\/resumo-informativo-1-124-do-stf-de-28-de-fevereiro-de-2024\/","og_site_name":"Meu site jur\u00eddico","article_published_time":"2024-03-06T10:06:36+00:00","article_modified_time":"2024-03-06T10:06:37+00:00","og_image":[{"width":1920,"height":1255,"url":"https:\/\/webmail.meusitejuridico.com.br\/s.meusitejuridico\/2017\/03\/1793f6ca-8.jpg","type":"image\/jpeg"}],"author":"Rodrigo Leite","twitter_card":"summary_large_image","twitter_creator":"@rodrigocrleite","twitter_misc":{"Escrito por":"Rodrigo Leite","Est. tempo de leitura":"2 minutos"},"schema":{"@context":"https:\/\/schema.org","@graph":[{"@type":"Article","@id":"https:\/\/webmail.meusitejuridico.com.br\/2024\/03\/06\/resumo-informativo-1-124-do-stf-de-28-de-fevereiro-de-2024\/#article","isPartOf":{"@id":"https:\/\/webmail.meusitejuridico.com.br\/2024\/03\/06\/resumo-informativo-1-124-do-stf-de-28-de-fevereiro-de-2024\/"},"author":{"name":"Rodrigo Leite","@id":"https:\/\/meusitejuridico.editorajuspodivm.com.br\/#\/schema\/person\/ae56313f17950dccef13d0989efd6d50"},"headline":"Resumo &#8211; Informativo 1.124 do STF, de 28 de fevereiro de 2024","datePublished":"2024-03-06T10:06:36+00:00","dateModified":"2024-03-06T10:06:37+00:00","mainEntityOfPage":{"@id":"https:\/\/webmail.meusitejuridico.com.br\/2024\/03\/06\/resumo-informativo-1-124-do-stf-de-28-de-fevereiro-de-2024\/"},"wordCount":274,"commentCount":0,"publisher":{"@id":"https:\/\/meusitejuridico.editorajuspodivm.com.br\/#organization"},"image":{"@id":"https:\/\/webmail.meusitejuridico.com.br\/2024\/03\/06\/resumo-informativo-1-124-do-stf-de-28-de-fevereiro-de-2024\/#primaryimage"},"thumbnailUrl":"https:\/\/webmail.meusitejuridico.com.br\/s.meusitejuridico\/2017\/03\/1793f6ca-8.jpg","articleSection":["Informativos"],"inLanguage":"pt-BR","potentialAction":[{"@type":"CommentAction","name":"Comment","target":["https:\/\/webmail.meusitejuridico.com.br\/2024\/03\/06\/resumo-informativo-1-124-do-stf-de-28-de-fevereiro-de-2024\/#respond"]}]},{"@type":"WebPage","@id":"https:\/\/webmail.meusitejuridico.com.br\/2024\/03\/06\/resumo-informativo-1-124-do-stf-de-28-de-fevereiro-de-2024\/","url":"https:\/\/webmail.meusitejuridico.com.br\/2024\/03\/06\/resumo-informativo-1-124-do-stf-de-28-de-fevereiro-de-2024\/","name":"Resumo - Informativo 1.124 do STF, de 28 de fevereiro de 2024 - Meu site jur\u00eddico","isPartOf":{"@id":"https:\/\/meusitejuridico.editorajuspodivm.com.br\/#website"},"primaryImageOfPage":{"@id":"https:\/\/webmail.meusitejuridico.com.br\/2024\/03\/06\/resumo-informativo-1-124-do-stf-de-28-de-fevereiro-de-2024\/#primaryimage"},"image":{"@id":"https:\/\/webmail.meusitejuridico.com.br\/2024\/03\/06\/resumo-informativo-1-124-do-stf-de-28-de-fevereiro-de-2024\/#primaryimage"},"thumbnailUrl":"https:\/\/webmail.meusitejuridico.com.br\/s.meusitejuridico\/2017\/03\/1793f6ca-8.jpg","datePublished":"2024-03-06T10:06:36+00:00","dateModified":"2024-03-06T10:06:37+00:00","breadcrumb":{"@id":"https:\/\/webmail.meusitejuridico.com.br\/2024\/03\/06\/resumo-informativo-1-124-do-stf-de-28-de-fevereiro-de-2024\/#breadcrumb"},"inLanguage":"pt-BR","potentialAction":[{"@type":"ReadAction","target":["https:\/\/webmail.meusitejuridico.com.br\/2024\/03\/06\/resumo-informativo-1-124-do-stf-de-28-de-fevereiro-de-2024\/"]}]},{"@type":"ImageObject","inLanguage":"pt-BR","@id":"https:\/\/webmail.meusitejuridico.com.br\/2024\/03\/06\/resumo-informativo-1-124-do-stf-de-28-de-fevereiro-de-2024\/#primaryimage","url":"https:\/\/webmail.meusitejuridico.com.br\/s.meusitejuridico\/2017\/03\/1793f6ca-8.jpg","contentUrl":"https:\/\/webmail.meusitejuridico.com.br\/s.meusitejuridico\/2017\/03\/1793f6ca-8.jpg","width":1920,"height":1255},{"@type":"BreadcrumbList","@id":"https:\/\/webmail.meusitejuridico.com.br\/2024\/03\/06\/resumo-informativo-1-124-do-stf-de-28-de-fevereiro-de-2024\/#breadcrumb","itemListElement":[{"@type":"ListItem","position":1,"name":"In\u00edcio","item":"https:\/\/meusitejuridico.editorajuspodivm.com.br\/"},{"@type":"ListItem","position":2,"name":"Resumo &#8211; Informativo 1.124 do STF, de 28 de fevereiro de 2024"}]},{"@type":"WebSite","@id":"https:\/\/meusitejuridico.editorajuspodivm.com.br\/#website","url":"https:\/\/meusitejuridico.editorajuspodivm.com.br\/","name":"Meu site jur\u00eddico","description":"Meu site jur\u00eddico","publisher":{"@id":"https:\/\/meusitejuridico.editorajuspodivm.com.br\/#organization"},"potentialAction":[{"@type":"SearchAction","target":{"@type":"EntryPoint","urlTemplate":"https:\/\/meusitejuridico.editorajuspodivm.com.br\/?s={search_term_string}"},"query-input":{"@type":"PropertyValueSpecification","valueRequired":true,"valueName":"search_term_string"}}],"inLanguage":"pt-BR"},{"@type":"Organization","@id":"https:\/\/meusitejuridico.editorajuspodivm.com.br\/#organization","name":"Meu site jur\u00eddico","url":"https:\/\/meusitejuridico.editorajuspodivm.com.br\/","logo":{"@type":"ImageObject","inLanguage":"pt-BR","@id":"https:\/\/meusitejuridico.editorajuspodivm.com.br\/#\/schema\/logo\/image\/","url":"https:\/\/webmail.meusitejuridico.com.br\/s.meusitejuridico\/2022\/03\/cropped-baeec2a3-msj-02-01-01.png","contentUrl":"https:\/\/webmail.meusitejuridico.com.br\/s.meusitejuridico\/2022\/03\/cropped-baeec2a3-msj-02-01-01.png","width":349,"height":243,"caption":"Meu site jur\u00eddico"},"image":{"@id":"https:\/\/meusitejuridico.editorajuspodivm.com.br\/#\/schema\/logo\/image\/"}},{"@type":"Person","@id":"https:\/\/meusitejuridico.editorajuspodivm.com.br\/#\/schema\/person\/ae56313f17950dccef13d0989efd6d50","name":"Rodrigo Leite","image":{"@type":"ImageObject","inLanguage":"pt-BR","@id":"https:\/\/meusitejuridico.editorajuspodivm.com.br\/#\/schema\/person\/image\/","url":"https:\/\/webmail.meusitejuridico.com.br\/s.meusitejuridico\/2021\/05\/8455192b-foto-site-rodrigo-leite-150x150.jpeg","contentUrl":"https:\/\/webmail.meusitejuridico.com.br\/s.meusitejuridico\/2021\/05\/8455192b-foto-site-rodrigo-leite-150x150.jpeg","caption":"Rodrigo Leite"},"description":"Coautor do livro \u201cAn\u00e1lise das Diverg\u00eancias Jurisprudenciais no STF e STJ\u201d, Editora Juspodivm. Autor do livro \u201cTombamento \u2013 Vol. 36 \u2013 Cole\u00e7\u00e3o Leis Especiais para Concursos\u201d, Editora Juspodivm. Autor do livro \u201cDesapropria\u00e7\u00e3o \u2013 Vol. 39 \u2013 Cole\u00e7\u00e3o Especiais para Concursos\u201d, Editora Juspodivm. Coautor do livro \u201cSaberes Jurisprudenciais\u201d, Editora Saraiva. Coorganizador do livro \u201cCPC na Jurisprud\u00eancia\", Editora Foco. Especialista em Direito P\u00fablico e Direito Processual Civil. Mestre em Direito Constitucional. Professor da P\u00f3s-gradua\u00e7\u00e3o em Direito Civil da Rede Anhaguera-Kroton. M\u00e1ster Universit\u00e1rio em Direito Constitucional pela Universidad Del Pa\u00eds Vasco, San Sebasti\u00e1n, Espanha. Advogado licenciado. Analista Judici\u00e1rio do TJRN. Assessor de Desembargador do TJRN.","sameAs":["https:\/\/www.editorajuspodivm.com.br\/autores\/detalhe\/85","https:\/\/www.instagram.com\/rodrigocrleite\/","https:\/\/x.com\/rodrigocrleite"],"url":"https:\/\/webmail.meusitejuridico.com.br\/author\/rodrigoleiterodrigoleite\/"}]}},"_links":{"self":[{"href":"https:\/\/webmail.meusitejuridico.com.br\/api\/wp\/v2\/posts\/20331","targetHints":{"allow":["GET"]}}],"collection":[{"href":"https:\/\/webmail.meusitejuridico.com.br\/api\/wp\/v2\/posts"}],"about":[{"href":"https:\/\/webmail.meusitejuridico.com.br\/api\/wp\/v2\/types\/post"}],"author":[{"embeddable":true,"href":"https:\/\/webmail.meusitejuridico.com.br\/api\/wp\/v2\/users\/131"}],"replies":[{"embeddable":true,"href":"https:\/\/webmail.meusitejuridico.com.br\/api\/wp\/v2\/comments?post=20331"}],"version-history":[{"count":1,"href":"https:\/\/webmail.meusitejuridico.com.br\/api\/wp\/v2\/posts\/20331\/revisions"}],"predecessor-version":[{"id":20332,"href":"https:\/\/webmail.meusitejuridico.com.br\/api\/wp\/v2\/posts\/20331\/revisions\/20332"}],"wp:featuredmedia":[{"embeddable":true,"href":"https:\/\/webmail.meusitejuridico.com.br\/api\/wp\/v2\/media\/1498"}],"wp:attachment":[{"href":"https:\/\/webmail.meusitejuridico.com.br\/api\/wp\/v2\/media?parent=20331"}],"wp:term":[{"taxonomy":"category","embeddable":true,"href":"https:\/\/webmail.meusitejuridico.com.br\/api\/wp\/v2\/categories?post=20331"},{"taxonomy":"post_tag","embeddable":true,"href":"https:\/\/webmail.meusitejuridico.com.br\/api\/wp\/v2\/tags?post=20331"}],"curies":[{"name":"wp","href":"https:\/\/api.w.org\/{rel}","templated":true}]}}