{"id":20322,"date":"2024-03-05T12:00:00","date_gmt":"2024-03-05T15:00:00","guid":{"rendered":"https:\/\/meusitejuridico.editorajuspodivm.com.br\/?p=20322"},"modified":"2024-03-04T12:04:20","modified_gmt":"2024-03-04T15:04:20","slug":"resumo-informativo-800-do-stj-de-20-de-fevereiro-de-2024","status":"publish","type":"post","link":"https:\/\/webmail.meusitejuridico.com.br\/2024\/03\/05\/resumo-informativo-800-do-stj-de-20-de-fevereiro-de-2024\/","title":{"rendered":"Resumo &#8211; Informativo 800 do STJ, de 20 de fevereiro de 2024"},"content":{"rendered":"\n<p><strong>PRIMEIRA TURMA<\/strong><\/p>\n\n\n\n<p><strong>&#8211; <\/strong>O entendimento firmado no Tema 1.199\/STF aplica-se ao caso de ato de improbidade administrativa fundado no revogado art. 11, I, da Lei n. 8.429\/1992, desde que n\u00e3o haja condena\u00e7\u00e3o com tr\u00e2nsito em julgado &#8211; <strong>AgInt no AREsp 2.380.545-SP<\/strong>, julgado em 6\/2\/2024.<\/p>\n\n\n\n<p><strong>&#8211; <\/strong>A demonstra\u00e7\u00e3o do requisito da urg\u00eancia para a indisponibilidade de bens, prevista no art. 16 da Lei de Improbidade Administrativa (com a reda\u00e7\u00e3o dada pela Lei n. 14.230\/2021), tem aplica\u00e7\u00e3o imediata ao processo em curso dado o car\u00e1ter processual da medida &#8211; <strong>AREsp 2.272.508-RN<\/strong>, julgado em 6\/2\/2024.<\/p>\n\n\n\n<p><strong>SEGUNDA TURMA<\/strong><\/p>\n\n\n\n<p>&#8211; O prazo decadencial para impetrar mandado de seguran\u00e7a contra fixa\u00e7\u00e3o de base de c\u00e1lculo tida por ilegal &#8211; em ato de deferimento de aposentadoria de servidor p\u00fablico &#8211; inicia-se com a ci\u00eancia desse ato, sem preju\u00edzo de cobran\u00e7a de parcelas pela via ordin\u00e1ria quando n\u00e3o indeferido o direito de fundo &#8211; <strong>AgInt no AgInt no RMS 32.325-CE<\/strong>, julgado em 6\/2\/2024.<\/p>\n\n\n\n<p>&#8211; O dia de<em> Corpus Christi<\/em> \u00e9 considerado feriado local para fins de comprova\u00e7\u00e3o da tempestividade recursal &#8211; <strong>AgInt no REsp 2.439.111-RS<\/strong>, julgado em 6\/2\/2024.<\/p>\n\n\n\n<p><strong>TERCEIRA TURMA<\/strong><\/p>\n\n\n\n<p>&#8211; \u00c9 poss\u00edvel a penhora do bem de fam\u00edlia para assegurar o pagamento de d\u00edvida contra\u00edda para reforma deste im\u00f3vel &#8211; <strong>REsp 2.082.860-RS<\/strong>, julgado em 6\/2\/2024.<\/p>\n\n\n\n<p>&#8211; A anota\u00e7\u00e3o da aliena\u00e7\u00e3o fiduci\u00e1ria no certificado de registro do ve\u00edculo n\u00e3o constitui requisito para a propositura da a\u00e7\u00e3o de busca e apreens\u00e3o, uma vez que o registro \u00e9 condi\u00e7\u00e3o de efic\u00e1cia da garantia perante terceiros e n\u00e3o entre os contratantes &#8211; <strong>REsp 2.095.740-DF<\/strong>, julgado em 6\/2\/2024.<\/p>\n\n\n\n<p><strong>QUARTA TURMA<\/strong><\/p>\n\n\n\n<p>&#8211; \u00c9 indevido o pagamento de indeniza\u00e7\u00e3o por lucros cessantes, no caso de rescis\u00e3o de contrato de promessa de compra e venda de im\u00f3vel por inadimplemento da promitente vendedora &#8211; <strong>AgInt no REsp 1.881.482-SP<\/strong>, julgado em 6\/2\/2024.<\/p>\n\n\n\n<p>&#8211; A neglig\u00eancia ou omiss\u00e3o dos genitores ante a grave abuso sexual configura hip\u00f3tese excepcional de destitui\u00e7\u00e3o do poder familiar &#8211; <strong>Processo em segredo de justi\u00e7a<\/strong>, julgado em 6\/2\/2024.<\/p>\n\n\n\n<p>&#8211; Nas a\u00e7\u00f5es que houver a convers\u00e3o em indeniza\u00e7\u00e3o por perdas e danos pela impossibilidade de entrega das a\u00e7\u00f5es ao acionista, embora a fase de liquida\u00e7\u00e3o n\u00e3o seja necessariamente obrigat\u00f3ria, \u00e9 preciso considerar, no c\u00e1lculo da indeniza\u00e7\u00e3o, os eventos societ\u00e1rios de grupamentos e desdobramentos de a\u00e7\u00f5es ocorridos entre a data em que as a\u00e7\u00f5es foram emitidas e a data do tr\u00e2nsito em julgado da senten\u00e7a &#8211; <strong>AgInt no AREsp 1.488.546-PE<\/strong>, julgado em 6\/2\/2024.<\/p>\n\n\n\n<p><strong>QUINTA TURMA<\/strong><\/p>\n\n\n\n<p>&#8211; \u00c9 at\u00edpica a tentativa de subtra\u00e7\u00e3o, sem a pr\u00e1tica de viol\u00eancia ou grave amea\u00e7a \u00e0 pessoa, de 08 (oito) <em>shampoos<\/em>, em valor global aproximado inferior a R$ 100,00 (cem reais), ainda que, eventualmente, haja reitera\u00e7\u00e3o de condutas dessa natureza &#8211; <strong>AgRg no HC 834.558-GO<\/strong>, julgado em 12\/12\/2023.<\/p>\n\n\n\n<p>&#8211; \u00c9 cab\u00edvel a interven\u00e7\u00e3o do querelante no <em>habeas corpus<\/em> impetrado pelo querelado com o objetivo de trancar a a\u00e7\u00e3o penal privada ou privada subsidi\u00e1ria da p\u00fablica &#8211; <strong>Processo em segredo de justi\u00e7a<\/strong>, julgado em 6\/2\/2024.<\/p>\n\n\n\n<p>&#8211; Compete ao Ju\u00edzo da Execu\u00e7\u00e3o Penal a escolha da institui\u00e7\u00e3o benefici\u00e1ria dos valores da presta\u00e7\u00e3o pecuni\u00e1ria ajustada no acordo de n\u00e3o persecu\u00e7\u00e3o penal &#8211; <strong>AREsp 2.419.790-MG<\/strong>, julgado em 6\/2\/2024.<\/p>\n\n\n\n<p><strong>SEXTA TURMA<\/strong><\/p>\n\n\n\n<p>&#8211; Embora n\u00e3o configure o crime de abuso de autoridade, mesmo que realizada a dilig\u00eancia depois das 5h e antes das 21h, continua sendo ilegal e sujeito \u00e0 san\u00e7\u00e3o de nulidade cumprir mandado de busca e apreens\u00e3o domiciliar se for noite &#8211; <strong>Processo em segredo de justi\u00e7a<\/strong>, julgado em 5\/12\/2023.<\/p>\n\n\n\n<p>&#8211; A prova da legalidade e da voluntariedade do consentimento para o ingresso na resid\u00eancia do suspeito incumbe, em caso de d\u00favida, ao Estado, e deve ser registrada em \u00e1udio-v\u00eddeo e preservada tal prova enquanto durar o processo &#8211; <strong>AgRg no HC 821.494-MG<\/strong>, julgado em 6\/2\/2024.<\/p>\n\n\n\n<p>&#8211; N\u00e3o cabe \u00e0 Justi\u00e7a Federal discutir os motivos declinados pelo Ju\u00edzo que solicita a transfer\u00eancia ou a perman\u00eancia de preso em estabelecimento prisional de seguran\u00e7a m\u00e1xima, pois este \u00e9 o \u00fanico habilitado a declarar a excepcionalidade da medida &#8211; <strong>AgRg no CC 199.369-PA<\/strong>, julgado em 6\/2\/2024.<\/p>\n\n\n\n<p>_____________________<\/p>\n\n\n\n<p><strong>Telegram<\/strong>:<strong>&nbsp;<\/strong><a href=\"https:\/\/t.me\/pilulasjuridicasSTFSTJ\" target=\"_blank\" rel=\"noreferrer noopener\"><strong>https:\/\/t.me\/pilulasjuridicasSTFSTJ<\/strong><\/a><strong>&nbsp;| Instagram: @rodrigocrleite<\/strong><\/p>\n","protected":false},"excerpt":{"rendered":"<p>PRIMEIRA TURMA &#8211; O entendimento firmado no Tema 1.199\/STF aplica-se ao caso de ato de improbidade administrativa fundado no revogado art. 11, I, da Lei n. 8.429\/1992, desde que n\u00e3o haja condena\u00e7\u00e3o com tr\u00e2nsito em julgado &#8211; AgInt no AREsp 2.380.545-SP, julgado em 6\/2\/2024. &#8211; A demonstra\u00e7\u00e3o do requisito da urg\u00eancia para a indisponibilidade de [&hellip;]<\/p>\n","protected":false},"author":131,"featured_media":7518,"comment_status":"open","ping_status":"open","sticky":false,"template":"","format":"standard","meta":{"_acf_changed":false,"footnotes":""},"categories":[70],"tags":[],"class_list":["post-20322","post","type-post","status-publish","format-standard","has-post-thumbnail","hentry","category-informativos-comentados"],"acf":[],"yoast_head":"<!-- This site is optimized with the Yoast SEO plugin v24.8.1 - https:\/\/yoast.com\/wordpress\/plugins\/seo\/ -->\n<title>Resumo - Informativo 800 do STJ, de 20 de fevereiro de 2024 - Meu site jur\u00eddico<\/title>\n<meta name=\"robots\" content=\"index, follow, max-snippet:-1, max-image-preview:large, max-video-preview:-1\" \/>\n<link rel=\"canonical\" href=\"https:\/\/meusitejuridico.com.br\/2024\/03\/05\/resumo-informativo-800-do-stj-de-20-de-fevereiro-de-2024\/\" \/>\n<meta property=\"og:locale\" content=\"pt_BR\" \/>\n<meta property=\"og:type\" content=\"article\" \/>\n<meta property=\"og:title\" content=\"Resumo - Informativo 800 do STJ, de 20 de fevereiro de 2024 - Meu site jur\u00eddico\" \/>\n<meta property=\"og:description\" content=\"PRIMEIRA TURMA &#8211; O entendimento firmado no Tema 1.199\/STF aplica-se ao caso de ato de improbidade administrativa fundado no revogado art. 11, I, da Lei n. 8.429\/1992, desde que n\u00e3o haja condena\u00e7\u00e3o com tr\u00e2nsito em julgado &#8211; AgInt no AREsp 2.380.545-SP, julgado em 6\/2\/2024. &#8211; A demonstra\u00e7\u00e3o do requisito da urg\u00eancia para a indisponibilidade de [&hellip;]\" \/>\n<meta property=\"og:url\" content=\"https:\/\/meusitejuridico.com.br\/2024\/03\/05\/resumo-informativo-800-do-stj-de-20-de-fevereiro-de-2024\/\" \/>\n<meta property=\"og:site_name\" content=\"Meu site jur\u00eddico\" \/>\n<meta property=\"article:published_time\" content=\"2024-03-05T15:00:00+00:00\" \/>\n<meta property=\"og:image\" content=\"https:\/\/meusitejuridico.com.br\/s.meusitejuridico\/2019\/02\/1127b59e-shutterstock-12220.jpg\" \/>\n\t<meta property=\"og:image:width\" content=\"1280\" \/>\n\t<meta property=\"og:image:height\" content=\"853\" \/>\n\t<meta property=\"og:image:type\" content=\"image\/jpeg\" \/>\n<meta name=\"author\" content=\"Rodrigo Leite\" \/>\n<meta name=\"twitter:card\" content=\"summary_large_image\" \/>\n<meta name=\"twitter:creator\" content=\"@rodrigocrleite\" \/>\n<meta name=\"twitter:label1\" content=\"Escrito por\" \/>\n\t<meta name=\"twitter:data1\" content=\"Rodrigo Leite\" \/>\n\t<meta name=\"twitter:label2\" content=\"Est. tempo de leitura\" \/>\n\t<meta name=\"twitter:data2\" content=\"3 minutos\" \/>\n<script type=\"application\/ld+json\" class=\"yoast-schema-graph\">{\"@context\":\"https:\/\/schema.org\",\"@graph\":[{\"@type\":\"Article\",\"@id\":\"https:\/\/meusitejuridico.com.br\/2024\/03\/05\/resumo-informativo-800-do-stj-de-20-de-fevereiro-de-2024\/#article\",\"isPartOf\":{\"@id\":\"https:\/\/meusitejuridico.com.br\/2024\/03\/05\/resumo-informativo-800-do-stj-de-20-de-fevereiro-de-2024\/\"},\"author\":{\"name\":\"Rodrigo Leite\",\"@id\":\"https:\/\/meusitejuridico.editorajuspodivm.com.br\/#\/schema\/person\/ae56313f17950dccef13d0989efd6d50\"},\"headline\":\"Resumo &#8211; Informativo 800 do STJ, de 20 de fevereiro de 2024\",\"datePublished\":\"2024-03-05T15:00:00+00:00\",\"mainEntityOfPage\":{\"@id\":\"https:\/\/meusitejuridico.com.br\/2024\/03\/05\/resumo-informativo-800-do-stj-de-20-de-fevereiro-de-2024\/\"},\"wordCount\":734,\"commentCount\":0,\"publisher\":{\"@id\":\"https:\/\/meusitejuridico.editorajuspodivm.com.br\/#organization\"},\"image\":{\"@id\":\"https:\/\/meusitejuridico.com.br\/2024\/03\/05\/resumo-informativo-800-do-stj-de-20-de-fevereiro-de-2024\/#primaryimage\"},\"thumbnailUrl\":\"https:\/\/webmail.meusitejuridico.com.br\/s.meusitejuridico\/2019\/02\/1127b59e-shutterstock-12220.jpg\",\"articleSection\":[\"Informativos\"],\"inLanguage\":\"pt-BR\",\"potentialAction\":[{\"@type\":\"CommentAction\",\"name\":\"Comment\",\"target\":[\"https:\/\/meusitejuridico.com.br\/2024\/03\/05\/resumo-informativo-800-do-stj-de-20-de-fevereiro-de-2024\/#respond\"]}]},{\"@type\":\"WebPage\",\"@id\":\"https:\/\/meusitejuridico.com.br\/2024\/03\/05\/resumo-informativo-800-do-stj-de-20-de-fevereiro-de-2024\/\",\"url\":\"https:\/\/meusitejuridico.com.br\/2024\/03\/05\/resumo-informativo-800-do-stj-de-20-de-fevereiro-de-2024\/\",\"name\":\"Resumo - Informativo 800 do STJ, de 20 de fevereiro de 2024 - Meu site jur\u00eddico\",\"isPartOf\":{\"@id\":\"https:\/\/meusitejuridico.editorajuspodivm.com.br\/#website\"},\"primaryImageOfPage\":{\"@id\":\"https:\/\/meusitejuridico.com.br\/2024\/03\/05\/resumo-informativo-800-do-stj-de-20-de-fevereiro-de-2024\/#primaryimage\"},\"image\":{\"@id\":\"https:\/\/meusitejuridico.com.br\/2024\/03\/05\/resumo-informativo-800-do-stj-de-20-de-fevereiro-de-2024\/#primaryimage\"},\"thumbnailUrl\":\"https:\/\/webmail.meusitejuridico.com.br\/s.meusitejuridico\/2019\/02\/1127b59e-shutterstock-12220.jpg\",\"datePublished\":\"2024-03-05T15:00:00+00:00\",\"breadcrumb\":{\"@id\":\"https:\/\/meusitejuridico.com.br\/2024\/03\/05\/resumo-informativo-800-do-stj-de-20-de-fevereiro-de-2024\/#breadcrumb\"},\"inLanguage\":\"pt-BR\",\"potentialAction\":[{\"@type\":\"ReadAction\",\"target\":[\"https:\/\/meusitejuridico.com.br\/2024\/03\/05\/resumo-informativo-800-do-stj-de-20-de-fevereiro-de-2024\/\"]}]},{\"@type\":\"ImageObject\",\"inLanguage\":\"pt-BR\",\"@id\":\"https:\/\/meusitejuridico.com.br\/2024\/03\/05\/resumo-informativo-800-do-stj-de-20-de-fevereiro-de-2024\/#primaryimage\",\"url\":\"https:\/\/webmail.meusitejuridico.com.br\/s.meusitejuridico\/2019\/02\/1127b59e-shutterstock-12220.jpg\",\"contentUrl\":\"https:\/\/webmail.meusitejuridico.com.br\/s.meusitejuridico\/2019\/02\/1127b59e-shutterstock-12220.jpg\",\"width\":1280,\"height\":853},{\"@type\":\"BreadcrumbList\",\"@id\":\"https:\/\/meusitejuridico.com.br\/2024\/03\/05\/resumo-informativo-800-do-stj-de-20-de-fevereiro-de-2024\/#breadcrumb\",\"itemListElement\":[{\"@type\":\"ListItem\",\"position\":1,\"name\":\"In\u00edcio\",\"item\":\"https:\/\/meusitejuridico.editorajuspodivm.com.br\/\"},{\"@type\":\"ListItem\",\"position\":2,\"name\":\"Resumo &#8211; Informativo 800 do STJ, de 20 de fevereiro de 2024\"}]},{\"@type\":\"WebSite\",\"@id\":\"https:\/\/meusitejuridico.editorajuspodivm.com.br\/#website\",\"url\":\"https:\/\/meusitejuridico.editorajuspodivm.com.br\/\",\"name\":\"Meu site jur\u00eddico\",\"description\":\"Meu site jur\u00eddico\",\"publisher\":{\"@id\":\"https:\/\/meusitejuridico.editorajuspodivm.com.br\/#organization\"},\"potentialAction\":[{\"@type\":\"SearchAction\",\"target\":{\"@type\":\"EntryPoint\",\"urlTemplate\":\"https:\/\/meusitejuridico.editorajuspodivm.com.br\/?s={search_term_string}\"},\"query-input\":{\"@type\":\"PropertyValueSpecification\",\"valueRequired\":true,\"valueName\":\"search_term_string\"}}],\"inLanguage\":\"pt-BR\"},{\"@type\":\"Organization\",\"@id\":\"https:\/\/meusitejuridico.editorajuspodivm.com.br\/#organization\",\"name\":\"Meu site jur\u00eddico\",\"url\":\"https:\/\/meusitejuridico.editorajuspodivm.com.br\/\",\"logo\":{\"@type\":\"ImageObject\",\"inLanguage\":\"pt-BR\",\"@id\":\"https:\/\/meusitejuridico.editorajuspodivm.com.br\/#\/schema\/logo\/image\/\",\"url\":\"https:\/\/webmail.meusitejuridico.com.br\/s.meusitejuridico\/2022\/03\/cropped-baeec2a3-msj-02-01-01.png\",\"contentUrl\":\"https:\/\/webmail.meusitejuridico.com.br\/s.meusitejuridico\/2022\/03\/cropped-baeec2a3-msj-02-01-01.png\",\"width\":349,\"height\":243,\"caption\":\"Meu site jur\u00eddico\"},\"image\":{\"@id\":\"https:\/\/meusitejuridico.editorajuspodivm.com.br\/#\/schema\/logo\/image\/\"}},{\"@type\":\"Person\",\"@id\":\"https:\/\/meusitejuridico.editorajuspodivm.com.br\/#\/schema\/person\/ae56313f17950dccef13d0989efd6d50\",\"name\":\"Rodrigo Leite\",\"image\":{\"@type\":\"ImageObject\",\"inLanguage\":\"pt-BR\",\"@id\":\"https:\/\/meusitejuridico.editorajuspodivm.com.br\/#\/schema\/person\/image\/\",\"url\":\"https:\/\/webmail.meusitejuridico.com.br\/s.meusitejuridico\/2021\/05\/8455192b-foto-site-rodrigo-leite-150x150.jpeg\",\"contentUrl\":\"https:\/\/webmail.meusitejuridico.com.br\/s.meusitejuridico\/2021\/05\/8455192b-foto-site-rodrigo-leite-150x150.jpeg\",\"caption\":\"Rodrigo Leite\"},\"description\":\"Coautor do livro \u201cAn\u00e1lise das Diverg\u00eancias Jurisprudenciais no STF e STJ\u201d, Editora Juspodivm. Autor do livro \u201cTombamento \u2013 Vol. 36 \u2013 Cole\u00e7\u00e3o Leis Especiais para Concursos\u201d, Editora Juspodivm. Autor do livro \u201cDesapropria\u00e7\u00e3o \u2013 Vol. 39 \u2013 Cole\u00e7\u00e3o Especiais para Concursos\u201d, Editora Juspodivm. Coautor do livro \u201cSaberes Jurisprudenciais\u201d, Editora Saraiva. Coorganizador do livro \u201cCPC na Jurisprud\u00eancia\\\", Editora Foco. Especialista em Direito P\u00fablico e Direito Processual Civil. Mestre em Direito Constitucional. Professor da P\u00f3s-gradua\u00e7\u00e3o em Direito Civil da Rede Anhaguera-Kroton. M\u00e1ster Universit\u00e1rio em Direito Constitucional pela Universidad Del Pa\u00eds Vasco, San Sebasti\u00e1n, Espanha. Advogado licenciado. Analista Judici\u00e1rio do TJRN. Assessor de Desembargador do TJRN.\",\"sameAs\":[\"https:\/\/www.editorajuspodivm.com.br\/autores\/detalhe\/85\",\"https:\/\/www.instagram.com\/rodrigocrleite\/\",\"https:\/\/x.com\/rodrigocrleite\"],\"url\":\"https:\/\/webmail.meusitejuridico.com.br\/author\/rodrigoleiterodrigoleite\/\"}]}<\/script>\n<!-- \/ Yoast SEO plugin. -->","yoast_head_json":{"title":"Resumo - Informativo 800 do STJ, de 20 de fevereiro de 2024 - Meu site jur\u00eddico","robots":{"index":"index","follow":"follow","max-snippet":"max-snippet:-1","max-image-preview":"max-image-preview:large","max-video-preview":"max-video-preview:-1"},"canonical":"https:\/\/meusitejuridico.com.br\/2024\/03\/05\/resumo-informativo-800-do-stj-de-20-de-fevereiro-de-2024\/","og_locale":"pt_BR","og_type":"article","og_title":"Resumo - Informativo 800 do STJ, de 20 de fevereiro de 2024 - Meu site jur\u00eddico","og_description":"PRIMEIRA TURMA &#8211; O entendimento firmado no Tema 1.199\/STF aplica-se ao caso de ato de improbidade administrativa fundado no revogado art. 11, I, da Lei n. 8.429\/1992, desde que n\u00e3o haja condena\u00e7\u00e3o com tr\u00e2nsito em julgado &#8211; AgInt no AREsp 2.380.545-SP, julgado em 6\/2\/2024. &#8211; A demonstra\u00e7\u00e3o do requisito da urg\u00eancia para a indisponibilidade de [&hellip;]","og_url":"https:\/\/meusitejuridico.com.br\/2024\/03\/05\/resumo-informativo-800-do-stj-de-20-de-fevereiro-de-2024\/","og_site_name":"Meu site jur\u00eddico","article_published_time":"2024-03-05T15:00:00+00:00","og_image":[{"width":1280,"height":853,"url":"https:\/\/meusitejuridico.com.br\/s.meusitejuridico\/2019\/02\/1127b59e-shutterstock-12220.jpg","type":"image\/jpeg"}],"author":"Rodrigo Leite","twitter_card":"summary_large_image","twitter_creator":"@rodrigocrleite","twitter_misc":{"Escrito por":"Rodrigo Leite","Est. tempo de leitura":"3 minutos"},"schema":{"@context":"https:\/\/schema.org","@graph":[{"@type":"Article","@id":"https:\/\/meusitejuridico.com.br\/2024\/03\/05\/resumo-informativo-800-do-stj-de-20-de-fevereiro-de-2024\/#article","isPartOf":{"@id":"https:\/\/meusitejuridico.com.br\/2024\/03\/05\/resumo-informativo-800-do-stj-de-20-de-fevereiro-de-2024\/"},"author":{"name":"Rodrigo Leite","@id":"https:\/\/meusitejuridico.editorajuspodivm.com.br\/#\/schema\/person\/ae56313f17950dccef13d0989efd6d50"},"headline":"Resumo &#8211; Informativo 800 do STJ, de 20 de fevereiro de 2024","datePublished":"2024-03-05T15:00:00+00:00","mainEntityOfPage":{"@id":"https:\/\/meusitejuridico.com.br\/2024\/03\/05\/resumo-informativo-800-do-stj-de-20-de-fevereiro-de-2024\/"},"wordCount":734,"commentCount":0,"publisher":{"@id":"https:\/\/meusitejuridico.editorajuspodivm.com.br\/#organization"},"image":{"@id":"https:\/\/meusitejuridico.com.br\/2024\/03\/05\/resumo-informativo-800-do-stj-de-20-de-fevereiro-de-2024\/#primaryimage"},"thumbnailUrl":"https:\/\/webmail.meusitejuridico.com.br\/s.meusitejuridico\/2019\/02\/1127b59e-shutterstock-12220.jpg","articleSection":["Informativos"],"inLanguage":"pt-BR","potentialAction":[{"@type":"CommentAction","name":"Comment","target":["https:\/\/meusitejuridico.com.br\/2024\/03\/05\/resumo-informativo-800-do-stj-de-20-de-fevereiro-de-2024\/#respond"]}]},{"@type":"WebPage","@id":"https:\/\/meusitejuridico.com.br\/2024\/03\/05\/resumo-informativo-800-do-stj-de-20-de-fevereiro-de-2024\/","url":"https:\/\/meusitejuridico.com.br\/2024\/03\/05\/resumo-informativo-800-do-stj-de-20-de-fevereiro-de-2024\/","name":"Resumo - Informativo 800 do STJ, de 20 de fevereiro de 2024 - Meu site jur\u00eddico","isPartOf":{"@id":"https:\/\/meusitejuridico.editorajuspodivm.com.br\/#website"},"primaryImageOfPage":{"@id":"https:\/\/meusitejuridico.com.br\/2024\/03\/05\/resumo-informativo-800-do-stj-de-20-de-fevereiro-de-2024\/#primaryimage"},"image":{"@id":"https:\/\/meusitejuridico.com.br\/2024\/03\/05\/resumo-informativo-800-do-stj-de-20-de-fevereiro-de-2024\/#primaryimage"},"thumbnailUrl":"https:\/\/webmail.meusitejuridico.com.br\/s.meusitejuridico\/2019\/02\/1127b59e-shutterstock-12220.jpg","datePublished":"2024-03-05T15:00:00+00:00","breadcrumb":{"@id":"https:\/\/meusitejuridico.com.br\/2024\/03\/05\/resumo-informativo-800-do-stj-de-20-de-fevereiro-de-2024\/#breadcrumb"},"inLanguage":"pt-BR","potentialAction":[{"@type":"ReadAction","target":["https:\/\/meusitejuridico.com.br\/2024\/03\/05\/resumo-informativo-800-do-stj-de-20-de-fevereiro-de-2024\/"]}]},{"@type":"ImageObject","inLanguage":"pt-BR","@id":"https:\/\/meusitejuridico.com.br\/2024\/03\/05\/resumo-informativo-800-do-stj-de-20-de-fevereiro-de-2024\/#primaryimage","url":"https:\/\/webmail.meusitejuridico.com.br\/s.meusitejuridico\/2019\/02\/1127b59e-shutterstock-12220.jpg","contentUrl":"https:\/\/webmail.meusitejuridico.com.br\/s.meusitejuridico\/2019\/02\/1127b59e-shutterstock-12220.jpg","width":1280,"height":853},{"@type":"BreadcrumbList","@id":"https:\/\/meusitejuridico.com.br\/2024\/03\/05\/resumo-informativo-800-do-stj-de-20-de-fevereiro-de-2024\/#breadcrumb","itemListElement":[{"@type":"ListItem","position":1,"name":"In\u00edcio","item":"https:\/\/meusitejuridico.editorajuspodivm.com.br\/"},{"@type":"ListItem","position":2,"name":"Resumo &#8211; Informativo 800 do STJ, de 20 de fevereiro de 2024"}]},{"@type":"WebSite","@id":"https:\/\/meusitejuridico.editorajuspodivm.com.br\/#website","url":"https:\/\/meusitejuridico.editorajuspodivm.com.br\/","name":"Meu site jur\u00eddico","description":"Meu site jur\u00eddico","publisher":{"@id":"https:\/\/meusitejuridico.editorajuspodivm.com.br\/#organization"},"potentialAction":[{"@type":"SearchAction","target":{"@type":"EntryPoint","urlTemplate":"https:\/\/meusitejuridico.editorajuspodivm.com.br\/?s={search_term_string}"},"query-input":{"@type":"PropertyValueSpecification","valueRequired":true,"valueName":"search_term_string"}}],"inLanguage":"pt-BR"},{"@type":"Organization","@id":"https:\/\/meusitejuridico.editorajuspodivm.com.br\/#organization","name":"Meu site jur\u00eddico","url":"https:\/\/meusitejuridico.editorajuspodivm.com.br\/","logo":{"@type":"ImageObject","inLanguage":"pt-BR","@id":"https:\/\/meusitejuridico.editorajuspodivm.com.br\/#\/schema\/logo\/image\/","url":"https:\/\/webmail.meusitejuridico.com.br\/s.meusitejuridico\/2022\/03\/cropped-baeec2a3-msj-02-01-01.png","contentUrl":"https:\/\/webmail.meusitejuridico.com.br\/s.meusitejuridico\/2022\/03\/cropped-baeec2a3-msj-02-01-01.png","width":349,"height":243,"caption":"Meu site jur\u00eddico"},"image":{"@id":"https:\/\/meusitejuridico.editorajuspodivm.com.br\/#\/schema\/logo\/image\/"}},{"@type":"Person","@id":"https:\/\/meusitejuridico.editorajuspodivm.com.br\/#\/schema\/person\/ae56313f17950dccef13d0989efd6d50","name":"Rodrigo Leite","image":{"@type":"ImageObject","inLanguage":"pt-BR","@id":"https:\/\/meusitejuridico.editorajuspodivm.com.br\/#\/schema\/person\/image\/","url":"https:\/\/webmail.meusitejuridico.com.br\/s.meusitejuridico\/2021\/05\/8455192b-foto-site-rodrigo-leite-150x150.jpeg","contentUrl":"https:\/\/webmail.meusitejuridico.com.br\/s.meusitejuridico\/2021\/05\/8455192b-foto-site-rodrigo-leite-150x150.jpeg","caption":"Rodrigo Leite"},"description":"Coautor do livro \u201cAn\u00e1lise das Diverg\u00eancias Jurisprudenciais no STF e STJ\u201d, Editora Juspodivm. Autor do livro \u201cTombamento \u2013 Vol. 36 \u2013 Cole\u00e7\u00e3o Leis Especiais para Concursos\u201d, Editora Juspodivm. Autor do livro \u201cDesapropria\u00e7\u00e3o \u2013 Vol. 39 \u2013 Cole\u00e7\u00e3o Especiais para Concursos\u201d, Editora Juspodivm. Coautor do livro \u201cSaberes Jurisprudenciais\u201d, Editora Saraiva. Coorganizador do livro \u201cCPC na Jurisprud\u00eancia\", Editora Foco. Especialista em Direito P\u00fablico e Direito Processual Civil. Mestre em Direito Constitucional. Professor da P\u00f3s-gradua\u00e7\u00e3o em Direito Civil da Rede Anhaguera-Kroton. M\u00e1ster Universit\u00e1rio em Direito Constitucional pela Universidad Del Pa\u00eds Vasco, San Sebasti\u00e1n, Espanha. Advogado licenciado. Analista Judici\u00e1rio do TJRN. Assessor de Desembargador do TJRN.","sameAs":["https:\/\/www.editorajuspodivm.com.br\/autores\/detalhe\/85","https:\/\/www.instagram.com\/rodrigocrleite\/","https:\/\/x.com\/rodrigocrleite"],"url":"https:\/\/webmail.meusitejuridico.com.br\/author\/rodrigoleiterodrigoleite\/"}]}},"_links":{"self":[{"href":"https:\/\/webmail.meusitejuridico.com.br\/api\/wp\/v2\/posts\/20322","targetHints":{"allow":["GET"]}}],"collection":[{"href":"https:\/\/webmail.meusitejuridico.com.br\/api\/wp\/v2\/posts"}],"about":[{"href":"https:\/\/webmail.meusitejuridico.com.br\/api\/wp\/v2\/types\/post"}],"author":[{"embeddable":true,"href":"https:\/\/webmail.meusitejuridico.com.br\/api\/wp\/v2\/users\/131"}],"replies":[{"embeddable":true,"href":"https:\/\/webmail.meusitejuridico.com.br\/api\/wp\/v2\/comments?post=20322"}],"version-history":[{"count":1,"href":"https:\/\/webmail.meusitejuridico.com.br\/api\/wp\/v2\/posts\/20322\/revisions"}],"predecessor-version":[{"id":20323,"href":"https:\/\/webmail.meusitejuridico.com.br\/api\/wp\/v2\/posts\/20322\/revisions\/20323"}],"wp:featuredmedia":[{"embeddable":true,"href":"https:\/\/webmail.meusitejuridico.com.br\/api\/wp\/v2\/media\/7518"}],"wp:attachment":[{"href":"https:\/\/webmail.meusitejuridico.com.br\/api\/wp\/v2\/media?parent=20322"}],"wp:term":[{"taxonomy":"category","embeddable":true,"href":"https:\/\/webmail.meusitejuridico.com.br\/api\/wp\/v2\/categories?post=20322"},{"taxonomy":"post_tag","embeddable":true,"href":"https:\/\/webmail.meusitejuridico.com.br\/api\/wp\/v2\/tags?post=20322"}],"curies":[{"name":"wp","href":"https:\/\/api.w.org\/{rel}","templated":true}]}}