{"id":19414,"date":"2023-11-17T15:34:47","date_gmt":"2023-11-17T18:34:47","guid":{"rendered":"https:\/\/meusitejuridico.editorajuspodivm.com.br\/?p=19414"},"modified":"2023-11-17T15:34:48","modified_gmt":"2023-11-17T18:34:48","slug":"resumo-informativo-1-115-do-stf-de-14-de-novembro-de-2023","status":"publish","type":"post","link":"https:\/\/webmail.meusitejuridico.com.br\/2023\/11\/17\/resumo-informativo-1-115-do-stf-de-14-de-novembro-de-2023\/","title":{"rendered":"Resumo &#8211; Informativo 1.115 do STF, de 14 de novembro de 2023"},"content":{"rendered":"\n<p><strong>PLEN\u00c1RIO<\/strong><\/p>\n\n\n\n<p>&#8211; \u00c9 constitucional \u2014 pois inserida na margem de conforma\u00e7\u00e3o do legislador e justificada sem que exista viola\u00e7\u00e3o ao princ\u00edpio da isonomia (CF\/1988, art. 5\u00ba, \u201ccaput\u201d) \u2014 norma da Lei 11.440\/2006 (Regime Jur\u00eddico dos Servidores do Servi\u00e7o Exterior Brasileiro) que estabelece crit\u00e9rios et\u00e1rios para a transfer\u00eancia de Ministro de Primeira Classe, Ministro de Segunda Classe e Conselheiro para o Quadro Especial da Carreira de Diplomata, na hip\u00f3tese em que observada a exist\u00eancia de vaga, independentemente do tempo de servi\u00e7o na respectiva classe \u2013 <strong>ADI 7.399\/DF<\/strong>, julgamento virtual finalizado em 7\/11\/2023.<\/p>\n\n\n\n<p>&#8211; \u00c9 constitucional \u2014 pois inserida na margem de conforma\u00e7\u00e3o do legislador e justificada pela necessidade de obedi\u00eancia aos princ\u00edpios da probidade, da impessoalidade e da moralidade administrativa \u2014 norma que excluiu do Regime Especial de Regulariza\u00e7\u00e3o Cambial e Tribut\u00e1ria (RERCT) os detentores de cargos, empregos e fun\u00e7\u00f5es p\u00fablicas de dire\u00e7\u00e3o ou eletivas, bem como seus c\u00f4njuges e parentes at\u00e9 o segundo grau \u2013 <strong>ADI 5.586\/DF<\/strong>, julgamento virtual finalizado em 7\/11\/2023.<\/p>\n\n\n\n<p>&#8211; \u00c9 constitucional \u2014 por n\u00e3o violar o princ\u00edpio do pacto federativo nem as regras do sistema de reparti\u00e7\u00e3o de compet\u00eancias \u2014 lei estadual que obriga todas as refinarias e distribuidoras de combust\u00edveis operantes em seu territ\u00f3rio a fornecerem<a> certificado de composi\u00e7\u00e3o qu\u00edmica de cada produto, quando houver entrega <\/a>de \u00e1lcool, gasolina \u201cC\u201d comum, gasolina aditivada, gasolina <em>premium<\/em> e diesel \u2013 <strong>ADI 3.752\/SP<\/strong>, julgamento virtual finalizado em 7\/11\/2023.<\/p>\n\n\n\n<p>&#8211; A imunidade a que se refere o art. 155, \u00a7 2\u00ba, X, &#8216;a&#8217;, CF\/88 n\u00e3o alcan\u00e7a, nas opera\u00e7\u00f5es de exporta\u00e7\u00e3o, o aproveitamento de cr\u00e9ditos de ICMS decorrentes de aquisi\u00e7\u00f5es de bens destinados ao uso e consumo da empresa, que depende de lei complementar para sua efetiva\u00e7\u00e3o \u2013 <strong>RE 704.815\/SC<\/strong>, julgamento virtual finalizado em 7\/11\/2023, Tem 633.<\/p>\n\n\n\n<p>_____________________<\/p>\n\n\n\n<p><strong>Telegram<\/strong>:<strong>&nbsp;<\/strong><a href=\"https:\/\/t.me\/pilulasjuridicasSTFSTJ\" target=\"_blank\" rel=\"noreferrer noopener\"><strong>https:\/\/t.me\/pilulasjuridicasSTFSTJ<\/strong><\/a><strong>&nbsp;| Instagram: @rodrigocrleite<\/strong><\/p>\n","protected":false},"excerpt":{"rendered":"<p>PLEN\u00c1RIO &#8211; \u00c9 constitucional \u2014 pois inserida na margem de conforma\u00e7\u00e3o do legislador e justificada sem que exista viola\u00e7\u00e3o ao princ\u00edpio da isonomia (CF\/1988, art. 5\u00ba, \u201ccaput\u201d) \u2014 norma da Lei 11.440\/2006 (Regime Jur\u00eddico dos Servidores do Servi\u00e7o Exterior Brasileiro) que estabelece crit\u00e9rios et\u00e1rios para a transfer\u00eancia de Ministro de Primeira Classe, Ministro de Segunda [&hellip;]<\/p>\n","protected":false},"author":131,"featured_media":6976,"comment_status":"open","ping_status":"open","sticky":false,"template":"","format":"standard","meta":{"_acf_changed":false,"footnotes":""},"categories":[70],"tags":[],"class_list":["post-19414","post","type-post","status-publish","format-standard","has-post-thumbnail","hentry","category-informativos-comentados"],"acf":[],"yoast_head":"<!-- This site is optimized with the Yoast SEO plugin v24.8.1 - https:\/\/yoast.com\/wordpress\/plugins\/seo\/ -->\n<title>Resumo - Informativo 1.115 do STF, de 14 de novembro de 2023 - Meu site jur\u00eddico<\/title>\n<meta name=\"robots\" content=\"index, follow, max-snippet:-1, max-image-preview:large, max-video-preview:-1\" \/>\n<link rel=\"canonical\" href=\"https:\/\/meusitejuridico.editorajuspodivm.com.br\/2023\/11\/17\/resumo-informativo-1-115-do-stf-de-14-de-novembro-de-2023\/\" \/>\n<meta property=\"og:locale\" content=\"pt_BR\" \/>\n<meta property=\"og:type\" content=\"article\" \/>\n<meta property=\"og:title\" content=\"Resumo - Informativo 1.115 do STF, de 14 de novembro de 2023 - Meu site jur\u00eddico\" \/>\n<meta property=\"og:description\" content=\"PLEN\u00c1RIO &#8211; \u00c9 constitucional \u2014 pois inserida na margem de conforma\u00e7\u00e3o do legislador e justificada sem que exista viola\u00e7\u00e3o ao princ\u00edpio da isonomia (CF\/1988, art. 5\u00ba, \u201ccaput\u201d) \u2014 norma da Lei 11.440\/2006 (Regime Jur\u00eddico dos Servidores do Servi\u00e7o Exterior Brasileiro) que estabelece crit\u00e9rios et\u00e1rios para a transfer\u00eancia de Ministro de Primeira Classe, Ministro de Segunda [&hellip;]\" \/>\n<meta property=\"og:url\" content=\"https:\/\/meusitejuridico.editorajuspodivm.com.br\/2023\/11\/17\/resumo-informativo-1-115-do-stf-de-14-de-novembro-de-2023\/\" \/>\n<meta property=\"og:site_name\" content=\"Meu site jur\u00eddico\" \/>\n<meta property=\"article:published_time\" content=\"2023-11-17T18:34:47+00:00\" \/>\n<meta property=\"article:modified_time\" content=\"2023-11-17T18:34:48+00:00\" \/>\n<meta property=\"og:image\" content=\"https:\/\/meusitejuridico.editorajuspodivm.com.br\/s.meusitejuridico\/2018\/12\/e30860b0-whatsapp-image-2018-12-05-at-155131.jpeg\" \/>\n\t<meta property=\"og:image:width\" content=\"1280\" \/>\n\t<meta property=\"og:image:height\" content=\"853\" \/>\n\t<meta property=\"og:image:type\" content=\"image\/jpeg\" \/>\n<meta name=\"author\" content=\"Rodrigo Leite\" \/>\n<meta name=\"twitter:card\" content=\"summary_large_image\" \/>\n<meta name=\"twitter:creator\" content=\"@rodrigocrleite\" \/>\n<meta name=\"twitter:label1\" content=\"Escrito por\" \/>\n\t<meta name=\"twitter:data1\" content=\"Rodrigo Leite\" \/>\n\t<meta name=\"twitter:label2\" content=\"Est. tempo de leitura\" \/>\n\t<meta name=\"twitter:data2\" content=\"2 minutos\" \/>\n<script type=\"application\/ld+json\" class=\"yoast-schema-graph\">{\"@context\":\"https:\/\/schema.org\",\"@graph\":[{\"@type\":\"Article\",\"@id\":\"https:\/\/meusitejuridico.editorajuspodivm.com.br\/2023\/11\/17\/resumo-informativo-1-115-do-stf-de-14-de-novembro-de-2023\/#article\",\"isPartOf\":{\"@id\":\"https:\/\/meusitejuridico.editorajuspodivm.com.br\/2023\/11\/17\/resumo-informativo-1-115-do-stf-de-14-de-novembro-de-2023\/\"},\"author\":{\"name\":\"Rodrigo Leite\",\"@id\":\"https:\/\/meusitejuridico.editorajuspodivm.com.br\/#\/schema\/person\/ae56313f17950dccef13d0989efd6d50\"},\"headline\":\"Resumo &#8211; Informativo 1.115 do STF, de 14 de novembro de 2023\",\"datePublished\":\"2023-11-17T18:34:47+00:00\",\"dateModified\":\"2023-11-17T18:34:48+00:00\",\"mainEntityOfPage\":{\"@id\":\"https:\/\/meusitejuridico.editorajuspodivm.com.br\/2023\/11\/17\/resumo-informativo-1-115-do-stf-de-14-de-novembro-de-2023\/\"},\"wordCount\":318,\"commentCount\":0,\"publisher\":{\"@id\":\"https:\/\/meusitejuridico.editorajuspodivm.com.br\/#organization\"},\"image\":{\"@id\":\"https:\/\/meusitejuridico.editorajuspodivm.com.br\/2023\/11\/17\/resumo-informativo-1-115-do-stf-de-14-de-novembro-de-2023\/#primaryimage\"},\"thumbnailUrl\":\"https:\/\/webmail.meusitejuridico.com.br\/s.meusitejuridico\/2018\/12\/e30860b0-whatsapp-image-2018-12-05-at-155131.jpeg\",\"articleSection\":[\"Informativos\"],\"inLanguage\":\"pt-BR\",\"potentialAction\":[{\"@type\":\"CommentAction\",\"name\":\"Comment\",\"target\":[\"https:\/\/meusitejuridico.editorajuspodivm.com.br\/2023\/11\/17\/resumo-informativo-1-115-do-stf-de-14-de-novembro-de-2023\/#respond\"]}]},{\"@type\":\"WebPage\",\"@id\":\"https:\/\/meusitejuridico.editorajuspodivm.com.br\/2023\/11\/17\/resumo-informativo-1-115-do-stf-de-14-de-novembro-de-2023\/\",\"url\":\"https:\/\/meusitejuridico.editorajuspodivm.com.br\/2023\/11\/17\/resumo-informativo-1-115-do-stf-de-14-de-novembro-de-2023\/\",\"name\":\"Resumo - Informativo 1.115 do STF, de 14 de novembro de 2023 - Meu site jur\u00eddico\",\"isPartOf\":{\"@id\":\"https:\/\/meusitejuridico.editorajuspodivm.com.br\/#website\"},\"primaryImageOfPage\":{\"@id\":\"https:\/\/meusitejuridico.editorajuspodivm.com.br\/2023\/11\/17\/resumo-informativo-1-115-do-stf-de-14-de-novembro-de-2023\/#primaryimage\"},\"image\":{\"@id\":\"https:\/\/meusitejuridico.editorajuspodivm.com.br\/2023\/11\/17\/resumo-informativo-1-115-do-stf-de-14-de-novembro-de-2023\/#primaryimage\"},\"thumbnailUrl\":\"https:\/\/webmail.meusitejuridico.com.br\/s.meusitejuridico\/2018\/12\/e30860b0-whatsapp-image-2018-12-05-at-155131.jpeg\",\"datePublished\":\"2023-11-17T18:34:47+00:00\",\"dateModified\":\"2023-11-17T18:34:48+00:00\",\"breadcrumb\":{\"@id\":\"https:\/\/meusitejuridico.editorajuspodivm.com.br\/2023\/11\/17\/resumo-informativo-1-115-do-stf-de-14-de-novembro-de-2023\/#breadcrumb\"},\"inLanguage\":\"pt-BR\",\"potentialAction\":[{\"@type\":\"ReadAction\",\"target\":[\"https:\/\/meusitejuridico.editorajuspodivm.com.br\/2023\/11\/17\/resumo-informativo-1-115-do-stf-de-14-de-novembro-de-2023\/\"]}]},{\"@type\":\"ImageObject\",\"inLanguage\":\"pt-BR\",\"@id\":\"https:\/\/meusitejuridico.editorajuspodivm.com.br\/2023\/11\/17\/resumo-informativo-1-115-do-stf-de-14-de-novembro-de-2023\/#primaryimage\",\"url\":\"https:\/\/webmail.meusitejuridico.com.br\/s.meusitejuridico\/2018\/12\/e30860b0-whatsapp-image-2018-12-05-at-155131.jpeg\",\"contentUrl\":\"https:\/\/webmail.meusitejuridico.com.br\/s.meusitejuridico\/2018\/12\/e30860b0-whatsapp-image-2018-12-05-at-155131.jpeg\",\"width\":1280,\"height\":853},{\"@type\":\"BreadcrumbList\",\"@id\":\"https:\/\/meusitejuridico.editorajuspodivm.com.br\/2023\/11\/17\/resumo-informativo-1-115-do-stf-de-14-de-novembro-de-2023\/#breadcrumb\",\"itemListElement\":[{\"@type\":\"ListItem\",\"position\":1,\"name\":\"In\u00edcio\",\"item\":\"https:\/\/meusitejuridico.editorajuspodivm.com.br\/\"},{\"@type\":\"ListItem\",\"position\":2,\"name\":\"Resumo &#8211; Informativo 1.115 do STF, de 14 de novembro de 2023\"}]},{\"@type\":\"WebSite\",\"@id\":\"https:\/\/meusitejuridico.editorajuspodivm.com.br\/#website\",\"url\":\"https:\/\/meusitejuridico.editorajuspodivm.com.br\/\",\"name\":\"Meu site jur\u00eddico\",\"description\":\"Meu site jur\u00eddico\",\"publisher\":{\"@id\":\"https:\/\/meusitejuridico.editorajuspodivm.com.br\/#organization\"},\"potentialAction\":[{\"@type\":\"SearchAction\",\"target\":{\"@type\":\"EntryPoint\",\"urlTemplate\":\"https:\/\/meusitejuridico.editorajuspodivm.com.br\/?s={search_term_string}\"},\"query-input\":{\"@type\":\"PropertyValueSpecification\",\"valueRequired\":true,\"valueName\":\"search_term_string\"}}],\"inLanguage\":\"pt-BR\"},{\"@type\":\"Organization\",\"@id\":\"https:\/\/meusitejuridico.editorajuspodivm.com.br\/#organization\",\"name\":\"Meu site jur\u00eddico\",\"url\":\"https:\/\/meusitejuridico.editorajuspodivm.com.br\/\",\"logo\":{\"@type\":\"ImageObject\",\"inLanguage\":\"pt-BR\",\"@id\":\"https:\/\/meusitejuridico.editorajuspodivm.com.br\/#\/schema\/logo\/image\/\",\"url\":\"https:\/\/webmail.meusitejuridico.com.br\/s.meusitejuridico\/2022\/03\/cropped-baeec2a3-msj-02-01-01.png\",\"contentUrl\":\"https:\/\/webmail.meusitejuridico.com.br\/s.meusitejuridico\/2022\/03\/cropped-baeec2a3-msj-02-01-01.png\",\"width\":349,\"height\":243,\"caption\":\"Meu site jur\u00eddico\"},\"image\":{\"@id\":\"https:\/\/meusitejuridico.editorajuspodivm.com.br\/#\/schema\/logo\/image\/\"}},{\"@type\":\"Person\",\"@id\":\"https:\/\/meusitejuridico.editorajuspodivm.com.br\/#\/schema\/person\/ae56313f17950dccef13d0989efd6d50\",\"name\":\"Rodrigo Leite\",\"image\":{\"@type\":\"ImageObject\",\"inLanguage\":\"pt-BR\",\"@id\":\"https:\/\/meusitejuridico.editorajuspodivm.com.br\/#\/schema\/person\/image\/\",\"url\":\"https:\/\/webmail.meusitejuridico.com.br\/s.meusitejuridico\/2021\/05\/8455192b-foto-site-rodrigo-leite-150x150.jpeg\",\"contentUrl\":\"https:\/\/webmail.meusitejuridico.com.br\/s.meusitejuridico\/2021\/05\/8455192b-foto-site-rodrigo-leite-150x150.jpeg\",\"caption\":\"Rodrigo Leite\"},\"description\":\"Coautor do livro \u201cAn\u00e1lise das Diverg\u00eancias Jurisprudenciais no STF e STJ\u201d, Editora Juspodivm. Autor do livro \u201cTombamento \u2013 Vol. 36 \u2013 Cole\u00e7\u00e3o Leis Especiais para Concursos\u201d, Editora Juspodivm. Autor do livro \u201cDesapropria\u00e7\u00e3o \u2013 Vol. 39 \u2013 Cole\u00e7\u00e3o Especiais para Concursos\u201d, Editora Juspodivm. Coautor do livro \u201cSaberes Jurisprudenciais\u201d, Editora Saraiva. Coorganizador do livro \u201cCPC na Jurisprud\u00eancia\\\", Editora Foco. Especialista em Direito P\u00fablico e Direito Processual Civil. Mestre em Direito Constitucional. Professor da P\u00f3s-gradua\u00e7\u00e3o em Direito Civil da Rede Anhaguera-Kroton. M\u00e1ster Universit\u00e1rio em Direito Constitucional pela Universidad Del Pa\u00eds Vasco, San Sebasti\u00e1n, Espanha. Advogado licenciado. Analista Judici\u00e1rio do TJRN. Assessor de Desembargador do TJRN.\",\"sameAs\":[\"https:\/\/www.editorajuspodivm.com.br\/autores\/detalhe\/85\",\"https:\/\/www.instagram.com\/rodrigocrleite\/\",\"https:\/\/x.com\/rodrigocrleite\"],\"url\":\"https:\/\/webmail.meusitejuridico.com.br\/author\/rodrigoleiterodrigoleite\/\"}]}<\/script>\n<!-- \/ Yoast SEO plugin. -->","yoast_head_json":{"title":"Resumo - Informativo 1.115 do STF, de 14 de novembro de 2023 - Meu site jur\u00eddico","robots":{"index":"index","follow":"follow","max-snippet":"max-snippet:-1","max-image-preview":"max-image-preview:large","max-video-preview":"max-video-preview:-1"},"canonical":"https:\/\/meusitejuridico.editorajuspodivm.com.br\/2023\/11\/17\/resumo-informativo-1-115-do-stf-de-14-de-novembro-de-2023\/","og_locale":"pt_BR","og_type":"article","og_title":"Resumo - Informativo 1.115 do STF, de 14 de novembro de 2023 - Meu site jur\u00eddico","og_description":"PLEN\u00c1RIO &#8211; \u00c9 constitucional \u2014 pois inserida na margem de conforma\u00e7\u00e3o do legislador e justificada sem que exista viola\u00e7\u00e3o ao princ\u00edpio da isonomia (CF\/1988, art. 5\u00ba, \u201ccaput\u201d) \u2014 norma da Lei 11.440\/2006 (Regime Jur\u00eddico dos Servidores do Servi\u00e7o Exterior Brasileiro) que estabelece crit\u00e9rios et\u00e1rios para a transfer\u00eancia de Ministro de Primeira Classe, Ministro de Segunda [&hellip;]","og_url":"https:\/\/meusitejuridico.editorajuspodivm.com.br\/2023\/11\/17\/resumo-informativo-1-115-do-stf-de-14-de-novembro-de-2023\/","og_site_name":"Meu site jur\u00eddico","article_published_time":"2023-11-17T18:34:47+00:00","article_modified_time":"2023-11-17T18:34:48+00:00","og_image":[{"width":1280,"height":853,"url":"https:\/\/meusitejuridico.editorajuspodivm.com.br\/s.meusitejuridico\/2018\/12\/e30860b0-whatsapp-image-2018-12-05-at-155131.jpeg","type":"image\/jpeg"}],"author":"Rodrigo Leite","twitter_card":"summary_large_image","twitter_creator":"@rodrigocrleite","twitter_misc":{"Escrito por":"Rodrigo Leite","Est. tempo de leitura":"2 minutos"},"schema":{"@context":"https:\/\/schema.org","@graph":[{"@type":"Article","@id":"https:\/\/meusitejuridico.editorajuspodivm.com.br\/2023\/11\/17\/resumo-informativo-1-115-do-stf-de-14-de-novembro-de-2023\/#article","isPartOf":{"@id":"https:\/\/meusitejuridico.editorajuspodivm.com.br\/2023\/11\/17\/resumo-informativo-1-115-do-stf-de-14-de-novembro-de-2023\/"},"author":{"name":"Rodrigo Leite","@id":"https:\/\/meusitejuridico.editorajuspodivm.com.br\/#\/schema\/person\/ae56313f17950dccef13d0989efd6d50"},"headline":"Resumo &#8211; Informativo 1.115 do STF, de 14 de novembro de 2023","datePublished":"2023-11-17T18:34:47+00:00","dateModified":"2023-11-17T18:34:48+00:00","mainEntityOfPage":{"@id":"https:\/\/meusitejuridico.editorajuspodivm.com.br\/2023\/11\/17\/resumo-informativo-1-115-do-stf-de-14-de-novembro-de-2023\/"},"wordCount":318,"commentCount":0,"publisher":{"@id":"https:\/\/meusitejuridico.editorajuspodivm.com.br\/#organization"},"image":{"@id":"https:\/\/meusitejuridico.editorajuspodivm.com.br\/2023\/11\/17\/resumo-informativo-1-115-do-stf-de-14-de-novembro-de-2023\/#primaryimage"},"thumbnailUrl":"https:\/\/webmail.meusitejuridico.com.br\/s.meusitejuridico\/2018\/12\/e30860b0-whatsapp-image-2018-12-05-at-155131.jpeg","articleSection":["Informativos"],"inLanguage":"pt-BR","potentialAction":[{"@type":"CommentAction","name":"Comment","target":["https:\/\/meusitejuridico.editorajuspodivm.com.br\/2023\/11\/17\/resumo-informativo-1-115-do-stf-de-14-de-novembro-de-2023\/#respond"]}]},{"@type":"WebPage","@id":"https:\/\/meusitejuridico.editorajuspodivm.com.br\/2023\/11\/17\/resumo-informativo-1-115-do-stf-de-14-de-novembro-de-2023\/","url":"https:\/\/meusitejuridico.editorajuspodivm.com.br\/2023\/11\/17\/resumo-informativo-1-115-do-stf-de-14-de-novembro-de-2023\/","name":"Resumo - Informativo 1.115 do STF, de 14 de novembro de 2023 - Meu site jur\u00eddico","isPartOf":{"@id":"https:\/\/meusitejuridico.editorajuspodivm.com.br\/#website"},"primaryImageOfPage":{"@id":"https:\/\/meusitejuridico.editorajuspodivm.com.br\/2023\/11\/17\/resumo-informativo-1-115-do-stf-de-14-de-novembro-de-2023\/#primaryimage"},"image":{"@id":"https:\/\/meusitejuridico.editorajuspodivm.com.br\/2023\/11\/17\/resumo-informativo-1-115-do-stf-de-14-de-novembro-de-2023\/#primaryimage"},"thumbnailUrl":"https:\/\/webmail.meusitejuridico.com.br\/s.meusitejuridico\/2018\/12\/e30860b0-whatsapp-image-2018-12-05-at-155131.jpeg","datePublished":"2023-11-17T18:34:47+00:00","dateModified":"2023-11-17T18:34:48+00:00","breadcrumb":{"@id":"https:\/\/meusitejuridico.editorajuspodivm.com.br\/2023\/11\/17\/resumo-informativo-1-115-do-stf-de-14-de-novembro-de-2023\/#breadcrumb"},"inLanguage":"pt-BR","potentialAction":[{"@type":"ReadAction","target":["https:\/\/meusitejuridico.editorajuspodivm.com.br\/2023\/11\/17\/resumo-informativo-1-115-do-stf-de-14-de-novembro-de-2023\/"]}]},{"@type":"ImageObject","inLanguage":"pt-BR","@id":"https:\/\/meusitejuridico.editorajuspodivm.com.br\/2023\/11\/17\/resumo-informativo-1-115-do-stf-de-14-de-novembro-de-2023\/#primaryimage","url":"https:\/\/webmail.meusitejuridico.com.br\/s.meusitejuridico\/2018\/12\/e30860b0-whatsapp-image-2018-12-05-at-155131.jpeg","contentUrl":"https:\/\/webmail.meusitejuridico.com.br\/s.meusitejuridico\/2018\/12\/e30860b0-whatsapp-image-2018-12-05-at-155131.jpeg","width":1280,"height":853},{"@type":"BreadcrumbList","@id":"https:\/\/meusitejuridico.editorajuspodivm.com.br\/2023\/11\/17\/resumo-informativo-1-115-do-stf-de-14-de-novembro-de-2023\/#breadcrumb","itemListElement":[{"@type":"ListItem","position":1,"name":"In\u00edcio","item":"https:\/\/meusitejuridico.editorajuspodivm.com.br\/"},{"@type":"ListItem","position":2,"name":"Resumo &#8211; Informativo 1.115 do STF, de 14 de novembro de 2023"}]},{"@type":"WebSite","@id":"https:\/\/meusitejuridico.editorajuspodivm.com.br\/#website","url":"https:\/\/meusitejuridico.editorajuspodivm.com.br\/","name":"Meu site jur\u00eddico","description":"Meu site jur\u00eddico","publisher":{"@id":"https:\/\/meusitejuridico.editorajuspodivm.com.br\/#organization"},"potentialAction":[{"@type":"SearchAction","target":{"@type":"EntryPoint","urlTemplate":"https:\/\/meusitejuridico.editorajuspodivm.com.br\/?s={search_term_string}"},"query-input":{"@type":"PropertyValueSpecification","valueRequired":true,"valueName":"search_term_string"}}],"inLanguage":"pt-BR"},{"@type":"Organization","@id":"https:\/\/meusitejuridico.editorajuspodivm.com.br\/#organization","name":"Meu site jur\u00eddico","url":"https:\/\/meusitejuridico.editorajuspodivm.com.br\/","logo":{"@type":"ImageObject","inLanguage":"pt-BR","@id":"https:\/\/meusitejuridico.editorajuspodivm.com.br\/#\/schema\/logo\/image\/","url":"https:\/\/webmail.meusitejuridico.com.br\/s.meusitejuridico\/2022\/03\/cropped-baeec2a3-msj-02-01-01.png","contentUrl":"https:\/\/webmail.meusitejuridico.com.br\/s.meusitejuridico\/2022\/03\/cropped-baeec2a3-msj-02-01-01.png","width":349,"height":243,"caption":"Meu site jur\u00eddico"},"image":{"@id":"https:\/\/meusitejuridico.editorajuspodivm.com.br\/#\/schema\/logo\/image\/"}},{"@type":"Person","@id":"https:\/\/meusitejuridico.editorajuspodivm.com.br\/#\/schema\/person\/ae56313f17950dccef13d0989efd6d50","name":"Rodrigo Leite","image":{"@type":"ImageObject","inLanguage":"pt-BR","@id":"https:\/\/meusitejuridico.editorajuspodivm.com.br\/#\/schema\/person\/image\/","url":"https:\/\/webmail.meusitejuridico.com.br\/s.meusitejuridico\/2021\/05\/8455192b-foto-site-rodrigo-leite-150x150.jpeg","contentUrl":"https:\/\/webmail.meusitejuridico.com.br\/s.meusitejuridico\/2021\/05\/8455192b-foto-site-rodrigo-leite-150x150.jpeg","caption":"Rodrigo Leite"},"description":"Coautor do livro \u201cAn\u00e1lise das Diverg\u00eancias Jurisprudenciais no STF e STJ\u201d, Editora Juspodivm. Autor do livro \u201cTombamento \u2013 Vol. 36 \u2013 Cole\u00e7\u00e3o Leis Especiais para Concursos\u201d, Editora Juspodivm. Autor do livro \u201cDesapropria\u00e7\u00e3o \u2013 Vol. 39 \u2013 Cole\u00e7\u00e3o Especiais para Concursos\u201d, Editora Juspodivm. Coautor do livro \u201cSaberes Jurisprudenciais\u201d, Editora Saraiva. Coorganizador do livro \u201cCPC na Jurisprud\u00eancia\", Editora Foco. Especialista em Direito P\u00fablico e Direito Processual Civil. Mestre em Direito Constitucional. Professor da P\u00f3s-gradua\u00e7\u00e3o em Direito Civil da Rede Anhaguera-Kroton. M\u00e1ster Universit\u00e1rio em Direito Constitucional pela Universidad Del Pa\u00eds Vasco, San Sebasti\u00e1n, Espanha. Advogado licenciado. Analista Judici\u00e1rio do TJRN. Assessor de Desembargador do TJRN.","sameAs":["https:\/\/www.editorajuspodivm.com.br\/autores\/detalhe\/85","https:\/\/www.instagram.com\/rodrigocrleite\/","https:\/\/x.com\/rodrigocrleite"],"url":"https:\/\/webmail.meusitejuridico.com.br\/author\/rodrigoleiterodrigoleite\/"}]}},"_links":{"self":[{"href":"https:\/\/webmail.meusitejuridico.com.br\/api\/wp\/v2\/posts\/19414","targetHints":{"allow":["GET"]}}],"collection":[{"href":"https:\/\/webmail.meusitejuridico.com.br\/api\/wp\/v2\/posts"}],"about":[{"href":"https:\/\/webmail.meusitejuridico.com.br\/api\/wp\/v2\/types\/post"}],"author":[{"embeddable":true,"href":"https:\/\/webmail.meusitejuridico.com.br\/api\/wp\/v2\/users\/131"}],"replies":[{"embeddable":true,"href":"https:\/\/webmail.meusitejuridico.com.br\/api\/wp\/v2\/comments?post=19414"}],"version-history":[{"count":1,"href":"https:\/\/webmail.meusitejuridico.com.br\/api\/wp\/v2\/posts\/19414\/revisions"}],"predecessor-version":[{"id":19415,"href":"https:\/\/webmail.meusitejuridico.com.br\/api\/wp\/v2\/posts\/19414\/revisions\/19415"}],"wp:featuredmedia":[{"embeddable":true,"href":"https:\/\/webmail.meusitejuridico.com.br\/api\/wp\/v2\/media\/6976"}],"wp:attachment":[{"href":"https:\/\/webmail.meusitejuridico.com.br\/api\/wp\/v2\/media?parent=19414"}],"wp:term":[{"taxonomy":"category","embeddable":true,"href":"https:\/\/webmail.meusitejuridico.com.br\/api\/wp\/v2\/categories?post=19414"},{"taxonomy":"post_tag","embeddable":true,"href":"https:\/\/webmail.meusitejuridico.com.br\/api\/wp\/v2\/tags?post=19414"}],"curies":[{"name":"wp","href":"https:\/\/api.w.org\/{rel}","templated":true}]}}