{"id":19363,"date":"2023-11-09T12:49:24","date_gmt":"2023-11-09T15:49:24","guid":{"rendered":"https:\/\/meusitejuridico.editorajuspodivm.com.br\/?p=19363"},"modified":"2023-11-09T12:49:25","modified_gmt":"2023-11-09T15:49:25","slug":"resumo-informativo-1-114-do-stf-de-7-de-novembro-de-2023","status":"publish","type":"post","link":"https:\/\/webmail.meusitejuridico.com.br\/2023\/11\/09\/resumo-informativo-1-114-do-stf-de-7-de-novembro-de-2023\/","title":{"rendered":"Resumo &#8211; Informativo 1.114 do STF, de 7 de novembro de 2023"},"content":{"rendered":"\n<p><strong>PLEN\u00c1RIO<\/strong><\/p>\n\n\n\n<p>&#8211; Os valores recebidos a t\u00edtulo de retribui\u00e7\u00e3o pelo desempenho de cargo comissionado no \u00e2mbito do Poder Executivo ostentam natureza eminentemente remunerat\u00f3ria e, portanto, s\u00e3o computados para efeito dos limites do teto remunerat\u00f3rio constitucional dos agentes p\u00fablicos (CF\/1988, art. 37, XI). Para que um pagamento assuma natureza indenizat\u00f3ria, n\u00e3o basta que a lei assim o defina, formalmente, sendo tamb\u00e9m necess\u00e1rio que a forma guarde m\u00ednima rela\u00e7\u00e3o de correspond\u00eancia com o conte\u00fado <strong>\u2013 ADI 7.440 MC-Ref\/PA<\/strong>, julgamento virtual finalizado em 27\/10\/2023.<\/p>\n\n\n\n<p>&#8211; O procedimento que possibilita a execu\u00e7\u00e3o extrajudicial da cl\u00e1usula de aliena\u00e7\u00e3o fiduci\u00e1ria em garantia constante nos contratos de m\u00fatuo de im\u00f3vel realizados pelo Sistema Financeiro Imobili\u00e1rio (SFI) n\u00e3o viola os princ\u00edpios da inafastabilidade da jurisdi\u00e7\u00e3o e do acesso \u00e0 justi\u00e7a (CF\/1988, art. 5\u00ba, XXXV), da garantia do juiz natural (CF\/1988, art. 5\u00ba, LIII), e do devido processo legal, da ampla defesa e do contradit\u00f3rio (CF\/1988, art. 5\u00ba, LIV e LV). Ele tamb\u00e9m n\u00e3o infringe o direito \u00e0 propriedade (CF\/1988, art. 5\u00ba, XII), visto que a sua concretiza\u00e7\u00e3o, quanto ao bem financiado pelo devedor fiduciante, ocorre somente com o total adimplemento da d\u00edvida, existindo, at\u00e9 o cumprimento dessa condi\u00e7\u00e3o, mera expectativa \u2013 <strong>RE 860.631\/SP<\/strong>, julgamento finalizado em 26\/10\/2023 (Tema 982).<\/p>\n\n\n\n<p>&#8211; \u00c9 constitucional resolu\u00e7\u00e3o de Tribunal de Justi\u00e7a estadual que altera o hor\u00e1rio de expediente forense, pois se trata de mat\u00e9ria abrangida pelo autogoverno dos tribunais. Contudo, esse ato normativo n\u00e3o pode modificar a jornada de trabalho dos servidores do Poder Judici\u00e1rio local, porque o assunto diz respeito ao regime jur\u00eddico destes, cuja iniciativa \u00e9 privativa do chefe do Poder Executivo \u2013 <strong>ADI 4.450\/MS<\/strong>,julgamento virtual finalizado em 27\/10\/2023.<\/p>\n\n\n\n<p>_____________________<\/p>\n\n\n\n<p><strong>Telegram<\/strong>:<strong>&nbsp;<\/strong><a href=\"https:\/\/t.me\/pilulasjuridicasSTFSTJ\" target=\"_blank\" rel=\"noreferrer noopener\"><strong>https:\/\/t.me\/pilulasjuridicasSTFSTJ<\/strong><\/a><strong>&nbsp;| Instagram: @rodrigocrleite<\/strong><\/p>\n","protected":false},"excerpt":{"rendered":"<p>PLEN\u00c1RIO &#8211; Os valores recebidos a t\u00edtulo de retribui\u00e7\u00e3o pelo desempenho de cargo comissionado no \u00e2mbito do Poder Executivo ostentam natureza eminentemente remunerat\u00f3ria e, portanto, s\u00e3o computados para efeito dos limites do teto remunerat\u00f3rio constitucional dos agentes p\u00fablicos (CF\/1988, art. 37, XI). Para que um pagamento assuma natureza indenizat\u00f3ria, n\u00e3o basta que a lei assim [&hellip;]<\/p>\n","protected":false},"author":131,"featured_media":12442,"comment_status":"open","ping_status":"open","sticky":false,"template":"","format":"standard","meta":{"_acf_changed":false,"footnotes":""},"categories":[70],"tags":[],"class_list":["post-19363","post","type-post","status-publish","format-standard","has-post-thumbnail","hentry","category-informativos-comentados"],"acf":[],"yoast_head":"<!-- This site is optimized with the Yoast SEO plugin v24.8.1 - https:\/\/yoast.com\/wordpress\/plugins\/seo\/ -->\n<title>Resumo - Informativo 1.114 do STF, de 7 de novembro de 2023 - Meu site jur\u00eddico<\/title>\n<meta name=\"robots\" content=\"index, follow, max-snippet:-1, max-image-preview:large, max-video-preview:-1\" \/>\n<link rel=\"canonical\" href=\"https:\/\/meusitejuridico.com.br\/2023\/11\/09\/resumo-informativo-1-114-do-stf-de-7-de-novembro-de-2023\/\" \/>\n<meta property=\"og:locale\" content=\"pt_BR\" \/>\n<meta property=\"og:type\" content=\"article\" \/>\n<meta property=\"og:title\" content=\"Resumo - Informativo 1.114 do STF, de 7 de novembro de 2023 - Meu site jur\u00eddico\" \/>\n<meta property=\"og:description\" content=\"PLEN\u00c1RIO &#8211; Os valores recebidos a t\u00edtulo de retribui\u00e7\u00e3o pelo desempenho de cargo comissionado no \u00e2mbito do Poder Executivo ostentam natureza eminentemente remunerat\u00f3ria e, portanto, s\u00e3o computados para efeito dos limites do teto remunerat\u00f3rio constitucional dos agentes p\u00fablicos (CF\/1988, art. 37, XI). Para que um pagamento assuma natureza indenizat\u00f3ria, n\u00e3o basta que a lei assim [&hellip;]\" \/>\n<meta property=\"og:url\" content=\"https:\/\/meusitejuridico.com.br\/2023\/11\/09\/resumo-informativo-1-114-do-stf-de-7-de-novembro-de-2023\/\" \/>\n<meta property=\"og:site_name\" content=\"Meu site jur\u00eddico\" \/>\n<meta property=\"article:published_time\" content=\"2023-11-09T15:49:24+00:00\" \/>\n<meta property=\"article:modified_time\" content=\"2023-11-09T15:49:25+00:00\" \/>\n<meta property=\"og:image\" content=\"https:\/\/meusitejuridico.com.br\/s.meusitejuridico\/2020\/12\/4fbdb166-judge-3665164-640.jpg\" \/>\n\t<meta property=\"og:image:width\" content=\"640\" \/>\n\t<meta property=\"og:image:height\" content=\"342\" \/>\n\t<meta property=\"og:image:type\" content=\"image\/jpeg\" \/>\n<meta name=\"author\" content=\"Rodrigo Leite\" \/>\n<meta name=\"twitter:card\" content=\"summary_large_image\" \/>\n<meta name=\"twitter:creator\" content=\"@rodrigocrleite\" \/>\n<meta name=\"twitter:label1\" content=\"Escrito por\" \/>\n\t<meta name=\"twitter:data1\" content=\"Rodrigo Leite\" \/>\n\t<meta name=\"twitter:label2\" content=\"Est. tempo de leitura\" \/>\n\t<meta name=\"twitter:data2\" content=\"2 minutos\" \/>\n<script type=\"application\/ld+json\" class=\"yoast-schema-graph\">{\"@context\":\"https:\/\/schema.org\",\"@graph\":[{\"@type\":\"Article\",\"@id\":\"https:\/\/meusitejuridico.com.br\/2023\/11\/09\/resumo-informativo-1-114-do-stf-de-7-de-novembro-de-2023\/#article\",\"isPartOf\":{\"@id\":\"https:\/\/meusitejuridico.com.br\/2023\/11\/09\/resumo-informativo-1-114-do-stf-de-7-de-novembro-de-2023\/\"},\"author\":{\"name\":\"Rodrigo Leite\",\"@id\":\"https:\/\/meusitejuridico.editorajuspodivm.com.br\/#\/schema\/person\/ae56313f17950dccef13d0989efd6d50\"},\"headline\":\"Resumo &#8211; Informativo 1.114 do STF, de 7 de novembro de 2023\",\"datePublished\":\"2023-11-09T15:49:24+00:00\",\"dateModified\":\"2023-11-09T15:49:25+00:00\",\"mainEntityOfPage\":{\"@id\":\"https:\/\/meusitejuridico.com.br\/2023\/11\/09\/resumo-informativo-1-114-do-stf-de-7-de-novembro-de-2023\/\"},\"wordCount\":311,\"commentCount\":0,\"publisher\":{\"@id\":\"https:\/\/meusitejuridico.editorajuspodivm.com.br\/#organization\"},\"image\":{\"@id\":\"https:\/\/meusitejuridico.com.br\/2023\/11\/09\/resumo-informativo-1-114-do-stf-de-7-de-novembro-de-2023\/#primaryimage\"},\"thumbnailUrl\":\"https:\/\/webmail.meusitejuridico.com.br\/s.meusitejuridico\/2020\/12\/4fbdb166-judge-3665164-640.jpg\",\"articleSection\":[\"Informativos\"],\"inLanguage\":\"pt-BR\",\"potentialAction\":[{\"@type\":\"CommentAction\",\"name\":\"Comment\",\"target\":[\"https:\/\/meusitejuridico.com.br\/2023\/11\/09\/resumo-informativo-1-114-do-stf-de-7-de-novembro-de-2023\/#respond\"]}]},{\"@type\":\"WebPage\",\"@id\":\"https:\/\/meusitejuridico.com.br\/2023\/11\/09\/resumo-informativo-1-114-do-stf-de-7-de-novembro-de-2023\/\",\"url\":\"https:\/\/meusitejuridico.com.br\/2023\/11\/09\/resumo-informativo-1-114-do-stf-de-7-de-novembro-de-2023\/\",\"name\":\"Resumo - Informativo 1.114 do STF, de 7 de novembro de 2023 - Meu site jur\u00eddico\",\"isPartOf\":{\"@id\":\"https:\/\/meusitejuridico.editorajuspodivm.com.br\/#website\"},\"primaryImageOfPage\":{\"@id\":\"https:\/\/meusitejuridico.com.br\/2023\/11\/09\/resumo-informativo-1-114-do-stf-de-7-de-novembro-de-2023\/#primaryimage\"},\"image\":{\"@id\":\"https:\/\/meusitejuridico.com.br\/2023\/11\/09\/resumo-informativo-1-114-do-stf-de-7-de-novembro-de-2023\/#primaryimage\"},\"thumbnailUrl\":\"https:\/\/webmail.meusitejuridico.com.br\/s.meusitejuridico\/2020\/12\/4fbdb166-judge-3665164-640.jpg\",\"datePublished\":\"2023-11-09T15:49:24+00:00\",\"dateModified\":\"2023-11-09T15:49:25+00:00\",\"breadcrumb\":{\"@id\":\"https:\/\/meusitejuridico.com.br\/2023\/11\/09\/resumo-informativo-1-114-do-stf-de-7-de-novembro-de-2023\/#breadcrumb\"},\"inLanguage\":\"pt-BR\",\"potentialAction\":[{\"@type\":\"ReadAction\",\"target\":[\"https:\/\/meusitejuridico.com.br\/2023\/11\/09\/resumo-informativo-1-114-do-stf-de-7-de-novembro-de-2023\/\"]}]},{\"@type\":\"ImageObject\",\"inLanguage\":\"pt-BR\",\"@id\":\"https:\/\/meusitejuridico.com.br\/2023\/11\/09\/resumo-informativo-1-114-do-stf-de-7-de-novembro-de-2023\/#primaryimage\",\"url\":\"https:\/\/webmail.meusitejuridico.com.br\/s.meusitejuridico\/2020\/12\/4fbdb166-judge-3665164-640.jpg\",\"contentUrl\":\"https:\/\/webmail.meusitejuridico.com.br\/s.meusitejuridico\/2020\/12\/4fbdb166-judge-3665164-640.jpg\",\"width\":640,\"height\":342},{\"@type\":\"BreadcrumbList\",\"@id\":\"https:\/\/meusitejuridico.com.br\/2023\/11\/09\/resumo-informativo-1-114-do-stf-de-7-de-novembro-de-2023\/#breadcrumb\",\"itemListElement\":[{\"@type\":\"ListItem\",\"position\":1,\"name\":\"In\u00edcio\",\"item\":\"https:\/\/meusitejuridico.editorajuspodivm.com.br\/\"},{\"@type\":\"ListItem\",\"position\":2,\"name\":\"Resumo &#8211; Informativo 1.114 do STF, de 7 de novembro de 2023\"}]},{\"@type\":\"WebSite\",\"@id\":\"https:\/\/meusitejuridico.editorajuspodivm.com.br\/#website\",\"url\":\"https:\/\/meusitejuridico.editorajuspodivm.com.br\/\",\"name\":\"Meu site jur\u00eddico\",\"description\":\"Meu site jur\u00eddico\",\"publisher\":{\"@id\":\"https:\/\/meusitejuridico.editorajuspodivm.com.br\/#organization\"},\"potentialAction\":[{\"@type\":\"SearchAction\",\"target\":{\"@type\":\"EntryPoint\",\"urlTemplate\":\"https:\/\/meusitejuridico.editorajuspodivm.com.br\/?s={search_term_string}\"},\"query-input\":{\"@type\":\"PropertyValueSpecification\",\"valueRequired\":true,\"valueName\":\"search_term_string\"}}],\"inLanguage\":\"pt-BR\"},{\"@type\":\"Organization\",\"@id\":\"https:\/\/meusitejuridico.editorajuspodivm.com.br\/#organization\",\"name\":\"Meu site jur\u00eddico\",\"url\":\"https:\/\/meusitejuridico.editorajuspodivm.com.br\/\",\"logo\":{\"@type\":\"ImageObject\",\"inLanguage\":\"pt-BR\",\"@id\":\"https:\/\/meusitejuridico.editorajuspodivm.com.br\/#\/schema\/logo\/image\/\",\"url\":\"https:\/\/webmail.meusitejuridico.com.br\/s.meusitejuridico\/2022\/03\/cropped-baeec2a3-msj-02-01-01.png\",\"contentUrl\":\"https:\/\/webmail.meusitejuridico.com.br\/s.meusitejuridico\/2022\/03\/cropped-baeec2a3-msj-02-01-01.png\",\"width\":349,\"height\":243,\"caption\":\"Meu site jur\u00eddico\"},\"image\":{\"@id\":\"https:\/\/meusitejuridico.editorajuspodivm.com.br\/#\/schema\/logo\/image\/\"}},{\"@type\":\"Person\",\"@id\":\"https:\/\/meusitejuridico.editorajuspodivm.com.br\/#\/schema\/person\/ae56313f17950dccef13d0989efd6d50\",\"name\":\"Rodrigo Leite\",\"image\":{\"@type\":\"ImageObject\",\"inLanguage\":\"pt-BR\",\"@id\":\"https:\/\/meusitejuridico.editorajuspodivm.com.br\/#\/schema\/person\/image\/\",\"url\":\"https:\/\/webmail.meusitejuridico.com.br\/s.meusitejuridico\/2021\/05\/8455192b-foto-site-rodrigo-leite-150x150.jpeg\",\"contentUrl\":\"https:\/\/webmail.meusitejuridico.com.br\/s.meusitejuridico\/2021\/05\/8455192b-foto-site-rodrigo-leite-150x150.jpeg\",\"caption\":\"Rodrigo Leite\"},\"description\":\"Coautor do livro \u201cAn\u00e1lise das Diverg\u00eancias Jurisprudenciais no STF e STJ\u201d, Editora Juspodivm. Autor do livro \u201cTombamento \u2013 Vol. 36 \u2013 Cole\u00e7\u00e3o Leis Especiais para Concursos\u201d, Editora Juspodivm. Autor do livro \u201cDesapropria\u00e7\u00e3o \u2013 Vol. 39 \u2013 Cole\u00e7\u00e3o Especiais para Concursos\u201d, Editora Juspodivm. Coautor do livro \u201cSaberes Jurisprudenciais\u201d, Editora Saraiva. Coorganizador do livro \u201cCPC na Jurisprud\u00eancia\\\", Editora Foco. Especialista em Direito P\u00fablico e Direito Processual Civil. Mestre em Direito Constitucional. Professor da P\u00f3s-gradua\u00e7\u00e3o em Direito Civil da Rede Anhaguera-Kroton. M\u00e1ster Universit\u00e1rio em Direito Constitucional pela Universidad Del Pa\u00eds Vasco, San Sebasti\u00e1n, Espanha. Advogado licenciado. Analista Judici\u00e1rio do TJRN. Assessor de Desembargador do TJRN.\",\"sameAs\":[\"https:\/\/www.editorajuspodivm.com.br\/autores\/detalhe\/85\",\"https:\/\/www.instagram.com\/rodrigocrleite\/\",\"https:\/\/x.com\/rodrigocrleite\"],\"url\":\"https:\/\/webmail.meusitejuridico.com.br\/author\/rodrigoleiterodrigoleite\/\"}]}<\/script>\n<!-- \/ Yoast SEO plugin. -->","yoast_head_json":{"title":"Resumo - Informativo 1.114 do STF, de 7 de novembro de 2023 - Meu site jur\u00eddico","robots":{"index":"index","follow":"follow","max-snippet":"max-snippet:-1","max-image-preview":"max-image-preview:large","max-video-preview":"max-video-preview:-1"},"canonical":"https:\/\/meusitejuridico.com.br\/2023\/11\/09\/resumo-informativo-1-114-do-stf-de-7-de-novembro-de-2023\/","og_locale":"pt_BR","og_type":"article","og_title":"Resumo - Informativo 1.114 do STF, de 7 de novembro de 2023 - Meu site jur\u00eddico","og_description":"PLEN\u00c1RIO &#8211; Os valores recebidos a t\u00edtulo de retribui\u00e7\u00e3o pelo desempenho de cargo comissionado no \u00e2mbito do Poder Executivo ostentam natureza eminentemente remunerat\u00f3ria e, portanto, s\u00e3o computados para efeito dos limites do teto remunerat\u00f3rio constitucional dos agentes p\u00fablicos (CF\/1988, art. 37, XI). Para que um pagamento assuma natureza indenizat\u00f3ria, n\u00e3o basta que a lei assim [&hellip;]","og_url":"https:\/\/meusitejuridico.com.br\/2023\/11\/09\/resumo-informativo-1-114-do-stf-de-7-de-novembro-de-2023\/","og_site_name":"Meu site jur\u00eddico","article_published_time":"2023-11-09T15:49:24+00:00","article_modified_time":"2023-11-09T15:49:25+00:00","og_image":[{"width":640,"height":342,"url":"https:\/\/meusitejuridico.com.br\/s.meusitejuridico\/2020\/12\/4fbdb166-judge-3665164-640.jpg","type":"image\/jpeg"}],"author":"Rodrigo Leite","twitter_card":"summary_large_image","twitter_creator":"@rodrigocrleite","twitter_misc":{"Escrito por":"Rodrigo Leite","Est. tempo de leitura":"2 minutos"},"schema":{"@context":"https:\/\/schema.org","@graph":[{"@type":"Article","@id":"https:\/\/meusitejuridico.com.br\/2023\/11\/09\/resumo-informativo-1-114-do-stf-de-7-de-novembro-de-2023\/#article","isPartOf":{"@id":"https:\/\/meusitejuridico.com.br\/2023\/11\/09\/resumo-informativo-1-114-do-stf-de-7-de-novembro-de-2023\/"},"author":{"name":"Rodrigo Leite","@id":"https:\/\/meusitejuridico.editorajuspodivm.com.br\/#\/schema\/person\/ae56313f17950dccef13d0989efd6d50"},"headline":"Resumo &#8211; Informativo 1.114 do STF, de 7 de novembro de 2023","datePublished":"2023-11-09T15:49:24+00:00","dateModified":"2023-11-09T15:49:25+00:00","mainEntityOfPage":{"@id":"https:\/\/meusitejuridico.com.br\/2023\/11\/09\/resumo-informativo-1-114-do-stf-de-7-de-novembro-de-2023\/"},"wordCount":311,"commentCount":0,"publisher":{"@id":"https:\/\/meusitejuridico.editorajuspodivm.com.br\/#organization"},"image":{"@id":"https:\/\/meusitejuridico.com.br\/2023\/11\/09\/resumo-informativo-1-114-do-stf-de-7-de-novembro-de-2023\/#primaryimage"},"thumbnailUrl":"https:\/\/webmail.meusitejuridico.com.br\/s.meusitejuridico\/2020\/12\/4fbdb166-judge-3665164-640.jpg","articleSection":["Informativos"],"inLanguage":"pt-BR","potentialAction":[{"@type":"CommentAction","name":"Comment","target":["https:\/\/meusitejuridico.com.br\/2023\/11\/09\/resumo-informativo-1-114-do-stf-de-7-de-novembro-de-2023\/#respond"]}]},{"@type":"WebPage","@id":"https:\/\/meusitejuridico.com.br\/2023\/11\/09\/resumo-informativo-1-114-do-stf-de-7-de-novembro-de-2023\/","url":"https:\/\/meusitejuridico.com.br\/2023\/11\/09\/resumo-informativo-1-114-do-stf-de-7-de-novembro-de-2023\/","name":"Resumo - Informativo 1.114 do STF, de 7 de novembro de 2023 - Meu site jur\u00eddico","isPartOf":{"@id":"https:\/\/meusitejuridico.editorajuspodivm.com.br\/#website"},"primaryImageOfPage":{"@id":"https:\/\/meusitejuridico.com.br\/2023\/11\/09\/resumo-informativo-1-114-do-stf-de-7-de-novembro-de-2023\/#primaryimage"},"image":{"@id":"https:\/\/meusitejuridico.com.br\/2023\/11\/09\/resumo-informativo-1-114-do-stf-de-7-de-novembro-de-2023\/#primaryimage"},"thumbnailUrl":"https:\/\/webmail.meusitejuridico.com.br\/s.meusitejuridico\/2020\/12\/4fbdb166-judge-3665164-640.jpg","datePublished":"2023-11-09T15:49:24+00:00","dateModified":"2023-11-09T15:49:25+00:00","breadcrumb":{"@id":"https:\/\/meusitejuridico.com.br\/2023\/11\/09\/resumo-informativo-1-114-do-stf-de-7-de-novembro-de-2023\/#breadcrumb"},"inLanguage":"pt-BR","potentialAction":[{"@type":"ReadAction","target":["https:\/\/meusitejuridico.com.br\/2023\/11\/09\/resumo-informativo-1-114-do-stf-de-7-de-novembro-de-2023\/"]}]},{"@type":"ImageObject","inLanguage":"pt-BR","@id":"https:\/\/meusitejuridico.com.br\/2023\/11\/09\/resumo-informativo-1-114-do-stf-de-7-de-novembro-de-2023\/#primaryimage","url":"https:\/\/webmail.meusitejuridico.com.br\/s.meusitejuridico\/2020\/12\/4fbdb166-judge-3665164-640.jpg","contentUrl":"https:\/\/webmail.meusitejuridico.com.br\/s.meusitejuridico\/2020\/12\/4fbdb166-judge-3665164-640.jpg","width":640,"height":342},{"@type":"BreadcrumbList","@id":"https:\/\/meusitejuridico.com.br\/2023\/11\/09\/resumo-informativo-1-114-do-stf-de-7-de-novembro-de-2023\/#breadcrumb","itemListElement":[{"@type":"ListItem","position":1,"name":"In\u00edcio","item":"https:\/\/meusitejuridico.editorajuspodivm.com.br\/"},{"@type":"ListItem","position":2,"name":"Resumo &#8211; Informativo 1.114 do STF, de 7 de novembro de 2023"}]},{"@type":"WebSite","@id":"https:\/\/meusitejuridico.editorajuspodivm.com.br\/#website","url":"https:\/\/meusitejuridico.editorajuspodivm.com.br\/","name":"Meu site jur\u00eddico","description":"Meu site jur\u00eddico","publisher":{"@id":"https:\/\/meusitejuridico.editorajuspodivm.com.br\/#organization"},"potentialAction":[{"@type":"SearchAction","target":{"@type":"EntryPoint","urlTemplate":"https:\/\/meusitejuridico.editorajuspodivm.com.br\/?s={search_term_string}"},"query-input":{"@type":"PropertyValueSpecification","valueRequired":true,"valueName":"search_term_string"}}],"inLanguage":"pt-BR"},{"@type":"Organization","@id":"https:\/\/meusitejuridico.editorajuspodivm.com.br\/#organization","name":"Meu site jur\u00eddico","url":"https:\/\/meusitejuridico.editorajuspodivm.com.br\/","logo":{"@type":"ImageObject","inLanguage":"pt-BR","@id":"https:\/\/meusitejuridico.editorajuspodivm.com.br\/#\/schema\/logo\/image\/","url":"https:\/\/webmail.meusitejuridico.com.br\/s.meusitejuridico\/2022\/03\/cropped-baeec2a3-msj-02-01-01.png","contentUrl":"https:\/\/webmail.meusitejuridico.com.br\/s.meusitejuridico\/2022\/03\/cropped-baeec2a3-msj-02-01-01.png","width":349,"height":243,"caption":"Meu site jur\u00eddico"},"image":{"@id":"https:\/\/meusitejuridico.editorajuspodivm.com.br\/#\/schema\/logo\/image\/"}},{"@type":"Person","@id":"https:\/\/meusitejuridico.editorajuspodivm.com.br\/#\/schema\/person\/ae56313f17950dccef13d0989efd6d50","name":"Rodrigo Leite","image":{"@type":"ImageObject","inLanguage":"pt-BR","@id":"https:\/\/meusitejuridico.editorajuspodivm.com.br\/#\/schema\/person\/image\/","url":"https:\/\/webmail.meusitejuridico.com.br\/s.meusitejuridico\/2021\/05\/8455192b-foto-site-rodrigo-leite-150x150.jpeg","contentUrl":"https:\/\/webmail.meusitejuridico.com.br\/s.meusitejuridico\/2021\/05\/8455192b-foto-site-rodrigo-leite-150x150.jpeg","caption":"Rodrigo Leite"},"description":"Coautor do livro \u201cAn\u00e1lise das Diverg\u00eancias Jurisprudenciais no STF e STJ\u201d, Editora Juspodivm. Autor do livro \u201cTombamento \u2013 Vol. 36 \u2013 Cole\u00e7\u00e3o Leis Especiais para Concursos\u201d, Editora Juspodivm. Autor do livro \u201cDesapropria\u00e7\u00e3o \u2013 Vol. 39 \u2013 Cole\u00e7\u00e3o Especiais para Concursos\u201d, Editora Juspodivm. Coautor do livro \u201cSaberes Jurisprudenciais\u201d, Editora Saraiva. Coorganizador do livro \u201cCPC na Jurisprud\u00eancia\", Editora Foco. Especialista em Direito P\u00fablico e Direito Processual Civil. Mestre em Direito Constitucional. Professor da P\u00f3s-gradua\u00e7\u00e3o em Direito Civil da Rede Anhaguera-Kroton. M\u00e1ster Universit\u00e1rio em Direito Constitucional pela Universidad Del Pa\u00eds Vasco, San Sebasti\u00e1n, Espanha. Advogado licenciado. Analista Judici\u00e1rio do TJRN. Assessor de Desembargador do TJRN.","sameAs":["https:\/\/www.editorajuspodivm.com.br\/autores\/detalhe\/85","https:\/\/www.instagram.com\/rodrigocrleite\/","https:\/\/x.com\/rodrigocrleite"],"url":"https:\/\/webmail.meusitejuridico.com.br\/author\/rodrigoleiterodrigoleite\/"}]}},"_links":{"self":[{"href":"https:\/\/webmail.meusitejuridico.com.br\/api\/wp\/v2\/posts\/19363","targetHints":{"allow":["GET"]}}],"collection":[{"href":"https:\/\/webmail.meusitejuridico.com.br\/api\/wp\/v2\/posts"}],"about":[{"href":"https:\/\/webmail.meusitejuridico.com.br\/api\/wp\/v2\/types\/post"}],"author":[{"embeddable":true,"href":"https:\/\/webmail.meusitejuridico.com.br\/api\/wp\/v2\/users\/131"}],"replies":[{"embeddable":true,"href":"https:\/\/webmail.meusitejuridico.com.br\/api\/wp\/v2\/comments?post=19363"}],"version-history":[{"count":1,"href":"https:\/\/webmail.meusitejuridico.com.br\/api\/wp\/v2\/posts\/19363\/revisions"}],"predecessor-version":[{"id":19364,"href":"https:\/\/webmail.meusitejuridico.com.br\/api\/wp\/v2\/posts\/19363\/revisions\/19364"}],"wp:featuredmedia":[{"embeddable":true,"href":"https:\/\/webmail.meusitejuridico.com.br\/api\/wp\/v2\/media\/12442"}],"wp:attachment":[{"href":"https:\/\/webmail.meusitejuridico.com.br\/api\/wp\/v2\/media?parent=19363"}],"wp:term":[{"taxonomy":"category","embeddable":true,"href":"https:\/\/webmail.meusitejuridico.com.br\/api\/wp\/v2\/categories?post=19363"},{"taxonomy":"post_tag","embeddable":true,"href":"https:\/\/webmail.meusitejuridico.com.br\/api\/wp\/v2\/tags?post=19363"}],"curies":[{"name":"wp","href":"https:\/\/api.w.org\/{rel}","templated":true}]}}