{"id":19254,"date":"2023-10-30T06:23:19","date_gmt":"2023-10-30T09:23:19","guid":{"rendered":"https:\/\/meusitejuridico.editorajuspodivm.com.br\/?p=19254"},"modified":"2023-10-30T06:23:20","modified_gmt":"2023-10-30T09:23:20","slug":"resumo-informativos-790-e-791-do-stj","status":"publish","type":"post","link":"https:\/\/webmail.meusitejuridico.com.br\/2023\/10\/30\/resumo-informativos-790-e-791-do-stj\/","title":{"rendered":"Resumo &#8211; Informativos 790 e 791 do STJ"},"content":{"rendered":"\n<p><strong>Informativo 790 do STJ, de 10 de outubro de 2023<\/strong><\/p>\n\n\n\n<p><strong>CORTE ESPECIAL<\/strong><\/p>\n\n\n\n<p>&#8211; Compete \u00e0s turmas que comp\u00f5em a Primeira Se\u00e7\u00e3o do STJ o julgamento de quest\u00f5es que envolvam os contratos de m\u00fatuo habitacional que impliquem comprometimento do Fundo de Compensa\u00e7\u00e3o das Varia\u00e7\u00f5es Salariais \u2013 FCVS &#8211; <strong>CC 148.188-DF<\/strong>, julgado em 4\/10\/2023.<\/p>\n\n\n\n<p><strong>TERCEIRA SE\u00c7\u00c3O<\/strong><\/p>\n\n\n\n<p>&#8211; A Terceira Se\u00e7\u00e3o deferiu, parcialmente, o incidente de deslocamento de compet\u00eancia para que a investiga\u00e7\u00e3o, o processamento e o julgamento dos mandantes, intermedi\u00e1rios e executores dos assassinatos de v\u00edtimas, em sua maioria, lideran\u00e7as de movimentos em prol dos trabalhadores rurais, e respons\u00e1veis por den\u00fancias de grilagem de terras e de extra\u00e7\u00e3o ilegal de madeira, ocorridos em contexto de conflito agr\u00e1rio instalado no Estado de Rond\u00f4nia, sejam deslocados para o \u00e2mbito da Justi\u00e7a Federal daquele Estado &#8211; <strong>IDC 22-RO<\/strong>, julgado em 23\/8\/2023.<\/p>\n\n\n\n<p><strong>PRIMEIRA TURMA<\/strong><\/p>\n\n\n\n<p>&#8211; O abono de perman\u00eancia integra a base de c\u00e1lculo do ter\u00e7o constitucional de f\u00e9rias e da gratifica\u00e7\u00e3o natalina &#8211; <strong>AgInt no REsp 1.971.130-RN<\/strong>, julgado em 4\/9\/2023.<\/p>\n\n\n\n<p>&#8211; N\u00e3o \u00e9 poss\u00edvel delegar a fun\u00e7\u00e3o sancionadora do exerc\u00edcio do poder de pol\u00edcia \u00e0 C\u00e2mara de Comercializa\u00e7\u00e3o de Energia El\u00e9trica &#8211; CCEE por ser uma associa\u00e7\u00e3o privada que n\u00e3o integra a Administra\u00e7\u00e3o P\u00fablica &#8211; <strong>REsp 1.950.332-RJ<\/strong>, julgado em 26\/9\/2023.<\/p>\n\n\n\n<p>&#8211; Os Tribunais de Contas est\u00e3o sujeitos ao prazo de 5 anos para o julgamento da legalidade do ato de concess\u00e3o inicial de aposentadoria, reforma ou pens\u00e3o, a contar da chegada do processo \u00e0 respectiva Corte de Contas &#8211; <strong>AgInt no AREsp 366.017-PR<\/strong>, julgado em 3\/10\/2023.<\/p>\n\n\n\n<p><strong>SEGUNDA TURMA<\/strong><\/p>\n\n\n\n<p>&#8211; A aplica\u00e7\u00e3o do art. 942 do CPC\/2015 deve ser observada no julgamento n\u00e3o un\u00e2nime dos embargos de declara\u00e7\u00e3o na hip\u00f3tese em que, do julgamento dos embargos de declara\u00e7\u00e3o opostos contra o ac\u00f3rd\u00e3o de apela\u00e7\u00e3o un\u00e2nime, surge diverg\u00eancia que altera o resultado inicial &#8211; <strong>AREsp 2.214.392-SP<\/strong>, julgado em 3\/10\/2023.<\/p>\n\n\n\n<p>&#8211; O dia 20 de novembro (Dia da Consci\u00eancia Negra) n\u00e3o \u00e9 considerado feriado nacional, mas, sim, feriado local, o qual deve ser comprovado no momento da interposi\u00e7\u00e3o do recurso, n\u00e3o se admitindo a comprova\u00e7\u00e3o posterior &#8211; <strong>AgInt no AREsp 1.490.251-AL<\/strong>, julgado em 2\/10\/2023.<\/p>\n\n\n\n<p><strong>TERCEIRA TURMA<\/strong><\/p>\n\n\n\n<p>&#8211; A base de c\u00e1lculo dos honor\u00e1rios advocat\u00edcios sucumbenciais deve ter como par\u00e2metro a pr\u00f3pria a\u00e7\u00e3o rescis\u00f3ria, e n\u00e3o a a\u00e7\u00e3o origin\u00e1ria cuja decis\u00e3o se pretende rescindir &#8211; <strong>REsp 2.068.654-PA<\/strong>, julgado em 12\/9\/2023.<\/p>\n\n\n\n<p><strong>QUARTA TURMA<\/strong><\/p>\n\n\n\n<p>&#8211; \u00c9 poss\u00edvel a inclus\u00e3o das presta\u00e7\u00f5es aliment\u00edcias vencidas no curso da execu\u00e7\u00e3o, ainda que o credor opte pelo procedimento da coer\u00e7\u00e3o patrimonial, previsto no art. 528, \u00a7 8\u00ba, do CPC\/2015, em observ\u00e2ncia dos princ\u00edpios da efetividade, da celeridade e da economia processual &#8211; <strong>Processo em segredo de justi\u00e7a,<\/strong> julgado em 12\/9\/2023.<\/p>\n\n\n\n<p><strong>SEXTA TURMA<\/strong><\/p>\n\n\n\n<p>&#8211; Para fins de alcan\u00e7ar o requisito objetivo tutelado pelo Decreto Presidencial n. 11.302\/2022 (pena m\u00e1xima em abstrato n\u00e3o superior a 5 anos), deve-se considerar a pena do delito que se pleiteia o indulto e n\u00e3o o somat\u00f3rio das penas da execu\u00e7\u00e3o &#8211; <strong>HC 853.365-SP<\/strong>, julgado em 3\/10\/2023.<\/p>\n\n\n\n<p>envolvam os contratos de m\u00fatuo habitacional que impliquem comprometimento do Fundo de Compensa\u00e7\u00e3o das Varia\u00e7\u00f5es Salariais \u2013 FCVS &#8211; <strong>CC 148.188-DF<\/strong>, julgado em 4\/10\/2023.<\/p>\n\n\n\n<p><strong>TERCEIRA SE\u00c7\u00c3O<\/strong><\/p>\n\n\n\n<p>&#8211; A Terceira Se\u00e7\u00e3o deferiu, parcialmente, o incidente de deslocamento de compet\u00eancia para que a investiga\u00e7\u00e3o, o processamento e o julgamento dos mandantes, intermedi\u00e1rios e executores dos assassinatos de v\u00edtimas, em sua maioria, lideran\u00e7as de movimentos em prol dos trabalhadores rurais, e respons\u00e1veis por den\u00fancias de grilagem de terras e de extra\u00e7\u00e3o ilegal de madeira, ocorridos em contexto de conflito agr\u00e1rio instalado no Estado de Rond\u00f4nia, sejam deslocados para o \u00e2mbito da Justi\u00e7a Federal daquele Estado &#8211; <strong>IDC 22-RO<\/strong>, julgado em 23\/8\/2023.<\/p>\n\n\n\n<p><strong>PRIMEIRA TURMA<\/strong><\/p>\n\n\n\n<p>&#8211; O abono de perman\u00eancia integra a base de c\u00e1lculo do ter\u00e7o constitucional de f\u00e9rias e da gratifica\u00e7\u00e3o natalina &#8211; <strong>AgInt no REsp 1.971.130-RN<\/strong>, julgado em 4\/9\/2023.<\/p>\n\n\n\n<p>&#8211; N\u00e3o \u00e9 poss\u00edvel delegar a fun\u00e7\u00e3o sancionadora do exerc\u00edcio do poder de pol\u00edcia \u00e0 C\u00e2mara de Comercializa\u00e7\u00e3o de Energia El\u00e9trica &#8211; CCEE por ser uma associa\u00e7\u00e3o privada que n\u00e3o integra a Administra\u00e7\u00e3o P\u00fablica &#8211; <strong>REsp 1.950.332-RJ<\/strong>, julgado em 26\/9\/2023.<\/p>\n\n\n\n<p>&#8211; Os Tribunais de Contas est\u00e3o sujeitos ao prazo de 5 anos para o julgamento da legalidade do ato de concess\u00e3o inicial de aposentadoria, reforma ou pens\u00e3o, a contar da chegada do processo \u00e0 respectiva Corte de Contas &#8211; <strong>AgInt no AREsp 366.017-PR<\/strong>, julgado em 3\/10\/2023.<\/p>\n\n\n\n<p><strong>SEGUNDA TURMA<\/strong><\/p>\n\n\n\n<p>&#8211; A aplica\u00e7\u00e3o do art. 942 do CPC\/2015 deve ser observada no julgamento n\u00e3o un\u00e2nime dos embargos de declara\u00e7\u00e3o na hip\u00f3tese em que, do julgamento dos embargos de declara\u00e7\u00e3o opostos contra o ac\u00f3rd\u00e3o de apela\u00e7\u00e3o un\u00e2nime, surge diverg\u00eancia que altera o resultado inicial &#8211; <strong>AREsp 2.214.392-SP<\/strong>, julgado em 3\/10\/2023.<\/p>\n\n\n\n<p>&#8211; O dia 20 de novembro (Dia da Consci\u00eancia Negra) n\u00e3o \u00e9 considerado feriado nacional, mas, sim, feriado local, o qual deve ser comprovado no momento da interposi\u00e7\u00e3o do recurso, n\u00e3o se admitindo a comprova\u00e7\u00e3o posterior &#8211; <strong>AgInt no AREsp 1.490.251-AL<\/strong>, julgado em 2\/10\/2023.<\/p>\n\n\n\n<p><strong>TERCEIRA TURMA<\/strong><\/p>\n\n\n\n<p>&#8211; A base de c\u00e1lculo dos honor\u00e1rios advocat\u00edcios sucumbenciais deve ter como par\u00e2metro a pr\u00f3pria a\u00e7\u00e3o rescis\u00f3ria, e n\u00e3o a a\u00e7\u00e3o origin\u00e1ria cuja decis\u00e3o se pretende rescindir &#8211; <strong>REsp 2.068.654-PA<\/strong>, julgado em 12\/9\/2023.<\/p>\n\n\n\n<p><strong>QUARTA TURMA<\/strong><\/p>\n\n\n\n<p>&#8211; \u00c9 poss\u00edvel a inclus\u00e3o das presta\u00e7\u00f5es aliment\u00edcias vencidas no curso da execu\u00e7\u00e3o, ainda que o credor opte pelo procedimento da coer\u00e7\u00e3o patrimonial, previsto no art. 528, \u00a7 8\u00ba, do CPC\/2015, em observ\u00e2ncia dos princ\u00edpios da efetividade, da celeridade e da economia processual &#8211; <strong>Processo em segredo de justi\u00e7a,<\/strong> julgado em 12\/9\/2023.<\/p>\n\n\n\n<p><strong>SEXTA TURMA<\/strong><\/p>\n\n\n\n<p>&#8211; Para fins de alcan\u00e7ar o requisito objetivo tutelado pelo Decreto Presidencial n. 11.302\/2022 (pena m\u00e1xima em abstrato n\u00e3o superior a 5 anos), deve-se considerar a pena do delito que se pleiteia o indulto e n\u00e3o o somat\u00f3rio das penas da execu\u00e7\u00e3o &#8211; <strong>HC 853.365-SP<\/strong>, julgado em 3\/10\/2023.<\/p>\n\n\n\n<p>_____________________<\/p>\n\n\n\n<p><strong>Informativo 791 do STJ, de 18 de outubro de 2023<\/strong><\/p>\n\n\n\n<p><strong>TERCEIRA SE\u00c7\u00c3O<\/strong><\/p>\n\n\n\n<p>&#8211; O fato de as guardas municipais n\u00e3o haverem sido inclu\u00eddas nos incisos do art. 144, <em>caput<\/em>, da CF n\u00e3o afasta a constata\u00e7\u00e3o de que elas exercem atividade de seguran\u00e7a p\u00fablica e integram o Sistema \u00danico de Seguran\u00e7a P\u00fablica. Isso, todavia, n\u00e3o significa que possam ter a mesma amplitude de atua\u00e7\u00e3o das pol\u00edcias &#8211; <strong>HC 830.530-SP<\/strong>, julgado em 27\/9\/2023.<\/p>\n\n\n\n<p><strong>PRIMEIRA TURMA<\/strong><\/p>\n\n\n\n<p>&#8211; Mesmo quando o devedor aliena o im\u00f3vel que lhe sirva de resid\u00eancia, deve ser mantida a cl\u00e1usula de impenhorabilidade &#8211; <strong>AgInt no AREsp 2.174.427-RJ<\/strong>, julgado em 18\/9\/2023.<\/p>\n\n\n\n<p><strong>SEGUNDA TURMA<\/strong><\/p>\n\n\n\n<p>&#8211; A interpreta\u00e7\u00e3o adotada pela Receita Federal do Brasil por meio da Instru\u00e7\u00e3o Normativa SRF n. 243\/2002 n\u00e3o viola o art. 18 da Lei n. 9.430\/1996 &#8211; <strong>REsp 1.787.614-SP<\/strong>, julgado em 2\/10\/2023.<\/p>\n\n\n\n<p><strong>TERCEIRA TURMA<\/strong><\/p>\n\n\n\n<p>&#8211; O tratamento conforme o protocolo Pediasuit configura-se como uma forma de assist\u00eancia ambulatorial, n\u00e3o se caracterizando como pr\u00e1tica abusiva a cobran\u00e7a de coparticipa\u00e7\u00e3o pelo plano de sa\u00fade, desde que tal cobran\u00e7a esteja prevista no contrato &#8211; <strong>REsp 2.001.108-MT<\/strong>, julgado em 3\/10\/2023.<\/p>\n\n\n\n<p>&#8211; A institui\u00e7\u00e3o financeira responde pelo defeito na presta\u00e7\u00e3o de servi\u00e7o consistente no tratamento indevido de dados pessoais banc\u00e1rios, quando tais informa\u00e7\u00f5es s\u00e3o utilizadas por estelionat\u00e1rio para facilitar a aplica\u00e7\u00e3o de golpe em desfavor do consumidor &#8211; <strong>REsp 2.077.278-SP<\/strong>, julgado em 3\/10\/2023.<\/p>\n\n\n\n<p><strong>QUARTA TURMA<\/strong><\/p>\n\n\n\n<p>&#8211; No contrato de comodato por prazo indeterminado, ap\u00f3s o transcurso do intervalo suficiente \u00e0 utiliza\u00e7\u00e3o do bem, \u00e9 devida a sua restitui\u00e7\u00e3o, pelo comodat\u00e1rio, bastando para tanto a sua notifica\u00e7\u00e3o &#8211; <strong>AgInt no REsp 1.641.241-SP<\/strong>, julgado em 7\/2\/2023.<\/p>\n\n\n\n<p>&#8211; \u00c9 v\u00e1lida a disposi\u00e7\u00e3o testament\u00e1ria que institui filha co-herdeira como curadora especial dos bens deixados \u00e0 irm\u00e3 incapaz, relativamente aos bens integrantes da parcela dispon\u00edvel da heran\u00e7a, ainda que esta se encontre sob o poder familiar ou tutela &#8211; <strong>REsp 2.069.181-SP<\/strong>, julgado em 10\/10\/2023.<\/p>\n\n\n\n<p><strong>QUINTA TURMA<\/strong><\/p>\n\n\n\n<p>&#8211; \u00c9 poss\u00edvel a unifica\u00e7\u00e3o das penas de reclus\u00e3o e de deten\u00e7\u00e3o, na fase de execu\u00e7\u00e3o penal, para fim de fixa\u00e7\u00e3o do regime prisional inicial &#8211; <strong>AgRg no REsp 2.053.887-MG<\/strong>, julgado em 15\/5\/2023.<\/p>\n\n\n\n<p>&#8211; S\u00f3 h\u00e1 nulidade pela falta de cientifica\u00e7\u00e3o do acusado sobre o seu direito de permanecer em sil\u00eancio, em fase de inqu\u00e9rito policial, caso demonstrado o efetivo preju\u00edzo &#8211; <strong>AgRg no HC 798.225-RS<\/strong>, julgado em 12\/6\/2023.<\/p>\n\n\n\n<p><strong>SEXTA TURMA<\/strong><\/p>\n\n\n\n<p>&#8211; Para a decis\u00e3o de pron\u00fancia, exige-se elevada probabilidade de que o r\u00e9u seja autor ou part\u00edcipe do delito a ele imputado, n\u00e3o se aplicando o princ\u00edpio <em>in dubio pro societate<\/em> &#8211; <strong>REsp 2.091.647-DF<\/strong>, julgado em 26\/9\/2023.<\/p>\n\n\n\n<p>&#8211; Cabe \u00e0 Defesa T\u00e9cnica a an\u00e1lise de conveni\u00eancia e oportunidade a respeito de eventual recurso, no caso de conflito de vontades entre o acusado e o defensor &#8211; <strong>HC 839.602-MG<\/strong>, julgado em 3\/10\/2023.<\/p>\n\n\n\n<p>&#8211; A Defensoria P\u00fablica pode ser intimada, de of\u00edcio, pelo Ju\u00edzo para prestar assist\u00eancia \u00e0s crian\u00e7as e aos adolescentes v\u00edtimas de viol\u00eancia, nos procedimentos de escuta especializada, sem que isso represente sobreposi\u00e7\u00e3o inconstitucional \u00e0s fun\u00e7\u00f5es do Minist\u00e9rio P\u00fablico &#8211; <strong>RMS 70.679-MG<\/strong>, julgado em 26\/9\/2023.<\/p>\n\n\n\n<p>_____________________<\/p>\n\n\n\n<p><strong>Telegram<\/strong>:<strong>&nbsp;<\/strong><a href=\"https:\/\/t.me\/pilulasjuridicasSTFSTJ\" target=\"_blank\" rel=\"noreferrer noopener\"><strong>https:\/\/t.me\/pilulasjuridicasSTFSTJ<\/strong><\/a><strong>&nbsp;| Instagram: @rodrigocrleite<\/strong><\/p>\n","protected":false},"excerpt":{"rendered":"<p>Informativo 790 do STJ, de 10 de outubro de 2023 CORTE ESPECIAL &#8211; Compete \u00e0s turmas que comp\u00f5em a Primeira Se\u00e7\u00e3o do STJ o julgamento de quest\u00f5es que envolvam os contratos de m\u00fatuo habitacional que impliquem comprometimento do Fundo de Compensa\u00e7\u00e3o das Varia\u00e7\u00f5es Salariais \u2013 FCVS &#8211; CC 148.188-DF, julgado em 4\/10\/2023. TERCEIRA SE\u00c7\u00c3O &#8211; [&hellip;]<\/p>\n","protected":false},"author":131,"featured_media":5711,"comment_status":"open","ping_status":"open","sticky":false,"template":"","format":"standard","meta":{"_acf_changed":false,"footnotes":""},"categories":[70],"tags":[],"class_list":["post-19254","post","type-post","status-publish","format-standard","has-post-thumbnail","hentry","category-informativos-comentados"],"acf":[],"yoast_head":"<!-- This site is optimized with the Yoast SEO plugin v24.8.1 - https:\/\/yoast.com\/wordpress\/plugins\/seo\/ -->\n<title>Resumo - Informativos 790 e 791 do STJ - Meu site jur\u00eddico<\/title>\n<meta name=\"robots\" content=\"index, follow, max-snippet:-1, max-image-preview:large, max-video-preview:-1\" \/>\n<link rel=\"canonical\" href=\"https:\/\/meusitejuridico.com.br\/2023\/10\/30\/resumo-informativos-790-e-791-do-stj\/\" \/>\n<meta property=\"og:locale\" content=\"pt_BR\" \/>\n<meta property=\"og:type\" content=\"article\" \/>\n<meta property=\"og:title\" content=\"Resumo - Informativos 790 e 791 do STJ - Meu site jur\u00eddico\" \/>\n<meta property=\"og:description\" content=\"Informativo 790 do STJ, de 10 de outubro de 2023 CORTE ESPECIAL &#8211; Compete \u00e0s turmas que comp\u00f5em a Primeira Se\u00e7\u00e3o do STJ o julgamento de quest\u00f5es que envolvam os contratos de m\u00fatuo habitacional que impliquem comprometimento do Fundo de Compensa\u00e7\u00e3o das Varia\u00e7\u00f5es Salariais \u2013 FCVS &#8211; CC 148.188-DF, julgado em 4\/10\/2023. TERCEIRA SE\u00c7\u00c3O &#8211; [&hellip;]\" \/>\n<meta property=\"og:url\" content=\"https:\/\/meusitejuridico.com.br\/2023\/10\/30\/resumo-informativos-790-e-791-do-stj\/\" \/>\n<meta property=\"og:site_name\" content=\"Meu site jur\u00eddico\" \/>\n<meta property=\"article:published_time\" content=\"2023-10-30T09:23:19+00:00\" \/>\n<meta property=\"article:modified_time\" content=\"2023-10-30T09:23:20+00:00\" \/>\n<meta property=\"og:image\" content=\"https:\/\/meusitejuridico.com.br\/s.meusitejuridico\/2018\/06\/0c51e248-shutterstock-550700641.jpg\" \/>\n\t<meta property=\"og:image:width\" content=\"1000\" \/>\n\t<meta property=\"og:image:height\" content=\"639\" \/>\n\t<meta property=\"og:image:type\" content=\"image\/jpeg\" \/>\n<meta name=\"author\" content=\"Rodrigo Leite\" \/>\n<meta name=\"twitter:card\" content=\"summary_large_image\" \/>\n<meta name=\"twitter:creator\" content=\"@rodrigocrleite\" \/>\n<meta name=\"twitter:label1\" content=\"Escrito por\" \/>\n\t<meta name=\"twitter:data1\" content=\"Rodrigo Leite\" \/>\n\t<meta name=\"twitter:label2\" content=\"Est. tempo de leitura\" \/>\n\t<meta name=\"twitter:data2\" content=\"7 minutos\" \/>\n<script type=\"application\/ld+json\" class=\"yoast-schema-graph\">{\"@context\":\"https:\/\/schema.org\",\"@graph\":[{\"@type\":\"Article\",\"@id\":\"https:\/\/meusitejuridico.com.br\/2023\/10\/30\/resumo-informativos-790-e-791-do-stj\/#article\",\"isPartOf\":{\"@id\":\"https:\/\/meusitejuridico.com.br\/2023\/10\/30\/resumo-informativos-790-e-791-do-stj\/\"},\"author\":{\"name\":\"Rodrigo Leite\",\"@id\":\"https:\/\/meusitejuridico.editorajuspodivm.com.br\/#\/schema\/person\/ae56313f17950dccef13d0989efd6d50\"},\"headline\":\"Resumo &#8211; Informativos 790 e 791 do STJ\",\"datePublished\":\"2023-10-30T09:23:19+00:00\",\"dateModified\":\"2023-10-30T09:23:20+00:00\",\"mainEntityOfPage\":{\"@id\":\"https:\/\/meusitejuridico.com.br\/2023\/10\/30\/resumo-informativos-790-e-791-do-stj\/\"},\"wordCount\":1608,\"commentCount\":0,\"publisher\":{\"@id\":\"https:\/\/meusitejuridico.editorajuspodivm.com.br\/#organization\"},\"image\":{\"@id\":\"https:\/\/meusitejuridico.com.br\/2023\/10\/30\/resumo-informativos-790-e-791-do-stj\/#primaryimage\"},\"thumbnailUrl\":\"https:\/\/webmail.meusitejuridico.com.br\/s.meusitejuridico\/2018\/06\/0c51e248-shutterstock-550700641.jpg\",\"articleSection\":[\"Informativos\"],\"inLanguage\":\"pt-BR\",\"potentialAction\":[{\"@type\":\"CommentAction\",\"name\":\"Comment\",\"target\":[\"https:\/\/meusitejuridico.com.br\/2023\/10\/30\/resumo-informativos-790-e-791-do-stj\/#respond\"]}]},{\"@type\":\"WebPage\",\"@id\":\"https:\/\/meusitejuridico.com.br\/2023\/10\/30\/resumo-informativos-790-e-791-do-stj\/\",\"url\":\"https:\/\/meusitejuridico.com.br\/2023\/10\/30\/resumo-informativos-790-e-791-do-stj\/\",\"name\":\"Resumo - Informativos 790 e 791 do STJ - Meu site jur\u00eddico\",\"isPartOf\":{\"@id\":\"https:\/\/meusitejuridico.editorajuspodivm.com.br\/#website\"},\"primaryImageOfPage\":{\"@id\":\"https:\/\/meusitejuridico.com.br\/2023\/10\/30\/resumo-informativos-790-e-791-do-stj\/#primaryimage\"},\"image\":{\"@id\":\"https:\/\/meusitejuridico.com.br\/2023\/10\/30\/resumo-informativos-790-e-791-do-stj\/#primaryimage\"},\"thumbnailUrl\":\"https:\/\/webmail.meusitejuridico.com.br\/s.meusitejuridico\/2018\/06\/0c51e248-shutterstock-550700641.jpg\",\"datePublished\":\"2023-10-30T09:23:19+00:00\",\"dateModified\":\"2023-10-30T09:23:20+00:00\",\"breadcrumb\":{\"@id\":\"https:\/\/meusitejuridico.com.br\/2023\/10\/30\/resumo-informativos-790-e-791-do-stj\/#breadcrumb\"},\"inLanguage\":\"pt-BR\",\"potentialAction\":[{\"@type\":\"ReadAction\",\"target\":[\"https:\/\/meusitejuridico.com.br\/2023\/10\/30\/resumo-informativos-790-e-791-do-stj\/\"]}]},{\"@type\":\"ImageObject\",\"inLanguage\":\"pt-BR\",\"@id\":\"https:\/\/meusitejuridico.com.br\/2023\/10\/30\/resumo-informativos-790-e-791-do-stj\/#primaryimage\",\"url\":\"https:\/\/webmail.meusitejuridico.com.br\/s.meusitejuridico\/2018\/06\/0c51e248-shutterstock-550700641.jpg\",\"contentUrl\":\"https:\/\/webmail.meusitejuridico.com.br\/s.meusitejuridico\/2018\/06\/0c51e248-shutterstock-550700641.jpg\",\"width\":1000,\"height\":639},{\"@type\":\"BreadcrumbList\",\"@id\":\"https:\/\/meusitejuridico.com.br\/2023\/10\/30\/resumo-informativos-790-e-791-do-stj\/#breadcrumb\",\"itemListElement\":[{\"@type\":\"ListItem\",\"position\":1,\"name\":\"In\u00edcio\",\"item\":\"https:\/\/meusitejuridico.editorajuspodivm.com.br\/\"},{\"@type\":\"ListItem\",\"position\":2,\"name\":\"Resumo &#8211; Informativos 790 e 791 do STJ\"}]},{\"@type\":\"WebSite\",\"@id\":\"https:\/\/meusitejuridico.editorajuspodivm.com.br\/#website\",\"url\":\"https:\/\/meusitejuridico.editorajuspodivm.com.br\/\",\"name\":\"Meu site jur\u00eddico\",\"description\":\"Meu site jur\u00eddico\",\"publisher\":{\"@id\":\"https:\/\/meusitejuridico.editorajuspodivm.com.br\/#organization\"},\"potentialAction\":[{\"@type\":\"SearchAction\",\"target\":{\"@type\":\"EntryPoint\",\"urlTemplate\":\"https:\/\/meusitejuridico.editorajuspodivm.com.br\/?s={search_term_string}\"},\"query-input\":{\"@type\":\"PropertyValueSpecification\",\"valueRequired\":true,\"valueName\":\"search_term_string\"}}],\"inLanguage\":\"pt-BR\"},{\"@type\":\"Organization\",\"@id\":\"https:\/\/meusitejuridico.editorajuspodivm.com.br\/#organization\",\"name\":\"Meu site jur\u00eddico\",\"url\":\"https:\/\/meusitejuridico.editorajuspodivm.com.br\/\",\"logo\":{\"@type\":\"ImageObject\",\"inLanguage\":\"pt-BR\",\"@id\":\"https:\/\/meusitejuridico.editorajuspodivm.com.br\/#\/schema\/logo\/image\/\",\"url\":\"https:\/\/webmail.meusitejuridico.com.br\/s.meusitejuridico\/2022\/03\/cropped-baeec2a3-msj-02-01-01.png\",\"contentUrl\":\"https:\/\/webmail.meusitejuridico.com.br\/s.meusitejuridico\/2022\/03\/cropped-baeec2a3-msj-02-01-01.png\",\"width\":349,\"height\":243,\"caption\":\"Meu site jur\u00eddico\"},\"image\":{\"@id\":\"https:\/\/meusitejuridico.editorajuspodivm.com.br\/#\/schema\/logo\/image\/\"}},{\"@type\":\"Person\",\"@id\":\"https:\/\/meusitejuridico.editorajuspodivm.com.br\/#\/schema\/person\/ae56313f17950dccef13d0989efd6d50\",\"name\":\"Rodrigo Leite\",\"image\":{\"@type\":\"ImageObject\",\"inLanguage\":\"pt-BR\",\"@id\":\"https:\/\/meusitejuridico.editorajuspodivm.com.br\/#\/schema\/person\/image\/\",\"url\":\"https:\/\/webmail.meusitejuridico.com.br\/s.meusitejuridico\/2021\/05\/8455192b-foto-site-rodrigo-leite-150x150.jpeg\",\"contentUrl\":\"https:\/\/webmail.meusitejuridico.com.br\/s.meusitejuridico\/2021\/05\/8455192b-foto-site-rodrigo-leite-150x150.jpeg\",\"caption\":\"Rodrigo Leite\"},\"description\":\"Coautor do livro \u201cAn\u00e1lise das Diverg\u00eancias Jurisprudenciais no STF e STJ\u201d, Editora Juspodivm. Autor do livro \u201cTombamento \u2013 Vol. 36 \u2013 Cole\u00e7\u00e3o Leis Especiais para Concursos\u201d, Editora Juspodivm. Autor do livro \u201cDesapropria\u00e7\u00e3o \u2013 Vol. 39 \u2013 Cole\u00e7\u00e3o Especiais para Concursos\u201d, Editora Juspodivm. Coautor do livro \u201cSaberes Jurisprudenciais\u201d, Editora Saraiva. Coorganizador do livro \u201cCPC na Jurisprud\u00eancia\\\", Editora Foco. Especialista em Direito P\u00fablico e Direito Processual Civil. Mestre em Direito Constitucional. Professor da P\u00f3s-gradua\u00e7\u00e3o em Direito Civil da Rede Anhaguera-Kroton. M\u00e1ster Universit\u00e1rio em Direito Constitucional pela Universidad Del Pa\u00eds Vasco, San Sebasti\u00e1n, Espanha. Advogado licenciado. Analista Judici\u00e1rio do TJRN. Assessor de Desembargador do TJRN.\",\"sameAs\":[\"https:\/\/www.editorajuspodivm.com.br\/autores\/detalhe\/85\",\"https:\/\/www.instagram.com\/rodrigocrleite\/\",\"https:\/\/x.com\/rodrigocrleite\"],\"url\":\"https:\/\/webmail.meusitejuridico.com.br\/author\/rodrigoleiterodrigoleite\/\"}]}<\/script>\n<!-- \/ Yoast SEO plugin. -->","yoast_head_json":{"title":"Resumo - Informativos 790 e 791 do STJ - Meu site jur\u00eddico","robots":{"index":"index","follow":"follow","max-snippet":"max-snippet:-1","max-image-preview":"max-image-preview:large","max-video-preview":"max-video-preview:-1"},"canonical":"https:\/\/meusitejuridico.com.br\/2023\/10\/30\/resumo-informativos-790-e-791-do-stj\/","og_locale":"pt_BR","og_type":"article","og_title":"Resumo - Informativos 790 e 791 do STJ - Meu site jur\u00eddico","og_description":"Informativo 790 do STJ, de 10 de outubro de 2023 CORTE ESPECIAL &#8211; Compete \u00e0s turmas que comp\u00f5em a Primeira Se\u00e7\u00e3o do STJ o julgamento de quest\u00f5es que envolvam os contratos de m\u00fatuo habitacional que impliquem comprometimento do Fundo de Compensa\u00e7\u00e3o das Varia\u00e7\u00f5es Salariais \u2013 FCVS &#8211; CC 148.188-DF, julgado em 4\/10\/2023. TERCEIRA SE\u00c7\u00c3O &#8211; [&hellip;]","og_url":"https:\/\/meusitejuridico.com.br\/2023\/10\/30\/resumo-informativos-790-e-791-do-stj\/","og_site_name":"Meu site jur\u00eddico","article_published_time":"2023-10-30T09:23:19+00:00","article_modified_time":"2023-10-30T09:23:20+00:00","og_image":[{"width":1000,"height":639,"url":"https:\/\/meusitejuridico.com.br\/s.meusitejuridico\/2018\/06\/0c51e248-shutterstock-550700641.jpg","type":"image\/jpeg"}],"author":"Rodrigo Leite","twitter_card":"summary_large_image","twitter_creator":"@rodrigocrleite","twitter_misc":{"Escrito por":"Rodrigo Leite","Est. tempo de leitura":"7 minutos"},"schema":{"@context":"https:\/\/schema.org","@graph":[{"@type":"Article","@id":"https:\/\/meusitejuridico.com.br\/2023\/10\/30\/resumo-informativos-790-e-791-do-stj\/#article","isPartOf":{"@id":"https:\/\/meusitejuridico.com.br\/2023\/10\/30\/resumo-informativos-790-e-791-do-stj\/"},"author":{"name":"Rodrigo Leite","@id":"https:\/\/meusitejuridico.editorajuspodivm.com.br\/#\/schema\/person\/ae56313f17950dccef13d0989efd6d50"},"headline":"Resumo &#8211; Informativos 790 e 791 do STJ","datePublished":"2023-10-30T09:23:19+00:00","dateModified":"2023-10-30T09:23:20+00:00","mainEntityOfPage":{"@id":"https:\/\/meusitejuridico.com.br\/2023\/10\/30\/resumo-informativos-790-e-791-do-stj\/"},"wordCount":1608,"commentCount":0,"publisher":{"@id":"https:\/\/meusitejuridico.editorajuspodivm.com.br\/#organization"},"image":{"@id":"https:\/\/meusitejuridico.com.br\/2023\/10\/30\/resumo-informativos-790-e-791-do-stj\/#primaryimage"},"thumbnailUrl":"https:\/\/webmail.meusitejuridico.com.br\/s.meusitejuridico\/2018\/06\/0c51e248-shutterstock-550700641.jpg","articleSection":["Informativos"],"inLanguage":"pt-BR","potentialAction":[{"@type":"CommentAction","name":"Comment","target":["https:\/\/meusitejuridico.com.br\/2023\/10\/30\/resumo-informativos-790-e-791-do-stj\/#respond"]}]},{"@type":"WebPage","@id":"https:\/\/meusitejuridico.com.br\/2023\/10\/30\/resumo-informativos-790-e-791-do-stj\/","url":"https:\/\/meusitejuridico.com.br\/2023\/10\/30\/resumo-informativos-790-e-791-do-stj\/","name":"Resumo - Informativos 790 e 791 do STJ - Meu site jur\u00eddico","isPartOf":{"@id":"https:\/\/meusitejuridico.editorajuspodivm.com.br\/#website"},"primaryImageOfPage":{"@id":"https:\/\/meusitejuridico.com.br\/2023\/10\/30\/resumo-informativos-790-e-791-do-stj\/#primaryimage"},"image":{"@id":"https:\/\/meusitejuridico.com.br\/2023\/10\/30\/resumo-informativos-790-e-791-do-stj\/#primaryimage"},"thumbnailUrl":"https:\/\/webmail.meusitejuridico.com.br\/s.meusitejuridico\/2018\/06\/0c51e248-shutterstock-550700641.jpg","datePublished":"2023-10-30T09:23:19+00:00","dateModified":"2023-10-30T09:23:20+00:00","breadcrumb":{"@id":"https:\/\/meusitejuridico.com.br\/2023\/10\/30\/resumo-informativos-790-e-791-do-stj\/#breadcrumb"},"inLanguage":"pt-BR","potentialAction":[{"@type":"ReadAction","target":["https:\/\/meusitejuridico.com.br\/2023\/10\/30\/resumo-informativos-790-e-791-do-stj\/"]}]},{"@type":"ImageObject","inLanguage":"pt-BR","@id":"https:\/\/meusitejuridico.com.br\/2023\/10\/30\/resumo-informativos-790-e-791-do-stj\/#primaryimage","url":"https:\/\/webmail.meusitejuridico.com.br\/s.meusitejuridico\/2018\/06\/0c51e248-shutterstock-550700641.jpg","contentUrl":"https:\/\/webmail.meusitejuridico.com.br\/s.meusitejuridico\/2018\/06\/0c51e248-shutterstock-550700641.jpg","width":1000,"height":639},{"@type":"BreadcrumbList","@id":"https:\/\/meusitejuridico.com.br\/2023\/10\/30\/resumo-informativos-790-e-791-do-stj\/#breadcrumb","itemListElement":[{"@type":"ListItem","position":1,"name":"In\u00edcio","item":"https:\/\/meusitejuridico.editorajuspodivm.com.br\/"},{"@type":"ListItem","position":2,"name":"Resumo &#8211; Informativos 790 e 791 do STJ"}]},{"@type":"WebSite","@id":"https:\/\/meusitejuridico.editorajuspodivm.com.br\/#website","url":"https:\/\/meusitejuridico.editorajuspodivm.com.br\/","name":"Meu site jur\u00eddico","description":"Meu site jur\u00eddico","publisher":{"@id":"https:\/\/meusitejuridico.editorajuspodivm.com.br\/#organization"},"potentialAction":[{"@type":"SearchAction","target":{"@type":"EntryPoint","urlTemplate":"https:\/\/meusitejuridico.editorajuspodivm.com.br\/?s={search_term_string}"},"query-input":{"@type":"PropertyValueSpecification","valueRequired":true,"valueName":"search_term_string"}}],"inLanguage":"pt-BR"},{"@type":"Organization","@id":"https:\/\/meusitejuridico.editorajuspodivm.com.br\/#organization","name":"Meu site jur\u00eddico","url":"https:\/\/meusitejuridico.editorajuspodivm.com.br\/","logo":{"@type":"ImageObject","inLanguage":"pt-BR","@id":"https:\/\/meusitejuridico.editorajuspodivm.com.br\/#\/schema\/logo\/image\/","url":"https:\/\/webmail.meusitejuridico.com.br\/s.meusitejuridico\/2022\/03\/cropped-baeec2a3-msj-02-01-01.png","contentUrl":"https:\/\/webmail.meusitejuridico.com.br\/s.meusitejuridico\/2022\/03\/cropped-baeec2a3-msj-02-01-01.png","width":349,"height":243,"caption":"Meu site jur\u00eddico"},"image":{"@id":"https:\/\/meusitejuridico.editorajuspodivm.com.br\/#\/schema\/logo\/image\/"}},{"@type":"Person","@id":"https:\/\/meusitejuridico.editorajuspodivm.com.br\/#\/schema\/person\/ae56313f17950dccef13d0989efd6d50","name":"Rodrigo Leite","image":{"@type":"ImageObject","inLanguage":"pt-BR","@id":"https:\/\/meusitejuridico.editorajuspodivm.com.br\/#\/schema\/person\/image\/","url":"https:\/\/webmail.meusitejuridico.com.br\/s.meusitejuridico\/2021\/05\/8455192b-foto-site-rodrigo-leite-150x150.jpeg","contentUrl":"https:\/\/webmail.meusitejuridico.com.br\/s.meusitejuridico\/2021\/05\/8455192b-foto-site-rodrigo-leite-150x150.jpeg","caption":"Rodrigo Leite"},"description":"Coautor do livro \u201cAn\u00e1lise das Diverg\u00eancias Jurisprudenciais no STF e STJ\u201d, Editora Juspodivm. Autor do livro \u201cTombamento \u2013 Vol. 36 \u2013 Cole\u00e7\u00e3o Leis Especiais para Concursos\u201d, Editora Juspodivm. Autor do livro \u201cDesapropria\u00e7\u00e3o \u2013 Vol. 39 \u2013 Cole\u00e7\u00e3o Especiais para Concursos\u201d, Editora Juspodivm. Coautor do livro \u201cSaberes Jurisprudenciais\u201d, Editora Saraiva. Coorganizador do livro \u201cCPC na Jurisprud\u00eancia\", Editora Foco. Especialista em Direito P\u00fablico e Direito Processual Civil. Mestre em Direito Constitucional. Professor da P\u00f3s-gradua\u00e7\u00e3o em Direito Civil da Rede Anhaguera-Kroton. M\u00e1ster Universit\u00e1rio em Direito Constitucional pela Universidad Del Pa\u00eds Vasco, San Sebasti\u00e1n, Espanha. Advogado licenciado. Analista Judici\u00e1rio do TJRN. Assessor de Desembargador do TJRN.","sameAs":["https:\/\/www.editorajuspodivm.com.br\/autores\/detalhe\/85","https:\/\/www.instagram.com\/rodrigocrleite\/","https:\/\/x.com\/rodrigocrleite"],"url":"https:\/\/webmail.meusitejuridico.com.br\/author\/rodrigoleiterodrigoleite\/"}]}},"_links":{"self":[{"href":"https:\/\/webmail.meusitejuridico.com.br\/api\/wp\/v2\/posts\/19254","targetHints":{"allow":["GET"]}}],"collection":[{"href":"https:\/\/webmail.meusitejuridico.com.br\/api\/wp\/v2\/posts"}],"about":[{"href":"https:\/\/webmail.meusitejuridico.com.br\/api\/wp\/v2\/types\/post"}],"author":[{"embeddable":true,"href":"https:\/\/webmail.meusitejuridico.com.br\/api\/wp\/v2\/users\/131"}],"replies":[{"embeddable":true,"href":"https:\/\/webmail.meusitejuridico.com.br\/api\/wp\/v2\/comments?post=19254"}],"version-history":[{"count":2,"href":"https:\/\/webmail.meusitejuridico.com.br\/api\/wp\/v2\/posts\/19254\/revisions"}],"predecessor-version":[{"id":19256,"href":"https:\/\/webmail.meusitejuridico.com.br\/api\/wp\/v2\/posts\/19254\/revisions\/19256"}],"wp:featuredmedia":[{"embeddable":true,"href":"https:\/\/webmail.meusitejuridico.com.br\/api\/wp\/v2\/media\/5711"}],"wp:attachment":[{"href":"https:\/\/webmail.meusitejuridico.com.br\/api\/wp\/v2\/media?parent=19254"}],"wp:term":[{"taxonomy":"category","embeddable":true,"href":"https:\/\/webmail.meusitejuridico.com.br\/api\/wp\/v2\/categories?post=19254"},{"taxonomy":"post_tag","embeddable":true,"href":"https:\/\/webmail.meusitejuridico.com.br\/api\/wp\/v2\/tags?post=19254"}],"curies":[{"name":"wp","href":"https:\/\/api.w.org\/{rel}","templated":true}]}}