{"id":19252,"date":"2023-10-30T06:20:52","date_gmt":"2023-10-30T09:20:52","guid":{"rendered":"https:\/\/meusitejuridico.editorajuspodivm.com.br\/?p=19252"},"modified":"2023-10-30T06:20:53","modified_gmt":"2023-10-30T09:20:53","slug":"resumo-informativos-1-111-e-1-112-do-stf","status":"publish","type":"post","link":"https:\/\/webmail.meusitejuridico.com.br\/2023\/10\/30\/resumo-informativos-1-111-e-1-112-do-stf\/","title":{"rendered":"Resumo &#8211; Informativos 1.111 e 1.112 do STF"},"content":{"rendered":"\n<p><strong>Informativo 1.111 do STF, de 13 de outubro de 2023<\/strong><\/p>\n\n\n\n<p><strong>PLEN\u00c1RIO<\/strong><\/p>\n\n\n\n<p>&#8211; A situa\u00e7\u00e3o de grave viola\u00e7\u00e3o em massa de direitos fundamentais dos presos enseja o reconhecimento de um estado de coisas inconstitucional do sistema prisional brasileiro. A supera\u00e7\u00e3o desse problema de natureza estrutural exige do Poder P\u00fablico a elabora\u00e7\u00e3o de um plano nacional e de planos locais que prevejam um conjunto de medidas e a participa\u00e7\u00e3o de diversas autoridades e entidades da sociedade \u2013 <strong>ADPF 347\/DF<\/strong>, julgamento virtual finalizado em 4\/10\/2023.<\/p>\n\n\n\n<p>&#8211; Dada a preval\u00eancia da prote\u00e7\u00e3o constitucional \u00e0 maternidade e \u00e0 inf\u00e2ncia, a gestante contratada pela Administra\u00e7\u00e3o P\u00fablica por prazo determinado ou ocupante de cargo em comiss\u00e3o tamb\u00e9m possui direito \u00e0 licen\u00e7a-maternidade de 120 dias e \u00e0 estabilidade provis\u00f3ria, desde a confirma\u00e7\u00e3o da gravidez at\u00e9 5 meses ap\u00f3s o parto <strong>\u2013 RE 842.844\/SC<\/strong>, julgamento finalizado em 5\/10\/2023, Tema 542.<\/p>\n\n\n\n<p>&#8211; Pendente a edi\u00e7\u00e3o da lei complementar federal que assinale o prazo permitido para a cria\u00e7\u00e3o e altera\u00e7\u00e3o de munic\u00edpios (CF\/1988, art. 18, \u00a7 4\u00ba, na reda\u00e7\u00e3o dada pela EC 15\/1996), os estados est\u00e3o impedidos de editar normas que disciplinem a mat\u00e9ria e permitam surgimento de novos entes locais, ressalvada a hip\u00f3tese de convalida\u00e7\u00e3o do art. 96 do ADCT \u2013 <strong>ADPF 819\/MT<\/strong>, julgamento virtual finalizado em 6\/10\/2023.<\/p>\n\n\n\n<p>&#8211; \u00c9 inconstitucional \u2014 por invadir a compet\u00eancia da Uni\u00e3o privativa para legislar sobre telecomunica\u00e7\u00f5es (CF\/1988, art. 22, IV) e exclusiva para definir a forma e o modo da explora\u00e7\u00e3o desses servi\u00e7os (CF\/1988, art. 21, XI c\/c o art. 175) \u2014 lei estadual que assegura ao consumidor de servi\u00e7o m\u00f3vel de telefonia o direito de funcionalidade e acesso de dados em passagens subterr\u00e2neas de tr\u00e2nsito em qualquer modalidade de transporte utilizada \u2013 <strong>ADI 7404\/RJ<\/strong>, julgamento virtual finalizado em 6\/10\/2023.<\/p>\n\n\n\n<p>&#8211; \u00c9 poss\u00edvel a nomea\u00e7\u00e3o e a posse de condenado criminalmente, de forma definitiva, devidamente aprovado em concurso p\u00fablico, desde que haja compatibilidade entre o cargo a ser exercido e a infra\u00e7\u00e3o penal cometida, sendo que o efetivo exerc\u00edcio depender\u00e1 do regime de cumprimento da pena e da inexist\u00eancia de conflito de hor\u00e1rios com a jornada de trabalho \u2013 <strong>RE 1.282.553\/RR<\/strong>, julgamento finalizado em 4\/10\/2023, Tema 1190.<\/p>\n\n\n\n<p>&#8211; \u00c9 constitucional a incid\u00eancia do IOF sobre opera\u00e7\u00f5es de cr\u00e9dito correspondentes a m\u00fatuo de recursos financeiros entre pessoas jur\u00eddicas ou entre pessoa jur\u00eddica e pessoa f\u00edsica, n\u00e3o se restringindo \u00e0s opera\u00e7\u00f5es realizadas por institui\u00e7\u00f5es financeiras \u2013 <strong>RE 590.186\/RS<\/strong>, julgamento virtual finalizado em 6\/10\/2023, Tema 104.<\/p>\n\n\n\n<p><\/p>\n\n\n\n<p><strong>Informativo 1.112 do STF, de 20 de outubro de 2023<\/strong><\/p>\n\n\n\n<p><strong>PLEN\u00c1RIO<\/strong><\/p>\n\n\n\n<p>&#8211; \u00c9 inconstitucional \u2014 por limitar o poder de iniciativa do chefe do Poder Executivo (CF\/1988, art. 61, \u00a7 1\u00ba, II, \u201cb\u201d c\/c o art. 165, III) \u2014 lei estadual que obriga a inclus\u00e3o, na lei or\u00e7ament\u00e1ria anual, das escolhas manifestadas pela popula\u00e7\u00e3o, em consulta direta, no que diz respeito \u00e0 destina\u00e7\u00e3o de parcela voltada a investimentos de interesses regional e municipal \u2013 <strong>ADI 2037\/RS<\/strong>, julgamento virtual finalizado em 29\/9\/2023.<\/p>\n\n\n\n<p>&#8211; \u00c9 inconstitucional \u2014 por invadir a compet\u00eancia da Uni\u00e3o privativa para legislar sobre telecomunica\u00e7\u00f5es (CF\/1988, art. 22, IV) e exclusiva para definir a forma e o modo da explora\u00e7\u00e3o desses servi\u00e7os (CF\/1988, art. 21, XI c\/c o art. 175) \u2014 legisla\u00e7\u00e3o municipal que estabelece a obrigatoriedade de condicionantes para a instala\u00e7\u00e3o e o funcionamento de antenas, postes, torres, cont\u00eaineres e demais equipamentos relacionados \u00e0s Esta\u00e7\u00f5es Transmissoras de Radiocomunica\u00e7\u00e3o (ETR) \u2013 <strong>ADPF 1063\/SP<\/strong>, julgamento virtual finalizado em 17\/10\/2023.<\/p>\n\n\n\n<p>&#8211; \u00c9 constitucional lei estadual que institui fundo at\u00edpico com a finalidade de promover o equil\u00edbrio fiscal da respectiva unidade federada, desde que suas receitas possuam destina\u00e7\u00e3o gen\u00e9rica, podendo atender a quaisquer demandas \u2013 <strong>ADI 5635\/DF<\/strong>, julgamento virtual finalizado em 17\/10\/2023.<\/p>\n\n\n\n<p>_____________________<\/p>\n\n\n\n<p><strong>Telegram<\/strong>:<strong>&nbsp;<\/strong><a href=\"https:\/\/t.me\/pilulasjuridicasSTFSTJ\" target=\"_blank\" rel=\"noreferrer noopener\"><strong>https:\/\/t.me\/pilulasjuridicasSTFSTJ<\/strong><\/a><strong>&nbsp;| Instagram: @rodrigocrleite<\/strong><\/p>\n","protected":false},"excerpt":{"rendered":"<p>Informativo 1.111 do STF, de 13 de outubro de 2023 PLEN\u00c1RIO &#8211; A situa\u00e7\u00e3o de grave viola\u00e7\u00e3o em massa de direitos fundamentais dos presos enseja o reconhecimento de um estado de coisas inconstitucional do sistema prisional brasileiro. A supera\u00e7\u00e3o desse problema de natureza estrutural exige do Poder P\u00fablico a elabora\u00e7\u00e3o de um plano nacional e [&hellip;]<\/p>\n","protected":false},"author":131,"featured_media":5612,"comment_status":"open","ping_status":"open","sticky":false,"template":"","format":"standard","meta":{"_acf_changed":false,"footnotes":""},"categories":[70],"tags":[],"class_list":["post-19252","post","type-post","status-publish","format-standard","has-post-thumbnail","hentry","category-informativos-comentados"],"acf":[],"yoast_head":"<!-- This site is optimized with the Yoast SEO plugin v24.8.1 - https:\/\/yoast.com\/wordpress\/plugins\/seo\/ -->\n<title>Resumo - Informativos 1.111 e 1.112 do STF - Meu site jur\u00eddico<\/title>\n<meta name=\"robots\" content=\"index, follow, max-snippet:-1, max-image-preview:large, max-video-preview:-1\" \/>\n<link rel=\"canonical\" href=\"https:\/\/meusitejuridico.com.br\/2023\/10\/30\/resumo-informativos-1-111-e-1-112-do-stf\/\" \/>\n<meta property=\"og:locale\" content=\"pt_BR\" \/>\n<meta property=\"og:type\" content=\"article\" \/>\n<meta property=\"og:title\" content=\"Resumo - Informativos 1.111 e 1.112 do STF - Meu site jur\u00eddico\" \/>\n<meta property=\"og:description\" content=\"Informativo 1.111 do STF, de 13 de outubro de 2023 PLEN\u00c1RIO &#8211; A situa\u00e7\u00e3o de grave viola\u00e7\u00e3o em massa de direitos fundamentais dos presos enseja o reconhecimento de um estado de coisas inconstitucional do sistema prisional brasileiro. A supera\u00e7\u00e3o desse problema de natureza estrutural exige do Poder P\u00fablico a elabora\u00e7\u00e3o de um plano nacional e [&hellip;]\" \/>\n<meta property=\"og:url\" content=\"https:\/\/meusitejuridico.com.br\/2023\/10\/30\/resumo-informativos-1-111-e-1-112-do-stf\/\" \/>\n<meta property=\"og:site_name\" content=\"Meu site jur\u00eddico\" \/>\n<meta property=\"article:published_time\" content=\"2023-10-30T09:20:52+00:00\" \/>\n<meta property=\"article:modified_time\" content=\"2023-10-30T09:20:53+00:00\" \/>\n<meta property=\"og:image\" content=\"https:\/\/meusitejuridico.com.br\/s.meusitejuridico\/2018\/06\/e59f0f60-shutterstock-306118964.jpg\" \/>\n\t<meta property=\"og:image:width\" content=\"1000\" \/>\n\t<meta property=\"og:image:height\" content=\"667\" \/>\n\t<meta property=\"og:image:type\" content=\"image\/jpeg\" \/>\n<meta name=\"author\" content=\"Rodrigo Leite\" \/>\n<meta name=\"twitter:card\" content=\"summary_large_image\" \/>\n<meta name=\"twitter:creator\" content=\"@rodrigocrleite\" \/>\n<meta name=\"twitter:label1\" content=\"Escrito por\" \/>\n\t<meta name=\"twitter:data1\" content=\"Rodrigo Leite\" \/>\n\t<meta name=\"twitter:label2\" content=\"Est. tempo de leitura\" \/>\n\t<meta name=\"twitter:data2\" content=\"3 minutos\" \/>\n<script type=\"application\/ld+json\" class=\"yoast-schema-graph\">{\"@context\":\"https:\/\/schema.org\",\"@graph\":[{\"@type\":\"Article\",\"@id\":\"https:\/\/meusitejuridico.com.br\/2023\/10\/30\/resumo-informativos-1-111-e-1-112-do-stf\/#article\",\"isPartOf\":{\"@id\":\"https:\/\/meusitejuridico.com.br\/2023\/10\/30\/resumo-informativos-1-111-e-1-112-do-stf\/\"},\"author\":{\"name\":\"Rodrigo Leite\",\"@id\":\"https:\/\/meusitejuridico.editorajuspodivm.com.br\/#\/schema\/person\/ae56313f17950dccef13d0989efd6d50\"},\"headline\":\"Resumo &#8211; Informativos 1.111 e 1.112 do STF\",\"datePublished\":\"2023-10-30T09:20:52+00:00\",\"dateModified\":\"2023-10-30T09:20:53+00:00\",\"mainEntityOfPage\":{\"@id\":\"https:\/\/meusitejuridico.com.br\/2023\/10\/30\/resumo-informativos-1-111-e-1-112-do-stf\/\"},\"wordCount\":630,\"commentCount\":0,\"publisher\":{\"@id\":\"https:\/\/meusitejuridico.editorajuspodivm.com.br\/#organization\"},\"image\":{\"@id\":\"https:\/\/meusitejuridico.com.br\/2023\/10\/30\/resumo-informativos-1-111-e-1-112-do-stf\/#primaryimage\"},\"thumbnailUrl\":\"https:\/\/webmail.meusitejuridico.com.br\/s.meusitejuridico\/2018\/06\/e59f0f60-shutterstock-306118964.jpg\",\"articleSection\":[\"Informativos\"],\"inLanguage\":\"pt-BR\",\"potentialAction\":[{\"@type\":\"CommentAction\",\"name\":\"Comment\",\"target\":[\"https:\/\/meusitejuridico.com.br\/2023\/10\/30\/resumo-informativos-1-111-e-1-112-do-stf\/#respond\"]}]},{\"@type\":\"WebPage\",\"@id\":\"https:\/\/meusitejuridico.com.br\/2023\/10\/30\/resumo-informativos-1-111-e-1-112-do-stf\/\",\"url\":\"https:\/\/meusitejuridico.com.br\/2023\/10\/30\/resumo-informativos-1-111-e-1-112-do-stf\/\",\"name\":\"Resumo - Informativos 1.111 e 1.112 do STF - Meu site jur\u00eddico\",\"isPartOf\":{\"@id\":\"https:\/\/meusitejuridico.editorajuspodivm.com.br\/#website\"},\"primaryImageOfPage\":{\"@id\":\"https:\/\/meusitejuridico.com.br\/2023\/10\/30\/resumo-informativos-1-111-e-1-112-do-stf\/#primaryimage\"},\"image\":{\"@id\":\"https:\/\/meusitejuridico.com.br\/2023\/10\/30\/resumo-informativos-1-111-e-1-112-do-stf\/#primaryimage\"},\"thumbnailUrl\":\"https:\/\/webmail.meusitejuridico.com.br\/s.meusitejuridico\/2018\/06\/e59f0f60-shutterstock-306118964.jpg\",\"datePublished\":\"2023-10-30T09:20:52+00:00\",\"dateModified\":\"2023-10-30T09:20:53+00:00\",\"breadcrumb\":{\"@id\":\"https:\/\/meusitejuridico.com.br\/2023\/10\/30\/resumo-informativos-1-111-e-1-112-do-stf\/#breadcrumb\"},\"inLanguage\":\"pt-BR\",\"potentialAction\":[{\"@type\":\"ReadAction\",\"target\":[\"https:\/\/meusitejuridico.com.br\/2023\/10\/30\/resumo-informativos-1-111-e-1-112-do-stf\/\"]}]},{\"@type\":\"ImageObject\",\"inLanguage\":\"pt-BR\",\"@id\":\"https:\/\/meusitejuridico.com.br\/2023\/10\/30\/resumo-informativos-1-111-e-1-112-do-stf\/#primaryimage\",\"url\":\"https:\/\/webmail.meusitejuridico.com.br\/s.meusitejuridico\/2018\/06\/e59f0f60-shutterstock-306118964.jpg\",\"contentUrl\":\"https:\/\/webmail.meusitejuridico.com.br\/s.meusitejuridico\/2018\/06\/e59f0f60-shutterstock-306118964.jpg\",\"width\":1000,\"height\":667},{\"@type\":\"BreadcrumbList\",\"@id\":\"https:\/\/meusitejuridico.com.br\/2023\/10\/30\/resumo-informativos-1-111-e-1-112-do-stf\/#breadcrumb\",\"itemListElement\":[{\"@type\":\"ListItem\",\"position\":1,\"name\":\"In\u00edcio\",\"item\":\"https:\/\/meusitejuridico.editorajuspodivm.com.br\/\"},{\"@type\":\"ListItem\",\"position\":2,\"name\":\"Resumo &#8211; Informativos 1.111 e 1.112 do STF\"}]},{\"@type\":\"WebSite\",\"@id\":\"https:\/\/meusitejuridico.editorajuspodivm.com.br\/#website\",\"url\":\"https:\/\/meusitejuridico.editorajuspodivm.com.br\/\",\"name\":\"Meu site jur\u00eddico\",\"description\":\"Meu site jur\u00eddico\",\"publisher\":{\"@id\":\"https:\/\/meusitejuridico.editorajuspodivm.com.br\/#organization\"},\"potentialAction\":[{\"@type\":\"SearchAction\",\"target\":{\"@type\":\"EntryPoint\",\"urlTemplate\":\"https:\/\/meusitejuridico.editorajuspodivm.com.br\/?s={search_term_string}\"},\"query-input\":{\"@type\":\"PropertyValueSpecification\",\"valueRequired\":true,\"valueName\":\"search_term_string\"}}],\"inLanguage\":\"pt-BR\"},{\"@type\":\"Organization\",\"@id\":\"https:\/\/meusitejuridico.editorajuspodivm.com.br\/#organization\",\"name\":\"Meu site jur\u00eddico\",\"url\":\"https:\/\/meusitejuridico.editorajuspodivm.com.br\/\",\"logo\":{\"@type\":\"ImageObject\",\"inLanguage\":\"pt-BR\",\"@id\":\"https:\/\/meusitejuridico.editorajuspodivm.com.br\/#\/schema\/logo\/image\/\",\"url\":\"https:\/\/webmail.meusitejuridico.com.br\/s.meusitejuridico\/2022\/03\/cropped-baeec2a3-msj-02-01-01.png\",\"contentUrl\":\"https:\/\/webmail.meusitejuridico.com.br\/s.meusitejuridico\/2022\/03\/cropped-baeec2a3-msj-02-01-01.png\",\"width\":349,\"height\":243,\"caption\":\"Meu site jur\u00eddico\"},\"image\":{\"@id\":\"https:\/\/meusitejuridico.editorajuspodivm.com.br\/#\/schema\/logo\/image\/\"}},{\"@type\":\"Person\",\"@id\":\"https:\/\/meusitejuridico.editorajuspodivm.com.br\/#\/schema\/person\/ae56313f17950dccef13d0989efd6d50\",\"name\":\"Rodrigo Leite\",\"image\":{\"@type\":\"ImageObject\",\"inLanguage\":\"pt-BR\",\"@id\":\"https:\/\/meusitejuridico.editorajuspodivm.com.br\/#\/schema\/person\/image\/\",\"url\":\"https:\/\/webmail.meusitejuridico.com.br\/s.meusitejuridico\/2021\/05\/8455192b-foto-site-rodrigo-leite-150x150.jpeg\",\"contentUrl\":\"https:\/\/webmail.meusitejuridico.com.br\/s.meusitejuridico\/2021\/05\/8455192b-foto-site-rodrigo-leite-150x150.jpeg\",\"caption\":\"Rodrigo Leite\"},\"description\":\"Coautor do livro \u201cAn\u00e1lise das Diverg\u00eancias Jurisprudenciais no STF e STJ\u201d, Editora Juspodivm. Autor do livro \u201cTombamento \u2013 Vol. 36 \u2013 Cole\u00e7\u00e3o Leis Especiais para Concursos\u201d, Editora Juspodivm. Autor do livro \u201cDesapropria\u00e7\u00e3o \u2013 Vol. 39 \u2013 Cole\u00e7\u00e3o Especiais para Concursos\u201d, Editora Juspodivm. Coautor do livro \u201cSaberes Jurisprudenciais\u201d, Editora Saraiva. Coorganizador do livro \u201cCPC na Jurisprud\u00eancia\\\", Editora Foco. Especialista em Direito P\u00fablico e Direito Processual Civil. Mestre em Direito Constitucional. Professor da P\u00f3s-gradua\u00e7\u00e3o em Direito Civil da Rede Anhaguera-Kroton. M\u00e1ster Universit\u00e1rio em Direito Constitucional pela Universidad Del Pa\u00eds Vasco, San Sebasti\u00e1n, Espanha. Advogado licenciado. Analista Judici\u00e1rio do TJRN. Assessor de Desembargador do TJRN.\",\"sameAs\":[\"https:\/\/www.editorajuspodivm.com.br\/autores\/detalhe\/85\",\"https:\/\/www.instagram.com\/rodrigocrleite\/\",\"https:\/\/x.com\/rodrigocrleite\"],\"url\":\"https:\/\/webmail.meusitejuridico.com.br\/author\/rodrigoleiterodrigoleite\/\"}]}<\/script>\n<!-- \/ Yoast SEO plugin. -->","yoast_head_json":{"title":"Resumo - Informativos 1.111 e 1.112 do STF - Meu site jur\u00eddico","robots":{"index":"index","follow":"follow","max-snippet":"max-snippet:-1","max-image-preview":"max-image-preview:large","max-video-preview":"max-video-preview:-1"},"canonical":"https:\/\/meusitejuridico.com.br\/2023\/10\/30\/resumo-informativos-1-111-e-1-112-do-stf\/","og_locale":"pt_BR","og_type":"article","og_title":"Resumo - Informativos 1.111 e 1.112 do STF - Meu site jur\u00eddico","og_description":"Informativo 1.111 do STF, de 13 de outubro de 2023 PLEN\u00c1RIO &#8211; A situa\u00e7\u00e3o de grave viola\u00e7\u00e3o em massa de direitos fundamentais dos presos enseja o reconhecimento de um estado de coisas inconstitucional do sistema prisional brasileiro. A supera\u00e7\u00e3o desse problema de natureza estrutural exige do Poder P\u00fablico a elabora\u00e7\u00e3o de um plano nacional e [&hellip;]","og_url":"https:\/\/meusitejuridico.com.br\/2023\/10\/30\/resumo-informativos-1-111-e-1-112-do-stf\/","og_site_name":"Meu site jur\u00eddico","article_published_time":"2023-10-30T09:20:52+00:00","article_modified_time":"2023-10-30T09:20:53+00:00","og_image":[{"width":1000,"height":667,"url":"https:\/\/meusitejuridico.com.br\/s.meusitejuridico\/2018\/06\/e59f0f60-shutterstock-306118964.jpg","type":"image\/jpeg"}],"author":"Rodrigo Leite","twitter_card":"summary_large_image","twitter_creator":"@rodrigocrleite","twitter_misc":{"Escrito por":"Rodrigo Leite","Est. tempo de leitura":"3 minutos"},"schema":{"@context":"https:\/\/schema.org","@graph":[{"@type":"Article","@id":"https:\/\/meusitejuridico.com.br\/2023\/10\/30\/resumo-informativos-1-111-e-1-112-do-stf\/#article","isPartOf":{"@id":"https:\/\/meusitejuridico.com.br\/2023\/10\/30\/resumo-informativos-1-111-e-1-112-do-stf\/"},"author":{"name":"Rodrigo Leite","@id":"https:\/\/meusitejuridico.editorajuspodivm.com.br\/#\/schema\/person\/ae56313f17950dccef13d0989efd6d50"},"headline":"Resumo &#8211; Informativos 1.111 e 1.112 do STF","datePublished":"2023-10-30T09:20:52+00:00","dateModified":"2023-10-30T09:20:53+00:00","mainEntityOfPage":{"@id":"https:\/\/meusitejuridico.com.br\/2023\/10\/30\/resumo-informativos-1-111-e-1-112-do-stf\/"},"wordCount":630,"commentCount":0,"publisher":{"@id":"https:\/\/meusitejuridico.editorajuspodivm.com.br\/#organization"},"image":{"@id":"https:\/\/meusitejuridico.com.br\/2023\/10\/30\/resumo-informativos-1-111-e-1-112-do-stf\/#primaryimage"},"thumbnailUrl":"https:\/\/webmail.meusitejuridico.com.br\/s.meusitejuridico\/2018\/06\/e59f0f60-shutterstock-306118964.jpg","articleSection":["Informativos"],"inLanguage":"pt-BR","potentialAction":[{"@type":"CommentAction","name":"Comment","target":["https:\/\/meusitejuridico.com.br\/2023\/10\/30\/resumo-informativos-1-111-e-1-112-do-stf\/#respond"]}]},{"@type":"WebPage","@id":"https:\/\/meusitejuridico.com.br\/2023\/10\/30\/resumo-informativos-1-111-e-1-112-do-stf\/","url":"https:\/\/meusitejuridico.com.br\/2023\/10\/30\/resumo-informativos-1-111-e-1-112-do-stf\/","name":"Resumo - Informativos 1.111 e 1.112 do STF - Meu site jur\u00eddico","isPartOf":{"@id":"https:\/\/meusitejuridico.editorajuspodivm.com.br\/#website"},"primaryImageOfPage":{"@id":"https:\/\/meusitejuridico.com.br\/2023\/10\/30\/resumo-informativos-1-111-e-1-112-do-stf\/#primaryimage"},"image":{"@id":"https:\/\/meusitejuridico.com.br\/2023\/10\/30\/resumo-informativos-1-111-e-1-112-do-stf\/#primaryimage"},"thumbnailUrl":"https:\/\/webmail.meusitejuridico.com.br\/s.meusitejuridico\/2018\/06\/e59f0f60-shutterstock-306118964.jpg","datePublished":"2023-10-30T09:20:52+00:00","dateModified":"2023-10-30T09:20:53+00:00","breadcrumb":{"@id":"https:\/\/meusitejuridico.com.br\/2023\/10\/30\/resumo-informativos-1-111-e-1-112-do-stf\/#breadcrumb"},"inLanguage":"pt-BR","potentialAction":[{"@type":"ReadAction","target":["https:\/\/meusitejuridico.com.br\/2023\/10\/30\/resumo-informativos-1-111-e-1-112-do-stf\/"]}]},{"@type":"ImageObject","inLanguage":"pt-BR","@id":"https:\/\/meusitejuridico.com.br\/2023\/10\/30\/resumo-informativos-1-111-e-1-112-do-stf\/#primaryimage","url":"https:\/\/webmail.meusitejuridico.com.br\/s.meusitejuridico\/2018\/06\/e59f0f60-shutterstock-306118964.jpg","contentUrl":"https:\/\/webmail.meusitejuridico.com.br\/s.meusitejuridico\/2018\/06\/e59f0f60-shutterstock-306118964.jpg","width":1000,"height":667},{"@type":"BreadcrumbList","@id":"https:\/\/meusitejuridico.com.br\/2023\/10\/30\/resumo-informativos-1-111-e-1-112-do-stf\/#breadcrumb","itemListElement":[{"@type":"ListItem","position":1,"name":"In\u00edcio","item":"https:\/\/meusitejuridico.editorajuspodivm.com.br\/"},{"@type":"ListItem","position":2,"name":"Resumo &#8211; Informativos 1.111 e 1.112 do STF"}]},{"@type":"WebSite","@id":"https:\/\/meusitejuridico.editorajuspodivm.com.br\/#website","url":"https:\/\/meusitejuridico.editorajuspodivm.com.br\/","name":"Meu site jur\u00eddico","description":"Meu site jur\u00eddico","publisher":{"@id":"https:\/\/meusitejuridico.editorajuspodivm.com.br\/#organization"},"potentialAction":[{"@type":"SearchAction","target":{"@type":"EntryPoint","urlTemplate":"https:\/\/meusitejuridico.editorajuspodivm.com.br\/?s={search_term_string}"},"query-input":{"@type":"PropertyValueSpecification","valueRequired":true,"valueName":"search_term_string"}}],"inLanguage":"pt-BR"},{"@type":"Organization","@id":"https:\/\/meusitejuridico.editorajuspodivm.com.br\/#organization","name":"Meu site jur\u00eddico","url":"https:\/\/meusitejuridico.editorajuspodivm.com.br\/","logo":{"@type":"ImageObject","inLanguage":"pt-BR","@id":"https:\/\/meusitejuridico.editorajuspodivm.com.br\/#\/schema\/logo\/image\/","url":"https:\/\/webmail.meusitejuridico.com.br\/s.meusitejuridico\/2022\/03\/cropped-baeec2a3-msj-02-01-01.png","contentUrl":"https:\/\/webmail.meusitejuridico.com.br\/s.meusitejuridico\/2022\/03\/cropped-baeec2a3-msj-02-01-01.png","width":349,"height":243,"caption":"Meu site jur\u00eddico"},"image":{"@id":"https:\/\/meusitejuridico.editorajuspodivm.com.br\/#\/schema\/logo\/image\/"}},{"@type":"Person","@id":"https:\/\/meusitejuridico.editorajuspodivm.com.br\/#\/schema\/person\/ae56313f17950dccef13d0989efd6d50","name":"Rodrigo Leite","image":{"@type":"ImageObject","inLanguage":"pt-BR","@id":"https:\/\/meusitejuridico.editorajuspodivm.com.br\/#\/schema\/person\/image\/","url":"https:\/\/webmail.meusitejuridico.com.br\/s.meusitejuridico\/2021\/05\/8455192b-foto-site-rodrigo-leite-150x150.jpeg","contentUrl":"https:\/\/webmail.meusitejuridico.com.br\/s.meusitejuridico\/2021\/05\/8455192b-foto-site-rodrigo-leite-150x150.jpeg","caption":"Rodrigo Leite"},"description":"Coautor do livro \u201cAn\u00e1lise das Diverg\u00eancias Jurisprudenciais no STF e STJ\u201d, Editora Juspodivm. Autor do livro \u201cTombamento \u2013 Vol. 36 \u2013 Cole\u00e7\u00e3o Leis Especiais para Concursos\u201d, Editora Juspodivm. Autor do livro \u201cDesapropria\u00e7\u00e3o \u2013 Vol. 39 \u2013 Cole\u00e7\u00e3o Especiais para Concursos\u201d, Editora Juspodivm. Coautor do livro \u201cSaberes Jurisprudenciais\u201d, Editora Saraiva. Coorganizador do livro \u201cCPC na Jurisprud\u00eancia\", Editora Foco. Especialista em Direito P\u00fablico e Direito Processual Civil. Mestre em Direito Constitucional. Professor da P\u00f3s-gradua\u00e7\u00e3o em Direito Civil da Rede Anhaguera-Kroton. M\u00e1ster Universit\u00e1rio em Direito Constitucional pela Universidad Del Pa\u00eds Vasco, San Sebasti\u00e1n, Espanha. Advogado licenciado. Analista Judici\u00e1rio do TJRN. Assessor de Desembargador do TJRN.","sameAs":["https:\/\/www.editorajuspodivm.com.br\/autores\/detalhe\/85","https:\/\/www.instagram.com\/rodrigocrleite\/","https:\/\/x.com\/rodrigocrleite"],"url":"https:\/\/webmail.meusitejuridico.com.br\/author\/rodrigoleiterodrigoleite\/"}]}},"_links":{"self":[{"href":"https:\/\/webmail.meusitejuridico.com.br\/api\/wp\/v2\/posts\/19252","targetHints":{"allow":["GET"]}}],"collection":[{"href":"https:\/\/webmail.meusitejuridico.com.br\/api\/wp\/v2\/posts"}],"about":[{"href":"https:\/\/webmail.meusitejuridico.com.br\/api\/wp\/v2\/types\/post"}],"author":[{"embeddable":true,"href":"https:\/\/webmail.meusitejuridico.com.br\/api\/wp\/v2\/users\/131"}],"replies":[{"embeddable":true,"href":"https:\/\/webmail.meusitejuridico.com.br\/api\/wp\/v2\/comments?post=19252"}],"version-history":[{"count":1,"href":"https:\/\/webmail.meusitejuridico.com.br\/api\/wp\/v2\/posts\/19252\/revisions"}],"predecessor-version":[{"id":19253,"href":"https:\/\/webmail.meusitejuridico.com.br\/api\/wp\/v2\/posts\/19252\/revisions\/19253"}],"wp:featuredmedia":[{"embeddable":true,"href":"https:\/\/webmail.meusitejuridico.com.br\/api\/wp\/v2\/media\/5612"}],"wp:attachment":[{"href":"https:\/\/webmail.meusitejuridico.com.br\/api\/wp\/v2\/media?parent=19252"}],"wp:term":[{"taxonomy":"category","embeddable":true,"href":"https:\/\/webmail.meusitejuridico.com.br\/api\/wp\/v2\/categories?post=19252"},{"taxonomy":"post_tag","embeddable":true,"href":"https:\/\/webmail.meusitejuridico.com.br\/api\/wp\/v2\/tags?post=19252"}],"curies":[{"name":"wp","href":"https:\/\/api.w.org\/{rel}","templated":true}]}}