{"id":19227,"date":"2023-10-25T12:12:58","date_gmt":"2023-10-25T15:12:58","guid":{"rendered":"https:\/\/meusitejuridico.editorajuspodivm.com.br\/?p=19227"},"modified":"2023-10-25T12:13:00","modified_gmt":"2023-10-25T15:13:00","slug":"resumo-informativo-788-do-stj-de-26-de-setembro-de-2023","status":"publish","type":"post","link":"https:\/\/webmail.meusitejuridico.com.br\/2023\/10\/25\/resumo-informativo-788-do-stj-de-26-de-setembro-de-2023\/","title":{"rendered":"Resumo &#8211; Informativo 788 do STJ, de 26 de setembro de 2023"},"content":{"rendered":"\n<p><strong>PRIMEIRA SE\u00c7\u00c3O<\/strong><\/p>\n\n\n\n<p>&#8211; N\u00e3o \u00e9 cab\u00edvel agravo interno contra decis\u00e3o que indefere o ingresso de terceiro na qualidade de <em>amicus curiae<\/em> em recurso especial representativo de controv\u00e9rsia &#8211; <strong>AgInt na PET no REsp 1.908.497-RN<\/strong>, julgado em 13\/9\/2023.<\/p>\n\n\n\n<p><strong>PRIMEIRA TURMA<\/strong><\/p>\n\n\n\n<p>&#8211; A Resolu\u00e7\u00e3o n. 2\/2018 da C\u00e2mara de Regula\u00e7\u00e3o do Mercado de Medicamentos n\u00e3o extrapolou do poder regulamentar ao fixar margem zero de sobrepre\u00e7o em rela\u00e7\u00e3o aos medicamentos fornecidos por hospitais na presta\u00e7\u00e3o do servi\u00e7o de assist\u00eancia m\u00e9dica e estabelecer san\u00e7\u00e3o na hip\u00f3tese de viola\u00e7\u00e3o &#8211; <strong>AREsp 1.708.364-RJ<\/strong>, julgado em 12\/9\/2023.<\/p>\n\n\n\n<p>&#8211; Na aus\u00eancia de previs\u00e3o legal espec\u00edfica, n\u00e3o \u00e9 poss\u00edvel a utiliza\u00e7\u00e3o da base de c\u00e1lculo negativa do CSLL e dos preju\u00edzos fiscais para amortizar o valor a ser pago a t\u00edtulo de antecipa\u00e7\u00e3o de parcelamento fiscal &#8211; <strong>AgInt no AREsp 1.912.248-PE<\/strong>, julgado em 28\/8\/2023.<\/p>\n\n\n\n<p><strong>SEGUNDA TURMA<\/strong><\/p>\n\n\n\n<p>&#8211; \u00c9 devida a inclus\u00e3o das despesas com a contrata\u00e7\u00e3o de Agentes Aut\u00f4nomos de Investimento (AAIs) na base de c\u00e1lculo do PIS e da Cofins, tendo em vista que os servi\u00e7os prestados pelos referidos profissionais n\u00e3o se enquadram no conceito de intermedia\u00e7\u00e3o financeira &#8211; <strong>AgInt no REsp 1.880.724-SP<\/strong>, julgado em 12\/9\/2023.<\/p>\n\n\n\n<p><strong>TERCEIRA TURMA<\/strong><\/p>\n\n\n\n<p>&#8211; A vendedora de passagem a\u00e9rea n\u00e3o responde solidariamente com a companhia a\u00e9rea pelos danos morais e materiais experimentados pelo passageiro em raz\u00e3o do cancelamento do voo &#8211; <strong>REsp 2.082.256-SP<\/strong>, julgado em 12\/9\/2023.<\/p>\n\n\n\n<p>&#8211; A institui\u00e7\u00e3o financeira responde objetivamente por falha na presta\u00e7\u00e3o de servi\u00e7os banc\u00e1rios ao permitir a contrata\u00e7\u00e3o de empr\u00e9stimo por estelionat\u00e1rio &#8211; <strong>REsp 2.052.228-DF<\/strong>, julgado em 12\/9\/2023.<\/p>\n\n\n\n<p>&#8211; A aliena\u00e7\u00e3o de Unidade Produtiva Isolada por um valor muito superior ao pre\u00e7o m\u00ednimo previsto no plano de recupera\u00e7\u00e3o enseja, excepcionalmente, a convoca\u00e7\u00e3o de assembleia geral de credores para que lhes seja demonstrada a nova situa\u00e7\u00e3o econ\u00f4mica, com a respectiva altera\u00e7\u00e3o da proposta de pagamento dos cr\u00e9ditos &#8211; <strong>REsp 2.071.143-RJ<\/strong>, julgado em 12\/9\/2023.<\/p>\n\n\n\n<p><strong>QUINTA TURMA<\/strong><\/p>\n\n\n\n<p>&#8211; Somente configura o crime de constitui\u00e7\u00e3o de mil\u00edcia privada se a atua\u00e7\u00e3o do grupo criminoso se restringe aos delitos previstos no C\u00f3digo Penal &#8211; <strong>REsp 1.986.629-RJ<\/strong>, julgado em 8\/8\/2023.<\/p>\n\n\n\n<p>&#8211; N\u00e3o h\u00e1 incompatibilidade entre a agravante do art. 298, inciso I, do CTB e os delitos de tr\u00e2nsito culposos &#8211; <strong>AgRg no AREsp 2.391.112-SP<\/strong>, julgado em 12\/9\/2023.<\/p>\n\n\n\n<p>&#8211; A penhora, em execu\u00e7\u00e3o, de saldo em conta de investimento sujeita-se ao regramento do art. 833, X, do C\u00f3digo de Processo Civil (impenhorabilidade at\u00e9 o montante de 40 sal\u00e1rios-m\u00ednimos) &#8211; que incide, inclusive, nas execu\u00e7\u00f5es de natureza n\u00e3o alimentar -, ainda que o montante tenha sido transferido (seja oriundo) de conta vinculada do FGTS, afastando-se, assim, a impenhorabilidade absoluta de que trataria o art. 2\u00ba, \u00a7 2\u00ba, da Lei n. 8.036\/1990 &#8211; <strong>REsp 2.021.651-PR<\/strong>, julgado em 19\/9\/2023.<\/p>\n\n\n\n<p><strong>SEXTA TURMA<\/strong><\/p>\n\n\n\n<p>&#8211; O Minist\u00e9rio P\u00fablico possui legitimidade para requerer, em a\u00e7\u00e3o civil p\u00fablica, medida protetiva de urg\u00eancia em favor de mulher v\u00edtima de viol\u00eancia dom\u00e9stica &#8211; <strong>REsp 1.828.546-SP<\/strong>, julgado em 12\/9\/2023.<\/p>\n\n\n\n<p>_____________________<\/p>\n\n\n\n<p><strong>Telegram<\/strong>:<strong>&nbsp;<\/strong><a href=\"https:\/\/t.me\/pilulasjuridicasSTFSTJ\" target=\"_blank\" rel=\"noreferrer noopener\"><strong>https:\/\/t.me\/pilulasjuridicasSTFSTJ<\/strong><\/a><strong>&nbsp;| Instagram: @rodrigocrleite<\/strong><\/p>\n","protected":false},"excerpt":{"rendered":"<p>PRIMEIRA SE\u00c7\u00c3O &#8211; N\u00e3o \u00e9 cab\u00edvel agravo interno contra decis\u00e3o que indefere o ingresso de terceiro na qualidade de amicus curiae em recurso especial representativo de controv\u00e9rsia &#8211; AgInt na PET no REsp 1.908.497-RN, julgado em 13\/9\/2023. PRIMEIRA TURMA &#8211; A Resolu\u00e7\u00e3o n. 2\/2018 da C\u00e2mara de Regula\u00e7\u00e3o do Mercado de Medicamentos n\u00e3o extrapolou do [&hellip;]<\/p>\n","protected":false},"author":131,"featured_media":3490,"comment_status":"open","ping_status":"open","sticky":false,"template":"","format":"standard","meta":{"_acf_changed":false,"footnotes":""},"categories":[70],"tags":[],"class_list":["post-19227","post","type-post","status-publish","format-standard","has-post-thumbnail","hentry","category-informativos-comentados"],"acf":[],"yoast_head":"<!-- This site is optimized with the Yoast SEO plugin v24.8.1 - https:\/\/yoast.com\/wordpress\/plugins\/seo\/ -->\n<title>Resumo - Informativo 788 do STJ, de 26 de setembro de 2023 - Meu site jur\u00eddico<\/title>\n<meta name=\"robots\" content=\"index, follow, max-snippet:-1, max-image-preview:large, max-video-preview:-1\" \/>\n<link rel=\"canonical\" href=\"https:\/\/meusitejuridico.editorajuspodivm.com.br\/2023\/10\/25\/resumo-informativo-788-do-stj-de-26-de-setembro-de-2023\/\" \/>\n<meta property=\"og:locale\" content=\"pt_BR\" \/>\n<meta property=\"og:type\" content=\"article\" \/>\n<meta property=\"og:title\" content=\"Resumo - Informativo 788 do STJ, de 26 de setembro de 2023 - Meu site jur\u00eddico\" \/>\n<meta property=\"og:description\" content=\"PRIMEIRA SE\u00c7\u00c3O &#8211; N\u00e3o \u00e9 cab\u00edvel agravo interno contra decis\u00e3o que indefere o ingresso de terceiro na qualidade de amicus curiae em recurso especial representativo de controv\u00e9rsia &#8211; AgInt na PET no REsp 1.908.497-RN, julgado em 13\/9\/2023. PRIMEIRA TURMA &#8211; A Resolu\u00e7\u00e3o n. 2\/2018 da C\u00e2mara de Regula\u00e7\u00e3o do Mercado de Medicamentos n\u00e3o extrapolou do [&hellip;]\" \/>\n<meta property=\"og:url\" content=\"https:\/\/meusitejuridico.editorajuspodivm.com.br\/2023\/10\/25\/resumo-informativo-788-do-stj-de-26-de-setembro-de-2023\/\" \/>\n<meta property=\"og:site_name\" content=\"Meu site jur\u00eddico\" \/>\n<meta property=\"article:published_time\" content=\"2023-10-25T15:12:58+00:00\" \/>\n<meta property=\"article:modified_time\" content=\"2023-10-25T15:13:00+00:00\" \/>\n<meta property=\"og:image\" content=\"https:\/\/meusitejuridico.editorajuspodivm.com.br\/s.meusitejuridico\/2017\/09\/shutterstock_634607549-1-1024x683.jpg\" \/>\n\t<meta property=\"og:image:width\" content=\"1024\" \/>\n\t<meta property=\"og:image:height\" content=\"683\" \/>\n\t<meta property=\"og:image:type\" content=\"image\/jpeg\" \/>\n<meta name=\"author\" content=\"Rodrigo Leite\" \/>\n<meta name=\"twitter:card\" content=\"summary_large_image\" \/>\n<meta name=\"twitter:creator\" content=\"@rodrigocrleite\" \/>\n<meta name=\"twitter:label1\" content=\"Escrito por\" \/>\n\t<meta name=\"twitter:data1\" content=\"Rodrigo Leite\" \/>\n\t<meta name=\"twitter:label2\" content=\"Est. tempo de leitura\" \/>\n\t<meta name=\"twitter:data2\" content=\"2 minutos\" \/>\n<script type=\"application\/ld+json\" class=\"yoast-schema-graph\">{\"@context\":\"https:\/\/schema.org\",\"@graph\":[{\"@type\":\"Article\",\"@id\":\"https:\/\/meusitejuridico.editorajuspodivm.com.br\/2023\/10\/25\/resumo-informativo-788-do-stj-de-26-de-setembro-de-2023\/#article\",\"isPartOf\":{\"@id\":\"https:\/\/meusitejuridico.editorajuspodivm.com.br\/2023\/10\/25\/resumo-informativo-788-do-stj-de-26-de-setembro-de-2023\/\"},\"author\":{\"name\":\"Rodrigo Leite\",\"@id\":\"https:\/\/meusitejuridico.editorajuspodivm.com.br\/#\/schema\/person\/ae56313f17950dccef13d0989efd6d50\"},\"headline\":\"Resumo &#8211; Informativo 788 do STJ, de 26 de setembro de 2023\",\"datePublished\":\"2023-10-25T15:12:58+00:00\",\"dateModified\":\"2023-10-25T15:13:00+00:00\",\"mainEntityOfPage\":{\"@id\":\"https:\/\/meusitejuridico.editorajuspodivm.com.br\/2023\/10\/25\/resumo-informativo-788-do-stj-de-26-de-setembro-de-2023\/\"},\"wordCount\":545,\"commentCount\":0,\"publisher\":{\"@id\":\"https:\/\/meusitejuridico.editorajuspodivm.com.br\/#organization\"},\"image\":{\"@id\":\"https:\/\/meusitejuridico.editorajuspodivm.com.br\/2023\/10\/25\/resumo-informativo-788-do-stj-de-26-de-setembro-de-2023\/#primaryimage\"},\"thumbnailUrl\":\"https:\/\/webmail.meusitejuridico.com.br\/s.meusitejuridico\/2017\/09\/shutterstock_634607549-1.jpg\",\"articleSection\":[\"Informativos\"],\"inLanguage\":\"pt-BR\",\"potentialAction\":[{\"@type\":\"CommentAction\",\"name\":\"Comment\",\"target\":[\"https:\/\/meusitejuridico.editorajuspodivm.com.br\/2023\/10\/25\/resumo-informativo-788-do-stj-de-26-de-setembro-de-2023\/#respond\"]}]},{\"@type\":\"WebPage\",\"@id\":\"https:\/\/meusitejuridico.editorajuspodivm.com.br\/2023\/10\/25\/resumo-informativo-788-do-stj-de-26-de-setembro-de-2023\/\",\"url\":\"https:\/\/meusitejuridico.editorajuspodivm.com.br\/2023\/10\/25\/resumo-informativo-788-do-stj-de-26-de-setembro-de-2023\/\",\"name\":\"Resumo - Informativo 788 do STJ, de 26 de setembro de 2023 - Meu site jur\u00eddico\",\"isPartOf\":{\"@id\":\"https:\/\/meusitejuridico.editorajuspodivm.com.br\/#website\"},\"primaryImageOfPage\":{\"@id\":\"https:\/\/meusitejuridico.editorajuspodivm.com.br\/2023\/10\/25\/resumo-informativo-788-do-stj-de-26-de-setembro-de-2023\/#primaryimage\"},\"image\":{\"@id\":\"https:\/\/meusitejuridico.editorajuspodivm.com.br\/2023\/10\/25\/resumo-informativo-788-do-stj-de-26-de-setembro-de-2023\/#primaryimage\"},\"thumbnailUrl\":\"https:\/\/webmail.meusitejuridico.com.br\/s.meusitejuridico\/2017\/09\/shutterstock_634607549-1.jpg\",\"datePublished\":\"2023-10-25T15:12:58+00:00\",\"dateModified\":\"2023-10-25T15:13:00+00:00\",\"breadcrumb\":{\"@id\":\"https:\/\/meusitejuridico.editorajuspodivm.com.br\/2023\/10\/25\/resumo-informativo-788-do-stj-de-26-de-setembro-de-2023\/#breadcrumb\"},\"inLanguage\":\"pt-BR\",\"potentialAction\":[{\"@type\":\"ReadAction\",\"target\":[\"https:\/\/meusitejuridico.editorajuspodivm.com.br\/2023\/10\/25\/resumo-informativo-788-do-stj-de-26-de-setembro-de-2023\/\"]}]},{\"@type\":\"ImageObject\",\"inLanguage\":\"pt-BR\",\"@id\":\"https:\/\/meusitejuridico.editorajuspodivm.com.br\/2023\/10\/25\/resumo-informativo-788-do-stj-de-26-de-setembro-de-2023\/#primaryimage\",\"url\":\"https:\/\/webmail.meusitejuridico.com.br\/s.meusitejuridico\/2017\/09\/shutterstock_634607549-1.jpg\",\"contentUrl\":\"https:\/\/webmail.meusitejuridico.com.br\/s.meusitejuridico\/2017\/09\/shutterstock_634607549-1.jpg\",\"width\":6544,\"height\":4362},{\"@type\":\"BreadcrumbList\",\"@id\":\"https:\/\/meusitejuridico.editorajuspodivm.com.br\/2023\/10\/25\/resumo-informativo-788-do-stj-de-26-de-setembro-de-2023\/#breadcrumb\",\"itemListElement\":[{\"@type\":\"ListItem\",\"position\":1,\"name\":\"In\u00edcio\",\"item\":\"https:\/\/meusitejuridico.editorajuspodivm.com.br\/\"},{\"@type\":\"ListItem\",\"position\":2,\"name\":\"Resumo &#8211; Informativo 788 do STJ, de 26 de setembro de 2023\"}]},{\"@type\":\"WebSite\",\"@id\":\"https:\/\/meusitejuridico.editorajuspodivm.com.br\/#website\",\"url\":\"https:\/\/meusitejuridico.editorajuspodivm.com.br\/\",\"name\":\"Meu site jur\u00eddico\",\"description\":\"Meu site jur\u00eddico\",\"publisher\":{\"@id\":\"https:\/\/meusitejuridico.editorajuspodivm.com.br\/#organization\"},\"potentialAction\":[{\"@type\":\"SearchAction\",\"target\":{\"@type\":\"EntryPoint\",\"urlTemplate\":\"https:\/\/meusitejuridico.editorajuspodivm.com.br\/?s={search_term_string}\"},\"query-input\":{\"@type\":\"PropertyValueSpecification\",\"valueRequired\":true,\"valueName\":\"search_term_string\"}}],\"inLanguage\":\"pt-BR\"},{\"@type\":\"Organization\",\"@id\":\"https:\/\/meusitejuridico.editorajuspodivm.com.br\/#organization\",\"name\":\"Meu site jur\u00eddico\",\"url\":\"https:\/\/meusitejuridico.editorajuspodivm.com.br\/\",\"logo\":{\"@type\":\"ImageObject\",\"inLanguage\":\"pt-BR\",\"@id\":\"https:\/\/meusitejuridico.editorajuspodivm.com.br\/#\/schema\/logo\/image\/\",\"url\":\"https:\/\/webmail.meusitejuridico.com.br\/s.meusitejuridico\/2022\/03\/cropped-baeec2a3-msj-02-01-01.png\",\"contentUrl\":\"https:\/\/webmail.meusitejuridico.com.br\/s.meusitejuridico\/2022\/03\/cropped-baeec2a3-msj-02-01-01.png\",\"width\":349,\"height\":243,\"caption\":\"Meu site jur\u00eddico\"},\"image\":{\"@id\":\"https:\/\/meusitejuridico.editorajuspodivm.com.br\/#\/schema\/logo\/image\/\"}},{\"@type\":\"Person\",\"@id\":\"https:\/\/meusitejuridico.editorajuspodivm.com.br\/#\/schema\/person\/ae56313f17950dccef13d0989efd6d50\",\"name\":\"Rodrigo Leite\",\"image\":{\"@type\":\"ImageObject\",\"inLanguage\":\"pt-BR\",\"@id\":\"https:\/\/meusitejuridico.editorajuspodivm.com.br\/#\/schema\/person\/image\/\",\"url\":\"https:\/\/webmail.meusitejuridico.com.br\/s.meusitejuridico\/2021\/05\/8455192b-foto-site-rodrigo-leite-150x150.jpeg\",\"contentUrl\":\"https:\/\/webmail.meusitejuridico.com.br\/s.meusitejuridico\/2021\/05\/8455192b-foto-site-rodrigo-leite-150x150.jpeg\",\"caption\":\"Rodrigo Leite\"},\"description\":\"Coautor do livro \u201cAn\u00e1lise das Diverg\u00eancias Jurisprudenciais no STF e STJ\u201d, Editora Juspodivm. Autor do livro \u201cTombamento \u2013 Vol. 36 \u2013 Cole\u00e7\u00e3o Leis Especiais para Concursos\u201d, Editora Juspodivm. Autor do livro \u201cDesapropria\u00e7\u00e3o \u2013 Vol. 39 \u2013 Cole\u00e7\u00e3o Especiais para Concursos\u201d, Editora Juspodivm. Coautor do livro \u201cSaberes Jurisprudenciais\u201d, Editora Saraiva. Coorganizador do livro \u201cCPC na Jurisprud\u00eancia\\\", Editora Foco. Especialista em Direito P\u00fablico e Direito Processual Civil. Mestre em Direito Constitucional. Professor da P\u00f3s-gradua\u00e7\u00e3o em Direito Civil da Rede Anhaguera-Kroton. M\u00e1ster Universit\u00e1rio em Direito Constitucional pela Universidad Del Pa\u00eds Vasco, San Sebasti\u00e1n, Espanha. Advogado licenciado. Analista Judici\u00e1rio do TJRN. Assessor de Desembargador do TJRN.\",\"sameAs\":[\"https:\/\/www.editorajuspodivm.com.br\/autores\/detalhe\/85\",\"https:\/\/www.instagram.com\/rodrigocrleite\/\",\"https:\/\/x.com\/rodrigocrleite\"],\"url\":\"https:\/\/webmail.meusitejuridico.com.br\/author\/rodrigoleiterodrigoleite\/\"}]}<\/script>\n<!-- \/ Yoast SEO plugin. -->","yoast_head_json":{"title":"Resumo - Informativo 788 do STJ, de 26 de setembro de 2023 - Meu site jur\u00eddico","robots":{"index":"index","follow":"follow","max-snippet":"max-snippet:-1","max-image-preview":"max-image-preview:large","max-video-preview":"max-video-preview:-1"},"canonical":"https:\/\/meusitejuridico.editorajuspodivm.com.br\/2023\/10\/25\/resumo-informativo-788-do-stj-de-26-de-setembro-de-2023\/","og_locale":"pt_BR","og_type":"article","og_title":"Resumo - Informativo 788 do STJ, de 26 de setembro de 2023 - Meu site jur\u00eddico","og_description":"PRIMEIRA SE\u00c7\u00c3O &#8211; N\u00e3o \u00e9 cab\u00edvel agravo interno contra decis\u00e3o que indefere o ingresso de terceiro na qualidade de amicus curiae em recurso especial representativo de controv\u00e9rsia &#8211; AgInt na PET no REsp 1.908.497-RN, julgado em 13\/9\/2023. PRIMEIRA TURMA &#8211; A Resolu\u00e7\u00e3o n. 2\/2018 da C\u00e2mara de Regula\u00e7\u00e3o do Mercado de Medicamentos n\u00e3o extrapolou do [&hellip;]","og_url":"https:\/\/meusitejuridico.editorajuspodivm.com.br\/2023\/10\/25\/resumo-informativo-788-do-stj-de-26-de-setembro-de-2023\/","og_site_name":"Meu site jur\u00eddico","article_published_time":"2023-10-25T15:12:58+00:00","article_modified_time":"2023-10-25T15:13:00+00:00","og_image":[{"width":1024,"height":683,"url":"https:\/\/meusitejuridico.editorajuspodivm.com.br\/s.meusitejuridico\/2017\/09\/shutterstock_634607549-1-1024x683.jpg","type":"image\/jpeg"}],"author":"Rodrigo Leite","twitter_card":"summary_large_image","twitter_creator":"@rodrigocrleite","twitter_misc":{"Escrito por":"Rodrigo Leite","Est. tempo de leitura":"2 minutos"},"schema":{"@context":"https:\/\/schema.org","@graph":[{"@type":"Article","@id":"https:\/\/meusitejuridico.editorajuspodivm.com.br\/2023\/10\/25\/resumo-informativo-788-do-stj-de-26-de-setembro-de-2023\/#article","isPartOf":{"@id":"https:\/\/meusitejuridico.editorajuspodivm.com.br\/2023\/10\/25\/resumo-informativo-788-do-stj-de-26-de-setembro-de-2023\/"},"author":{"name":"Rodrigo Leite","@id":"https:\/\/meusitejuridico.editorajuspodivm.com.br\/#\/schema\/person\/ae56313f17950dccef13d0989efd6d50"},"headline":"Resumo &#8211; Informativo 788 do STJ, de 26 de setembro de 2023","datePublished":"2023-10-25T15:12:58+00:00","dateModified":"2023-10-25T15:13:00+00:00","mainEntityOfPage":{"@id":"https:\/\/meusitejuridico.editorajuspodivm.com.br\/2023\/10\/25\/resumo-informativo-788-do-stj-de-26-de-setembro-de-2023\/"},"wordCount":545,"commentCount":0,"publisher":{"@id":"https:\/\/meusitejuridico.editorajuspodivm.com.br\/#organization"},"image":{"@id":"https:\/\/meusitejuridico.editorajuspodivm.com.br\/2023\/10\/25\/resumo-informativo-788-do-stj-de-26-de-setembro-de-2023\/#primaryimage"},"thumbnailUrl":"https:\/\/webmail.meusitejuridico.com.br\/s.meusitejuridico\/2017\/09\/shutterstock_634607549-1.jpg","articleSection":["Informativos"],"inLanguage":"pt-BR","potentialAction":[{"@type":"CommentAction","name":"Comment","target":["https:\/\/meusitejuridico.editorajuspodivm.com.br\/2023\/10\/25\/resumo-informativo-788-do-stj-de-26-de-setembro-de-2023\/#respond"]}]},{"@type":"WebPage","@id":"https:\/\/meusitejuridico.editorajuspodivm.com.br\/2023\/10\/25\/resumo-informativo-788-do-stj-de-26-de-setembro-de-2023\/","url":"https:\/\/meusitejuridico.editorajuspodivm.com.br\/2023\/10\/25\/resumo-informativo-788-do-stj-de-26-de-setembro-de-2023\/","name":"Resumo - Informativo 788 do STJ, de 26 de setembro de 2023 - Meu site jur\u00eddico","isPartOf":{"@id":"https:\/\/meusitejuridico.editorajuspodivm.com.br\/#website"},"primaryImageOfPage":{"@id":"https:\/\/meusitejuridico.editorajuspodivm.com.br\/2023\/10\/25\/resumo-informativo-788-do-stj-de-26-de-setembro-de-2023\/#primaryimage"},"image":{"@id":"https:\/\/meusitejuridico.editorajuspodivm.com.br\/2023\/10\/25\/resumo-informativo-788-do-stj-de-26-de-setembro-de-2023\/#primaryimage"},"thumbnailUrl":"https:\/\/webmail.meusitejuridico.com.br\/s.meusitejuridico\/2017\/09\/shutterstock_634607549-1.jpg","datePublished":"2023-10-25T15:12:58+00:00","dateModified":"2023-10-25T15:13:00+00:00","breadcrumb":{"@id":"https:\/\/meusitejuridico.editorajuspodivm.com.br\/2023\/10\/25\/resumo-informativo-788-do-stj-de-26-de-setembro-de-2023\/#breadcrumb"},"inLanguage":"pt-BR","potentialAction":[{"@type":"ReadAction","target":["https:\/\/meusitejuridico.editorajuspodivm.com.br\/2023\/10\/25\/resumo-informativo-788-do-stj-de-26-de-setembro-de-2023\/"]}]},{"@type":"ImageObject","inLanguage":"pt-BR","@id":"https:\/\/meusitejuridico.editorajuspodivm.com.br\/2023\/10\/25\/resumo-informativo-788-do-stj-de-26-de-setembro-de-2023\/#primaryimage","url":"https:\/\/webmail.meusitejuridico.com.br\/s.meusitejuridico\/2017\/09\/shutterstock_634607549-1.jpg","contentUrl":"https:\/\/webmail.meusitejuridico.com.br\/s.meusitejuridico\/2017\/09\/shutterstock_634607549-1.jpg","width":6544,"height":4362},{"@type":"BreadcrumbList","@id":"https:\/\/meusitejuridico.editorajuspodivm.com.br\/2023\/10\/25\/resumo-informativo-788-do-stj-de-26-de-setembro-de-2023\/#breadcrumb","itemListElement":[{"@type":"ListItem","position":1,"name":"In\u00edcio","item":"https:\/\/meusitejuridico.editorajuspodivm.com.br\/"},{"@type":"ListItem","position":2,"name":"Resumo &#8211; Informativo 788 do STJ, de 26 de setembro de 2023"}]},{"@type":"WebSite","@id":"https:\/\/meusitejuridico.editorajuspodivm.com.br\/#website","url":"https:\/\/meusitejuridico.editorajuspodivm.com.br\/","name":"Meu site jur\u00eddico","description":"Meu site jur\u00eddico","publisher":{"@id":"https:\/\/meusitejuridico.editorajuspodivm.com.br\/#organization"},"potentialAction":[{"@type":"SearchAction","target":{"@type":"EntryPoint","urlTemplate":"https:\/\/meusitejuridico.editorajuspodivm.com.br\/?s={search_term_string}"},"query-input":{"@type":"PropertyValueSpecification","valueRequired":true,"valueName":"search_term_string"}}],"inLanguage":"pt-BR"},{"@type":"Organization","@id":"https:\/\/meusitejuridico.editorajuspodivm.com.br\/#organization","name":"Meu site jur\u00eddico","url":"https:\/\/meusitejuridico.editorajuspodivm.com.br\/","logo":{"@type":"ImageObject","inLanguage":"pt-BR","@id":"https:\/\/meusitejuridico.editorajuspodivm.com.br\/#\/schema\/logo\/image\/","url":"https:\/\/webmail.meusitejuridico.com.br\/s.meusitejuridico\/2022\/03\/cropped-baeec2a3-msj-02-01-01.png","contentUrl":"https:\/\/webmail.meusitejuridico.com.br\/s.meusitejuridico\/2022\/03\/cropped-baeec2a3-msj-02-01-01.png","width":349,"height":243,"caption":"Meu site jur\u00eddico"},"image":{"@id":"https:\/\/meusitejuridico.editorajuspodivm.com.br\/#\/schema\/logo\/image\/"}},{"@type":"Person","@id":"https:\/\/meusitejuridico.editorajuspodivm.com.br\/#\/schema\/person\/ae56313f17950dccef13d0989efd6d50","name":"Rodrigo Leite","image":{"@type":"ImageObject","inLanguage":"pt-BR","@id":"https:\/\/meusitejuridico.editorajuspodivm.com.br\/#\/schema\/person\/image\/","url":"https:\/\/webmail.meusitejuridico.com.br\/s.meusitejuridico\/2021\/05\/8455192b-foto-site-rodrigo-leite-150x150.jpeg","contentUrl":"https:\/\/webmail.meusitejuridico.com.br\/s.meusitejuridico\/2021\/05\/8455192b-foto-site-rodrigo-leite-150x150.jpeg","caption":"Rodrigo Leite"},"description":"Coautor do livro \u201cAn\u00e1lise das Diverg\u00eancias Jurisprudenciais no STF e STJ\u201d, Editora Juspodivm. Autor do livro \u201cTombamento \u2013 Vol. 36 \u2013 Cole\u00e7\u00e3o Leis Especiais para Concursos\u201d, Editora Juspodivm. Autor do livro \u201cDesapropria\u00e7\u00e3o \u2013 Vol. 39 \u2013 Cole\u00e7\u00e3o Especiais para Concursos\u201d, Editora Juspodivm. Coautor do livro \u201cSaberes Jurisprudenciais\u201d, Editora Saraiva. Coorganizador do livro \u201cCPC na Jurisprud\u00eancia\", Editora Foco. Especialista em Direito P\u00fablico e Direito Processual Civil. Mestre em Direito Constitucional. Professor da P\u00f3s-gradua\u00e7\u00e3o em Direito Civil da Rede Anhaguera-Kroton. M\u00e1ster Universit\u00e1rio em Direito Constitucional pela Universidad Del Pa\u00eds Vasco, San Sebasti\u00e1n, Espanha. Advogado licenciado. Analista Judici\u00e1rio do TJRN. Assessor de Desembargador do TJRN.","sameAs":["https:\/\/www.editorajuspodivm.com.br\/autores\/detalhe\/85","https:\/\/www.instagram.com\/rodrigocrleite\/","https:\/\/x.com\/rodrigocrleite"],"url":"https:\/\/webmail.meusitejuridico.com.br\/author\/rodrigoleiterodrigoleite\/"}]}},"_links":{"self":[{"href":"https:\/\/webmail.meusitejuridico.com.br\/api\/wp\/v2\/posts\/19227","targetHints":{"allow":["GET"]}}],"collection":[{"href":"https:\/\/webmail.meusitejuridico.com.br\/api\/wp\/v2\/posts"}],"about":[{"href":"https:\/\/webmail.meusitejuridico.com.br\/api\/wp\/v2\/types\/post"}],"author":[{"embeddable":true,"href":"https:\/\/webmail.meusitejuridico.com.br\/api\/wp\/v2\/users\/131"}],"replies":[{"embeddable":true,"href":"https:\/\/webmail.meusitejuridico.com.br\/api\/wp\/v2\/comments?post=19227"}],"version-history":[{"count":1,"href":"https:\/\/webmail.meusitejuridico.com.br\/api\/wp\/v2\/posts\/19227\/revisions"}],"predecessor-version":[{"id":19228,"href":"https:\/\/webmail.meusitejuridico.com.br\/api\/wp\/v2\/posts\/19227\/revisions\/19228"}],"wp:featuredmedia":[{"embeddable":true,"href":"https:\/\/webmail.meusitejuridico.com.br\/api\/wp\/v2\/media\/3490"}],"wp:attachment":[{"href":"https:\/\/webmail.meusitejuridico.com.br\/api\/wp\/v2\/media?parent=19227"}],"wp:term":[{"taxonomy":"category","embeddable":true,"href":"https:\/\/webmail.meusitejuridico.com.br\/api\/wp\/v2\/categories?post=19227"},{"taxonomy":"post_tag","embeddable":true,"href":"https:\/\/webmail.meusitejuridico.com.br\/api\/wp\/v2\/tags?post=19227"}],"curies":[{"name":"wp","href":"https:\/\/api.w.org\/{rel}","templated":true}]}}