{"id":18892,"date":"2023-09-28T06:49:41","date_gmt":"2023-09-28T09:49:41","guid":{"rendered":"https:\/\/meusitejuridico.editorajuspodivm.com.br\/?p=18892"},"modified":"2023-09-28T06:49:42","modified_gmt":"2023-09-28T09:49:42","slug":"resumo-informativo-1-108-do-stf-de-22-de-setembro-de-2023","status":"publish","type":"post","link":"https:\/\/webmail.meusitejuridico.com.br\/2023\/09\/28\/resumo-informativo-1-108-do-stf-de-22-de-setembro-de-2023\/","title":{"rendered":"Resumo &#8211; Informativo 1.108 do STF, de 22 de setembro de 2023"},"content":{"rendered":"\n<p><a><strong>PLEN\u00c1RIO<\/strong><\/a><strong><\/strong><\/p>\n\n\n\n<p>&#8211; \u00c9 constitucional \u2014 quando caracterizada a natureza indenizat\u00f3ria da verba \u2014 a concess\u00e3o de aux\u00edlio destinado ao aperfei\u00e7oamento profissional de membros de procuradoria estadual, remunerados sob a forma de subs\u00eddio &#8211; <strong>ADI 7.271\/AP<\/strong>, julgamento virtual finalizado em 1\u00ba\/9\/2023.<\/p>\n\n\n\n<p>&#8211; \u00c9 constitucional \u2014 por n\u00e3o ferir a exig\u00eancia de lei espec\u00edfica quanto ao regime de previd\u00eancia do servidor militar (CF\/1988, art. 42, \u00a7 1\u00ba c\/c o art. 142, \u00a7 3\u00ba, X) \u2014 norma estadual que institui, por meio de diploma \u00fanico, regras jur\u00eddico-previdenci\u00e1rias direcionadas tanto aos seus servidores p\u00fablicos civis como aos militares &#8211; <strong>ADI 5.154\/PA<\/strong>, julgamento virtual finalizado em 11\/9\/2023.<\/p>\n\n\n\n<p>&#8211; \u00c9 constitucional \u2014 por n\u00e3o violar as regras do sistema constitucional de reparti\u00e7\u00e3o de compet\u00eancias \u2014 lei estadual que fixa limite de tempo proporcional e razo\u00e1vel para o atendimento de consumidores em estabelecimentos p\u00fablicos e privados, bem como prev\u00ea a comina\u00e7\u00e3o de san\u00e7\u00f5es progressivas na hip\u00f3tese de descumprimento &#8211; <strong>ADI 2.879\/SC<\/strong>, julgamento virtual finalizado em 15\/9\/2023.<\/p>\n\n\n\n<p>&#8211; \u00c9 inconstitucional \u2014 por invadir a compet\u00eancia da Uni\u00e3o exclusiva para explorar os servi\u00e7os de telecomunica\u00e7\u00f5es (CF\/1988, art. 21, XI) e privativa para legislar sobre a mat\u00e9ria (CF\/1988, art. 22, IV) \u2014 lei municipal que disp\u00f5e sobre a implanta\u00e7\u00e3o e o compartilhamento da infraestrutura de telecomunica\u00e7\u00f5es &#8211; <strong>ADPF 1.031\/DF<\/strong>, julgamento virtual finalizado em 15\/9\/2023.<\/p>\n\n\n\n<p>&#8211; Compete ao STF processar e julgar a\u00e7\u00e3o penal ajuizada contra civis e militares n\u00e3o detentores de foro privilegiado quando existir evidente conex\u00e3o entre as suas condutas e as apuradas no \u00e2mbito mais abrangente de procedimentos em tr\u00e2mite na Corte que envolvam investigados com prerrogativa de foro &#8211; <strong>AP 1.060\/DF<\/strong>, julgamento finalizado em 14\/9\/2023.<\/p>\n\n\n\n<p>&#8211; No contexto dos crimes multitudin\u00e1rios (de multid\u00e3o ou de autoria coletiva), e levando-se em considera\u00e7\u00e3o a responsabilidade penal subjetiva, todos os agentes respondem pelos resultados lesivos aos bens jur\u00eddicos &#8211; <strong>AP 1.060\/DF<\/strong>, julgamento finalizado em 14\/9\/2023.<\/p>\n\n\n\n<p>&#8211; \u00c9 poss\u00edvel o concurso material pela pr\u00e1tica dos crimes de aboli\u00e7\u00e3o violenta do Estado Democr\u00e1tico de Direito (CP\/1940, art. 359-L) e de golpe de Estado (CP\/1940, art. 359-M), na medida em que s\u00e3o delitos aut\u00f4nomos e que demandam \u201canimus\u201d distintos do sujeito ativo &#8211; <strong>AP 1.060\/DF<\/strong>, julgamento finalizado em 14\/9\/2023.<\/p>\n\n\n\n<p>&#8211; N\u00e3o se mostra admiss\u00edvel a restitui\u00e7\u00e3o administrativa do ind\u00e9bito reconhecido na via judicial, sendo indispens\u00e1vel a observ\u00e2ncia do regime constitucional de precat\u00f3rios, nos termos do art. 100 da Constitui\u00e7\u00e3o Federal &#8211;<strong> RE 1.420.691\/SP<\/strong>,julgamento virtual finalizado em 21\/8\/2023, Tema 1.262.<strong><\/strong><\/p>\n\n\n\n<p>_____________________<\/p>\n\n\n\n<p><strong>Telegram<\/strong>:<strong>&nbsp;<\/strong><a href=\"https:\/\/t.me\/pilulasjuridicasSTFSTJ\" target=\"_blank\" rel=\"noreferrer noopener\"><strong>https:\/\/t.me\/pilulasjuridicasSTFSTJ<\/strong><\/a><strong>&nbsp;| Instagram: @rodrigocrleite<\/strong><\/p>\n","protected":false},"excerpt":{"rendered":"<p>PLEN\u00c1RIO &#8211; \u00c9 constitucional \u2014 quando caracterizada a natureza indenizat\u00f3ria da verba \u2014 a concess\u00e3o de aux\u00edlio destinado ao aperfei\u00e7oamento profissional de membros de procuradoria estadual, remunerados sob a forma de subs\u00eddio &#8211; ADI 7.271\/AP, julgamento virtual finalizado em 1\u00ba\/9\/2023. &#8211; \u00c9 constitucional \u2014 por n\u00e3o ferir a exig\u00eancia de lei espec\u00edfica quanto ao regime [&hellip;]<\/p>\n","protected":false},"author":131,"featured_media":2619,"comment_status":"open","ping_status":"open","sticky":false,"template":"","format":"standard","meta":{"_acf_changed":false,"footnotes":""},"categories":[70],"tags":[],"class_list":["post-18892","post","type-post","status-publish","format-standard","has-post-thumbnail","hentry","category-informativos-comentados"],"acf":[],"yoast_head":"<!-- This site is optimized with the Yoast SEO plugin v24.8.1 - https:\/\/yoast.com\/wordpress\/plugins\/seo\/ -->\n<title>Resumo - Informativo 1.108 do STF, de 22 de setembro de 2023 - Meu site jur\u00eddico<\/title>\n<meta name=\"robots\" content=\"index, follow, max-snippet:-1, max-image-preview:large, max-video-preview:-1\" \/>\n<link rel=\"canonical\" href=\"https:\/\/meusitejuridico.com.br\/2023\/09\/28\/resumo-informativo-1-108-do-stf-de-22-de-setembro-de-2023\/\" \/>\n<meta property=\"og:locale\" content=\"pt_BR\" \/>\n<meta property=\"og:type\" content=\"article\" \/>\n<meta property=\"og:title\" content=\"Resumo - Informativo 1.108 do STF, de 22 de setembro de 2023 - Meu site jur\u00eddico\" \/>\n<meta property=\"og:description\" content=\"PLEN\u00c1RIO &#8211; \u00c9 constitucional \u2014 quando caracterizada a natureza indenizat\u00f3ria da verba \u2014 a concess\u00e3o de aux\u00edlio destinado ao aperfei\u00e7oamento profissional de membros de procuradoria estadual, remunerados sob a forma de subs\u00eddio &#8211; ADI 7.271\/AP, julgamento virtual finalizado em 1\u00ba\/9\/2023. &#8211; \u00c9 constitucional \u2014 por n\u00e3o ferir a exig\u00eancia de lei espec\u00edfica quanto ao regime [&hellip;]\" \/>\n<meta property=\"og:url\" content=\"https:\/\/meusitejuridico.com.br\/2023\/09\/28\/resumo-informativo-1-108-do-stf-de-22-de-setembro-de-2023\/\" \/>\n<meta property=\"og:site_name\" content=\"Meu site jur\u00eddico\" \/>\n<meta property=\"article:published_time\" content=\"2023-09-28T09:49:41+00:00\" \/>\n<meta property=\"article:modified_time\" content=\"2023-09-28T09:49:42+00:00\" \/>\n<meta property=\"og:image\" content=\"https:\/\/meusitejuridico.com.br\/s.meusitejuridico\/2017\/06\/77ccbf1a-shutterstock-325000847.jpg\" \/>\n\t<meta property=\"og:image:width\" content=\"1000\" \/>\n\t<meta property=\"og:image:height\" content=\"667\" \/>\n\t<meta property=\"og:image:type\" content=\"image\/jpeg\" \/>\n<meta name=\"author\" content=\"Rodrigo Leite\" \/>\n<meta name=\"twitter:card\" content=\"summary_large_image\" \/>\n<meta name=\"twitter:creator\" content=\"@rodrigocrleite\" \/>\n<meta name=\"twitter:label1\" content=\"Escrito por\" \/>\n\t<meta name=\"twitter:data1\" content=\"Rodrigo Leite\" \/>\n\t<meta name=\"twitter:label2\" content=\"Est. tempo de leitura\" \/>\n\t<meta name=\"twitter:data2\" content=\"2 minutos\" \/>\n<script type=\"application\/ld+json\" class=\"yoast-schema-graph\">{\"@context\":\"https:\/\/schema.org\",\"@graph\":[{\"@type\":\"Article\",\"@id\":\"https:\/\/meusitejuridico.com.br\/2023\/09\/28\/resumo-informativo-1-108-do-stf-de-22-de-setembro-de-2023\/#article\",\"isPartOf\":{\"@id\":\"https:\/\/meusitejuridico.com.br\/2023\/09\/28\/resumo-informativo-1-108-do-stf-de-22-de-setembro-de-2023\/\"},\"author\":{\"name\":\"Rodrigo Leite\",\"@id\":\"https:\/\/meusitejuridico.editorajuspodivm.com.br\/#\/schema\/person\/ae56313f17950dccef13d0989efd6d50\"},\"headline\":\"Resumo &#8211; Informativo 1.108 do STF, de 22 de setembro de 2023\",\"datePublished\":\"2023-09-28T09:49:41+00:00\",\"dateModified\":\"2023-09-28T09:49:42+00:00\",\"mainEntityOfPage\":{\"@id\":\"https:\/\/meusitejuridico.com.br\/2023\/09\/28\/resumo-informativo-1-108-do-stf-de-22-de-setembro-de-2023\/\"},\"wordCount\":436,\"commentCount\":0,\"publisher\":{\"@id\":\"https:\/\/meusitejuridico.editorajuspodivm.com.br\/#organization\"},\"image\":{\"@id\":\"https:\/\/meusitejuridico.com.br\/2023\/09\/28\/resumo-informativo-1-108-do-stf-de-22-de-setembro-de-2023\/#primaryimage\"},\"thumbnailUrl\":\"https:\/\/webmail.meusitejuridico.com.br\/s.meusitejuridico\/2017\/06\/77ccbf1a-shutterstock-325000847.jpg\",\"articleSection\":[\"Informativos\"],\"inLanguage\":\"pt-BR\",\"potentialAction\":[{\"@type\":\"CommentAction\",\"name\":\"Comment\",\"target\":[\"https:\/\/meusitejuridico.com.br\/2023\/09\/28\/resumo-informativo-1-108-do-stf-de-22-de-setembro-de-2023\/#respond\"]}]},{\"@type\":\"WebPage\",\"@id\":\"https:\/\/meusitejuridico.com.br\/2023\/09\/28\/resumo-informativo-1-108-do-stf-de-22-de-setembro-de-2023\/\",\"url\":\"https:\/\/meusitejuridico.com.br\/2023\/09\/28\/resumo-informativo-1-108-do-stf-de-22-de-setembro-de-2023\/\",\"name\":\"Resumo - Informativo 1.108 do STF, de 22 de setembro de 2023 - Meu site jur\u00eddico\",\"isPartOf\":{\"@id\":\"https:\/\/meusitejuridico.editorajuspodivm.com.br\/#website\"},\"primaryImageOfPage\":{\"@id\":\"https:\/\/meusitejuridico.com.br\/2023\/09\/28\/resumo-informativo-1-108-do-stf-de-22-de-setembro-de-2023\/#primaryimage\"},\"image\":{\"@id\":\"https:\/\/meusitejuridico.com.br\/2023\/09\/28\/resumo-informativo-1-108-do-stf-de-22-de-setembro-de-2023\/#primaryimage\"},\"thumbnailUrl\":\"https:\/\/webmail.meusitejuridico.com.br\/s.meusitejuridico\/2017\/06\/77ccbf1a-shutterstock-325000847.jpg\",\"datePublished\":\"2023-09-28T09:49:41+00:00\",\"dateModified\":\"2023-09-28T09:49:42+00:00\",\"breadcrumb\":{\"@id\":\"https:\/\/meusitejuridico.com.br\/2023\/09\/28\/resumo-informativo-1-108-do-stf-de-22-de-setembro-de-2023\/#breadcrumb\"},\"inLanguage\":\"pt-BR\",\"potentialAction\":[{\"@type\":\"ReadAction\",\"target\":[\"https:\/\/meusitejuridico.com.br\/2023\/09\/28\/resumo-informativo-1-108-do-stf-de-22-de-setembro-de-2023\/\"]}]},{\"@type\":\"ImageObject\",\"inLanguage\":\"pt-BR\",\"@id\":\"https:\/\/meusitejuridico.com.br\/2023\/09\/28\/resumo-informativo-1-108-do-stf-de-22-de-setembro-de-2023\/#primaryimage\",\"url\":\"https:\/\/webmail.meusitejuridico.com.br\/s.meusitejuridico\/2017\/06\/77ccbf1a-shutterstock-325000847.jpg\",\"contentUrl\":\"https:\/\/webmail.meusitejuridico.com.br\/s.meusitejuridico\/2017\/06\/77ccbf1a-shutterstock-325000847.jpg\",\"width\":1000,\"height\":667},{\"@type\":\"BreadcrumbList\",\"@id\":\"https:\/\/meusitejuridico.com.br\/2023\/09\/28\/resumo-informativo-1-108-do-stf-de-22-de-setembro-de-2023\/#breadcrumb\",\"itemListElement\":[{\"@type\":\"ListItem\",\"position\":1,\"name\":\"In\u00edcio\",\"item\":\"https:\/\/meusitejuridico.editorajuspodivm.com.br\/\"},{\"@type\":\"ListItem\",\"position\":2,\"name\":\"Resumo &#8211; Informativo 1.108 do STF, de 22 de setembro de 2023\"}]},{\"@type\":\"WebSite\",\"@id\":\"https:\/\/meusitejuridico.editorajuspodivm.com.br\/#website\",\"url\":\"https:\/\/meusitejuridico.editorajuspodivm.com.br\/\",\"name\":\"Meu site jur\u00eddico\",\"description\":\"Meu site jur\u00eddico\",\"publisher\":{\"@id\":\"https:\/\/meusitejuridico.editorajuspodivm.com.br\/#organization\"},\"potentialAction\":[{\"@type\":\"SearchAction\",\"target\":{\"@type\":\"EntryPoint\",\"urlTemplate\":\"https:\/\/meusitejuridico.editorajuspodivm.com.br\/?s={search_term_string}\"},\"query-input\":{\"@type\":\"PropertyValueSpecification\",\"valueRequired\":true,\"valueName\":\"search_term_string\"}}],\"inLanguage\":\"pt-BR\"},{\"@type\":\"Organization\",\"@id\":\"https:\/\/meusitejuridico.editorajuspodivm.com.br\/#organization\",\"name\":\"Meu site jur\u00eddico\",\"url\":\"https:\/\/meusitejuridico.editorajuspodivm.com.br\/\",\"logo\":{\"@type\":\"ImageObject\",\"inLanguage\":\"pt-BR\",\"@id\":\"https:\/\/meusitejuridico.editorajuspodivm.com.br\/#\/schema\/logo\/image\/\",\"url\":\"https:\/\/webmail.meusitejuridico.com.br\/s.meusitejuridico\/2022\/03\/cropped-baeec2a3-msj-02-01-01.png\",\"contentUrl\":\"https:\/\/webmail.meusitejuridico.com.br\/s.meusitejuridico\/2022\/03\/cropped-baeec2a3-msj-02-01-01.png\",\"width\":349,\"height\":243,\"caption\":\"Meu site jur\u00eddico\"},\"image\":{\"@id\":\"https:\/\/meusitejuridico.editorajuspodivm.com.br\/#\/schema\/logo\/image\/\"}},{\"@type\":\"Person\",\"@id\":\"https:\/\/meusitejuridico.editorajuspodivm.com.br\/#\/schema\/person\/ae56313f17950dccef13d0989efd6d50\",\"name\":\"Rodrigo Leite\",\"image\":{\"@type\":\"ImageObject\",\"inLanguage\":\"pt-BR\",\"@id\":\"https:\/\/meusitejuridico.editorajuspodivm.com.br\/#\/schema\/person\/image\/\",\"url\":\"https:\/\/webmail.meusitejuridico.com.br\/s.meusitejuridico\/2021\/05\/8455192b-foto-site-rodrigo-leite-150x150.jpeg\",\"contentUrl\":\"https:\/\/webmail.meusitejuridico.com.br\/s.meusitejuridico\/2021\/05\/8455192b-foto-site-rodrigo-leite-150x150.jpeg\",\"caption\":\"Rodrigo Leite\"},\"description\":\"Coautor do livro \u201cAn\u00e1lise das Diverg\u00eancias Jurisprudenciais no STF e STJ\u201d, Editora Juspodivm. Autor do livro \u201cTombamento \u2013 Vol. 36 \u2013 Cole\u00e7\u00e3o Leis Especiais para Concursos\u201d, Editora Juspodivm. Autor do livro \u201cDesapropria\u00e7\u00e3o \u2013 Vol. 39 \u2013 Cole\u00e7\u00e3o Especiais para Concursos\u201d, Editora Juspodivm. Coautor do livro \u201cSaberes Jurisprudenciais\u201d, Editora Saraiva. Coorganizador do livro \u201cCPC na Jurisprud\u00eancia\\\", Editora Foco. Especialista em Direito P\u00fablico e Direito Processual Civil. Mestre em Direito Constitucional. Professor da P\u00f3s-gradua\u00e7\u00e3o em Direito Civil da Rede Anhaguera-Kroton. M\u00e1ster Universit\u00e1rio em Direito Constitucional pela Universidad Del Pa\u00eds Vasco, San Sebasti\u00e1n, Espanha. Advogado licenciado. Analista Judici\u00e1rio do TJRN. Assessor de Desembargador do TJRN.\",\"sameAs\":[\"https:\/\/www.editorajuspodivm.com.br\/autores\/detalhe\/85\",\"https:\/\/www.instagram.com\/rodrigocrleite\/\",\"https:\/\/x.com\/rodrigocrleite\"],\"url\":\"https:\/\/webmail.meusitejuridico.com.br\/author\/rodrigoleiterodrigoleite\/\"}]}<\/script>\n<!-- \/ Yoast SEO plugin. -->","yoast_head_json":{"title":"Resumo - Informativo 1.108 do STF, de 22 de setembro de 2023 - Meu site jur\u00eddico","robots":{"index":"index","follow":"follow","max-snippet":"max-snippet:-1","max-image-preview":"max-image-preview:large","max-video-preview":"max-video-preview:-1"},"canonical":"https:\/\/meusitejuridico.com.br\/2023\/09\/28\/resumo-informativo-1-108-do-stf-de-22-de-setembro-de-2023\/","og_locale":"pt_BR","og_type":"article","og_title":"Resumo - Informativo 1.108 do STF, de 22 de setembro de 2023 - Meu site jur\u00eddico","og_description":"PLEN\u00c1RIO &#8211; \u00c9 constitucional \u2014 quando caracterizada a natureza indenizat\u00f3ria da verba \u2014 a concess\u00e3o de aux\u00edlio destinado ao aperfei\u00e7oamento profissional de membros de procuradoria estadual, remunerados sob a forma de subs\u00eddio &#8211; ADI 7.271\/AP, julgamento virtual finalizado em 1\u00ba\/9\/2023. &#8211; \u00c9 constitucional \u2014 por n\u00e3o ferir a exig\u00eancia de lei espec\u00edfica quanto ao regime [&hellip;]","og_url":"https:\/\/meusitejuridico.com.br\/2023\/09\/28\/resumo-informativo-1-108-do-stf-de-22-de-setembro-de-2023\/","og_site_name":"Meu site jur\u00eddico","article_published_time":"2023-09-28T09:49:41+00:00","article_modified_time":"2023-09-28T09:49:42+00:00","og_image":[{"width":1000,"height":667,"url":"https:\/\/meusitejuridico.com.br\/s.meusitejuridico\/2017\/06\/77ccbf1a-shutterstock-325000847.jpg","type":"image\/jpeg"}],"author":"Rodrigo Leite","twitter_card":"summary_large_image","twitter_creator":"@rodrigocrleite","twitter_misc":{"Escrito por":"Rodrigo Leite","Est. tempo de leitura":"2 minutos"},"schema":{"@context":"https:\/\/schema.org","@graph":[{"@type":"Article","@id":"https:\/\/meusitejuridico.com.br\/2023\/09\/28\/resumo-informativo-1-108-do-stf-de-22-de-setembro-de-2023\/#article","isPartOf":{"@id":"https:\/\/meusitejuridico.com.br\/2023\/09\/28\/resumo-informativo-1-108-do-stf-de-22-de-setembro-de-2023\/"},"author":{"name":"Rodrigo Leite","@id":"https:\/\/meusitejuridico.editorajuspodivm.com.br\/#\/schema\/person\/ae56313f17950dccef13d0989efd6d50"},"headline":"Resumo &#8211; Informativo 1.108 do STF, de 22 de setembro de 2023","datePublished":"2023-09-28T09:49:41+00:00","dateModified":"2023-09-28T09:49:42+00:00","mainEntityOfPage":{"@id":"https:\/\/meusitejuridico.com.br\/2023\/09\/28\/resumo-informativo-1-108-do-stf-de-22-de-setembro-de-2023\/"},"wordCount":436,"commentCount":0,"publisher":{"@id":"https:\/\/meusitejuridico.editorajuspodivm.com.br\/#organization"},"image":{"@id":"https:\/\/meusitejuridico.com.br\/2023\/09\/28\/resumo-informativo-1-108-do-stf-de-22-de-setembro-de-2023\/#primaryimage"},"thumbnailUrl":"https:\/\/webmail.meusitejuridico.com.br\/s.meusitejuridico\/2017\/06\/77ccbf1a-shutterstock-325000847.jpg","articleSection":["Informativos"],"inLanguage":"pt-BR","potentialAction":[{"@type":"CommentAction","name":"Comment","target":["https:\/\/meusitejuridico.com.br\/2023\/09\/28\/resumo-informativo-1-108-do-stf-de-22-de-setembro-de-2023\/#respond"]}]},{"@type":"WebPage","@id":"https:\/\/meusitejuridico.com.br\/2023\/09\/28\/resumo-informativo-1-108-do-stf-de-22-de-setembro-de-2023\/","url":"https:\/\/meusitejuridico.com.br\/2023\/09\/28\/resumo-informativo-1-108-do-stf-de-22-de-setembro-de-2023\/","name":"Resumo - Informativo 1.108 do STF, de 22 de setembro de 2023 - Meu site jur\u00eddico","isPartOf":{"@id":"https:\/\/meusitejuridico.editorajuspodivm.com.br\/#website"},"primaryImageOfPage":{"@id":"https:\/\/meusitejuridico.com.br\/2023\/09\/28\/resumo-informativo-1-108-do-stf-de-22-de-setembro-de-2023\/#primaryimage"},"image":{"@id":"https:\/\/meusitejuridico.com.br\/2023\/09\/28\/resumo-informativo-1-108-do-stf-de-22-de-setembro-de-2023\/#primaryimage"},"thumbnailUrl":"https:\/\/webmail.meusitejuridico.com.br\/s.meusitejuridico\/2017\/06\/77ccbf1a-shutterstock-325000847.jpg","datePublished":"2023-09-28T09:49:41+00:00","dateModified":"2023-09-28T09:49:42+00:00","breadcrumb":{"@id":"https:\/\/meusitejuridico.com.br\/2023\/09\/28\/resumo-informativo-1-108-do-stf-de-22-de-setembro-de-2023\/#breadcrumb"},"inLanguage":"pt-BR","potentialAction":[{"@type":"ReadAction","target":["https:\/\/meusitejuridico.com.br\/2023\/09\/28\/resumo-informativo-1-108-do-stf-de-22-de-setembro-de-2023\/"]}]},{"@type":"ImageObject","inLanguage":"pt-BR","@id":"https:\/\/meusitejuridico.com.br\/2023\/09\/28\/resumo-informativo-1-108-do-stf-de-22-de-setembro-de-2023\/#primaryimage","url":"https:\/\/webmail.meusitejuridico.com.br\/s.meusitejuridico\/2017\/06\/77ccbf1a-shutterstock-325000847.jpg","contentUrl":"https:\/\/webmail.meusitejuridico.com.br\/s.meusitejuridico\/2017\/06\/77ccbf1a-shutterstock-325000847.jpg","width":1000,"height":667},{"@type":"BreadcrumbList","@id":"https:\/\/meusitejuridico.com.br\/2023\/09\/28\/resumo-informativo-1-108-do-stf-de-22-de-setembro-de-2023\/#breadcrumb","itemListElement":[{"@type":"ListItem","position":1,"name":"In\u00edcio","item":"https:\/\/meusitejuridico.editorajuspodivm.com.br\/"},{"@type":"ListItem","position":2,"name":"Resumo &#8211; Informativo 1.108 do STF, de 22 de setembro de 2023"}]},{"@type":"WebSite","@id":"https:\/\/meusitejuridico.editorajuspodivm.com.br\/#website","url":"https:\/\/meusitejuridico.editorajuspodivm.com.br\/","name":"Meu site jur\u00eddico","description":"Meu site jur\u00eddico","publisher":{"@id":"https:\/\/meusitejuridico.editorajuspodivm.com.br\/#organization"},"potentialAction":[{"@type":"SearchAction","target":{"@type":"EntryPoint","urlTemplate":"https:\/\/meusitejuridico.editorajuspodivm.com.br\/?s={search_term_string}"},"query-input":{"@type":"PropertyValueSpecification","valueRequired":true,"valueName":"search_term_string"}}],"inLanguage":"pt-BR"},{"@type":"Organization","@id":"https:\/\/meusitejuridico.editorajuspodivm.com.br\/#organization","name":"Meu site jur\u00eddico","url":"https:\/\/meusitejuridico.editorajuspodivm.com.br\/","logo":{"@type":"ImageObject","inLanguage":"pt-BR","@id":"https:\/\/meusitejuridico.editorajuspodivm.com.br\/#\/schema\/logo\/image\/","url":"https:\/\/webmail.meusitejuridico.com.br\/s.meusitejuridico\/2022\/03\/cropped-baeec2a3-msj-02-01-01.png","contentUrl":"https:\/\/webmail.meusitejuridico.com.br\/s.meusitejuridico\/2022\/03\/cropped-baeec2a3-msj-02-01-01.png","width":349,"height":243,"caption":"Meu site jur\u00eddico"},"image":{"@id":"https:\/\/meusitejuridico.editorajuspodivm.com.br\/#\/schema\/logo\/image\/"}},{"@type":"Person","@id":"https:\/\/meusitejuridico.editorajuspodivm.com.br\/#\/schema\/person\/ae56313f17950dccef13d0989efd6d50","name":"Rodrigo Leite","image":{"@type":"ImageObject","inLanguage":"pt-BR","@id":"https:\/\/meusitejuridico.editorajuspodivm.com.br\/#\/schema\/person\/image\/","url":"https:\/\/webmail.meusitejuridico.com.br\/s.meusitejuridico\/2021\/05\/8455192b-foto-site-rodrigo-leite-150x150.jpeg","contentUrl":"https:\/\/webmail.meusitejuridico.com.br\/s.meusitejuridico\/2021\/05\/8455192b-foto-site-rodrigo-leite-150x150.jpeg","caption":"Rodrigo Leite"},"description":"Coautor do livro \u201cAn\u00e1lise das Diverg\u00eancias Jurisprudenciais no STF e STJ\u201d, Editora Juspodivm. Autor do livro \u201cTombamento \u2013 Vol. 36 \u2013 Cole\u00e7\u00e3o Leis Especiais para Concursos\u201d, Editora Juspodivm. Autor do livro \u201cDesapropria\u00e7\u00e3o \u2013 Vol. 39 \u2013 Cole\u00e7\u00e3o Especiais para Concursos\u201d, Editora Juspodivm. Coautor do livro \u201cSaberes Jurisprudenciais\u201d, Editora Saraiva. Coorganizador do livro \u201cCPC na Jurisprud\u00eancia\", Editora Foco. Especialista em Direito P\u00fablico e Direito Processual Civil. Mestre em Direito Constitucional. Professor da P\u00f3s-gradua\u00e7\u00e3o em Direito Civil da Rede Anhaguera-Kroton. M\u00e1ster Universit\u00e1rio em Direito Constitucional pela Universidad Del Pa\u00eds Vasco, San Sebasti\u00e1n, Espanha. Advogado licenciado. Analista Judici\u00e1rio do TJRN. Assessor de Desembargador do TJRN.","sameAs":["https:\/\/www.editorajuspodivm.com.br\/autores\/detalhe\/85","https:\/\/www.instagram.com\/rodrigocrleite\/","https:\/\/x.com\/rodrigocrleite"],"url":"https:\/\/webmail.meusitejuridico.com.br\/author\/rodrigoleiterodrigoleite\/"}]}},"_links":{"self":[{"href":"https:\/\/webmail.meusitejuridico.com.br\/api\/wp\/v2\/posts\/18892","targetHints":{"allow":["GET"]}}],"collection":[{"href":"https:\/\/webmail.meusitejuridico.com.br\/api\/wp\/v2\/posts"}],"about":[{"href":"https:\/\/webmail.meusitejuridico.com.br\/api\/wp\/v2\/types\/post"}],"author":[{"embeddable":true,"href":"https:\/\/webmail.meusitejuridico.com.br\/api\/wp\/v2\/users\/131"}],"replies":[{"embeddable":true,"href":"https:\/\/webmail.meusitejuridico.com.br\/api\/wp\/v2\/comments?post=18892"}],"version-history":[{"count":1,"href":"https:\/\/webmail.meusitejuridico.com.br\/api\/wp\/v2\/posts\/18892\/revisions"}],"predecessor-version":[{"id":18893,"href":"https:\/\/webmail.meusitejuridico.com.br\/api\/wp\/v2\/posts\/18892\/revisions\/18893"}],"wp:featuredmedia":[{"embeddable":true,"href":"https:\/\/webmail.meusitejuridico.com.br\/api\/wp\/v2\/media\/2619"}],"wp:attachment":[{"href":"https:\/\/webmail.meusitejuridico.com.br\/api\/wp\/v2\/media?parent=18892"}],"wp:term":[{"taxonomy":"category","embeddable":true,"href":"https:\/\/webmail.meusitejuridico.com.br\/api\/wp\/v2\/categories?post=18892"},{"taxonomy":"post_tag","embeddable":true,"href":"https:\/\/webmail.meusitejuridico.com.br\/api\/wp\/v2\/tags?post=18892"}],"curies":[{"name":"wp","href":"https:\/\/api.w.org\/{rel}","templated":true}]}}