{"id":17546,"date":"2023-04-03T07:07:03","date_gmt":"2023-04-03T10:07:03","guid":{"rendered":"https:\/\/meusitejuridico.editorajuspodivm.com.br\/?p=17546"},"modified":"2023-04-03T07:07:04","modified_gmt":"2023-04-03T10:07:04","slug":"resumo-informativo-1-087-do-stf-de-24-de-marco-de-2023","status":"publish","type":"post","link":"https:\/\/webmail.meusitejuridico.com.br\/2023\/04\/03\/resumo-informativo-1-087-do-stf-de-24-de-marco-de-2023\/","title":{"rendered":"Resumo &#8211; Informativo 1.087 do STF, de 24 de mar\u00e7o de 2023"},"content":{"rendered":"\n<p><strong>PLEN\u00c1RIO<\/strong><strong><\/strong><\/p>\n\n\n\n<p>&#8211; <a>\u00c9 inconstitucional \u2014 por ofensa aos princ\u00edpios da isonomia, da moralidade e da efici\u00eancia administrativa \u2014 norma que permite o exerc\u00edcio da advocacia em causa pr\u00f3pria, mediante inscri\u00e7\u00e3o especial na OAB, aos policiais e militares da ativa, ainda que estritamente para fins de defesa e tutela de direitos pessoais &#8211; <strong>ADI 7272\/DF<\/strong>, julgamento virtual finalizado em 17\/3\/2023.<\/a><\/p>\n\n\n\n<p>&#8211; \u00c9 inconstitucional \u2014 por ofender o princ\u00edpio da simetria \u2014 norma de Constitui\u00e7\u00e3o estadual que prev\u00ea a edi\u00e7\u00e3o de lei complementar para disciplinar as atribui\u00e7\u00f5es e o estatuto das carreiras exclusivas de Estado, visto que essa exig\u00eancia n\u00e3o encontra paralelo na Constitui\u00e7\u00e3o Federal, sobretudo em rela\u00e7\u00e3o \u00e0 carreira policial (CF\/1988, art. 144, \u00a7 7\u00ba) &#8211; <strong>ADI 2926\/PR<\/strong>, julgamento virtual finalizado em 17\/3\/2023.<\/p>\n\n\n\n<p>&#8211; \u00c9 inconstitucional \u2014 por violar o devido processo legal (CF\/1988, art. 5\u00ba, LIV) e o princ\u00edpio da n\u00e3o culpabilidade (CF\/1988, art. 5\u00ba, LVII) \u2014 norma estadual que prev\u00ea a supress\u00e3o remunerat\u00f3ria de policial investigado em sede de sindic\u00e2ncia. N\u00e3o obstante, o afastamento do acusado deve ser analisado \u00e0 luz do caso concreto, com observ\u00e2ncia \u00e0s garantias constitucionais do contradit\u00f3rio e da ampla defesa (CF\/1988, art. 5\u00ba, LV) &#8211; <strong>ADI 2926\/PR<\/strong>, julgamento virtual finalizado em 17\/3\/2023.<\/p>\n\n\n\n<p>&#8211; \u00c9 inconstitucional \u2014 por viola\u00e7\u00e3o \u00e0 compet\u00eancia privativa da Uni\u00e3o para legislar sobre direito do trabalho (CF\/1988, art. 22, I) \u2014 lei estadual que obriga hospitais p\u00fablicos e privados a criarem uma sala de descompress\u00e3o para ser utilizada por enfermeiros, t\u00e9cnicos de enfermagem e auxiliares de enfermagem &#8211; <strong>ADI 6317\/SP<\/strong>, julgamento virtual finalizado em 15\/3\/2023.<\/p>\n\n\n\n<p>&#8211; Encontram-se presentes os requisitos para a concess\u00e3o da medida cautelar, pois (i) h\u00e1 plausibilidade jur\u00eddica quanto \u00e0s alega\u00e7\u00f5es de que a norma cearense em debate n\u00e3o oportunizou a devida participa\u00e7\u00e3o do Poder Judici\u00e1rio e do Minist\u00e9rio P\u00fablico cearenses no ciclo or\u00e7ament\u00e1rio para o exerc\u00edcio de 2023; e (ii) h\u00e1 perigo da demora na presta\u00e7\u00e3o jurisdicional, porque, na execu\u00e7\u00e3o mensal do or\u00e7amento p\u00fablico do ente cearense, a norma impugnada renovou a inconstitucional limita\u00e7\u00e3o da autonomia financeira do Poder Judici\u00e1rio e do Minist\u00e9rio P\u00fablico estaduais outrora verificada na LDO 2022 (Lei 17.573\/2021 do Estado do Cear\u00e1) &#8211; <strong>ADI 7340 Mc-Ref\/CE<\/strong>, julgamento virtual finalizado em 17\/3\/2023.<\/p>\n\n\n\n<p>&#8211; I \u2013 \u00c9 inconstitucional a contribui\u00e7\u00e3o \u00e0 seguridade social, a cargo do empregador rural pessoa jur\u00eddica, incidente sobre a receita bruta proveniente da comercializa\u00e7\u00e3o da sua produ\u00e7\u00e3o, prevista no art. 25, I e II, da Lei 8.870\/1994, na reda\u00e7\u00e3o anterior \u00e0 Emenda Constitucional 20\/1998; II \u2013 \u00c9 constitucional a contribui\u00e7\u00e3o \u00e0 seguridade social, a cargo do empregador rural pessoa jur\u00eddica, incidente sobre a receita bruta proveniente da comercializa\u00e7\u00e3o da sua produ\u00e7\u00e3o, prevista no art. 25, I e II, da Lei 8.870\/1994, na reda\u00e7\u00e3o dada pela Lei 10.256\/2001; III \u2013 \u00c9 constitucional a contribui\u00e7\u00e3o social destinada ao Servi\u00e7o Nacional de Aprendizagem Rural (Senar), de que trata o art. 25, \u00a7 1\u00ba, da Lei 8.870\/1994, inclusive na reda\u00e7\u00e3o conferida pela Lei 10.256\/2001 &#8211; <strong>RE 700.922\/RS<\/strong>, julgamento virtual finalizado em 15\/3\/2023, Tema 651.<\/p>\n\n\n\n<p>-\u00c9 inconstitucional \u2014 por violar o direito fundamental de peti\u00e7\u00e3o e o princ\u00edpio da proporcionalidade \u2014 a aplica\u00e7\u00e3o de multa isolada pela mera n\u00e3o homologa\u00e7\u00e3o de declara\u00e7\u00e3o de compensa\u00e7\u00e3o quando n\u00e3o caracterizados m\u00e1-f\u00e9, falsidade, dolo ou fraude &#8211; <strong>ADI 4905\/DF<\/strong>,julgamento virtual finalizado em 17\/3\/2023.<\/p>\n\n\n\n<p>&#8211; \u00c9 inconstitucional a multa isolada prevista em lei para incidir diante da mera negativa de homologa\u00e7\u00e3o de compensa\u00e7\u00e3o tribut\u00e1ria por n\u00e3o consistir em ato il\u00edcito com aptid\u00e3o para propiciar autom\u00e1tica penalidade pecuni\u00e1ria &#8211; <strong>RE 796.939\/RS<\/strong>,julgamento virtual finalizado em 17\/3\/2023, Tema 736.<\/p>\n\n\n\n<p>_____________________<\/p>\n\n\n\n<p><strong>Telegram<\/strong>:<strong>&nbsp;<\/strong><a href=\"https:\/\/t.me\/pilulasjuridicasSTFSTJ\" target=\"_blank\" rel=\"noreferrer noopener\"><strong>https:\/\/t.me\/pilulasjuridicasSTFSTJ<\/strong><\/a><strong>&nbsp;| Instagram: @rodrigocrleite<\/strong><\/p>\n","protected":false},"excerpt":{"rendered":"<p>PLEN\u00c1RIO &#8211; \u00c9 inconstitucional \u2014 por ofensa aos princ\u00edpios da isonomia, da moralidade e da efici\u00eancia administrativa \u2014 norma que permite o exerc\u00edcio da advocacia em causa pr\u00f3pria, mediante inscri\u00e7\u00e3o especial na OAB, aos policiais e militares da ativa, ainda que estritamente para fins de defesa e tutela de direitos pessoais &#8211; ADI 7272\/DF, julgamento [&hellip;]<\/p>\n","protected":false},"author":131,"featured_media":1498,"comment_status":"open","ping_status":"open","sticky":false,"template":"","format":"standard","meta":{"_acf_changed":false,"footnotes":""},"categories":[70],"tags":[],"class_list":["post-17546","post","type-post","status-publish","format-standard","has-post-thumbnail","hentry","category-informativos-comentados"],"acf":[],"yoast_head":"<!-- This site is optimized with the Yoast SEO plugin v24.8.1 - https:\/\/yoast.com\/wordpress\/plugins\/seo\/ -->\n<title>Resumo - Informativo 1.087 do STF, de 24 de mar\u00e7o de 2023 - Meu site jur\u00eddico<\/title>\n<meta name=\"robots\" content=\"index, follow, max-snippet:-1, max-image-preview:large, max-video-preview:-1\" \/>\n<link rel=\"canonical\" href=\"https:\/\/meusitejuridico.editorajuspodivm.com.br\/2023\/04\/03\/resumo-informativo-1-087-do-stf-de-24-de-marco-de-2023\/\" \/>\n<meta property=\"og:locale\" content=\"pt_BR\" \/>\n<meta property=\"og:type\" content=\"article\" \/>\n<meta property=\"og:title\" content=\"Resumo - Informativo 1.087 do STF, de 24 de mar\u00e7o de 2023 - Meu site jur\u00eddico\" \/>\n<meta property=\"og:description\" content=\"PLEN\u00c1RIO &#8211; \u00c9 inconstitucional \u2014 por ofensa aos princ\u00edpios da isonomia, da moralidade e da efici\u00eancia administrativa \u2014 norma que permite o exerc\u00edcio da advocacia em causa pr\u00f3pria, mediante inscri\u00e7\u00e3o especial na OAB, aos policiais e militares da ativa, ainda que estritamente para fins de defesa e tutela de direitos pessoais &#8211; ADI 7272\/DF, julgamento [&hellip;]\" \/>\n<meta property=\"og:url\" content=\"https:\/\/meusitejuridico.editorajuspodivm.com.br\/2023\/04\/03\/resumo-informativo-1-087-do-stf-de-24-de-marco-de-2023\/\" \/>\n<meta property=\"og:site_name\" content=\"Meu site jur\u00eddico\" \/>\n<meta property=\"article:published_time\" content=\"2023-04-03T10:07:03+00:00\" \/>\n<meta property=\"article:modified_time\" content=\"2023-04-03T10:07:04+00:00\" \/>\n<meta property=\"og:image\" content=\"https:\/\/meusitejuridico.editorajuspodivm.com.br\/s.meusitejuridico\/2017\/03\/1793f6ca-8.jpg\" \/>\n\t<meta property=\"og:image:width\" content=\"1920\" \/>\n\t<meta property=\"og:image:height\" content=\"1255\" \/>\n\t<meta property=\"og:image:type\" content=\"image\/jpeg\" \/>\n<meta name=\"author\" content=\"Rodrigo Leite\" \/>\n<meta name=\"twitter:card\" content=\"summary_large_image\" \/>\n<meta name=\"twitter:creator\" content=\"@rodrigocrleite\" \/>\n<meta name=\"twitter:label1\" content=\"Escrito por\" \/>\n\t<meta name=\"twitter:data1\" content=\"Rodrigo Leite\" \/>\n\t<meta name=\"twitter:label2\" content=\"Est. tempo de leitura\" \/>\n\t<meta name=\"twitter:data2\" content=\"3 minutos\" \/>\n<script type=\"application\/ld+json\" class=\"yoast-schema-graph\">{\"@context\":\"https:\/\/schema.org\",\"@graph\":[{\"@type\":\"Article\",\"@id\":\"https:\/\/meusitejuridico.editorajuspodivm.com.br\/2023\/04\/03\/resumo-informativo-1-087-do-stf-de-24-de-marco-de-2023\/#article\",\"isPartOf\":{\"@id\":\"https:\/\/meusitejuridico.editorajuspodivm.com.br\/2023\/04\/03\/resumo-informativo-1-087-do-stf-de-24-de-marco-de-2023\/\"},\"author\":{\"name\":\"Rodrigo Leite\",\"@id\":\"https:\/\/meusitejuridico.editorajuspodivm.com.br\/#\/schema\/person\/ae56313f17950dccef13d0989efd6d50\"},\"headline\":\"Resumo &#8211; Informativo 1.087 do STF, de 24 de mar\u00e7o de 2023\",\"datePublished\":\"2023-04-03T10:07:03+00:00\",\"dateModified\":\"2023-04-03T10:07:04+00:00\",\"mainEntityOfPage\":{\"@id\":\"https:\/\/meusitejuridico.editorajuspodivm.com.br\/2023\/04\/03\/resumo-informativo-1-087-do-stf-de-24-de-marco-de-2023\/\"},\"wordCount\":615,\"commentCount\":0,\"publisher\":{\"@id\":\"https:\/\/meusitejuridico.editorajuspodivm.com.br\/#organization\"},\"image\":{\"@id\":\"https:\/\/meusitejuridico.editorajuspodivm.com.br\/2023\/04\/03\/resumo-informativo-1-087-do-stf-de-24-de-marco-de-2023\/#primaryimage\"},\"thumbnailUrl\":\"https:\/\/webmail.meusitejuridico.com.br\/s.meusitejuridico\/2017\/03\/1793f6ca-8.jpg\",\"articleSection\":[\"Informativos\"],\"inLanguage\":\"pt-BR\",\"potentialAction\":[{\"@type\":\"CommentAction\",\"name\":\"Comment\",\"target\":[\"https:\/\/meusitejuridico.editorajuspodivm.com.br\/2023\/04\/03\/resumo-informativo-1-087-do-stf-de-24-de-marco-de-2023\/#respond\"]}]},{\"@type\":\"WebPage\",\"@id\":\"https:\/\/meusitejuridico.editorajuspodivm.com.br\/2023\/04\/03\/resumo-informativo-1-087-do-stf-de-24-de-marco-de-2023\/\",\"url\":\"https:\/\/meusitejuridico.editorajuspodivm.com.br\/2023\/04\/03\/resumo-informativo-1-087-do-stf-de-24-de-marco-de-2023\/\",\"name\":\"Resumo - Informativo 1.087 do STF, de 24 de mar\u00e7o de 2023 - Meu site jur\u00eddico\",\"isPartOf\":{\"@id\":\"https:\/\/meusitejuridico.editorajuspodivm.com.br\/#website\"},\"primaryImageOfPage\":{\"@id\":\"https:\/\/meusitejuridico.editorajuspodivm.com.br\/2023\/04\/03\/resumo-informativo-1-087-do-stf-de-24-de-marco-de-2023\/#primaryimage\"},\"image\":{\"@id\":\"https:\/\/meusitejuridico.editorajuspodivm.com.br\/2023\/04\/03\/resumo-informativo-1-087-do-stf-de-24-de-marco-de-2023\/#primaryimage\"},\"thumbnailUrl\":\"https:\/\/webmail.meusitejuridico.com.br\/s.meusitejuridico\/2017\/03\/1793f6ca-8.jpg\",\"datePublished\":\"2023-04-03T10:07:03+00:00\",\"dateModified\":\"2023-04-03T10:07:04+00:00\",\"breadcrumb\":{\"@id\":\"https:\/\/meusitejuridico.editorajuspodivm.com.br\/2023\/04\/03\/resumo-informativo-1-087-do-stf-de-24-de-marco-de-2023\/#breadcrumb\"},\"inLanguage\":\"pt-BR\",\"potentialAction\":[{\"@type\":\"ReadAction\",\"target\":[\"https:\/\/meusitejuridico.editorajuspodivm.com.br\/2023\/04\/03\/resumo-informativo-1-087-do-stf-de-24-de-marco-de-2023\/\"]}]},{\"@type\":\"ImageObject\",\"inLanguage\":\"pt-BR\",\"@id\":\"https:\/\/meusitejuridico.editorajuspodivm.com.br\/2023\/04\/03\/resumo-informativo-1-087-do-stf-de-24-de-marco-de-2023\/#primaryimage\",\"url\":\"https:\/\/webmail.meusitejuridico.com.br\/s.meusitejuridico\/2017\/03\/1793f6ca-8.jpg\",\"contentUrl\":\"https:\/\/webmail.meusitejuridico.com.br\/s.meusitejuridico\/2017\/03\/1793f6ca-8.jpg\",\"width\":1920,\"height\":1255},{\"@type\":\"BreadcrumbList\",\"@id\":\"https:\/\/meusitejuridico.editorajuspodivm.com.br\/2023\/04\/03\/resumo-informativo-1-087-do-stf-de-24-de-marco-de-2023\/#breadcrumb\",\"itemListElement\":[{\"@type\":\"ListItem\",\"position\":1,\"name\":\"In\u00edcio\",\"item\":\"https:\/\/meusitejuridico.editorajuspodivm.com.br\/\"},{\"@type\":\"ListItem\",\"position\":2,\"name\":\"Resumo &#8211; Informativo 1.087 do STF, de 24 de mar\u00e7o de 2023\"}]},{\"@type\":\"WebSite\",\"@id\":\"https:\/\/meusitejuridico.editorajuspodivm.com.br\/#website\",\"url\":\"https:\/\/meusitejuridico.editorajuspodivm.com.br\/\",\"name\":\"Meu site jur\u00eddico\",\"description\":\"Meu site jur\u00eddico\",\"publisher\":{\"@id\":\"https:\/\/meusitejuridico.editorajuspodivm.com.br\/#organization\"},\"potentialAction\":[{\"@type\":\"SearchAction\",\"target\":{\"@type\":\"EntryPoint\",\"urlTemplate\":\"https:\/\/meusitejuridico.editorajuspodivm.com.br\/?s={search_term_string}\"},\"query-input\":{\"@type\":\"PropertyValueSpecification\",\"valueRequired\":true,\"valueName\":\"search_term_string\"}}],\"inLanguage\":\"pt-BR\"},{\"@type\":\"Organization\",\"@id\":\"https:\/\/meusitejuridico.editorajuspodivm.com.br\/#organization\",\"name\":\"Meu site jur\u00eddico\",\"url\":\"https:\/\/meusitejuridico.editorajuspodivm.com.br\/\",\"logo\":{\"@type\":\"ImageObject\",\"inLanguage\":\"pt-BR\",\"@id\":\"https:\/\/meusitejuridico.editorajuspodivm.com.br\/#\/schema\/logo\/image\/\",\"url\":\"https:\/\/webmail.meusitejuridico.com.br\/s.meusitejuridico\/2022\/03\/cropped-baeec2a3-msj-02-01-01.png\",\"contentUrl\":\"https:\/\/webmail.meusitejuridico.com.br\/s.meusitejuridico\/2022\/03\/cropped-baeec2a3-msj-02-01-01.png\",\"width\":349,\"height\":243,\"caption\":\"Meu site jur\u00eddico\"},\"image\":{\"@id\":\"https:\/\/meusitejuridico.editorajuspodivm.com.br\/#\/schema\/logo\/image\/\"}},{\"@type\":\"Person\",\"@id\":\"https:\/\/meusitejuridico.editorajuspodivm.com.br\/#\/schema\/person\/ae56313f17950dccef13d0989efd6d50\",\"name\":\"Rodrigo Leite\",\"image\":{\"@type\":\"ImageObject\",\"inLanguage\":\"pt-BR\",\"@id\":\"https:\/\/meusitejuridico.editorajuspodivm.com.br\/#\/schema\/person\/image\/\",\"url\":\"https:\/\/webmail.meusitejuridico.com.br\/s.meusitejuridico\/2021\/05\/8455192b-foto-site-rodrigo-leite-150x150.jpeg\",\"contentUrl\":\"https:\/\/webmail.meusitejuridico.com.br\/s.meusitejuridico\/2021\/05\/8455192b-foto-site-rodrigo-leite-150x150.jpeg\",\"caption\":\"Rodrigo Leite\"},\"description\":\"Coautor do livro \u201cAn\u00e1lise das Diverg\u00eancias Jurisprudenciais no STF e STJ\u201d, Editora Juspodivm. Autor do livro \u201cTombamento \u2013 Vol. 36 \u2013 Cole\u00e7\u00e3o Leis Especiais para Concursos\u201d, Editora Juspodivm. Autor do livro \u201cDesapropria\u00e7\u00e3o \u2013 Vol. 39 \u2013 Cole\u00e7\u00e3o Especiais para Concursos\u201d, Editora Juspodivm. Coautor do livro \u201cSaberes Jurisprudenciais\u201d, Editora Saraiva. Coorganizador do livro \u201cCPC na Jurisprud\u00eancia\\\", Editora Foco. Especialista em Direito P\u00fablico e Direito Processual Civil. Mestre em Direito Constitucional. Professor da P\u00f3s-gradua\u00e7\u00e3o em Direito Civil da Rede Anhaguera-Kroton. M\u00e1ster Universit\u00e1rio em Direito Constitucional pela Universidad Del Pa\u00eds Vasco, San Sebasti\u00e1n, Espanha. Advogado licenciado. Analista Judici\u00e1rio do TJRN. Assessor de Desembargador do TJRN.\",\"sameAs\":[\"https:\/\/www.editorajuspodivm.com.br\/autores\/detalhe\/85\",\"https:\/\/www.instagram.com\/rodrigocrleite\/\",\"https:\/\/x.com\/rodrigocrleite\"],\"url\":\"https:\/\/webmail.meusitejuridico.com.br\/author\/rodrigoleiterodrigoleite\/\"}]}<\/script>\n<!-- \/ Yoast SEO plugin. -->","yoast_head_json":{"title":"Resumo - Informativo 1.087 do STF, de 24 de mar\u00e7o de 2023 - Meu site jur\u00eddico","robots":{"index":"index","follow":"follow","max-snippet":"max-snippet:-1","max-image-preview":"max-image-preview:large","max-video-preview":"max-video-preview:-1"},"canonical":"https:\/\/meusitejuridico.editorajuspodivm.com.br\/2023\/04\/03\/resumo-informativo-1-087-do-stf-de-24-de-marco-de-2023\/","og_locale":"pt_BR","og_type":"article","og_title":"Resumo - Informativo 1.087 do STF, de 24 de mar\u00e7o de 2023 - Meu site jur\u00eddico","og_description":"PLEN\u00c1RIO &#8211; \u00c9 inconstitucional \u2014 por ofensa aos princ\u00edpios da isonomia, da moralidade e da efici\u00eancia administrativa \u2014 norma que permite o exerc\u00edcio da advocacia em causa pr\u00f3pria, mediante inscri\u00e7\u00e3o especial na OAB, aos policiais e militares da ativa, ainda que estritamente para fins de defesa e tutela de direitos pessoais &#8211; ADI 7272\/DF, julgamento [&hellip;]","og_url":"https:\/\/meusitejuridico.editorajuspodivm.com.br\/2023\/04\/03\/resumo-informativo-1-087-do-stf-de-24-de-marco-de-2023\/","og_site_name":"Meu site jur\u00eddico","article_published_time":"2023-04-03T10:07:03+00:00","article_modified_time":"2023-04-03T10:07:04+00:00","og_image":[{"width":1920,"height":1255,"url":"https:\/\/meusitejuridico.editorajuspodivm.com.br\/s.meusitejuridico\/2017\/03\/1793f6ca-8.jpg","type":"image\/jpeg"}],"author":"Rodrigo Leite","twitter_card":"summary_large_image","twitter_creator":"@rodrigocrleite","twitter_misc":{"Escrito por":"Rodrigo Leite","Est. tempo de leitura":"3 minutos"},"schema":{"@context":"https:\/\/schema.org","@graph":[{"@type":"Article","@id":"https:\/\/meusitejuridico.editorajuspodivm.com.br\/2023\/04\/03\/resumo-informativo-1-087-do-stf-de-24-de-marco-de-2023\/#article","isPartOf":{"@id":"https:\/\/meusitejuridico.editorajuspodivm.com.br\/2023\/04\/03\/resumo-informativo-1-087-do-stf-de-24-de-marco-de-2023\/"},"author":{"name":"Rodrigo Leite","@id":"https:\/\/meusitejuridico.editorajuspodivm.com.br\/#\/schema\/person\/ae56313f17950dccef13d0989efd6d50"},"headline":"Resumo &#8211; Informativo 1.087 do STF, de 24 de mar\u00e7o de 2023","datePublished":"2023-04-03T10:07:03+00:00","dateModified":"2023-04-03T10:07:04+00:00","mainEntityOfPage":{"@id":"https:\/\/meusitejuridico.editorajuspodivm.com.br\/2023\/04\/03\/resumo-informativo-1-087-do-stf-de-24-de-marco-de-2023\/"},"wordCount":615,"commentCount":0,"publisher":{"@id":"https:\/\/meusitejuridico.editorajuspodivm.com.br\/#organization"},"image":{"@id":"https:\/\/meusitejuridico.editorajuspodivm.com.br\/2023\/04\/03\/resumo-informativo-1-087-do-stf-de-24-de-marco-de-2023\/#primaryimage"},"thumbnailUrl":"https:\/\/webmail.meusitejuridico.com.br\/s.meusitejuridico\/2017\/03\/1793f6ca-8.jpg","articleSection":["Informativos"],"inLanguage":"pt-BR","potentialAction":[{"@type":"CommentAction","name":"Comment","target":["https:\/\/meusitejuridico.editorajuspodivm.com.br\/2023\/04\/03\/resumo-informativo-1-087-do-stf-de-24-de-marco-de-2023\/#respond"]}]},{"@type":"WebPage","@id":"https:\/\/meusitejuridico.editorajuspodivm.com.br\/2023\/04\/03\/resumo-informativo-1-087-do-stf-de-24-de-marco-de-2023\/","url":"https:\/\/meusitejuridico.editorajuspodivm.com.br\/2023\/04\/03\/resumo-informativo-1-087-do-stf-de-24-de-marco-de-2023\/","name":"Resumo - Informativo 1.087 do STF, de 24 de mar\u00e7o de 2023 - Meu site jur\u00eddico","isPartOf":{"@id":"https:\/\/meusitejuridico.editorajuspodivm.com.br\/#website"},"primaryImageOfPage":{"@id":"https:\/\/meusitejuridico.editorajuspodivm.com.br\/2023\/04\/03\/resumo-informativo-1-087-do-stf-de-24-de-marco-de-2023\/#primaryimage"},"image":{"@id":"https:\/\/meusitejuridico.editorajuspodivm.com.br\/2023\/04\/03\/resumo-informativo-1-087-do-stf-de-24-de-marco-de-2023\/#primaryimage"},"thumbnailUrl":"https:\/\/webmail.meusitejuridico.com.br\/s.meusitejuridico\/2017\/03\/1793f6ca-8.jpg","datePublished":"2023-04-03T10:07:03+00:00","dateModified":"2023-04-03T10:07:04+00:00","breadcrumb":{"@id":"https:\/\/meusitejuridico.editorajuspodivm.com.br\/2023\/04\/03\/resumo-informativo-1-087-do-stf-de-24-de-marco-de-2023\/#breadcrumb"},"inLanguage":"pt-BR","potentialAction":[{"@type":"ReadAction","target":["https:\/\/meusitejuridico.editorajuspodivm.com.br\/2023\/04\/03\/resumo-informativo-1-087-do-stf-de-24-de-marco-de-2023\/"]}]},{"@type":"ImageObject","inLanguage":"pt-BR","@id":"https:\/\/meusitejuridico.editorajuspodivm.com.br\/2023\/04\/03\/resumo-informativo-1-087-do-stf-de-24-de-marco-de-2023\/#primaryimage","url":"https:\/\/webmail.meusitejuridico.com.br\/s.meusitejuridico\/2017\/03\/1793f6ca-8.jpg","contentUrl":"https:\/\/webmail.meusitejuridico.com.br\/s.meusitejuridico\/2017\/03\/1793f6ca-8.jpg","width":1920,"height":1255},{"@type":"BreadcrumbList","@id":"https:\/\/meusitejuridico.editorajuspodivm.com.br\/2023\/04\/03\/resumo-informativo-1-087-do-stf-de-24-de-marco-de-2023\/#breadcrumb","itemListElement":[{"@type":"ListItem","position":1,"name":"In\u00edcio","item":"https:\/\/meusitejuridico.editorajuspodivm.com.br\/"},{"@type":"ListItem","position":2,"name":"Resumo &#8211; Informativo 1.087 do STF, de 24 de mar\u00e7o de 2023"}]},{"@type":"WebSite","@id":"https:\/\/meusitejuridico.editorajuspodivm.com.br\/#website","url":"https:\/\/meusitejuridico.editorajuspodivm.com.br\/","name":"Meu site jur\u00eddico","description":"Meu site jur\u00eddico","publisher":{"@id":"https:\/\/meusitejuridico.editorajuspodivm.com.br\/#organization"},"potentialAction":[{"@type":"SearchAction","target":{"@type":"EntryPoint","urlTemplate":"https:\/\/meusitejuridico.editorajuspodivm.com.br\/?s={search_term_string}"},"query-input":{"@type":"PropertyValueSpecification","valueRequired":true,"valueName":"search_term_string"}}],"inLanguage":"pt-BR"},{"@type":"Organization","@id":"https:\/\/meusitejuridico.editorajuspodivm.com.br\/#organization","name":"Meu site jur\u00eddico","url":"https:\/\/meusitejuridico.editorajuspodivm.com.br\/","logo":{"@type":"ImageObject","inLanguage":"pt-BR","@id":"https:\/\/meusitejuridico.editorajuspodivm.com.br\/#\/schema\/logo\/image\/","url":"https:\/\/webmail.meusitejuridico.com.br\/s.meusitejuridico\/2022\/03\/cropped-baeec2a3-msj-02-01-01.png","contentUrl":"https:\/\/webmail.meusitejuridico.com.br\/s.meusitejuridico\/2022\/03\/cropped-baeec2a3-msj-02-01-01.png","width":349,"height":243,"caption":"Meu site jur\u00eddico"},"image":{"@id":"https:\/\/meusitejuridico.editorajuspodivm.com.br\/#\/schema\/logo\/image\/"}},{"@type":"Person","@id":"https:\/\/meusitejuridico.editorajuspodivm.com.br\/#\/schema\/person\/ae56313f17950dccef13d0989efd6d50","name":"Rodrigo Leite","image":{"@type":"ImageObject","inLanguage":"pt-BR","@id":"https:\/\/meusitejuridico.editorajuspodivm.com.br\/#\/schema\/person\/image\/","url":"https:\/\/webmail.meusitejuridico.com.br\/s.meusitejuridico\/2021\/05\/8455192b-foto-site-rodrigo-leite-150x150.jpeg","contentUrl":"https:\/\/webmail.meusitejuridico.com.br\/s.meusitejuridico\/2021\/05\/8455192b-foto-site-rodrigo-leite-150x150.jpeg","caption":"Rodrigo Leite"},"description":"Coautor do livro \u201cAn\u00e1lise das Diverg\u00eancias Jurisprudenciais no STF e STJ\u201d, Editora Juspodivm. Autor do livro \u201cTombamento \u2013 Vol. 36 \u2013 Cole\u00e7\u00e3o Leis Especiais para Concursos\u201d, Editora Juspodivm. Autor do livro \u201cDesapropria\u00e7\u00e3o \u2013 Vol. 39 \u2013 Cole\u00e7\u00e3o Especiais para Concursos\u201d, Editora Juspodivm. Coautor do livro \u201cSaberes Jurisprudenciais\u201d, Editora Saraiva. Coorganizador do livro \u201cCPC na Jurisprud\u00eancia\", Editora Foco. Especialista em Direito P\u00fablico e Direito Processual Civil. Mestre em Direito Constitucional. Professor da P\u00f3s-gradua\u00e7\u00e3o em Direito Civil da Rede Anhaguera-Kroton. M\u00e1ster Universit\u00e1rio em Direito Constitucional pela Universidad Del Pa\u00eds Vasco, San Sebasti\u00e1n, Espanha. Advogado licenciado. Analista Judici\u00e1rio do TJRN. Assessor de Desembargador do TJRN.","sameAs":["https:\/\/www.editorajuspodivm.com.br\/autores\/detalhe\/85","https:\/\/www.instagram.com\/rodrigocrleite\/","https:\/\/x.com\/rodrigocrleite"],"url":"https:\/\/webmail.meusitejuridico.com.br\/author\/rodrigoleiterodrigoleite\/"}]}},"_links":{"self":[{"href":"https:\/\/webmail.meusitejuridico.com.br\/api\/wp\/v2\/posts\/17546","targetHints":{"allow":["GET"]}}],"collection":[{"href":"https:\/\/webmail.meusitejuridico.com.br\/api\/wp\/v2\/posts"}],"about":[{"href":"https:\/\/webmail.meusitejuridico.com.br\/api\/wp\/v2\/types\/post"}],"author":[{"embeddable":true,"href":"https:\/\/webmail.meusitejuridico.com.br\/api\/wp\/v2\/users\/131"}],"replies":[{"embeddable":true,"href":"https:\/\/webmail.meusitejuridico.com.br\/api\/wp\/v2\/comments?post=17546"}],"version-history":[{"count":1,"href":"https:\/\/webmail.meusitejuridico.com.br\/api\/wp\/v2\/posts\/17546\/revisions"}],"predecessor-version":[{"id":17547,"href":"https:\/\/webmail.meusitejuridico.com.br\/api\/wp\/v2\/posts\/17546\/revisions\/17547"}],"wp:featuredmedia":[{"embeddable":true,"href":"https:\/\/webmail.meusitejuridico.com.br\/api\/wp\/v2\/media\/1498"}],"wp:attachment":[{"href":"https:\/\/webmail.meusitejuridico.com.br\/api\/wp\/v2\/media?parent=17546"}],"wp:term":[{"taxonomy":"category","embeddable":true,"href":"https:\/\/webmail.meusitejuridico.com.br\/api\/wp\/v2\/categories?post=17546"},{"taxonomy":"post_tag","embeddable":true,"href":"https:\/\/webmail.meusitejuridico.com.br\/api\/wp\/v2\/tags?post=17546"}],"curies":[{"name":"wp","href":"https:\/\/api.w.org\/{rel}","templated":true}]}}