{"id":17528,"date":"2023-03-22T14:24:18","date_gmt":"2023-03-22T17:24:18","guid":{"rendered":"https:\/\/meusitejuridico.editorajuspodivm.com.br\/?p=17528"},"modified":"2023-03-22T14:24:19","modified_gmt":"2023-03-22T17:24:19","slug":"resumo-informativo-1-086-do-stf-de-17-de-marco-de-2023","status":"publish","type":"post","link":"https:\/\/webmail.meusitejuridico.com.br\/2023\/03\/22\/resumo-informativo-1-086-do-stf-de-17-de-marco-de-2023\/","title":{"rendered":"Resumo &#8211; Informativo 1.086 do STF, de 17 de mar\u00e7o de 2023"},"content":{"rendered":"\n<p><strong>PLEN\u00c1RIO<\/strong><strong><\/strong><\/p>\n\n\n\n<p>&#8211; <a>\u00c9 inconstitucional norma estadual que confere \u00e0 Defensoria P\u00fablica o poder de requisi\u00e7\u00e3o para instaurar inqu\u00e9rito policial \u2013 <strong>ADI 4346\/MG<\/strong>, julgamento virtual finalizado em 10\/3\/2023.<\/a><\/p>\n\n\n\n<p>&#8211; A vincula\u00e7\u00e3o entre os subs\u00eddios dos membros do Minist\u00e9rio P\u00fablico, ou de fun\u00e7\u00e3o essencial \u00e0 Justi\u00e7a, e a remunera\u00e7\u00e3o da magistratura \u00e9 vedada pelo art. 37, XIII, da Constitui\u00e7\u00e3o Federal de 1988 \u2013 <strong>ADI 570\/PE<\/strong>, julgamento virtual finalizado em 10\/3\/2023.<\/p>\n\n\n\n<p>&#8211; \u00c9 inconstitucional \u2014 por violar a autonomia administrativa da Defensoria P\u00fablica \u2014 a imposi\u00e7\u00e3o, por via judicial, de lota\u00e7\u00e3o de defensor p\u00fablico em diverg\u00eancia com os crit\u00e9rios prefixados pela pr\u00f3pria institui\u00e7\u00e3o, quando estes j\u00e1 considerem a proporcionalidade da efetiva demanda de seus servi\u00e7os e a respectiva popula\u00e7\u00e3o na unidade jurisdicional, com prioridade de atendimento \u00e0s regi\u00f5es com maiores \u00edndices de exclus\u00e3o social e adensamento populacional \u2013 <strong>RE 877.671\/CE<\/strong>, Tema 874, julgamento finalizado em 8\/3\/2023.<\/p>\n\n\n\n<p>&#8211; \u00c9 inconstitucional norma de Constitui\u00e7\u00e3o estadual que, ap\u00f3s o advento da Constitui\u00e7\u00e3o Federal de 1988, cria \u00f3rg\u00e3o de assessoramento jur\u00eddico auxiliar (\u201cAssessoria Jur\u00eddica estadual\u201d) em car\u00e1ter permanente e vinculado expressamente \u00e0 Procuradoria-Geral do estado, \u00e0s quais compete o exerc\u00edcio de atividades de representa\u00e7\u00e3o judicial, consultoria e assessoramento jur\u00eddico \u2013 <strong>ADI 6500\/RN<\/strong>, julgamento virtual finalizado em 10\/3\/2023.<\/p>\n\n\n\n<p>&#8211; \u00c9 inconstitucional \u2014 por violar a compet\u00eancia privativa da Uni\u00e3o para legislar sobre direito penal e material b\u00e9lico (CF\/1988, art.&nbsp; 22, I e XXI) \u2014 norma estadual que concede, de forma incondicionada, o porte de arma de fogo a agentes penitenci\u00e1rios \u2013 <strong>ADI 5076\/RO<\/strong>,julgamento virtual finalizado em 10\/3\/2023.<\/p>\n\n\n\n<p>&#8211; 1. \u00c9 constitucional norma de lei estadual que imponha ao Minist\u00e9rio P\u00fablico (i) a vincula\u00e7\u00e3o ao regime pr\u00f3prio de previd\u00eancia social do respectivo ente federado; e (ii) a participa\u00e7\u00e3o, juntamente com os poderes e demais \u00f3rg\u00e3os aut\u00f4nomos, do custeio previdenci\u00e1rio. 2. \u00c9 inconstitucional norma de lei estadual que autorize a Secretaria de Estado de Fazenda a reter o valor correspondente \u00e0s contribui\u00e7\u00f5es previdenci\u00e1rias devidas pelo Minist\u00e9rio P\u00fablico, seus membros e servidores \u2013<strong> ADI 4824\/PI<\/strong>,julgamento virtual finalizado em 10\/3\/2023.<strong><\/strong><\/p>\n\n\n\n<p>&#8211; 1. \u00c9 constitucional norma de lei estadual que imponha ao Poder Judici\u00e1rio (i) participar, juntamente com os demais poderes e \u00f3rg\u00e3os aut\u00f4nomos, da cobertura de d\u00e9ficit e do custeio do regime pr\u00f3prio de previd\u00eancia social e (ii) realizar o pagamento do abono de perman\u00eancia dos seus membros e servidores. 2. \u00c9 inconstitucional norma de lei estadual que autorize a Secretaria de Estado de Fazenda a reter o valor correspondente \u00e0s contribui\u00e7\u00f5es previdenci\u00e1rias devidas pelo Poder Judici\u00e1rio, seus membros e servidores \u2013 <strong>ADI 4859\/PI<\/strong>,julgamento virtual finalizado em 10\/3\/2023.<\/p>\n\n\n\n<p>_____________________<\/p>\n\n\n\n<p><strong>Telegram<\/strong>:<strong>&nbsp;<\/strong><a href=\"https:\/\/t.me\/pilulasjuridicasSTFSTJ\" target=\"_blank\" rel=\"noreferrer noopener\"><strong>https:\/\/t.me\/pilulasjuridicasSTFSTJ<\/strong><\/a><strong>&nbsp;| Instagram: @rodrigocrleite<\/strong><\/p>\n","protected":false},"excerpt":{"rendered":"<p>PLEN\u00c1RIO &#8211; \u00c9 inconstitucional norma estadual que confere \u00e0 Defensoria P\u00fablica o poder de requisi\u00e7\u00e3o para instaurar inqu\u00e9rito policial \u2013 ADI 4346\/MG, julgamento virtual finalizado em 10\/3\/2023. &#8211; A vincula\u00e7\u00e3o entre os subs\u00eddios dos membros do Minist\u00e9rio P\u00fablico, ou de fun\u00e7\u00e3o essencial \u00e0 Justi\u00e7a, e a remunera\u00e7\u00e3o da magistratura \u00e9 vedada pelo art. 37, XIII, [&hellip;]<\/p>\n","protected":false},"author":131,"featured_media":3540,"comment_status":"open","ping_status":"open","sticky":false,"template":"","format":"standard","meta":{"_acf_changed":false,"footnotes":""},"categories":[70],"tags":[],"class_list":["post-17528","post","type-post","status-publish","format-standard","has-post-thumbnail","hentry","category-informativos-comentados"],"acf":[],"yoast_head":"<!-- This site is optimized with the Yoast SEO plugin v24.8.1 - https:\/\/yoast.com\/wordpress\/plugins\/seo\/ -->\n<title>Resumo - Informativo 1.086 do STF, de 17 de mar\u00e7o de 2023 - Meu site jur\u00eddico<\/title>\n<meta name=\"robots\" content=\"index, follow, max-snippet:-1, max-image-preview:large, max-video-preview:-1\" \/>\n<link rel=\"canonical\" href=\"https:\/\/meusitejuridico.com.br\/2023\/03\/22\/resumo-informativo-1-086-do-stf-de-17-de-marco-de-2023\/\" \/>\n<meta property=\"og:locale\" content=\"pt_BR\" \/>\n<meta property=\"og:type\" content=\"article\" \/>\n<meta property=\"og:title\" content=\"Resumo - Informativo 1.086 do STF, de 17 de mar\u00e7o de 2023 - Meu site jur\u00eddico\" \/>\n<meta property=\"og:description\" content=\"PLEN\u00c1RIO &#8211; \u00c9 inconstitucional norma estadual que confere \u00e0 Defensoria P\u00fablica o poder de requisi\u00e7\u00e3o para instaurar inqu\u00e9rito policial \u2013 ADI 4346\/MG, julgamento virtual finalizado em 10\/3\/2023. &#8211; A vincula\u00e7\u00e3o entre os subs\u00eddios dos membros do Minist\u00e9rio P\u00fablico, ou de fun\u00e7\u00e3o essencial \u00e0 Justi\u00e7a, e a remunera\u00e7\u00e3o da magistratura \u00e9 vedada pelo art. 37, XIII, [&hellip;]\" \/>\n<meta property=\"og:url\" content=\"https:\/\/meusitejuridico.com.br\/2023\/03\/22\/resumo-informativo-1-086-do-stf-de-17-de-marco-de-2023\/\" \/>\n<meta property=\"og:site_name\" content=\"Meu site jur\u00eddico\" \/>\n<meta property=\"article:published_time\" content=\"2023-03-22T17:24:18+00:00\" \/>\n<meta property=\"article:modified_time\" content=\"2023-03-22T17:24:19+00:00\" \/>\n<meta property=\"og:image\" content=\"https:\/\/meusitejuridico.com.br\/s.meusitejuridico\/2017\/09\/shutterstock_4725790.jpg\" \/>\n\t<meta property=\"og:image:width\" content=\"500\" \/>\n\t<meta property=\"og:image:height\" content=\"335\" \/>\n\t<meta property=\"og:image:type\" content=\"image\/jpeg\" \/>\n<meta name=\"author\" content=\"Rodrigo Leite\" \/>\n<meta name=\"twitter:card\" content=\"summary_large_image\" \/>\n<meta name=\"twitter:creator\" content=\"@rodrigocrleite\" \/>\n<meta name=\"twitter:label1\" content=\"Escrito por\" \/>\n\t<meta name=\"twitter:data1\" content=\"Rodrigo Leite\" \/>\n\t<meta name=\"twitter:label2\" content=\"Est. tempo de leitura\" \/>\n\t<meta name=\"twitter:data2\" content=\"2 minutos\" \/>\n<script type=\"application\/ld+json\" class=\"yoast-schema-graph\">{\"@context\":\"https:\/\/schema.org\",\"@graph\":[{\"@type\":\"Article\",\"@id\":\"https:\/\/meusitejuridico.com.br\/2023\/03\/22\/resumo-informativo-1-086-do-stf-de-17-de-marco-de-2023\/#article\",\"isPartOf\":{\"@id\":\"https:\/\/meusitejuridico.com.br\/2023\/03\/22\/resumo-informativo-1-086-do-stf-de-17-de-marco-de-2023\/\"},\"author\":{\"name\":\"Rodrigo Leite\",\"@id\":\"https:\/\/meusitejuridico.editorajuspodivm.com.br\/#\/schema\/person\/ae56313f17950dccef13d0989efd6d50\"},\"headline\":\"Resumo &#8211; Informativo 1.086 do STF, de 17 de mar\u00e7o de 2023\",\"datePublished\":\"2023-03-22T17:24:18+00:00\",\"dateModified\":\"2023-03-22T17:24:19+00:00\",\"mainEntityOfPage\":{\"@id\":\"https:\/\/meusitejuridico.com.br\/2023\/03\/22\/resumo-informativo-1-086-do-stf-de-17-de-marco-de-2023\/\"},\"wordCount\":461,\"commentCount\":0,\"publisher\":{\"@id\":\"https:\/\/meusitejuridico.editorajuspodivm.com.br\/#organization\"},\"image\":{\"@id\":\"https:\/\/meusitejuridico.com.br\/2023\/03\/22\/resumo-informativo-1-086-do-stf-de-17-de-marco-de-2023\/#primaryimage\"},\"thumbnailUrl\":\"https:\/\/webmail.meusitejuridico.com.br\/s.meusitejuridico\/2017\/09\/shutterstock_4725790.jpg\",\"articleSection\":[\"Informativos\"],\"inLanguage\":\"pt-BR\",\"potentialAction\":[{\"@type\":\"CommentAction\",\"name\":\"Comment\",\"target\":[\"https:\/\/meusitejuridico.com.br\/2023\/03\/22\/resumo-informativo-1-086-do-stf-de-17-de-marco-de-2023\/#respond\"]}]},{\"@type\":\"WebPage\",\"@id\":\"https:\/\/meusitejuridico.com.br\/2023\/03\/22\/resumo-informativo-1-086-do-stf-de-17-de-marco-de-2023\/\",\"url\":\"https:\/\/meusitejuridico.com.br\/2023\/03\/22\/resumo-informativo-1-086-do-stf-de-17-de-marco-de-2023\/\",\"name\":\"Resumo - Informativo 1.086 do STF, de 17 de mar\u00e7o de 2023 - Meu site jur\u00eddico\",\"isPartOf\":{\"@id\":\"https:\/\/meusitejuridico.editorajuspodivm.com.br\/#website\"},\"primaryImageOfPage\":{\"@id\":\"https:\/\/meusitejuridico.com.br\/2023\/03\/22\/resumo-informativo-1-086-do-stf-de-17-de-marco-de-2023\/#primaryimage\"},\"image\":{\"@id\":\"https:\/\/meusitejuridico.com.br\/2023\/03\/22\/resumo-informativo-1-086-do-stf-de-17-de-marco-de-2023\/#primaryimage\"},\"thumbnailUrl\":\"https:\/\/webmail.meusitejuridico.com.br\/s.meusitejuridico\/2017\/09\/shutterstock_4725790.jpg\",\"datePublished\":\"2023-03-22T17:24:18+00:00\",\"dateModified\":\"2023-03-22T17:24:19+00:00\",\"breadcrumb\":{\"@id\":\"https:\/\/meusitejuridico.com.br\/2023\/03\/22\/resumo-informativo-1-086-do-stf-de-17-de-marco-de-2023\/#breadcrumb\"},\"inLanguage\":\"pt-BR\",\"potentialAction\":[{\"@type\":\"ReadAction\",\"target\":[\"https:\/\/meusitejuridico.com.br\/2023\/03\/22\/resumo-informativo-1-086-do-stf-de-17-de-marco-de-2023\/\"]}]},{\"@type\":\"ImageObject\",\"inLanguage\":\"pt-BR\",\"@id\":\"https:\/\/meusitejuridico.com.br\/2023\/03\/22\/resumo-informativo-1-086-do-stf-de-17-de-marco-de-2023\/#primaryimage\",\"url\":\"https:\/\/webmail.meusitejuridico.com.br\/s.meusitejuridico\/2017\/09\/shutterstock_4725790.jpg\",\"contentUrl\":\"https:\/\/webmail.meusitejuridico.com.br\/s.meusitejuridico\/2017\/09\/shutterstock_4725790.jpg\",\"width\":500,\"height\":335},{\"@type\":\"BreadcrumbList\",\"@id\":\"https:\/\/meusitejuridico.com.br\/2023\/03\/22\/resumo-informativo-1-086-do-stf-de-17-de-marco-de-2023\/#breadcrumb\",\"itemListElement\":[{\"@type\":\"ListItem\",\"position\":1,\"name\":\"In\u00edcio\",\"item\":\"https:\/\/meusitejuridico.editorajuspodivm.com.br\/\"},{\"@type\":\"ListItem\",\"position\":2,\"name\":\"Resumo &#8211; Informativo 1.086 do STF, de 17 de mar\u00e7o de 2023\"}]},{\"@type\":\"WebSite\",\"@id\":\"https:\/\/meusitejuridico.editorajuspodivm.com.br\/#website\",\"url\":\"https:\/\/meusitejuridico.editorajuspodivm.com.br\/\",\"name\":\"Meu site jur\u00eddico\",\"description\":\"Meu site jur\u00eddico\",\"publisher\":{\"@id\":\"https:\/\/meusitejuridico.editorajuspodivm.com.br\/#organization\"},\"potentialAction\":[{\"@type\":\"SearchAction\",\"target\":{\"@type\":\"EntryPoint\",\"urlTemplate\":\"https:\/\/meusitejuridico.editorajuspodivm.com.br\/?s={search_term_string}\"},\"query-input\":{\"@type\":\"PropertyValueSpecification\",\"valueRequired\":true,\"valueName\":\"search_term_string\"}}],\"inLanguage\":\"pt-BR\"},{\"@type\":\"Organization\",\"@id\":\"https:\/\/meusitejuridico.editorajuspodivm.com.br\/#organization\",\"name\":\"Meu site jur\u00eddico\",\"url\":\"https:\/\/meusitejuridico.editorajuspodivm.com.br\/\",\"logo\":{\"@type\":\"ImageObject\",\"inLanguage\":\"pt-BR\",\"@id\":\"https:\/\/meusitejuridico.editorajuspodivm.com.br\/#\/schema\/logo\/image\/\",\"url\":\"https:\/\/webmail.meusitejuridico.com.br\/s.meusitejuridico\/2022\/03\/cropped-baeec2a3-msj-02-01-01.png\",\"contentUrl\":\"https:\/\/webmail.meusitejuridico.com.br\/s.meusitejuridico\/2022\/03\/cropped-baeec2a3-msj-02-01-01.png\",\"width\":349,\"height\":243,\"caption\":\"Meu site jur\u00eddico\"},\"image\":{\"@id\":\"https:\/\/meusitejuridico.editorajuspodivm.com.br\/#\/schema\/logo\/image\/\"}},{\"@type\":\"Person\",\"@id\":\"https:\/\/meusitejuridico.editorajuspodivm.com.br\/#\/schema\/person\/ae56313f17950dccef13d0989efd6d50\",\"name\":\"Rodrigo Leite\",\"image\":{\"@type\":\"ImageObject\",\"inLanguage\":\"pt-BR\",\"@id\":\"https:\/\/meusitejuridico.editorajuspodivm.com.br\/#\/schema\/person\/image\/\",\"url\":\"https:\/\/webmail.meusitejuridico.com.br\/s.meusitejuridico\/2021\/05\/8455192b-foto-site-rodrigo-leite-150x150.jpeg\",\"contentUrl\":\"https:\/\/webmail.meusitejuridico.com.br\/s.meusitejuridico\/2021\/05\/8455192b-foto-site-rodrigo-leite-150x150.jpeg\",\"caption\":\"Rodrigo Leite\"},\"description\":\"Coautor do livro \u201cAn\u00e1lise das Diverg\u00eancias Jurisprudenciais no STF e STJ\u201d, Editora Juspodivm. Autor do livro \u201cTombamento \u2013 Vol. 36 \u2013 Cole\u00e7\u00e3o Leis Especiais para Concursos\u201d, Editora Juspodivm. Autor do livro \u201cDesapropria\u00e7\u00e3o \u2013 Vol. 39 \u2013 Cole\u00e7\u00e3o Especiais para Concursos\u201d, Editora Juspodivm. Coautor do livro \u201cSaberes Jurisprudenciais\u201d, Editora Saraiva. Coorganizador do livro \u201cCPC na Jurisprud\u00eancia\\\", Editora Foco. Especialista em Direito P\u00fablico e Direito Processual Civil. Mestre em Direito Constitucional. Professor da P\u00f3s-gradua\u00e7\u00e3o em Direito Civil da Rede Anhaguera-Kroton. M\u00e1ster Universit\u00e1rio em Direito Constitucional pela Universidad Del Pa\u00eds Vasco, San Sebasti\u00e1n, Espanha. Advogado licenciado. Analista Judici\u00e1rio do TJRN. Assessor de Desembargador do TJRN.\",\"sameAs\":[\"https:\/\/www.editorajuspodivm.com.br\/autores\/detalhe\/85\",\"https:\/\/www.instagram.com\/rodrigocrleite\/\",\"https:\/\/x.com\/rodrigocrleite\"],\"url\":\"https:\/\/webmail.meusitejuridico.com.br\/author\/rodrigoleiterodrigoleite\/\"}]}<\/script>\n<!-- \/ Yoast SEO plugin. -->","yoast_head_json":{"title":"Resumo - Informativo 1.086 do STF, de 17 de mar\u00e7o de 2023 - Meu site jur\u00eddico","robots":{"index":"index","follow":"follow","max-snippet":"max-snippet:-1","max-image-preview":"max-image-preview:large","max-video-preview":"max-video-preview:-1"},"canonical":"https:\/\/meusitejuridico.com.br\/2023\/03\/22\/resumo-informativo-1-086-do-stf-de-17-de-marco-de-2023\/","og_locale":"pt_BR","og_type":"article","og_title":"Resumo - Informativo 1.086 do STF, de 17 de mar\u00e7o de 2023 - Meu site jur\u00eddico","og_description":"PLEN\u00c1RIO &#8211; \u00c9 inconstitucional norma estadual que confere \u00e0 Defensoria P\u00fablica o poder de requisi\u00e7\u00e3o para instaurar inqu\u00e9rito policial \u2013 ADI 4346\/MG, julgamento virtual finalizado em 10\/3\/2023. &#8211; A vincula\u00e7\u00e3o entre os subs\u00eddios dos membros do Minist\u00e9rio P\u00fablico, ou de fun\u00e7\u00e3o essencial \u00e0 Justi\u00e7a, e a remunera\u00e7\u00e3o da magistratura \u00e9 vedada pelo art. 37, XIII, [&hellip;]","og_url":"https:\/\/meusitejuridico.com.br\/2023\/03\/22\/resumo-informativo-1-086-do-stf-de-17-de-marco-de-2023\/","og_site_name":"Meu site jur\u00eddico","article_published_time":"2023-03-22T17:24:18+00:00","article_modified_time":"2023-03-22T17:24:19+00:00","og_image":[{"width":500,"height":335,"url":"https:\/\/meusitejuridico.com.br\/s.meusitejuridico\/2017\/09\/shutterstock_4725790.jpg","type":"image\/jpeg"}],"author":"Rodrigo Leite","twitter_card":"summary_large_image","twitter_creator":"@rodrigocrleite","twitter_misc":{"Escrito por":"Rodrigo Leite","Est. tempo de leitura":"2 minutos"},"schema":{"@context":"https:\/\/schema.org","@graph":[{"@type":"Article","@id":"https:\/\/meusitejuridico.com.br\/2023\/03\/22\/resumo-informativo-1-086-do-stf-de-17-de-marco-de-2023\/#article","isPartOf":{"@id":"https:\/\/meusitejuridico.com.br\/2023\/03\/22\/resumo-informativo-1-086-do-stf-de-17-de-marco-de-2023\/"},"author":{"name":"Rodrigo Leite","@id":"https:\/\/meusitejuridico.editorajuspodivm.com.br\/#\/schema\/person\/ae56313f17950dccef13d0989efd6d50"},"headline":"Resumo &#8211; Informativo 1.086 do STF, de 17 de mar\u00e7o de 2023","datePublished":"2023-03-22T17:24:18+00:00","dateModified":"2023-03-22T17:24:19+00:00","mainEntityOfPage":{"@id":"https:\/\/meusitejuridico.com.br\/2023\/03\/22\/resumo-informativo-1-086-do-stf-de-17-de-marco-de-2023\/"},"wordCount":461,"commentCount":0,"publisher":{"@id":"https:\/\/meusitejuridico.editorajuspodivm.com.br\/#organization"},"image":{"@id":"https:\/\/meusitejuridico.com.br\/2023\/03\/22\/resumo-informativo-1-086-do-stf-de-17-de-marco-de-2023\/#primaryimage"},"thumbnailUrl":"https:\/\/webmail.meusitejuridico.com.br\/s.meusitejuridico\/2017\/09\/shutterstock_4725790.jpg","articleSection":["Informativos"],"inLanguage":"pt-BR","potentialAction":[{"@type":"CommentAction","name":"Comment","target":["https:\/\/meusitejuridico.com.br\/2023\/03\/22\/resumo-informativo-1-086-do-stf-de-17-de-marco-de-2023\/#respond"]}]},{"@type":"WebPage","@id":"https:\/\/meusitejuridico.com.br\/2023\/03\/22\/resumo-informativo-1-086-do-stf-de-17-de-marco-de-2023\/","url":"https:\/\/meusitejuridico.com.br\/2023\/03\/22\/resumo-informativo-1-086-do-stf-de-17-de-marco-de-2023\/","name":"Resumo - Informativo 1.086 do STF, de 17 de mar\u00e7o de 2023 - Meu site jur\u00eddico","isPartOf":{"@id":"https:\/\/meusitejuridico.editorajuspodivm.com.br\/#website"},"primaryImageOfPage":{"@id":"https:\/\/meusitejuridico.com.br\/2023\/03\/22\/resumo-informativo-1-086-do-stf-de-17-de-marco-de-2023\/#primaryimage"},"image":{"@id":"https:\/\/meusitejuridico.com.br\/2023\/03\/22\/resumo-informativo-1-086-do-stf-de-17-de-marco-de-2023\/#primaryimage"},"thumbnailUrl":"https:\/\/webmail.meusitejuridico.com.br\/s.meusitejuridico\/2017\/09\/shutterstock_4725790.jpg","datePublished":"2023-03-22T17:24:18+00:00","dateModified":"2023-03-22T17:24:19+00:00","breadcrumb":{"@id":"https:\/\/meusitejuridico.com.br\/2023\/03\/22\/resumo-informativo-1-086-do-stf-de-17-de-marco-de-2023\/#breadcrumb"},"inLanguage":"pt-BR","potentialAction":[{"@type":"ReadAction","target":["https:\/\/meusitejuridico.com.br\/2023\/03\/22\/resumo-informativo-1-086-do-stf-de-17-de-marco-de-2023\/"]}]},{"@type":"ImageObject","inLanguage":"pt-BR","@id":"https:\/\/meusitejuridico.com.br\/2023\/03\/22\/resumo-informativo-1-086-do-stf-de-17-de-marco-de-2023\/#primaryimage","url":"https:\/\/webmail.meusitejuridico.com.br\/s.meusitejuridico\/2017\/09\/shutterstock_4725790.jpg","contentUrl":"https:\/\/webmail.meusitejuridico.com.br\/s.meusitejuridico\/2017\/09\/shutterstock_4725790.jpg","width":500,"height":335},{"@type":"BreadcrumbList","@id":"https:\/\/meusitejuridico.com.br\/2023\/03\/22\/resumo-informativo-1-086-do-stf-de-17-de-marco-de-2023\/#breadcrumb","itemListElement":[{"@type":"ListItem","position":1,"name":"In\u00edcio","item":"https:\/\/meusitejuridico.editorajuspodivm.com.br\/"},{"@type":"ListItem","position":2,"name":"Resumo &#8211; Informativo 1.086 do STF, de 17 de mar\u00e7o de 2023"}]},{"@type":"WebSite","@id":"https:\/\/meusitejuridico.editorajuspodivm.com.br\/#website","url":"https:\/\/meusitejuridico.editorajuspodivm.com.br\/","name":"Meu site jur\u00eddico","description":"Meu site jur\u00eddico","publisher":{"@id":"https:\/\/meusitejuridico.editorajuspodivm.com.br\/#organization"},"potentialAction":[{"@type":"SearchAction","target":{"@type":"EntryPoint","urlTemplate":"https:\/\/meusitejuridico.editorajuspodivm.com.br\/?s={search_term_string}"},"query-input":{"@type":"PropertyValueSpecification","valueRequired":true,"valueName":"search_term_string"}}],"inLanguage":"pt-BR"},{"@type":"Organization","@id":"https:\/\/meusitejuridico.editorajuspodivm.com.br\/#organization","name":"Meu site jur\u00eddico","url":"https:\/\/meusitejuridico.editorajuspodivm.com.br\/","logo":{"@type":"ImageObject","inLanguage":"pt-BR","@id":"https:\/\/meusitejuridico.editorajuspodivm.com.br\/#\/schema\/logo\/image\/","url":"https:\/\/webmail.meusitejuridico.com.br\/s.meusitejuridico\/2022\/03\/cropped-baeec2a3-msj-02-01-01.png","contentUrl":"https:\/\/webmail.meusitejuridico.com.br\/s.meusitejuridico\/2022\/03\/cropped-baeec2a3-msj-02-01-01.png","width":349,"height":243,"caption":"Meu site jur\u00eddico"},"image":{"@id":"https:\/\/meusitejuridico.editorajuspodivm.com.br\/#\/schema\/logo\/image\/"}},{"@type":"Person","@id":"https:\/\/meusitejuridico.editorajuspodivm.com.br\/#\/schema\/person\/ae56313f17950dccef13d0989efd6d50","name":"Rodrigo Leite","image":{"@type":"ImageObject","inLanguage":"pt-BR","@id":"https:\/\/meusitejuridico.editorajuspodivm.com.br\/#\/schema\/person\/image\/","url":"https:\/\/webmail.meusitejuridico.com.br\/s.meusitejuridico\/2021\/05\/8455192b-foto-site-rodrigo-leite-150x150.jpeg","contentUrl":"https:\/\/webmail.meusitejuridico.com.br\/s.meusitejuridico\/2021\/05\/8455192b-foto-site-rodrigo-leite-150x150.jpeg","caption":"Rodrigo Leite"},"description":"Coautor do livro \u201cAn\u00e1lise das Diverg\u00eancias Jurisprudenciais no STF e STJ\u201d, Editora Juspodivm. Autor do livro \u201cTombamento \u2013 Vol. 36 \u2013 Cole\u00e7\u00e3o Leis Especiais para Concursos\u201d, Editora Juspodivm. Autor do livro \u201cDesapropria\u00e7\u00e3o \u2013 Vol. 39 \u2013 Cole\u00e7\u00e3o Especiais para Concursos\u201d, Editora Juspodivm. Coautor do livro \u201cSaberes Jurisprudenciais\u201d, Editora Saraiva. Coorganizador do livro \u201cCPC na Jurisprud\u00eancia\", Editora Foco. Especialista em Direito P\u00fablico e Direito Processual Civil. Mestre em Direito Constitucional. Professor da P\u00f3s-gradua\u00e7\u00e3o em Direito Civil da Rede Anhaguera-Kroton. M\u00e1ster Universit\u00e1rio em Direito Constitucional pela Universidad Del Pa\u00eds Vasco, San Sebasti\u00e1n, Espanha. Advogado licenciado. Analista Judici\u00e1rio do TJRN. Assessor de Desembargador do TJRN.","sameAs":["https:\/\/www.editorajuspodivm.com.br\/autores\/detalhe\/85","https:\/\/www.instagram.com\/rodrigocrleite\/","https:\/\/x.com\/rodrigocrleite"],"url":"https:\/\/webmail.meusitejuridico.com.br\/author\/rodrigoleiterodrigoleite\/"}]}},"_links":{"self":[{"href":"https:\/\/webmail.meusitejuridico.com.br\/api\/wp\/v2\/posts\/17528","targetHints":{"allow":["GET"]}}],"collection":[{"href":"https:\/\/webmail.meusitejuridico.com.br\/api\/wp\/v2\/posts"}],"about":[{"href":"https:\/\/webmail.meusitejuridico.com.br\/api\/wp\/v2\/types\/post"}],"author":[{"embeddable":true,"href":"https:\/\/webmail.meusitejuridico.com.br\/api\/wp\/v2\/users\/131"}],"replies":[{"embeddable":true,"href":"https:\/\/webmail.meusitejuridico.com.br\/api\/wp\/v2\/comments?post=17528"}],"version-history":[{"count":1,"href":"https:\/\/webmail.meusitejuridico.com.br\/api\/wp\/v2\/posts\/17528\/revisions"}],"predecessor-version":[{"id":17529,"href":"https:\/\/webmail.meusitejuridico.com.br\/api\/wp\/v2\/posts\/17528\/revisions\/17529"}],"wp:featuredmedia":[{"embeddable":true,"href":"https:\/\/webmail.meusitejuridico.com.br\/api\/wp\/v2\/media\/3540"}],"wp:attachment":[{"href":"https:\/\/webmail.meusitejuridico.com.br\/api\/wp\/v2\/media?parent=17528"}],"wp:term":[{"taxonomy":"category","embeddable":true,"href":"https:\/\/webmail.meusitejuridico.com.br\/api\/wp\/v2\/categories?post=17528"},{"taxonomy":"post_tag","embeddable":true,"href":"https:\/\/webmail.meusitejuridico.com.br\/api\/wp\/v2\/tags?post=17528"}],"curies":[{"name":"wp","href":"https:\/\/api.w.org\/{rel}","templated":true}]}}