{"id":17502,"date":"2023-02-24T17:48:59","date_gmt":"2023-02-24T20:48:59","guid":{"rendered":"https:\/\/meusitejuridico.editorajuspodivm.com.br\/?p=17502"},"modified":"2023-02-24T17:49:01","modified_gmt":"2023-02-24T20:49:01","slug":"resumo-informativo-1-082-do-stf-de-17-de-fevereiro-de-2023","status":"publish","type":"post","link":"https:\/\/webmail.meusitejuridico.com.br\/2023\/02\/24\/resumo-informativo-1-082-do-stf-de-17-de-fevereiro-de-2023\/","title":{"rendered":"Resumo &#8211; Informativo 1.082 do STF, de 17 de fevereiro de 2023"},"content":{"rendered":"\n<p><strong>PLEN\u00c1RIO<\/strong><strong><\/strong><\/p>\n\n\n\n<p>&#8211; Os efeitos temporais da coisa julgada nas rela\u00e7\u00f5es jur\u00eddicas tribut\u00e1rias de trato sucessivo s\u00e3o imediatamente cessados quando o STF se manifestar em sentido oposto em julgamento de controle concentrado de constitucionalidade ou de recurso extraordin\u00e1rio com repercuss\u00e3o geral \u2013 <strong>RE 955.227\/BA<\/strong> (Tema 885) e <strong>RE 949.297\/CE<\/strong> (Tema 881), julgados em 08\/02\/2023.<\/p>\n\n\n\n<p>&#8211; \u00c9 inconstitucional \u2014 por violar a compet\u00eancia privativa da Uni\u00e3o para legislar sobre diretrizes e bases da educa\u00e7\u00e3o nacional (CF\/1988, art. 22, XXIV) \u2014 lei estadual que veda a ado\u00e7\u00e3o da \u201clinguagem neutra\u201d na grade curricular e no material did\u00e1tico de institui\u00e7\u00f5es de ensino p\u00fablicas e privadas, assim como em editais de concursos p\u00fablicos locais \u2013 <strong>ADI 7019\/RO<\/strong>, julgada em 10\/02\/2023.<\/p>\n\n\n\n<p>&#8211; Diante da in\u00e9rcia do Poder Executivo em adotar provid\u00eancias para cumprir de modo integral e tempestivo a decis\u00e3o do STF que suspendeu os efeitos da MP 1.135\/2022 e manteve a obrigatoriedade da entrega dos recursos financeiros destinados a apoiar o setor cultural e de eventos, \u00e9 leg\u00edtima a prorroga\u00e7\u00e3o do prazo de execu\u00e7\u00e3o financeira at\u00e9 o final do ano de 2023, a fim de garantir a efic\u00e1cia da medida cautelar deferida e referendada oportunamente \u2013 <strong>ADI 7232 TPI-Ref\/DF<\/strong>, julgada em 02\/02\/2023.<\/p>\n\n\n\n<p>&#8211; S\u00e3o constitucionais \u2014 desde que respeitados os direitos fundamentais da pessoa humana e observados os valores especificados no pr\u00f3prio ordenamento processual, em especial os princ\u00edpios da proporcionalidade e da razoabilidade \u2014 as medidas at\u00edpicas previstas no CPC\/2015 destinadas a assegurar a efetiva\u00e7\u00e3o dos julgados \u2013 <strong>ADI 5941\/DF<\/strong>, julgada em 09\/02\/2023.<\/p>\n\n\n\n<p><strong>SEGUNDA TURMA<\/strong><strong><\/strong><\/p>\n\n\n\n<p>&#8211; N\u00e3o se aplica \u00e0s associa\u00e7\u00f5es gen\u00e9ricas \u2014 que n\u00e3o representam qualquer categoria econ\u00f4mica ou profissional espec\u00edfica \u2014 a tese firmada no Tema 1.119 da sistem\u00e1tica da repercuss\u00e3o geral, sendo insuficiente a mera regularidade registral da entidade para sua atua\u00e7\u00e3o em sede de mandado de seguran\u00e7a coletivo, pois pass\u00edvel de causar preju\u00edzo aos interesses dos benefici\u00e1rios supostamente defendidos \u2013 <strong>ARE 1.339.496 AgR\/RJ<\/strong>, julgado em 07\/02\/2023.<\/p>\n\n\n\n<p>***<\/p>\n\n\n\n<p><strong>Telegram<\/strong>:<strong>&nbsp;<\/strong><a href=\"https:\/\/t.me\/pilulasjuridicasSTFSTJ\" target=\"_blank\" rel=\"noreferrer noopener\"><strong>https:\/\/t.me\/pilulasjuridicasSTFSTJ<\/strong><\/a><strong>&nbsp;| Instagram: @rodrigocrleite<\/strong><\/p>\n","protected":false},"excerpt":{"rendered":"<p>PLEN\u00c1RIO &#8211; Os efeitos temporais da coisa julgada nas rela\u00e7\u00f5es jur\u00eddicas tribut\u00e1rias de trato sucessivo s\u00e3o imediatamente cessados quando o STF se manifestar em sentido oposto em julgamento de controle concentrado de constitucionalidade ou de recurso extraordin\u00e1rio com repercuss\u00e3o geral \u2013 RE 955.227\/BA (Tema 885) e RE 949.297\/CE (Tema 881), julgados em 08\/02\/2023. &#8211; \u00c9 [&hellip;]<\/p>\n","protected":false},"author":131,"featured_media":6858,"comment_status":"open","ping_status":"open","sticky":false,"template":"","format":"standard","meta":{"_acf_changed":false,"footnotes":""},"categories":[70],"tags":[],"class_list":["post-17502","post","type-post","status-publish","format-standard","has-post-thumbnail","hentry","category-informativos-comentados"],"acf":[],"yoast_head":"<!-- This site is optimized with the Yoast SEO plugin v24.8.1 - https:\/\/yoast.com\/wordpress\/plugins\/seo\/ -->\n<title>Resumo - Informativo 1.082 do STF, de 17 de fevereiro de 2023 - Meu site jur\u00eddico<\/title>\n<meta name=\"robots\" content=\"index, follow, max-snippet:-1, max-image-preview:large, max-video-preview:-1\" \/>\n<link rel=\"canonical\" href=\"https:\/\/meusitejuridico.com.br\/2023\/02\/24\/resumo-informativo-1-082-do-stf-de-17-de-fevereiro-de-2023\/\" \/>\n<meta property=\"og:locale\" content=\"pt_BR\" \/>\n<meta property=\"og:type\" content=\"article\" \/>\n<meta property=\"og:title\" content=\"Resumo - Informativo 1.082 do STF, de 17 de fevereiro de 2023 - Meu site jur\u00eddico\" \/>\n<meta property=\"og:description\" content=\"PLEN\u00c1RIO &#8211; Os efeitos temporais da coisa julgada nas rela\u00e7\u00f5es jur\u00eddicas tribut\u00e1rias de trato sucessivo s\u00e3o imediatamente cessados quando o STF se manifestar em sentido oposto em julgamento de controle concentrado de constitucionalidade ou de recurso extraordin\u00e1rio com repercuss\u00e3o geral \u2013 RE 955.227\/BA (Tema 885) e RE 949.297\/CE (Tema 881), julgados em 08\/02\/2023. &#8211; \u00c9 [&hellip;]\" \/>\n<meta property=\"og:url\" content=\"https:\/\/meusitejuridico.com.br\/2023\/02\/24\/resumo-informativo-1-082-do-stf-de-17-de-fevereiro-de-2023\/\" \/>\n<meta property=\"og:site_name\" content=\"Meu site jur\u00eddico\" \/>\n<meta property=\"article:published_time\" content=\"2023-02-24T20:48:59+00:00\" \/>\n<meta property=\"article:modified_time\" content=\"2023-02-24T20:49:01+00:00\" \/>\n<meta property=\"og:image\" content=\"https:\/\/meusitejuridico.com.br\/s.meusitejuridico\/2018\/11\/30f7d2d7-stf.jpeg\" \/>\n\t<meta property=\"og:image:width\" content=\"1280\" \/>\n\t<meta property=\"og:image:height\" content=\"960\" \/>\n\t<meta property=\"og:image:type\" content=\"image\/jpeg\" \/>\n<meta name=\"author\" content=\"Rodrigo Leite\" \/>\n<meta name=\"twitter:card\" content=\"summary_large_image\" \/>\n<meta name=\"twitter:creator\" content=\"@rodrigocrleite\" \/>\n<meta name=\"twitter:label1\" content=\"Escrito por\" \/>\n\t<meta name=\"twitter:data1\" content=\"Rodrigo Leite\" \/>\n\t<meta name=\"twitter:label2\" content=\"Est. tempo de leitura\" \/>\n\t<meta name=\"twitter:data2\" content=\"2 minutos\" \/>\n<script type=\"application\/ld+json\" class=\"yoast-schema-graph\">{\"@context\":\"https:\/\/schema.org\",\"@graph\":[{\"@type\":\"Article\",\"@id\":\"https:\/\/meusitejuridico.com.br\/2023\/02\/24\/resumo-informativo-1-082-do-stf-de-17-de-fevereiro-de-2023\/#article\",\"isPartOf\":{\"@id\":\"https:\/\/meusitejuridico.com.br\/2023\/02\/24\/resumo-informativo-1-082-do-stf-de-17-de-fevereiro-de-2023\/\"},\"author\":{\"name\":\"Rodrigo Leite\",\"@id\":\"https:\/\/meusitejuridico.editorajuspodivm.com.br\/#\/schema\/person\/ae56313f17950dccef13d0989efd6d50\"},\"headline\":\"Resumo &#8211; Informativo 1.082 do STF, de 17 de fevereiro de 2023\",\"datePublished\":\"2023-02-24T20:48:59+00:00\",\"dateModified\":\"2023-02-24T20:49:01+00:00\",\"mainEntityOfPage\":{\"@id\":\"https:\/\/meusitejuridico.com.br\/2023\/02\/24\/resumo-informativo-1-082-do-stf-de-17-de-fevereiro-de-2023\/\"},\"wordCount\":349,\"commentCount\":0,\"publisher\":{\"@id\":\"https:\/\/meusitejuridico.editorajuspodivm.com.br\/#organization\"},\"image\":{\"@id\":\"https:\/\/meusitejuridico.com.br\/2023\/02\/24\/resumo-informativo-1-082-do-stf-de-17-de-fevereiro-de-2023\/#primaryimage\"},\"thumbnailUrl\":\"https:\/\/webmail.meusitejuridico.com.br\/s.meusitejuridico\/2018\/11\/30f7d2d7-stf.jpeg\",\"articleSection\":[\"Informativos\"],\"inLanguage\":\"pt-BR\",\"potentialAction\":[{\"@type\":\"CommentAction\",\"name\":\"Comment\",\"target\":[\"https:\/\/meusitejuridico.com.br\/2023\/02\/24\/resumo-informativo-1-082-do-stf-de-17-de-fevereiro-de-2023\/#respond\"]}]},{\"@type\":\"WebPage\",\"@id\":\"https:\/\/meusitejuridico.com.br\/2023\/02\/24\/resumo-informativo-1-082-do-stf-de-17-de-fevereiro-de-2023\/\",\"url\":\"https:\/\/meusitejuridico.com.br\/2023\/02\/24\/resumo-informativo-1-082-do-stf-de-17-de-fevereiro-de-2023\/\",\"name\":\"Resumo - Informativo 1.082 do STF, de 17 de fevereiro de 2023 - Meu site jur\u00eddico\",\"isPartOf\":{\"@id\":\"https:\/\/meusitejuridico.editorajuspodivm.com.br\/#website\"},\"primaryImageOfPage\":{\"@id\":\"https:\/\/meusitejuridico.com.br\/2023\/02\/24\/resumo-informativo-1-082-do-stf-de-17-de-fevereiro-de-2023\/#primaryimage\"},\"image\":{\"@id\":\"https:\/\/meusitejuridico.com.br\/2023\/02\/24\/resumo-informativo-1-082-do-stf-de-17-de-fevereiro-de-2023\/#primaryimage\"},\"thumbnailUrl\":\"https:\/\/webmail.meusitejuridico.com.br\/s.meusitejuridico\/2018\/11\/30f7d2d7-stf.jpeg\",\"datePublished\":\"2023-02-24T20:48:59+00:00\",\"dateModified\":\"2023-02-24T20:49:01+00:00\",\"breadcrumb\":{\"@id\":\"https:\/\/meusitejuridico.com.br\/2023\/02\/24\/resumo-informativo-1-082-do-stf-de-17-de-fevereiro-de-2023\/#breadcrumb\"},\"inLanguage\":\"pt-BR\",\"potentialAction\":[{\"@type\":\"ReadAction\",\"target\":[\"https:\/\/meusitejuridico.com.br\/2023\/02\/24\/resumo-informativo-1-082-do-stf-de-17-de-fevereiro-de-2023\/\"]}]},{\"@type\":\"ImageObject\",\"inLanguage\":\"pt-BR\",\"@id\":\"https:\/\/meusitejuridico.com.br\/2023\/02\/24\/resumo-informativo-1-082-do-stf-de-17-de-fevereiro-de-2023\/#primaryimage\",\"url\":\"https:\/\/webmail.meusitejuridico.com.br\/s.meusitejuridico\/2018\/11\/30f7d2d7-stf.jpeg\",\"contentUrl\":\"https:\/\/webmail.meusitejuridico.com.br\/s.meusitejuridico\/2018\/11\/30f7d2d7-stf.jpeg\",\"width\":1280,\"height\":960},{\"@type\":\"BreadcrumbList\",\"@id\":\"https:\/\/meusitejuridico.com.br\/2023\/02\/24\/resumo-informativo-1-082-do-stf-de-17-de-fevereiro-de-2023\/#breadcrumb\",\"itemListElement\":[{\"@type\":\"ListItem\",\"position\":1,\"name\":\"In\u00edcio\",\"item\":\"https:\/\/meusitejuridico.editorajuspodivm.com.br\/\"},{\"@type\":\"ListItem\",\"position\":2,\"name\":\"Resumo &#8211; Informativo 1.082 do STF, de 17 de fevereiro de 2023\"}]},{\"@type\":\"WebSite\",\"@id\":\"https:\/\/meusitejuridico.editorajuspodivm.com.br\/#website\",\"url\":\"https:\/\/meusitejuridico.editorajuspodivm.com.br\/\",\"name\":\"Meu site jur\u00eddico\",\"description\":\"Meu site jur\u00eddico\",\"publisher\":{\"@id\":\"https:\/\/meusitejuridico.editorajuspodivm.com.br\/#organization\"},\"potentialAction\":[{\"@type\":\"SearchAction\",\"target\":{\"@type\":\"EntryPoint\",\"urlTemplate\":\"https:\/\/meusitejuridico.editorajuspodivm.com.br\/?s={search_term_string}\"},\"query-input\":{\"@type\":\"PropertyValueSpecification\",\"valueRequired\":true,\"valueName\":\"search_term_string\"}}],\"inLanguage\":\"pt-BR\"},{\"@type\":\"Organization\",\"@id\":\"https:\/\/meusitejuridico.editorajuspodivm.com.br\/#organization\",\"name\":\"Meu site jur\u00eddico\",\"url\":\"https:\/\/meusitejuridico.editorajuspodivm.com.br\/\",\"logo\":{\"@type\":\"ImageObject\",\"inLanguage\":\"pt-BR\",\"@id\":\"https:\/\/meusitejuridico.editorajuspodivm.com.br\/#\/schema\/logo\/image\/\",\"url\":\"https:\/\/webmail.meusitejuridico.com.br\/s.meusitejuridico\/2022\/03\/cropped-baeec2a3-msj-02-01-01.png\",\"contentUrl\":\"https:\/\/webmail.meusitejuridico.com.br\/s.meusitejuridico\/2022\/03\/cropped-baeec2a3-msj-02-01-01.png\",\"width\":349,\"height\":243,\"caption\":\"Meu site jur\u00eddico\"},\"image\":{\"@id\":\"https:\/\/meusitejuridico.editorajuspodivm.com.br\/#\/schema\/logo\/image\/\"}},{\"@type\":\"Person\",\"@id\":\"https:\/\/meusitejuridico.editorajuspodivm.com.br\/#\/schema\/person\/ae56313f17950dccef13d0989efd6d50\",\"name\":\"Rodrigo Leite\",\"image\":{\"@type\":\"ImageObject\",\"inLanguage\":\"pt-BR\",\"@id\":\"https:\/\/meusitejuridico.editorajuspodivm.com.br\/#\/schema\/person\/image\/\",\"url\":\"https:\/\/webmail.meusitejuridico.com.br\/s.meusitejuridico\/2021\/05\/8455192b-foto-site-rodrigo-leite-150x150.jpeg\",\"contentUrl\":\"https:\/\/webmail.meusitejuridico.com.br\/s.meusitejuridico\/2021\/05\/8455192b-foto-site-rodrigo-leite-150x150.jpeg\",\"caption\":\"Rodrigo Leite\"},\"description\":\"Coautor do livro \u201cAn\u00e1lise das Diverg\u00eancias Jurisprudenciais no STF e STJ\u201d, Editora Juspodivm. Autor do livro \u201cTombamento \u2013 Vol. 36 \u2013 Cole\u00e7\u00e3o Leis Especiais para Concursos\u201d, Editora Juspodivm. Autor do livro \u201cDesapropria\u00e7\u00e3o \u2013 Vol. 39 \u2013 Cole\u00e7\u00e3o Especiais para Concursos\u201d, Editora Juspodivm. Coautor do livro \u201cSaberes Jurisprudenciais\u201d, Editora Saraiva. Coorganizador do livro \u201cCPC na Jurisprud\u00eancia\\\", Editora Foco. Especialista em Direito P\u00fablico e Direito Processual Civil. Mestre em Direito Constitucional. Professor da P\u00f3s-gradua\u00e7\u00e3o em Direito Civil da Rede Anhaguera-Kroton. M\u00e1ster Universit\u00e1rio em Direito Constitucional pela Universidad Del Pa\u00eds Vasco, San Sebasti\u00e1n, Espanha. Advogado licenciado. Analista Judici\u00e1rio do TJRN. Assessor de Desembargador do TJRN.\",\"sameAs\":[\"https:\/\/www.editorajuspodivm.com.br\/autores\/detalhe\/85\",\"https:\/\/www.instagram.com\/rodrigocrleite\/\",\"https:\/\/x.com\/rodrigocrleite\"],\"url\":\"https:\/\/webmail.meusitejuridico.com.br\/author\/rodrigoleiterodrigoleite\/\"}]}<\/script>\n<!-- \/ Yoast SEO plugin. -->","yoast_head_json":{"title":"Resumo - Informativo 1.082 do STF, de 17 de fevereiro de 2023 - Meu site jur\u00eddico","robots":{"index":"index","follow":"follow","max-snippet":"max-snippet:-1","max-image-preview":"max-image-preview:large","max-video-preview":"max-video-preview:-1"},"canonical":"https:\/\/meusitejuridico.com.br\/2023\/02\/24\/resumo-informativo-1-082-do-stf-de-17-de-fevereiro-de-2023\/","og_locale":"pt_BR","og_type":"article","og_title":"Resumo - Informativo 1.082 do STF, de 17 de fevereiro de 2023 - Meu site jur\u00eddico","og_description":"PLEN\u00c1RIO &#8211; Os efeitos temporais da coisa julgada nas rela\u00e7\u00f5es jur\u00eddicas tribut\u00e1rias de trato sucessivo s\u00e3o imediatamente cessados quando o STF se manifestar em sentido oposto em julgamento de controle concentrado de constitucionalidade ou de recurso extraordin\u00e1rio com repercuss\u00e3o geral \u2013 RE 955.227\/BA (Tema 885) e RE 949.297\/CE (Tema 881), julgados em 08\/02\/2023. &#8211; \u00c9 [&hellip;]","og_url":"https:\/\/meusitejuridico.com.br\/2023\/02\/24\/resumo-informativo-1-082-do-stf-de-17-de-fevereiro-de-2023\/","og_site_name":"Meu site jur\u00eddico","article_published_time":"2023-02-24T20:48:59+00:00","article_modified_time":"2023-02-24T20:49:01+00:00","og_image":[{"width":1280,"height":960,"url":"https:\/\/meusitejuridico.com.br\/s.meusitejuridico\/2018\/11\/30f7d2d7-stf.jpeg","type":"image\/jpeg"}],"author":"Rodrigo Leite","twitter_card":"summary_large_image","twitter_creator":"@rodrigocrleite","twitter_misc":{"Escrito por":"Rodrigo Leite","Est. tempo de leitura":"2 minutos"},"schema":{"@context":"https:\/\/schema.org","@graph":[{"@type":"Article","@id":"https:\/\/meusitejuridico.com.br\/2023\/02\/24\/resumo-informativo-1-082-do-stf-de-17-de-fevereiro-de-2023\/#article","isPartOf":{"@id":"https:\/\/meusitejuridico.com.br\/2023\/02\/24\/resumo-informativo-1-082-do-stf-de-17-de-fevereiro-de-2023\/"},"author":{"name":"Rodrigo Leite","@id":"https:\/\/meusitejuridico.editorajuspodivm.com.br\/#\/schema\/person\/ae56313f17950dccef13d0989efd6d50"},"headline":"Resumo &#8211; Informativo 1.082 do STF, de 17 de fevereiro de 2023","datePublished":"2023-02-24T20:48:59+00:00","dateModified":"2023-02-24T20:49:01+00:00","mainEntityOfPage":{"@id":"https:\/\/meusitejuridico.com.br\/2023\/02\/24\/resumo-informativo-1-082-do-stf-de-17-de-fevereiro-de-2023\/"},"wordCount":349,"commentCount":0,"publisher":{"@id":"https:\/\/meusitejuridico.editorajuspodivm.com.br\/#organization"},"image":{"@id":"https:\/\/meusitejuridico.com.br\/2023\/02\/24\/resumo-informativo-1-082-do-stf-de-17-de-fevereiro-de-2023\/#primaryimage"},"thumbnailUrl":"https:\/\/webmail.meusitejuridico.com.br\/s.meusitejuridico\/2018\/11\/30f7d2d7-stf.jpeg","articleSection":["Informativos"],"inLanguage":"pt-BR","potentialAction":[{"@type":"CommentAction","name":"Comment","target":["https:\/\/meusitejuridico.com.br\/2023\/02\/24\/resumo-informativo-1-082-do-stf-de-17-de-fevereiro-de-2023\/#respond"]}]},{"@type":"WebPage","@id":"https:\/\/meusitejuridico.com.br\/2023\/02\/24\/resumo-informativo-1-082-do-stf-de-17-de-fevereiro-de-2023\/","url":"https:\/\/meusitejuridico.com.br\/2023\/02\/24\/resumo-informativo-1-082-do-stf-de-17-de-fevereiro-de-2023\/","name":"Resumo - Informativo 1.082 do STF, de 17 de fevereiro de 2023 - Meu site jur\u00eddico","isPartOf":{"@id":"https:\/\/meusitejuridico.editorajuspodivm.com.br\/#website"},"primaryImageOfPage":{"@id":"https:\/\/meusitejuridico.com.br\/2023\/02\/24\/resumo-informativo-1-082-do-stf-de-17-de-fevereiro-de-2023\/#primaryimage"},"image":{"@id":"https:\/\/meusitejuridico.com.br\/2023\/02\/24\/resumo-informativo-1-082-do-stf-de-17-de-fevereiro-de-2023\/#primaryimage"},"thumbnailUrl":"https:\/\/webmail.meusitejuridico.com.br\/s.meusitejuridico\/2018\/11\/30f7d2d7-stf.jpeg","datePublished":"2023-02-24T20:48:59+00:00","dateModified":"2023-02-24T20:49:01+00:00","breadcrumb":{"@id":"https:\/\/meusitejuridico.com.br\/2023\/02\/24\/resumo-informativo-1-082-do-stf-de-17-de-fevereiro-de-2023\/#breadcrumb"},"inLanguage":"pt-BR","potentialAction":[{"@type":"ReadAction","target":["https:\/\/meusitejuridico.com.br\/2023\/02\/24\/resumo-informativo-1-082-do-stf-de-17-de-fevereiro-de-2023\/"]}]},{"@type":"ImageObject","inLanguage":"pt-BR","@id":"https:\/\/meusitejuridico.com.br\/2023\/02\/24\/resumo-informativo-1-082-do-stf-de-17-de-fevereiro-de-2023\/#primaryimage","url":"https:\/\/webmail.meusitejuridico.com.br\/s.meusitejuridico\/2018\/11\/30f7d2d7-stf.jpeg","contentUrl":"https:\/\/webmail.meusitejuridico.com.br\/s.meusitejuridico\/2018\/11\/30f7d2d7-stf.jpeg","width":1280,"height":960},{"@type":"BreadcrumbList","@id":"https:\/\/meusitejuridico.com.br\/2023\/02\/24\/resumo-informativo-1-082-do-stf-de-17-de-fevereiro-de-2023\/#breadcrumb","itemListElement":[{"@type":"ListItem","position":1,"name":"In\u00edcio","item":"https:\/\/meusitejuridico.editorajuspodivm.com.br\/"},{"@type":"ListItem","position":2,"name":"Resumo &#8211; Informativo 1.082 do STF, de 17 de fevereiro de 2023"}]},{"@type":"WebSite","@id":"https:\/\/meusitejuridico.editorajuspodivm.com.br\/#website","url":"https:\/\/meusitejuridico.editorajuspodivm.com.br\/","name":"Meu site jur\u00eddico","description":"Meu site jur\u00eddico","publisher":{"@id":"https:\/\/meusitejuridico.editorajuspodivm.com.br\/#organization"},"potentialAction":[{"@type":"SearchAction","target":{"@type":"EntryPoint","urlTemplate":"https:\/\/meusitejuridico.editorajuspodivm.com.br\/?s={search_term_string}"},"query-input":{"@type":"PropertyValueSpecification","valueRequired":true,"valueName":"search_term_string"}}],"inLanguage":"pt-BR"},{"@type":"Organization","@id":"https:\/\/meusitejuridico.editorajuspodivm.com.br\/#organization","name":"Meu site jur\u00eddico","url":"https:\/\/meusitejuridico.editorajuspodivm.com.br\/","logo":{"@type":"ImageObject","inLanguage":"pt-BR","@id":"https:\/\/meusitejuridico.editorajuspodivm.com.br\/#\/schema\/logo\/image\/","url":"https:\/\/webmail.meusitejuridico.com.br\/s.meusitejuridico\/2022\/03\/cropped-baeec2a3-msj-02-01-01.png","contentUrl":"https:\/\/webmail.meusitejuridico.com.br\/s.meusitejuridico\/2022\/03\/cropped-baeec2a3-msj-02-01-01.png","width":349,"height":243,"caption":"Meu site jur\u00eddico"},"image":{"@id":"https:\/\/meusitejuridico.editorajuspodivm.com.br\/#\/schema\/logo\/image\/"}},{"@type":"Person","@id":"https:\/\/meusitejuridico.editorajuspodivm.com.br\/#\/schema\/person\/ae56313f17950dccef13d0989efd6d50","name":"Rodrigo Leite","image":{"@type":"ImageObject","inLanguage":"pt-BR","@id":"https:\/\/meusitejuridico.editorajuspodivm.com.br\/#\/schema\/person\/image\/","url":"https:\/\/webmail.meusitejuridico.com.br\/s.meusitejuridico\/2021\/05\/8455192b-foto-site-rodrigo-leite-150x150.jpeg","contentUrl":"https:\/\/webmail.meusitejuridico.com.br\/s.meusitejuridico\/2021\/05\/8455192b-foto-site-rodrigo-leite-150x150.jpeg","caption":"Rodrigo Leite"},"description":"Coautor do livro \u201cAn\u00e1lise das Diverg\u00eancias Jurisprudenciais no STF e STJ\u201d, Editora Juspodivm. Autor do livro \u201cTombamento \u2013 Vol. 36 \u2013 Cole\u00e7\u00e3o Leis Especiais para Concursos\u201d, Editora Juspodivm. Autor do livro \u201cDesapropria\u00e7\u00e3o \u2013 Vol. 39 \u2013 Cole\u00e7\u00e3o Especiais para Concursos\u201d, Editora Juspodivm. Coautor do livro \u201cSaberes Jurisprudenciais\u201d, Editora Saraiva. Coorganizador do livro \u201cCPC na Jurisprud\u00eancia\", Editora Foco. Especialista em Direito P\u00fablico e Direito Processual Civil. Mestre em Direito Constitucional. Professor da P\u00f3s-gradua\u00e7\u00e3o em Direito Civil da Rede Anhaguera-Kroton. M\u00e1ster Universit\u00e1rio em Direito Constitucional pela Universidad Del Pa\u00eds Vasco, San Sebasti\u00e1n, Espanha. Advogado licenciado. Analista Judici\u00e1rio do TJRN. Assessor de Desembargador do TJRN.","sameAs":["https:\/\/www.editorajuspodivm.com.br\/autores\/detalhe\/85","https:\/\/www.instagram.com\/rodrigocrleite\/","https:\/\/x.com\/rodrigocrleite"],"url":"https:\/\/webmail.meusitejuridico.com.br\/author\/rodrigoleiterodrigoleite\/"}]}},"_links":{"self":[{"href":"https:\/\/webmail.meusitejuridico.com.br\/api\/wp\/v2\/posts\/17502","targetHints":{"allow":["GET"]}}],"collection":[{"href":"https:\/\/webmail.meusitejuridico.com.br\/api\/wp\/v2\/posts"}],"about":[{"href":"https:\/\/webmail.meusitejuridico.com.br\/api\/wp\/v2\/types\/post"}],"author":[{"embeddable":true,"href":"https:\/\/webmail.meusitejuridico.com.br\/api\/wp\/v2\/users\/131"}],"replies":[{"embeddable":true,"href":"https:\/\/webmail.meusitejuridico.com.br\/api\/wp\/v2\/comments?post=17502"}],"version-history":[{"count":1,"href":"https:\/\/webmail.meusitejuridico.com.br\/api\/wp\/v2\/posts\/17502\/revisions"}],"predecessor-version":[{"id":17503,"href":"https:\/\/webmail.meusitejuridico.com.br\/api\/wp\/v2\/posts\/17502\/revisions\/17503"}],"wp:featuredmedia":[{"embeddable":true,"href":"https:\/\/webmail.meusitejuridico.com.br\/api\/wp\/v2\/media\/6858"}],"wp:attachment":[{"href":"https:\/\/webmail.meusitejuridico.com.br\/api\/wp\/v2\/media?parent=17502"}],"wp:term":[{"taxonomy":"category","embeddable":true,"href":"https:\/\/webmail.meusitejuridico.com.br\/api\/wp\/v2\/categories?post=17502"},{"taxonomy":"post_tag","embeddable":true,"href":"https:\/\/webmail.meusitejuridico.com.br\/api\/wp\/v2\/tags?post=17502"}],"curies":[{"name":"wp","href":"https:\/\/api.w.org\/{rel}","templated":true}]}}