{"id":17499,"date":"2023-02-17T11:29:07","date_gmt":"2023-02-17T14:29:07","guid":{"rendered":"https:\/\/meusitejuridico.editorajuspodivm.com.br\/?p=17499"},"modified":"2023-02-17T11:29:08","modified_gmt":"2023-02-17T14:29:08","slug":"resumo-informativo-1-081-do-stf-de-10-de-fevereiro-de-2023","status":"publish","type":"post","link":"https:\/\/webmail.meusitejuridico.com.br\/2023\/02\/17\/resumo-informativo-1-081-do-stf-de-10-de-fevereiro-de-2023\/","title":{"rendered":"Resumo &#8211; Informativo 1.081 do STF, de 10 de fevereiro de 2023"},"content":{"rendered":"\n<p><strong>PLEN\u00c1RIO<\/strong><strong><\/strong><\/p>\n\n\n\n<p>&#8211; No exerc\u00edcio de sua compet\u00eancia constitucional para suplementar as normas gerais fixadas pela Uni\u00e3o sobre mat\u00e9ria atinente \u00e0 seguran\u00e7a p\u00fablica (CF\/1988, art. 24, \u00a7 2\u00ba), os estados podem editar normas espec\u00edficas quanto ao porte de arma de fogo, desde que mais restritivas \u2013 <strong>ADI 7024\/PR<\/strong>, julgada em 16\/12\/2022.<\/p>\n\n\n\n<p>&#8211; Por for\u00e7a do \u00a7 1\u00ba do art. 27 da Constitui\u00e7\u00e3o Federal de 1988, as imunidades materiais e formais conferidas aos membros do Congresso Nacional (deputados federais e senadores) estendem-se aos deputados estaduais \u2013 <strong>ADI 5824\/RJ<\/strong> e <strong>ADI 5825\/MT<\/strong>, julgadas em 16\/12\/2022.<\/p>\n\n\n\n<p>&#8211; Os estados e munic\u00edpios podem redefinir o valor limite da Requisi\u00e7\u00e3o de Pequeno Valor (RPV) visando \u00e0 adequa\u00e7\u00e3o de suas respectivas capacidades financeiras e especificidades or\u00e7ament\u00e1rias \u2013 <strong>ADI 5421\/DF<\/strong>, julgada em 16\/12\/2022.<\/p>\n\n\n\n<p>&#8211; \u00c9 inconstitucional \u2014 por violar a compet\u00eancia privativa da Uni\u00e3o para legislar sobre direito processual (CF\/1988, art. 21, I), uma vez que as normas que disp\u00f5em sobre RPV t\u00eam car\u00e1ter eminentemente processual \u2014 legisla\u00e7\u00e3o estadual que transfere ao credor a responsabilidade pelo encaminhamento da documenta\u00e7\u00e3o necess\u00e1ria para solicita\u00e7\u00e3o do pagamento do RPV diretamente ao \u00f3rg\u00e3o p\u00fablico devedor, bem como determina a suspens\u00e3o do prazo para pagamento \u2013 <strong>ADI 5421\/DF<\/strong>, julgada em 16\/12\/2022.<\/p>\n\n\n\n<p>&#8211; \u00c9 constitucional lei estadual que pro\u00edbe, no \u00e2mbito de seu territ\u00f3rio, a fabrica\u00e7\u00e3o, a venda e a comercializa\u00e7\u00e3o de armas de brinquedo que simulam armas de fogo reais \u2013 <strong>ADI 5126\/SP<\/strong>, julgada em 16\/12\/2022.<\/p>\n\n\n\n<p>&#8211; N\u00e3o usurpa a compet\u00eancia privativa do chefe do Poder Executivo a lei que, embora crie despesa para a Administra\u00e7\u00e3o P\u00fablica, n\u00e3o trata da sua estrutura ou da atribui\u00e7\u00e3o de seus \u00f3rg\u00e3os nem do regime jur\u00eddico de servidores p\u00fablicos \u2013 <strong>ADI 5126\/SP<\/strong>, julgada em 16\/12\/2022.<\/p>\n\n\n\n<p>&#8211; \u00c9 inconstitucional lei estadual que, editada no per\u00edodo entre a promulga\u00e7\u00e3o da EC 88\/2015 (7.5.2015) e a publica\u00e7\u00e3o da Lei Complementar 152\/2015 (03.12.2015), estende a idade de aposentadoria compuls\u00f3ria para cargos que n\u00e3o estejam expressamente indicados na Constitui\u00e7\u00e3o Federal de 1988 <strong>\u2013 ADI 5378\/DF<\/strong>, julgada em 16\/12\/2022.<\/p>\n\n\n\n<p>&#8211; A concess\u00e3o de quaisquer benef\u00edcios remunerat\u00f3rios a trabalhadores rurais e urbanos, ou a servidores p\u00fablicos, deve estar vinculada ao desempenho funcional, de modo que qualquer adicional que seja pago apenas em virtude de seu estado civil viola a Constitui\u00e7\u00e3o Federal, por constituir desequipara\u00e7\u00e3o ileg\u00edtima em rela\u00e7\u00e3o aos demais \u2013 <strong>ADPF 860\/SP<\/strong> e <strong>ADPF 879\/SP<\/strong>, julgadas em 06\/02\/2023.<\/p>\n\n\n\n<p>&#8211; \u00c9 constitucional a modifica\u00e7\u00e3o dos crit\u00e9rios de c\u00e1lculo para a fixa\u00e7\u00e3o do limite de gastos com publicidade institucional dos \u00f3rg\u00e3os p\u00fablicos no primeiro semestre do ano eleitoral, promovendo ajustes na reda\u00e7\u00e3o do art. 73, VII, da Lei 9.504\/1997 (Lei das Elei\u00e7\u00f5es). Entretanto, essa altera\u00e7\u00e3o n\u00e3o se aplica ao pleito eleitoral de 2022, em raz\u00e3o do princ\u00edpio da anterioridade eleitoral (CF\/1988, art. 16) \u2013 <strong>ADI 7118\/DF<\/strong> e <strong>ADI 7182\/DF<\/strong>, julgadas em 16\/12\/2022.<\/p>\n\n\n\n<p>&#8211; \u00c9 inconstitucional o inciso XXIII do art. 34 da Lei 8.906\/1994 (Estatuto da Advocacia), que prev\u00ea constituir infra\u00e7\u00e3o disciplinar o n\u00e3o pagamento de contribui\u00e7\u00f5es, multas e pre\u00e7os de servi\u00e7os devidos \u00e0 Ordem dos Advogados do Brasil (OAB), depois de regular notifica\u00e7\u00e3o para faz\u00ea-lo. Tamb\u00e9m \u00e9 inconstitucional a aplica\u00e7\u00e3o aos advogados inadimplentes do que disp\u00f5e o art. 37 da mesma norma, que institui, como pena, a suspens\u00e3o, a qual acarreta, por conseguinte, a interdi\u00e7\u00e3o do exerc\u00edcio profissional \u2013 <strong>ADI 7020\/DF<\/strong>, julgada em 16\/12\/2022.<\/p>\n\n\n\n<p>&#8211; S\u00e3o constitucionais o art. 134, \u00a7 1\u00ba, do Regulamento do Estatuto da Advocacia e da OAB, bem assim os arts. 1\u00ba e 15, I, do Provimento 146\/2011 do Conselho Federal da OAB, que instituem a exig\u00eancia do adimplemento das anuidades para que os advogados possam votar e\/ou serem candidatos nas elei\u00e7\u00f5es internas da OAB \u2013 <strong>ADI 7020\/DF<\/strong>, julgada em 16\/12\/2022.<\/p>\n\n\n\n<p>&#8211; \u00c9 constitucional o crit\u00e9rio previsto no \u00a7 7\u00ba do art. 11 da Lei Complementar n\u00ba 87\/1996, na reda\u00e7\u00e3o dada pela Lei Complementar n\u00ba 190\/2022, que considera como Estado destinat\u00e1rio, para efeito do recolhimento do diferencial de al\u00edquota do ICMS, aquele em que efetivamente ocorrer a entrada f\u00edsica da mercadoria ou o fim da presta\u00e7\u00e3o do servi\u00e7o, uma vez que conforme a Emenda Constitucional n\u00ba 87\/2015 \u2013 <strong>ADI 7158\/DF<\/strong>, julgada em 06\/02\/2023.<\/p>\n\n\n\n<p>_____________________<\/p>\n\n\n\n<p><strong>Telegram<\/strong>:<strong>&nbsp;<\/strong><a href=\"https:\/\/t.me\/pilulasjuridicasSTFSTJ\" target=\"_blank\" rel=\"noreferrer noopener\"><strong>https:\/\/t.me\/pilulasjuridicasSTFSTJ<\/strong><\/a><strong>&nbsp;| Instagram: @rodrigocrleite<\/strong><\/p>\n","protected":false},"excerpt":{"rendered":"<p>PLEN\u00c1RIO &#8211; No exerc\u00edcio de sua compet\u00eancia constitucional para suplementar as normas gerais fixadas pela Uni\u00e3o sobre mat\u00e9ria atinente \u00e0 seguran\u00e7a p\u00fablica (CF\/1988, art. 24, \u00a7 2\u00ba), os estados podem editar normas espec\u00edficas quanto ao porte de arma de fogo, desde que mais restritivas \u2013 ADI 7024\/PR, julgada em 16\/12\/2022. &#8211; Por for\u00e7a do \u00a7 [&hellip;]<\/p>\n","protected":false},"author":131,"featured_media":1722,"comment_status":"open","ping_status":"open","sticky":false,"template":"","format":"standard","meta":{"_acf_changed":false,"footnotes":""},"categories":[70],"tags":[],"class_list":["post-17499","post","type-post","status-publish","format-standard","has-post-thumbnail","hentry","category-informativos-comentados"],"acf":[],"yoast_head":"<!-- This site is optimized with the Yoast SEO plugin v24.8.1 - https:\/\/yoast.com\/wordpress\/plugins\/seo\/ -->\n<title>Resumo - Informativo 1.081 do STF, de 10 de fevereiro de 2023 - Meu site jur\u00eddico<\/title>\n<meta name=\"robots\" content=\"index, follow, max-snippet:-1, max-image-preview:large, max-video-preview:-1\" \/>\n<link rel=\"canonical\" href=\"https:\/\/webmail.meusitejuridico.com.br\/2023\/02\/17\/resumo-informativo-1-081-do-stf-de-10-de-fevereiro-de-2023\/\" \/>\n<meta property=\"og:locale\" content=\"pt_BR\" \/>\n<meta property=\"og:type\" content=\"article\" \/>\n<meta property=\"og:title\" content=\"Resumo - Informativo 1.081 do STF, de 10 de fevereiro de 2023 - Meu site jur\u00eddico\" \/>\n<meta property=\"og:description\" content=\"PLEN\u00c1RIO &#8211; No exerc\u00edcio de sua compet\u00eancia constitucional para suplementar as normas gerais fixadas pela Uni\u00e3o sobre mat\u00e9ria atinente \u00e0 seguran\u00e7a p\u00fablica (CF\/1988, art. 24, \u00a7 2\u00ba), os estados podem editar normas espec\u00edficas quanto ao porte de arma de fogo, desde que mais restritivas \u2013 ADI 7024\/PR, julgada em 16\/12\/2022. &#8211; Por for\u00e7a do \u00a7 [&hellip;]\" \/>\n<meta property=\"og:url\" content=\"https:\/\/webmail.meusitejuridico.com.br\/2023\/02\/17\/resumo-informativo-1-081-do-stf-de-10-de-fevereiro-de-2023\/\" \/>\n<meta property=\"og:site_name\" content=\"Meu site jur\u00eddico\" \/>\n<meta property=\"article:published_time\" content=\"2023-02-17T14:29:07+00:00\" \/>\n<meta property=\"article:modified_time\" content=\"2023-02-17T14:29:08+00:00\" \/>\n<meta property=\"og:image\" content=\"https:\/\/webmail.meusitejuridico.com.br\/s.meusitejuridico\/2017\/04\/3d8597c7-hammer-1707733-1280.jpg\" \/>\n\t<meta property=\"og:image:width\" content=\"1280\" \/>\n\t<meta property=\"og:image:height\" content=\"960\" \/>\n\t<meta property=\"og:image:type\" content=\"image\/jpeg\" \/>\n<meta name=\"author\" content=\"Rodrigo Leite\" \/>\n<meta name=\"twitter:card\" content=\"summary_large_image\" \/>\n<meta name=\"twitter:creator\" content=\"@rodrigocrleite\" \/>\n<meta name=\"twitter:label1\" content=\"Escrito por\" \/>\n\t<meta name=\"twitter:data1\" content=\"Rodrigo Leite\" \/>\n\t<meta name=\"twitter:label2\" content=\"Est. tempo de leitura\" \/>\n\t<meta name=\"twitter:data2\" content=\"3 minutos\" \/>\n<script type=\"application\/ld+json\" class=\"yoast-schema-graph\">{\"@context\":\"https:\/\/schema.org\",\"@graph\":[{\"@type\":\"Article\",\"@id\":\"https:\/\/webmail.meusitejuridico.com.br\/2023\/02\/17\/resumo-informativo-1-081-do-stf-de-10-de-fevereiro-de-2023\/#article\",\"isPartOf\":{\"@id\":\"https:\/\/webmail.meusitejuridico.com.br\/2023\/02\/17\/resumo-informativo-1-081-do-stf-de-10-de-fevereiro-de-2023\/\"},\"author\":{\"name\":\"Rodrigo Leite\",\"@id\":\"https:\/\/meusitejuridico.editorajuspodivm.com.br\/#\/schema\/person\/ae56313f17950dccef13d0989efd6d50\"},\"headline\":\"Resumo &#8211; Informativo 1.081 do STF, de 10 de fevereiro de 2023\",\"datePublished\":\"2023-02-17T14:29:07+00:00\",\"dateModified\":\"2023-02-17T14:29:08+00:00\",\"mainEntityOfPage\":{\"@id\":\"https:\/\/webmail.meusitejuridico.com.br\/2023\/02\/17\/resumo-informativo-1-081-do-stf-de-10-de-fevereiro-de-2023\/\"},\"wordCount\":712,\"commentCount\":0,\"publisher\":{\"@id\":\"https:\/\/meusitejuridico.editorajuspodivm.com.br\/#organization\"},\"image\":{\"@id\":\"https:\/\/webmail.meusitejuridico.com.br\/2023\/02\/17\/resumo-informativo-1-081-do-stf-de-10-de-fevereiro-de-2023\/#primaryimage\"},\"thumbnailUrl\":\"https:\/\/webmail.meusitejuridico.com.br\/s.meusitejuridico\/2017\/04\/3d8597c7-hammer-1707733-1280.jpg\",\"articleSection\":[\"Informativos\"],\"inLanguage\":\"pt-BR\",\"potentialAction\":[{\"@type\":\"CommentAction\",\"name\":\"Comment\",\"target\":[\"https:\/\/webmail.meusitejuridico.com.br\/2023\/02\/17\/resumo-informativo-1-081-do-stf-de-10-de-fevereiro-de-2023\/#respond\"]}]},{\"@type\":\"WebPage\",\"@id\":\"https:\/\/webmail.meusitejuridico.com.br\/2023\/02\/17\/resumo-informativo-1-081-do-stf-de-10-de-fevereiro-de-2023\/\",\"url\":\"https:\/\/webmail.meusitejuridico.com.br\/2023\/02\/17\/resumo-informativo-1-081-do-stf-de-10-de-fevereiro-de-2023\/\",\"name\":\"Resumo - Informativo 1.081 do STF, de 10 de fevereiro de 2023 - Meu site jur\u00eddico\",\"isPartOf\":{\"@id\":\"https:\/\/meusitejuridico.editorajuspodivm.com.br\/#website\"},\"primaryImageOfPage\":{\"@id\":\"https:\/\/webmail.meusitejuridico.com.br\/2023\/02\/17\/resumo-informativo-1-081-do-stf-de-10-de-fevereiro-de-2023\/#primaryimage\"},\"image\":{\"@id\":\"https:\/\/webmail.meusitejuridico.com.br\/2023\/02\/17\/resumo-informativo-1-081-do-stf-de-10-de-fevereiro-de-2023\/#primaryimage\"},\"thumbnailUrl\":\"https:\/\/webmail.meusitejuridico.com.br\/s.meusitejuridico\/2017\/04\/3d8597c7-hammer-1707733-1280.jpg\",\"datePublished\":\"2023-02-17T14:29:07+00:00\",\"dateModified\":\"2023-02-17T14:29:08+00:00\",\"breadcrumb\":{\"@id\":\"https:\/\/webmail.meusitejuridico.com.br\/2023\/02\/17\/resumo-informativo-1-081-do-stf-de-10-de-fevereiro-de-2023\/#breadcrumb\"},\"inLanguage\":\"pt-BR\",\"potentialAction\":[{\"@type\":\"ReadAction\",\"target\":[\"https:\/\/webmail.meusitejuridico.com.br\/2023\/02\/17\/resumo-informativo-1-081-do-stf-de-10-de-fevereiro-de-2023\/\"]}]},{\"@type\":\"ImageObject\",\"inLanguage\":\"pt-BR\",\"@id\":\"https:\/\/webmail.meusitejuridico.com.br\/2023\/02\/17\/resumo-informativo-1-081-do-stf-de-10-de-fevereiro-de-2023\/#primaryimage\",\"url\":\"https:\/\/webmail.meusitejuridico.com.br\/s.meusitejuridico\/2017\/04\/3d8597c7-hammer-1707733-1280.jpg\",\"contentUrl\":\"https:\/\/webmail.meusitejuridico.com.br\/s.meusitejuridico\/2017\/04\/3d8597c7-hammer-1707733-1280.jpg\",\"width\":1280,\"height\":960},{\"@type\":\"BreadcrumbList\",\"@id\":\"https:\/\/webmail.meusitejuridico.com.br\/2023\/02\/17\/resumo-informativo-1-081-do-stf-de-10-de-fevereiro-de-2023\/#breadcrumb\",\"itemListElement\":[{\"@type\":\"ListItem\",\"position\":1,\"name\":\"In\u00edcio\",\"item\":\"https:\/\/meusitejuridico.editorajuspodivm.com.br\/\"},{\"@type\":\"ListItem\",\"position\":2,\"name\":\"Resumo &#8211; Informativo 1.081 do STF, de 10 de fevereiro de 2023\"}]},{\"@type\":\"WebSite\",\"@id\":\"https:\/\/meusitejuridico.editorajuspodivm.com.br\/#website\",\"url\":\"https:\/\/meusitejuridico.editorajuspodivm.com.br\/\",\"name\":\"Meu site jur\u00eddico\",\"description\":\"Meu site jur\u00eddico\",\"publisher\":{\"@id\":\"https:\/\/meusitejuridico.editorajuspodivm.com.br\/#organization\"},\"potentialAction\":[{\"@type\":\"SearchAction\",\"target\":{\"@type\":\"EntryPoint\",\"urlTemplate\":\"https:\/\/meusitejuridico.editorajuspodivm.com.br\/?s={search_term_string}\"},\"query-input\":{\"@type\":\"PropertyValueSpecification\",\"valueRequired\":true,\"valueName\":\"search_term_string\"}}],\"inLanguage\":\"pt-BR\"},{\"@type\":\"Organization\",\"@id\":\"https:\/\/meusitejuridico.editorajuspodivm.com.br\/#organization\",\"name\":\"Meu site jur\u00eddico\",\"url\":\"https:\/\/meusitejuridico.editorajuspodivm.com.br\/\",\"logo\":{\"@type\":\"ImageObject\",\"inLanguage\":\"pt-BR\",\"@id\":\"https:\/\/meusitejuridico.editorajuspodivm.com.br\/#\/schema\/logo\/image\/\",\"url\":\"https:\/\/webmail.meusitejuridico.com.br\/s.meusitejuridico\/2022\/03\/cropped-baeec2a3-msj-02-01-01.png\",\"contentUrl\":\"https:\/\/webmail.meusitejuridico.com.br\/s.meusitejuridico\/2022\/03\/cropped-baeec2a3-msj-02-01-01.png\",\"width\":349,\"height\":243,\"caption\":\"Meu site jur\u00eddico\"},\"image\":{\"@id\":\"https:\/\/meusitejuridico.editorajuspodivm.com.br\/#\/schema\/logo\/image\/\"}},{\"@type\":\"Person\",\"@id\":\"https:\/\/meusitejuridico.editorajuspodivm.com.br\/#\/schema\/person\/ae56313f17950dccef13d0989efd6d50\",\"name\":\"Rodrigo Leite\",\"image\":{\"@type\":\"ImageObject\",\"inLanguage\":\"pt-BR\",\"@id\":\"https:\/\/meusitejuridico.editorajuspodivm.com.br\/#\/schema\/person\/image\/\",\"url\":\"https:\/\/webmail.meusitejuridico.com.br\/s.meusitejuridico\/2021\/05\/8455192b-foto-site-rodrigo-leite-150x150.jpeg\",\"contentUrl\":\"https:\/\/webmail.meusitejuridico.com.br\/s.meusitejuridico\/2021\/05\/8455192b-foto-site-rodrigo-leite-150x150.jpeg\",\"caption\":\"Rodrigo Leite\"},\"description\":\"Coautor do livro \u201cAn\u00e1lise das Diverg\u00eancias Jurisprudenciais no STF e STJ\u201d, Editora Juspodivm. Autor do livro \u201cTombamento \u2013 Vol. 36 \u2013 Cole\u00e7\u00e3o Leis Especiais para Concursos\u201d, Editora Juspodivm. Autor do livro \u201cDesapropria\u00e7\u00e3o \u2013 Vol. 39 \u2013 Cole\u00e7\u00e3o Especiais para Concursos\u201d, Editora Juspodivm. Coautor do livro \u201cSaberes Jurisprudenciais\u201d, Editora Saraiva. Coorganizador do livro \u201cCPC na Jurisprud\u00eancia\\\", Editora Foco. Especialista em Direito P\u00fablico e Direito Processual Civil. Mestre em Direito Constitucional. Professor da P\u00f3s-gradua\u00e7\u00e3o em Direito Civil da Rede Anhaguera-Kroton. M\u00e1ster Universit\u00e1rio em Direito Constitucional pela Universidad Del Pa\u00eds Vasco, San Sebasti\u00e1n, Espanha. Advogado licenciado. Analista Judici\u00e1rio do TJRN. Assessor de Desembargador do TJRN.\",\"sameAs\":[\"https:\/\/www.editorajuspodivm.com.br\/autores\/detalhe\/85\",\"https:\/\/www.instagram.com\/rodrigocrleite\/\",\"https:\/\/x.com\/rodrigocrleite\"],\"url\":\"https:\/\/webmail.meusitejuridico.com.br\/author\/rodrigoleiterodrigoleite\/\"}]}<\/script>\n<!-- \/ Yoast SEO plugin. -->","yoast_head_json":{"title":"Resumo - Informativo 1.081 do STF, de 10 de fevereiro de 2023 - Meu site jur\u00eddico","robots":{"index":"index","follow":"follow","max-snippet":"max-snippet:-1","max-image-preview":"max-image-preview:large","max-video-preview":"max-video-preview:-1"},"canonical":"https:\/\/webmail.meusitejuridico.com.br\/2023\/02\/17\/resumo-informativo-1-081-do-stf-de-10-de-fevereiro-de-2023\/","og_locale":"pt_BR","og_type":"article","og_title":"Resumo - Informativo 1.081 do STF, de 10 de fevereiro de 2023 - Meu site jur\u00eddico","og_description":"PLEN\u00c1RIO &#8211; No exerc\u00edcio de sua compet\u00eancia constitucional para suplementar as normas gerais fixadas pela Uni\u00e3o sobre mat\u00e9ria atinente \u00e0 seguran\u00e7a p\u00fablica (CF\/1988, art. 24, \u00a7 2\u00ba), os estados podem editar normas espec\u00edficas quanto ao porte de arma de fogo, desde que mais restritivas \u2013 ADI 7024\/PR, julgada em 16\/12\/2022. &#8211; Por for\u00e7a do \u00a7 [&hellip;]","og_url":"https:\/\/webmail.meusitejuridico.com.br\/2023\/02\/17\/resumo-informativo-1-081-do-stf-de-10-de-fevereiro-de-2023\/","og_site_name":"Meu site jur\u00eddico","article_published_time":"2023-02-17T14:29:07+00:00","article_modified_time":"2023-02-17T14:29:08+00:00","og_image":[{"width":1280,"height":960,"url":"https:\/\/webmail.meusitejuridico.com.br\/s.meusitejuridico\/2017\/04\/3d8597c7-hammer-1707733-1280.jpg","type":"image\/jpeg"}],"author":"Rodrigo Leite","twitter_card":"summary_large_image","twitter_creator":"@rodrigocrleite","twitter_misc":{"Escrito por":"Rodrigo Leite","Est. tempo de leitura":"3 minutos"},"schema":{"@context":"https:\/\/schema.org","@graph":[{"@type":"Article","@id":"https:\/\/webmail.meusitejuridico.com.br\/2023\/02\/17\/resumo-informativo-1-081-do-stf-de-10-de-fevereiro-de-2023\/#article","isPartOf":{"@id":"https:\/\/webmail.meusitejuridico.com.br\/2023\/02\/17\/resumo-informativo-1-081-do-stf-de-10-de-fevereiro-de-2023\/"},"author":{"name":"Rodrigo Leite","@id":"https:\/\/meusitejuridico.editorajuspodivm.com.br\/#\/schema\/person\/ae56313f17950dccef13d0989efd6d50"},"headline":"Resumo &#8211; Informativo 1.081 do STF, de 10 de fevereiro de 2023","datePublished":"2023-02-17T14:29:07+00:00","dateModified":"2023-02-17T14:29:08+00:00","mainEntityOfPage":{"@id":"https:\/\/webmail.meusitejuridico.com.br\/2023\/02\/17\/resumo-informativo-1-081-do-stf-de-10-de-fevereiro-de-2023\/"},"wordCount":712,"commentCount":0,"publisher":{"@id":"https:\/\/meusitejuridico.editorajuspodivm.com.br\/#organization"},"image":{"@id":"https:\/\/webmail.meusitejuridico.com.br\/2023\/02\/17\/resumo-informativo-1-081-do-stf-de-10-de-fevereiro-de-2023\/#primaryimage"},"thumbnailUrl":"https:\/\/webmail.meusitejuridico.com.br\/s.meusitejuridico\/2017\/04\/3d8597c7-hammer-1707733-1280.jpg","articleSection":["Informativos"],"inLanguage":"pt-BR","potentialAction":[{"@type":"CommentAction","name":"Comment","target":["https:\/\/webmail.meusitejuridico.com.br\/2023\/02\/17\/resumo-informativo-1-081-do-stf-de-10-de-fevereiro-de-2023\/#respond"]}]},{"@type":"WebPage","@id":"https:\/\/webmail.meusitejuridico.com.br\/2023\/02\/17\/resumo-informativo-1-081-do-stf-de-10-de-fevereiro-de-2023\/","url":"https:\/\/webmail.meusitejuridico.com.br\/2023\/02\/17\/resumo-informativo-1-081-do-stf-de-10-de-fevereiro-de-2023\/","name":"Resumo - Informativo 1.081 do STF, de 10 de fevereiro de 2023 - Meu site jur\u00eddico","isPartOf":{"@id":"https:\/\/meusitejuridico.editorajuspodivm.com.br\/#website"},"primaryImageOfPage":{"@id":"https:\/\/webmail.meusitejuridico.com.br\/2023\/02\/17\/resumo-informativo-1-081-do-stf-de-10-de-fevereiro-de-2023\/#primaryimage"},"image":{"@id":"https:\/\/webmail.meusitejuridico.com.br\/2023\/02\/17\/resumo-informativo-1-081-do-stf-de-10-de-fevereiro-de-2023\/#primaryimage"},"thumbnailUrl":"https:\/\/webmail.meusitejuridico.com.br\/s.meusitejuridico\/2017\/04\/3d8597c7-hammer-1707733-1280.jpg","datePublished":"2023-02-17T14:29:07+00:00","dateModified":"2023-02-17T14:29:08+00:00","breadcrumb":{"@id":"https:\/\/webmail.meusitejuridico.com.br\/2023\/02\/17\/resumo-informativo-1-081-do-stf-de-10-de-fevereiro-de-2023\/#breadcrumb"},"inLanguage":"pt-BR","potentialAction":[{"@type":"ReadAction","target":["https:\/\/webmail.meusitejuridico.com.br\/2023\/02\/17\/resumo-informativo-1-081-do-stf-de-10-de-fevereiro-de-2023\/"]}]},{"@type":"ImageObject","inLanguage":"pt-BR","@id":"https:\/\/webmail.meusitejuridico.com.br\/2023\/02\/17\/resumo-informativo-1-081-do-stf-de-10-de-fevereiro-de-2023\/#primaryimage","url":"https:\/\/webmail.meusitejuridico.com.br\/s.meusitejuridico\/2017\/04\/3d8597c7-hammer-1707733-1280.jpg","contentUrl":"https:\/\/webmail.meusitejuridico.com.br\/s.meusitejuridico\/2017\/04\/3d8597c7-hammer-1707733-1280.jpg","width":1280,"height":960},{"@type":"BreadcrumbList","@id":"https:\/\/webmail.meusitejuridico.com.br\/2023\/02\/17\/resumo-informativo-1-081-do-stf-de-10-de-fevereiro-de-2023\/#breadcrumb","itemListElement":[{"@type":"ListItem","position":1,"name":"In\u00edcio","item":"https:\/\/meusitejuridico.editorajuspodivm.com.br\/"},{"@type":"ListItem","position":2,"name":"Resumo &#8211; Informativo 1.081 do STF, de 10 de fevereiro de 2023"}]},{"@type":"WebSite","@id":"https:\/\/meusitejuridico.editorajuspodivm.com.br\/#website","url":"https:\/\/meusitejuridico.editorajuspodivm.com.br\/","name":"Meu site jur\u00eddico","description":"Meu site jur\u00eddico","publisher":{"@id":"https:\/\/meusitejuridico.editorajuspodivm.com.br\/#organization"},"potentialAction":[{"@type":"SearchAction","target":{"@type":"EntryPoint","urlTemplate":"https:\/\/meusitejuridico.editorajuspodivm.com.br\/?s={search_term_string}"},"query-input":{"@type":"PropertyValueSpecification","valueRequired":true,"valueName":"search_term_string"}}],"inLanguage":"pt-BR"},{"@type":"Organization","@id":"https:\/\/meusitejuridico.editorajuspodivm.com.br\/#organization","name":"Meu site jur\u00eddico","url":"https:\/\/meusitejuridico.editorajuspodivm.com.br\/","logo":{"@type":"ImageObject","inLanguage":"pt-BR","@id":"https:\/\/meusitejuridico.editorajuspodivm.com.br\/#\/schema\/logo\/image\/","url":"https:\/\/webmail.meusitejuridico.com.br\/s.meusitejuridico\/2022\/03\/cropped-baeec2a3-msj-02-01-01.png","contentUrl":"https:\/\/webmail.meusitejuridico.com.br\/s.meusitejuridico\/2022\/03\/cropped-baeec2a3-msj-02-01-01.png","width":349,"height":243,"caption":"Meu site jur\u00eddico"},"image":{"@id":"https:\/\/meusitejuridico.editorajuspodivm.com.br\/#\/schema\/logo\/image\/"}},{"@type":"Person","@id":"https:\/\/meusitejuridico.editorajuspodivm.com.br\/#\/schema\/person\/ae56313f17950dccef13d0989efd6d50","name":"Rodrigo Leite","image":{"@type":"ImageObject","inLanguage":"pt-BR","@id":"https:\/\/meusitejuridico.editorajuspodivm.com.br\/#\/schema\/person\/image\/","url":"https:\/\/webmail.meusitejuridico.com.br\/s.meusitejuridico\/2021\/05\/8455192b-foto-site-rodrigo-leite-150x150.jpeg","contentUrl":"https:\/\/webmail.meusitejuridico.com.br\/s.meusitejuridico\/2021\/05\/8455192b-foto-site-rodrigo-leite-150x150.jpeg","caption":"Rodrigo Leite"},"description":"Coautor do livro \u201cAn\u00e1lise das Diverg\u00eancias Jurisprudenciais no STF e STJ\u201d, Editora Juspodivm. Autor do livro \u201cTombamento \u2013 Vol. 36 \u2013 Cole\u00e7\u00e3o Leis Especiais para Concursos\u201d, Editora Juspodivm. Autor do livro \u201cDesapropria\u00e7\u00e3o \u2013 Vol. 39 \u2013 Cole\u00e7\u00e3o Especiais para Concursos\u201d, Editora Juspodivm. Coautor do livro \u201cSaberes Jurisprudenciais\u201d, Editora Saraiva. Coorganizador do livro \u201cCPC na Jurisprud\u00eancia\", Editora Foco. Especialista em Direito P\u00fablico e Direito Processual Civil. Mestre em Direito Constitucional. Professor da P\u00f3s-gradua\u00e7\u00e3o em Direito Civil da Rede Anhaguera-Kroton. M\u00e1ster Universit\u00e1rio em Direito Constitucional pela Universidad Del Pa\u00eds Vasco, San Sebasti\u00e1n, Espanha. Advogado licenciado. Analista Judici\u00e1rio do TJRN. Assessor de Desembargador do TJRN.","sameAs":["https:\/\/www.editorajuspodivm.com.br\/autores\/detalhe\/85","https:\/\/www.instagram.com\/rodrigocrleite\/","https:\/\/x.com\/rodrigocrleite"],"url":"https:\/\/webmail.meusitejuridico.com.br\/author\/rodrigoleiterodrigoleite\/"}]}},"_links":{"self":[{"href":"https:\/\/webmail.meusitejuridico.com.br\/api\/wp\/v2\/posts\/17499","targetHints":{"allow":["GET"]}}],"collection":[{"href":"https:\/\/webmail.meusitejuridico.com.br\/api\/wp\/v2\/posts"}],"about":[{"href":"https:\/\/webmail.meusitejuridico.com.br\/api\/wp\/v2\/types\/post"}],"author":[{"embeddable":true,"href":"https:\/\/webmail.meusitejuridico.com.br\/api\/wp\/v2\/users\/131"}],"replies":[{"embeddable":true,"href":"https:\/\/webmail.meusitejuridico.com.br\/api\/wp\/v2\/comments?post=17499"}],"version-history":[{"count":1,"href":"https:\/\/webmail.meusitejuridico.com.br\/api\/wp\/v2\/posts\/17499\/revisions"}],"predecessor-version":[{"id":17500,"href":"https:\/\/webmail.meusitejuridico.com.br\/api\/wp\/v2\/posts\/17499\/revisions\/17500"}],"wp:featuredmedia":[{"embeddable":true,"href":"https:\/\/webmail.meusitejuridico.com.br\/api\/wp\/v2\/media\/1722"}],"wp:attachment":[{"href":"https:\/\/webmail.meusitejuridico.com.br\/api\/wp\/v2\/media?parent=17499"}],"wp:term":[{"taxonomy":"category","embeddable":true,"href":"https:\/\/webmail.meusitejuridico.com.br\/api\/wp\/v2\/categories?post=17499"},{"taxonomy":"post_tag","embeddable":true,"href":"https:\/\/webmail.meusitejuridico.com.br\/api\/wp\/v2\/tags?post=17499"}],"curies":[{"name":"wp","href":"https:\/\/api.w.org\/{rel}","templated":true}]}}