{"id":17209,"date":"2022-11-17T07:02:00","date_gmt":"2022-11-17T10:02:00","guid":{"rendered":"https:\/\/meusitejuridico.editorajuspodivm.com.br\/?p=17209"},"modified":"2022-11-17T07:02:01","modified_gmt":"2022-11-17T10:02:01","slug":"resumo-informativo-1-074-do-stf-de-11-de-novembro-de-2022","status":"publish","type":"post","link":"https:\/\/webmail.meusitejuridico.com.br\/2022\/11\/17\/resumo-informativo-1-074-do-stf-de-11-de-novembro-de-2022\/","title":{"rendered":"Resumo &#8211; Informativo 1.074 do STF, de 11 de novembro de 2022"},"content":{"rendered":"\n<p><strong>PLEN\u00c1RIO<\/strong><strong><\/strong><\/p>\n\n\n\n<p>&#8211; A exig\u00eancia de diploma de n\u00edvel superior, promovida por legisla\u00e7\u00e3o estadual (1), para o cargo de perito t\u00e9cnico de pol\u00edcia &#8211; que anteriormente tinha o n\u00edvel m\u00e9dio como requisito de escolaridade &#8211; n\u00e3o viola o princ\u00edpio do concurso p\u00fablico (CF\/1988, art. 37, II) (2) nem as normas constitucionais sobre compet\u00eancia legislativa (CF\/1988, arts. 22, I; 24, XVI e \u00a7 4\u00ba) \u2013<strong> ADI 7081\/BA<\/strong>, julgamento virtual finalizado em 21\/09\/2022.<\/p>\n\n\n\n<p>&#8211; Viola o art. 40, caput e \u00a7 13, da Constitui\u00e7\u00e3o Federal, a institui\u00e7\u00e3o, por meio de lei estadual, de um regime previdenci\u00e1rio espec\u00edfico para os agentes p\u00fablicos n\u00e3o titulares de cargos efetivos \u2013<strong> ADI 7198\/PA<\/strong>,julgamento virtual finalizado em 28\/10\/2022.<\/p>\n\n\n\n<p>&#8211; \u00c9 inconstitucional norma de Constitui\u00e7\u00e3o estadual, oriunda de iniciativa parlamentar, que disponha sobre a nomea\u00e7\u00e3o, pelo governador do estado, de ocupante do cargo de diretor-geral da Pol\u00edcia Civil, a partir de lista tr\u00edplice elaborada pelo Conselho Superior de Pol\u00edcia \u2013<strong> ADI 6923\/RO<\/strong>,julgamento virtual finalizado em 28\/10\/2022.<\/p>\n\n\n\n<p>&#8211; A Resolu\u00e7\u00e3o 23.714\/2022 do TSE \u2014 que disp\u00f5e sobre o enfrentamento \u00e0 desinforma\u00e7\u00e3o atentat\u00f3ria \u00e0 integridade do processo eleitoral \u2014 n\u00e3o exorbita o \u00e2mbito da sua compet\u00eancia normativa e tampouco imp\u00f5e censura ou restri\u00e7\u00e3o a meio de comunica\u00e7\u00e3o ou linha editorial da m\u00eddia imprensa e eletr\u00f4nica \u2013<strong> ADI 7261 MC\/DF<\/strong>,julgamento virtual finalizado em 25\/10\/2022.<\/p>\n\n\n\n<p>&#8211; O Decreto presidencial 10.540\/2020, que estabelece prazo para que os entes federados promovam adequa\u00e7\u00e3o necess\u00e1ria para a integra\u00e7\u00e3o ao sistema de publicidade de dados, estabelecido pela Lei Complementar 156\/2016, com padr\u00e3o m\u00ednimo de transpar\u00eancia e qualidade, n\u00e3o ofende os princ\u00edpios da legalidade, da separa\u00e7\u00e3o dos Poderes, da reserva de lei complementar, da publicidade, da efici\u00eancia e da impessoalidade \u2013<strong> ADPF 763\/DF<\/strong>, julgamento virtual finalizado em 28\/10\/2022.<\/p>\n\n\n\n<p>&#8211; \u00c9 inconstitucional preceito de lei estadual que institui contribui\u00e7\u00e3o compuls\u00f3ria de bombeiros e policiais militares estaduais para compor fundo de assist\u00eancia, com o objetivo de custear servi\u00e7os de sa\u00fade a eles prestados. Contudo, o legislador estadual pode estabelecer contribui\u00e7\u00e3o facultativa com o aludido fim \u2013<strong> ADI 5368\/TO<\/strong>,julgamento virtual finalizado em 28\/10\/2022.<\/p>\n\n\n\n<p>&#8211; \u00c9 formalmente inconstitucional lei federal que determina a todos os entes federados mantenedores de regimes pr\u00f3prios da previd\u00eancia social a realiza\u00e7\u00e3o de reajustes, na mesma data e \u00edndice em que se der o reacerto dos benef\u00edcios do regime geral, excetuados os beneficiados pela garantia da paridade \u2013<strong> ADI 4582\/DF<\/strong>,julgamento virtual finalizado em 28\/10\/2022.<\/p>\n\n\n\n<p>&#8211; Em a\u00e7\u00e3o civil p\u00fablica proposta pelo Minist\u00e9rio P\u00fablico do Trabalho em face de empresa estatal, com o prop\u00f3sito de invalidar a contrata\u00e7\u00e3o irregular de pessoal, n\u00e3o \u00e9 cab\u00edvel o ingresso, no polo passivo da causa, de todos os empregados atingidos, mas \u00e9 indispens\u00e1vel sua representa\u00e7\u00e3o pelo sindicato da categoria \u2013<strong> RE 629.647\/RR<\/strong>,Tema 1004,julgamento virtual finalizado em 28\/10\/2022.<\/p>\n\n\n\n<p>&#8211; \u00c9 constitucional a cobran\u00e7a, em face das entidades fechadas de previd\u00eancia complementar n\u00e3o imunes, do imposto de renda retido na fonte (IRRF) e da contribui\u00e7\u00e3o social sobre o lucro l\u00edquido (CSLL) \u2013<strong> RE 612.686\/SC<\/strong>,Tema 699,julgamento virtual finalizado em 28\/10\/2022.<\/p>\n\n\n\n<p>&#8211; \u00c9 vedado aos estados e ao Distrito Federal instituir o Imposto sobre Transmiss\u00e3o Causa Mortis e Doa\u00e7\u00e3o (ITCMD) nas hip\u00f3teses dispostas no art. 155, \u00a7 1\u00ba, III, da Constitui\u00e7\u00e3o Federal, sem a edi\u00e7\u00e3o da lei complementar federal exigida pelo referido dispositivo constitucional \u2013<strong> ADI 6828\/AL<\/strong>, julgamento virtual finalizado em 28\/10\/2022.<\/p>\n\n\n\n<p>***<\/p>\n\n\n\n<p><strong>Telegram<\/strong>:<strong>&nbsp;<\/strong><a href=\"https:\/\/t.me\/pilulasjuridicasSTFSTJ\" target=\"_blank\" rel=\"noreferrer noopener\"><strong>https:\/\/t.me\/pilulasjuridicasSTFSTJ<\/strong><\/a><strong>&nbsp;| Instagram: @rodrigocrleite<\/strong><\/p>\n","protected":false},"excerpt":{"rendered":"<p>PLEN\u00c1RIO &#8211; A exig\u00eancia de diploma de n\u00edvel superior, promovida por legisla\u00e7\u00e3o estadual (1), para o cargo de perito t\u00e9cnico de pol\u00edcia &#8211; que anteriormente tinha o n\u00edvel m\u00e9dio como requisito de escolaridade &#8211; n\u00e3o viola o princ\u00edpio do concurso p\u00fablico (CF\/1988, art. 37, II) (2) nem as normas constitucionais sobre compet\u00eancia legislativa (CF\/1988, arts. [&hellip;]<\/p>\n","protected":false},"author":131,"featured_media":11545,"comment_status":"open","ping_status":"open","sticky":false,"template":"","format":"standard","meta":{"_acf_changed":false,"footnotes":""},"categories":[70],"tags":[],"class_list":["post-17209","post","type-post","status-publish","format-standard","has-post-thumbnail","hentry","category-informativos-comentados"],"acf":[],"yoast_head":"<!-- This site is optimized with the Yoast SEO plugin v24.8.1 - https:\/\/yoast.com\/wordpress\/plugins\/seo\/ -->\n<title>Resumo - Informativo 1.074 do STF, de 11 de novembro de 2022 - Meu site jur\u00eddico<\/title>\n<meta name=\"robots\" content=\"index, follow, max-snippet:-1, max-image-preview:large, max-video-preview:-1\" \/>\n<link rel=\"canonical\" href=\"https:\/\/webmail.meusitejuridico.com.br\/2022\/11\/17\/resumo-informativo-1-074-do-stf-de-11-de-novembro-de-2022\/\" \/>\n<meta property=\"og:locale\" content=\"pt_BR\" \/>\n<meta property=\"og:type\" content=\"article\" \/>\n<meta property=\"og:title\" content=\"Resumo - Informativo 1.074 do STF, de 11 de novembro de 2022 - Meu site jur\u00eddico\" \/>\n<meta property=\"og:description\" content=\"PLEN\u00c1RIO &#8211; A exig\u00eancia de diploma de n\u00edvel superior, promovida por legisla\u00e7\u00e3o estadual (1), para o cargo de perito t\u00e9cnico de pol\u00edcia &#8211; que anteriormente tinha o n\u00edvel m\u00e9dio como requisito de escolaridade &#8211; n\u00e3o viola o princ\u00edpio do concurso p\u00fablico (CF\/1988, art. 37, II) (2) nem as normas constitucionais sobre compet\u00eancia legislativa (CF\/1988, arts. [&hellip;]\" \/>\n<meta property=\"og:url\" content=\"https:\/\/webmail.meusitejuridico.com.br\/2022\/11\/17\/resumo-informativo-1-074-do-stf-de-11-de-novembro-de-2022\/\" \/>\n<meta property=\"og:site_name\" content=\"Meu site jur\u00eddico\" \/>\n<meta property=\"article:published_time\" content=\"2022-11-17T10:02:00+00:00\" \/>\n<meta property=\"article:modified_time\" content=\"2022-11-17T10:02:01+00:00\" \/>\n<meta property=\"og:image\" content=\"https:\/\/webmail.meusitejuridico.com.br\/s.meusitejuridico\/2020\/07\/91e73822-books.jpg\" \/>\n\t<meta property=\"og:image:width\" content=\"400\" \/>\n\t<meta property=\"og:image:height\" content=\"214\" \/>\n\t<meta property=\"og:image:type\" content=\"image\/jpeg\" \/>\n<meta name=\"author\" content=\"Rodrigo Leite\" \/>\n<meta name=\"twitter:card\" content=\"summary_large_image\" \/>\n<meta name=\"twitter:creator\" content=\"@rodrigocrleite\" \/>\n<meta name=\"twitter:label1\" content=\"Escrito por\" \/>\n\t<meta name=\"twitter:data1\" content=\"Rodrigo Leite\" \/>\n\t<meta name=\"twitter:label2\" content=\"Est. tempo de leitura\" \/>\n\t<meta name=\"twitter:data2\" content=\"3 minutos\" \/>\n<script type=\"application\/ld+json\" class=\"yoast-schema-graph\">{\"@context\":\"https:\/\/schema.org\",\"@graph\":[{\"@type\":\"Article\",\"@id\":\"https:\/\/webmail.meusitejuridico.com.br\/2022\/11\/17\/resumo-informativo-1-074-do-stf-de-11-de-novembro-de-2022\/#article\",\"isPartOf\":{\"@id\":\"https:\/\/webmail.meusitejuridico.com.br\/2022\/11\/17\/resumo-informativo-1-074-do-stf-de-11-de-novembro-de-2022\/\"},\"author\":{\"name\":\"Rodrigo Leite\",\"@id\":\"https:\/\/meusitejuridico.editorajuspodivm.com.br\/#\/schema\/person\/ae56313f17950dccef13d0989efd6d50\"},\"headline\":\"Resumo &#8211; Informativo 1.074 do STF, de 11 de novembro de 2022\",\"datePublished\":\"2022-11-17T10:02:00+00:00\",\"dateModified\":\"2022-11-17T10:02:01+00:00\",\"mainEntityOfPage\":{\"@id\":\"https:\/\/webmail.meusitejuridico.com.br\/2022\/11\/17\/resumo-informativo-1-074-do-stf-de-11-de-novembro-de-2022\/\"},\"wordCount\":586,\"commentCount\":0,\"publisher\":{\"@id\":\"https:\/\/meusitejuridico.editorajuspodivm.com.br\/#organization\"},\"image\":{\"@id\":\"https:\/\/webmail.meusitejuridico.com.br\/2022\/11\/17\/resumo-informativo-1-074-do-stf-de-11-de-novembro-de-2022\/#primaryimage\"},\"thumbnailUrl\":\"https:\/\/webmail.meusitejuridico.com.br\/s.meusitejuridico\/2020\/07\/91e73822-books.jpg\",\"articleSection\":[\"Informativos\"],\"inLanguage\":\"pt-BR\",\"potentialAction\":[{\"@type\":\"CommentAction\",\"name\":\"Comment\",\"target\":[\"https:\/\/webmail.meusitejuridico.com.br\/2022\/11\/17\/resumo-informativo-1-074-do-stf-de-11-de-novembro-de-2022\/#respond\"]}]},{\"@type\":\"WebPage\",\"@id\":\"https:\/\/webmail.meusitejuridico.com.br\/2022\/11\/17\/resumo-informativo-1-074-do-stf-de-11-de-novembro-de-2022\/\",\"url\":\"https:\/\/webmail.meusitejuridico.com.br\/2022\/11\/17\/resumo-informativo-1-074-do-stf-de-11-de-novembro-de-2022\/\",\"name\":\"Resumo - Informativo 1.074 do STF, de 11 de novembro de 2022 - Meu site jur\u00eddico\",\"isPartOf\":{\"@id\":\"https:\/\/meusitejuridico.editorajuspodivm.com.br\/#website\"},\"primaryImageOfPage\":{\"@id\":\"https:\/\/webmail.meusitejuridico.com.br\/2022\/11\/17\/resumo-informativo-1-074-do-stf-de-11-de-novembro-de-2022\/#primaryimage\"},\"image\":{\"@id\":\"https:\/\/webmail.meusitejuridico.com.br\/2022\/11\/17\/resumo-informativo-1-074-do-stf-de-11-de-novembro-de-2022\/#primaryimage\"},\"thumbnailUrl\":\"https:\/\/webmail.meusitejuridico.com.br\/s.meusitejuridico\/2020\/07\/91e73822-books.jpg\",\"datePublished\":\"2022-11-17T10:02:00+00:00\",\"dateModified\":\"2022-11-17T10:02:01+00:00\",\"breadcrumb\":{\"@id\":\"https:\/\/webmail.meusitejuridico.com.br\/2022\/11\/17\/resumo-informativo-1-074-do-stf-de-11-de-novembro-de-2022\/#breadcrumb\"},\"inLanguage\":\"pt-BR\",\"potentialAction\":[{\"@type\":\"ReadAction\",\"target\":[\"https:\/\/webmail.meusitejuridico.com.br\/2022\/11\/17\/resumo-informativo-1-074-do-stf-de-11-de-novembro-de-2022\/\"]}]},{\"@type\":\"ImageObject\",\"inLanguage\":\"pt-BR\",\"@id\":\"https:\/\/webmail.meusitejuridico.com.br\/2022\/11\/17\/resumo-informativo-1-074-do-stf-de-11-de-novembro-de-2022\/#primaryimage\",\"url\":\"https:\/\/webmail.meusitejuridico.com.br\/s.meusitejuridico\/2020\/07\/91e73822-books.jpg\",\"contentUrl\":\"https:\/\/webmail.meusitejuridico.com.br\/s.meusitejuridico\/2020\/07\/91e73822-books.jpg\",\"width\":400,\"height\":214},{\"@type\":\"BreadcrumbList\",\"@id\":\"https:\/\/webmail.meusitejuridico.com.br\/2022\/11\/17\/resumo-informativo-1-074-do-stf-de-11-de-novembro-de-2022\/#breadcrumb\",\"itemListElement\":[{\"@type\":\"ListItem\",\"position\":1,\"name\":\"In\u00edcio\",\"item\":\"https:\/\/meusitejuridico.editorajuspodivm.com.br\/\"},{\"@type\":\"ListItem\",\"position\":2,\"name\":\"Resumo &#8211; Informativo 1.074 do STF, de 11 de novembro de 2022\"}]},{\"@type\":\"WebSite\",\"@id\":\"https:\/\/meusitejuridico.editorajuspodivm.com.br\/#website\",\"url\":\"https:\/\/meusitejuridico.editorajuspodivm.com.br\/\",\"name\":\"Meu site jur\u00eddico\",\"description\":\"Meu site jur\u00eddico\",\"publisher\":{\"@id\":\"https:\/\/meusitejuridico.editorajuspodivm.com.br\/#organization\"},\"potentialAction\":[{\"@type\":\"SearchAction\",\"target\":{\"@type\":\"EntryPoint\",\"urlTemplate\":\"https:\/\/meusitejuridico.editorajuspodivm.com.br\/?s={search_term_string}\"},\"query-input\":{\"@type\":\"PropertyValueSpecification\",\"valueRequired\":true,\"valueName\":\"search_term_string\"}}],\"inLanguage\":\"pt-BR\"},{\"@type\":\"Organization\",\"@id\":\"https:\/\/meusitejuridico.editorajuspodivm.com.br\/#organization\",\"name\":\"Meu site jur\u00eddico\",\"url\":\"https:\/\/meusitejuridico.editorajuspodivm.com.br\/\",\"logo\":{\"@type\":\"ImageObject\",\"inLanguage\":\"pt-BR\",\"@id\":\"https:\/\/meusitejuridico.editorajuspodivm.com.br\/#\/schema\/logo\/image\/\",\"url\":\"https:\/\/webmail.meusitejuridico.com.br\/s.meusitejuridico\/2022\/03\/cropped-baeec2a3-msj-02-01-01.png\",\"contentUrl\":\"https:\/\/webmail.meusitejuridico.com.br\/s.meusitejuridico\/2022\/03\/cropped-baeec2a3-msj-02-01-01.png\",\"width\":349,\"height\":243,\"caption\":\"Meu site jur\u00eddico\"},\"image\":{\"@id\":\"https:\/\/meusitejuridico.editorajuspodivm.com.br\/#\/schema\/logo\/image\/\"}},{\"@type\":\"Person\",\"@id\":\"https:\/\/meusitejuridico.editorajuspodivm.com.br\/#\/schema\/person\/ae56313f17950dccef13d0989efd6d50\",\"name\":\"Rodrigo Leite\",\"image\":{\"@type\":\"ImageObject\",\"inLanguage\":\"pt-BR\",\"@id\":\"https:\/\/meusitejuridico.editorajuspodivm.com.br\/#\/schema\/person\/image\/\",\"url\":\"https:\/\/webmail.meusitejuridico.com.br\/s.meusitejuridico\/2021\/05\/8455192b-foto-site-rodrigo-leite-150x150.jpeg\",\"contentUrl\":\"https:\/\/webmail.meusitejuridico.com.br\/s.meusitejuridico\/2021\/05\/8455192b-foto-site-rodrigo-leite-150x150.jpeg\",\"caption\":\"Rodrigo Leite\"},\"description\":\"Coautor do livro \u201cAn\u00e1lise das Diverg\u00eancias Jurisprudenciais no STF e STJ\u201d, Editora Juspodivm. Autor do livro \u201cTombamento \u2013 Vol. 36 \u2013 Cole\u00e7\u00e3o Leis Especiais para Concursos\u201d, Editora Juspodivm. Autor do livro \u201cDesapropria\u00e7\u00e3o \u2013 Vol. 39 \u2013 Cole\u00e7\u00e3o Especiais para Concursos\u201d, Editora Juspodivm. Coautor do livro \u201cSaberes Jurisprudenciais\u201d, Editora Saraiva. Coorganizador do livro \u201cCPC na Jurisprud\u00eancia\\\", Editora Foco. Especialista em Direito P\u00fablico e Direito Processual Civil. Mestre em Direito Constitucional. Professor da P\u00f3s-gradua\u00e7\u00e3o em Direito Civil da Rede Anhaguera-Kroton. M\u00e1ster Universit\u00e1rio em Direito Constitucional pela Universidad Del Pa\u00eds Vasco, San Sebasti\u00e1n, Espanha. Advogado licenciado. Analista Judici\u00e1rio do TJRN. Assessor de Desembargador do TJRN.\",\"sameAs\":[\"https:\/\/www.editorajuspodivm.com.br\/autores\/detalhe\/85\",\"https:\/\/www.instagram.com\/rodrigocrleite\/\",\"https:\/\/x.com\/rodrigocrleite\"],\"url\":\"https:\/\/webmail.meusitejuridico.com.br\/author\/rodrigoleiterodrigoleite\/\"}]}<\/script>\n<!-- \/ Yoast SEO plugin. -->","yoast_head_json":{"title":"Resumo - Informativo 1.074 do STF, de 11 de novembro de 2022 - Meu site jur\u00eddico","robots":{"index":"index","follow":"follow","max-snippet":"max-snippet:-1","max-image-preview":"max-image-preview:large","max-video-preview":"max-video-preview:-1"},"canonical":"https:\/\/webmail.meusitejuridico.com.br\/2022\/11\/17\/resumo-informativo-1-074-do-stf-de-11-de-novembro-de-2022\/","og_locale":"pt_BR","og_type":"article","og_title":"Resumo - Informativo 1.074 do STF, de 11 de novembro de 2022 - Meu site jur\u00eddico","og_description":"PLEN\u00c1RIO &#8211; A exig\u00eancia de diploma de n\u00edvel superior, promovida por legisla\u00e7\u00e3o estadual (1), para o cargo de perito t\u00e9cnico de pol\u00edcia &#8211; que anteriormente tinha o n\u00edvel m\u00e9dio como requisito de escolaridade &#8211; n\u00e3o viola o princ\u00edpio do concurso p\u00fablico (CF\/1988, art. 37, II) (2) nem as normas constitucionais sobre compet\u00eancia legislativa (CF\/1988, arts. [&hellip;]","og_url":"https:\/\/webmail.meusitejuridico.com.br\/2022\/11\/17\/resumo-informativo-1-074-do-stf-de-11-de-novembro-de-2022\/","og_site_name":"Meu site jur\u00eddico","article_published_time":"2022-11-17T10:02:00+00:00","article_modified_time":"2022-11-17T10:02:01+00:00","og_image":[{"width":400,"height":214,"url":"https:\/\/webmail.meusitejuridico.com.br\/s.meusitejuridico\/2020\/07\/91e73822-books.jpg","type":"image\/jpeg"}],"author":"Rodrigo Leite","twitter_card":"summary_large_image","twitter_creator":"@rodrigocrleite","twitter_misc":{"Escrito por":"Rodrigo Leite","Est. tempo de leitura":"3 minutos"},"schema":{"@context":"https:\/\/schema.org","@graph":[{"@type":"Article","@id":"https:\/\/webmail.meusitejuridico.com.br\/2022\/11\/17\/resumo-informativo-1-074-do-stf-de-11-de-novembro-de-2022\/#article","isPartOf":{"@id":"https:\/\/webmail.meusitejuridico.com.br\/2022\/11\/17\/resumo-informativo-1-074-do-stf-de-11-de-novembro-de-2022\/"},"author":{"name":"Rodrigo Leite","@id":"https:\/\/meusitejuridico.editorajuspodivm.com.br\/#\/schema\/person\/ae56313f17950dccef13d0989efd6d50"},"headline":"Resumo &#8211; Informativo 1.074 do STF, de 11 de novembro de 2022","datePublished":"2022-11-17T10:02:00+00:00","dateModified":"2022-11-17T10:02:01+00:00","mainEntityOfPage":{"@id":"https:\/\/webmail.meusitejuridico.com.br\/2022\/11\/17\/resumo-informativo-1-074-do-stf-de-11-de-novembro-de-2022\/"},"wordCount":586,"commentCount":0,"publisher":{"@id":"https:\/\/meusitejuridico.editorajuspodivm.com.br\/#organization"},"image":{"@id":"https:\/\/webmail.meusitejuridico.com.br\/2022\/11\/17\/resumo-informativo-1-074-do-stf-de-11-de-novembro-de-2022\/#primaryimage"},"thumbnailUrl":"https:\/\/webmail.meusitejuridico.com.br\/s.meusitejuridico\/2020\/07\/91e73822-books.jpg","articleSection":["Informativos"],"inLanguage":"pt-BR","potentialAction":[{"@type":"CommentAction","name":"Comment","target":["https:\/\/webmail.meusitejuridico.com.br\/2022\/11\/17\/resumo-informativo-1-074-do-stf-de-11-de-novembro-de-2022\/#respond"]}]},{"@type":"WebPage","@id":"https:\/\/webmail.meusitejuridico.com.br\/2022\/11\/17\/resumo-informativo-1-074-do-stf-de-11-de-novembro-de-2022\/","url":"https:\/\/webmail.meusitejuridico.com.br\/2022\/11\/17\/resumo-informativo-1-074-do-stf-de-11-de-novembro-de-2022\/","name":"Resumo - Informativo 1.074 do STF, de 11 de novembro de 2022 - Meu site jur\u00eddico","isPartOf":{"@id":"https:\/\/meusitejuridico.editorajuspodivm.com.br\/#website"},"primaryImageOfPage":{"@id":"https:\/\/webmail.meusitejuridico.com.br\/2022\/11\/17\/resumo-informativo-1-074-do-stf-de-11-de-novembro-de-2022\/#primaryimage"},"image":{"@id":"https:\/\/webmail.meusitejuridico.com.br\/2022\/11\/17\/resumo-informativo-1-074-do-stf-de-11-de-novembro-de-2022\/#primaryimage"},"thumbnailUrl":"https:\/\/webmail.meusitejuridico.com.br\/s.meusitejuridico\/2020\/07\/91e73822-books.jpg","datePublished":"2022-11-17T10:02:00+00:00","dateModified":"2022-11-17T10:02:01+00:00","breadcrumb":{"@id":"https:\/\/webmail.meusitejuridico.com.br\/2022\/11\/17\/resumo-informativo-1-074-do-stf-de-11-de-novembro-de-2022\/#breadcrumb"},"inLanguage":"pt-BR","potentialAction":[{"@type":"ReadAction","target":["https:\/\/webmail.meusitejuridico.com.br\/2022\/11\/17\/resumo-informativo-1-074-do-stf-de-11-de-novembro-de-2022\/"]}]},{"@type":"ImageObject","inLanguage":"pt-BR","@id":"https:\/\/webmail.meusitejuridico.com.br\/2022\/11\/17\/resumo-informativo-1-074-do-stf-de-11-de-novembro-de-2022\/#primaryimage","url":"https:\/\/webmail.meusitejuridico.com.br\/s.meusitejuridico\/2020\/07\/91e73822-books.jpg","contentUrl":"https:\/\/webmail.meusitejuridico.com.br\/s.meusitejuridico\/2020\/07\/91e73822-books.jpg","width":400,"height":214},{"@type":"BreadcrumbList","@id":"https:\/\/webmail.meusitejuridico.com.br\/2022\/11\/17\/resumo-informativo-1-074-do-stf-de-11-de-novembro-de-2022\/#breadcrumb","itemListElement":[{"@type":"ListItem","position":1,"name":"In\u00edcio","item":"https:\/\/meusitejuridico.editorajuspodivm.com.br\/"},{"@type":"ListItem","position":2,"name":"Resumo &#8211; Informativo 1.074 do STF, de 11 de novembro de 2022"}]},{"@type":"WebSite","@id":"https:\/\/meusitejuridico.editorajuspodivm.com.br\/#website","url":"https:\/\/meusitejuridico.editorajuspodivm.com.br\/","name":"Meu site jur\u00eddico","description":"Meu site jur\u00eddico","publisher":{"@id":"https:\/\/meusitejuridico.editorajuspodivm.com.br\/#organization"},"potentialAction":[{"@type":"SearchAction","target":{"@type":"EntryPoint","urlTemplate":"https:\/\/meusitejuridico.editorajuspodivm.com.br\/?s={search_term_string}"},"query-input":{"@type":"PropertyValueSpecification","valueRequired":true,"valueName":"search_term_string"}}],"inLanguage":"pt-BR"},{"@type":"Organization","@id":"https:\/\/meusitejuridico.editorajuspodivm.com.br\/#organization","name":"Meu site jur\u00eddico","url":"https:\/\/meusitejuridico.editorajuspodivm.com.br\/","logo":{"@type":"ImageObject","inLanguage":"pt-BR","@id":"https:\/\/meusitejuridico.editorajuspodivm.com.br\/#\/schema\/logo\/image\/","url":"https:\/\/webmail.meusitejuridico.com.br\/s.meusitejuridico\/2022\/03\/cropped-baeec2a3-msj-02-01-01.png","contentUrl":"https:\/\/webmail.meusitejuridico.com.br\/s.meusitejuridico\/2022\/03\/cropped-baeec2a3-msj-02-01-01.png","width":349,"height":243,"caption":"Meu site jur\u00eddico"},"image":{"@id":"https:\/\/meusitejuridico.editorajuspodivm.com.br\/#\/schema\/logo\/image\/"}},{"@type":"Person","@id":"https:\/\/meusitejuridico.editorajuspodivm.com.br\/#\/schema\/person\/ae56313f17950dccef13d0989efd6d50","name":"Rodrigo Leite","image":{"@type":"ImageObject","inLanguage":"pt-BR","@id":"https:\/\/meusitejuridico.editorajuspodivm.com.br\/#\/schema\/person\/image\/","url":"https:\/\/webmail.meusitejuridico.com.br\/s.meusitejuridico\/2021\/05\/8455192b-foto-site-rodrigo-leite-150x150.jpeg","contentUrl":"https:\/\/webmail.meusitejuridico.com.br\/s.meusitejuridico\/2021\/05\/8455192b-foto-site-rodrigo-leite-150x150.jpeg","caption":"Rodrigo Leite"},"description":"Coautor do livro \u201cAn\u00e1lise das Diverg\u00eancias Jurisprudenciais no STF e STJ\u201d, Editora Juspodivm. Autor do livro \u201cTombamento \u2013 Vol. 36 \u2013 Cole\u00e7\u00e3o Leis Especiais para Concursos\u201d, Editora Juspodivm. Autor do livro \u201cDesapropria\u00e7\u00e3o \u2013 Vol. 39 \u2013 Cole\u00e7\u00e3o Especiais para Concursos\u201d, Editora Juspodivm. Coautor do livro \u201cSaberes Jurisprudenciais\u201d, Editora Saraiva. Coorganizador do livro \u201cCPC na Jurisprud\u00eancia\", Editora Foco. Especialista em Direito P\u00fablico e Direito Processual Civil. Mestre em Direito Constitucional. Professor da P\u00f3s-gradua\u00e7\u00e3o em Direito Civil da Rede Anhaguera-Kroton. M\u00e1ster Universit\u00e1rio em Direito Constitucional pela Universidad Del Pa\u00eds Vasco, San Sebasti\u00e1n, Espanha. Advogado licenciado. Analista Judici\u00e1rio do TJRN. Assessor de Desembargador do TJRN.","sameAs":["https:\/\/www.editorajuspodivm.com.br\/autores\/detalhe\/85","https:\/\/www.instagram.com\/rodrigocrleite\/","https:\/\/x.com\/rodrigocrleite"],"url":"https:\/\/webmail.meusitejuridico.com.br\/author\/rodrigoleiterodrigoleite\/"}]}},"_links":{"self":[{"href":"https:\/\/webmail.meusitejuridico.com.br\/api\/wp\/v2\/posts\/17209","targetHints":{"allow":["GET"]}}],"collection":[{"href":"https:\/\/webmail.meusitejuridico.com.br\/api\/wp\/v2\/posts"}],"about":[{"href":"https:\/\/webmail.meusitejuridico.com.br\/api\/wp\/v2\/types\/post"}],"author":[{"embeddable":true,"href":"https:\/\/webmail.meusitejuridico.com.br\/api\/wp\/v2\/users\/131"}],"replies":[{"embeddable":true,"href":"https:\/\/webmail.meusitejuridico.com.br\/api\/wp\/v2\/comments?post=17209"}],"version-history":[{"count":1,"href":"https:\/\/webmail.meusitejuridico.com.br\/api\/wp\/v2\/posts\/17209\/revisions"}],"predecessor-version":[{"id":17210,"href":"https:\/\/webmail.meusitejuridico.com.br\/api\/wp\/v2\/posts\/17209\/revisions\/17210"}],"wp:featuredmedia":[{"embeddable":true,"href":"https:\/\/webmail.meusitejuridico.com.br\/api\/wp\/v2\/media\/11545"}],"wp:attachment":[{"href":"https:\/\/webmail.meusitejuridico.com.br\/api\/wp\/v2\/media?parent=17209"}],"wp:term":[{"taxonomy":"category","embeddable":true,"href":"https:\/\/webmail.meusitejuridico.com.br\/api\/wp\/v2\/categories?post=17209"},{"taxonomy":"post_tag","embeddable":true,"href":"https:\/\/webmail.meusitejuridico.com.br\/api\/wp\/v2\/tags?post=17209"}],"curies":[{"name":"wp","href":"https:\/\/api.w.org\/{rel}","templated":true}]}}