{"id":17132,"date":"2022-10-26T08:51:41","date_gmt":"2022-10-26T11:51:41","guid":{"rendered":"https:\/\/meusitejuridico.editorajuspodivm.com.br\/?p=17132"},"modified":"2022-10-26T08:51:42","modified_gmt":"2022-10-26T11:51:42","slug":"resumo-informativo-1-072-do-stf-de-21-de-outubro-de-2022","status":"publish","type":"post","link":"https:\/\/webmail.meusitejuridico.com.br\/2022\/10\/26\/resumo-informativo-1-072-do-stf-de-21-de-outubro-de-2022\/","title":{"rendered":"Resumo &#8211; Informativo 1.072 do STF, de 21 de outubro de 2022"},"content":{"rendered":"\n<p><strong>PLEN\u00c1RIO<\/strong><strong><\/strong><\/p>\n\n\n\n<p>&#8211; \u00c9 inconstitucional, por ofensa \u00e0 compet\u00eancia privativa da Uni\u00e3o para legislar sobre direito civil e pol\u00edtica de seguros (CF\/1988, art. 22, I e VII), lei estadual que veda, no \u00e2mbito de seu territ\u00f3rio, operadoras de plano de sa\u00fade de limitarem consultas e sess\u00f5es para o tratamento de pessoas com defici\u00eancia \u2013<strong> ADI 7172\/RJ<\/strong>, julgamento virtual finalizado em 17\/10\/2022.<\/p>\n\n\n\n<p>&#8211; Ofendem os princ\u00edpios da legalidade or\u00e7ament\u00e1ria, da separa\u00e7\u00e3o dos Poderes e da continuidade da presta\u00e7\u00e3o dos servi\u00e7os p\u00fablicos as decis\u00f5es judiciais que, com o objetivo de satisfazer cr\u00e9ditos trabalhistas, determinam o bloqueio de recursos p\u00fablicos federais transferidos \u00e0s Associa\u00e7\u00f5es de Pais e Professores (APPs) pelo Fundo Nacional de Desenvolvimento da Educa\u00e7\u00e3o (FNDE) para a implementa\u00e7\u00e3o do Programa Dinheiro Direto na Escola (PDDE) \u2013<strong> ADPF 988\/SC<\/strong>, julgamento virtual finalizado em 17\/10\/2022.<\/p>\n\n\n\n<p>&#8211; A procuradoria jur\u00eddica estadual ou municipal possui legitimidade para interpor recurso em face de ac\u00f3rd\u00e3o de tribunal de justi\u00e7a proferido em representa\u00e7\u00e3o de inconstitucionalidade \u2013<strong> ARE 873.804 AgR-segundo-ED-EDv-AgR\/RJ<\/strong>, julgado em 13\/10\/2022.<\/p>\n\n\n\n<p>&#8211; \u00c9 simult\u00e2nea a contagem dos prazos das garantias fundamentais a que se referem os princ\u00edpios da anterioridade anual e nonagesimal tribut\u00e1rias, a partir da data da publica\u00e7\u00e3o da lei que institui ou majora o tributo \u2013 Teses fixadas: \u201cI &#8211; No caso de um tributo sujeito duplamente \u00e0 anterioridade de exerc\u00edcio e \u00e0 noventena, a lei que institui ou majora a imposi\u00e7\u00e3o somente ser\u00e1 eficaz, de um lado, no exerc\u00edcio financeiro seguinte ao de sua publica\u00e7\u00e3o e, de outro, ap\u00f3s decorridos noventa dias da data de sua divulga\u00e7\u00e3o em meio oficial. Logo, a contar da publica\u00e7\u00e3o da lei, os prazos transcorrem simultaneamente, e n\u00e3o sucessivamente. II &#8211; N\u00e3o h\u00e1 desvio de finalidade no caso de lei ordin\u00e1ria alterar o aspecto temporal do IPVA para viabilizar, a um s\u00f3 tempo, o respeito \u00e0 garantia da anterioridade, inclusive nonagesimal, e viabilizar a tributa\u00e7\u00e3o dos ve\u00edculos automotores pela al\u00edquota majorada no exerc\u00edcio financeiro seguinte ao da publica\u00e7\u00e3o desse diploma legal. Afinal, a finalidade da legisla\u00e7\u00e3o \u00e9 l\u00edcita e expl\u00edcita. III &#8211; O princ\u00edpio da igualdade tribut\u00e1ria n\u00e3o resta ofendido na hip\u00f3tese de um ve\u00edculo automotor novo submeter-se a al\u00edquota distinta de IPVA em compara\u00e7\u00e3o a outro autom\u00f3vel adquirido em anos anteriores no lapso referente aos 90 (noventa) dias da noventena, em certo exerc\u00edcio financeiro. Sendo assim, pela pr\u00f3pria sistem\u00e1tica de tributa\u00e7\u00e3o do IPVA posta na legisla\u00e7\u00e3o infraconstitucional, n\u00e3o se cuida de tratamento desigual entre contribuintes que se encontrem em situa\u00e7\u00e3o equivalente.\u201d \u2013<strong> ADI 5282\/PR, <\/strong>julgamento virtual finalizado em 17\/10\/2022.<\/p>\n\n\n\n<p>***<\/p>\n\n\n\n<p><strong>Telegram<\/strong>:<strong>&nbsp;<\/strong><a href=\"https:\/\/t.me\/pilulasjuridicasSTFSTJ\" target=\"_blank\" rel=\"noreferrer noopener\"><strong>https:\/\/t.me\/pilulasjuridicasSTFSTJ<\/strong><\/a><strong>&nbsp;| Instagram: @rodrigocrleite<\/strong><\/p>\n","protected":false},"excerpt":{"rendered":"<p>PLEN\u00c1RIO &#8211; \u00c9 inconstitucional, por ofensa \u00e0 compet\u00eancia privativa da Uni\u00e3o para legislar sobre direito civil e pol\u00edtica de seguros (CF\/1988, art. 22, I e VII), lei estadual que veda, no \u00e2mbito de seu territ\u00f3rio, operadoras de plano de sa\u00fade de limitarem consultas e sess\u00f5es para o tratamento de pessoas com defici\u00eancia \u2013 ADI 7172\/RJ, [&hellip;]<\/p>\n","protected":false},"author":131,"featured_media":3292,"comment_status":"open","ping_status":"open","sticky":false,"template":"","format":"standard","meta":{"_acf_changed":false,"footnotes":""},"categories":[70,75],"tags":[],"class_list":["post-17132","post","type-post","status-publish","format-standard","has-post-thumbnail","hentry","category-informativos-comentados","category-jurisprudencia-comentada"],"acf":[],"yoast_head":"<!-- This site is optimized with the Yoast SEO plugin v24.8.1 - https:\/\/yoast.com\/wordpress\/plugins\/seo\/ -->\n<title>Resumo - Informativo 1.072 do STF, de 21 de outubro de 2022 - Meu site jur\u00eddico<\/title>\n<meta name=\"robots\" content=\"index, follow, max-snippet:-1, max-image-preview:large, max-video-preview:-1\" \/>\n<link rel=\"canonical\" href=\"https:\/\/meusitejuridico.editorajuspodivm.com.br\/2022\/10\/26\/resumo-informativo-1-072-do-stf-de-21-de-outubro-de-2022\/\" \/>\n<meta property=\"og:locale\" content=\"pt_BR\" \/>\n<meta property=\"og:type\" content=\"article\" \/>\n<meta property=\"og:title\" content=\"Resumo - Informativo 1.072 do STF, de 21 de outubro de 2022 - Meu site jur\u00eddico\" \/>\n<meta property=\"og:description\" content=\"PLEN\u00c1RIO &#8211; \u00c9 inconstitucional, por ofensa \u00e0 compet\u00eancia privativa da Uni\u00e3o para legislar sobre direito civil e pol\u00edtica de seguros (CF\/1988, art. 22, I e VII), lei estadual que veda, no \u00e2mbito de seu territ\u00f3rio, operadoras de plano de sa\u00fade de limitarem consultas e sess\u00f5es para o tratamento de pessoas com defici\u00eancia \u2013 ADI 7172\/RJ, [&hellip;]\" \/>\n<meta property=\"og:url\" content=\"https:\/\/meusitejuridico.editorajuspodivm.com.br\/2022\/10\/26\/resumo-informativo-1-072-do-stf-de-21-de-outubro-de-2022\/\" \/>\n<meta property=\"og:site_name\" content=\"Meu site jur\u00eddico\" \/>\n<meta property=\"article:published_time\" content=\"2022-10-26T11:51:41+00:00\" \/>\n<meta property=\"article:modified_time\" content=\"2022-10-26T11:51:42+00:00\" \/>\n<meta property=\"og:image\" content=\"https:\/\/meusitejuridico.editorajuspodivm.com.br\/s.meusitejuridico\/2017\/08\/ea65d1c6-shutterstock-660620926.jpg\" \/>\n\t<meta property=\"og:image:width\" content=\"4896\" \/>\n\t<meta property=\"og:image:height\" content=\"3264\" \/>\n\t<meta property=\"og:image:type\" content=\"image\/jpeg\" \/>\n<meta name=\"author\" content=\"Rodrigo Leite\" \/>\n<meta name=\"twitter:card\" content=\"summary_large_image\" \/>\n<meta name=\"twitter:creator\" content=\"@rodrigocrleite\" \/>\n<meta name=\"twitter:label1\" content=\"Escrito por\" \/>\n\t<meta name=\"twitter:data1\" content=\"Rodrigo Leite\" \/>\n\t<meta name=\"twitter:label2\" content=\"Est. tempo de leitura\" \/>\n\t<meta name=\"twitter:data2\" content=\"2 minutos\" \/>\n<script type=\"application\/ld+json\" class=\"yoast-schema-graph\">{\"@context\":\"https:\/\/schema.org\",\"@graph\":[{\"@type\":\"Article\",\"@id\":\"https:\/\/meusitejuridico.editorajuspodivm.com.br\/2022\/10\/26\/resumo-informativo-1-072-do-stf-de-21-de-outubro-de-2022\/#article\",\"isPartOf\":{\"@id\":\"https:\/\/meusitejuridico.editorajuspodivm.com.br\/2022\/10\/26\/resumo-informativo-1-072-do-stf-de-21-de-outubro-de-2022\/\"},\"author\":{\"name\":\"Rodrigo Leite\",\"@id\":\"https:\/\/meusitejuridico.editorajuspodivm.com.br\/#\/schema\/person\/ae56313f17950dccef13d0989efd6d50\"},\"headline\":\"Resumo &#8211; Informativo 1.072 do STF, de 21 de outubro de 2022\",\"datePublished\":\"2022-10-26T11:51:41+00:00\",\"dateModified\":\"2022-10-26T11:51:42+00:00\",\"mainEntityOfPage\":{\"@id\":\"https:\/\/meusitejuridico.editorajuspodivm.com.br\/2022\/10\/26\/resumo-informativo-1-072-do-stf-de-21-de-outubro-de-2022\/\"},\"wordCount\":473,\"commentCount\":0,\"publisher\":{\"@id\":\"https:\/\/meusitejuridico.editorajuspodivm.com.br\/#organization\"},\"image\":{\"@id\":\"https:\/\/meusitejuridico.editorajuspodivm.com.br\/2022\/10\/26\/resumo-informativo-1-072-do-stf-de-21-de-outubro-de-2022\/#primaryimage\"},\"thumbnailUrl\":\"https:\/\/webmail.meusitejuridico.com.br\/s.meusitejuridico\/2017\/08\/ea65d1c6-shutterstock-660620926.jpg\",\"articleSection\":[\"Informativos\",\"Jurisprud\u00eancia\"],\"inLanguage\":\"pt-BR\",\"potentialAction\":[{\"@type\":\"CommentAction\",\"name\":\"Comment\",\"target\":[\"https:\/\/meusitejuridico.editorajuspodivm.com.br\/2022\/10\/26\/resumo-informativo-1-072-do-stf-de-21-de-outubro-de-2022\/#respond\"]}]},{\"@type\":\"WebPage\",\"@id\":\"https:\/\/meusitejuridico.editorajuspodivm.com.br\/2022\/10\/26\/resumo-informativo-1-072-do-stf-de-21-de-outubro-de-2022\/\",\"url\":\"https:\/\/meusitejuridico.editorajuspodivm.com.br\/2022\/10\/26\/resumo-informativo-1-072-do-stf-de-21-de-outubro-de-2022\/\",\"name\":\"Resumo - Informativo 1.072 do STF, de 21 de outubro de 2022 - Meu site jur\u00eddico\",\"isPartOf\":{\"@id\":\"https:\/\/meusitejuridico.editorajuspodivm.com.br\/#website\"},\"primaryImageOfPage\":{\"@id\":\"https:\/\/meusitejuridico.editorajuspodivm.com.br\/2022\/10\/26\/resumo-informativo-1-072-do-stf-de-21-de-outubro-de-2022\/#primaryimage\"},\"image\":{\"@id\":\"https:\/\/meusitejuridico.editorajuspodivm.com.br\/2022\/10\/26\/resumo-informativo-1-072-do-stf-de-21-de-outubro-de-2022\/#primaryimage\"},\"thumbnailUrl\":\"https:\/\/webmail.meusitejuridico.com.br\/s.meusitejuridico\/2017\/08\/ea65d1c6-shutterstock-660620926.jpg\",\"datePublished\":\"2022-10-26T11:51:41+00:00\",\"dateModified\":\"2022-10-26T11:51:42+00:00\",\"breadcrumb\":{\"@id\":\"https:\/\/meusitejuridico.editorajuspodivm.com.br\/2022\/10\/26\/resumo-informativo-1-072-do-stf-de-21-de-outubro-de-2022\/#breadcrumb\"},\"inLanguage\":\"pt-BR\",\"potentialAction\":[{\"@type\":\"ReadAction\",\"target\":[\"https:\/\/meusitejuridico.editorajuspodivm.com.br\/2022\/10\/26\/resumo-informativo-1-072-do-stf-de-21-de-outubro-de-2022\/\"]}]},{\"@type\":\"ImageObject\",\"inLanguage\":\"pt-BR\",\"@id\":\"https:\/\/meusitejuridico.editorajuspodivm.com.br\/2022\/10\/26\/resumo-informativo-1-072-do-stf-de-21-de-outubro-de-2022\/#primaryimage\",\"url\":\"https:\/\/webmail.meusitejuridico.com.br\/s.meusitejuridico\/2017\/08\/ea65d1c6-shutterstock-660620926.jpg\",\"contentUrl\":\"https:\/\/webmail.meusitejuridico.com.br\/s.meusitejuridico\/2017\/08\/ea65d1c6-shutterstock-660620926.jpg\",\"width\":4896,\"height\":3264},{\"@type\":\"BreadcrumbList\",\"@id\":\"https:\/\/meusitejuridico.editorajuspodivm.com.br\/2022\/10\/26\/resumo-informativo-1-072-do-stf-de-21-de-outubro-de-2022\/#breadcrumb\",\"itemListElement\":[{\"@type\":\"ListItem\",\"position\":1,\"name\":\"In\u00edcio\",\"item\":\"https:\/\/meusitejuridico.editorajuspodivm.com.br\/\"},{\"@type\":\"ListItem\",\"position\":2,\"name\":\"Resumo &#8211; Informativo 1.072 do STF, de 21 de outubro de 2022\"}]},{\"@type\":\"WebSite\",\"@id\":\"https:\/\/meusitejuridico.editorajuspodivm.com.br\/#website\",\"url\":\"https:\/\/meusitejuridico.editorajuspodivm.com.br\/\",\"name\":\"Meu site jur\u00eddico\",\"description\":\"Meu site jur\u00eddico\",\"publisher\":{\"@id\":\"https:\/\/meusitejuridico.editorajuspodivm.com.br\/#organization\"},\"potentialAction\":[{\"@type\":\"SearchAction\",\"target\":{\"@type\":\"EntryPoint\",\"urlTemplate\":\"https:\/\/meusitejuridico.editorajuspodivm.com.br\/?s={search_term_string}\"},\"query-input\":{\"@type\":\"PropertyValueSpecification\",\"valueRequired\":true,\"valueName\":\"search_term_string\"}}],\"inLanguage\":\"pt-BR\"},{\"@type\":\"Organization\",\"@id\":\"https:\/\/meusitejuridico.editorajuspodivm.com.br\/#organization\",\"name\":\"Meu site jur\u00eddico\",\"url\":\"https:\/\/meusitejuridico.editorajuspodivm.com.br\/\",\"logo\":{\"@type\":\"ImageObject\",\"inLanguage\":\"pt-BR\",\"@id\":\"https:\/\/meusitejuridico.editorajuspodivm.com.br\/#\/schema\/logo\/image\/\",\"url\":\"https:\/\/webmail.meusitejuridico.com.br\/s.meusitejuridico\/2022\/03\/cropped-baeec2a3-msj-02-01-01.png\",\"contentUrl\":\"https:\/\/webmail.meusitejuridico.com.br\/s.meusitejuridico\/2022\/03\/cropped-baeec2a3-msj-02-01-01.png\",\"width\":349,\"height\":243,\"caption\":\"Meu site jur\u00eddico\"},\"image\":{\"@id\":\"https:\/\/meusitejuridico.editorajuspodivm.com.br\/#\/schema\/logo\/image\/\"}},{\"@type\":\"Person\",\"@id\":\"https:\/\/meusitejuridico.editorajuspodivm.com.br\/#\/schema\/person\/ae56313f17950dccef13d0989efd6d50\",\"name\":\"Rodrigo Leite\",\"image\":{\"@type\":\"ImageObject\",\"inLanguage\":\"pt-BR\",\"@id\":\"https:\/\/meusitejuridico.editorajuspodivm.com.br\/#\/schema\/person\/image\/\",\"url\":\"https:\/\/webmail.meusitejuridico.com.br\/s.meusitejuridico\/2021\/05\/8455192b-foto-site-rodrigo-leite-150x150.jpeg\",\"contentUrl\":\"https:\/\/webmail.meusitejuridico.com.br\/s.meusitejuridico\/2021\/05\/8455192b-foto-site-rodrigo-leite-150x150.jpeg\",\"caption\":\"Rodrigo Leite\"},\"description\":\"Coautor do livro \u201cAn\u00e1lise das Diverg\u00eancias Jurisprudenciais no STF e STJ\u201d, Editora Juspodivm. Autor do livro \u201cTombamento \u2013 Vol. 36 \u2013 Cole\u00e7\u00e3o Leis Especiais para Concursos\u201d, Editora Juspodivm. Autor do livro \u201cDesapropria\u00e7\u00e3o \u2013 Vol. 39 \u2013 Cole\u00e7\u00e3o Especiais para Concursos\u201d, Editora Juspodivm. Coautor do livro \u201cSaberes Jurisprudenciais\u201d, Editora Saraiva. Coorganizador do livro \u201cCPC na Jurisprud\u00eancia\\\", Editora Foco. Especialista em Direito P\u00fablico e Direito Processual Civil. Mestre em Direito Constitucional. Professor da P\u00f3s-gradua\u00e7\u00e3o em Direito Civil da Rede Anhaguera-Kroton. M\u00e1ster Universit\u00e1rio em Direito Constitucional pela Universidad Del Pa\u00eds Vasco, San Sebasti\u00e1n, Espanha. Advogado licenciado. Analista Judici\u00e1rio do TJRN. Assessor de Desembargador do TJRN.\",\"sameAs\":[\"https:\/\/www.editorajuspodivm.com.br\/autores\/detalhe\/85\",\"https:\/\/www.instagram.com\/rodrigocrleite\/\",\"https:\/\/x.com\/rodrigocrleite\"],\"url\":\"https:\/\/webmail.meusitejuridico.com.br\/author\/rodrigoleiterodrigoleite\/\"}]}<\/script>\n<!-- \/ Yoast SEO plugin. -->","yoast_head_json":{"title":"Resumo - Informativo 1.072 do STF, de 21 de outubro de 2022 - Meu site jur\u00eddico","robots":{"index":"index","follow":"follow","max-snippet":"max-snippet:-1","max-image-preview":"max-image-preview:large","max-video-preview":"max-video-preview:-1"},"canonical":"https:\/\/meusitejuridico.editorajuspodivm.com.br\/2022\/10\/26\/resumo-informativo-1-072-do-stf-de-21-de-outubro-de-2022\/","og_locale":"pt_BR","og_type":"article","og_title":"Resumo - Informativo 1.072 do STF, de 21 de outubro de 2022 - Meu site jur\u00eddico","og_description":"PLEN\u00c1RIO &#8211; \u00c9 inconstitucional, por ofensa \u00e0 compet\u00eancia privativa da Uni\u00e3o para legislar sobre direito civil e pol\u00edtica de seguros (CF\/1988, art. 22, I e VII), lei estadual que veda, no \u00e2mbito de seu territ\u00f3rio, operadoras de plano de sa\u00fade de limitarem consultas e sess\u00f5es para o tratamento de pessoas com defici\u00eancia \u2013 ADI 7172\/RJ, [&hellip;]","og_url":"https:\/\/meusitejuridico.editorajuspodivm.com.br\/2022\/10\/26\/resumo-informativo-1-072-do-stf-de-21-de-outubro-de-2022\/","og_site_name":"Meu site jur\u00eddico","article_published_time":"2022-10-26T11:51:41+00:00","article_modified_time":"2022-10-26T11:51:42+00:00","og_image":[{"width":4896,"height":3264,"url":"https:\/\/meusitejuridico.editorajuspodivm.com.br\/s.meusitejuridico\/2017\/08\/ea65d1c6-shutterstock-660620926.jpg","type":"image\/jpeg"}],"author":"Rodrigo Leite","twitter_card":"summary_large_image","twitter_creator":"@rodrigocrleite","twitter_misc":{"Escrito por":"Rodrigo Leite","Est. tempo de leitura":"2 minutos"},"schema":{"@context":"https:\/\/schema.org","@graph":[{"@type":"Article","@id":"https:\/\/meusitejuridico.editorajuspodivm.com.br\/2022\/10\/26\/resumo-informativo-1-072-do-stf-de-21-de-outubro-de-2022\/#article","isPartOf":{"@id":"https:\/\/meusitejuridico.editorajuspodivm.com.br\/2022\/10\/26\/resumo-informativo-1-072-do-stf-de-21-de-outubro-de-2022\/"},"author":{"name":"Rodrigo Leite","@id":"https:\/\/meusitejuridico.editorajuspodivm.com.br\/#\/schema\/person\/ae56313f17950dccef13d0989efd6d50"},"headline":"Resumo &#8211; Informativo 1.072 do STF, de 21 de outubro de 2022","datePublished":"2022-10-26T11:51:41+00:00","dateModified":"2022-10-26T11:51:42+00:00","mainEntityOfPage":{"@id":"https:\/\/meusitejuridico.editorajuspodivm.com.br\/2022\/10\/26\/resumo-informativo-1-072-do-stf-de-21-de-outubro-de-2022\/"},"wordCount":473,"commentCount":0,"publisher":{"@id":"https:\/\/meusitejuridico.editorajuspodivm.com.br\/#organization"},"image":{"@id":"https:\/\/meusitejuridico.editorajuspodivm.com.br\/2022\/10\/26\/resumo-informativo-1-072-do-stf-de-21-de-outubro-de-2022\/#primaryimage"},"thumbnailUrl":"https:\/\/webmail.meusitejuridico.com.br\/s.meusitejuridico\/2017\/08\/ea65d1c6-shutterstock-660620926.jpg","articleSection":["Informativos","Jurisprud\u00eancia"],"inLanguage":"pt-BR","potentialAction":[{"@type":"CommentAction","name":"Comment","target":["https:\/\/meusitejuridico.editorajuspodivm.com.br\/2022\/10\/26\/resumo-informativo-1-072-do-stf-de-21-de-outubro-de-2022\/#respond"]}]},{"@type":"WebPage","@id":"https:\/\/meusitejuridico.editorajuspodivm.com.br\/2022\/10\/26\/resumo-informativo-1-072-do-stf-de-21-de-outubro-de-2022\/","url":"https:\/\/meusitejuridico.editorajuspodivm.com.br\/2022\/10\/26\/resumo-informativo-1-072-do-stf-de-21-de-outubro-de-2022\/","name":"Resumo - Informativo 1.072 do STF, de 21 de outubro de 2022 - Meu site jur\u00eddico","isPartOf":{"@id":"https:\/\/meusitejuridico.editorajuspodivm.com.br\/#website"},"primaryImageOfPage":{"@id":"https:\/\/meusitejuridico.editorajuspodivm.com.br\/2022\/10\/26\/resumo-informativo-1-072-do-stf-de-21-de-outubro-de-2022\/#primaryimage"},"image":{"@id":"https:\/\/meusitejuridico.editorajuspodivm.com.br\/2022\/10\/26\/resumo-informativo-1-072-do-stf-de-21-de-outubro-de-2022\/#primaryimage"},"thumbnailUrl":"https:\/\/webmail.meusitejuridico.com.br\/s.meusitejuridico\/2017\/08\/ea65d1c6-shutterstock-660620926.jpg","datePublished":"2022-10-26T11:51:41+00:00","dateModified":"2022-10-26T11:51:42+00:00","breadcrumb":{"@id":"https:\/\/meusitejuridico.editorajuspodivm.com.br\/2022\/10\/26\/resumo-informativo-1-072-do-stf-de-21-de-outubro-de-2022\/#breadcrumb"},"inLanguage":"pt-BR","potentialAction":[{"@type":"ReadAction","target":["https:\/\/meusitejuridico.editorajuspodivm.com.br\/2022\/10\/26\/resumo-informativo-1-072-do-stf-de-21-de-outubro-de-2022\/"]}]},{"@type":"ImageObject","inLanguage":"pt-BR","@id":"https:\/\/meusitejuridico.editorajuspodivm.com.br\/2022\/10\/26\/resumo-informativo-1-072-do-stf-de-21-de-outubro-de-2022\/#primaryimage","url":"https:\/\/webmail.meusitejuridico.com.br\/s.meusitejuridico\/2017\/08\/ea65d1c6-shutterstock-660620926.jpg","contentUrl":"https:\/\/webmail.meusitejuridico.com.br\/s.meusitejuridico\/2017\/08\/ea65d1c6-shutterstock-660620926.jpg","width":4896,"height":3264},{"@type":"BreadcrumbList","@id":"https:\/\/meusitejuridico.editorajuspodivm.com.br\/2022\/10\/26\/resumo-informativo-1-072-do-stf-de-21-de-outubro-de-2022\/#breadcrumb","itemListElement":[{"@type":"ListItem","position":1,"name":"In\u00edcio","item":"https:\/\/meusitejuridico.editorajuspodivm.com.br\/"},{"@type":"ListItem","position":2,"name":"Resumo &#8211; Informativo 1.072 do STF, de 21 de outubro de 2022"}]},{"@type":"WebSite","@id":"https:\/\/meusitejuridico.editorajuspodivm.com.br\/#website","url":"https:\/\/meusitejuridico.editorajuspodivm.com.br\/","name":"Meu site jur\u00eddico","description":"Meu site jur\u00eddico","publisher":{"@id":"https:\/\/meusitejuridico.editorajuspodivm.com.br\/#organization"},"potentialAction":[{"@type":"SearchAction","target":{"@type":"EntryPoint","urlTemplate":"https:\/\/meusitejuridico.editorajuspodivm.com.br\/?s={search_term_string}"},"query-input":{"@type":"PropertyValueSpecification","valueRequired":true,"valueName":"search_term_string"}}],"inLanguage":"pt-BR"},{"@type":"Organization","@id":"https:\/\/meusitejuridico.editorajuspodivm.com.br\/#organization","name":"Meu site jur\u00eddico","url":"https:\/\/meusitejuridico.editorajuspodivm.com.br\/","logo":{"@type":"ImageObject","inLanguage":"pt-BR","@id":"https:\/\/meusitejuridico.editorajuspodivm.com.br\/#\/schema\/logo\/image\/","url":"https:\/\/webmail.meusitejuridico.com.br\/s.meusitejuridico\/2022\/03\/cropped-baeec2a3-msj-02-01-01.png","contentUrl":"https:\/\/webmail.meusitejuridico.com.br\/s.meusitejuridico\/2022\/03\/cropped-baeec2a3-msj-02-01-01.png","width":349,"height":243,"caption":"Meu site jur\u00eddico"},"image":{"@id":"https:\/\/meusitejuridico.editorajuspodivm.com.br\/#\/schema\/logo\/image\/"}},{"@type":"Person","@id":"https:\/\/meusitejuridico.editorajuspodivm.com.br\/#\/schema\/person\/ae56313f17950dccef13d0989efd6d50","name":"Rodrigo Leite","image":{"@type":"ImageObject","inLanguage":"pt-BR","@id":"https:\/\/meusitejuridico.editorajuspodivm.com.br\/#\/schema\/person\/image\/","url":"https:\/\/webmail.meusitejuridico.com.br\/s.meusitejuridico\/2021\/05\/8455192b-foto-site-rodrigo-leite-150x150.jpeg","contentUrl":"https:\/\/webmail.meusitejuridico.com.br\/s.meusitejuridico\/2021\/05\/8455192b-foto-site-rodrigo-leite-150x150.jpeg","caption":"Rodrigo Leite"},"description":"Coautor do livro \u201cAn\u00e1lise das Diverg\u00eancias Jurisprudenciais no STF e STJ\u201d, Editora Juspodivm. Autor do livro \u201cTombamento \u2013 Vol. 36 \u2013 Cole\u00e7\u00e3o Leis Especiais para Concursos\u201d, Editora Juspodivm. Autor do livro \u201cDesapropria\u00e7\u00e3o \u2013 Vol. 39 \u2013 Cole\u00e7\u00e3o Especiais para Concursos\u201d, Editora Juspodivm. Coautor do livro \u201cSaberes Jurisprudenciais\u201d, Editora Saraiva. Coorganizador do livro \u201cCPC na Jurisprud\u00eancia\", Editora Foco. Especialista em Direito P\u00fablico e Direito Processual Civil. Mestre em Direito Constitucional. Professor da P\u00f3s-gradua\u00e7\u00e3o em Direito Civil da Rede Anhaguera-Kroton. M\u00e1ster Universit\u00e1rio em Direito Constitucional pela Universidad Del Pa\u00eds Vasco, San Sebasti\u00e1n, Espanha. Advogado licenciado. Analista Judici\u00e1rio do TJRN. Assessor de Desembargador do TJRN.","sameAs":["https:\/\/www.editorajuspodivm.com.br\/autores\/detalhe\/85","https:\/\/www.instagram.com\/rodrigocrleite\/","https:\/\/x.com\/rodrigocrleite"],"url":"https:\/\/webmail.meusitejuridico.com.br\/author\/rodrigoleiterodrigoleite\/"}]}},"_links":{"self":[{"href":"https:\/\/webmail.meusitejuridico.com.br\/api\/wp\/v2\/posts\/17132","targetHints":{"allow":["GET"]}}],"collection":[{"href":"https:\/\/webmail.meusitejuridico.com.br\/api\/wp\/v2\/posts"}],"about":[{"href":"https:\/\/webmail.meusitejuridico.com.br\/api\/wp\/v2\/types\/post"}],"author":[{"embeddable":true,"href":"https:\/\/webmail.meusitejuridico.com.br\/api\/wp\/v2\/users\/131"}],"replies":[{"embeddable":true,"href":"https:\/\/webmail.meusitejuridico.com.br\/api\/wp\/v2\/comments?post=17132"}],"version-history":[{"count":1,"href":"https:\/\/webmail.meusitejuridico.com.br\/api\/wp\/v2\/posts\/17132\/revisions"}],"predecessor-version":[{"id":17133,"href":"https:\/\/webmail.meusitejuridico.com.br\/api\/wp\/v2\/posts\/17132\/revisions\/17133"}],"wp:featuredmedia":[{"embeddable":true,"href":"https:\/\/webmail.meusitejuridico.com.br\/api\/wp\/v2\/media\/3292"}],"wp:attachment":[{"href":"https:\/\/webmail.meusitejuridico.com.br\/api\/wp\/v2\/media?parent=17132"}],"wp:term":[{"taxonomy":"category","embeddable":true,"href":"https:\/\/webmail.meusitejuridico.com.br\/api\/wp\/v2\/categories?post=17132"},{"taxonomy":"post_tag","embeddable":true,"href":"https:\/\/webmail.meusitejuridico.com.br\/api\/wp\/v2\/tags?post=17132"}],"curies":[{"name":"wp","href":"https:\/\/api.w.org\/{rel}","templated":true}]}}