{"id":17112,"date":"2022-10-19T07:26:44","date_gmt":"2022-10-19T10:26:44","guid":{"rendered":"https:\/\/meusitejuridico.editorajuspodivm.com.br\/?p=17112"},"modified":"2022-10-19T07:26:45","modified_gmt":"2022-10-19T10:26:45","slug":"resumo-informativo-1-071-do-stf-de-14-de-outubro-de-2022","status":"publish","type":"post","link":"https:\/\/webmail.meusitejuridico.com.br\/2022\/10\/19\/resumo-informativo-1-071-do-stf-de-14-de-outubro-de-2022\/","title":{"rendered":"Resumo &#8211; Informativo 1.071 do STF, de 14 de outubro de 2022"},"content":{"rendered":"\n<p><strong>PLEN\u00c1RIO<\/strong><strong><\/strong><\/p>\n\n\n\n<p>&#8211; \u00c9 inconstitucional, por viola\u00e7\u00e3o aos princ\u00edpios republicano, democr\u00e1tico, da moralidade, da impessoalidade e da igualdade, lei municipal que concede pens\u00e3o especial mensal e vital\u00edcia a vi\u00favas de ex-prefeitos \u2013 <strong>ADPF 975\/CE<\/strong>, julgamento virtual finalizado em 07\/10\/2022.<\/p>\n\n\n\n<p>&#8211; A Portaria n. 931\/2005 do Minist\u00e9rio da Defesa, que alterou a f\u00f3rmula de c\u00e1lculo do aux\u00edlio-invalidez para os servidores militares, est\u00e1 em harmonia com os princ\u00edpios da legalidade e da irredutibilidade de vencimentos \u2013 <strong>RE 642.890\/DF<\/strong>, Tema 465, julgamento virtual finalizado em 07\/10\/2022.<\/p>\n\n\n\n<p>&#8211; \u00c9 inconstitucional lei estadual que isenta o pagamento de direitos autorais pela execu\u00e7\u00e3o de obras musicais em eventos sem fins lucrativos promovidos no \u00e2mbito de seu territ\u00f3rio \u2013 <strong>ADI 6151\/SC<\/strong>, julgamento virtual finalizado em 07\/10\/2022.<\/p>\n\n\n\n<p>&#8211; N\u00e3o afronta o fato gerador do IPVA (propriedade do ve\u00edculo pela institui\u00e7\u00e3o arrendante) e nem altera o sujeito passivo da obriga\u00e7\u00e3o tribut\u00e1ria a isen\u00e7\u00e3o relativa aos ve\u00edculos adquiridos por meio de arrendamento mercantil (\u201cleasing\u201d) e usados no transporte individual de passageiros, na categoria aluguel, prestado por permission\u00e1rios (taxistas) \u2013 <strong>ADI 2298\/RS<\/strong>, julgamento virtual finalizado em 23\/09\/2022.<\/p>\n\n\n\n<p>***<\/p>\n\n\n\n<p><strong>Telegram<\/strong>:<strong>&nbsp;<\/strong><a href=\"https:\/\/t.me\/pilulasjuridicasSTFSTJ\" target=\"_blank\" rel=\"noreferrer noopener\"><strong>https:\/\/t.me\/pilulasjuridicasSTFSTJ<\/strong><\/a><strong>&nbsp;| Instagram: @rodrigocrleite<\/strong><\/p>\n","protected":false},"excerpt":{"rendered":"<p>PLEN\u00c1RIO &#8211; \u00c9 inconstitucional, por viola\u00e7\u00e3o aos princ\u00edpios republicano, democr\u00e1tico, da moralidade, da impessoalidade e da igualdade, lei municipal que concede pens\u00e3o especial mensal e vital\u00edcia a vi\u00favas de ex-prefeitos \u2013 ADPF 975\/CE, julgamento virtual finalizado em 07\/10\/2022. &#8211; A Portaria n. 931\/2005 do Minist\u00e9rio da Defesa, que alterou a f\u00f3rmula de c\u00e1lculo do aux\u00edlio-invalidez [&hellip;]<\/p>\n","protected":false},"author":131,"featured_media":11606,"comment_status":"open","ping_status":"open","sticky":false,"template":"","format":"standard","meta":{"_acf_changed":false,"footnotes":""},"categories":[70],"tags":[],"class_list":["post-17112","post","type-post","status-publish","format-standard","has-post-thumbnail","hentry","category-informativos-comentados"],"acf":[],"yoast_head":"<!-- This site is optimized with the Yoast SEO plugin v24.8.1 - https:\/\/yoast.com\/wordpress\/plugins\/seo\/ -->\n<title>Resumo - Informativo 1.071 do STF, de 14 de outubro de 2022 - Meu site jur\u00eddico<\/title>\n<meta name=\"robots\" content=\"index, follow, max-snippet:-1, max-image-preview:large, max-video-preview:-1\" \/>\n<link rel=\"canonical\" href=\"https:\/\/cdn.meusitejuridico.com.br\/2022\/10\/19\/resumo-informativo-1-071-do-stf-de-14-de-outubro-de-2022\/\" \/>\n<meta property=\"og:locale\" content=\"pt_BR\" \/>\n<meta property=\"og:type\" content=\"article\" \/>\n<meta property=\"og:title\" content=\"Resumo - Informativo 1.071 do STF, de 14 de outubro de 2022 - Meu site jur\u00eddico\" \/>\n<meta property=\"og:description\" content=\"PLEN\u00c1RIO &#8211; \u00c9 inconstitucional, por viola\u00e7\u00e3o aos princ\u00edpios republicano, democr\u00e1tico, da moralidade, da impessoalidade e da igualdade, lei municipal que concede pens\u00e3o especial mensal e vital\u00edcia a vi\u00favas de ex-prefeitos \u2013 ADPF 975\/CE, julgamento virtual finalizado em 07\/10\/2022. &#8211; A Portaria n. 931\/2005 do Minist\u00e9rio da Defesa, que alterou a f\u00f3rmula de c\u00e1lculo do aux\u00edlio-invalidez [&hellip;]\" \/>\n<meta property=\"og:url\" content=\"https:\/\/cdn.meusitejuridico.com.br\/2022\/10\/19\/resumo-informativo-1-071-do-stf-de-14-de-outubro-de-2022\/\" \/>\n<meta property=\"og:site_name\" content=\"Meu site jur\u00eddico\" \/>\n<meta property=\"article:published_time\" content=\"2022-10-19T10:26:44+00:00\" \/>\n<meta property=\"article:modified_time\" content=\"2022-10-19T10:26:45+00:00\" \/>\n<meta property=\"og:image\" content=\"https:\/\/cdn.meusitejuridico.com.br\/s.meusitejuridico\/2020\/07\/d9b092bd-books-3446451-640.jpg\" \/>\n\t<meta property=\"og:image:width\" content=\"640\" \/>\n\t<meta property=\"og:image:height\" content=\"426\" \/>\n\t<meta property=\"og:image:type\" content=\"image\/jpeg\" \/>\n<meta name=\"author\" content=\"Rodrigo Leite\" \/>\n<meta name=\"twitter:card\" content=\"summary_large_image\" \/>\n<meta name=\"twitter:creator\" content=\"@rodrigocrleite\" \/>\n<meta name=\"twitter:label1\" content=\"Escrito por\" \/>\n\t<meta name=\"twitter:data1\" content=\"Rodrigo Leite\" \/>\n\t<meta name=\"twitter:label2\" content=\"Est. tempo de leitura\" \/>\n\t<meta name=\"twitter:data2\" content=\"1 minuto\" \/>\n<script type=\"application\/ld+json\" class=\"yoast-schema-graph\">{\"@context\":\"https:\/\/schema.org\",\"@graph\":[{\"@type\":\"Article\",\"@id\":\"https:\/\/cdn.meusitejuridico.com.br\/2022\/10\/19\/resumo-informativo-1-071-do-stf-de-14-de-outubro-de-2022\/#article\",\"isPartOf\":{\"@id\":\"https:\/\/cdn.meusitejuridico.com.br\/2022\/10\/19\/resumo-informativo-1-071-do-stf-de-14-de-outubro-de-2022\/\"},\"author\":{\"name\":\"Rodrigo Leite\",\"@id\":\"https:\/\/meusitejuridico.editorajuspodivm.com.br\/#\/schema\/person\/ae56313f17950dccef13d0989efd6d50\"},\"headline\":\"Resumo &#8211; Informativo 1.071 do STF, de 14 de outubro de 2022\",\"datePublished\":\"2022-10-19T10:26:44+00:00\",\"dateModified\":\"2022-10-19T10:26:45+00:00\",\"mainEntityOfPage\":{\"@id\":\"https:\/\/cdn.meusitejuridico.com.br\/2022\/10\/19\/resumo-informativo-1-071-do-stf-de-14-de-outubro-de-2022\/\"},\"wordCount\":203,\"commentCount\":0,\"publisher\":{\"@id\":\"https:\/\/meusitejuridico.editorajuspodivm.com.br\/#organization\"},\"image\":{\"@id\":\"https:\/\/cdn.meusitejuridico.com.br\/2022\/10\/19\/resumo-informativo-1-071-do-stf-de-14-de-outubro-de-2022\/#primaryimage\"},\"thumbnailUrl\":\"https:\/\/webmail.meusitejuridico.com.br\/s.meusitejuridico\/2020\/07\/d9b092bd-books-3446451-640.jpg\",\"articleSection\":[\"Informativos\"],\"inLanguage\":\"pt-BR\",\"potentialAction\":[{\"@type\":\"CommentAction\",\"name\":\"Comment\",\"target\":[\"https:\/\/cdn.meusitejuridico.com.br\/2022\/10\/19\/resumo-informativo-1-071-do-stf-de-14-de-outubro-de-2022\/#respond\"]}]},{\"@type\":\"WebPage\",\"@id\":\"https:\/\/cdn.meusitejuridico.com.br\/2022\/10\/19\/resumo-informativo-1-071-do-stf-de-14-de-outubro-de-2022\/\",\"url\":\"https:\/\/cdn.meusitejuridico.com.br\/2022\/10\/19\/resumo-informativo-1-071-do-stf-de-14-de-outubro-de-2022\/\",\"name\":\"Resumo - Informativo 1.071 do STF, de 14 de outubro de 2022 - Meu site jur\u00eddico\",\"isPartOf\":{\"@id\":\"https:\/\/meusitejuridico.editorajuspodivm.com.br\/#website\"},\"primaryImageOfPage\":{\"@id\":\"https:\/\/cdn.meusitejuridico.com.br\/2022\/10\/19\/resumo-informativo-1-071-do-stf-de-14-de-outubro-de-2022\/#primaryimage\"},\"image\":{\"@id\":\"https:\/\/cdn.meusitejuridico.com.br\/2022\/10\/19\/resumo-informativo-1-071-do-stf-de-14-de-outubro-de-2022\/#primaryimage\"},\"thumbnailUrl\":\"https:\/\/webmail.meusitejuridico.com.br\/s.meusitejuridico\/2020\/07\/d9b092bd-books-3446451-640.jpg\",\"datePublished\":\"2022-10-19T10:26:44+00:00\",\"dateModified\":\"2022-10-19T10:26:45+00:00\",\"breadcrumb\":{\"@id\":\"https:\/\/cdn.meusitejuridico.com.br\/2022\/10\/19\/resumo-informativo-1-071-do-stf-de-14-de-outubro-de-2022\/#breadcrumb\"},\"inLanguage\":\"pt-BR\",\"potentialAction\":[{\"@type\":\"ReadAction\",\"target\":[\"https:\/\/cdn.meusitejuridico.com.br\/2022\/10\/19\/resumo-informativo-1-071-do-stf-de-14-de-outubro-de-2022\/\"]}]},{\"@type\":\"ImageObject\",\"inLanguage\":\"pt-BR\",\"@id\":\"https:\/\/cdn.meusitejuridico.com.br\/2022\/10\/19\/resumo-informativo-1-071-do-stf-de-14-de-outubro-de-2022\/#primaryimage\",\"url\":\"https:\/\/webmail.meusitejuridico.com.br\/s.meusitejuridico\/2020\/07\/d9b092bd-books-3446451-640.jpg\",\"contentUrl\":\"https:\/\/webmail.meusitejuridico.com.br\/s.meusitejuridico\/2020\/07\/d9b092bd-books-3446451-640.jpg\",\"width\":640,\"height\":426},{\"@type\":\"BreadcrumbList\",\"@id\":\"https:\/\/cdn.meusitejuridico.com.br\/2022\/10\/19\/resumo-informativo-1-071-do-stf-de-14-de-outubro-de-2022\/#breadcrumb\",\"itemListElement\":[{\"@type\":\"ListItem\",\"position\":1,\"name\":\"In\u00edcio\",\"item\":\"https:\/\/meusitejuridico.editorajuspodivm.com.br\/\"},{\"@type\":\"ListItem\",\"position\":2,\"name\":\"Resumo &#8211; Informativo 1.071 do STF, de 14 de outubro de 2022\"}]},{\"@type\":\"WebSite\",\"@id\":\"https:\/\/meusitejuridico.editorajuspodivm.com.br\/#website\",\"url\":\"https:\/\/meusitejuridico.editorajuspodivm.com.br\/\",\"name\":\"Meu site jur\u00eddico\",\"description\":\"Meu site jur\u00eddico\",\"publisher\":{\"@id\":\"https:\/\/meusitejuridico.editorajuspodivm.com.br\/#organization\"},\"potentialAction\":[{\"@type\":\"SearchAction\",\"target\":{\"@type\":\"EntryPoint\",\"urlTemplate\":\"https:\/\/meusitejuridico.editorajuspodivm.com.br\/?s={search_term_string}\"},\"query-input\":{\"@type\":\"PropertyValueSpecification\",\"valueRequired\":true,\"valueName\":\"search_term_string\"}}],\"inLanguage\":\"pt-BR\"},{\"@type\":\"Organization\",\"@id\":\"https:\/\/meusitejuridico.editorajuspodivm.com.br\/#organization\",\"name\":\"Meu site jur\u00eddico\",\"url\":\"https:\/\/meusitejuridico.editorajuspodivm.com.br\/\",\"logo\":{\"@type\":\"ImageObject\",\"inLanguage\":\"pt-BR\",\"@id\":\"https:\/\/meusitejuridico.editorajuspodivm.com.br\/#\/schema\/logo\/image\/\",\"url\":\"https:\/\/webmail.meusitejuridico.com.br\/s.meusitejuridico\/2022\/03\/cropped-baeec2a3-msj-02-01-01.png\",\"contentUrl\":\"https:\/\/webmail.meusitejuridico.com.br\/s.meusitejuridico\/2022\/03\/cropped-baeec2a3-msj-02-01-01.png\",\"width\":349,\"height\":243,\"caption\":\"Meu site jur\u00eddico\"},\"image\":{\"@id\":\"https:\/\/meusitejuridico.editorajuspodivm.com.br\/#\/schema\/logo\/image\/\"}},{\"@type\":\"Person\",\"@id\":\"https:\/\/meusitejuridico.editorajuspodivm.com.br\/#\/schema\/person\/ae56313f17950dccef13d0989efd6d50\",\"name\":\"Rodrigo Leite\",\"image\":{\"@type\":\"ImageObject\",\"inLanguage\":\"pt-BR\",\"@id\":\"https:\/\/meusitejuridico.editorajuspodivm.com.br\/#\/schema\/person\/image\/\",\"url\":\"https:\/\/webmail.meusitejuridico.com.br\/s.meusitejuridico\/2021\/05\/8455192b-foto-site-rodrigo-leite-150x150.jpeg\",\"contentUrl\":\"https:\/\/webmail.meusitejuridico.com.br\/s.meusitejuridico\/2021\/05\/8455192b-foto-site-rodrigo-leite-150x150.jpeg\",\"caption\":\"Rodrigo Leite\"},\"description\":\"Coautor do livro \u201cAn\u00e1lise das Diverg\u00eancias Jurisprudenciais no STF e STJ\u201d, Editora Juspodivm. Autor do livro \u201cTombamento \u2013 Vol. 36 \u2013 Cole\u00e7\u00e3o Leis Especiais para Concursos\u201d, Editora Juspodivm. Autor do livro \u201cDesapropria\u00e7\u00e3o \u2013 Vol. 39 \u2013 Cole\u00e7\u00e3o Especiais para Concursos\u201d, Editora Juspodivm. Coautor do livro \u201cSaberes Jurisprudenciais\u201d, Editora Saraiva. Coorganizador do livro \u201cCPC na Jurisprud\u00eancia\\\", Editora Foco. Especialista em Direito P\u00fablico e Direito Processual Civil. Mestre em Direito Constitucional. Professor da P\u00f3s-gradua\u00e7\u00e3o em Direito Civil da Rede Anhaguera-Kroton. M\u00e1ster Universit\u00e1rio em Direito Constitucional pela Universidad Del Pa\u00eds Vasco, San Sebasti\u00e1n, Espanha. Advogado licenciado. Analista Judici\u00e1rio do TJRN. Assessor de Desembargador do TJRN.\",\"sameAs\":[\"https:\/\/www.editorajuspodivm.com.br\/autores\/detalhe\/85\",\"https:\/\/www.instagram.com\/rodrigocrleite\/\",\"https:\/\/x.com\/rodrigocrleite\"],\"url\":\"https:\/\/webmail.meusitejuridico.com.br\/author\/rodrigoleiterodrigoleite\/\"}]}<\/script>\n<!-- \/ Yoast SEO plugin. -->","yoast_head_json":{"title":"Resumo - Informativo 1.071 do STF, de 14 de outubro de 2022 - Meu site jur\u00eddico","robots":{"index":"index","follow":"follow","max-snippet":"max-snippet:-1","max-image-preview":"max-image-preview:large","max-video-preview":"max-video-preview:-1"},"canonical":"https:\/\/cdn.meusitejuridico.com.br\/2022\/10\/19\/resumo-informativo-1-071-do-stf-de-14-de-outubro-de-2022\/","og_locale":"pt_BR","og_type":"article","og_title":"Resumo - Informativo 1.071 do STF, de 14 de outubro de 2022 - Meu site jur\u00eddico","og_description":"PLEN\u00c1RIO &#8211; \u00c9 inconstitucional, por viola\u00e7\u00e3o aos princ\u00edpios republicano, democr\u00e1tico, da moralidade, da impessoalidade e da igualdade, lei municipal que concede pens\u00e3o especial mensal e vital\u00edcia a vi\u00favas de ex-prefeitos \u2013 ADPF 975\/CE, julgamento virtual finalizado em 07\/10\/2022. &#8211; A Portaria n. 931\/2005 do Minist\u00e9rio da Defesa, que alterou a f\u00f3rmula de c\u00e1lculo do aux\u00edlio-invalidez [&hellip;]","og_url":"https:\/\/cdn.meusitejuridico.com.br\/2022\/10\/19\/resumo-informativo-1-071-do-stf-de-14-de-outubro-de-2022\/","og_site_name":"Meu site jur\u00eddico","article_published_time":"2022-10-19T10:26:44+00:00","article_modified_time":"2022-10-19T10:26:45+00:00","og_image":[{"width":640,"height":426,"url":"https:\/\/cdn.meusitejuridico.com.br\/s.meusitejuridico\/2020\/07\/d9b092bd-books-3446451-640.jpg","type":"image\/jpeg"}],"author":"Rodrigo Leite","twitter_card":"summary_large_image","twitter_creator":"@rodrigocrleite","twitter_misc":{"Escrito por":"Rodrigo Leite","Est. tempo de leitura":"1 minuto"},"schema":{"@context":"https:\/\/schema.org","@graph":[{"@type":"Article","@id":"https:\/\/cdn.meusitejuridico.com.br\/2022\/10\/19\/resumo-informativo-1-071-do-stf-de-14-de-outubro-de-2022\/#article","isPartOf":{"@id":"https:\/\/cdn.meusitejuridico.com.br\/2022\/10\/19\/resumo-informativo-1-071-do-stf-de-14-de-outubro-de-2022\/"},"author":{"name":"Rodrigo Leite","@id":"https:\/\/meusitejuridico.editorajuspodivm.com.br\/#\/schema\/person\/ae56313f17950dccef13d0989efd6d50"},"headline":"Resumo &#8211; Informativo 1.071 do STF, de 14 de outubro de 2022","datePublished":"2022-10-19T10:26:44+00:00","dateModified":"2022-10-19T10:26:45+00:00","mainEntityOfPage":{"@id":"https:\/\/cdn.meusitejuridico.com.br\/2022\/10\/19\/resumo-informativo-1-071-do-stf-de-14-de-outubro-de-2022\/"},"wordCount":203,"commentCount":0,"publisher":{"@id":"https:\/\/meusitejuridico.editorajuspodivm.com.br\/#organization"},"image":{"@id":"https:\/\/cdn.meusitejuridico.com.br\/2022\/10\/19\/resumo-informativo-1-071-do-stf-de-14-de-outubro-de-2022\/#primaryimage"},"thumbnailUrl":"https:\/\/webmail.meusitejuridico.com.br\/s.meusitejuridico\/2020\/07\/d9b092bd-books-3446451-640.jpg","articleSection":["Informativos"],"inLanguage":"pt-BR","potentialAction":[{"@type":"CommentAction","name":"Comment","target":["https:\/\/cdn.meusitejuridico.com.br\/2022\/10\/19\/resumo-informativo-1-071-do-stf-de-14-de-outubro-de-2022\/#respond"]}]},{"@type":"WebPage","@id":"https:\/\/cdn.meusitejuridico.com.br\/2022\/10\/19\/resumo-informativo-1-071-do-stf-de-14-de-outubro-de-2022\/","url":"https:\/\/cdn.meusitejuridico.com.br\/2022\/10\/19\/resumo-informativo-1-071-do-stf-de-14-de-outubro-de-2022\/","name":"Resumo - Informativo 1.071 do STF, de 14 de outubro de 2022 - Meu site jur\u00eddico","isPartOf":{"@id":"https:\/\/meusitejuridico.editorajuspodivm.com.br\/#website"},"primaryImageOfPage":{"@id":"https:\/\/cdn.meusitejuridico.com.br\/2022\/10\/19\/resumo-informativo-1-071-do-stf-de-14-de-outubro-de-2022\/#primaryimage"},"image":{"@id":"https:\/\/cdn.meusitejuridico.com.br\/2022\/10\/19\/resumo-informativo-1-071-do-stf-de-14-de-outubro-de-2022\/#primaryimage"},"thumbnailUrl":"https:\/\/webmail.meusitejuridico.com.br\/s.meusitejuridico\/2020\/07\/d9b092bd-books-3446451-640.jpg","datePublished":"2022-10-19T10:26:44+00:00","dateModified":"2022-10-19T10:26:45+00:00","breadcrumb":{"@id":"https:\/\/cdn.meusitejuridico.com.br\/2022\/10\/19\/resumo-informativo-1-071-do-stf-de-14-de-outubro-de-2022\/#breadcrumb"},"inLanguage":"pt-BR","potentialAction":[{"@type":"ReadAction","target":["https:\/\/cdn.meusitejuridico.com.br\/2022\/10\/19\/resumo-informativo-1-071-do-stf-de-14-de-outubro-de-2022\/"]}]},{"@type":"ImageObject","inLanguage":"pt-BR","@id":"https:\/\/cdn.meusitejuridico.com.br\/2022\/10\/19\/resumo-informativo-1-071-do-stf-de-14-de-outubro-de-2022\/#primaryimage","url":"https:\/\/webmail.meusitejuridico.com.br\/s.meusitejuridico\/2020\/07\/d9b092bd-books-3446451-640.jpg","contentUrl":"https:\/\/webmail.meusitejuridico.com.br\/s.meusitejuridico\/2020\/07\/d9b092bd-books-3446451-640.jpg","width":640,"height":426},{"@type":"BreadcrumbList","@id":"https:\/\/cdn.meusitejuridico.com.br\/2022\/10\/19\/resumo-informativo-1-071-do-stf-de-14-de-outubro-de-2022\/#breadcrumb","itemListElement":[{"@type":"ListItem","position":1,"name":"In\u00edcio","item":"https:\/\/meusitejuridico.editorajuspodivm.com.br\/"},{"@type":"ListItem","position":2,"name":"Resumo &#8211; Informativo 1.071 do STF, de 14 de outubro de 2022"}]},{"@type":"WebSite","@id":"https:\/\/meusitejuridico.editorajuspodivm.com.br\/#website","url":"https:\/\/meusitejuridico.editorajuspodivm.com.br\/","name":"Meu site jur\u00eddico","description":"Meu site jur\u00eddico","publisher":{"@id":"https:\/\/meusitejuridico.editorajuspodivm.com.br\/#organization"},"potentialAction":[{"@type":"SearchAction","target":{"@type":"EntryPoint","urlTemplate":"https:\/\/meusitejuridico.editorajuspodivm.com.br\/?s={search_term_string}"},"query-input":{"@type":"PropertyValueSpecification","valueRequired":true,"valueName":"search_term_string"}}],"inLanguage":"pt-BR"},{"@type":"Organization","@id":"https:\/\/meusitejuridico.editorajuspodivm.com.br\/#organization","name":"Meu site jur\u00eddico","url":"https:\/\/meusitejuridico.editorajuspodivm.com.br\/","logo":{"@type":"ImageObject","inLanguage":"pt-BR","@id":"https:\/\/meusitejuridico.editorajuspodivm.com.br\/#\/schema\/logo\/image\/","url":"https:\/\/webmail.meusitejuridico.com.br\/s.meusitejuridico\/2022\/03\/cropped-baeec2a3-msj-02-01-01.png","contentUrl":"https:\/\/webmail.meusitejuridico.com.br\/s.meusitejuridico\/2022\/03\/cropped-baeec2a3-msj-02-01-01.png","width":349,"height":243,"caption":"Meu site jur\u00eddico"},"image":{"@id":"https:\/\/meusitejuridico.editorajuspodivm.com.br\/#\/schema\/logo\/image\/"}},{"@type":"Person","@id":"https:\/\/meusitejuridico.editorajuspodivm.com.br\/#\/schema\/person\/ae56313f17950dccef13d0989efd6d50","name":"Rodrigo Leite","image":{"@type":"ImageObject","inLanguage":"pt-BR","@id":"https:\/\/meusitejuridico.editorajuspodivm.com.br\/#\/schema\/person\/image\/","url":"https:\/\/webmail.meusitejuridico.com.br\/s.meusitejuridico\/2021\/05\/8455192b-foto-site-rodrigo-leite-150x150.jpeg","contentUrl":"https:\/\/webmail.meusitejuridico.com.br\/s.meusitejuridico\/2021\/05\/8455192b-foto-site-rodrigo-leite-150x150.jpeg","caption":"Rodrigo Leite"},"description":"Coautor do livro \u201cAn\u00e1lise das Diverg\u00eancias Jurisprudenciais no STF e STJ\u201d, Editora Juspodivm. Autor do livro \u201cTombamento \u2013 Vol. 36 \u2013 Cole\u00e7\u00e3o Leis Especiais para Concursos\u201d, Editora Juspodivm. Autor do livro \u201cDesapropria\u00e7\u00e3o \u2013 Vol. 39 \u2013 Cole\u00e7\u00e3o Especiais para Concursos\u201d, Editora Juspodivm. Coautor do livro \u201cSaberes Jurisprudenciais\u201d, Editora Saraiva. Coorganizador do livro \u201cCPC na Jurisprud\u00eancia\", Editora Foco. Especialista em Direito P\u00fablico e Direito Processual Civil. Mestre em Direito Constitucional. Professor da P\u00f3s-gradua\u00e7\u00e3o em Direito Civil da Rede Anhaguera-Kroton. M\u00e1ster Universit\u00e1rio em Direito Constitucional pela Universidad Del Pa\u00eds Vasco, San Sebasti\u00e1n, Espanha. Advogado licenciado. Analista Judici\u00e1rio do TJRN. Assessor de Desembargador do TJRN.","sameAs":["https:\/\/www.editorajuspodivm.com.br\/autores\/detalhe\/85","https:\/\/www.instagram.com\/rodrigocrleite\/","https:\/\/x.com\/rodrigocrleite"],"url":"https:\/\/webmail.meusitejuridico.com.br\/author\/rodrigoleiterodrigoleite\/"}]}},"_links":{"self":[{"href":"https:\/\/webmail.meusitejuridico.com.br\/api\/wp\/v2\/posts\/17112","targetHints":{"allow":["GET"]}}],"collection":[{"href":"https:\/\/webmail.meusitejuridico.com.br\/api\/wp\/v2\/posts"}],"about":[{"href":"https:\/\/webmail.meusitejuridico.com.br\/api\/wp\/v2\/types\/post"}],"author":[{"embeddable":true,"href":"https:\/\/webmail.meusitejuridico.com.br\/api\/wp\/v2\/users\/131"}],"replies":[{"embeddable":true,"href":"https:\/\/webmail.meusitejuridico.com.br\/api\/wp\/v2\/comments?post=17112"}],"version-history":[{"count":1,"href":"https:\/\/webmail.meusitejuridico.com.br\/api\/wp\/v2\/posts\/17112\/revisions"}],"predecessor-version":[{"id":17113,"href":"https:\/\/webmail.meusitejuridico.com.br\/api\/wp\/v2\/posts\/17112\/revisions\/17113"}],"wp:featuredmedia":[{"embeddable":true,"href":"https:\/\/webmail.meusitejuridico.com.br\/api\/wp\/v2\/media\/11606"}],"wp:attachment":[{"href":"https:\/\/webmail.meusitejuridico.com.br\/api\/wp\/v2\/media?parent=17112"}],"wp:term":[{"taxonomy":"category","embeddable":true,"href":"https:\/\/webmail.meusitejuridico.com.br\/api\/wp\/v2\/categories?post=17112"},{"taxonomy":"post_tag","embeddable":true,"href":"https:\/\/webmail.meusitejuridico.com.br\/api\/wp\/v2\/tags?post=17112"}],"curies":[{"name":"wp","href":"https:\/\/api.w.org\/{rel}","templated":true}]}}