{"id":17093,"date":"2022-10-14T07:25:20","date_gmt":"2022-10-14T10:25:20","guid":{"rendered":"https:\/\/meusitejuridico.editorajuspodivm.com.br\/?p=17093"},"modified":"2022-10-14T07:25:21","modified_gmt":"2022-10-14T10:25:21","slug":"resumo-informativo-1-070-do-stf-de-07-de-outubro-de-2022","status":"publish","type":"post","link":"https:\/\/webmail.meusitejuridico.com.br\/2022\/10\/14\/resumo-informativo-1-070-do-stf-de-07-de-outubro-de-2022\/","title":{"rendered":"Resumo &#8211; Informativo 1.070 do STF, de 07 de outubro de 2022"},"content":{"rendered":"\n<p><strong>PLEN\u00c1RIO<\/strong><strong><\/strong><\/p>\n\n\n\n<p>-\u00c9 inconstitucional o condicionamento da desfilia\u00e7\u00e3o de associado \u00e0 quita\u00e7\u00e3o de d\u00e9bito referente a benef\u00edcio obtido por interm\u00e9dio da associa\u00e7\u00e3o ou ao pagamento de multa \u2013 <strong>RE 820.823\/DF<\/strong>, Tema 922, julgamento virtual finalizado em 30\/09\/2022.<\/p>\n\n\n\n<p>&#8211; \u00c9 inconstitucional, por ofensa \u00e0 compet\u00eancia privativa da Uni\u00e3o para legislar sobre telecomunica\u00e7\u00f5es, lei estadual que veda a aplica\u00e7\u00e3o de multa por quebra de fidelidade nos servi\u00e7os de TV por assinatura, telefonia, <em>internet<\/em> e servi\u00e7os assemelhados, enquanto perdurar a pandemia da Covid-19 \u2013 <strong>ADI 7211\/RJ<\/strong>, julgamento virtual finalizado em 30\/09\/2022.<\/p>\n\n\n\n<p>&#8211; S\u00e3o constitucionais, visto n\u00e3o ofenderem a autonomia partid\u00e1ria, os dispositivos de Resolu\u00e7\u00e3o editada pelo TSE que vedam o repasse de recursos do Fundo Partid\u00e1rio e do Fundo Especial de Financiamento de Campanha (FEFC) por partidos pol\u00edticos ou candidatos n\u00e3o pertencentes \u00e0 mesma coliga\u00e7\u00e3o e\/ou n\u00e3o coligados \u2013 <strong>ADI 7214\/DF<\/strong>, julgamento virtual finalizado em 30\/09\/2022.<\/p>\n\n\n\n<p>&#8211; \u00c9 inconstitucional, por violar compet\u00eancia legislativa privativa da Uni\u00e3o, lei estadual que obriga a Fazenda P\u00fablica a antecipar o pagamento das despesas com dilig\u00eancias dos oficiais de justi\u00e7a \u2013 <strong>ADI 5969\/PA<\/strong>, julgamento virtual finalizado em 30\/09\/2022.<\/p>\n\n\n\n<p>&#8211; A redu\u00e7\u00e3o de al\u00edquota do ICMS requer a comprova\u00e7\u00e3o do impacto financeiro e or\u00e7ament\u00e1rio, al\u00e9m da celebra\u00e7\u00e3o de conv\u00eanio entre os estados e o Distrito Federal e a demonstra\u00e7\u00e3o da essencialidade dos bens e servi\u00e7os \u2013 <strong>ADI 6152\/MA<\/strong>, julgamento virtual finalizado em 30\/09\/2022.<\/p>\n\n\n\n<p>&#8211; \u00c9 inconstitucional a cobran\u00e7a de taxa de seguran\u00e7a para eventos, visto que a seguran\u00e7a p\u00fablica deve ser remunerada por meio de impostos, j\u00e1 que constitui servi\u00e7o geral e indivis\u00edvel, devido a todos os cidad\u00e3os, independentemente de contrapresta\u00e7\u00e3o \u2013 <strong>ADI 2692\/DF<\/strong>, julgamento virtual finalizado em 30\/09\/2022.<\/p>\n\n\n\n<p>***<\/p>\n\n\n\n<p><strong>Telegram<\/strong>:<strong>&nbsp;<\/strong><a href=\"https:\/\/t.me\/pilulasjuridicasSTFSTJ\" target=\"_blank\" rel=\"noreferrer noopener\"><strong>https:\/\/t.me\/pilulasjuridicasSTFSTJ<\/strong><\/a><strong>&nbsp;| Instagram: @rodrigocrleite<\/strong><\/p>\n","protected":false},"excerpt":{"rendered":"<p>PLEN\u00c1RIO -\u00c9 inconstitucional o condicionamento da desfilia\u00e7\u00e3o de associado \u00e0 quita\u00e7\u00e3o de d\u00e9bito referente a benef\u00edcio obtido por interm\u00e9dio da associa\u00e7\u00e3o ou ao pagamento de multa \u2013 RE 820.823\/DF, Tema 922, julgamento virtual finalizado em 30\/09\/2022. &#8211; \u00c9 inconstitucional, por ofensa \u00e0 compet\u00eancia privativa da Uni\u00e3o para legislar sobre telecomunica\u00e7\u00f5es, lei estadual que veda a [&hellip;]<\/p>\n","protected":false},"author":131,"featured_media":2850,"comment_status":"open","ping_status":"open","sticky":false,"template":"","format":"standard","meta":{"_acf_changed":false,"footnotes":""},"categories":[70],"tags":[],"class_list":["post-17093","post","type-post","status-publish","format-standard","has-post-thumbnail","hentry","category-informativos-comentados"],"acf":[],"yoast_head":"<!-- This site is optimized with the Yoast SEO plugin v24.8.1 - https:\/\/yoast.com\/wordpress\/plugins\/seo\/ -->\n<title>Resumo - Informativo 1.070 do STF, de 07 de outubro de 2022 - Meu site jur\u00eddico<\/title>\n<meta name=\"robots\" content=\"index, follow, max-snippet:-1, max-image-preview:large, max-video-preview:-1\" \/>\n<link rel=\"canonical\" href=\"https:\/\/meusitejuridico.editorajuspodivm.com.br\/2022\/10\/14\/resumo-informativo-1-070-do-stf-de-07-de-outubro-de-2022\/\" \/>\n<meta property=\"og:locale\" content=\"pt_BR\" \/>\n<meta property=\"og:type\" content=\"article\" \/>\n<meta property=\"og:title\" content=\"Resumo - Informativo 1.070 do STF, de 07 de outubro de 2022 - Meu site jur\u00eddico\" \/>\n<meta property=\"og:description\" content=\"PLEN\u00c1RIO -\u00c9 inconstitucional o condicionamento da desfilia\u00e7\u00e3o de associado \u00e0 quita\u00e7\u00e3o de d\u00e9bito referente a benef\u00edcio obtido por interm\u00e9dio da associa\u00e7\u00e3o ou ao pagamento de multa \u2013 RE 820.823\/DF, Tema 922, julgamento virtual finalizado em 30\/09\/2022. &#8211; \u00c9 inconstitucional, por ofensa \u00e0 compet\u00eancia privativa da Uni\u00e3o para legislar sobre telecomunica\u00e7\u00f5es, lei estadual que veda a [&hellip;]\" \/>\n<meta property=\"og:url\" content=\"https:\/\/meusitejuridico.editorajuspodivm.com.br\/2022\/10\/14\/resumo-informativo-1-070-do-stf-de-07-de-outubro-de-2022\/\" \/>\n<meta property=\"og:site_name\" content=\"Meu site jur\u00eddico\" \/>\n<meta property=\"article:published_time\" content=\"2022-10-14T10:25:20+00:00\" \/>\n<meta property=\"article:modified_time\" content=\"2022-10-14T10:25:21+00:00\" \/>\n<meta property=\"og:image\" content=\"https:\/\/meusitejuridico.editorajuspodivm.com.br\/s.meusitejuridico\/2017\/06\/c78cd5ea-shutterstock-113641297.jpg\" \/>\n\t<meta property=\"og:image:width\" content=\"5184\" \/>\n\t<meta property=\"og:image:height\" content=\"3456\" \/>\n\t<meta property=\"og:image:type\" content=\"image\/jpeg\" \/>\n<meta name=\"author\" content=\"Rodrigo Leite\" \/>\n<meta name=\"twitter:card\" content=\"summary_large_image\" \/>\n<meta name=\"twitter:creator\" content=\"@rodrigocrleite\" \/>\n<meta name=\"twitter:label1\" content=\"Escrito por\" \/>\n\t<meta name=\"twitter:data1\" content=\"Rodrigo Leite\" \/>\n\t<meta name=\"twitter:label2\" content=\"Est. tempo de leitura\" \/>\n\t<meta name=\"twitter:data2\" content=\"2 minutos\" \/>\n<script type=\"application\/ld+json\" class=\"yoast-schema-graph\">{\"@context\":\"https:\/\/schema.org\",\"@graph\":[{\"@type\":\"Article\",\"@id\":\"https:\/\/meusitejuridico.editorajuspodivm.com.br\/2022\/10\/14\/resumo-informativo-1-070-do-stf-de-07-de-outubro-de-2022\/#article\",\"isPartOf\":{\"@id\":\"https:\/\/meusitejuridico.editorajuspodivm.com.br\/2022\/10\/14\/resumo-informativo-1-070-do-stf-de-07-de-outubro-de-2022\/\"},\"author\":{\"name\":\"Rodrigo Leite\",\"@id\":\"https:\/\/meusitejuridico.editorajuspodivm.com.br\/#\/schema\/person\/ae56313f17950dccef13d0989efd6d50\"},\"headline\":\"Resumo &#8211; Informativo 1.070 do STF, de 07 de outubro de 2022\",\"datePublished\":\"2022-10-14T10:25:20+00:00\",\"dateModified\":\"2022-10-14T10:25:21+00:00\",\"mainEntityOfPage\":{\"@id\":\"https:\/\/meusitejuridico.editorajuspodivm.com.br\/2022\/10\/14\/resumo-informativo-1-070-do-stf-de-07-de-outubro-de-2022\/\"},\"wordCount\":314,\"commentCount\":0,\"publisher\":{\"@id\":\"https:\/\/meusitejuridico.editorajuspodivm.com.br\/#organization\"},\"image\":{\"@id\":\"https:\/\/meusitejuridico.editorajuspodivm.com.br\/2022\/10\/14\/resumo-informativo-1-070-do-stf-de-07-de-outubro-de-2022\/#primaryimage\"},\"thumbnailUrl\":\"https:\/\/webmail.meusitejuridico.com.br\/s.meusitejuridico\/2017\/06\/c78cd5ea-shutterstock-113641297.jpg\",\"articleSection\":[\"Informativos\"],\"inLanguage\":\"pt-BR\",\"potentialAction\":[{\"@type\":\"CommentAction\",\"name\":\"Comment\",\"target\":[\"https:\/\/meusitejuridico.editorajuspodivm.com.br\/2022\/10\/14\/resumo-informativo-1-070-do-stf-de-07-de-outubro-de-2022\/#respond\"]}]},{\"@type\":\"WebPage\",\"@id\":\"https:\/\/meusitejuridico.editorajuspodivm.com.br\/2022\/10\/14\/resumo-informativo-1-070-do-stf-de-07-de-outubro-de-2022\/\",\"url\":\"https:\/\/meusitejuridico.editorajuspodivm.com.br\/2022\/10\/14\/resumo-informativo-1-070-do-stf-de-07-de-outubro-de-2022\/\",\"name\":\"Resumo - Informativo 1.070 do STF, de 07 de outubro de 2022 - Meu site jur\u00eddico\",\"isPartOf\":{\"@id\":\"https:\/\/meusitejuridico.editorajuspodivm.com.br\/#website\"},\"primaryImageOfPage\":{\"@id\":\"https:\/\/meusitejuridico.editorajuspodivm.com.br\/2022\/10\/14\/resumo-informativo-1-070-do-stf-de-07-de-outubro-de-2022\/#primaryimage\"},\"image\":{\"@id\":\"https:\/\/meusitejuridico.editorajuspodivm.com.br\/2022\/10\/14\/resumo-informativo-1-070-do-stf-de-07-de-outubro-de-2022\/#primaryimage\"},\"thumbnailUrl\":\"https:\/\/webmail.meusitejuridico.com.br\/s.meusitejuridico\/2017\/06\/c78cd5ea-shutterstock-113641297.jpg\",\"datePublished\":\"2022-10-14T10:25:20+00:00\",\"dateModified\":\"2022-10-14T10:25:21+00:00\",\"breadcrumb\":{\"@id\":\"https:\/\/meusitejuridico.editorajuspodivm.com.br\/2022\/10\/14\/resumo-informativo-1-070-do-stf-de-07-de-outubro-de-2022\/#breadcrumb\"},\"inLanguage\":\"pt-BR\",\"potentialAction\":[{\"@type\":\"ReadAction\",\"target\":[\"https:\/\/meusitejuridico.editorajuspodivm.com.br\/2022\/10\/14\/resumo-informativo-1-070-do-stf-de-07-de-outubro-de-2022\/\"]}]},{\"@type\":\"ImageObject\",\"inLanguage\":\"pt-BR\",\"@id\":\"https:\/\/meusitejuridico.editorajuspodivm.com.br\/2022\/10\/14\/resumo-informativo-1-070-do-stf-de-07-de-outubro-de-2022\/#primaryimage\",\"url\":\"https:\/\/webmail.meusitejuridico.com.br\/s.meusitejuridico\/2017\/06\/c78cd5ea-shutterstock-113641297.jpg\",\"contentUrl\":\"https:\/\/webmail.meusitejuridico.com.br\/s.meusitejuridico\/2017\/06\/c78cd5ea-shutterstock-113641297.jpg\",\"width\":5184,\"height\":3456},{\"@type\":\"BreadcrumbList\",\"@id\":\"https:\/\/meusitejuridico.editorajuspodivm.com.br\/2022\/10\/14\/resumo-informativo-1-070-do-stf-de-07-de-outubro-de-2022\/#breadcrumb\",\"itemListElement\":[{\"@type\":\"ListItem\",\"position\":1,\"name\":\"In\u00edcio\",\"item\":\"https:\/\/meusitejuridico.editorajuspodivm.com.br\/\"},{\"@type\":\"ListItem\",\"position\":2,\"name\":\"Resumo &#8211; Informativo 1.070 do STF, de 07 de outubro de 2022\"}]},{\"@type\":\"WebSite\",\"@id\":\"https:\/\/meusitejuridico.editorajuspodivm.com.br\/#website\",\"url\":\"https:\/\/meusitejuridico.editorajuspodivm.com.br\/\",\"name\":\"Meu site jur\u00eddico\",\"description\":\"Meu site jur\u00eddico\",\"publisher\":{\"@id\":\"https:\/\/meusitejuridico.editorajuspodivm.com.br\/#organization\"},\"potentialAction\":[{\"@type\":\"SearchAction\",\"target\":{\"@type\":\"EntryPoint\",\"urlTemplate\":\"https:\/\/meusitejuridico.editorajuspodivm.com.br\/?s={search_term_string}\"},\"query-input\":{\"@type\":\"PropertyValueSpecification\",\"valueRequired\":true,\"valueName\":\"search_term_string\"}}],\"inLanguage\":\"pt-BR\"},{\"@type\":\"Organization\",\"@id\":\"https:\/\/meusitejuridico.editorajuspodivm.com.br\/#organization\",\"name\":\"Meu site jur\u00eddico\",\"url\":\"https:\/\/meusitejuridico.editorajuspodivm.com.br\/\",\"logo\":{\"@type\":\"ImageObject\",\"inLanguage\":\"pt-BR\",\"@id\":\"https:\/\/meusitejuridico.editorajuspodivm.com.br\/#\/schema\/logo\/image\/\",\"url\":\"https:\/\/webmail.meusitejuridico.com.br\/s.meusitejuridico\/2022\/03\/cropped-baeec2a3-msj-02-01-01.png\",\"contentUrl\":\"https:\/\/webmail.meusitejuridico.com.br\/s.meusitejuridico\/2022\/03\/cropped-baeec2a3-msj-02-01-01.png\",\"width\":349,\"height\":243,\"caption\":\"Meu site jur\u00eddico\"},\"image\":{\"@id\":\"https:\/\/meusitejuridico.editorajuspodivm.com.br\/#\/schema\/logo\/image\/\"}},{\"@type\":\"Person\",\"@id\":\"https:\/\/meusitejuridico.editorajuspodivm.com.br\/#\/schema\/person\/ae56313f17950dccef13d0989efd6d50\",\"name\":\"Rodrigo Leite\",\"image\":{\"@type\":\"ImageObject\",\"inLanguage\":\"pt-BR\",\"@id\":\"https:\/\/meusitejuridico.editorajuspodivm.com.br\/#\/schema\/person\/image\/\",\"url\":\"https:\/\/webmail.meusitejuridico.com.br\/s.meusitejuridico\/2021\/05\/8455192b-foto-site-rodrigo-leite-150x150.jpeg\",\"contentUrl\":\"https:\/\/webmail.meusitejuridico.com.br\/s.meusitejuridico\/2021\/05\/8455192b-foto-site-rodrigo-leite-150x150.jpeg\",\"caption\":\"Rodrigo Leite\"},\"description\":\"Coautor do livro \u201cAn\u00e1lise das Diverg\u00eancias Jurisprudenciais no STF e STJ\u201d, Editora Juspodivm. Autor do livro \u201cTombamento \u2013 Vol. 36 \u2013 Cole\u00e7\u00e3o Leis Especiais para Concursos\u201d, Editora Juspodivm. Autor do livro \u201cDesapropria\u00e7\u00e3o \u2013 Vol. 39 \u2013 Cole\u00e7\u00e3o Especiais para Concursos\u201d, Editora Juspodivm. Coautor do livro \u201cSaberes Jurisprudenciais\u201d, Editora Saraiva. Coorganizador do livro \u201cCPC na Jurisprud\u00eancia\\\", Editora Foco. Especialista em Direito P\u00fablico e Direito Processual Civil. Mestre em Direito Constitucional. Professor da P\u00f3s-gradua\u00e7\u00e3o em Direito Civil da Rede Anhaguera-Kroton. M\u00e1ster Universit\u00e1rio em Direito Constitucional pela Universidad Del Pa\u00eds Vasco, San Sebasti\u00e1n, Espanha. Advogado licenciado. Analista Judici\u00e1rio do TJRN. Assessor de Desembargador do TJRN.\",\"sameAs\":[\"https:\/\/www.editorajuspodivm.com.br\/autores\/detalhe\/85\",\"https:\/\/www.instagram.com\/rodrigocrleite\/\",\"https:\/\/x.com\/rodrigocrleite\"],\"url\":\"https:\/\/webmail.meusitejuridico.com.br\/author\/rodrigoleiterodrigoleite\/\"}]}<\/script>\n<!-- \/ Yoast SEO plugin. -->","yoast_head_json":{"title":"Resumo - Informativo 1.070 do STF, de 07 de outubro de 2022 - Meu site jur\u00eddico","robots":{"index":"index","follow":"follow","max-snippet":"max-snippet:-1","max-image-preview":"max-image-preview:large","max-video-preview":"max-video-preview:-1"},"canonical":"https:\/\/meusitejuridico.editorajuspodivm.com.br\/2022\/10\/14\/resumo-informativo-1-070-do-stf-de-07-de-outubro-de-2022\/","og_locale":"pt_BR","og_type":"article","og_title":"Resumo - Informativo 1.070 do STF, de 07 de outubro de 2022 - Meu site jur\u00eddico","og_description":"PLEN\u00c1RIO -\u00c9 inconstitucional o condicionamento da desfilia\u00e7\u00e3o de associado \u00e0 quita\u00e7\u00e3o de d\u00e9bito referente a benef\u00edcio obtido por interm\u00e9dio da associa\u00e7\u00e3o ou ao pagamento de multa \u2013 RE 820.823\/DF, Tema 922, julgamento virtual finalizado em 30\/09\/2022. &#8211; \u00c9 inconstitucional, por ofensa \u00e0 compet\u00eancia privativa da Uni\u00e3o para legislar sobre telecomunica\u00e7\u00f5es, lei estadual que veda a [&hellip;]","og_url":"https:\/\/meusitejuridico.editorajuspodivm.com.br\/2022\/10\/14\/resumo-informativo-1-070-do-stf-de-07-de-outubro-de-2022\/","og_site_name":"Meu site jur\u00eddico","article_published_time":"2022-10-14T10:25:20+00:00","article_modified_time":"2022-10-14T10:25:21+00:00","og_image":[{"width":5184,"height":3456,"url":"https:\/\/meusitejuridico.editorajuspodivm.com.br\/s.meusitejuridico\/2017\/06\/c78cd5ea-shutterstock-113641297.jpg","type":"image\/jpeg"}],"author":"Rodrigo Leite","twitter_card":"summary_large_image","twitter_creator":"@rodrigocrleite","twitter_misc":{"Escrito por":"Rodrigo Leite","Est. tempo de leitura":"2 minutos"},"schema":{"@context":"https:\/\/schema.org","@graph":[{"@type":"Article","@id":"https:\/\/meusitejuridico.editorajuspodivm.com.br\/2022\/10\/14\/resumo-informativo-1-070-do-stf-de-07-de-outubro-de-2022\/#article","isPartOf":{"@id":"https:\/\/meusitejuridico.editorajuspodivm.com.br\/2022\/10\/14\/resumo-informativo-1-070-do-stf-de-07-de-outubro-de-2022\/"},"author":{"name":"Rodrigo Leite","@id":"https:\/\/meusitejuridico.editorajuspodivm.com.br\/#\/schema\/person\/ae56313f17950dccef13d0989efd6d50"},"headline":"Resumo &#8211; Informativo 1.070 do STF, de 07 de outubro de 2022","datePublished":"2022-10-14T10:25:20+00:00","dateModified":"2022-10-14T10:25:21+00:00","mainEntityOfPage":{"@id":"https:\/\/meusitejuridico.editorajuspodivm.com.br\/2022\/10\/14\/resumo-informativo-1-070-do-stf-de-07-de-outubro-de-2022\/"},"wordCount":314,"commentCount":0,"publisher":{"@id":"https:\/\/meusitejuridico.editorajuspodivm.com.br\/#organization"},"image":{"@id":"https:\/\/meusitejuridico.editorajuspodivm.com.br\/2022\/10\/14\/resumo-informativo-1-070-do-stf-de-07-de-outubro-de-2022\/#primaryimage"},"thumbnailUrl":"https:\/\/webmail.meusitejuridico.com.br\/s.meusitejuridico\/2017\/06\/c78cd5ea-shutterstock-113641297.jpg","articleSection":["Informativos"],"inLanguage":"pt-BR","potentialAction":[{"@type":"CommentAction","name":"Comment","target":["https:\/\/meusitejuridico.editorajuspodivm.com.br\/2022\/10\/14\/resumo-informativo-1-070-do-stf-de-07-de-outubro-de-2022\/#respond"]}]},{"@type":"WebPage","@id":"https:\/\/meusitejuridico.editorajuspodivm.com.br\/2022\/10\/14\/resumo-informativo-1-070-do-stf-de-07-de-outubro-de-2022\/","url":"https:\/\/meusitejuridico.editorajuspodivm.com.br\/2022\/10\/14\/resumo-informativo-1-070-do-stf-de-07-de-outubro-de-2022\/","name":"Resumo - Informativo 1.070 do STF, de 07 de outubro de 2022 - Meu site jur\u00eddico","isPartOf":{"@id":"https:\/\/meusitejuridico.editorajuspodivm.com.br\/#website"},"primaryImageOfPage":{"@id":"https:\/\/meusitejuridico.editorajuspodivm.com.br\/2022\/10\/14\/resumo-informativo-1-070-do-stf-de-07-de-outubro-de-2022\/#primaryimage"},"image":{"@id":"https:\/\/meusitejuridico.editorajuspodivm.com.br\/2022\/10\/14\/resumo-informativo-1-070-do-stf-de-07-de-outubro-de-2022\/#primaryimage"},"thumbnailUrl":"https:\/\/webmail.meusitejuridico.com.br\/s.meusitejuridico\/2017\/06\/c78cd5ea-shutterstock-113641297.jpg","datePublished":"2022-10-14T10:25:20+00:00","dateModified":"2022-10-14T10:25:21+00:00","breadcrumb":{"@id":"https:\/\/meusitejuridico.editorajuspodivm.com.br\/2022\/10\/14\/resumo-informativo-1-070-do-stf-de-07-de-outubro-de-2022\/#breadcrumb"},"inLanguage":"pt-BR","potentialAction":[{"@type":"ReadAction","target":["https:\/\/meusitejuridico.editorajuspodivm.com.br\/2022\/10\/14\/resumo-informativo-1-070-do-stf-de-07-de-outubro-de-2022\/"]}]},{"@type":"ImageObject","inLanguage":"pt-BR","@id":"https:\/\/meusitejuridico.editorajuspodivm.com.br\/2022\/10\/14\/resumo-informativo-1-070-do-stf-de-07-de-outubro-de-2022\/#primaryimage","url":"https:\/\/webmail.meusitejuridico.com.br\/s.meusitejuridico\/2017\/06\/c78cd5ea-shutterstock-113641297.jpg","contentUrl":"https:\/\/webmail.meusitejuridico.com.br\/s.meusitejuridico\/2017\/06\/c78cd5ea-shutterstock-113641297.jpg","width":5184,"height":3456},{"@type":"BreadcrumbList","@id":"https:\/\/meusitejuridico.editorajuspodivm.com.br\/2022\/10\/14\/resumo-informativo-1-070-do-stf-de-07-de-outubro-de-2022\/#breadcrumb","itemListElement":[{"@type":"ListItem","position":1,"name":"In\u00edcio","item":"https:\/\/meusitejuridico.editorajuspodivm.com.br\/"},{"@type":"ListItem","position":2,"name":"Resumo &#8211; Informativo 1.070 do STF, de 07 de outubro de 2022"}]},{"@type":"WebSite","@id":"https:\/\/meusitejuridico.editorajuspodivm.com.br\/#website","url":"https:\/\/meusitejuridico.editorajuspodivm.com.br\/","name":"Meu site jur\u00eddico","description":"Meu site jur\u00eddico","publisher":{"@id":"https:\/\/meusitejuridico.editorajuspodivm.com.br\/#organization"},"potentialAction":[{"@type":"SearchAction","target":{"@type":"EntryPoint","urlTemplate":"https:\/\/meusitejuridico.editorajuspodivm.com.br\/?s={search_term_string}"},"query-input":{"@type":"PropertyValueSpecification","valueRequired":true,"valueName":"search_term_string"}}],"inLanguage":"pt-BR"},{"@type":"Organization","@id":"https:\/\/meusitejuridico.editorajuspodivm.com.br\/#organization","name":"Meu site jur\u00eddico","url":"https:\/\/meusitejuridico.editorajuspodivm.com.br\/","logo":{"@type":"ImageObject","inLanguage":"pt-BR","@id":"https:\/\/meusitejuridico.editorajuspodivm.com.br\/#\/schema\/logo\/image\/","url":"https:\/\/webmail.meusitejuridico.com.br\/s.meusitejuridico\/2022\/03\/cropped-baeec2a3-msj-02-01-01.png","contentUrl":"https:\/\/webmail.meusitejuridico.com.br\/s.meusitejuridico\/2022\/03\/cropped-baeec2a3-msj-02-01-01.png","width":349,"height":243,"caption":"Meu site jur\u00eddico"},"image":{"@id":"https:\/\/meusitejuridico.editorajuspodivm.com.br\/#\/schema\/logo\/image\/"}},{"@type":"Person","@id":"https:\/\/meusitejuridico.editorajuspodivm.com.br\/#\/schema\/person\/ae56313f17950dccef13d0989efd6d50","name":"Rodrigo Leite","image":{"@type":"ImageObject","inLanguage":"pt-BR","@id":"https:\/\/meusitejuridico.editorajuspodivm.com.br\/#\/schema\/person\/image\/","url":"https:\/\/webmail.meusitejuridico.com.br\/s.meusitejuridico\/2021\/05\/8455192b-foto-site-rodrigo-leite-150x150.jpeg","contentUrl":"https:\/\/webmail.meusitejuridico.com.br\/s.meusitejuridico\/2021\/05\/8455192b-foto-site-rodrigo-leite-150x150.jpeg","caption":"Rodrigo Leite"},"description":"Coautor do livro \u201cAn\u00e1lise das Diverg\u00eancias Jurisprudenciais no STF e STJ\u201d, Editora Juspodivm. Autor do livro \u201cTombamento \u2013 Vol. 36 \u2013 Cole\u00e7\u00e3o Leis Especiais para Concursos\u201d, Editora Juspodivm. Autor do livro \u201cDesapropria\u00e7\u00e3o \u2013 Vol. 39 \u2013 Cole\u00e7\u00e3o Especiais para Concursos\u201d, Editora Juspodivm. Coautor do livro \u201cSaberes Jurisprudenciais\u201d, Editora Saraiva. Coorganizador do livro \u201cCPC na Jurisprud\u00eancia\", Editora Foco. Especialista em Direito P\u00fablico e Direito Processual Civil. Mestre em Direito Constitucional. Professor da P\u00f3s-gradua\u00e7\u00e3o em Direito Civil da Rede Anhaguera-Kroton. M\u00e1ster Universit\u00e1rio em Direito Constitucional pela Universidad Del Pa\u00eds Vasco, San Sebasti\u00e1n, Espanha. Advogado licenciado. Analista Judici\u00e1rio do TJRN. Assessor de Desembargador do TJRN.","sameAs":["https:\/\/www.editorajuspodivm.com.br\/autores\/detalhe\/85","https:\/\/www.instagram.com\/rodrigocrleite\/","https:\/\/x.com\/rodrigocrleite"],"url":"https:\/\/webmail.meusitejuridico.com.br\/author\/rodrigoleiterodrigoleite\/"}]}},"_links":{"self":[{"href":"https:\/\/webmail.meusitejuridico.com.br\/api\/wp\/v2\/posts\/17093","targetHints":{"allow":["GET"]}}],"collection":[{"href":"https:\/\/webmail.meusitejuridico.com.br\/api\/wp\/v2\/posts"}],"about":[{"href":"https:\/\/webmail.meusitejuridico.com.br\/api\/wp\/v2\/types\/post"}],"author":[{"embeddable":true,"href":"https:\/\/webmail.meusitejuridico.com.br\/api\/wp\/v2\/users\/131"}],"replies":[{"embeddable":true,"href":"https:\/\/webmail.meusitejuridico.com.br\/api\/wp\/v2\/comments?post=17093"}],"version-history":[{"count":1,"href":"https:\/\/webmail.meusitejuridico.com.br\/api\/wp\/v2\/posts\/17093\/revisions"}],"predecessor-version":[{"id":17094,"href":"https:\/\/webmail.meusitejuridico.com.br\/api\/wp\/v2\/posts\/17093\/revisions\/17094"}],"wp:featuredmedia":[{"embeddable":true,"href":"https:\/\/webmail.meusitejuridico.com.br\/api\/wp\/v2\/media\/2850"}],"wp:attachment":[{"href":"https:\/\/webmail.meusitejuridico.com.br\/api\/wp\/v2\/media?parent=17093"}],"wp:term":[{"taxonomy":"category","embeddable":true,"href":"https:\/\/webmail.meusitejuridico.com.br\/api\/wp\/v2\/categories?post=17093"},{"taxonomy":"post_tag","embeddable":true,"href":"https:\/\/webmail.meusitejuridico.com.br\/api\/wp\/v2\/tags?post=17093"}],"curies":[{"name":"wp","href":"https:\/\/api.w.org\/{rel}","templated":true}]}}