{"id":16997,"date":"2022-09-22T11:03:27","date_gmt":"2022-09-22T14:03:27","guid":{"rendered":"https:\/\/meusitejuridico.editorajuspodivm.com.br\/?p=16997"},"modified":"2022-09-22T11:06:38","modified_gmt":"2022-09-22T14:06:38","slug":"resumo-informativo-1-067-do-stf-de-20-de-setembro-de-2022","status":"publish","type":"post","link":"https:\/\/webmail.meusitejuridico.com.br\/2022\/09\/22\/resumo-informativo-1-067-do-stf-de-20-de-setembro-de-2022\/","title":{"rendered":"Resumo &#8211; Informativo 1.067 do STF, de 20 de setembro de 2022"},"content":{"rendered":"\n<p><strong>PLEN\u00c1RIO<\/strong><strong><\/strong><\/p>\n\n\n\n<p>&#8211; \u00c9 inconstitucional ato normativo que, ao disciplinar a licen\u00e7a maternidade no \u00e2mbito das For\u00e7as Armadas, estabelece prazos distintos de afastamento com fundamento na diferencia\u00e7\u00e3o entre a maternidade biol\u00f3gica e a adotiva, bem como em fun\u00e7\u00e3o da idade da crian\u00e7a adotada \u2013 <strong>ADI 6603\/DF<\/strong>, julgamento virtual finalizado em 13\/09\/2022.<\/p>\n\n\n\n<p>&#8211; \u00c9 constitucional lei complementar estadual que, desde que observados os par\u00e2metros de razoabilidade e proporcionalidade, confere \u00e0 Defensoria P\u00fablica a prerrogativa de requisitar, de quaisquer autoridades p\u00fablicas e de seus agentes, certid\u00f5es, exames, per\u00edcias, vistorias, dilig\u00eancias, processos, documentos, informa\u00e7\u00f5es, esclarecimentos e demais provid\u00eancias necess\u00e1rias ao exerc\u00edcio de suas atribui\u00e7\u00f5es \u2013 <strong>ADI 6860\/MT<\/strong>, <strong>ADI 6861\/PI<\/strong> e <strong>ADI 6863\/PE<\/strong>, julgamento virtual finalizado em 13\/09\/2022.<\/p>\n\n\n\n<p>&#8211; \u00c9 inconstitucional, por viola\u00e7\u00e3o \u00e0 compet\u00eancia legislativa privativa da Uni\u00e3o, lei municipal que versa sobre a instala\u00e7\u00e3o de esta\u00e7\u00e3o r\u00e1dio base (ERB) e d\u00e1 ensejo \u00e0 atividade fiscalizat\u00f3ria do munic\u00edpio, quanto ao uso e a ocupa\u00e7\u00e3o do solo urbano em seu territ\u00f3rio. Portanto, \u00e9inconstitucional a Lei 13.756\/2004 do munic\u00edpio de S\u00e3o Paulo, por configurar invas\u00e3o \u00e0 compet\u00eancia privativa da Uni\u00e3o para legislar sobre telecomunica\u00e7\u00f5es e radiodifus\u00e3o (CF\/1988, art. 22, IV) \u2013<strong> ARE 1.370.232\/SP<\/strong>, julgamento virtual finalizado em 13\/09\/2022, Tema 1235.<\/p>\n\n\n\n<p>&#8211; \u00c9 inconstitucional, por viola\u00e7\u00e3o ao princ\u00edpio da simetria, norma de Constitui\u00e7\u00e3o Estadual que confere foro por prerrogativa de fun\u00e7\u00e3o a autoridades que n\u00e3o guardam semelhan\u00e7a com as que o det\u00e9m na esfera federal \u2013 <strong>ADI 6511\/RR<\/strong>, julgamento virtual finalizado em 13\/09\/2022.<\/p>\n\n\n\n<p>&#8211; \u00c9 v\u00e1lida a cobran\u00e7a das custas judiciais e emolumentos tendo por par\u00e2metro o valor da causa ou do bem ou neg\u00f3cio objeto dos atos judiciais e extrajudiciais, desde que definidos limites m\u00ednimo e m\u00e1ximo e mantida uma razo\u00e1vel e proporcional correla\u00e7\u00e3o com o custo da atividade \u2013 <strong>ADI 2846\/TO<\/strong>, julgamento virtual finalizado em 13\/09\/2022.<\/p>\n\n\n\n<p>***<\/p>\n\n\n\n<p><strong>Telegram<\/strong>:<strong>&nbsp;<\/strong><a href=\"https:\/\/t.me\/pilulasjuridicasSTFSTJ\" target=\"_blank\" rel=\"noreferrer noopener\"><strong>https:\/\/t.me\/pilulasjuridicasSTFSTJ<\/strong><\/a><strong>&nbsp;| Instagram: @rodrigocrleite<\/strong><\/p>\n","protected":false},"excerpt":{"rendered":"<p>PLEN\u00c1RIO &#8211; \u00c9 inconstitucional ato normativo que, ao disciplinar a licen\u00e7a maternidade no \u00e2mbito das For\u00e7as Armadas, estabelece prazos distintos de afastamento com fundamento na diferencia\u00e7\u00e3o entre a maternidade biol\u00f3gica e a adotiva, bem como em fun\u00e7\u00e3o da idade da crian\u00e7a adotada \u2013 ADI 6603\/DF, julgamento virtual finalizado em 13\/09\/2022. &#8211; \u00c9 constitucional lei complementar [&hellip;]<\/p>\n","protected":false},"author":131,"featured_media":10800,"comment_status":"open","ping_status":"open","sticky":false,"template":"","format":"standard","meta":{"_acf_changed":false,"footnotes":""},"categories":[70],"tags":[],"class_list":["post-16997","post","type-post","status-publish","format-standard","has-post-thumbnail","hentry","category-informativos-comentados"],"acf":[],"yoast_head":"<!-- This site is optimized with the Yoast SEO plugin v24.8.1 - https:\/\/yoast.com\/wordpress\/plugins\/seo\/ -->\n<title>Resumo - Informativo 1.067 do STF, de 20 de setembro de 2022 - Meu site jur\u00eddico<\/title>\n<meta name=\"robots\" content=\"index, follow, max-snippet:-1, max-image-preview:large, max-video-preview:-1\" \/>\n<link rel=\"canonical\" href=\"https:\/\/meusitejuridico.editorajuspodivm.com.br\/2022\/09\/22\/resumo-informativo-1-067-do-stf-de-20-de-setembro-de-2022\/\" \/>\n<meta property=\"og:locale\" content=\"pt_BR\" \/>\n<meta property=\"og:type\" content=\"article\" \/>\n<meta property=\"og:title\" content=\"Resumo - Informativo 1.067 do STF, de 20 de setembro de 2022 - Meu site jur\u00eddico\" \/>\n<meta property=\"og:description\" content=\"PLEN\u00c1RIO &#8211; \u00c9 inconstitucional ato normativo que, ao disciplinar a licen\u00e7a maternidade no \u00e2mbito das For\u00e7as Armadas, estabelece prazos distintos de afastamento com fundamento na diferencia\u00e7\u00e3o entre a maternidade biol\u00f3gica e a adotiva, bem como em fun\u00e7\u00e3o da idade da crian\u00e7a adotada \u2013 ADI 6603\/DF, julgamento virtual finalizado em 13\/09\/2022. &#8211; \u00c9 constitucional lei complementar [&hellip;]\" \/>\n<meta property=\"og:url\" content=\"https:\/\/meusitejuridico.editorajuspodivm.com.br\/2022\/09\/22\/resumo-informativo-1-067-do-stf-de-20-de-setembro-de-2022\/\" \/>\n<meta property=\"og:site_name\" content=\"Meu site jur\u00eddico\" \/>\n<meta property=\"article:published_time\" content=\"2022-09-22T14:03:27+00:00\" \/>\n<meta property=\"article:modified_time\" content=\"2022-09-22T14:06:38+00:00\" \/>\n<meta property=\"og:image\" content=\"https:\/\/meusitejuridico.editorajuspodivm.com.br\/s.meusitejuridico\/2020\/04\/58319af2-shutterstock-376319674.jpg\" \/>\n\t<meta property=\"og:image:width\" content=\"1000\" \/>\n\t<meta property=\"og:image:height\" content=\"667\" \/>\n\t<meta property=\"og:image:type\" content=\"image\/jpeg\" \/>\n<meta name=\"author\" content=\"Rodrigo Leite\" \/>\n<meta name=\"twitter:card\" content=\"summary_large_image\" \/>\n<meta name=\"twitter:creator\" content=\"@rodrigocrleite\" \/>\n<meta name=\"twitter:label1\" content=\"Escrito por\" \/>\n\t<meta name=\"twitter:data1\" content=\"Rodrigo Leite\" \/>\n\t<meta name=\"twitter:label2\" content=\"Est. tempo de leitura\" \/>\n\t<meta name=\"twitter:data2\" content=\"2 minutos\" \/>\n<script type=\"application\/ld+json\" class=\"yoast-schema-graph\">{\"@context\":\"https:\/\/schema.org\",\"@graph\":[{\"@type\":\"Article\",\"@id\":\"https:\/\/meusitejuridico.editorajuspodivm.com.br\/2022\/09\/22\/resumo-informativo-1-067-do-stf-de-20-de-setembro-de-2022\/#article\",\"isPartOf\":{\"@id\":\"https:\/\/meusitejuridico.editorajuspodivm.com.br\/2022\/09\/22\/resumo-informativo-1-067-do-stf-de-20-de-setembro-de-2022\/\"},\"author\":{\"name\":\"Rodrigo Leite\",\"@id\":\"https:\/\/meusitejuridico.editorajuspodivm.com.br\/#\/schema\/person\/ae56313f17950dccef13d0989efd6d50\"},\"headline\":\"Resumo &#8211; Informativo 1.067 do STF, de 20 de setembro de 2022\",\"datePublished\":\"2022-09-22T14:03:27+00:00\",\"dateModified\":\"2022-09-22T14:06:38+00:00\",\"mainEntityOfPage\":{\"@id\":\"https:\/\/meusitejuridico.editorajuspodivm.com.br\/2022\/09\/22\/resumo-informativo-1-067-do-stf-de-20-de-setembro-de-2022\/\"},\"wordCount\":337,\"commentCount\":0,\"publisher\":{\"@id\":\"https:\/\/meusitejuridico.editorajuspodivm.com.br\/#organization\"},\"image\":{\"@id\":\"https:\/\/meusitejuridico.editorajuspodivm.com.br\/2022\/09\/22\/resumo-informativo-1-067-do-stf-de-20-de-setembro-de-2022\/#primaryimage\"},\"thumbnailUrl\":\"https:\/\/webmail.meusitejuridico.com.br\/s.meusitejuridico\/2020\/04\/58319af2-shutterstock-376319674.jpg\",\"articleSection\":[\"Informativos\"],\"inLanguage\":\"pt-BR\",\"potentialAction\":[{\"@type\":\"CommentAction\",\"name\":\"Comment\",\"target\":[\"https:\/\/meusitejuridico.editorajuspodivm.com.br\/2022\/09\/22\/resumo-informativo-1-067-do-stf-de-20-de-setembro-de-2022\/#respond\"]}]},{\"@type\":\"WebPage\",\"@id\":\"https:\/\/meusitejuridico.editorajuspodivm.com.br\/2022\/09\/22\/resumo-informativo-1-067-do-stf-de-20-de-setembro-de-2022\/\",\"url\":\"https:\/\/meusitejuridico.editorajuspodivm.com.br\/2022\/09\/22\/resumo-informativo-1-067-do-stf-de-20-de-setembro-de-2022\/\",\"name\":\"Resumo - Informativo 1.067 do STF, de 20 de setembro de 2022 - Meu site jur\u00eddico\",\"isPartOf\":{\"@id\":\"https:\/\/meusitejuridico.editorajuspodivm.com.br\/#website\"},\"primaryImageOfPage\":{\"@id\":\"https:\/\/meusitejuridico.editorajuspodivm.com.br\/2022\/09\/22\/resumo-informativo-1-067-do-stf-de-20-de-setembro-de-2022\/#primaryimage\"},\"image\":{\"@id\":\"https:\/\/meusitejuridico.editorajuspodivm.com.br\/2022\/09\/22\/resumo-informativo-1-067-do-stf-de-20-de-setembro-de-2022\/#primaryimage\"},\"thumbnailUrl\":\"https:\/\/webmail.meusitejuridico.com.br\/s.meusitejuridico\/2020\/04\/58319af2-shutterstock-376319674.jpg\",\"datePublished\":\"2022-09-22T14:03:27+00:00\",\"dateModified\":\"2022-09-22T14:06:38+00:00\",\"breadcrumb\":{\"@id\":\"https:\/\/meusitejuridico.editorajuspodivm.com.br\/2022\/09\/22\/resumo-informativo-1-067-do-stf-de-20-de-setembro-de-2022\/#breadcrumb\"},\"inLanguage\":\"pt-BR\",\"potentialAction\":[{\"@type\":\"ReadAction\",\"target\":[\"https:\/\/meusitejuridico.editorajuspodivm.com.br\/2022\/09\/22\/resumo-informativo-1-067-do-stf-de-20-de-setembro-de-2022\/\"]}]},{\"@type\":\"ImageObject\",\"inLanguage\":\"pt-BR\",\"@id\":\"https:\/\/meusitejuridico.editorajuspodivm.com.br\/2022\/09\/22\/resumo-informativo-1-067-do-stf-de-20-de-setembro-de-2022\/#primaryimage\",\"url\":\"https:\/\/webmail.meusitejuridico.com.br\/s.meusitejuridico\/2020\/04\/58319af2-shutterstock-376319674.jpg\",\"contentUrl\":\"https:\/\/webmail.meusitejuridico.com.br\/s.meusitejuridico\/2020\/04\/58319af2-shutterstock-376319674.jpg\",\"width\":1000,\"height\":667},{\"@type\":\"BreadcrumbList\",\"@id\":\"https:\/\/meusitejuridico.editorajuspodivm.com.br\/2022\/09\/22\/resumo-informativo-1-067-do-stf-de-20-de-setembro-de-2022\/#breadcrumb\",\"itemListElement\":[{\"@type\":\"ListItem\",\"position\":1,\"name\":\"In\u00edcio\",\"item\":\"https:\/\/meusitejuridico.editorajuspodivm.com.br\/\"},{\"@type\":\"ListItem\",\"position\":2,\"name\":\"Resumo &#8211; Informativo 1.067 do STF, de 20 de setembro de 2022\"}]},{\"@type\":\"WebSite\",\"@id\":\"https:\/\/meusitejuridico.editorajuspodivm.com.br\/#website\",\"url\":\"https:\/\/meusitejuridico.editorajuspodivm.com.br\/\",\"name\":\"Meu site jur\u00eddico\",\"description\":\"Meu site jur\u00eddico\",\"publisher\":{\"@id\":\"https:\/\/meusitejuridico.editorajuspodivm.com.br\/#organization\"},\"potentialAction\":[{\"@type\":\"SearchAction\",\"target\":{\"@type\":\"EntryPoint\",\"urlTemplate\":\"https:\/\/meusitejuridico.editorajuspodivm.com.br\/?s={search_term_string}\"},\"query-input\":{\"@type\":\"PropertyValueSpecification\",\"valueRequired\":true,\"valueName\":\"search_term_string\"}}],\"inLanguage\":\"pt-BR\"},{\"@type\":\"Organization\",\"@id\":\"https:\/\/meusitejuridico.editorajuspodivm.com.br\/#organization\",\"name\":\"Meu site jur\u00eddico\",\"url\":\"https:\/\/meusitejuridico.editorajuspodivm.com.br\/\",\"logo\":{\"@type\":\"ImageObject\",\"inLanguage\":\"pt-BR\",\"@id\":\"https:\/\/meusitejuridico.editorajuspodivm.com.br\/#\/schema\/logo\/image\/\",\"url\":\"https:\/\/webmail.meusitejuridico.com.br\/s.meusitejuridico\/2022\/03\/cropped-baeec2a3-msj-02-01-01.png\",\"contentUrl\":\"https:\/\/webmail.meusitejuridico.com.br\/s.meusitejuridico\/2022\/03\/cropped-baeec2a3-msj-02-01-01.png\",\"width\":349,\"height\":243,\"caption\":\"Meu site jur\u00eddico\"},\"image\":{\"@id\":\"https:\/\/meusitejuridico.editorajuspodivm.com.br\/#\/schema\/logo\/image\/\"}},{\"@type\":\"Person\",\"@id\":\"https:\/\/meusitejuridico.editorajuspodivm.com.br\/#\/schema\/person\/ae56313f17950dccef13d0989efd6d50\",\"name\":\"Rodrigo Leite\",\"image\":{\"@type\":\"ImageObject\",\"inLanguage\":\"pt-BR\",\"@id\":\"https:\/\/meusitejuridico.editorajuspodivm.com.br\/#\/schema\/person\/image\/\",\"url\":\"https:\/\/webmail.meusitejuridico.com.br\/s.meusitejuridico\/2021\/05\/8455192b-foto-site-rodrigo-leite-150x150.jpeg\",\"contentUrl\":\"https:\/\/webmail.meusitejuridico.com.br\/s.meusitejuridico\/2021\/05\/8455192b-foto-site-rodrigo-leite-150x150.jpeg\",\"caption\":\"Rodrigo Leite\"},\"description\":\"Coautor do livro \u201cAn\u00e1lise das Diverg\u00eancias Jurisprudenciais no STF e STJ\u201d, Editora Juspodivm. Autor do livro \u201cTombamento \u2013 Vol. 36 \u2013 Cole\u00e7\u00e3o Leis Especiais para Concursos\u201d, Editora Juspodivm. Autor do livro \u201cDesapropria\u00e7\u00e3o \u2013 Vol. 39 \u2013 Cole\u00e7\u00e3o Especiais para Concursos\u201d, Editora Juspodivm. Coautor do livro \u201cSaberes Jurisprudenciais\u201d, Editora Saraiva. Coorganizador do livro \u201cCPC na Jurisprud\u00eancia\\\", Editora Foco. Especialista em Direito P\u00fablico e Direito Processual Civil. Mestre em Direito Constitucional. Professor da P\u00f3s-gradua\u00e7\u00e3o em Direito Civil da Rede Anhaguera-Kroton. M\u00e1ster Universit\u00e1rio em Direito Constitucional pela Universidad Del Pa\u00eds Vasco, San Sebasti\u00e1n, Espanha. Advogado licenciado. Analista Judici\u00e1rio do TJRN. Assessor de Desembargador do TJRN.\",\"sameAs\":[\"https:\/\/www.editorajuspodivm.com.br\/autores\/detalhe\/85\",\"https:\/\/www.instagram.com\/rodrigocrleite\/\",\"https:\/\/x.com\/rodrigocrleite\"],\"url\":\"https:\/\/webmail.meusitejuridico.com.br\/author\/rodrigoleiterodrigoleite\/\"}]}<\/script>\n<!-- \/ Yoast SEO plugin. -->","yoast_head_json":{"title":"Resumo - Informativo 1.067 do STF, de 20 de setembro de 2022 - Meu site jur\u00eddico","robots":{"index":"index","follow":"follow","max-snippet":"max-snippet:-1","max-image-preview":"max-image-preview:large","max-video-preview":"max-video-preview:-1"},"canonical":"https:\/\/meusitejuridico.editorajuspodivm.com.br\/2022\/09\/22\/resumo-informativo-1-067-do-stf-de-20-de-setembro-de-2022\/","og_locale":"pt_BR","og_type":"article","og_title":"Resumo - Informativo 1.067 do STF, de 20 de setembro de 2022 - Meu site jur\u00eddico","og_description":"PLEN\u00c1RIO &#8211; \u00c9 inconstitucional ato normativo que, ao disciplinar a licen\u00e7a maternidade no \u00e2mbito das For\u00e7as Armadas, estabelece prazos distintos de afastamento com fundamento na diferencia\u00e7\u00e3o entre a maternidade biol\u00f3gica e a adotiva, bem como em fun\u00e7\u00e3o da idade da crian\u00e7a adotada \u2013 ADI 6603\/DF, julgamento virtual finalizado em 13\/09\/2022. &#8211; \u00c9 constitucional lei complementar [&hellip;]","og_url":"https:\/\/meusitejuridico.editorajuspodivm.com.br\/2022\/09\/22\/resumo-informativo-1-067-do-stf-de-20-de-setembro-de-2022\/","og_site_name":"Meu site jur\u00eddico","article_published_time":"2022-09-22T14:03:27+00:00","article_modified_time":"2022-09-22T14:06:38+00:00","og_image":[{"width":1000,"height":667,"url":"https:\/\/meusitejuridico.editorajuspodivm.com.br\/s.meusitejuridico\/2020\/04\/58319af2-shutterstock-376319674.jpg","type":"image\/jpeg"}],"author":"Rodrigo Leite","twitter_card":"summary_large_image","twitter_creator":"@rodrigocrleite","twitter_misc":{"Escrito por":"Rodrigo Leite","Est. tempo de leitura":"2 minutos"},"schema":{"@context":"https:\/\/schema.org","@graph":[{"@type":"Article","@id":"https:\/\/meusitejuridico.editorajuspodivm.com.br\/2022\/09\/22\/resumo-informativo-1-067-do-stf-de-20-de-setembro-de-2022\/#article","isPartOf":{"@id":"https:\/\/meusitejuridico.editorajuspodivm.com.br\/2022\/09\/22\/resumo-informativo-1-067-do-stf-de-20-de-setembro-de-2022\/"},"author":{"name":"Rodrigo Leite","@id":"https:\/\/meusitejuridico.editorajuspodivm.com.br\/#\/schema\/person\/ae56313f17950dccef13d0989efd6d50"},"headline":"Resumo &#8211; Informativo 1.067 do STF, de 20 de setembro de 2022","datePublished":"2022-09-22T14:03:27+00:00","dateModified":"2022-09-22T14:06:38+00:00","mainEntityOfPage":{"@id":"https:\/\/meusitejuridico.editorajuspodivm.com.br\/2022\/09\/22\/resumo-informativo-1-067-do-stf-de-20-de-setembro-de-2022\/"},"wordCount":337,"commentCount":0,"publisher":{"@id":"https:\/\/meusitejuridico.editorajuspodivm.com.br\/#organization"},"image":{"@id":"https:\/\/meusitejuridico.editorajuspodivm.com.br\/2022\/09\/22\/resumo-informativo-1-067-do-stf-de-20-de-setembro-de-2022\/#primaryimage"},"thumbnailUrl":"https:\/\/webmail.meusitejuridico.com.br\/s.meusitejuridico\/2020\/04\/58319af2-shutterstock-376319674.jpg","articleSection":["Informativos"],"inLanguage":"pt-BR","potentialAction":[{"@type":"CommentAction","name":"Comment","target":["https:\/\/meusitejuridico.editorajuspodivm.com.br\/2022\/09\/22\/resumo-informativo-1-067-do-stf-de-20-de-setembro-de-2022\/#respond"]}]},{"@type":"WebPage","@id":"https:\/\/meusitejuridico.editorajuspodivm.com.br\/2022\/09\/22\/resumo-informativo-1-067-do-stf-de-20-de-setembro-de-2022\/","url":"https:\/\/meusitejuridico.editorajuspodivm.com.br\/2022\/09\/22\/resumo-informativo-1-067-do-stf-de-20-de-setembro-de-2022\/","name":"Resumo - Informativo 1.067 do STF, de 20 de setembro de 2022 - Meu site jur\u00eddico","isPartOf":{"@id":"https:\/\/meusitejuridico.editorajuspodivm.com.br\/#website"},"primaryImageOfPage":{"@id":"https:\/\/meusitejuridico.editorajuspodivm.com.br\/2022\/09\/22\/resumo-informativo-1-067-do-stf-de-20-de-setembro-de-2022\/#primaryimage"},"image":{"@id":"https:\/\/meusitejuridico.editorajuspodivm.com.br\/2022\/09\/22\/resumo-informativo-1-067-do-stf-de-20-de-setembro-de-2022\/#primaryimage"},"thumbnailUrl":"https:\/\/webmail.meusitejuridico.com.br\/s.meusitejuridico\/2020\/04\/58319af2-shutterstock-376319674.jpg","datePublished":"2022-09-22T14:03:27+00:00","dateModified":"2022-09-22T14:06:38+00:00","breadcrumb":{"@id":"https:\/\/meusitejuridico.editorajuspodivm.com.br\/2022\/09\/22\/resumo-informativo-1-067-do-stf-de-20-de-setembro-de-2022\/#breadcrumb"},"inLanguage":"pt-BR","potentialAction":[{"@type":"ReadAction","target":["https:\/\/meusitejuridico.editorajuspodivm.com.br\/2022\/09\/22\/resumo-informativo-1-067-do-stf-de-20-de-setembro-de-2022\/"]}]},{"@type":"ImageObject","inLanguage":"pt-BR","@id":"https:\/\/meusitejuridico.editorajuspodivm.com.br\/2022\/09\/22\/resumo-informativo-1-067-do-stf-de-20-de-setembro-de-2022\/#primaryimage","url":"https:\/\/webmail.meusitejuridico.com.br\/s.meusitejuridico\/2020\/04\/58319af2-shutterstock-376319674.jpg","contentUrl":"https:\/\/webmail.meusitejuridico.com.br\/s.meusitejuridico\/2020\/04\/58319af2-shutterstock-376319674.jpg","width":1000,"height":667},{"@type":"BreadcrumbList","@id":"https:\/\/meusitejuridico.editorajuspodivm.com.br\/2022\/09\/22\/resumo-informativo-1-067-do-stf-de-20-de-setembro-de-2022\/#breadcrumb","itemListElement":[{"@type":"ListItem","position":1,"name":"In\u00edcio","item":"https:\/\/meusitejuridico.editorajuspodivm.com.br\/"},{"@type":"ListItem","position":2,"name":"Resumo &#8211; Informativo 1.067 do STF, de 20 de setembro de 2022"}]},{"@type":"WebSite","@id":"https:\/\/meusitejuridico.editorajuspodivm.com.br\/#website","url":"https:\/\/meusitejuridico.editorajuspodivm.com.br\/","name":"Meu site jur\u00eddico","description":"Meu site jur\u00eddico","publisher":{"@id":"https:\/\/meusitejuridico.editorajuspodivm.com.br\/#organization"},"potentialAction":[{"@type":"SearchAction","target":{"@type":"EntryPoint","urlTemplate":"https:\/\/meusitejuridico.editorajuspodivm.com.br\/?s={search_term_string}"},"query-input":{"@type":"PropertyValueSpecification","valueRequired":true,"valueName":"search_term_string"}}],"inLanguage":"pt-BR"},{"@type":"Organization","@id":"https:\/\/meusitejuridico.editorajuspodivm.com.br\/#organization","name":"Meu site jur\u00eddico","url":"https:\/\/meusitejuridico.editorajuspodivm.com.br\/","logo":{"@type":"ImageObject","inLanguage":"pt-BR","@id":"https:\/\/meusitejuridico.editorajuspodivm.com.br\/#\/schema\/logo\/image\/","url":"https:\/\/webmail.meusitejuridico.com.br\/s.meusitejuridico\/2022\/03\/cropped-baeec2a3-msj-02-01-01.png","contentUrl":"https:\/\/webmail.meusitejuridico.com.br\/s.meusitejuridico\/2022\/03\/cropped-baeec2a3-msj-02-01-01.png","width":349,"height":243,"caption":"Meu site jur\u00eddico"},"image":{"@id":"https:\/\/meusitejuridico.editorajuspodivm.com.br\/#\/schema\/logo\/image\/"}},{"@type":"Person","@id":"https:\/\/meusitejuridico.editorajuspodivm.com.br\/#\/schema\/person\/ae56313f17950dccef13d0989efd6d50","name":"Rodrigo Leite","image":{"@type":"ImageObject","inLanguage":"pt-BR","@id":"https:\/\/meusitejuridico.editorajuspodivm.com.br\/#\/schema\/person\/image\/","url":"https:\/\/webmail.meusitejuridico.com.br\/s.meusitejuridico\/2021\/05\/8455192b-foto-site-rodrigo-leite-150x150.jpeg","contentUrl":"https:\/\/webmail.meusitejuridico.com.br\/s.meusitejuridico\/2021\/05\/8455192b-foto-site-rodrigo-leite-150x150.jpeg","caption":"Rodrigo Leite"},"description":"Coautor do livro \u201cAn\u00e1lise das Diverg\u00eancias Jurisprudenciais no STF e STJ\u201d, Editora Juspodivm. Autor do livro \u201cTombamento \u2013 Vol. 36 \u2013 Cole\u00e7\u00e3o Leis Especiais para Concursos\u201d, Editora Juspodivm. Autor do livro \u201cDesapropria\u00e7\u00e3o \u2013 Vol. 39 \u2013 Cole\u00e7\u00e3o Especiais para Concursos\u201d, Editora Juspodivm. Coautor do livro \u201cSaberes Jurisprudenciais\u201d, Editora Saraiva. Coorganizador do livro \u201cCPC na Jurisprud\u00eancia\", Editora Foco. Especialista em Direito P\u00fablico e Direito Processual Civil. Mestre em Direito Constitucional. Professor da P\u00f3s-gradua\u00e7\u00e3o em Direito Civil da Rede Anhaguera-Kroton. M\u00e1ster Universit\u00e1rio em Direito Constitucional pela Universidad Del Pa\u00eds Vasco, San Sebasti\u00e1n, Espanha. Advogado licenciado. Analista Judici\u00e1rio do TJRN. Assessor de Desembargador do TJRN.","sameAs":["https:\/\/www.editorajuspodivm.com.br\/autores\/detalhe\/85","https:\/\/www.instagram.com\/rodrigocrleite\/","https:\/\/x.com\/rodrigocrleite"],"url":"https:\/\/webmail.meusitejuridico.com.br\/author\/rodrigoleiterodrigoleite\/"}]}},"_links":{"self":[{"href":"https:\/\/webmail.meusitejuridico.com.br\/api\/wp\/v2\/posts\/16997","targetHints":{"allow":["GET"]}}],"collection":[{"href":"https:\/\/webmail.meusitejuridico.com.br\/api\/wp\/v2\/posts"}],"about":[{"href":"https:\/\/webmail.meusitejuridico.com.br\/api\/wp\/v2\/types\/post"}],"author":[{"embeddable":true,"href":"https:\/\/webmail.meusitejuridico.com.br\/api\/wp\/v2\/users\/131"}],"replies":[{"embeddable":true,"href":"https:\/\/webmail.meusitejuridico.com.br\/api\/wp\/v2\/comments?post=16997"}],"version-history":[{"count":1,"href":"https:\/\/webmail.meusitejuridico.com.br\/api\/wp\/v2\/posts\/16997\/revisions"}],"predecessor-version":[{"id":16998,"href":"https:\/\/webmail.meusitejuridico.com.br\/api\/wp\/v2\/posts\/16997\/revisions\/16998"}],"wp:featuredmedia":[{"embeddable":true,"href":"https:\/\/webmail.meusitejuridico.com.br\/api\/wp\/v2\/media\/10800"}],"wp:attachment":[{"href":"https:\/\/webmail.meusitejuridico.com.br\/api\/wp\/v2\/media?parent=16997"}],"wp:term":[{"taxonomy":"category","embeddable":true,"href":"https:\/\/webmail.meusitejuridico.com.br\/api\/wp\/v2\/categories?post=16997"},{"taxonomy":"post_tag","embeddable":true,"href":"https:\/\/webmail.meusitejuridico.com.br\/api\/wp\/v2\/tags?post=16997"}],"curies":[{"name":"wp","href":"https:\/\/api.w.org\/{rel}","templated":true}]}}