{"id":16975,"date":"2022-09-16T08:04:17","date_gmt":"2022-09-16T11:04:17","guid":{"rendered":"https:\/\/meusitejuridico.editorajuspodivm.com.br\/?p=16975"},"modified":"2022-09-16T08:04:18","modified_gmt":"2022-09-16T11:04:18","slug":"resumo-informativo-748-do-stj-de-12-de-setembro-de-2022","status":"publish","type":"post","link":"https:\/\/webmail.meusitejuridico.com.br\/2022\/09\/16\/resumo-informativo-748-do-stj-de-12-de-setembro-de-2022\/","title":{"rendered":"Resumo &#8211; Informativo 748 do STJ, de 12 de setembro de 2022"},"content":{"rendered":"\n<p><strong>CORTE ESPECIAL<\/strong><strong><\/strong><\/p>\n\n\n\n<p>&#8211; A queda de arrecada\u00e7\u00e3o fiscal de munic\u00edpio contratante advinda da redu\u00e7\u00e3o do pre\u00e7o do barril de petr\u00f3leo no mercado internacional n\u00e3o constitui motivo suficiente \u00e0 redu\u00e7\u00e3o da contrapresta\u00e7\u00e3o devida \u00e0 concession\u00e1ria de servi\u00e7os p\u00fablicos se essa contrapresta\u00e7\u00e3o n\u00e3o estiver vinculada contratualmente \u00e0 varia\u00e7\u00e3o do pre\u00e7o do petr\u00f3leo \u2013 <strong>AgInt na SLS 2.779-RJ, julgado em 01\/06\/022.<\/strong><\/p>\n\n\n\n<p><strong>PRIMEIRA SE\u00c7\u00c3O<\/strong><strong><\/strong><\/p>\n\n\n\n<p>&#8211; A demora da Administra\u00e7\u00e3o para apreciar o pedido de autoriza\u00e7\u00e3o para funcionamento de r\u00e1dio comunit\u00e1ria n\u00e3o legitima o Poder Judici\u00e1rio a conceder, ainda que em car\u00e1ter prec\u00e1rio, o direito de continuidade das atividades \u2013 <strong>EDv nos EREsp 1.797.663-CE<\/strong>, julgado em 10\/08\/2022.<\/p>\n\n\n\n<p><strong>PRIMEIRA TURMA<\/strong><strong><\/strong><\/p>\n\n\n\n<p>&#8211; A Uni\u00e3o \u00e9 parte leg\u00edtima para figurar no polo passivo de a\u00e7\u00e3o em que se discute o indeferimento de bolsa do PROUNI \u2013 <strong>AgInt no REsp 1.873.134-MG<\/strong>, julgado em 15\/08\/2022.<\/p>\n\n\n\n<p><strong>SEGUNDA TURMA<\/strong><\/p>\n\n\n\n<p>&#8211; A Defensoria P\u00fablica possui legitimidade ativa para propor a\u00e7\u00e3o civil p\u00fablica com vista a impor ao Estado o cumprimento de obriga\u00e7\u00f5es legais na tutela de pequenos agricultores familiares, sendo prescind\u00edvel a comprova\u00e7\u00e3o pr\u00e9via e concreta da car\u00eancia dos assistidos \u2013 <strong>REsp 1.847.991-RS<\/strong>, julgado em 16\/08\/2022.<\/p>\n\n\n\n<p>&#8211; A exig\u00eancia dos requisitos previstos em edital para nomea\u00e7\u00e3o em cargo p\u00fablico n\u00e3o pode ser afastada por legisla\u00e7\u00e3o posterior mais ben\u00e9fica ao candidato \u2013 <strong>AgInt no RMS 61.658-RS<\/strong>, julgado em 10\/05\/2022.<\/p>\n\n\n\n<p>&#8211; O direito \u00e0 revis\u00e3o de benef\u00edcio previdenci\u00e1rio, com fundamento no art. 144 da a Lei n. 8.213\/1991, submete-se ao prazo decadencial de dez anos, adotando-se como termo inicial a data da vig\u00eancia da Medida Provis\u00f3ria 1.523-9\/1997, o dia 28\/06\/1997 \u2013 <strong>AgInt no AREsp 2.013.778-RS<\/strong>, julgado em 21\/06\/2022.<\/p>\n\n\n\n<p><strong>TERCEIRA TURMA<\/strong><strong><\/strong><\/p>\n\n\n\n<p>&#8211; A obriga\u00e7\u00e3o do copropriet\u00e1rio de pagar alugueres de im\u00f3vel que este utiliza com exclusividade, como moradia por sua fam\u00edlia, em favor do outro configura-se como <em>propter rem<\/em> afastando, assim, a impenhorabilidade do bem de fam\u00edlia \u2013 <strong>REsp 1.888.863-SP<\/strong>, julgado em 10\/05\/2022.<\/p>\n\n\n\n<p>&#8211; Nas hip\u00f3teses em que encerrada a conviv\u00eancia <em>more uxorio<\/em>, mas ainda n\u00e3o decretado o div\u00f3rcio, o bem gravado com cl\u00e1usula de inalienabilidade tempor\u00e1ria n\u00e3o integra o patrim\u00f4nio partilh\u00e1vel \u2013 <strong>Processo sob segredo de justi\u00e7a<\/strong>, julgado em 24\/05\/2022.<\/p>\n\n\n\n<p>&#8211; A simples pretens\u00e3o de homenagear um ascendente n\u00e3o constitui fundamento bastante para configurar a excepcionalidade que propicia a modifica\u00e7\u00e3o do registro \u2013 <strong>REsp 1.962.674-MG<\/strong>, julgado em 24\/05\/2022.<\/p>\n\n\n\n<p>&#8211; A exist\u00eancia de um hom\u00f4nimo que responde a processo criminal, ainda que em outro estado da federa\u00e7\u00e3o, pode ensejar um constrangimento capaz de configurar o justo motivo para fundamentar a inclus\u00e3o de patron\u00edmico \u2013 <strong>REsp 1.962.674-MG<\/strong>, julgado em 24\/05\/2022.<\/p>\n\n\n\n<p><strong>QUARTA TURMA<\/strong><strong><\/strong><\/p>\n\n\n\n<p>&#8211; Em contrato garantido por hipoteca, a efetiva\u00e7\u00e3o de penhora sobre o bem dado em garantia, por si s\u00f3, n\u00e3o impede que o credor requeira a fal\u00eancia do devedor com fundamento no art. 94, II, da Lei n. 11.101\/2005 \u2013 <strong>REsp 1.698.997-SP<\/strong>, julgado em 16\/08\/2022.<\/p>\n\n\n\n<p>&#8211; A utiliza\u00e7\u00e3o de fotografias que servir t\u00e3o somente para ilustrar mat\u00e9ria jornal\u00edstica sobre fato ocorrido e narrado pelo ponto de vista do rep\u00f3rter n\u00e3o constitui, <em>per se,<\/em> viola\u00e7\u00e3o ao direito de preserva\u00e7\u00e3o de imagem ou de vida \u00edntima e privada de outrem, n\u00e3o havendo que se falar em causa para indeniza\u00e7\u00e3o por danos morais \u2013 <strong>Processo sob segredo de justi\u00e7a<\/strong>, julgado em 23\/08\/2022.<\/p>\n\n\n\n<p>&#8211; \u00c9 invi\u00e1vel o ajuizamento de a\u00e7\u00e3o coletiva, que tenha como causa de pedir abusividade contratual, sem que seja colacionado aos autos uma \u00fanica prova documental \u2013 <strong>REsp 1.583.430-RS<\/strong>, julgado em 23\/08\/2022.<\/p>\n\n\n\n<p><strong>QUINTA TURMA<\/strong><\/p>\n\n\n\n<p>&#8211; A qualificadora da paga (art. 121, 2\u00ba, I, do CP) n\u00e3o \u00e9 aplic\u00e1vel aos mandantes do homic\u00eddio, porque o pagamento \u00e9, para eles, a conduta que os integra no concurso de pessoas, mas n\u00e3o o motivo do crime \u2013 <strong>REsp 1.973.397-MG<\/strong>, julgado em 06\/09\/2022.<\/p>\n\n\n\n<p>&#8211; Diversamente do que ocorre na hip\u00f3tese de contrariedade entre o veredito e as provas dos autos (art. 593, \u00a7 3\u00ba, do CPP), o afastamento de qualificadora por v\u00edcio de quesita\u00e7\u00e3o n\u00e3o exige a submiss\u00e3o dos r\u00e9us a novo j\u00fari \u2013 <strong>REsp 1.973.397-MG<\/strong>, julgado em 06\/09\/2022.<\/p>\n\n\n\n<p>&#8211; Embora seja necess\u00e1ria a quesita\u00e7\u00e3o aos jurados sobre a incid\u00eancia de minorantes, a escolha do quantum de diminui\u00e7\u00e3o da pena cabe ao juiz sentenciante, e n\u00e3o ao j\u00fari \u2013 <strong>REsp 1.973.397-MG<\/strong>, julgado em 06\/09\/2022.<\/p>\n\n\n\n<p>&#8211; \u00c9 justificada a redu\u00e7\u00e3o da pena do r\u00e9u colaborador em patamar um pouco inferior ao que havia sido ajustado com o Minist\u00e9rio P\u00fablico, tendo em vista que o acusado prestou declara\u00e7\u00f5es falsas perante o plen\u00e1rio do j\u00fari \u2013 <strong>REsp 1.973.397-MG<\/strong>, julgado em 06\/09\/2022.<\/p>\n\n\n\n<p>&#8211; H\u00e1 nulidade no quesito que n\u00e3o questiona os jurados sobre a ci\u00eancia dos mandantes do crime em rela\u00e7\u00e3o ao <em>modus operandi<\/em> pelos executores diretos &#8211; emboscada -, j\u00e1 que as qualificadoras objetivas do homic\u00eddio s\u00f3 se comunicam entre os coautores desde que tenham ci\u00eancia do fato que qualifica o crime \u2013 <strong>REsp 1.973.397-MG<\/strong>, julgado em 06\/09\/2022.<\/p>\n\n\n\n<p><strong>SEXTA TURMA<\/strong><\/p>\n\n\n\n<p>&#8211; Para a caracteriza\u00e7\u00e3o do delito de associa\u00e7\u00e3o criminosa inserido em contexto societ\u00e1rio, \u00e9 imprescind\u00edvel que a den\u00fancia contenha a descri\u00e7\u00e3o da predisposi\u00e7\u00e3o comum de meios para a pr\u00e1tica de uma s\u00e9rie indeterminada de delitos e uma cont\u00ednua vincula\u00e7\u00e3o entre os associados com essa finalidade, n\u00e3o bastando a men\u00e7\u00e3o da posi\u00e7\u00e3o\/cargo ocupado pela pessoa f\u00edsica na empresa \u2013 <strong>RHC 139.465-PA<\/strong>, julgado em 23\/08\/2022.<\/p>\n\n\n\n<p>&#8211; A remi\u00e7\u00e3o de pena em virtude de curso profissionalizante, realizado pelo apenado na modalidade \u00e0 dist\u00e2ncia (EaD), exige a apresenta\u00e7\u00e3o de certificado emitido por entidade educacional devidamente credenciada perante o Minist\u00e9rio da Educa\u00e7\u00e3o (MEC) \u2013 <strong>AgRg no HC 722.388-SP<\/strong>, julgado em 09\/08\/2022.<\/p>\n\n\n\n<p>***<\/p>\n\n\n\n<p><strong>Telegram<\/strong>:<strong>&nbsp;<\/strong><a href=\"https:\/\/t.me\/pilulasjuridicasSTFSTJ\" target=\"_blank\" rel=\"noreferrer noopener\"><strong>https:\/\/t.me\/pilulasjuridicasSTFSTJ<\/strong><\/a><strong>&nbsp;| Instagram: @rodrigocrleite<\/strong><\/p>\n","protected":false},"excerpt":{"rendered":"<p>CORTE ESPECIAL &#8211; A queda de arrecada\u00e7\u00e3o fiscal de munic\u00edpio contratante advinda da redu\u00e7\u00e3o do pre\u00e7o do barril de petr\u00f3leo no mercado internacional n\u00e3o constitui motivo suficiente \u00e0 redu\u00e7\u00e3o da contrapresta\u00e7\u00e3o devida \u00e0 concession\u00e1ria de servi\u00e7os p\u00fablicos se essa contrapresta\u00e7\u00e3o n\u00e3o estiver vinculada contratualmente \u00e0 varia\u00e7\u00e3o do pre\u00e7o do petr\u00f3leo \u2013 AgInt na SLS 2.779-RJ, [&hellip;]<\/p>\n","protected":false},"author":131,"featured_media":2778,"comment_status":"open","ping_status":"open","sticky":false,"template":"","format":"standard","meta":{"_acf_changed":false,"footnotes":""},"categories":[70],"tags":[],"class_list":["post-16975","post","type-post","status-publish","format-standard","has-post-thumbnail","hentry","category-informativos-comentados"],"acf":[],"yoast_head":"<!-- This site is optimized with the Yoast SEO plugin v24.8.1 - https:\/\/yoast.com\/wordpress\/plugins\/seo\/ -->\n<title>Resumo - Informativo 748 do STJ, de 12 de setembro de 2022 - Meu site jur\u00eddico<\/title>\n<meta name=\"robots\" content=\"index, follow, max-snippet:-1, max-image-preview:large, max-video-preview:-1\" \/>\n<link rel=\"canonical\" href=\"https:\/\/cdn.meusitejuridico.com.br\/2022\/09\/16\/resumo-informativo-748-do-stj-de-12-de-setembro-de-2022\/\" \/>\n<meta property=\"og:locale\" content=\"pt_BR\" \/>\n<meta property=\"og:type\" content=\"article\" \/>\n<meta property=\"og:title\" content=\"Resumo - Informativo 748 do STJ, de 12 de setembro de 2022 - Meu site jur\u00eddico\" \/>\n<meta property=\"og:description\" content=\"CORTE ESPECIAL &#8211; A queda de arrecada\u00e7\u00e3o fiscal de munic\u00edpio contratante advinda da redu\u00e7\u00e3o do pre\u00e7o do barril de petr\u00f3leo no mercado internacional n\u00e3o constitui motivo suficiente \u00e0 redu\u00e7\u00e3o da contrapresta\u00e7\u00e3o devida \u00e0 concession\u00e1ria de servi\u00e7os p\u00fablicos se essa contrapresta\u00e7\u00e3o n\u00e3o estiver vinculada contratualmente \u00e0 varia\u00e7\u00e3o do pre\u00e7o do petr\u00f3leo \u2013 AgInt na SLS 2.779-RJ, [&hellip;]\" \/>\n<meta property=\"og:url\" content=\"https:\/\/cdn.meusitejuridico.com.br\/2022\/09\/16\/resumo-informativo-748-do-stj-de-12-de-setembro-de-2022\/\" \/>\n<meta property=\"og:site_name\" content=\"Meu site jur\u00eddico\" \/>\n<meta property=\"article:published_time\" content=\"2022-09-16T11:04:17+00:00\" \/>\n<meta property=\"article:modified_time\" content=\"2022-09-16T11:04:18+00:00\" \/>\n<meta property=\"og:image\" content=\"https:\/\/cdn.meusitejuridico.com.br\/s.meusitejuridico\/2017\/06\/d609da5e-shutterstock-84405670.jpg\" \/>\n\t<meta property=\"og:image:width\" content=\"3008\" \/>\n\t<meta property=\"og:image:height\" content=\"2000\" \/>\n\t<meta property=\"og:image:type\" content=\"image\/jpeg\" \/>\n<meta name=\"author\" content=\"Rodrigo Leite\" \/>\n<meta name=\"twitter:card\" content=\"summary_large_image\" \/>\n<meta name=\"twitter:creator\" content=\"@rodrigocrleite\" \/>\n<meta name=\"twitter:label1\" content=\"Escrito por\" \/>\n\t<meta name=\"twitter:data1\" content=\"Rodrigo Leite\" \/>\n\t<meta name=\"twitter:label2\" content=\"Est. tempo de leitura\" \/>\n\t<meta name=\"twitter:data2\" content=\"4 minutos\" \/>\n<script type=\"application\/ld+json\" class=\"yoast-schema-graph\">{\"@context\":\"https:\/\/schema.org\",\"@graph\":[{\"@type\":\"Article\",\"@id\":\"https:\/\/cdn.meusitejuridico.com.br\/2022\/09\/16\/resumo-informativo-748-do-stj-de-12-de-setembro-de-2022\/#article\",\"isPartOf\":{\"@id\":\"https:\/\/cdn.meusitejuridico.com.br\/2022\/09\/16\/resumo-informativo-748-do-stj-de-12-de-setembro-de-2022\/\"},\"author\":{\"name\":\"Rodrigo Leite\",\"@id\":\"https:\/\/meusitejuridico.editorajuspodivm.com.br\/#\/schema\/person\/ae56313f17950dccef13d0989efd6d50\"},\"headline\":\"Resumo &#8211; Informativo 748 do STJ, de 12 de setembro de 2022\",\"datePublished\":\"2022-09-16T11:04:17+00:00\",\"dateModified\":\"2022-09-16T11:04:18+00:00\",\"mainEntityOfPage\":{\"@id\":\"https:\/\/cdn.meusitejuridico.com.br\/2022\/09\/16\/resumo-informativo-748-do-stj-de-12-de-setembro-de-2022\/\"},\"wordCount\":986,\"commentCount\":0,\"publisher\":{\"@id\":\"https:\/\/meusitejuridico.editorajuspodivm.com.br\/#organization\"},\"image\":{\"@id\":\"https:\/\/cdn.meusitejuridico.com.br\/2022\/09\/16\/resumo-informativo-748-do-stj-de-12-de-setembro-de-2022\/#primaryimage\"},\"thumbnailUrl\":\"https:\/\/webmail.meusitejuridico.com.br\/s.meusitejuridico\/2017\/06\/d609da5e-shutterstock-84405670.jpg\",\"articleSection\":[\"Informativos\"],\"inLanguage\":\"pt-BR\",\"potentialAction\":[{\"@type\":\"CommentAction\",\"name\":\"Comment\",\"target\":[\"https:\/\/cdn.meusitejuridico.com.br\/2022\/09\/16\/resumo-informativo-748-do-stj-de-12-de-setembro-de-2022\/#respond\"]}]},{\"@type\":\"WebPage\",\"@id\":\"https:\/\/cdn.meusitejuridico.com.br\/2022\/09\/16\/resumo-informativo-748-do-stj-de-12-de-setembro-de-2022\/\",\"url\":\"https:\/\/cdn.meusitejuridico.com.br\/2022\/09\/16\/resumo-informativo-748-do-stj-de-12-de-setembro-de-2022\/\",\"name\":\"Resumo - Informativo 748 do STJ, de 12 de setembro de 2022 - Meu site jur\u00eddico\",\"isPartOf\":{\"@id\":\"https:\/\/meusitejuridico.editorajuspodivm.com.br\/#website\"},\"primaryImageOfPage\":{\"@id\":\"https:\/\/cdn.meusitejuridico.com.br\/2022\/09\/16\/resumo-informativo-748-do-stj-de-12-de-setembro-de-2022\/#primaryimage\"},\"image\":{\"@id\":\"https:\/\/cdn.meusitejuridico.com.br\/2022\/09\/16\/resumo-informativo-748-do-stj-de-12-de-setembro-de-2022\/#primaryimage\"},\"thumbnailUrl\":\"https:\/\/webmail.meusitejuridico.com.br\/s.meusitejuridico\/2017\/06\/d609da5e-shutterstock-84405670.jpg\",\"datePublished\":\"2022-09-16T11:04:17+00:00\",\"dateModified\":\"2022-09-16T11:04:18+00:00\",\"breadcrumb\":{\"@id\":\"https:\/\/cdn.meusitejuridico.com.br\/2022\/09\/16\/resumo-informativo-748-do-stj-de-12-de-setembro-de-2022\/#breadcrumb\"},\"inLanguage\":\"pt-BR\",\"potentialAction\":[{\"@type\":\"ReadAction\",\"target\":[\"https:\/\/cdn.meusitejuridico.com.br\/2022\/09\/16\/resumo-informativo-748-do-stj-de-12-de-setembro-de-2022\/\"]}]},{\"@type\":\"ImageObject\",\"inLanguage\":\"pt-BR\",\"@id\":\"https:\/\/cdn.meusitejuridico.com.br\/2022\/09\/16\/resumo-informativo-748-do-stj-de-12-de-setembro-de-2022\/#primaryimage\",\"url\":\"https:\/\/webmail.meusitejuridico.com.br\/s.meusitejuridico\/2017\/06\/d609da5e-shutterstock-84405670.jpg\",\"contentUrl\":\"https:\/\/webmail.meusitejuridico.com.br\/s.meusitejuridico\/2017\/06\/d609da5e-shutterstock-84405670.jpg\",\"width\":3008,\"height\":2000},{\"@type\":\"BreadcrumbList\",\"@id\":\"https:\/\/cdn.meusitejuridico.com.br\/2022\/09\/16\/resumo-informativo-748-do-stj-de-12-de-setembro-de-2022\/#breadcrumb\",\"itemListElement\":[{\"@type\":\"ListItem\",\"position\":1,\"name\":\"In\u00edcio\",\"item\":\"https:\/\/meusitejuridico.editorajuspodivm.com.br\/\"},{\"@type\":\"ListItem\",\"position\":2,\"name\":\"Resumo &#8211; Informativo 748 do STJ, de 12 de setembro de 2022\"}]},{\"@type\":\"WebSite\",\"@id\":\"https:\/\/meusitejuridico.editorajuspodivm.com.br\/#website\",\"url\":\"https:\/\/meusitejuridico.editorajuspodivm.com.br\/\",\"name\":\"Meu site jur\u00eddico\",\"description\":\"Meu site jur\u00eddico\",\"publisher\":{\"@id\":\"https:\/\/meusitejuridico.editorajuspodivm.com.br\/#organization\"},\"potentialAction\":[{\"@type\":\"SearchAction\",\"target\":{\"@type\":\"EntryPoint\",\"urlTemplate\":\"https:\/\/meusitejuridico.editorajuspodivm.com.br\/?s={search_term_string}\"},\"query-input\":{\"@type\":\"PropertyValueSpecification\",\"valueRequired\":true,\"valueName\":\"search_term_string\"}}],\"inLanguage\":\"pt-BR\"},{\"@type\":\"Organization\",\"@id\":\"https:\/\/meusitejuridico.editorajuspodivm.com.br\/#organization\",\"name\":\"Meu site jur\u00eddico\",\"url\":\"https:\/\/meusitejuridico.editorajuspodivm.com.br\/\",\"logo\":{\"@type\":\"ImageObject\",\"inLanguage\":\"pt-BR\",\"@id\":\"https:\/\/meusitejuridico.editorajuspodivm.com.br\/#\/schema\/logo\/image\/\",\"url\":\"https:\/\/webmail.meusitejuridico.com.br\/s.meusitejuridico\/2022\/03\/cropped-baeec2a3-msj-02-01-01.png\",\"contentUrl\":\"https:\/\/webmail.meusitejuridico.com.br\/s.meusitejuridico\/2022\/03\/cropped-baeec2a3-msj-02-01-01.png\",\"width\":349,\"height\":243,\"caption\":\"Meu site jur\u00eddico\"},\"image\":{\"@id\":\"https:\/\/meusitejuridico.editorajuspodivm.com.br\/#\/schema\/logo\/image\/\"}},{\"@type\":\"Person\",\"@id\":\"https:\/\/meusitejuridico.editorajuspodivm.com.br\/#\/schema\/person\/ae56313f17950dccef13d0989efd6d50\",\"name\":\"Rodrigo Leite\",\"image\":{\"@type\":\"ImageObject\",\"inLanguage\":\"pt-BR\",\"@id\":\"https:\/\/meusitejuridico.editorajuspodivm.com.br\/#\/schema\/person\/image\/\",\"url\":\"https:\/\/webmail.meusitejuridico.com.br\/s.meusitejuridico\/2021\/05\/8455192b-foto-site-rodrigo-leite-150x150.jpeg\",\"contentUrl\":\"https:\/\/webmail.meusitejuridico.com.br\/s.meusitejuridico\/2021\/05\/8455192b-foto-site-rodrigo-leite-150x150.jpeg\",\"caption\":\"Rodrigo Leite\"},\"description\":\"Coautor do livro \u201cAn\u00e1lise das Diverg\u00eancias Jurisprudenciais no STF e STJ\u201d, Editora Juspodivm. Autor do livro \u201cTombamento \u2013 Vol. 36 \u2013 Cole\u00e7\u00e3o Leis Especiais para Concursos\u201d, Editora Juspodivm. Autor do livro \u201cDesapropria\u00e7\u00e3o \u2013 Vol. 39 \u2013 Cole\u00e7\u00e3o Especiais para Concursos\u201d, Editora Juspodivm. Coautor do livro \u201cSaberes Jurisprudenciais\u201d, Editora Saraiva. Coorganizador do livro \u201cCPC na Jurisprud\u00eancia\\\", Editora Foco. Especialista em Direito P\u00fablico e Direito Processual Civil. Mestre em Direito Constitucional. Professor da P\u00f3s-gradua\u00e7\u00e3o em Direito Civil da Rede Anhaguera-Kroton. M\u00e1ster Universit\u00e1rio em Direito Constitucional pela Universidad Del Pa\u00eds Vasco, San Sebasti\u00e1n, Espanha. Advogado licenciado. Analista Judici\u00e1rio do TJRN. Assessor de Desembargador do TJRN.\",\"sameAs\":[\"https:\/\/www.editorajuspodivm.com.br\/autores\/detalhe\/85\",\"https:\/\/www.instagram.com\/rodrigocrleite\/\",\"https:\/\/x.com\/rodrigocrleite\"],\"url\":\"https:\/\/webmail.meusitejuridico.com.br\/author\/rodrigoleiterodrigoleite\/\"}]}<\/script>\n<!-- \/ Yoast SEO plugin. -->","yoast_head_json":{"title":"Resumo - Informativo 748 do STJ, de 12 de setembro de 2022 - Meu site jur\u00eddico","robots":{"index":"index","follow":"follow","max-snippet":"max-snippet:-1","max-image-preview":"max-image-preview:large","max-video-preview":"max-video-preview:-1"},"canonical":"https:\/\/cdn.meusitejuridico.com.br\/2022\/09\/16\/resumo-informativo-748-do-stj-de-12-de-setembro-de-2022\/","og_locale":"pt_BR","og_type":"article","og_title":"Resumo - Informativo 748 do STJ, de 12 de setembro de 2022 - Meu site jur\u00eddico","og_description":"CORTE ESPECIAL &#8211; A queda de arrecada\u00e7\u00e3o fiscal de munic\u00edpio contratante advinda da redu\u00e7\u00e3o do pre\u00e7o do barril de petr\u00f3leo no mercado internacional n\u00e3o constitui motivo suficiente \u00e0 redu\u00e7\u00e3o da contrapresta\u00e7\u00e3o devida \u00e0 concession\u00e1ria de servi\u00e7os p\u00fablicos se essa contrapresta\u00e7\u00e3o n\u00e3o estiver vinculada contratualmente \u00e0 varia\u00e7\u00e3o do pre\u00e7o do petr\u00f3leo \u2013 AgInt na SLS 2.779-RJ, [&hellip;]","og_url":"https:\/\/cdn.meusitejuridico.com.br\/2022\/09\/16\/resumo-informativo-748-do-stj-de-12-de-setembro-de-2022\/","og_site_name":"Meu site jur\u00eddico","article_published_time":"2022-09-16T11:04:17+00:00","article_modified_time":"2022-09-16T11:04:18+00:00","og_image":[{"width":3008,"height":2000,"url":"https:\/\/cdn.meusitejuridico.com.br\/s.meusitejuridico\/2017\/06\/d609da5e-shutterstock-84405670.jpg","type":"image\/jpeg"}],"author":"Rodrigo Leite","twitter_card":"summary_large_image","twitter_creator":"@rodrigocrleite","twitter_misc":{"Escrito por":"Rodrigo Leite","Est. tempo de leitura":"4 minutos"},"schema":{"@context":"https:\/\/schema.org","@graph":[{"@type":"Article","@id":"https:\/\/cdn.meusitejuridico.com.br\/2022\/09\/16\/resumo-informativo-748-do-stj-de-12-de-setembro-de-2022\/#article","isPartOf":{"@id":"https:\/\/cdn.meusitejuridico.com.br\/2022\/09\/16\/resumo-informativo-748-do-stj-de-12-de-setembro-de-2022\/"},"author":{"name":"Rodrigo Leite","@id":"https:\/\/meusitejuridico.editorajuspodivm.com.br\/#\/schema\/person\/ae56313f17950dccef13d0989efd6d50"},"headline":"Resumo &#8211; Informativo 748 do STJ, de 12 de setembro de 2022","datePublished":"2022-09-16T11:04:17+00:00","dateModified":"2022-09-16T11:04:18+00:00","mainEntityOfPage":{"@id":"https:\/\/cdn.meusitejuridico.com.br\/2022\/09\/16\/resumo-informativo-748-do-stj-de-12-de-setembro-de-2022\/"},"wordCount":986,"commentCount":0,"publisher":{"@id":"https:\/\/meusitejuridico.editorajuspodivm.com.br\/#organization"},"image":{"@id":"https:\/\/cdn.meusitejuridico.com.br\/2022\/09\/16\/resumo-informativo-748-do-stj-de-12-de-setembro-de-2022\/#primaryimage"},"thumbnailUrl":"https:\/\/webmail.meusitejuridico.com.br\/s.meusitejuridico\/2017\/06\/d609da5e-shutterstock-84405670.jpg","articleSection":["Informativos"],"inLanguage":"pt-BR","potentialAction":[{"@type":"CommentAction","name":"Comment","target":["https:\/\/cdn.meusitejuridico.com.br\/2022\/09\/16\/resumo-informativo-748-do-stj-de-12-de-setembro-de-2022\/#respond"]}]},{"@type":"WebPage","@id":"https:\/\/cdn.meusitejuridico.com.br\/2022\/09\/16\/resumo-informativo-748-do-stj-de-12-de-setembro-de-2022\/","url":"https:\/\/cdn.meusitejuridico.com.br\/2022\/09\/16\/resumo-informativo-748-do-stj-de-12-de-setembro-de-2022\/","name":"Resumo - Informativo 748 do STJ, de 12 de setembro de 2022 - Meu site jur\u00eddico","isPartOf":{"@id":"https:\/\/meusitejuridico.editorajuspodivm.com.br\/#website"},"primaryImageOfPage":{"@id":"https:\/\/cdn.meusitejuridico.com.br\/2022\/09\/16\/resumo-informativo-748-do-stj-de-12-de-setembro-de-2022\/#primaryimage"},"image":{"@id":"https:\/\/cdn.meusitejuridico.com.br\/2022\/09\/16\/resumo-informativo-748-do-stj-de-12-de-setembro-de-2022\/#primaryimage"},"thumbnailUrl":"https:\/\/webmail.meusitejuridico.com.br\/s.meusitejuridico\/2017\/06\/d609da5e-shutterstock-84405670.jpg","datePublished":"2022-09-16T11:04:17+00:00","dateModified":"2022-09-16T11:04:18+00:00","breadcrumb":{"@id":"https:\/\/cdn.meusitejuridico.com.br\/2022\/09\/16\/resumo-informativo-748-do-stj-de-12-de-setembro-de-2022\/#breadcrumb"},"inLanguage":"pt-BR","potentialAction":[{"@type":"ReadAction","target":["https:\/\/cdn.meusitejuridico.com.br\/2022\/09\/16\/resumo-informativo-748-do-stj-de-12-de-setembro-de-2022\/"]}]},{"@type":"ImageObject","inLanguage":"pt-BR","@id":"https:\/\/cdn.meusitejuridico.com.br\/2022\/09\/16\/resumo-informativo-748-do-stj-de-12-de-setembro-de-2022\/#primaryimage","url":"https:\/\/webmail.meusitejuridico.com.br\/s.meusitejuridico\/2017\/06\/d609da5e-shutterstock-84405670.jpg","contentUrl":"https:\/\/webmail.meusitejuridico.com.br\/s.meusitejuridico\/2017\/06\/d609da5e-shutterstock-84405670.jpg","width":3008,"height":2000},{"@type":"BreadcrumbList","@id":"https:\/\/cdn.meusitejuridico.com.br\/2022\/09\/16\/resumo-informativo-748-do-stj-de-12-de-setembro-de-2022\/#breadcrumb","itemListElement":[{"@type":"ListItem","position":1,"name":"In\u00edcio","item":"https:\/\/meusitejuridico.editorajuspodivm.com.br\/"},{"@type":"ListItem","position":2,"name":"Resumo &#8211; Informativo 748 do STJ, de 12 de setembro de 2022"}]},{"@type":"WebSite","@id":"https:\/\/meusitejuridico.editorajuspodivm.com.br\/#website","url":"https:\/\/meusitejuridico.editorajuspodivm.com.br\/","name":"Meu site jur\u00eddico","description":"Meu site jur\u00eddico","publisher":{"@id":"https:\/\/meusitejuridico.editorajuspodivm.com.br\/#organization"},"potentialAction":[{"@type":"SearchAction","target":{"@type":"EntryPoint","urlTemplate":"https:\/\/meusitejuridico.editorajuspodivm.com.br\/?s={search_term_string}"},"query-input":{"@type":"PropertyValueSpecification","valueRequired":true,"valueName":"search_term_string"}}],"inLanguage":"pt-BR"},{"@type":"Organization","@id":"https:\/\/meusitejuridico.editorajuspodivm.com.br\/#organization","name":"Meu site jur\u00eddico","url":"https:\/\/meusitejuridico.editorajuspodivm.com.br\/","logo":{"@type":"ImageObject","inLanguage":"pt-BR","@id":"https:\/\/meusitejuridico.editorajuspodivm.com.br\/#\/schema\/logo\/image\/","url":"https:\/\/webmail.meusitejuridico.com.br\/s.meusitejuridico\/2022\/03\/cropped-baeec2a3-msj-02-01-01.png","contentUrl":"https:\/\/webmail.meusitejuridico.com.br\/s.meusitejuridico\/2022\/03\/cropped-baeec2a3-msj-02-01-01.png","width":349,"height":243,"caption":"Meu site jur\u00eddico"},"image":{"@id":"https:\/\/meusitejuridico.editorajuspodivm.com.br\/#\/schema\/logo\/image\/"}},{"@type":"Person","@id":"https:\/\/meusitejuridico.editorajuspodivm.com.br\/#\/schema\/person\/ae56313f17950dccef13d0989efd6d50","name":"Rodrigo Leite","image":{"@type":"ImageObject","inLanguage":"pt-BR","@id":"https:\/\/meusitejuridico.editorajuspodivm.com.br\/#\/schema\/person\/image\/","url":"https:\/\/webmail.meusitejuridico.com.br\/s.meusitejuridico\/2021\/05\/8455192b-foto-site-rodrigo-leite-150x150.jpeg","contentUrl":"https:\/\/webmail.meusitejuridico.com.br\/s.meusitejuridico\/2021\/05\/8455192b-foto-site-rodrigo-leite-150x150.jpeg","caption":"Rodrigo Leite"},"description":"Coautor do livro \u201cAn\u00e1lise das Diverg\u00eancias Jurisprudenciais no STF e STJ\u201d, Editora Juspodivm. Autor do livro \u201cTombamento \u2013 Vol. 36 \u2013 Cole\u00e7\u00e3o Leis Especiais para Concursos\u201d, Editora Juspodivm. Autor do livro \u201cDesapropria\u00e7\u00e3o \u2013 Vol. 39 \u2013 Cole\u00e7\u00e3o Especiais para Concursos\u201d, Editora Juspodivm. Coautor do livro \u201cSaberes Jurisprudenciais\u201d, Editora Saraiva. Coorganizador do livro \u201cCPC na Jurisprud\u00eancia\", Editora Foco. Especialista em Direito P\u00fablico e Direito Processual Civil. Mestre em Direito Constitucional. Professor da P\u00f3s-gradua\u00e7\u00e3o em Direito Civil da Rede Anhaguera-Kroton. M\u00e1ster Universit\u00e1rio em Direito Constitucional pela Universidad Del Pa\u00eds Vasco, San Sebasti\u00e1n, Espanha. Advogado licenciado. Analista Judici\u00e1rio do TJRN. Assessor de Desembargador do TJRN.","sameAs":["https:\/\/www.editorajuspodivm.com.br\/autores\/detalhe\/85","https:\/\/www.instagram.com\/rodrigocrleite\/","https:\/\/x.com\/rodrigocrleite"],"url":"https:\/\/webmail.meusitejuridico.com.br\/author\/rodrigoleiterodrigoleite\/"}]}},"_links":{"self":[{"href":"https:\/\/webmail.meusitejuridico.com.br\/api\/wp\/v2\/posts\/16975","targetHints":{"allow":["GET"]}}],"collection":[{"href":"https:\/\/webmail.meusitejuridico.com.br\/api\/wp\/v2\/posts"}],"about":[{"href":"https:\/\/webmail.meusitejuridico.com.br\/api\/wp\/v2\/types\/post"}],"author":[{"embeddable":true,"href":"https:\/\/webmail.meusitejuridico.com.br\/api\/wp\/v2\/users\/131"}],"replies":[{"embeddable":true,"href":"https:\/\/webmail.meusitejuridico.com.br\/api\/wp\/v2\/comments?post=16975"}],"version-history":[{"count":1,"href":"https:\/\/webmail.meusitejuridico.com.br\/api\/wp\/v2\/posts\/16975\/revisions"}],"predecessor-version":[{"id":16976,"href":"https:\/\/webmail.meusitejuridico.com.br\/api\/wp\/v2\/posts\/16975\/revisions\/16976"}],"wp:featuredmedia":[{"embeddable":true,"href":"https:\/\/webmail.meusitejuridico.com.br\/api\/wp\/v2\/media\/2778"}],"wp:attachment":[{"href":"https:\/\/webmail.meusitejuridico.com.br\/api\/wp\/v2\/media?parent=16975"}],"wp:term":[{"taxonomy":"category","embeddable":true,"href":"https:\/\/webmail.meusitejuridico.com.br\/api\/wp\/v2\/categories?post=16975"},{"taxonomy":"post_tag","embeddable":true,"href":"https:\/\/webmail.meusitejuridico.com.br\/api\/wp\/v2\/tags?post=16975"}],"curies":[{"name":"wp","href":"https:\/\/api.w.org\/{rel}","templated":true}]}}