{"id":16971,"date":"2022-09-16T08:01:51","date_gmt":"2022-09-16T11:01:51","guid":{"rendered":"https:\/\/meusitejuridico.editorajuspodivm.com.br\/?p=16971"},"modified":"2022-09-16T08:01:52","modified_gmt":"2022-09-16T11:01:52","slug":"resumo-informativo-1-066-do-stf-de-13-de-setembro-de-2022","status":"publish","type":"post","link":"https:\/\/webmail.meusitejuridico.com.br\/2022\/09\/16\/resumo-informativo-1-066-do-stf-de-13-de-setembro-de-2022\/","title":{"rendered":"Resumo &#8211; Informativo 1.066 do STF, de 13 de setembro de 2022"},"content":{"rendered":"\n<p><strong>PLEN\u00c1RIO<\/strong><strong><\/strong><\/p>\n\n\n\n<p>&#8211; Compete ao Tribunal de Contas da Uni\u00e3o (TCU) fiscalizar a aplica\u00e7\u00e3o, por parte dos demais entes da Federa\u00e7\u00e3o, de verbas federais, transferidas pela Uni\u00e3o, para complementar o Fundo de Desenvolvimento do Ensino Fundamental e Valoriza\u00e7\u00e3o do Magist\u00e9rio (FUNDEF)\/Fundo de Manuten\u00e7\u00e3o e Desenvolvimento da Educa\u00e7\u00e3o B\u00e1sica e de Valoriza\u00e7\u00e3o dos Profissionais da Educa\u00e7\u00e3o (FUNDEB) \u2013<strong> ADI 5791\/DF<\/strong>, julgamento virtual finalizado em 02\/09\/2022.<\/p>\n\n\n\n<p>&#8211; Os Advogados da Uni\u00e3o n\u00e3o possuem direito a f\u00e9rias de 60 (sessenta) dias, nos termos da legisla\u00e7\u00e3o constitucional e infraconstitucional vigentes \u2013<strong> RE 928.886\/SC<\/strong>, julgamento virtual finalizado em 02\/09\/2022, <strong>Tema 1063<\/strong>.<\/p>\n\n\n\n<p>&#8211; A regra geral que determina a reuni\u00e3o de a\u00e7\u00f5es eleitorais que versem sobre os mesmos fatos para julgamento conjunto pode ser afastada sempre que o magistrado aferir a pertin\u00eancia da separa\u00e7\u00e3o dos feitos, \u00e0 luz das circunst\u00e2ncias do caso concreto e das exig\u00eancias inerentes aos postulados do devido processo legal, do contradit\u00f3rio e da ampla defesa \u2013 <strong>ADI 5507\/DF<\/strong>,julgamento virtual finalizado em 02\/09\/2022.<\/p>\n\n\n\n<p>&#8211; (I) As unidades federadas podem fixar os limites das respectivas requisi\u00e7\u00f5es de pequeno valor em patamares inferiores aos previstos no artigo 87 do ADCT, desde que o fa\u00e7am em conson\u00e2ncia com sua capacidade econ\u00f4mica. (II) A aferi\u00e7\u00e3o da capacidade econ\u00f4mica, para este fim, deve refletir n\u00e3o somente a receita, mas igualmente os graus de endividamento e de litigiosidade do ente federado. (III) A aus\u00eancia de demonstra\u00e7\u00e3o concreta da desproporcionalidade na fixa\u00e7\u00e3o do teto das requisi\u00e7\u00f5es de pequeno valor imp\u00f5e a defer\u00eancia do Poder Judici\u00e1rio ao ju\u00edzo pol\u00edtico-administrativo externado pela legisla\u00e7\u00e3o local \u2013 <strong>RE 1.359.139\/CE<\/strong>, julgamento virtual finalizado em 1\u00ba\/09\/2022, Tema 1231.<\/p>\n\n\n\n<p>&#8211; Os entes p\u00fablicos que sofreram preju\u00edzos em raz\u00e3o de atos de improbidade tamb\u00e9m est\u00e3o autorizados, de forma concorrente com o Minist\u00e9rio P\u00fablico (MP), a propor a\u00e7\u00e3o e a celebrar acordos de n\u00e3o persecu\u00e7\u00e3o civil em rela\u00e7\u00e3o a esses atos \u2013 <strong>ADI 7042\/DF <\/strong>e<strong> ADI 7043\/DF<\/strong>,julgamento finalizado em 31\/08\/2022.<\/p>\n\n\n\n<p>***<\/p>\n\n\n\n<p><strong>Telegram<\/strong>:<strong>&nbsp;<\/strong><a href=\"https:\/\/t.me\/pilulasjuridicasSTFSTJ\" target=\"_blank\" rel=\"noreferrer noopener\"><strong>https:\/\/t.me\/pilulasjuridicasSTFSTJ<\/strong><\/a><strong>&nbsp;| Instagram: @rodrigocrleite<\/strong><\/p>\n","protected":false},"excerpt":{"rendered":"<p>PLEN\u00c1RIO &#8211; Compete ao Tribunal de Contas da Uni\u00e3o (TCU) fiscalizar a aplica\u00e7\u00e3o, por parte dos demais entes da Federa\u00e7\u00e3o, de verbas federais, transferidas pela Uni\u00e3o, para complementar o Fundo de Desenvolvimento do Ensino Fundamental e Valoriza\u00e7\u00e3o do Magist\u00e9rio (FUNDEF)\/Fundo de Manuten\u00e7\u00e3o e Desenvolvimento da Educa\u00e7\u00e3o B\u00e1sica e de Valoriza\u00e7\u00e3o dos Profissionais da Educa\u00e7\u00e3o (FUNDEB) [&hellip;]<\/p>\n","protected":false},"author":131,"featured_media":12085,"comment_status":"open","ping_status":"open","sticky":false,"template":"","format":"standard","meta":{"_acf_changed":false,"footnotes":""},"categories":[70],"tags":[],"class_list":["post-16971","post","type-post","status-publish","format-standard","has-post-thumbnail","hentry","category-informativos-comentados"],"acf":[],"yoast_head":"<!-- This site is optimized with the Yoast SEO plugin v24.8.1 - https:\/\/yoast.com\/wordpress\/plugins\/seo\/ -->\n<title>Resumo - Informativo 1.066 do STF, de 13 de setembro de 2022 - Meu site jur\u00eddico<\/title>\n<meta name=\"robots\" content=\"index, follow, max-snippet:-1, max-image-preview:large, max-video-preview:-1\" \/>\n<link rel=\"canonical\" href=\"https:\/\/meusitejuridico.editorajuspodivm.com.br\/2022\/09\/16\/resumo-informativo-1-066-do-stf-de-13-de-setembro-de-2022\/\" \/>\n<meta property=\"og:locale\" content=\"pt_BR\" \/>\n<meta property=\"og:type\" content=\"article\" \/>\n<meta property=\"og:title\" content=\"Resumo - Informativo 1.066 do STF, de 13 de setembro de 2022 - Meu site jur\u00eddico\" \/>\n<meta property=\"og:description\" content=\"PLEN\u00c1RIO &#8211; Compete ao Tribunal de Contas da Uni\u00e3o (TCU) fiscalizar a aplica\u00e7\u00e3o, por parte dos demais entes da Federa\u00e7\u00e3o, de verbas federais, transferidas pela Uni\u00e3o, para complementar o Fundo de Desenvolvimento do Ensino Fundamental e Valoriza\u00e7\u00e3o do Magist\u00e9rio (FUNDEF)\/Fundo de Manuten\u00e7\u00e3o e Desenvolvimento da Educa\u00e7\u00e3o B\u00e1sica e de Valoriza\u00e7\u00e3o dos Profissionais da Educa\u00e7\u00e3o (FUNDEB) [&hellip;]\" \/>\n<meta property=\"og:url\" content=\"https:\/\/meusitejuridico.editorajuspodivm.com.br\/2022\/09\/16\/resumo-informativo-1-066-do-stf-de-13-de-setembro-de-2022\/\" \/>\n<meta property=\"og:site_name\" content=\"Meu site jur\u00eddico\" \/>\n<meta property=\"article:published_time\" content=\"2022-09-16T11:01:51+00:00\" \/>\n<meta property=\"article:modified_time\" content=\"2022-09-16T11:01:52+00:00\" \/>\n<meta property=\"og:image\" content=\"https:\/\/meusitejuridico.editorajuspodivm.com.br\/s.meusitejuridico\/2020\/10\/a6ce65c0-hammer-719062-640.jpg\" \/>\n\t<meta property=\"og:image:width\" content=\"640\" \/>\n\t<meta property=\"og:image:height\" content=\"480\" \/>\n\t<meta property=\"og:image:type\" content=\"image\/jpeg\" \/>\n<meta name=\"author\" content=\"Rodrigo Leite\" \/>\n<meta name=\"twitter:card\" content=\"summary_large_image\" \/>\n<meta name=\"twitter:creator\" content=\"@rodrigocrleite\" \/>\n<meta name=\"twitter:label1\" content=\"Escrito por\" \/>\n\t<meta name=\"twitter:data1\" content=\"Rodrigo Leite\" \/>\n\t<meta name=\"twitter:label2\" content=\"Est. tempo de leitura\" \/>\n\t<meta name=\"twitter:data2\" content=\"2 minutos\" \/>\n<script type=\"application\/ld+json\" class=\"yoast-schema-graph\">{\"@context\":\"https:\/\/schema.org\",\"@graph\":[{\"@type\":\"Article\",\"@id\":\"https:\/\/meusitejuridico.editorajuspodivm.com.br\/2022\/09\/16\/resumo-informativo-1-066-do-stf-de-13-de-setembro-de-2022\/#article\",\"isPartOf\":{\"@id\":\"https:\/\/meusitejuridico.editorajuspodivm.com.br\/2022\/09\/16\/resumo-informativo-1-066-do-stf-de-13-de-setembro-de-2022\/\"},\"author\":{\"name\":\"Rodrigo Leite\",\"@id\":\"https:\/\/meusitejuridico.editorajuspodivm.com.br\/#\/schema\/person\/ae56313f17950dccef13d0989efd6d50\"},\"headline\":\"Resumo &#8211; Informativo 1.066 do STF, de 13 de setembro de 2022\",\"datePublished\":\"2022-09-16T11:01:51+00:00\",\"dateModified\":\"2022-09-16T11:01:52+00:00\",\"mainEntityOfPage\":{\"@id\":\"https:\/\/meusitejuridico.editorajuspodivm.com.br\/2022\/09\/16\/resumo-informativo-1-066-do-stf-de-13-de-setembro-de-2022\/\"},\"wordCount\":367,\"commentCount\":0,\"publisher\":{\"@id\":\"https:\/\/meusitejuridico.editorajuspodivm.com.br\/#organization\"},\"image\":{\"@id\":\"https:\/\/meusitejuridico.editorajuspodivm.com.br\/2022\/09\/16\/resumo-informativo-1-066-do-stf-de-13-de-setembro-de-2022\/#primaryimage\"},\"thumbnailUrl\":\"https:\/\/webmail.meusitejuridico.com.br\/s.meusitejuridico\/2020\/10\/a6ce65c0-hammer-719062-640.jpg\",\"articleSection\":[\"Informativos\"],\"inLanguage\":\"pt-BR\",\"potentialAction\":[{\"@type\":\"CommentAction\",\"name\":\"Comment\",\"target\":[\"https:\/\/meusitejuridico.editorajuspodivm.com.br\/2022\/09\/16\/resumo-informativo-1-066-do-stf-de-13-de-setembro-de-2022\/#respond\"]}]},{\"@type\":\"WebPage\",\"@id\":\"https:\/\/meusitejuridico.editorajuspodivm.com.br\/2022\/09\/16\/resumo-informativo-1-066-do-stf-de-13-de-setembro-de-2022\/\",\"url\":\"https:\/\/meusitejuridico.editorajuspodivm.com.br\/2022\/09\/16\/resumo-informativo-1-066-do-stf-de-13-de-setembro-de-2022\/\",\"name\":\"Resumo - Informativo 1.066 do STF, de 13 de setembro de 2022 - Meu site jur\u00eddico\",\"isPartOf\":{\"@id\":\"https:\/\/meusitejuridico.editorajuspodivm.com.br\/#website\"},\"primaryImageOfPage\":{\"@id\":\"https:\/\/meusitejuridico.editorajuspodivm.com.br\/2022\/09\/16\/resumo-informativo-1-066-do-stf-de-13-de-setembro-de-2022\/#primaryimage\"},\"image\":{\"@id\":\"https:\/\/meusitejuridico.editorajuspodivm.com.br\/2022\/09\/16\/resumo-informativo-1-066-do-stf-de-13-de-setembro-de-2022\/#primaryimage\"},\"thumbnailUrl\":\"https:\/\/webmail.meusitejuridico.com.br\/s.meusitejuridico\/2020\/10\/a6ce65c0-hammer-719062-640.jpg\",\"datePublished\":\"2022-09-16T11:01:51+00:00\",\"dateModified\":\"2022-09-16T11:01:52+00:00\",\"breadcrumb\":{\"@id\":\"https:\/\/meusitejuridico.editorajuspodivm.com.br\/2022\/09\/16\/resumo-informativo-1-066-do-stf-de-13-de-setembro-de-2022\/#breadcrumb\"},\"inLanguage\":\"pt-BR\",\"potentialAction\":[{\"@type\":\"ReadAction\",\"target\":[\"https:\/\/meusitejuridico.editorajuspodivm.com.br\/2022\/09\/16\/resumo-informativo-1-066-do-stf-de-13-de-setembro-de-2022\/\"]}]},{\"@type\":\"ImageObject\",\"inLanguage\":\"pt-BR\",\"@id\":\"https:\/\/meusitejuridico.editorajuspodivm.com.br\/2022\/09\/16\/resumo-informativo-1-066-do-stf-de-13-de-setembro-de-2022\/#primaryimage\",\"url\":\"https:\/\/webmail.meusitejuridico.com.br\/s.meusitejuridico\/2020\/10\/a6ce65c0-hammer-719062-640.jpg\",\"contentUrl\":\"https:\/\/webmail.meusitejuridico.com.br\/s.meusitejuridico\/2020\/10\/a6ce65c0-hammer-719062-640.jpg\",\"width\":640,\"height\":480},{\"@type\":\"BreadcrumbList\",\"@id\":\"https:\/\/meusitejuridico.editorajuspodivm.com.br\/2022\/09\/16\/resumo-informativo-1-066-do-stf-de-13-de-setembro-de-2022\/#breadcrumb\",\"itemListElement\":[{\"@type\":\"ListItem\",\"position\":1,\"name\":\"In\u00edcio\",\"item\":\"https:\/\/meusitejuridico.editorajuspodivm.com.br\/\"},{\"@type\":\"ListItem\",\"position\":2,\"name\":\"Resumo &#8211; Informativo 1.066 do STF, de 13 de setembro de 2022\"}]},{\"@type\":\"WebSite\",\"@id\":\"https:\/\/meusitejuridico.editorajuspodivm.com.br\/#website\",\"url\":\"https:\/\/meusitejuridico.editorajuspodivm.com.br\/\",\"name\":\"Meu site jur\u00eddico\",\"description\":\"Meu site jur\u00eddico\",\"publisher\":{\"@id\":\"https:\/\/meusitejuridico.editorajuspodivm.com.br\/#organization\"},\"potentialAction\":[{\"@type\":\"SearchAction\",\"target\":{\"@type\":\"EntryPoint\",\"urlTemplate\":\"https:\/\/meusitejuridico.editorajuspodivm.com.br\/?s={search_term_string}\"},\"query-input\":{\"@type\":\"PropertyValueSpecification\",\"valueRequired\":true,\"valueName\":\"search_term_string\"}}],\"inLanguage\":\"pt-BR\"},{\"@type\":\"Organization\",\"@id\":\"https:\/\/meusitejuridico.editorajuspodivm.com.br\/#organization\",\"name\":\"Meu site jur\u00eddico\",\"url\":\"https:\/\/meusitejuridico.editorajuspodivm.com.br\/\",\"logo\":{\"@type\":\"ImageObject\",\"inLanguage\":\"pt-BR\",\"@id\":\"https:\/\/meusitejuridico.editorajuspodivm.com.br\/#\/schema\/logo\/image\/\",\"url\":\"https:\/\/webmail.meusitejuridico.com.br\/s.meusitejuridico\/2022\/03\/cropped-baeec2a3-msj-02-01-01.png\",\"contentUrl\":\"https:\/\/webmail.meusitejuridico.com.br\/s.meusitejuridico\/2022\/03\/cropped-baeec2a3-msj-02-01-01.png\",\"width\":349,\"height\":243,\"caption\":\"Meu site jur\u00eddico\"},\"image\":{\"@id\":\"https:\/\/meusitejuridico.editorajuspodivm.com.br\/#\/schema\/logo\/image\/\"}},{\"@type\":\"Person\",\"@id\":\"https:\/\/meusitejuridico.editorajuspodivm.com.br\/#\/schema\/person\/ae56313f17950dccef13d0989efd6d50\",\"name\":\"Rodrigo Leite\",\"image\":{\"@type\":\"ImageObject\",\"inLanguage\":\"pt-BR\",\"@id\":\"https:\/\/meusitejuridico.editorajuspodivm.com.br\/#\/schema\/person\/image\/\",\"url\":\"https:\/\/webmail.meusitejuridico.com.br\/s.meusitejuridico\/2021\/05\/8455192b-foto-site-rodrigo-leite-150x150.jpeg\",\"contentUrl\":\"https:\/\/webmail.meusitejuridico.com.br\/s.meusitejuridico\/2021\/05\/8455192b-foto-site-rodrigo-leite-150x150.jpeg\",\"caption\":\"Rodrigo Leite\"},\"description\":\"Coautor do livro \u201cAn\u00e1lise das Diverg\u00eancias Jurisprudenciais no STF e STJ\u201d, Editora Juspodivm. Autor do livro \u201cTombamento \u2013 Vol. 36 \u2013 Cole\u00e7\u00e3o Leis Especiais para Concursos\u201d, Editora Juspodivm. Autor do livro \u201cDesapropria\u00e7\u00e3o \u2013 Vol. 39 \u2013 Cole\u00e7\u00e3o Especiais para Concursos\u201d, Editora Juspodivm. Coautor do livro \u201cSaberes Jurisprudenciais\u201d, Editora Saraiva. Coorganizador do livro \u201cCPC na Jurisprud\u00eancia\\\", Editora Foco. Especialista em Direito P\u00fablico e Direito Processual Civil. Mestre em Direito Constitucional. Professor da P\u00f3s-gradua\u00e7\u00e3o em Direito Civil da Rede Anhaguera-Kroton. M\u00e1ster Universit\u00e1rio em Direito Constitucional pela Universidad Del Pa\u00eds Vasco, San Sebasti\u00e1n, Espanha. Advogado licenciado. Analista Judici\u00e1rio do TJRN. Assessor de Desembargador do TJRN.\",\"sameAs\":[\"https:\/\/www.editorajuspodivm.com.br\/autores\/detalhe\/85\",\"https:\/\/www.instagram.com\/rodrigocrleite\/\",\"https:\/\/x.com\/rodrigocrleite\"],\"url\":\"https:\/\/webmail.meusitejuridico.com.br\/author\/rodrigoleiterodrigoleite\/\"}]}<\/script>\n<!-- \/ Yoast SEO plugin. -->","yoast_head_json":{"title":"Resumo - Informativo 1.066 do STF, de 13 de setembro de 2022 - Meu site jur\u00eddico","robots":{"index":"index","follow":"follow","max-snippet":"max-snippet:-1","max-image-preview":"max-image-preview:large","max-video-preview":"max-video-preview:-1"},"canonical":"https:\/\/meusitejuridico.editorajuspodivm.com.br\/2022\/09\/16\/resumo-informativo-1-066-do-stf-de-13-de-setembro-de-2022\/","og_locale":"pt_BR","og_type":"article","og_title":"Resumo - Informativo 1.066 do STF, de 13 de setembro de 2022 - Meu site jur\u00eddico","og_description":"PLEN\u00c1RIO &#8211; Compete ao Tribunal de Contas da Uni\u00e3o (TCU) fiscalizar a aplica\u00e7\u00e3o, por parte dos demais entes da Federa\u00e7\u00e3o, de verbas federais, transferidas pela Uni\u00e3o, para complementar o Fundo de Desenvolvimento do Ensino Fundamental e Valoriza\u00e7\u00e3o do Magist\u00e9rio (FUNDEF)\/Fundo de Manuten\u00e7\u00e3o e Desenvolvimento da Educa\u00e7\u00e3o B\u00e1sica e de Valoriza\u00e7\u00e3o dos Profissionais da Educa\u00e7\u00e3o (FUNDEB) [&hellip;]","og_url":"https:\/\/meusitejuridico.editorajuspodivm.com.br\/2022\/09\/16\/resumo-informativo-1-066-do-stf-de-13-de-setembro-de-2022\/","og_site_name":"Meu site jur\u00eddico","article_published_time":"2022-09-16T11:01:51+00:00","article_modified_time":"2022-09-16T11:01:52+00:00","og_image":[{"width":640,"height":480,"url":"https:\/\/meusitejuridico.editorajuspodivm.com.br\/s.meusitejuridico\/2020\/10\/a6ce65c0-hammer-719062-640.jpg","type":"image\/jpeg"}],"author":"Rodrigo Leite","twitter_card":"summary_large_image","twitter_creator":"@rodrigocrleite","twitter_misc":{"Escrito por":"Rodrigo Leite","Est. tempo de leitura":"2 minutos"},"schema":{"@context":"https:\/\/schema.org","@graph":[{"@type":"Article","@id":"https:\/\/meusitejuridico.editorajuspodivm.com.br\/2022\/09\/16\/resumo-informativo-1-066-do-stf-de-13-de-setembro-de-2022\/#article","isPartOf":{"@id":"https:\/\/meusitejuridico.editorajuspodivm.com.br\/2022\/09\/16\/resumo-informativo-1-066-do-stf-de-13-de-setembro-de-2022\/"},"author":{"name":"Rodrigo Leite","@id":"https:\/\/meusitejuridico.editorajuspodivm.com.br\/#\/schema\/person\/ae56313f17950dccef13d0989efd6d50"},"headline":"Resumo &#8211; Informativo 1.066 do STF, de 13 de setembro de 2022","datePublished":"2022-09-16T11:01:51+00:00","dateModified":"2022-09-16T11:01:52+00:00","mainEntityOfPage":{"@id":"https:\/\/meusitejuridico.editorajuspodivm.com.br\/2022\/09\/16\/resumo-informativo-1-066-do-stf-de-13-de-setembro-de-2022\/"},"wordCount":367,"commentCount":0,"publisher":{"@id":"https:\/\/meusitejuridico.editorajuspodivm.com.br\/#organization"},"image":{"@id":"https:\/\/meusitejuridico.editorajuspodivm.com.br\/2022\/09\/16\/resumo-informativo-1-066-do-stf-de-13-de-setembro-de-2022\/#primaryimage"},"thumbnailUrl":"https:\/\/webmail.meusitejuridico.com.br\/s.meusitejuridico\/2020\/10\/a6ce65c0-hammer-719062-640.jpg","articleSection":["Informativos"],"inLanguage":"pt-BR","potentialAction":[{"@type":"CommentAction","name":"Comment","target":["https:\/\/meusitejuridico.editorajuspodivm.com.br\/2022\/09\/16\/resumo-informativo-1-066-do-stf-de-13-de-setembro-de-2022\/#respond"]}]},{"@type":"WebPage","@id":"https:\/\/meusitejuridico.editorajuspodivm.com.br\/2022\/09\/16\/resumo-informativo-1-066-do-stf-de-13-de-setembro-de-2022\/","url":"https:\/\/meusitejuridico.editorajuspodivm.com.br\/2022\/09\/16\/resumo-informativo-1-066-do-stf-de-13-de-setembro-de-2022\/","name":"Resumo - Informativo 1.066 do STF, de 13 de setembro de 2022 - Meu site jur\u00eddico","isPartOf":{"@id":"https:\/\/meusitejuridico.editorajuspodivm.com.br\/#website"},"primaryImageOfPage":{"@id":"https:\/\/meusitejuridico.editorajuspodivm.com.br\/2022\/09\/16\/resumo-informativo-1-066-do-stf-de-13-de-setembro-de-2022\/#primaryimage"},"image":{"@id":"https:\/\/meusitejuridico.editorajuspodivm.com.br\/2022\/09\/16\/resumo-informativo-1-066-do-stf-de-13-de-setembro-de-2022\/#primaryimage"},"thumbnailUrl":"https:\/\/webmail.meusitejuridico.com.br\/s.meusitejuridico\/2020\/10\/a6ce65c0-hammer-719062-640.jpg","datePublished":"2022-09-16T11:01:51+00:00","dateModified":"2022-09-16T11:01:52+00:00","breadcrumb":{"@id":"https:\/\/meusitejuridico.editorajuspodivm.com.br\/2022\/09\/16\/resumo-informativo-1-066-do-stf-de-13-de-setembro-de-2022\/#breadcrumb"},"inLanguage":"pt-BR","potentialAction":[{"@type":"ReadAction","target":["https:\/\/meusitejuridico.editorajuspodivm.com.br\/2022\/09\/16\/resumo-informativo-1-066-do-stf-de-13-de-setembro-de-2022\/"]}]},{"@type":"ImageObject","inLanguage":"pt-BR","@id":"https:\/\/meusitejuridico.editorajuspodivm.com.br\/2022\/09\/16\/resumo-informativo-1-066-do-stf-de-13-de-setembro-de-2022\/#primaryimage","url":"https:\/\/webmail.meusitejuridico.com.br\/s.meusitejuridico\/2020\/10\/a6ce65c0-hammer-719062-640.jpg","contentUrl":"https:\/\/webmail.meusitejuridico.com.br\/s.meusitejuridico\/2020\/10\/a6ce65c0-hammer-719062-640.jpg","width":640,"height":480},{"@type":"BreadcrumbList","@id":"https:\/\/meusitejuridico.editorajuspodivm.com.br\/2022\/09\/16\/resumo-informativo-1-066-do-stf-de-13-de-setembro-de-2022\/#breadcrumb","itemListElement":[{"@type":"ListItem","position":1,"name":"In\u00edcio","item":"https:\/\/meusitejuridico.editorajuspodivm.com.br\/"},{"@type":"ListItem","position":2,"name":"Resumo &#8211; Informativo 1.066 do STF, de 13 de setembro de 2022"}]},{"@type":"WebSite","@id":"https:\/\/meusitejuridico.editorajuspodivm.com.br\/#website","url":"https:\/\/meusitejuridico.editorajuspodivm.com.br\/","name":"Meu site jur\u00eddico","description":"Meu site jur\u00eddico","publisher":{"@id":"https:\/\/meusitejuridico.editorajuspodivm.com.br\/#organization"},"potentialAction":[{"@type":"SearchAction","target":{"@type":"EntryPoint","urlTemplate":"https:\/\/meusitejuridico.editorajuspodivm.com.br\/?s={search_term_string}"},"query-input":{"@type":"PropertyValueSpecification","valueRequired":true,"valueName":"search_term_string"}}],"inLanguage":"pt-BR"},{"@type":"Organization","@id":"https:\/\/meusitejuridico.editorajuspodivm.com.br\/#organization","name":"Meu site jur\u00eddico","url":"https:\/\/meusitejuridico.editorajuspodivm.com.br\/","logo":{"@type":"ImageObject","inLanguage":"pt-BR","@id":"https:\/\/meusitejuridico.editorajuspodivm.com.br\/#\/schema\/logo\/image\/","url":"https:\/\/webmail.meusitejuridico.com.br\/s.meusitejuridico\/2022\/03\/cropped-baeec2a3-msj-02-01-01.png","contentUrl":"https:\/\/webmail.meusitejuridico.com.br\/s.meusitejuridico\/2022\/03\/cropped-baeec2a3-msj-02-01-01.png","width":349,"height":243,"caption":"Meu site jur\u00eddico"},"image":{"@id":"https:\/\/meusitejuridico.editorajuspodivm.com.br\/#\/schema\/logo\/image\/"}},{"@type":"Person","@id":"https:\/\/meusitejuridico.editorajuspodivm.com.br\/#\/schema\/person\/ae56313f17950dccef13d0989efd6d50","name":"Rodrigo Leite","image":{"@type":"ImageObject","inLanguage":"pt-BR","@id":"https:\/\/meusitejuridico.editorajuspodivm.com.br\/#\/schema\/person\/image\/","url":"https:\/\/webmail.meusitejuridico.com.br\/s.meusitejuridico\/2021\/05\/8455192b-foto-site-rodrigo-leite-150x150.jpeg","contentUrl":"https:\/\/webmail.meusitejuridico.com.br\/s.meusitejuridico\/2021\/05\/8455192b-foto-site-rodrigo-leite-150x150.jpeg","caption":"Rodrigo Leite"},"description":"Coautor do livro \u201cAn\u00e1lise das Diverg\u00eancias Jurisprudenciais no STF e STJ\u201d, Editora Juspodivm. Autor do livro \u201cTombamento \u2013 Vol. 36 \u2013 Cole\u00e7\u00e3o Leis Especiais para Concursos\u201d, Editora Juspodivm. Autor do livro \u201cDesapropria\u00e7\u00e3o \u2013 Vol. 39 \u2013 Cole\u00e7\u00e3o Especiais para Concursos\u201d, Editora Juspodivm. Coautor do livro \u201cSaberes Jurisprudenciais\u201d, Editora Saraiva. Coorganizador do livro \u201cCPC na Jurisprud\u00eancia\", Editora Foco. Especialista em Direito P\u00fablico e Direito Processual Civil. Mestre em Direito Constitucional. Professor da P\u00f3s-gradua\u00e7\u00e3o em Direito Civil da Rede Anhaguera-Kroton. M\u00e1ster Universit\u00e1rio em Direito Constitucional pela Universidad Del Pa\u00eds Vasco, San Sebasti\u00e1n, Espanha. Advogado licenciado. Analista Judici\u00e1rio do TJRN. Assessor de Desembargador do TJRN.","sameAs":["https:\/\/www.editorajuspodivm.com.br\/autores\/detalhe\/85","https:\/\/www.instagram.com\/rodrigocrleite\/","https:\/\/x.com\/rodrigocrleite"],"url":"https:\/\/webmail.meusitejuridico.com.br\/author\/rodrigoleiterodrigoleite\/"}]}},"_links":{"self":[{"href":"https:\/\/webmail.meusitejuridico.com.br\/api\/wp\/v2\/posts\/16971","targetHints":{"allow":["GET"]}}],"collection":[{"href":"https:\/\/webmail.meusitejuridico.com.br\/api\/wp\/v2\/posts"}],"about":[{"href":"https:\/\/webmail.meusitejuridico.com.br\/api\/wp\/v2\/types\/post"}],"author":[{"embeddable":true,"href":"https:\/\/webmail.meusitejuridico.com.br\/api\/wp\/v2\/users\/131"}],"replies":[{"embeddable":true,"href":"https:\/\/webmail.meusitejuridico.com.br\/api\/wp\/v2\/comments?post=16971"}],"version-history":[{"count":1,"href":"https:\/\/webmail.meusitejuridico.com.br\/api\/wp\/v2\/posts\/16971\/revisions"}],"predecessor-version":[{"id":16972,"href":"https:\/\/webmail.meusitejuridico.com.br\/api\/wp\/v2\/posts\/16971\/revisions\/16972"}],"wp:featuredmedia":[{"embeddable":true,"href":"https:\/\/webmail.meusitejuridico.com.br\/api\/wp\/v2\/media\/12085"}],"wp:attachment":[{"href":"https:\/\/webmail.meusitejuridico.com.br\/api\/wp\/v2\/media?parent=16971"}],"wp:term":[{"taxonomy":"category","embeddable":true,"href":"https:\/\/webmail.meusitejuridico.com.br\/api\/wp\/v2\/categories?post=16971"},{"taxonomy":"post_tag","embeddable":true,"href":"https:\/\/webmail.meusitejuridico.com.br\/api\/wp\/v2\/tags?post=16971"}],"curies":[{"name":"wp","href":"https:\/\/api.w.org\/{rel}","templated":true}]}}