{"id":16929,"date":"2022-09-08T08:54:15","date_gmt":"2022-09-08T11:54:15","guid":{"rendered":"https:\/\/meusitejuridico.editorajuspodivm.com.br\/?p=16929"},"modified":"2022-09-08T08:54:16","modified_gmt":"2022-09-08T11:54:16","slug":"resumo-informativo-1-065-do-stf-de-02-de-setembro-de-2022","status":"publish","type":"post","link":"https:\/\/webmail.meusitejuridico.com.br\/2022\/09\/08\/resumo-informativo-1-065-do-stf-de-02-de-setembro-de-2022\/","title":{"rendered":"Resumo &#8211; Informativo 1.065 do STF, de 02 de setembro de 2022"},"content":{"rendered":"\n<p><strong>PLEN\u00c1RIO<\/strong><strong><\/strong><\/p>\n\n\n\n<p>&#8211; <strong>1)<\/strong> \u00c9 necess\u00e1ria a comprova\u00e7\u00e3o de responsabilidade subjetiva para a tipifica\u00e7\u00e3o dos atos de improbidade administrativa, exigindo-se \u2014 nos artigos 9\u00ba, 10 e 11 da LIA \u2014 a presen\u00e7a do elemento subjetivo \u2014 DOLO; <strong>2)<\/strong> A norma ben\u00e9fica da Lei 14.230\/2021 \u2014 revoga\u00e7\u00e3o da modalidade culposa do ato de improbidade administrativa \u2014, \u00e9 IRRETROATIVA, em virtude do artigo 5\u00ba, inciso XXXVI, da Constitui\u00e7\u00e3o Federal, n\u00e3o tendo incid\u00eancia em rela\u00e7\u00e3o \u00e0 efic\u00e1cia da coisa julgada; nem tampouco durante o processo de execu\u00e7\u00e3o das penas e seus incidentes; <strong>3)<\/strong> A nova Lei 14.230\/2021 aplica-se aos atos de improbidade administrativa culposos praticados na vig\u00eancia do texto anterior da lei, por\u00e9m sem condena\u00e7\u00e3o transitada em julgado, em virtude da revoga\u00e7\u00e3o expressa do texto anterior; devendo o ju\u00edzo competente analisar eventual dolo por parte do agente; <strong>4)<\/strong> O novo regime prescricional previsto na Lei 14.230\/2021 \u00e9 IRRETROATIVO, aplicando-se os novos marcos temporais a partir da publica\u00e7\u00e3o da lei \u2013 <strong>ARE 843.989\/PR<\/strong>, julgamento finalizado em 18\/08\/2022, <strong>Tema 1199<\/strong>.<\/p>\n\n\n\n<p>&#8211; \u00c9 constitucional norma estadual que prev\u00ea a assun\u00e7\u00e3o de obriga\u00e7\u00f5es financeiras resultantes de senten\u00e7a judicial proferida ap\u00f3s a privatiza\u00e7\u00e3o de sociedade de economia mista prestadora de servi\u00e7o p\u00fablico pelo respectivo estado \u2013 <strong>ADI 5271\/MA<\/strong>, julgamento virtual finalizado em 26\/08\/2022.<\/p>\n\n\n\n<p>&#8211; \u00c9 constitucional norma federal que prev\u00ea compensa\u00e7\u00e3o financeira de car\u00e1ter indenizat\u00f3rio a ser paga pela Uni\u00e3o por incapacidade permanente para o trabalho ou morte de profissionais da sa\u00fade decorrentes do atendimento direto a pacientes acometidos pela Covid-19 \u2013 <strong>ADI 6970\/DF<\/strong>, julgamento virtual finalizado em 15\/08\/2022.<\/p>\n\n\n\n<p>&#8211; \u00c9 constitucional norma estadual que, a pretexto de proteger a sa\u00fade p\u00fablica, obriga as prestadoras de servi\u00e7os de telefonia celular e de <em>internet<\/em> a inserirem, nas faturas de consumo, mensagem incentivadora \u00e0 doa\u00e7\u00e3o de sangue \u2013 <strong>ADI 6088\/AM<\/strong>,julgamento virtual finalizado em 26\/08\/2022.<\/p>\n\n\n\n<p>&#8211; \u00c9 constitucional a cria\u00e7\u00e3o do Fundo Especial de Financiamento de Campanha (FEFC) por meio de norma infraconstitucional, dada a inexist\u00eancia de obriga\u00e7\u00e3o ou proibi\u00e7\u00e3o sobre o tema na CF\/1988 \u2013<strong> ADI 5795\/DF<\/strong>, julgamento virtual finalizado em 19\/08\/2022.<\/p>\n\n\n\n<p>&#8211; S\u00e3o inconstitucionais normas estaduais que fixam a al\u00edquota do ICMS para opera\u00e7\u00f5es de fornecimento de energia el\u00e9trica e servi\u00e7os de comunica\u00e7\u00e3o em patamar superior \u00e0 cobrada sobre as opera\u00e7\u00f5es em geral \u2013<strong> ADI 7111\/PA, ADI 7113\/TO, ADI 7116\/MG, ADI 7119\/RO <\/strong>e<strong> ADI 7122\/GO<\/strong>, julgamento virtual finalizado em 26\/08\/2022.<\/p>\n\n\n\n<p>***<\/p>\n\n\n\n<p><strong>Telegram<\/strong>:<strong>&nbsp;<\/strong><a href=\"https:\/\/t.me\/pilulasjuridicasSTFSTJ\" target=\"_blank\" rel=\"noreferrer noopener\"><strong>https:\/\/t.me\/pilulasjuridicasSTFSTJ<\/strong><\/a><strong>&nbsp;| Instagram: @rodrigocrleite<\/strong><\/p>\n","protected":false},"excerpt":{"rendered":"<p>PLEN\u00c1RIO &#8211; 1) \u00c9 necess\u00e1ria a comprova\u00e7\u00e3o de responsabilidade subjetiva para a tipifica\u00e7\u00e3o dos atos de improbidade administrativa, exigindo-se \u2014 nos artigos 9\u00ba, 10 e 11 da LIA \u2014 a presen\u00e7a do elemento subjetivo \u2014 DOLO; 2) A norma ben\u00e9fica da Lei 14.230\/2021 \u2014 revoga\u00e7\u00e3o da modalidade culposa do ato de improbidade administrativa \u2014, \u00e9 [&hellip;]<\/p>\n","protected":false},"author":131,"featured_media":10191,"comment_status":"open","ping_status":"open","sticky":false,"template":"","format":"standard","meta":{"_acf_changed":false,"footnotes":""},"categories":[70],"tags":[],"class_list":["post-16929","post","type-post","status-publish","format-standard","has-post-thumbnail","hentry","category-informativos-comentados"],"acf":[],"yoast_head":"<!-- This site is optimized with the Yoast SEO plugin v24.8.1 - https:\/\/yoast.com\/wordpress\/plugins\/seo\/ -->\n<title>Resumo - Informativo 1.065 do STF, de 02 de setembro de 2022 - Meu site jur\u00eddico<\/title>\n<meta name=\"robots\" content=\"index, follow, max-snippet:-1, max-image-preview:large, max-video-preview:-1\" \/>\n<link rel=\"canonical\" href=\"https:\/\/meusitejuridico.editorajuspodivm.com.br\/2022\/09\/08\/resumo-informativo-1-065-do-stf-de-02-de-setembro-de-2022\/\" \/>\n<meta property=\"og:locale\" content=\"pt_BR\" \/>\n<meta property=\"og:type\" content=\"article\" \/>\n<meta property=\"og:title\" content=\"Resumo - Informativo 1.065 do STF, de 02 de setembro de 2022 - Meu site jur\u00eddico\" \/>\n<meta property=\"og:description\" content=\"PLEN\u00c1RIO &#8211; 1) \u00c9 necess\u00e1ria a comprova\u00e7\u00e3o de responsabilidade subjetiva para a tipifica\u00e7\u00e3o dos atos de improbidade administrativa, exigindo-se \u2014 nos artigos 9\u00ba, 10 e 11 da LIA \u2014 a presen\u00e7a do elemento subjetivo \u2014 DOLO; 2) A norma ben\u00e9fica da Lei 14.230\/2021 \u2014 revoga\u00e7\u00e3o da modalidade culposa do ato de improbidade administrativa \u2014, \u00e9 [&hellip;]\" \/>\n<meta property=\"og:url\" content=\"https:\/\/meusitejuridico.editorajuspodivm.com.br\/2022\/09\/08\/resumo-informativo-1-065-do-stf-de-02-de-setembro-de-2022\/\" \/>\n<meta property=\"og:site_name\" content=\"Meu site jur\u00eddico\" \/>\n<meta property=\"article:published_time\" content=\"2022-09-08T11:54:15+00:00\" \/>\n<meta property=\"article:modified_time\" content=\"2022-09-08T11:54:16+00:00\" \/>\n<meta property=\"og:image\" content=\"https:\/\/meusitejuridico.editorajuspodivm.com.br\/s.meusitejuridico\/2020\/02\/759b23b1-shutterstock-148465085.jpg\" \/>\n\t<meta property=\"og:image:width\" content=\"1280\" \/>\n\t<meta property=\"og:image:height\" content=\"853\" \/>\n\t<meta property=\"og:image:type\" content=\"image\/jpeg\" \/>\n<meta name=\"author\" content=\"Rodrigo Leite\" \/>\n<meta name=\"twitter:card\" content=\"summary_large_image\" \/>\n<meta name=\"twitter:creator\" content=\"@rodrigocrleite\" \/>\n<meta name=\"twitter:label1\" content=\"Escrito por\" \/>\n\t<meta name=\"twitter:data1\" content=\"Rodrigo Leite\" \/>\n\t<meta name=\"twitter:label2\" content=\"Est. tempo de leitura\" \/>\n\t<meta name=\"twitter:data2\" content=\"2 minutos\" \/>\n<script type=\"application\/ld+json\" class=\"yoast-schema-graph\">{\"@context\":\"https:\/\/schema.org\",\"@graph\":[{\"@type\":\"Article\",\"@id\":\"https:\/\/meusitejuridico.editorajuspodivm.com.br\/2022\/09\/08\/resumo-informativo-1-065-do-stf-de-02-de-setembro-de-2022\/#article\",\"isPartOf\":{\"@id\":\"https:\/\/meusitejuridico.editorajuspodivm.com.br\/2022\/09\/08\/resumo-informativo-1-065-do-stf-de-02-de-setembro-de-2022\/\"},\"author\":{\"name\":\"Rodrigo Leite\",\"@id\":\"https:\/\/meusitejuridico.editorajuspodivm.com.br\/#\/schema\/person\/ae56313f17950dccef13d0989efd6d50\"},\"headline\":\"Resumo &#8211; Informativo 1.065 do STF, de 02 de setembro de 2022\",\"datePublished\":\"2022-09-08T11:54:15+00:00\",\"dateModified\":\"2022-09-08T11:54:16+00:00\",\"mainEntityOfPage\":{\"@id\":\"https:\/\/meusitejuridico.editorajuspodivm.com.br\/2022\/09\/08\/resumo-informativo-1-065-do-stf-de-02-de-setembro-de-2022\/\"},\"wordCount\":406,\"commentCount\":0,\"publisher\":{\"@id\":\"https:\/\/meusitejuridico.editorajuspodivm.com.br\/#organization\"},\"image\":{\"@id\":\"https:\/\/meusitejuridico.editorajuspodivm.com.br\/2022\/09\/08\/resumo-informativo-1-065-do-stf-de-02-de-setembro-de-2022\/#primaryimage\"},\"thumbnailUrl\":\"https:\/\/webmail.meusitejuridico.com.br\/s.meusitejuridico\/2020\/02\/759b23b1-shutterstock-148465085.jpg\",\"articleSection\":[\"Informativos\"],\"inLanguage\":\"pt-BR\",\"potentialAction\":[{\"@type\":\"CommentAction\",\"name\":\"Comment\",\"target\":[\"https:\/\/meusitejuridico.editorajuspodivm.com.br\/2022\/09\/08\/resumo-informativo-1-065-do-stf-de-02-de-setembro-de-2022\/#respond\"]}]},{\"@type\":\"WebPage\",\"@id\":\"https:\/\/meusitejuridico.editorajuspodivm.com.br\/2022\/09\/08\/resumo-informativo-1-065-do-stf-de-02-de-setembro-de-2022\/\",\"url\":\"https:\/\/meusitejuridico.editorajuspodivm.com.br\/2022\/09\/08\/resumo-informativo-1-065-do-stf-de-02-de-setembro-de-2022\/\",\"name\":\"Resumo - Informativo 1.065 do STF, de 02 de setembro de 2022 - Meu site jur\u00eddico\",\"isPartOf\":{\"@id\":\"https:\/\/meusitejuridico.editorajuspodivm.com.br\/#website\"},\"primaryImageOfPage\":{\"@id\":\"https:\/\/meusitejuridico.editorajuspodivm.com.br\/2022\/09\/08\/resumo-informativo-1-065-do-stf-de-02-de-setembro-de-2022\/#primaryimage\"},\"image\":{\"@id\":\"https:\/\/meusitejuridico.editorajuspodivm.com.br\/2022\/09\/08\/resumo-informativo-1-065-do-stf-de-02-de-setembro-de-2022\/#primaryimage\"},\"thumbnailUrl\":\"https:\/\/webmail.meusitejuridico.com.br\/s.meusitejuridico\/2020\/02\/759b23b1-shutterstock-148465085.jpg\",\"datePublished\":\"2022-09-08T11:54:15+00:00\",\"dateModified\":\"2022-09-08T11:54:16+00:00\",\"breadcrumb\":{\"@id\":\"https:\/\/meusitejuridico.editorajuspodivm.com.br\/2022\/09\/08\/resumo-informativo-1-065-do-stf-de-02-de-setembro-de-2022\/#breadcrumb\"},\"inLanguage\":\"pt-BR\",\"potentialAction\":[{\"@type\":\"ReadAction\",\"target\":[\"https:\/\/meusitejuridico.editorajuspodivm.com.br\/2022\/09\/08\/resumo-informativo-1-065-do-stf-de-02-de-setembro-de-2022\/\"]}]},{\"@type\":\"ImageObject\",\"inLanguage\":\"pt-BR\",\"@id\":\"https:\/\/meusitejuridico.editorajuspodivm.com.br\/2022\/09\/08\/resumo-informativo-1-065-do-stf-de-02-de-setembro-de-2022\/#primaryimage\",\"url\":\"https:\/\/webmail.meusitejuridico.com.br\/s.meusitejuridico\/2020\/02\/759b23b1-shutterstock-148465085.jpg\",\"contentUrl\":\"https:\/\/webmail.meusitejuridico.com.br\/s.meusitejuridico\/2020\/02\/759b23b1-shutterstock-148465085.jpg\",\"width\":1280,\"height\":853},{\"@type\":\"BreadcrumbList\",\"@id\":\"https:\/\/meusitejuridico.editorajuspodivm.com.br\/2022\/09\/08\/resumo-informativo-1-065-do-stf-de-02-de-setembro-de-2022\/#breadcrumb\",\"itemListElement\":[{\"@type\":\"ListItem\",\"position\":1,\"name\":\"In\u00edcio\",\"item\":\"https:\/\/meusitejuridico.editorajuspodivm.com.br\/\"},{\"@type\":\"ListItem\",\"position\":2,\"name\":\"Resumo &#8211; Informativo 1.065 do STF, de 02 de setembro de 2022\"}]},{\"@type\":\"WebSite\",\"@id\":\"https:\/\/meusitejuridico.editorajuspodivm.com.br\/#website\",\"url\":\"https:\/\/meusitejuridico.editorajuspodivm.com.br\/\",\"name\":\"Meu site jur\u00eddico\",\"description\":\"Meu site jur\u00eddico\",\"publisher\":{\"@id\":\"https:\/\/meusitejuridico.editorajuspodivm.com.br\/#organization\"},\"potentialAction\":[{\"@type\":\"SearchAction\",\"target\":{\"@type\":\"EntryPoint\",\"urlTemplate\":\"https:\/\/meusitejuridico.editorajuspodivm.com.br\/?s={search_term_string}\"},\"query-input\":{\"@type\":\"PropertyValueSpecification\",\"valueRequired\":true,\"valueName\":\"search_term_string\"}}],\"inLanguage\":\"pt-BR\"},{\"@type\":\"Organization\",\"@id\":\"https:\/\/meusitejuridico.editorajuspodivm.com.br\/#organization\",\"name\":\"Meu site jur\u00eddico\",\"url\":\"https:\/\/meusitejuridico.editorajuspodivm.com.br\/\",\"logo\":{\"@type\":\"ImageObject\",\"inLanguage\":\"pt-BR\",\"@id\":\"https:\/\/meusitejuridico.editorajuspodivm.com.br\/#\/schema\/logo\/image\/\",\"url\":\"https:\/\/webmail.meusitejuridico.com.br\/s.meusitejuridico\/2022\/03\/cropped-baeec2a3-msj-02-01-01.png\",\"contentUrl\":\"https:\/\/webmail.meusitejuridico.com.br\/s.meusitejuridico\/2022\/03\/cropped-baeec2a3-msj-02-01-01.png\",\"width\":349,\"height\":243,\"caption\":\"Meu site jur\u00eddico\"},\"image\":{\"@id\":\"https:\/\/meusitejuridico.editorajuspodivm.com.br\/#\/schema\/logo\/image\/\"}},{\"@type\":\"Person\",\"@id\":\"https:\/\/meusitejuridico.editorajuspodivm.com.br\/#\/schema\/person\/ae56313f17950dccef13d0989efd6d50\",\"name\":\"Rodrigo Leite\",\"image\":{\"@type\":\"ImageObject\",\"inLanguage\":\"pt-BR\",\"@id\":\"https:\/\/meusitejuridico.editorajuspodivm.com.br\/#\/schema\/person\/image\/\",\"url\":\"https:\/\/webmail.meusitejuridico.com.br\/s.meusitejuridico\/2021\/05\/8455192b-foto-site-rodrigo-leite-150x150.jpeg\",\"contentUrl\":\"https:\/\/webmail.meusitejuridico.com.br\/s.meusitejuridico\/2021\/05\/8455192b-foto-site-rodrigo-leite-150x150.jpeg\",\"caption\":\"Rodrigo Leite\"},\"description\":\"Coautor do livro \u201cAn\u00e1lise das Diverg\u00eancias Jurisprudenciais no STF e STJ\u201d, Editora Juspodivm. Autor do livro \u201cTombamento \u2013 Vol. 36 \u2013 Cole\u00e7\u00e3o Leis Especiais para Concursos\u201d, Editora Juspodivm. Autor do livro \u201cDesapropria\u00e7\u00e3o \u2013 Vol. 39 \u2013 Cole\u00e7\u00e3o Especiais para Concursos\u201d, Editora Juspodivm. Coautor do livro \u201cSaberes Jurisprudenciais\u201d, Editora Saraiva. Coorganizador do livro \u201cCPC na Jurisprud\u00eancia\\\", Editora Foco. Especialista em Direito P\u00fablico e Direito Processual Civil. Mestre em Direito Constitucional. Professor da P\u00f3s-gradua\u00e7\u00e3o em Direito Civil da Rede Anhaguera-Kroton. M\u00e1ster Universit\u00e1rio em Direito Constitucional pela Universidad Del Pa\u00eds Vasco, San Sebasti\u00e1n, Espanha. Advogado licenciado. Analista Judici\u00e1rio do TJRN. Assessor de Desembargador do TJRN.\",\"sameAs\":[\"https:\/\/www.editorajuspodivm.com.br\/autores\/detalhe\/85\",\"https:\/\/www.instagram.com\/rodrigocrleite\/\",\"https:\/\/x.com\/rodrigocrleite\"],\"url\":\"https:\/\/webmail.meusitejuridico.com.br\/author\/rodrigoleiterodrigoleite\/\"}]}<\/script>\n<!-- \/ Yoast SEO plugin. -->","yoast_head_json":{"title":"Resumo - Informativo 1.065 do STF, de 02 de setembro de 2022 - Meu site jur\u00eddico","robots":{"index":"index","follow":"follow","max-snippet":"max-snippet:-1","max-image-preview":"max-image-preview:large","max-video-preview":"max-video-preview:-1"},"canonical":"https:\/\/meusitejuridico.editorajuspodivm.com.br\/2022\/09\/08\/resumo-informativo-1-065-do-stf-de-02-de-setembro-de-2022\/","og_locale":"pt_BR","og_type":"article","og_title":"Resumo - Informativo 1.065 do STF, de 02 de setembro de 2022 - Meu site jur\u00eddico","og_description":"PLEN\u00c1RIO &#8211; 1) \u00c9 necess\u00e1ria a comprova\u00e7\u00e3o de responsabilidade subjetiva para a tipifica\u00e7\u00e3o dos atos de improbidade administrativa, exigindo-se \u2014 nos artigos 9\u00ba, 10 e 11 da LIA \u2014 a presen\u00e7a do elemento subjetivo \u2014 DOLO; 2) A norma ben\u00e9fica da Lei 14.230\/2021 \u2014 revoga\u00e7\u00e3o da modalidade culposa do ato de improbidade administrativa \u2014, \u00e9 [&hellip;]","og_url":"https:\/\/meusitejuridico.editorajuspodivm.com.br\/2022\/09\/08\/resumo-informativo-1-065-do-stf-de-02-de-setembro-de-2022\/","og_site_name":"Meu site jur\u00eddico","article_published_time":"2022-09-08T11:54:15+00:00","article_modified_time":"2022-09-08T11:54:16+00:00","og_image":[{"width":1280,"height":853,"url":"https:\/\/meusitejuridico.editorajuspodivm.com.br\/s.meusitejuridico\/2020\/02\/759b23b1-shutterstock-148465085.jpg","type":"image\/jpeg"}],"author":"Rodrigo Leite","twitter_card":"summary_large_image","twitter_creator":"@rodrigocrleite","twitter_misc":{"Escrito por":"Rodrigo Leite","Est. tempo de leitura":"2 minutos"},"schema":{"@context":"https:\/\/schema.org","@graph":[{"@type":"Article","@id":"https:\/\/meusitejuridico.editorajuspodivm.com.br\/2022\/09\/08\/resumo-informativo-1-065-do-stf-de-02-de-setembro-de-2022\/#article","isPartOf":{"@id":"https:\/\/meusitejuridico.editorajuspodivm.com.br\/2022\/09\/08\/resumo-informativo-1-065-do-stf-de-02-de-setembro-de-2022\/"},"author":{"name":"Rodrigo Leite","@id":"https:\/\/meusitejuridico.editorajuspodivm.com.br\/#\/schema\/person\/ae56313f17950dccef13d0989efd6d50"},"headline":"Resumo &#8211; Informativo 1.065 do STF, de 02 de setembro de 2022","datePublished":"2022-09-08T11:54:15+00:00","dateModified":"2022-09-08T11:54:16+00:00","mainEntityOfPage":{"@id":"https:\/\/meusitejuridico.editorajuspodivm.com.br\/2022\/09\/08\/resumo-informativo-1-065-do-stf-de-02-de-setembro-de-2022\/"},"wordCount":406,"commentCount":0,"publisher":{"@id":"https:\/\/meusitejuridico.editorajuspodivm.com.br\/#organization"},"image":{"@id":"https:\/\/meusitejuridico.editorajuspodivm.com.br\/2022\/09\/08\/resumo-informativo-1-065-do-stf-de-02-de-setembro-de-2022\/#primaryimage"},"thumbnailUrl":"https:\/\/webmail.meusitejuridico.com.br\/s.meusitejuridico\/2020\/02\/759b23b1-shutterstock-148465085.jpg","articleSection":["Informativos"],"inLanguage":"pt-BR","potentialAction":[{"@type":"CommentAction","name":"Comment","target":["https:\/\/meusitejuridico.editorajuspodivm.com.br\/2022\/09\/08\/resumo-informativo-1-065-do-stf-de-02-de-setembro-de-2022\/#respond"]}]},{"@type":"WebPage","@id":"https:\/\/meusitejuridico.editorajuspodivm.com.br\/2022\/09\/08\/resumo-informativo-1-065-do-stf-de-02-de-setembro-de-2022\/","url":"https:\/\/meusitejuridico.editorajuspodivm.com.br\/2022\/09\/08\/resumo-informativo-1-065-do-stf-de-02-de-setembro-de-2022\/","name":"Resumo - Informativo 1.065 do STF, de 02 de setembro de 2022 - Meu site jur\u00eddico","isPartOf":{"@id":"https:\/\/meusitejuridico.editorajuspodivm.com.br\/#website"},"primaryImageOfPage":{"@id":"https:\/\/meusitejuridico.editorajuspodivm.com.br\/2022\/09\/08\/resumo-informativo-1-065-do-stf-de-02-de-setembro-de-2022\/#primaryimage"},"image":{"@id":"https:\/\/meusitejuridico.editorajuspodivm.com.br\/2022\/09\/08\/resumo-informativo-1-065-do-stf-de-02-de-setembro-de-2022\/#primaryimage"},"thumbnailUrl":"https:\/\/webmail.meusitejuridico.com.br\/s.meusitejuridico\/2020\/02\/759b23b1-shutterstock-148465085.jpg","datePublished":"2022-09-08T11:54:15+00:00","dateModified":"2022-09-08T11:54:16+00:00","breadcrumb":{"@id":"https:\/\/meusitejuridico.editorajuspodivm.com.br\/2022\/09\/08\/resumo-informativo-1-065-do-stf-de-02-de-setembro-de-2022\/#breadcrumb"},"inLanguage":"pt-BR","potentialAction":[{"@type":"ReadAction","target":["https:\/\/meusitejuridico.editorajuspodivm.com.br\/2022\/09\/08\/resumo-informativo-1-065-do-stf-de-02-de-setembro-de-2022\/"]}]},{"@type":"ImageObject","inLanguage":"pt-BR","@id":"https:\/\/meusitejuridico.editorajuspodivm.com.br\/2022\/09\/08\/resumo-informativo-1-065-do-stf-de-02-de-setembro-de-2022\/#primaryimage","url":"https:\/\/webmail.meusitejuridico.com.br\/s.meusitejuridico\/2020\/02\/759b23b1-shutterstock-148465085.jpg","contentUrl":"https:\/\/webmail.meusitejuridico.com.br\/s.meusitejuridico\/2020\/02\/759b23b1-shutterstock-148465085.jpg","width":1280,"height":853},{"@type":"BreadcrumbList","@id":"https:\/\/meusitejuridico.editorajuspodivm.com.br\/2022\/09\/08\/resumo-informativo-1-065-do-stf-de-02-de-setembro-de-2022\/#breadcrumb","itemListElement":[{"@type":"ListItem","position":1,"name":"In\u00edcio","item":"https:\/\/meusitejuridico.editorajuspodivm.com.br\/"},{"@type":"ListItem","position":2,"name":"Resumo &#8211; Informativo 1.065 do STF, de 02 de setembro de 2022"}]},{"@type":"WebSite","@id":"https:\/\/meusitejuridico.editorajuspodivm.com.br\/#website","url":"https:\/\/meusitejuridico.editorajuspodivm.com.br\/","name":"Meu site jur\u00eddico","description":"Meu site jur\u00eddico","publisher":{"@id":"https:\/\/meusitejuridico.editorajuspodivm.com.br\/#organization"},"potentialAction":[{"@type":"SearchAction","target":{"@type":"EntryPoint","urlTemplate":"https:\/\/meusitejuridico.editorajuspodivm.com.br\/?s={search_term_string}"},"query-input":{"@type":"PropertyValueSpecification","valueRequired":true,"valueName":"search_term_string"}}],"inLanguage":"pt-BR"},{"@type":"Organization","@id":"https:\/\/meusitejuridico.editorajuspodivm.com.br\/#organization","name":"Meu site jur\u00eddico","url":"https:\/\/meusitejuridico.editorajuspodivm.com.br\/","logo":{"@type":"ImageObject","inLanguage":"pt-BR","@id":"https:\/\/meusitejuridico.editorajuspodivm.com.br\/#\/schema\/logo\/image\/","url":"https:\/\/webmail.meusitejuridico.com.br\/s.meusitejuridico\/2022\/03\/cropped-baeec2a3-msj-02-01-01.png","contentUrl":"https:\/\/webmail.meusitejuridico.com.br\/s.meusitejuridico\/2022\/03\/cropped-baeec2a3-msj-02-01-01.png","width":349,"height":243,"caption":"Meu site jur\u00eddico"},"image":{"@id":"https:\/\/meusitejuridico.editorajuspodivm.com.br\/#\/schema\/logo\/image\/"}},{"@type":"Person","@id":"https:\/\/meusitejuridico.editorajuspodivm.com.br\/#\/schema\/person\/ae56313f17950dccef13d0989efd6d50","name":"Rodrigo Leite","image":{"@type":"ImageObject","inLanguage":"pt-BR","@id":"https:\/\/meusitejuridico.editorajuspodivm.com.br\/#\/schema\/person\/image\/","url":"https:\/\/webmail.meusitejuridico.com.br\/s.meusitejuridico\/2021\/05\/8455192b-foto-site-rodrigo-leite-150x150.jpeg","contentUrl":"https:\/\/webmail.meusitejuridico.com.br\/s.meusitejuridico\/2021\/05\/8455192b-foto-site-rodrigo-leite-150x150.jpeg","caption":"Rodrigo Leite"},"description":"Coautor do livro \u201cAn\u00e1lise das Diverg\u00eancias Jurisprudenciais no STF e STJ\u201d, Editora Juspodivm. Autor do livro \u201cTombamento \u2013 Vol. 36 \u2013 Cole\u00e7\u00e3o Leis Especiais para Concursos\u201d, Editora Juspodivm. Autor do livro \u201cDesapropria\u00e7\u00e3o \u2013 Vol. 39 \u2013 Cole\u00e7\u00e3o Especiais para Concursos\u201d, Editora Juspodivm. Coautor do livro \u201cSaberes Jurisprudenciais\u201d, Editora Saraiva. Coorganizador do livro \u201cCPC na Jurisprud\u00eancia\", Editora Foco. Especialista em Direito P\u00fablico e Direito Processual Civil. Mestre em Direito Constitucional. Professor da P\u00f3s-gradua\u00e7\u00e3o em Direito Civil da Rede Anhaguera-Kroton. M\u00e1ster Universit\u00e1rio em Direito Constitucional pela Universidad Del Pa\u00eds Vasco, San Sebasti\u00e1n, Espanha. Advogado licenciado. Analista Judici\u00e1rio do TJRN. Assessor de Desembargador do TJRN.","sameAs":["https:\/\/www.editorajuspodivm.com.br\/autores\/detalhe\/85","https:\/\/www.instagram.com\/rodrigocrleite\/","https:\/\/x.com\/rodrigocrleite"],"url":"https:\/\/webmail.meusitejuridico.com.br\/author\/rodrigoleiterodrigoleite\/"}]}},"_links":{"self":[{"href":"https:\/\/webmail.meusitejuridico.com.br\/api\/wp\/v2\/posts\/16929","targetHints":{"allow":["GET"]}}],"collection":[{"href":"https:\/\/webmail.meusitejuridico.com.br\/api\/wp\/v2\/posts"}],"about":[{"href":"https:\/\/webmail.meusitejuridico.com.br\/api\/wp\/v2\/types\/post"}],"author":[{"embeddable":true,"href":"https:\/\/webmail.meusitejuridico.com.br\/api\/wp\/v2\/users\/131"}],"replies":[{"embeddable":true,"href":"https:\/\/webmail.meusitejuridico.com.br\/api\/wp\/v2\/comments?post=16929"}],"version-history":[{"count":1,"href":"https:\/\/webmail.meusitejuridico.com.br\/api\/wp\/v2\/posts\/16929\/revisions"}],"predecessor-version":[{"id":16930,"href":"https:\/\/webmail.meusitejuridico.com.br\/api\/wp\/v2\/posts\/16929\/revisions\/16930"}],"wp:featuredmedia":[{"embeddable":true,"href":"https:\/\/webmail.meusitejuridico.com.br\/api\/wp\/v2\/media\/10191"}],"wp:attachment":[{"href":"https:\/\/webmail.meusitejuridico.com.br\/api\/wp\/v2\/media?parent=16929"}],"wp:term":[{"taxonomy":"category","embeddable":true,"href":"https:\/\/webmail.meusitejuridico.com.br\/api\/wp\/v2\/categories?post=16929"},{"taxonomy":"post_tag","embeddable":true,"href":"https:\/\/webmail.meusitejuridico.com.br\/api\/wp\/v2\/tags?post=16929"}],"curies":[{"name":"wp","href":"https:\/\/api.w.org\/{rel}","templated":true}]}}