{"id":16897,"date":"2022-08-30T06:56:12","date_gmt":"2022-08-30T09:56:12","guid":{"rendered":"https:\/\/meusitejuridico.editorajuspodivm.com.br\/?p=16897"},"modified":"2022-08-30T06:56:12","modified_gmt":"2022-08-30T09:56:12","slug":"resumo-informativos-1-063-e-1-064-do-stf","status":"publish","type":"post","link":"https:\/\/webmail.meusitejuridico.com.br\/2022\/08\/30\/resumo-informativos-1-063-e-1-064-do-stf\/","title":{"rendered":"Resumo &#8211; Informativos 1.063 e 1.064 do STF"},"content":{"rendered":"\n<p><strong>INFO 1.063<\/strong><\/p>\n\n\n\n<p><strong>PLEN\u00c1RIO<\/strong><\/p>\n\n\n\n<p>&#8211; \u00c9 inconstitucional, por violar os arts. 21, XI, 22, IV, e 48, XII da CF\/1988, norma estadual que pro\u00edbe concession\u00e1rias de servi\u00e7os de telecomunica\u00e7\u00e3o de ofertarem e comercializarem servi\u00e7o de valor adicionado (SVA) \u2013 <strong>ADI 6199\/PE<\/strong>, julgamento finalizado em 15\/08\/2022.<\/p>\n\n\n\n<p>&#8211; \u00c9 inconstitucional norma do provimento do Conselho da Magistratura estadual que pro\u00edbe o juiz de converter os autos de pris\u00e3o em flagrante em dilig\u00eancia<strong>.<\/strong> A possibilidade de ordenar dilig\u00eancias pr\u00e9vias consiste em prerrogativa inafast\u00e1vel do magistrado \u2013 <strong>ADI 4662\/SP<\/strong>, julgamento finalizado em 15\/08\/2022.<\/p>\n\n\n\n<p>&#8211; <a>\u00c9 inconstitucional, por invadir a compet\u00eancia municipal para legislar sobre assuntos de interesse local (CF\/1988, art. 30, I e V), lei estadual que concede, por per\u00edodo determinado, isen\u00e7\u00e3o das tarifas de \u00e1gua e esgoto e de energia el\u00e9trica aos consumidores residenciais, industriais e comerciais<\/a>. N\u00e3o cabe \u00e0s leis estaduais a interfer\u00eancia em contratos de concess\u00e3o de servi\u00e7os federal e municipal, alterando condi\u00e7\u00f5es que impactam na equa\u00e7\u00e3o econ\u00f4mico-financeira \u2013<strong> ADI 6912\/MG<\/strong>, julgamento finalizado em 15\/08\/2022.<\/p>\n\n\n\n<p>&#8211; \u00c9 inconstitucional lei estadual que prev\u00ea movimenta\u00e7\u00e3o funcional entre membros do Minist\u00e9rio P\u00fablico, mediante procedimentos e crit\u00e9rios diversos dos estabelecidos pelo modelo federal \u2013 <strong>ADI 6328\/GO<\/strong>, julgamento finalizado em 15\/08\/2022.<\/p>\n\n\n\n<p>_______________<\/p>\n\n\n\n<p> <strong>INFO 1.064<\/strong> <\/p>\n\n\n\n<p><strong>PLEN\u00c1RIO<\/strong><\/p>\n\n\n\n<p>&#8211; \u00c9 inconstitucional, por viola\u00e7\u00e3o ao princ\u00edpio democr\u00e1tico, norma de Constitui\u00e7\u00e3o estadual que, a pretexto de disciplinar a dupla vac\u00e2ncia no \u00faltimo bi\u00eanio do mandato do chefe do Poder Executivo, suprime a realiza\u00e7\u00e3o de elei\u00e7\u00f5es \u2013 <strong>ADI 7137\/SP<\/strong> e <strong>ADI 7142\/AC<\/strong>, julgamento finalizado em 19\/08\/2022.<\/p>\n\n\n\n<p>&#8211; \u00c9 inconstitucional, por viola\u00e7\u00e3o ao princ\u00edpio da simetria e \u00e0 compet\u00eancia privativa da Uni\u00e3o para legislar sobre o tema (CF\/1988, art. 22, I), norma de Constitui\u00e7\u00e3o estadual que amplia o rol de autoridades sujeitas \u00e0 fiscaliza\u00e7\u00e3o direta pelo Poder Legislativo e \u00e0 san\u00e7\u00e3o por crime de responsabilidade \u2013 <strong>ADI 6640\/PE<\/strong> e <strong>ADI 6645\/AM<\/strong>, julgamento finalizado em 19\/08\/2022.<\/p>\n\n\n\n<p>&#8211; \u00c9 inconstitucional, por violar o art. 22, I, da CF\/1988, norma distrital que obriga os sindicatos a divulgarem na <em>internet<\/em> a presta\u00e7\u00e3o de contas das verbas recebidas a t\u00edtulo de contribui\u00e7\u00e3o confederativa, sindical e de outros recursos recebidos do Distrito Federal. N\u00e3o se admite que ente federativo diverso imponha esp\u00e9cie de obriga\u00e7\u00e3o tribut\u00e1ria acess\u00f3ria a entes destinat\u00e1rios de exa\u00e7\u00e3o\u2013 <strong>ADI 5349\/DF<\/strong>, julgamento finalizado em 19\/08\/2022.<\/p>\n\n\n\n<p>***<\/p>\n\n\n\n<p><strong>Telegram<\/strong>:<strong>&nbsp;<\/strong><a href=\"https:\/\/t.me\/pilulasjuridicasSTFSTJ\" target=\"_blank\" rel=\"noreferrer noopener\"><strong>https:\/\/t.me\/pilulasjuridicasSTFSTJ<\/strong><\/a><strong>&nbsp;| Instagram: @rodrigocrleite<\/strong><\/p>\n","protected":false},"excerpt":{"rendered":"<p>INFO 1.063 PLEN\u00c1RIO &#8211; \u00c9 inconstitucional, por violar os arts. 21, XI, 22, IV, e 48, XII da CF\/1988, norma estadual que pro\u00edbe concession\u00e1rias de servi\u00e7os de telecomunica\u00e7\u00e3o de ofertarem e comercializarem servi\u00e7o de valor adicionado (SVA) \u2013 ADI 6199\/PE, julgamento finalizado em 15\/08\/2022. &#8211; \u00c9 inconstitucional norma do provimento do Conselho da Magistratura estadual [&hellip;]<\/p>\n","protected":false},"author":131,"featured_media":11525,"comment_status":"open","ping_status":"open","sticky":false,"template":"","format":"standard","meta":{"_acf_changed":false,"footnotes":""},"categories":[70],"tags":[],"class_list":["post-16897","post","type-post","status-publish","format-standard","has-post-thumbnail","hentry","category-informativos-comentados"],"acf":[],"yoast_head":"<!-- This site is optimized with the Yoast SEO plugin v24.8.1 - https:\/\/yoast.com\/wordpress\/plugins\/seo\/ -->\n<title>Resumo - Informativos 1.063 e 1.064 do STF - Meu site jur\u00eddico<\/title>\n<meta name=\"robots\" content=\"index, follow, max-snippet:-1, max-image-preview:large, max-video-preview:-1\" \/>\n<link rel=\"canonical\" href=\"https:\/\/cdn.meusitejuridico.com.br\/2022\/08\/30\/resumo-informativos-1-063-e-1-064-do-stf\/\" \/>\n<meta property=\"og:locale\" content=\"pt_BR\" \/>\n<meta property=\"og:type\" content=\"article\" \/>\n<meta property=\"og:title\" content=\"Resumo - Informativos 1.063 e 1.064 do STF - Meu site jur\u00eddico\" \/>\n<meta property=\"og:description\" content=\"INFO 1.063 PLEN\u00c1RIO &#8211; \u00c9 inconstitucional, por violar os arts. 21, XI, 22, IV, e 48, XII da CF\/1988, norma estadual que pro\u00edbe concession\u00e1rias de servi\u00e7os de telecomunica\u00e7\u00e3o de ofertarem e comercializarem servi\u00e7o de valor adicionado (SVA) \u2013 ADI 6199\/PE, julgamento finalizado em 15\/08\/2022. &#8211; \u00c9 inconstitucional norma do provimento do Conselho da Magistratura estadual [&hellip;]\" \/>\n<meta property=\"og:url\" content=\"https:\/\/cdn.meusitejuridico.com.br\/2022\/08\/30\/resumo-informativos-1-063-e-1-064-do-stf\/\" \/>\n<meta property=\"og:site_name\" content=\"Meu site jur\u00eddico\" \/>\n<meta property=\"article:published_time\" content=\"2022-08-30T09:56:12+00:00\" \/>\n<meta property=\"og:image\" content=\"https:\/\/cdn.meusitejuridico.com.br\/s.meusitejuridico\/2020\/07\/ee654a7c-books.jpg\" \/>\n\t<meta property=\"og:image:width\" content=\"400\" \/>\n\t<meta property=\"og:image:height\" content=\"266\" \/>\n\t<meta property=\"og:image:type\" content=\"image\/jpeg\" \/>\n<meta name=\"author\" content=\"Rodrigo Leite\" \/>\n<meta name=\"twitter:card\" content=\"summary_large_image\" \/>\n<meta name=\"twitter:creator\" content=\"@rodrigocrleite\" \/>\n<meta name=\"twitter:label1\" content=\"Escrito por\" \/>\n\t<meta name=\"twitter:data1\" content=\"Rodrigo Leite\" \/>\n\t<meta name=\"twitter:label2\" content=\"Est. tempo de leitura\" \/>\n\t<meta name=\"twitter:data2\" content=\"2 minutos\" \/>\n<script type=\"application\/ld+json\" class=\"yoast-schema-graph\">{\"@context\":\"https:\/\/schema.org\",\"@graph\":[{\"@type\":\"Article\",\"@id\":\"https:\/\/cdn.meusitejuridico.com.br\/2022\/08\/30\/resumo-informativos-1-063-e-1-064-do-stf\/#article\",\"isPartOf\":{\"@id\":\"https:\/\/cdn.meusitejuridico.com.br\/2022\/08\/30\/resumo-informativos-1-063-e-1-064-do-stf\/\"},\"author\":{\"name\":\"Rodrigo Leite\",\"@id\":\"https:\/\/meusitejuridico.editorajuspodivm.com.br\/#\/schema\/person\/ae56313f17950dccef13d0989efd6d50\"},\"headline\":\"Resumo &#8211; Informativos 1.063 e 1.064 do STF\",\"datePublished\":\"2022-08-30T09:56:12+00:00\",\"mainEntityOfPage\":{\"@id\":\"https:\/\/cdn.meusitejuridico.com.br\/2022\/08\/30\/resumo-informativos-1-063-e-1-064-do-stf\/\"},\"wordCount\":403,\"commentCount\":0,\"publisher\":{\"@id\":\"https:\/\/meusitejuridico.editorajuspodivm.com.br\/#organization\"},\"image\":{\"@id\":\"https:\/\/cdn.meusitejuridico.com.br\/2022\/08\/30\/resumo-informativos-1-063-e-1-064-do-stf\/#primaryimage\"},\"thumbnailUrl\":\"https:\/\/webmail.meusitejuridico.com.br\/s.meusitejuridico\/2020\/07\/ee654a7c-books.jpg\",\"articleSection\":[\"Informativos\"],\"inLanguage\":\"pt-BR\",\"potentialAction\":[{\"@type\":\"CommentAction\",\"name\":\"Comment\",\"target\":[\"https:\/\/cdn.meusitejuridico.com.br\/2022\/08\/30\/resumo-informativos-1-063-e-1-064-do-stf\/#respond\"]}]},{\"@type\":\"WebPage\",\"@id\":\"https:\/\/cdn.meusitejuridico.com.br\/2022\/08\/30\/resumo-informativos-1-063-e-1-064-do-stf\/\",\"url\":\"https:\/\/cdn.meusitejuridico.com.br\/2022\/08\/30\/resumo-informativos-1-063-e-1-064-do-stf\/\",\"name\":\"Resumo - Informativos 1.063 e 1.064 do STF - Meu site jur\u00eddico\",\"isPartOf\":{\"@id\":\"https:\/\/meusitejuridico.editorajuspodivm.com.br\/#website\"},\"primaryImageOfPage\":{\"@id\":\"https:\/\/cdn.meusitejuridico.com.br\/2022\/08\/30\/resumo-informativos-1-063-e-1-064-do-stf\/#primaryimage\"},\"image\":{\"@id\":\"https:\/\/cdn.meusitejuridico.com.br\/2022\/08\/30\/resumo-informativos-1-063-e-1-064-do-stf\/#primaryimage\"},\"thumbnailUrl\":\"https:\/\/webmail.meusitejuridico.com.br\/s.meusitejuridico\/2020\/07\/ee654a7c-books.jpg\",\"datePublished\":\"2022-08-30T09:56:12+00:00\",\"breadcrumb\":{\"@id\":\"https:\/\/cdn.meusitejuridico.com.br\/2022\/08\/30\/resumo-informativos-1-063-e-1-064-do-stf\/#breadcrumb\"},\"inLanguage\":\"pt-BR\",\"potentialAction\":[{\"@type\":\"ReadAction\",\"target\":[\"https:\/\/cdn.meusitejuridico.com.br\/2022\/08\/30\/resumo-informativos-1-063-e-1-064-do-stf\/\"]}]},{\"@type\":\"ImageObject\",\"inLanguage\":\"pt-BR\",\"@id\":\"https:\/\/cdn.meusitejuridico.com.br\/2022\/08\/30\/resumo-informativos-1-063-e-1-064-do-stf\/#primaryimage\",\"url\":\"https:\/\/webmail.meusitejuridico.com.br\/s.meusitejuridico\/2020\/07\/ee654a7c-books.jpg\",\"contentUrl\":\"https:\/\/webmail.meusitejuridico.com.br\/s.meusitejuridico\/2020\/07\/ee654a7c-books.jpg\",\"width\":400,\"height\":266},{\"@type\":\"BreadcrumbList\",\"@id\":\"https:\/\/cdn.meusitejuridico.com.br\/2022\/08\/30\/resumo-informativos-1-063-e-1-064-do-stf\/#breadcrumb\",\"itemListElement\":[{\"@type\":\"ListItem\",\"position\":1,\"name\":\"In\u00edcio\",\"item\":\"https:\/\/meusitejuridico.editorajuspodivm.com.br\/\"},{\"@type\":\"ListItem\",\"position\":2,\"name\":\"Resumo &#8211; Informativos 1.063 e 1.064 do STF\"}]},{\"@type\":\"WebSite\",\"@id\":\"https:\/\/meusitejuridico.editorajuspodivm.com.br\/#website\",\"url\":\"https:\/\/meusitejuridico.editorajuspodivm.com.br\/\",\"name\":\"Meu site jur\u00eddico\",\"description\":\"Meu site jur\u00eddico\",\"publisher\":{\"@id\":\"https:\/\/meusitejuridico.editorajuspodivm.com.br\/#organization\"},\"potentialAction\":[{\"@type\":\"SearchAction\",\"target\":{\"@type\":\"EntryPoint\",\"urlTemplate\":\"https:\/\/meusitejuridico.editorajuspodivm.com.br\/?s={search_term_string}\"},\"query-input\":{\"@type\":\"PropertyValueSpecification\",\"valueRequired\":true,\"valueName\":\"search_term_string\"}}],\"inLanguage\":\"pt-BR\"},{\"@type\":\"Organization\",\"@id\":\"https:\/\/meusitejuridico.editorajuspodivm.com.br\/#organization\",\"name\":\"Meu site jur\u00eddico\",\"url\":\"https:\/\/meusitejuridico.editorajuspodivm.com.br\/\",\"logo\":{\"@type\":\"ImageObject\",\"inLanguage\":\"pt-BR\",\"@id\":\"https:\/\/meusitejuridico.editorajuspodivm.com.br\/#\/schema\/logo\/image\/\",\"url\":\"https:\/\/webmail.meusitejuridico.com.br\/s.meusitejuridico\/2022\/03\/cropped-baeec2a3-msj-02-01-01.png\",\"contentUrl\":\"https:\/\/webmail.meusitejuridico.com.br\/s.meusitejuridico\/2022\/03\/cropped-baeec2a3-msj-02-01-01.png\",\"width\":349,\"height\":243,\"caption\":\"Meu site jur\u00eddico\"},\"image\":{\"@id\":\"https:\/\/meusitejuridico.editorajuspodivm.com.br\/#\/schema\/logo\/image\/\"}},{\"@type\":\"Person\",\"@id\":\"https:\/\/meusitejuridico.editorajuspodivm.com.br\/#\/schema\/person\/ae56313f17950dccef13d0989efd6d50\",\"name\":\"Rodrigo Leite\",\"image\":{\"@type\":\"ImageObject\",\"inLanguage\":\"pt-BR\",\"@id\":\"https:\/\/meusitejuridico.editorajuspodivm.com.br\/#\/schema\/person\/image\/\",\"url\":\"https:\/\/webmail.meusitejuridico.com.br\/s.meusitejuridico\/2021\/05\/8455192b-foto-site-rodrigo-leite-150x150.jpeg\",\"contentUrl\":\"https:\/\/webmail.meusitejuridico.com.br\/s.meusitejuridico\/2021\/05\/8455192b-foto-site-rodrigo-leite-150x150.jpeg\",\"caption\":\"Rodrigo Leite\"},\"description\":\"Coautor do livro \u201cAn\u00e1lise das Diverg\u00eancias Jurisprudenciais no STF e STJ\u201d, Editora Juspodivm. Autor do livro \u201cTombamento \u2013 Vol. 36 \u2013 Cole\u00e7\u00e3o Leis Especiais para Concursos\u201d, Editora Juspodivm. Autor do livro \u201cDesapropria\u00e7\u00e3o \u2013 Vol. 39 \u2013 Cole\u00e7\u00e3o Especiais para Concursos\u201d, Editora Juspodivm. Coautor do livro \u201cSaberes Jurisprudenciais\u201d, Editora Saraiva. Coorganizador do livro \u201cCPC na Jurisprud\u00eancia\\\", Editora Foco. Especialista em Direito P\u00fablico e Direito Processual Civil. Mestre em Direito Constitucional. Professor da P\u00f3s-gradua\u00e7\u00e3o em Direito Civil da Rede Anhaguera-Kroton. M\u00e1ster Universit\u00e1rio em Direito Constitucional pela Universidad Del Pa\u00eds Vasco, San Sebasti\u00e1n, Espanha. Advogado licenciado. Analista Judici\u00e1rio do TJRN. Assessor de Desembargador do TJRN.\",\"sameAs\":[\"https:\/\/www.editorajuspodivm.com.br\/autores\/detalhe\/85\",\"https:\/\/www.instagram.com\/rodrigocrleite\/\",\"https:\/\/x.com\/rodrigocrleite\"],\"url\":\"https:\/\/webmail.meusitejuridico.com.br\/author\/rodrigoleiterodrigoleite\/\"}]}<\/script>\n<!-- \/ Yoast SEO plugin. -->","yoast_head_json":{"title":"Resumo - Informativos 1.063 e 1.064 do STF - Meu site jur\u00eddico","robots":{"index":"index","follow":"follow","max-snippet":"max-snippet:-1","max-image-preview":"max-image-preview:large","max-video-preview":"max-video-preview:-1"},"canonical":"https:\/\/cdn.meusitejuridico.com.br\/2022\/08\/30\/resumo-informativos-1-063-e-1-064-do-stf\/","og_locale":"pt_BR","og_type":"article","og_title":"Resumo - Informativos 1.063 e 1.064 do STF - Meu site jur\u00eddico","og_description":"INFO 1.063 PLEN\u00c1RIO &#8211; \u00c9 inconstitucional, por violar os arts. 21, XI, 22, IV, e 48, XII da CF\/1988, norma estadual que pro\u00edbe concession\u00e1rias de servi\u00e7os de telecomunica\u00e7\u00e3o de ofertarem e comercializarem servi\u00e7o de valor adicionado (SVA) \u2013 ADI 6199\/PE, julgamento finalizado em 15\/08\/2022. &#8211; \u00c9 inconstitucional norma do provimento do Conselho da Magistratura estadual [&hellip;]","og_url":"https:\/\/cdn.meusitejuridico.com.br\/2022\/08\/30\/resumo-informativos-1-063-e-1-064-do-stf\/","og_site_name":"Meu site jur\u00eddico","article_published_time":"2022-08-30T09:56:12+00:00","og_image":[{"width":400,"height":266,"url":"https:\/\/cdn.meusitejuridico.com.br\/s.meusitejuridico\/2020\/07\/ee654a7c-books.jpg","type":"image\/jpeg"}],"author":"Rodrigo Leite","twitter_card":"summary_large_image","twitter_creator":"@rodrigocrleite","twitter_misc":{"Escrito por":"Rodrigo Leite","Est. tempo de leitura":"2 minutos"},"schema":{"@context":"https:\/\/schema.org","@graph":[{"@type":"Article","@id":"https:\/\/cdn.meusitejuridico.com.br\/2022\/08\/30\/resumo-informativos-1-063-e-1-064-do-stf\/#article","isPartOf":{"@id":"https:\/\/cdn.meusitejuridico.com.br\/2022\/08\/30\/resumo-informativos-1-063-e-1-064-do-stf\/"},"author":{"name":"Rodrigo Leite","@id":"https:\/\/meusitejuridico.editorajuspodivm.com.br\/#\/schema\/person\/ae56313f17950dccef13d0989efd6d50"},"headline":"Resumo &#8211; Informativos 1.063 e 1.064 do STF","datePublished":"2022-08-30T09:56:12+00:00","mainEntityOfPage":{"@id":"https:\/\/cdn.meusitejuridico.com.br\/2022\/08\/30\/resumo-informativos-1-063-e-1-064-do-stf\/"},"wordCount":403,"commentCount":0,"publisher":{"@id":"https:\/\/meusitejuridico.editorajuspodivm.com.br\/#organization"},"image":{"@id":"https:\/\/cdn.meusitejuridico.com.br\/2022\/08\/30\/resumo-informativos-1-063-e-1-064-do-stf\/#primaryimage"},"thumbnailUrl":"https:\/\/webmail.meusitejuridico.com.br\/s.meusitejuridico\/2020\/07\/ee654a7c-books.jpg","articleSection":["Informativos"],"inLanguage":"pt-BR","potentialAction":[{"@type":"CommentAction","name":"Comment","target":["https:\/\/cdn.meusitejuridico.com.br\/2022\/08\/30\/resumo-informativos-1-063-e-1-064-do-stf\/#respond"]}]},{"@type":"WebPage","@id":"https:\/\/cdn.meusitejuridico.com.br\/2022\/08\/30\/resumo-informativos-1-063-e-1-064-do-stf\/","url":"https:\/\/cdn.meusitejuridico.com.br\/2022\/08\/30\/resumo-informativos-1-063-e-1-064-do-stf\/","name":"Resumo - Informativos 1.063 e 1.064 do STF - Meu site jur\u00eddico","isPartOf":{"@id":"https:\/\/meusitejuridico.editorajuspodivm.com.br\/#website"},"primaryImageOfPage":{"@id":"https:\/\/cdn.meusitejuridico.com.br\/2022\/08\/30\/resumo-informativos-1-063-e-1-064-do-stf\/#primaryimage"},"image":{"@id":"https:\/\/cdn.meusitejuridico.com.br\/2022\/08\/30\/resumo-informativos-1-063-e-1-064-do-stf\/#primaryimage"},"thumbnailUrl":"https:\/\/webmail.meusitejuridico.com.br\/s.meusitejuridico\/2020\/07\/ee654a7c-books.jpg","datePublished":"2022-08-30T09:56:12+00:00","breadcrumb":{"@id":"https:\/\/cdn.meusitejuridico.com.br\/2022\/08\/30\/resumo-informativos-1-063-e-1-064-do-stf\/#breadcrumb"},"inLanguage":"pt-BR","potentialAction":[{"@type":"ReadAction","target":["https:\/\/cdn.meusitejuridico.com.br\/2022\/08\/30\/resumo-informativos-1-063-e-1-064-do-stf\/"]}]},{"@type":"ImageObject","inLanguage":"pt-BR","@id":"https:\/\/cdn.meusitejuridico.com.br\/2022\/08\/30\/resumo-informativos-1-063-e-1-064-do-stf\/#primaryimage","url":"https:\/\/webmail.meusitejuridico.com.br\/s.meusitejuridico\/2020\/07\/ee654a7c-books.jpg","contentUrl":"https:\/\/webmail.meusitejuridico.com.br\/s.meusitejuridico\/2020\/07\/ee654a7c-books.jpg","width":400,"height":266},{"@type":"BreadcrumbList","@id":"https:\/\/cdn.meusitejuridico.com.br\/2022\/08\/30\/resumo-informativos-1-063-e-1-064-do-stf\/#breadcrumb","itemListElement":[{"@type":"ListItem","position":1,"name":"In\u00edcio","item":"https:\/\/meusitejuridico.editorajuspodivm.com.br\/"},{"@type":"ListItem","position":2,"name":"Resumo &#8211; Informativos 1.063 e 1.064 do STF"}]},{"@type":"WebSite","@id":"https:\/\/meusitejuridico.editorajuspodivm.com.br\/#website","url":"https:\/\/meusitejuridico.editorajuspodivm.com.br\/","name":"Meu site jur\u00eddico","description":"Meu site jur\u00eddico","publisher":{"@id":"https:\/\/meusitejuridico.editorajuspodivm.com.br\/#organization"},"potentialAction":[{"@type":"SearchAction","target":{"@type":"EntryPoint","urlTemplate":"https:\/\/meusitejuridico.editorajuspodivm.com.br\/?s={search_term_string}"},"query-input":{"@type":"PropertyValueSpecification","valueRequired":true,"valueName":"search_term_string"}}],"inLanguage":"pt-BR"},{"@type":"Organization","@id":"https:\/\/meusitejuridico.editorajuspodivm.com.br\/#organization","name":"Meu site jur\u00eddico","url":"https:\/\/meusitejuridico.editorajuspodivm.com.br\/","logo":{"@type":"ImageObject","inLanguage":"pt-BR","@id":"https:\/\/meusitejuridico.editorajuspodivm.com.br\/#\/schema\/logo\/image\/","url":"https:\/\/webmail.meusitejuridico.com.br\/s.meusitejuridico\/2022\/03\/cropped-baeec2a3-msj-02-01-01.png","contentUrl":"https:\/\/webmail.meusitejuridico.com.br\/s.meusitejuridico\/2022\/03\/cropped-baeec2a3-msj-02-01-01.png","width":349,"height":243,"caption":"Meu site jur\u00eddico"},"image":{"@id":"https:\/\/meusitejuridico.editorajuspodivm.com.br\/#\/schema\/logo\/image\/"}},{"@type":"Person","@id":"https:\/\/meusitejuridico.editorajuspodivm.com.br\/#\/schema\/person\/ae56313f17950dccef13d0989efd6d50","name":"Rodrigo Leite","image":{"@type":"ImageObject","inLanguage":"pt-BR","@id":"https:\/\/meusitejuridico.editorajuspodivm.com.br\/#\/schema\/person\/image\/","url":"https:\/\/webmail.meusitejuridico.com.br\/s.meusitejuridico\/2021\/05\/8455192b-foto-site-rodrigo-leite-150x150.jpeg","contentUrl":"https:\/\/webmail.meusitejuridico.com.br\/s.meusitejuridico\/2021\/05\/8455192b-foto-site-rodrigo-leite-150x150.jpeg","caption":"Rodrigo Leite"},"description":"Coautor do livro \u201cAn\u00e1lise das Diverg\u00eancias Jurisprudenciais no STF e STJ\u201d, Editora Juspodivm. Autor do livro \u201cTombamento \u2013 Vol. 36 \u2013 Cole\u00e7\u00e3o Leis Especiais para Concursos\u201d, Editora Juspodivm. Autor do livro \u201cDesapropria\u00e7\u00e3o \u2013 Vol. 39 \u2013 Cole\u00e7\u00e3o Especiais para Concursos\u201d, Editora Juspodivm. Coautor do livro \u201cSaberes Jurisprudenciais\u201d, Editora Saraiva. Coorganizador do livro \u201cCPC na Jurisprud\u00eancia\", Editora Foco. Especialista em Direito P\u00fablico e Direito Processual Civil. Mestre em Direito Constitucional. Professor da P\u00f3s-gradua\u00e7\u00e3o em Direito Civil da Rede Anhaguera-Kroton. M\u00e1ster Universit\u00e1rio em Direito Constitucional pela Universidad Del Pa\u00eds Vasco, San Sebasti\u00e1n, Espanha. Advogado licenciado. Analista Judici\u00e1rio do TJRN. Assessor de Desembargador do TJRN.","sameAs":["https:\/\/www.editorajuspodivm.com.br\/autores\/detalhe\/85","https:\/\/www.instagram.com\/rodrigocrleite\/","https:\/\/x.com\/rodrigocrleite"],"url":"https:\/\/webmail.meusitejuridico.com.br\/author\/rodrigoleiterodrigoleite\/"}]}},"_links":{"self":[{"href":"https:\/\/webmail.meusitejuridico.com.br\/api\/wp\/v2\/posts\/16897","targetHints":{"allow":["GET"]}}],"collection":[{"href":"https:\/\/webmail.meusitejuridico.com.br\/api\/wp\/v2\/posts"}],"about":[{"href":"https:\/\/webmail.meusitejuridico.com.br\/api\/wp\/v2\/types\/post"}],"author":[{"embeddable":true,"href":"https:\/\/webmail.meusitejuridico.com.br\/api\/wp\/v2\/users\/131"}],"replies":[{"embeddable":true,"href":"https:\/\/webmail.meusitejuridico.com.br\/api\/wp\/v2\/comments?post=16897"}],"version-history":[{"count":2,"href":"https:\/\/webmail.meusitejuridico.com.br\/api\/wp\/v2\/posts\/16897\/revisions"}],"predecessor-version":[{"id":16899,"href":"https:\/\/webmail.meusitejuridico.com.br\/api\/wp\/v2\/posts\/16897\/revisions\/16899"}],"wp:featuredmedia":[{"embeddable":true,"href":"https:\/\/webmail.meusitejuridico.com.br\/api\/wp\/v2\/media\/11525"}],"wp:attachment":[{"href":"https:\/\/webmail.meusitejuridico.com.br\/api\/wp\/v2\/media?parent=16897"}],"wp:term":[{"taxonomy":"category","embeddable":true,"href":"https:\/\/webmail.meusitejuridico.com.br\/api\/wp\/v2\/categories?post=16897"},{"taxonomy":"post_tag","embeddable":true,"href":"https:\/\/webmail.meusitejuridico.com.br\/api\/wp\/v2\/tags?post=16897"}],"curies":[{"name":"wp","href":"https:\/\/api.w.org\/{rel}","templated":true}]}}