{"id":16895,"date":"2022-08-30T06:52:34","date_gmt":"2022-08-30T09:52:34","guid":{"rendered":"https:\/\/meusitejuridico.editorajuspodivm.com.br\/?p=16895"},"modified":"2022-08-30T06:52:35","modified_gmt":"2022-08-30T09:52:35","slug":"resumo-informativo-745-do-stj-de-22-de-agosto-de-2022","status":"publish","type":"post","link":"https:\/\/webmail.meusitejuridico.com.br\/2022\/08\/30\/resumo-informativo-745-do-stj-de-22-de-agosto-de-2022\/","title":{"rendered":"Resumo &#8211; Informativo 745 do STJ, de 22 de agosto de 2022"},"content":{"rendered":"\n<p><strong>RECURSOS REPETITIVOS<\/strong><\/p>\n\n\n\n<p>&#8211; \u00c9 vedada a utiliza\u00e7\u00e3o de inqu\u00e9ritos e\/ou a\u00e7\u00f5es penais em curso para impedir a aplica\u00e7\u00e3o do art. 33, \u00a7 4\u00ba, da Lei n. 11.343\/2006 \u2013 <strong>REsp 1.977.027-PR<\/strong>, julgado10\/08\/2022 (<strong>Tema 1139<\/strong>).<\/p>\n\n\n\n<p><strong>CORTE ESPECIAL<\/strong><\/p>\n\n\n\n<p>&#8211; Compete \u00e0s Turmas que comp\u00f5em a Segunda Se\u00e7\u00e3o do Superior Tribunal de Justi\u00e7a apreciar mandado de seguran\u00e7a em que se questiona a compatibilidade de atos praticados por Junta Comercial em face de normas de Direito Societ\u00e1rio \u2013 <strong>CC 179.662-DF<\/strong>, julgado em 17\/08\/2022.<\/p>\n\n\n\n<p><strong>PRIMEIRA TURMA<\/strong><strong><\/strong><\/p>\n\n\n\n<p>&#8211; N\u00e3o \u00e9 poss\u00edvel a condena\u00e7\u00e3o de prefeito ao ressarcimento de valores despendidos na realiza\u00e7\u00e3o dos trabalhos desenvolvidos com vista \u00e0 elabora\u00e7\u00e3o de Projeto de Lei, na hip\u00f3tese em que o ato administrativo encaminhado \u00e0 C\u00e2mara Municipal desconsidera a legisla\u00e7\u00e3o vigente, e \u00e9 praticado com desvio de finalidade &#8211; <strong>AREsp 1.408.660-SP<\/strong>, julgado em 16\/08\/2022.<\/p>\n\n\n\n<p>&#8211; \u00c9 poss\u00edvel a dedu\u00e7\u00e3o, na apura\u00e7\u00e3o do Imposto sobre a Renda de Pessoa Jur\u00eddica &#8211; IRPJ, pela sistem\u00e1tica do lucro real, da soma destinada ao pagamento de montante em raz\u00e3o da presta\u00e7\u00e3o de servi\u00e7os de administradores e conselheiros, ainda que n\u00e3o corresponda a valor mensal e fixo \u2013 <strong>REsp 1.746.268-SP<\/strong>, julgado em 16\/08\/2022.<\/p>\n\n\n\n<p><strong>SEGUNDA TURMA<\/strong><\/p>\n\n\n\n<p>&#8211; Ao Poder Judici\u00e1rio n\u00e3o cabe se imiscuir na decis\u00e3o administrativa da ANAC acerca da realoca\u00e7\u00e3o de <em>slots<\/em> e <em>hotrans <\/em>(hor\u00e1rios de transporte), servi\u00e7o prestado por empresa a\u00e9rea em recupera\u00e7\u00e3o judicial, a ponto de impor a observa\u00e7\u00e3o absoluta do princ\u00edpio da preserva\u00e7\u00e3o da empresa, quando inexistirem v\u00edcios objetivos na decis\u00e3o, mesmo em preju\u00edzos \u00e0 concorr\u00eancia do setor e aos usu\u00e1rios do servi\u00e7o p\u00fablico concedido &#8211; <strong>REsp 1.287.461-SP<\/strong>, julgado em 21\/06\/2022.<\/p>\n\n\n\n<p>&#8211; Incorre em negativa de presta\u00e7\u00e3o jurisdicional o tribunal que prolata ac\u00f3rd\u00e3o que, para resolver a controv\u00e9rsia, apoia-se em princ\u00edpios jur\u00eddicos sem proceder \u00e0 necess\u00e1ria densifica\u00e7\u00e3o, bem como emprega conceitos jur\u00eddicos indeterminados sem explicar o motivo concreto de sua incid\u00eancia no caso &#8211; <strong>REsp 1.999.967-AP<\/strong>, julgado em 17\/08\/2022.<\/p>\n\n\n\n<p>&#8211; O recurso que insiste em n\u00e3o atacar especificamente os fundamentos da decis\u00e3o recorrida seguidamente \u00e9 manifestamente inadmiss\u00edvel (dupla aplica\u00e7\u00e3o do art. 932, III, do CPC\/2015), devendo ser penalizado com a multa prevista no art. 1.021, \u00a74\u00ba, do CPC\/2015 &#8211; <strong>AgInt no AREsp 2.092.094-GO<\/strong>, julgado em 16\/08\/2022.<\/p>\n\n\n\n<p>&#8211; N\u00e3o cabe agravo de instrumento em execu\u00e7\u00f5es fiscais cujo valor n\u00e3o supere cinquenta Obriga\u00e7\u00f5es Reajust\u00e1veis do Tesouro Nacional \u2013 ORTNS &#8211; <strong>AREsp 1.751.847-SP<\/strong>, julgado em 16\/08\/2022.<\/p>\n\n\n\n<p><strong>TERCEIRA TURMA<\/strong><strong><\/strong><\/p>\n\n\n\n<p>&#8211; \u00c9 v\u00e1lida a condi\u00e7\u00e3o suspensiva que subordina a efic\u00e1cia do ato jur\u00eddico \u00e0 vontade do credor, em fun\u00e7\u00e3o de um interesse juridicamente relevante no resultado de uma determinada a\u00e7\u00e3o judicial &#8211; <strong>REsp 1.990.221-SC<\/strong>, julgado em 03\/05\/2022.<\/p>\n\n\n\n<p><strong>QUARTA TURMA<\/strong><strong><\/strong><\/p>\n\n\n\n<p>&#8211; \u00c9 cab\u00edvel revis\u00e3o judicial de contrato de loca\u00e7\u00e3o n\u00e3o residencial &#8211; empresa de <em>coworking <\/em>&#8211; com redu\u00e7\u00e3o proporcional do valor dos alugu\u00e9is em raz\u00e3o de fato superveniente decorrente da pandemia da Covid-19 &#8211; <strong>REsp 1.984.277-DF<\/strong>, julgado em 16\/08\/2022.<\/p>\n\n\n\n<p>&#8211; A empresa arrendat\u00e1ria e possuidora indireta de aeronave acidentada \u00e9 considerada respons\u00e1vel pelos danos provocados a terceiros em superf\u00edcie advindos de sua queda &#8211; <strong>REsp 1.785.404-SP<\/strong>, julgado em 16\/08\/2022.<\/p>\n\n\n\n<p>&#8211; O possuidor de aeronave acidentada \u00e9 considerado explorador e, nessa condi\u00e7\u00e3o, respons\u00e1vel pelos danos provocados aos a terceiros em superf\u00edcie advindos de sua queda &#8211; <strong>REsp 1.984.282-SP<\/strong>, julgado em 16\/08\/2022.<\/p>\n\n\n\n<p>&#8211; Cessado o comodato, o cond\u00f4mino privado da posse do im\u00f3vel tem direito ao recebimento de indeniza\u00e7\u00e3o equivalente aos alugu\u00e9is proporcionais ao seu quinh\u00e3o, dos propriet\u00e1rios que permaneceram na posse exclusiva do bem, os quais, caso n\u00e3o notificados extrajudicialmente, podem ser constitu\u00eddos em mora por meio da cita\u00e7\u00e3o nos autos da a\u00e7\u00e3o de arbitramento dos alugu\u00e9is &#8211; <strong>REsp 1.953.347-SP<\/strong>, julgado em 09\/08\/2022.<\/p>\n\n\n\n<p>&#8211; A empresa a\u00e9rea que disponibilizar a op\u00e7\u00e3o de resgate de passagens a\u00e9reas com &#8220;pontos&#8221; pela <em>internet<\/em> \u00e9 obrigada a assegurar que o cancelamento ou reembolso destas seja solicitado pelo mesmo meio &#8211; <strong>REsp 1.966.032-DF<\/strong>, julgado em 16\/08\/2022.<\/p>\n\n\n\n<p>&#8211; \u00c9 poss\u00edvel, por delibera\u00e7\u00e3o da Assembleia Geral de Credores, a aplica\u00e7\u00e3o do limite previsto no art. 83, I, da Lei n. 11.101\/2005 \u00e0s empresas em recupera\u00e7\u00e3o judicial, desde que devida e expressamente previsto pelo plano de recupera\u00e7\u00e3o judicial, instrumento adequado para dispor sobre forma de pagamento das d\u00edvidas da empresa em soerguimento &#8211; <strong>REsp 1.785.467-SP<\/strong>, julgado em 02\/08\/2022.<\/p>\n\n\n\n<p>&#8211; Os cr\u00e9ditos resultantes de honor\u00e1rios advocat\u00edcios t\u00eam natureza alimentar e equiparam-se aos trabalhistas para efeito de habilita\u00e7\u00e3o em fal\u00eancia ou recupera\u00e7\u00e3o judicial &#8211; <strong>REsp 1.785.467-SP<\/strong>, julgado em 02\/08\/2022.<\/p>\n\n\n\n<p>&#8211; O peticionamento nos autos por advogado destitu\u00eddo de poderes especiais para receber cita\u00e7\u00e3o n\u00e3o configura comparecimento espont\u00e2neo apto a suprir tal necessidade &#8211; <strong>RHC 168.440-MT<\/strong>, julgado em 16\/08\/2022.<\/p>\n\n\n\n<p><strong>SEXTA TURMA<\/strong><\/p>\n\n\n\n<p>&#8211; No concurso entre agravantes e atenuantes, a atenuante da confiss\u00e3o espont\u00e2nea deve preponderar sobre a agravante da dissimula\u00e7\u00e3o, nos termos do art. 67 do C\u00f3digo Penal &#8211; <strong>HC 557.224-PR<\/strong>, julgado em 16\/08\/2022.<\/p>\n\n\n\n<p>***<\/p>\n\n\n\n<p><strong>Telegram<\/strong>:<strong>&nbsp;<\/strong><a href=\"https:\/\/t.me\/pilulasjuridicasSTFSTJ\" target=\"_blank\" rel=\"noreferrer noopener\"><strong>https:\/\/t.me\/pilulasjuridicasSTFSTJ<\/strong><\/a><strong>&nbsp;| Instagram: @rodrigocrleite<\/strong><\/p>\n","protected":false},"excerpt":{"rendered":"<p>RECURSOS REPETITIVOS &#8211; \u00c9 vedada a utiliza\u00e7\u00e3o de inqu\u00e9ritos e\/ou a\u00e7\u00f5es penais em curso para impedir a aplica\u00e7\u00e3o do art. 33, \u00a7 4\u00ba, da Lei n. 11.343\/2006 \u2013 REsp 1.977.027-PR, julgado10\/08\/2022 (Tema 1139). CORTE ESPECIAL &#8211; Compete \u00e0s Turmas que comp\u00f5em a Segunda Se\u00e7\u00e3o do Superior Tribunal de Justi\u00e7a apreciar mandado de seguran\u00e7a em que [&hellip;]<\/p>\n","protected":false},"author":131,"featured_media":11858,"comment_status":"open","ping_status":"open","sticky":false,"template":"","format":"standard","meta":{"_acf_changed":false,"footnotes":""},"categories":[70],"tags":[],"class_list":["post-16895","post","type-post","status-publish","format-standard","has-post-thumbnail","hentry","category-informativos-comentados"],"acf":[],"yoast_head":"<!-- This site is optimized with the Yoast SEO plugin v24.8.1 - https:\/\/yoast.com\/wordpress\/plugins\/seo\/ -->\n<title>Resumo - Informativo 745 do STJ, de 22 de agosto de 2022 - Meu site jur\u00eddico<\/title>\n<meta name=\"robots\" content=\"index, follow, max-snippet:-1, max-image-preview:large, max-video-preview:-1\" \/>\n<link rel=\"canonical\" href=\"https:\/\/webmail.meusitejuridico.com.br\/2022\/08\/30\/resumo-informativo-745-do-stj-de-22-de-agosto-de-2022\/\" \/>\n<meta property=\"og:locale\" content=\"pt_BR\" \/>\n<meta property=\"og:type\" content=\"article\" \/>\n<meta property=\"og:title\" content=\"Resumo - Informativo 745 do STJ, de 22 de agosto de 2022 - Meu site jur\u00eddico\" \/>\n<meta property=\"og:description\" content=\"RECURSOS REPETITIVOS &#8211; \u00c9 vedada a utiliza\u00e7\u00e3o de inqu\u00e9ritos e\/ou a\u00e7\u00f5es penais em curso para impedir a aplica\u00e7\u00e3o do art. 33, \u00a7 4\u00ba, da Lei n. 11.343\/2006 \u2013 REsp 1.977.027-PR, julgado10\/08\/2022 (Tema 1139). CORTE ESPECIAL &#8211; Compete \u00e0s Turmas que comp\u00f5em a Segunda Se\u00e7\u00e3o do Superior Tribunal de Justi\u00e7a apreciar mandado de seguran\u00e7a em que [&hellip;]\" \/>\n<meta property=\"og:url\" content=\"https:\/\/webmail.meusitejuridico.com.br\/2022\/08\/30\/resumo-informativo-745-do-stj-de-22-de-agosto-de-2022\/\" \/>\n<meta property=\"og:site_name\" content=\"Meu site jur\u00eddico\" \/>\n<meta property=\"article:published_time\" content=\"2022-08-30T09:52:34+00:00\" \/>\n<meta property=\"article:modified_time\" content=\"2022-08-30T09:52:35+00:00\" \/>\n<meta property=\"og:image\" content=\"https:\/\/webmail.meusitejuridico.com.br\/s.meusitejuridico\/2020\/09\/e7fe3c74-shutterstock-1723862410.jpg\" \/>\n\t<meta property=\"og:image:width\" content=\"1000\" \/>\n\t<meta property=\"og:image:height\" content=\"667\" \/>\n\t<meta property=\"og:image:type\" content=\"image\/jpeg\" \/>\n<meta name=\"author\" content=\"Rodrigo Leite\" \/>\n<meta name=\"twitter:card\" content=\"summary_large_image\" \/>\n<meta name=\"twitter:creator\" content=\"@rodrigocrleite\" \/>\n<meta name=\"twitter:label1\" content=\"Escrito por\" \/>\n\t<meta name=\"twitter:data1\" content=\"Rodrigo Leite\" \/>\n\t<meta name=\"twitter:label2\" content=\"Est. tempo de leitura\" \/>\n\t<meta name=\"twitter:data2\" content=\"4 minutos\" \/>\n<script type=\"application\/ld+json\" class=\"yoast-schema-graph\">{\"@context\":\"https:\/\/schema.org\",\"@graph\":[{\"@type\":\"Article\",\"@id\":\"https:\/\/webmail.meusitejuridico.com.br\/2022\/08\/30\/resumo-informativo-745-do-stj-de-22-de-agosto-de-2022\/#article\",\"isPartOf\":{\"@id\":\"https:\/\/webmail.meusitejuridico.com.br\/2022\/08\/30\/resumo-informativo-745-do-stj-de-22-de-agosto-de-2022\/\"},\"author\":{\"name\":\"Rodrigo Leite\",\"@id\":\"https:\/\/meusitejuridico.editorajuspodivm.com.br\/#\/schema\/person\/ae56313f17950dccef13d0989efd6d50\"},\"headline\":\"Resumo &#8211; Informativo 745 do STJ, de 22 de agosto de 2022\",\"datePublished\":\"2022-08-30T09:52:34+00:00\",\"dateModified\":\"2022-08-30T09:52:35+00:00\",\"mainEntityOfPage\":{\"@id\":\"https:\/\/webmail.meusitejuridico.com.br\/2022\/08\/30\/resumo-informativo-745-do-stj-de-22-de-agosto-de-2022\/\"},\"wordCount\":863,\"commentCount\":0,\"publisher\":{\"@id\":\"https:\/\/meusitejuridico.editorajuspodivm.com.br\/#organization\"},\"image\":{\"@id\":\"https:\/\/webmail.meusitejuridico.com.br\/2022\/08\/30\/resumo-informativo-745-do-stj-de-22-de-agosto-de-2022\/#primaryimage\"},\"thumbnailUrl\":\"https:\/\/webmail.meusitejuridico.com.br\/s.meusitejuridico\/2020\/09\/e7fe3c74-shutterstock-1723862410.jpg\",\"articleSection\":[\"Informativos\"],\"inLanguage\":\"pt-BR\",\"potentialAction\":[{\"@type\":\"CommentAction\",\"name\":\"Comment\",\"target\":[\"https:\/\/webmail.meusitejuridico.com.br\/2022\/08\/30\/resumo-informativo-745-do-stj-de-22-de-agosto-de-2022\/#respond\"]}]},{\"@type\":\"WebPage\",\"@id\":\"https:\/\/webmail.meusitejuridico.com.br\/2022\/08\/30\/resumo-informativo-745-do-stj-de-22-de-agosto-de-2022\/\",\"url\":\"https:\/\/webmail.meusitejuridico.com.br\/2022\/08\/30\/resumo-informativo-745-do-stj-de-22-de-agosto-de-2022\/\",\"name\":\"Resumo - Informativo 745 do STJ, de 22 de agosto de 2022 - Meu site jur\u00eddico\",\"isPartOf\":{\"@id\":\"https:\/\/meusitejuridico.editorajuspodivm.com.br\/#website\"},\"primaryImageOfPage\":{\"@id\":\"https:\/\/webmail.meusitejuridico.com.br\/2022\/08\/30\/resumo-informativo-745-do-stj-de-22-de-agosto-de-2022\/#primaryimage\"},\"image\":{\"@id\":\"https:\/\/webmail.meusitejuridico.com.br\/2022\/08\/30\/resumo-informativo-745-do-stj-de-22-de-agosto-de-2022\/#primaryimage\"},\"thumbnailUrl\":\"https:\/\/webmail.meusitejuridico.com.br\/s.meusitejuridico\/2020\/09\/e7fe3c74-shutterstock-1723862410.jpg\",\"datePublished\":\"2022-08-30T09:52:34+00:00\",\"dateModified\":\"2022-08-30T09:52:35+00:00\",\"breadcrumb\":{\"@id\":\"https:\/\/webmail.meusitejuridico.com.br\/2022\/08\/30\/resumo-informativo-745-do-stj-de-22-de-agosto-de-2022\/#breadcrumb\"},\"inLanguage\":\"pt-BR\",\"potentialAction\":[{\"@type\":\"ReadAction\",\"target\":[\"https:\/\/webmail.meusitejuridico.com.br\/2022\/08\/30\/resumo-informativo-745-do-stj-de-22-de-agosto-de-2022\/\"]}]},{\"@type\":\"ImageObject\",\"inLanguage\":\"pt-BR\",\"@id\":\"https:\/\/webmail.meusitejuridico.com.br\/2022\/08\/30\/resumo-informativo-745-do-stj-de-22-de-agosto-de-2022\/#primaryimage\",\"url\":\"https:\/\/webmail.meusitejuridico.com.br\/s.meusitejuridico\/2020\/09\/e7fe3c74-shutterstock-1723862410.jpg\",\"contentUrl\":\"https:\/\/webmail.meusitejuridico.com.br\/s.meusitejuridico\/2020\/09\/e7fe3c74-shutterstock-1723862410.jpg\",\"width\":1000,\"height\":667},{\"@type\":\"BreadcrumbList\",\"@id\":\"https:\/\/webmail.meusitejuridico.com.br\/2022\/08\/30\/resumo-informativo-745-do-stj-de-22-de-agosto-de-2022\/#breadcrumb\",\"itemListElement\":[{\"@type\":\"ListItem\",\"position\":1,\"name\":\"In\u00edcio\",\"item\":\"https:\/\/meusitejuridico.editorajuspodivm.com.br\/\"},{\"@type\":\"ListItem\",\"position\":2,\"name\":\"Resumo &#8211; Informativo 745 do STJ, de 22 de agosto de 2022\"}]},{\"@type\":\"WebSite\",\"@id\":\"https:\/\/meusitejuridico.editorajuspodivm.com.br\/#website\",\"url\":\"https:\/\/meusitejuridico.editorajuspodivm.com.br\/\",\"name\":\"Meu site jur\u00eddico\",\"description\":\"Meu site jur\u00eddico\",\"publisher\":{\"@id\":\"https:\/\/meusitejuridico.editorajuspodivm.com.br\/#organization\"},\"potentialAction\":[{\"@type\":\"SearchAction\",\"target\":{\"@type\":\"EntryPoint\",\"urlTemplate\":\"https:\/\/meusitejuridico.editorajuspodivm.com.br\/?s={search_term_string}\"},\"query-input\":{\"@type\":\"PropertyValueSpecification\",\"valueRequired\":true,\"valueName\":\"search_term_string\"}}],\"inLanguage\":\"pt-BR\"},{\"@type\":\"Organization\",\"@id\":\"https:\/\/meusitejuridico.editorajuspodivm.com.br\/#organization\",\"name\":\"Meu site jur\u00eddico\",\"url\":\"https:\/\/meusitejuridico.editorajuspodivm.com.br\/\",\"logo\":{\"@type\":\"ImageObject\",\"inLanguage\":\"pt-BR\",\"@id\":\"https:\/\/meusitejuridico.editorajuspodivm.com.br\/#\/schema\/logo\/image\/\",\"url\":\"https:\/\/webmail.meusitejuridico.com.br\/s.meusitejuridico\/2022\/03\/cropped-baeec2a3-msj-02-01-01.png\",\"contentUrl\":\"https:\/\/webmail.meusitejuridico.com.br\/s.meusitejuridico\/2022\/03\/cropped-baeec2a3-msj-02-01-01.png\",\"width\":349,\"height\":243,\"caption\":\"Meu site jur\u00eddico\"},\"image\":{\"@id\":\"https:\/\/meusitejuridico.editorajuspodivm.com.br\/#\/schema\/logo\/image\/\"}},{\"@type\":\"Person\",\"@id\":\"https:\/\/meusitejuridico.editorajuspodivm.com.br\/#\/schema\/person\/ae56313f17950dccef13d0989efd6d50\",\"name\":\"Rodrigo Leite\",\"image\":{\"@type\":\"ImageObject\",\"inLanguage\":\"pt-BR\",\"@id\":\"https:\/\/meusitejuridico.editorajuspodivm.com.br\/#\/schema\/person\/image\/\",\"url\":\"https:\/\/webmail.meusitejuridico.com.br\/s.meusitejuridico\/2021\/05\/8455192b-foto-site-rodrigo-leite-150x150.jpeg\",\"contentUrl\":\"https:\/\/webmail.meusitejuridico.com.br\/s.meusitejuridico\/2021\/05\/8455192b-foto-site-rodrigo-leite-150x150.jpeg\",\"caption\":\"Rodrigo Leite\"},\"description\":\"Coautor do livro \u201cAn\u00e1lise das Diverg\u00eancias Jurisprudenciais no STF e STJ\u201d, Editora Juspodivm. Autor do livro \u201cTombamento \u2013 Vol. 36 \u2013 Cole\u00e7\u00e3o Leis Especiais para Concursos\u201d, Editora Juspodivm. Autor do livro \u201cDesapropria\u00e7\u00e3o \u2013 Vol. 39 \u2013 Cole\u00e7\u00e3o Especiais para Concursos\u201d, Editora Juspodivm. Coautor do livro \u201cSaberes Jurisprudenciais\u201d, Editora Saraiva. Coorganizador do livro \u201cCPC na Jurisprud\u00eancia\\\", Editora Foco. Especialista em Direito P\u00fablico e Direito Processual Civil. Mestre em Direito Constitucional. Professor da P\u00f3s-gradua\u00e7\u00e3o em Direito Civil da Rede Anhaguera-Kroton. M\u00e1ster Universit\u00e1rio em Direito Constitucional pela Universidad Del Pa\u00eds Vasco, San Sebasti\u00e1n, Espanha. Advogado licenciado. Analista Judici\u00e1rio do TJRN. Assessor de Desembargador do TJRN.\",\"sameAs\":[\"https:\/\/www.editorajuspodivm.com.br\/autores\/detalhe\/85\",\"https:\/\/www.instagram.com\/rodrigocrleite\/\",\"https:\/\/x.com\/rodrigocrleite\"],\"url\":\"https:\/\/webmail.meusitejuridico.com.br\/author\/rodrigoleiterodrigoleite\/\"}]}<\/script>\n<!-- \/ Yoast SEO plugin. -->","yoast_head_json":{"title":"Resumo - Informativo 745 do STJ, de 22 de agosto de 2022 - Meu site jur\u00eddico","robots":{"index":"index","follow":"follow","max-snippet":"max-snippet:-1","max-image-preview":"max-image-preview:large","max-video-preview":"max-video-preview:-1"},"canonical":"https:\/\/webmail.meusitejuridico.com.br\/2022\/08\/30\/resumo-informativo-745-do-stj-de-22-de-agosto-de-2022\/","og_locale":"pt_BR","og_type":"article","og_title":"Resumo - Informativo 745 do STJ, de 22 de agosto de 2022 - Meu site jur\u00eddico","og_description":"RECURSOS REPETITIVOS &#8211; \u00c9 vedada a utiliza\u00e7\u00e3o de inqu\u00e9ritos e\/ou a\u00e7\u00f5es penais em curso para impedir a aplica\u00e7\u00e3o do art. 33, \u00a7 4\u00ba, da Lei n. 11.343\/2006 \u2013 REsp 1.977.027-PR, julgado10\/08\/2022 (Tema 1139). CORTE ESPECIAL &#8211; Compete \u00e0s Turmas que comp\u00f5em a Segunda Se\u00e7\u00e3o do Superior Tribunal de Justi\u00e7a apreciar mandado de seguran\u00e7a em que [&hellip;]","og_url":"https:\/\/webmail.meusitejuridico.com.br\/2022\/08\/30\/resumo-informativo-745-do-stj-de-22-de-agosto-de-2022\/","og_site_name":"Meu site jur\u00eddico","article_published_time":"2022-08-30T09:52:34+00:00","article_modified_time":"2022-08-30T09:52:35+00:00","og_image":[{"width":1000,"height":667,"url":"https:\/\/webmail.meusitejuridico.com.br\/s.meusitejuridico\/2020\/09\/e7fe3c74-shutterstock-1723862410.jpg","type":"image\/jpeg"}],"author":"Rodrigo Leite","twitter_card":"summary_large_image","twitter_creator":"@rodrigocrleite","twitter_misc":{"Escrito por":"Rodrigo Leite","Est. tempo de leitura":"4 minutos"},"schema":{"@context":"https:\/\/schema.org","@graph":[{"@type":"Article","@id":"https:\/\/webmail.meusitejuridico.com.br\/2022\/08\/30\/resumo-informativo-745-do-stj-de-22-de-agosto-de-2022\/#article","isPartOf":{"@id":"https:\/\/webmail.meusitejuridico.com.br\/2022\/08\/30\/resumo-informativo-745-do-stj-de-22-de-agosto-de-2022\/"},"author":{"name":"Rodrigo Leite","@id":"https:\/\/meusitejuridico.editorajuspodivm.com.br\/#\/schema\/person\/ae56313f17950dccef13d0989efd6d50"},"headline":"Resumo &#8211; Informativo 745 do STJ, de 22 de agosto de 2022","datePublished":"2022-08-30T09:52:34+00:00","dateModified":"2022-08-30T09:52:35+00:00","mainEntityOfPage":{"@id":"https:\/\/webmail.meusitejuridico.com.br\/2022\/08\/30\/resumo-informativo-745-do-stj-de-22-de-agosto-de-2022\/"},"wordCount":863,"commentCount":0,"publisher":{"@id":"https:\/\/meusitejuridico.editorajuspodivm.com.br\/#organization"},"image":{"@id":"https:\/\/webmail.meusitejuridico.com.br\/2022\/08\/30\/resumo-informativo-745-do-stj-de-22-de-agosto-de-2022\/#primaryimage"},"thumbnailUrl":"https:\/\/webmail.meusitejuridico.com.br\/s.meusitejuridico\/2020\/09\/e7fe3c74-shutterstock-1723862410.jpg","articleSection":["Informativos"],"inLanguage":"pt-BR","potentialAction":[{"@type":"CommentAction","name":"Comment","target":["https:\/\/webmail.meusitejuridico.com.br\/2022\/08\/30\/resumo-informativo-745-do-stj-de-22-de-agosto-de-2022\/#respond"]}]},{"@type":"WebPage","@id":"https:\/\/webmail.meusitejuridico.com.br\/2022\/08\/30\/resumo-informativo-745-do-stj-de-22-de-agosto-de-2022\/","url":"https:\/\/webmail.meusitejuridico.com.br\/2022\/08\/30\/resumo-informativo-745-do-stj-de-22-de-agosto-de-2022\/","name":"Resumo - Informativo 745 do STJ, de 22 de agosto de 2022 - Meu site jur\u00eddico","isPartOf":{"@id":"https:\/\/meusitejuridico.editorajuspodivm.com.br\/#website"},"primaryImageOfPage":{"@id":"https:\/\/webmail.meusitejuridico.com.br\/2022\/08\/30\/resumo-informativo-745-do-stj-de-22-de-agosto-de-2022\/#primaryimage"},"image":{"@id":"https:\/\/webmail.meusitejuridico.com.br\/2022\/08\/30\/resumo-informativo-745-do-stj-de-22-de-agosto-de-2022\/#primaryimage"},"thumbnailUrl":"https:\/\/webmail.meusitejuridico.com.br\/s.meusitejuridico\/2020\/09\/e7fe3c74-shutterstock-1723862410.jpg","datePublished":"2022-08-30T09:52:34+00:00","dateModified":"2022-08-30T09:52:35+00:00","breadcrumb":{"@id":"https:\/\/webmail.meusitejuridico.com.br\/2022\/08\/30\/resumo-informativo-745-do-stj-de-22-de-agosto-de-2022\/#breadcrumb"},"inLanguage":"pt-BR","potentialAction":[{"@type":"ReadAction","target":["https:\/\/webmail.meusitejuridico.com.br\/2022\/08\/30\/resumo-informativo-745-do-stj-de-22-de-agosto-de-2022\/"]}]},{"@type":"ImageObject","inLanguage":"pt-BR","@id":"https:\/\/webmail.meusitejuridico.com.br\/2022\/08\/30\/resumo-informativo-745-do-stj-de-22-de-agosto-de-2022\/#primaryimage","url":"https:\/\/webmail.meusitejuridico.com.br\/s.meusitejuridico\/2020\/09\/e7fe3c74-shutterstock-1723862410.jpg","contentUrl":"https:\/\/webmail.meusitejuridico.com.br\/s.meusitejuridico\/2020\/09\/e7fe3c74-shutterstock-1723862410.jpg","width":1000,"height":667},{"@type":"BreadcrumbList","@id":"https:\/\/webmail.meusitejuridico.com.br\/2022\/08\/30\/resumo-informativo-745-do-stj-de-22-de-agosto-de-2022\/#breadcrumb","itemListElement":[{"@type":"ListItem","position":1,"name":"In\u00edcio","item":"https:\/\/meusitejuridico.editorajuspodivm.com.br\/"},{"@type":"ListItem","position":2,"name":"Resumo &#8211; Informativo 745 do STJ, de 22 de agosto de 2022"}]},{"@type":"WebSite","@id":"https:\/\/meusitejuridico.editorajuspodivm.com.br\/#website","url":"https:\/\/meusitejuridico.editorajuspodivm.com.br\/","name":"Meu site jur\u00eddico","description":"Meu site jur\u00eddico","publisher":{"@id":"https:\/\/meusitejuridico.editorajuspodivm.com.br\/#organization"},"potentialAction":[{"@type":"SearchAction","target":{"@type":"EntryPoint","urlTemplate":"https:\/\/meusitejuridico.editorajuspodivm.com.br\/?s={search_term_string}"},"query-input":{"@type":"PropertyValueSpecification","valueRequired":true,"valueName":"search_term_string"}}],"inLanguage":"pt-BR"},{"@type":"Organization","@id":"https:\/\/meusitejuridico.editorajuspodivm.com.br\/#organization","name":"Meu site jur\u00eddico","url":"https:\/\/meusitejuridico.editorajuspodivm.com.br\/","logo":{"@type":"ImageObject","inLanguage":"pt-BR","@id":"https:\/\/meusitejuridico.editorajuspodivm.com.br\/#\/schema\/logo\/image\/","url":"https:\/\/webmail.meusitejuridico.com.br\/s.meusitejuridico\/2022\/03\/cropped-baeec2a3-msj-02-01-01.png","contentUrl":"https:\/\/webmail.meusitejuridico.com.br\/s.meusitejuridico\/2022\/03\/cropped-baeec2a3-msj-02-01-01.png","width":349,"height":243,"caption":"Meu site jur\u00eddico"},"image":{"@id":"https:\/\/meusitejuridico.editorajuspodivm.com.br\/#\/schema\/logo\/image\/"}},{"@type":"Person","@id":"https:\/\/meusitejuridico.editorajuspodivm.com.br\/#\/schema\/person\/ae56313f17950dccef13d0989efd6d50","name":"Rodrigo Leite","image":{"@type":"ImageObject","inLanguage":"pt-BR","@id":"https:\/\/meusitejuridico.editorajuspodivm.com.br\/#\/schema\/person\/image\/","url":"https:\/\/webmail.meusitejuridico.com.br\/s.meusitejuridico\/2021\/05\/8455192b-foto-site-rodrigo-leite-150x150.jpeg","contentUrl":"https:\/\/webmail.meusitejuridico.com.br\/s.meusitejuridico\/2021\/05\/8455192b-foto-site-rodrigo-leite-150x150.jpeg","caption":"Rodrigo Leite"},"description":"Coautor do livro \u201cAn\u00e1lise das Diverg\u00eancias Jurisprudenciais no STF e STJ\u201d, Editora Juspodivm. Autor do livro \u201cTombamento \u2013 Vol. 36 \u2013 Cole\u00e7\u00e3o Leis Especiais para Concursos\u201d, Editora Juspodivm. Autor do livro \u201cDesapropria\u00e7\u00e3o \u2013 Vol. 39 \u2013 Cole\u00e7\u00e3o Especiais para Concursos\u201d, Editora Juspodivm. Coautor do livro \u201cSaberes Jurisprudenciais\u201d, Editora Saraiva. Coorganizador do livro \u201cCPC na Jurisprud\u00eancia\", Editora Foco. Especialista em Direito P\u00fablico e Direito Processual Civil. Mestre em Direito Constitucional. Professor da P\u00f3s-gradua\u00e7\u00e3o em Direito Civil da Rede Anhaguera-Kroton. M\u00e1ster Universit\u00e1rio em Direito Constitucional pela Universidad Del Pa\u00eds Vasco, San Sebasti\u00e1n, Espanha. Advogado licenciado. Analista Judici\u00e1rio do TJRN. Assessor de Desembargador do TJRN.","sameAs":["https:\/\/www.editorajuspodivm.com.br\/autores\/detalhe\/85","https:\/\/www.instagram.com\/rodrigocrleite\/","https:\/\/x.com\/rodrigocrleite"],"url":"https:\/\/webmail.meusitejuridico.com.br\/author\/rodrigoleiterodrigoleite\/"}]}},"_links":{"self":[{"href":"https:\/\/webmail.meusitejuridico.com.br\/api\/wp\/v2\/posts\/16895","targetHints":{"allow":["GET"]}}],"collection":[{"href":"https:\/\/webmail.meusitejuridico.com.br\/api\/wp\/v2\/posts"}],"about":[{"href":"https:\/\/webmail.meusitejuridico.com.br\/api\/wp\/v2\/types\/post"}],"author":[{"embeddable":true,"href":"https:\/\/webmail.meusitejuridico.com.br\/api\/wp\/v2\/users\/131"}],"replies":[{"embeddable":true,"href":"https:\/\/webmail.meusitejuridico.com.br\/api\/wp\/v2\/comments?post=16895"}],"version-history":[{"count":1,"href":"https:\/\/webmail.meusitejuridico.com.br\/api\/wp\/v2\/posts\/16895\/revisions"}],"predecessor-version":[{"id":16896,"href":"https:\/\/webmail.meusitejuridico.com.br\/api\/wp\/v2\/posts\/16895\/revisions\/16896"}],"wp:featuredmedia":[{"embeddable":true,"href":"https:\/\/webmail.meusitejuridico.com.br\/api\/wp\/v2\/media\/11858"}],"wp:attachment":[{"href":"https:\/\/webmail.meusitejuridico.com.br\/api\/wp\/v2\/media?parent=16895"}],"wp:term":[{"taxonomy":"category","embeddable":true,"href":"https:\/\/webmail.meusitejuridico.com.br\/api\/wp\/v2\/categories?post=16895"},{"taxonomy":"post_tag","embeddable":true,"href":"https:\/\/webmail.meusitejuridico.com.br\/api\/wp\/v2\/tags?post=16895"}],"curies":[{"name":"wp","href":"https:\/\/api.w.org\/{rel}","templated":true}]}}