{"id":16881,"date":"2022-08-25T07:59:53","date_gmt":"2022-08-25T10:59:53","guid":{"rendered":"https:\/\/meusitejuridico.editorajuspodivm.com.br\/?p=16881"},"modified":"2022-08-25T07:59:54","modified_gmt":"2022-08-25T10:59:54","slug":"resumo-informativo-744-do-stj-de-15-de-agosto-de-2022","status":"publish","type":"post","link":"https:\/\/webmail.meusitejuridico.com.br\/2022\/08\/25\/resumo-informativo-744-do-stj-de-15-de-agosto-de-2022\/","title":{"rendered":"Resumo &#8211; Informativo 744 do STJ, de 15 de agosto de 2022"},"content":{"rendered":"\n<p><strong>RECURSOS REPETITIVOS<\/strong><\/p>\n\n\n\n<p>&#8211; O ac\u00f3rd\u00e3o condenat\u00f3rio de que trata o inciso IV do art. 117 do C\u00f3digo Penal interrompe a prescri\u00e7\u00e3o, inclusive quando confirmat\u00f3rio de senten\u00e7a condenat\u00f3ria, seja mantendo, reduzindo ou aumentando a pena anteriormente imposta \u2013 <strong>REsp 1.930.130-MG<\/strong>, julgado em 10\/08\/2022, Tema 1100.<\/p>\n\n\n\n<p><strong>CORTE ESPECIAL<\/strong><\/p>\n\n\n\n<p>&#8211; Se o embargante invocar, como paradigmas, julgado de \u00f3rg\u00e3o fracion\u00e1rio de diferente Se\u00e7\u00e3o e tamb\u00e9m julgado de \u00f3rg\u00e3o fracion\u00e1rio da mesma Se\u00e7\u00e3o que prolatou o ac\u00f3rd\u00e3o embargado, caber\u00e1 \u00e0 Corte Especial proferir ju\u00edzo negativo de admissibilidade dos embargos de diverg\u00eancia se ausentes seus requisitos, somente devendo ser cindido o julgamento na hip\u00f3tese em que for admiss\u00edvel o pronunciamento de m\u00e9rito da Se\u00e7\u00e3o a qual est\u00e3o vinculados os \u00f3rg\u00e3os fracion\u00e1rios que proferiram os ac\u00f3rd\u00e3os paradigma e embargado \u2013 <strong>EAREsp 1.681.737-PR<\/strong>, julgado em 03\/08\/2022.<\/p>\n\n\n\n<p><strong>PRIMEIRA SE\u00c7\u00c3O<\/strong><strong><\/strong><\/p>\n\n\n\n<p>&#8211; No exerc\u00edcio de seu poder de autotutela, poder\u00e1 a Administra\u00e7\u00e3o P\u00fablica rever os atos de concess\u00e3o de anistia a cabos da Aeron\u00e1utica relativos \u00e0 Portaria n. 1.104\/1964, quando se comprovar a aus\u00eancia de ato com motiva\u00e7\u00e3o exclusivamente pol\u00edtica, assegurando-se ao anistiado, em procedimento administrativo, o devido processo legal e a n\u00e3o devolu\u00e7\u00e3o das verbas j\u00e1 recebidas \u2013 <strong>MS 20.187-DF<\/strong>, julgado em 10\/08\/2022.<\/p>\n\n\n\n<p>&#8211; At\u00e9 a edi\u00e7\u00e3o Medida Provis\u00f3ria 651\/2014, convertida na Lei n. 13.043\/2014, \u00e9 leg\u00edtima a incid\u00eancia do IRPJ e da CSSL sobre o REINTEGRA \u2013 <strong>AgInt no EREsp 1.668.885-PR<\/strong>,julgado em 10\/08\/2022.<\/p>\n\n\n\n<p><strong>SEGUNDA SE\u00c7\u00c3O<\/strong><\/p>\n\n\n\n<p>&#8211; O roubo de carga em transporte rodovi\u00e1rio, mediante uso de arma de fogo, exclui a responsabilidade da transportadora perante a seguradora do propriet\u00e1rio da mercadoria transportada, quando adotadas todas as cautelas que razoavelmente dela se poderia esperar, assim como a conduta direta do segurado que agravar o risco da cobertura contratada, por ato culposo ou doloso, acarreta a exonera\u00e7\u00e3o do dever da seguradora do pagamento da indeniza\u00e7\u00e3o \u2013 <strong>EREsp 1.577.162-SP<\/strong>,julgado em 10\/08\/2022.<\/p>\n\n\n\n<p>&#8211; Extinta a a\u00e7\u00e3o rescis\u00f3ria, por indeferimento da peti\u00e7\u00e3o inicial, sem aprecia\u00e7\u00e3o do m\u00e9rito, por meio de delibera\u00e7\u00e3o monocr\u00e1tica, o relator poder\u00e1 facultar, ao autor, o levantamento do dep\u00f3sito judicial previsto no art. 968, II, do CPC\/2015 \u2013 <strong>Processo sob segredo judicial<\/strong>,julgado em 10\/08\/2022.<\/p>\n\n\n\n<p><strong>TERCEIRA SE\u00c7\u00c3O<\/strong><strong><\/strong><\/p>\n\n\n\n<p>&#8211; A Terceira Se\u00e7\u00e3o deferiu o incidente de deslocamento de compet\u00eancia para a Justi\u00e7a Federal em raz\u00e3o da incapacidade dos agentes p\u00fablicos na condu\u00e7\u00e3o de investiga\u00e7\u00f5es, de identificar os autores dos homic\u00eddios\/execu\u00e7\u00f5es cometidos nos casos conhecidos como &#8220;Maio Sangrento&#8221; e &#8220;Chacina do Parque Bristol&#8221; \u2013 <strong>IDC 9-SP<\/strong>,julgado em 10\/08\/2022.<\/p>\n\n\n\n<p><strong>PRIMEIRA TURMA<\/strong><strong><\/strong><\/p>\n\n\n\n<p>&#8211; O oferecimento de den\u00fancia criminal por autoridade que, em raz\u00e3o de suas atribui\u00e7\u00f5es legais, seja obrigada a faz\u00ea-lo n\u00e3o a inabilita, s\u00f3 por isso, a desempenhar suas fun\u00e7\u00f5es como autoridade julgadora no processo administrativo \u2013 <strong>RMS 54.717-SP<\/strong>,julgado em 09\/08\/2022.<\/p>\n\n\n\n<p>&#8211; A pretens\u00e3o execut\u00f3ria de obriga\u00e7\u00f5es de fazer previstas em Termo de ajustamento de conduta (TAC) firmado para repara\u00e7\u00e3o de danos ambientais decorrentes de empreendimento imobili\u00e1rio, quando relacionadas a quest\u00f5es meramente patrimoniais, n\u00e3o visando a restaura\u00e7\u00e3o de bens de natureza ambiental, sujeita-se \u00e0 prescri\u00e7\u00e3o quinquenal \u2013 <strong>AREsp 1.941.907-RJ<\/strong>,julgado em 09\/08\/2022.<\/p>\n\n\n\n<p><strong>SEGUNDA TURMA<\/strong><\/p>\n\n\n\n<p>&#8211; A funda\u00e7\u00e3o privada de apoio \u00e0 universidade p\u00fablica presta servi\u00e7o p\u00fablico, raz\u00e3o pela qual responde objetivamente pelos preju\u00edzos causados a terceiros, submetendo-se a pretens\u00e3o indenizat\u00f3ria ao prazo prescricional quinquenal previsto no art. 1\u00ba-C da Lei n. 9.494\/1997 \u2013 <strong>AREsp 1.893.472-SP<\/strong>, julgado em 21\/06\/2022.<\/p>\n\n\n\n<p>&#8211; \u00c9 devida a restitui\u00e7\u00e3o da diferen\u00e7a do ICMS pago a mais no regime de substitui\u00e7\u00e3o tribut\u00e1ria para frente se a base de c\u00e1lculo efetiva da opera\u00e7\u00e3o for inferior \u00e0 presumida, sendo inaplic\u00e1vel a condi\u00e7\u00e3o de que trata o art. 166 do CTN \u2013 <strong>REsp 525.625-RS<\/strong>,julgado em 09\/08\/2022.<\/p>\n\n\n\n<p><strong>TERCEIRA TURMA<\/strong><strong><\/strong><\/p>\n\n\n\n<p>&#8211; O s\u00f3cio executado possui legitimidade e interesse recursal para impugnar a decis\u00e3o que defere o pedido de desconsidera\u00e7\u00e3o inversa da personalidade jur\u00eddica dos entes empresariais dos quais \u00e9 s\u00f3cio \u2013 <strong>REsp 1.980.607-DF<\/strong>,julgado em 09\/08\/2022.<\/p>\n\n\n\n<p>&#8211; Na vig\u00eancia da nova legisla\u00e7\u00e3o processual, o pronunciamento judicial que versa sobre a habilita\u00e7\u00e3o do cr\u00e9dito no invent\u00e1rio \u00e9 uma decis\u00e3o interlocut\u00f3ria a que se impugna por meio de agravo de instrumento com base no art. 1.015, par\u00e1grafo \u00fanico, do CPC\/2015 \u2013 <strong>REsp 1.963.966-SP<\/strong>,julgado em 03\/05\/2022.<\/p>\n\n\n\n<p><strong>QUARTA TURMA<\/strong><strong><\/strong><\/p>\n\n\n\n<p>&#8211; Na cobran\u00e7a de obriga\u00e7\u00e3o alimentar, \u00e9 cab\u00edvel a cumula\u00e7\u00e3o das medidas executivas de coer\u00e7\u00e3o pessoal e de expropria\u00e7\u00e3o no \u00e2mbito do mesmo procedimento executivo, desde que n\u00e3o haja preju\u00edzo ao devedor nem ocorra qualquer tumulto processual \u2013 <strong>Processo sob segredo judicial<\/strong>,julgado em 09\/08\/2022.<\/p>\n\n\n\n<p><strong>QUINTA TURMA<\/strong><strong><\/strong><\/p>\n\n\n\n<p>&#8211; O acesso ao <em>chip<\/em> telef\u00f4nico descartado pelo acusado em via p\u00fablica n\u00e3o se qualifica como quebra de sigilo telef\u00f4nico \u2013 <strong>HC 720.605-PR<\/strong>,julgado em 09\/08\/2022.<\/p>\n\n\n\n<p><strong>SEXTA TURMA<\/strong><\/p>\n\n\n\n<p>&#8211; Admite-se reconhecer a n\u00e3o punibilidade de um furto de coisa com valor insignificante, ainda que presentes antecedentes penais do agente, se n\u00e3o denotarem estes tratar-se de algu\u00e9m que se dedica, com habitualidade, a cometer crimes patrimoniais \u2013 <strong>AgRg no REsp 1.986.729-MG,<\/strong> julgado em 28\/06\/2022.<\/p>\n\n\n\n<p>________________________<\/p>\n\n\n\n<p><strong>Telegram<\/strong>:<strong>&nbsp;<\/strong><a href=\"https:\/\/t.me\/pilulasjuridicasSTFSTJ\" target=\"_blank\" rel=\"noreferrer noopener\"><strong>https:\/\/t.me\/pilulasjuridicasSTFSTJ<\/strong><\/a><strong>&nbsp;| Instagram: @rodrigocrleite<\/strong><\/p>\n","protected":false},"excerpt":{"rendered":"<p>RECURSOS REPETITIVOS &#8211; O ac\u00f3rd\u00e3o condenat\u00f3rio de que trata o inciso IV do art. 117 do C\u00f3digo Penal interrompe a prescri\u00e7\u00e3o, inclusive quando confirmat\u00f3rio de senten\u00e7a condenat\u00f3ria, seja mantendo, reduzindo ou aumentando a pena anteriormente imposta \u2013 REsp 1.930.130-MG, julgado em 10\/08\/2022, Tema 1100. CORTE ESPECIAL &#8211; Se o embargante invocar, como paradigmas, julgado de [&hellip;]<\/p>\n","protected":false},"author":131,"featured_media":4142,"comment_status":"open","ping_status":"open","sticky":false,"template":"","format":"standard","meta":{"_acf_changed":false,"footnotes":""},"categories":[70],"tags":[],"class_list":["post-16881","post","type-post","status-publish","format-standard","has-post-thumbnail","hentry","category-informativos-comentados"],"acf":[],"yoast_head":"<!-- This site is optimized with the Yoast SEO plugin v24.8.1 - https:\/\/yoast.com\/wordpress\/plugins\/seo\/ -->\n<title>Resumo - Informativo 744 do STJ, de 15 de agosto de 2022 - Meu site jur\u00eddico<\/title>\n<meta name=\"robots\" content=\"index, follow, max-snippet:-1, max-image-preview:large, max-video-preview:-1\" \/>\n<link rel=\"canonical\" href=\"https:\/\/meusitejuridico.editorajuspodivm.com.br\/2022\/08\/25\/resumo-informativo-744-do-stj-de-15-de-agosto-de-2022\/\" \/>\n<meta property=\"og:locale\" content=\"pt_BR\" \/>\n<meta property=\"og:type\" content=\"article\" \/>\n<meta property=\"og:title\" content=\"Resumo - Informativo 744 do STJ, de 15 de agosto de 2022 - Meu site jur\u00eddico\" \/>\n<meta property=\"og:description\" content=\"RECURSOS REPETITIVOS &#8211; O ac\u00f3rd\u00e3o condenat\u00f3rio de que trata o inciso IV do art. 117 do C\u00f3digo Penal interrompe a prescri\u00e7\u00e3o, inclusive quando confirmat\u00f3rio de senten\u00e7a condenat\u00f3ria, seja mantendo, reduzindo ou aumentando a pena anteriormente imposta \u2013 REsp 1.930.130-MG, julgado em 10\/08\/2022, Tema 1100. CORTE ESPECIAL &#8211; Se o embargante invocar, como paradigmas, julgado de [&hellip;]\" \/>\n<meta property=\"og:url\" content=\"https:\/\/meusitejuridico.editorajuspodivm.com.br\/2022\/08\/25\/resumo-informativo-744-do-stj-de-15-de-agosto-de-2022\/\" \/>\n<meta property=\"og:site_name\" content=\"Meu site jur\u00eddico\" \/>\n<meta property=\"article:published_time\" content=\"2022-08-25T10:59:53+00:00\" \/>\n<meta property=\"article:modified_time\" content=\"2022-08-25T10:59:54+00:00\" \/>\n<meta property=\"og:image\" content=\"https:\/\/meusitejuridico.editorajuspodivm.com.br\/s.meusitejuridico\/2017\/12\/d2133f8e-shutterstock-633750290.jpg\" \/>\n\t<meta property=\"og:image:width\" content=\"1000\" \/>\n\t<meta property=\"og:image:height\" content=\"667\" \/>\n\t<meta property=\"og:image:type\" content=\"image\/jpeg\" \/>\n<meta name=\"author\" content=\"Rodrigo Leite\" \/>\n<meta name=\"twitter:card\" content=\"summary_large_image\" \/>\n<meta name=\"twitter:creator\" content=\"@rodrigocrleite\" \/>\n<meta name=\"twitter:label1\" content=\"Escrito por\" \/>\n\t<meta name=\"twitter:data1\" content=\"Rodrigo Leite\" \/>\n\t<meta name=\"twitter:label2\" content=\"Est. tempo de leitura\" \/>\n\t<meta name=\"twitter:data2\" content=\"4 minutos\" \/>\n<script type=\"application\/ld+json\" class=\"yoast-schema-graph\">{\"@context\":\"https:\/\/schema.org\",\"@graph\":[{\"@type\":\"Article\",\"@id\":\"https:\/\/meusitejuridico.editorajuspodivm.com.br\/2022\/08\/25\/resumo-informativo-744-do-stj-de-15-de-agosto-de-2022\/#article\",\"isPartOf\":{\"@id\":\"https:\/\/meusitejuridico.editorajuspodivm.com.br\/2022\/08\/25\/resumo-informativo-744-do-stj-de-15-de-agosto-de-2022\/\"},\"author\":{\"name\":\"Rodrigo Leite\",\"@id\":\"https:\/\/meusitejuridico.editorajuspodivm.com.br\/#\/schema\/person\/ae56313f17950dccef13d0989efd6d50\"},\"headline\":\"Resumo &#8211; Informativo 744 do STJ, de 15 de agosto de 2022\",\"datePublished\":\"2022-08-25T10:59:53+00:00\",\"dateModified\":\"2022-08-25T10:59:54+00:00\",\"mainEntityOfPage\":{\"@id\":\"https:\/\/meusitejuridico.editorajuspodivm.com.br\/2022\/08\/25\/resumo-informativo-744-do-stj-de-15-de-agosto-de-2022\/\"},\"wordCount\":889,\"commentCount\":0,\"publisher\":{\"@id\":\"https:\/\/meusitejuridico.editorajuspodivm.com.br\/#organization\"},\"image\":{\"@id\":\"https:\/\/meusitejuridico.editorajuspodivm.com.br\/2022\/08\/25\/resumo-informativo-744-do-stj-de-15-de-agosto-de-2022\/#primaryimage\"},\"thumbnailUrl\":\"https:\/\/webmail.meusitejuridico.com.br\/s.meusitejuridico\/2017\/12\/d2133f8e-shutterstock-633750290.jpg\",\"articleSection\":[\"Informativos\"],\"inLanguage\":\"pt-BR\",\"potentialAction\":[{\"@type\":\"CommentAction\",\"name\":\"Comment\",\"target\":[\"https:\/\/meusitejuridico.editorajuspodivm.com.br\/2022\/08\/25\/resumo-informativo-744-do-stj-de-15-de-agosto-de-2022\/#respond\"]}]},{\"@type\":\"WebPage\",\"@id\":\"https:\/\/meusitejuridico.editorajuspodivm.com.br\/2022\/08\/25\/resumo-informativo-744-do-stj-de-15-de-agosto-de-2022\/\",\"url\":\"https:\/\/meusitejuridico.editorajuspodivm.com.br\/2022\/08\/25\/resumo-informativo-744-do-stj-de-15-de-agosto-de-2022\/\",\"name\":\"Resumo - Informativo 744 do STJ, de 15 de agosto de 2022 - Meu site jur\u00eddico\",\"isPartOf\":{\"@id\":\"https:\/\/meusitejuridico.editorajuspodivm.com.br\/#website\"},\"primaryImageOfPage\":{\"@id\":\"https:\/\/meusitejuridico.editorajuspodivm.com.br\/2022\/08\/25\/resumo-informativo-744-do-stj-de-15-de-agosto-de-2022\/#primaryimage\"},\"image\":{\"@id\":\"https:\/\/meusitejuridico.editorajuspodivm.com.br\/2022\/08\/25\/resumo-informativo-744-do-stj-de-15-de-agosto-de-2022\/#primaryimage\"},\"thumbnailUrl\":\"https:\/\/webmail.meusitejuridico.com.br\/s.meusitejuridico\/2017\/12\/d2133f8e-shutterstock-633750290.jpg\",\"datePublished\":\"2022-08-25T10:59:53+00:00\",\"dateModified\":\"2022-08-25T10:59:54+00:00\",\"breadcrumb\":{\"@id\":\"https:\/\/meusitejuridico.editorajuspodivm.com.br\/2022\/08\/25\/resumo-informativo-744-do-stj-de-15-de-agosto-de-2022\/#breadcrumb\"},\"inLanguage\":\"pt-BR\",\"potentialAction\":[{\"@type\":\"ReadAction\",\"target\":[\"https:\/\/meusitejuridico.editorajuspodivm.com.br\/2022\/08\/25\/resumo-informativo-744-do-stj-de-15-de-agosto-de-2022\/\"]}]},{\"@type\":\"ImageObject\",\"inLanguage\":\"pt-BR\",\"@id\":\"https:\/\/meusitejuridico.editorajuspodivm.com.br\/2022\/08\/25\/resumo-informativo-744-do-stj-de-15-de-agosto-de-2022\/#primaryimage\",\"url\":\"https:\/\/webmail.meusitejuridico.com.br\/s.meusitejuridico\/2017\/12\/d2133f8e-shutterstock-633750290.jpg\",\"contentUrl\":\"https:\/\/webmail.meusitejuridico.com.br\/s.meusitejuridico\/2017\/12\/d2133f8e-shutterstock-633750290.jpg\",\"width\":1000,\"height\":667},{\"@type\":\"BreadcrumbList\",\"@id\":\"https:\/\/meusitejuridico.editorajuspodivm.com.br\/2022\/08\/25\/resumo-informativo-744-do-stj-de-15-de-agosto-de-2022\/#breadcrumb\",\"itemListElement\":[{\"@type\":\"ListItem\",\"position\":1,\"name\":\"In\u00edcio\",\"item\":\"https:\/\/meusitejuridico.editorajuspodivm.com.br\/\"},{\"@type\":\"ListItem\",\"position\":2,\"name\":\"Resumo &#8211; Informativo 744 do STJ, de 15 de agosto de 2022\"}]},{\"@type\":\"WebSite\",\"@id\":\"https:\/\/meusitejuridico.editorajuspodivm.com.br\/#website\",\"url\":\"https:\/\/meusitejuridico.editorajuspodivm.com.br\/\",\"name\":\"Meu site jur\u00eddico\",\"description\":\"Meu site jur\u00eddico\",\"publisher\":{\"@id\":\"https:\/\/meusitejuridico.editorajuspodivm.com.br\/#organization\"},\"potentialAction\":[{\"@type\":\"SearchAction\",\"target\":{\"@type\":\"EntryPoint\",\"urlTemplate\":\"https:\/\/meusitejuridico.editorajuspodivm.com.br\/?s={search_term_string}\"},\"query-input\":{\"@type\":\"PropertyValueSpecification\",\"valueRequired\":true,\"valueName\":\"search_term_string\"}}],\"inLanguage\":\"pt-BR\"},{\"@type\":\"Organization\",\"@id\":\"https:\/\/meusitejuridico.editorajuspodivm.com.br\/#organization\",\"name\":\"Meu site jur\u00eddico\",\"url\":\"https:\/\/meusitejuridico.editorajuspodivm.com.br\/\",\"logo\":{\"@type\":\"ImageObject\",\"inLanguage\":\"pt-BR\",\"@id\":\"https:\/\/meusitejuridico.editorajuspodivm.com.br\/#\/schema\/logo\/image\/\",\"url\":\"https:\/\/webmail.meusitejuridico.com.br\/s.meusitejuridico\/2022\/03\/cropped-baeec2a3-msj-02-01-01.png\",\"contentUrl\":\"https:\/\/webmail.meusitejuridico.com.br\/s.meusitejuridico\/2022\/03\/cropped-baeec2a3-msj-02-01-01.png\",\"width\":349,\"height\":243,\"caption\":\"Meu site jur\u00eddico\"},\"image\":{\"@id\":\"https:\/\/meusitejuridico.editorajuspodivm.com.br\/#\/schema\/logo\/image\/\"}},{\"@type\":\"Person\",\"@id\":\"https:\/\/meusitejuridico.editorajuspodivm.com.br\/#\/schema\/person\/ae56313f17950dccef13d0989efd6d50\",\"name\":\"Rodrigo Leite\",\"image\":{\"@type\":\"ImageObject\",\"inLanguage\":\"pt-BR\",\"@id\":\"https:\/\/meusitejuridico.editorajuspodivm.com.br\/#\/schema\/person\/image\/\",\"url\":\"https:\/\/webmail.meusitejuridico.com.br\/s.meusitejuridico\/2021\/05\/8455192b-foto-site-rodrigo-leite-150x150.jpeg\",\"contentUrl\":\"https:\/\/webmail.meusitejuridico.com.br\/s.meusitejuridico\/2021\/05\/8455192b-foto-site-rodrigo-leite-150x150.jpeg\",\"caption\":\"Rodrigo Leite\"},\"description\":\"Coautor do livro \u201cAn\u00e1lise das Diverg\u00eancias Jurisprudenciais no STF e STJ\u201d, Editora Juspodivm. Autor do livro \u201cTombamento \u2013 Vol. 36 \u2013 Cole\u00e7\u00e3o Leis Especiais para Concursos\u201d, Editora Juspodivm. Autor do livro \u201cDesapropria\u00e7\u00e3o \u2013 Vol. 39 \u2013 Cole\u00e7\u00e3o Especiais para Concursos\u201d, Editora Juspodivm. Coautor do livro \u201cSaberes Jurisprudenciais\u201d, Editora Saraiva. Coorganizador do livro \u201cCPC na Jurisprud\u00eancia\\\", Editora Foco. Especialista em Direito P\u00fablico e Direito Processual Civil. Mestre em Direito Constitucional. Professor da P\u00f3s-gradua\u00e7\u00e3o em Direito Civil da Rede Anhaguera-Kroton. M\u00e1ster Universit\u00e1rio em Direito Constitucional pela Universidad Del Pa\u00eds Vasco, San Sebasti\u00e1n, Espanha. Advogado licenciado. Analista Judici\u00e1rio do TJRN. Assessor de Desembargador do TJRN.\",\"sameAs\":[\"https:\/\/www.editorajuspodivm.com.br\/autores\/detalhe\/85\",\"https:\/\/www.instagram.com\/rodrigocrleite\/\",\"https:\/\/x.com\/rodrigocrleite\"],\"url\":\"https:\/\/webmail.meusitejuridico.com.br\/author\/rodrigoleiterodrigoleite\/\"}]}<\/script>\n<!-- \/ Yoast SEO plugin. -->","yoast_head_json":{"title":"Resumo - Informativo 744 do STJ, de 15 de agosto de 2022 - Meu site jur\u00eddico","robots":{"index":"index","follow":"follow","max-snippet":"max-snippet:-1","max-image-preview":"max-image-preview:large","max-video-preview":"max-video-preview:-1"},"canonical":"https:\/\/meusitejuridico.editorajuspodivm.com.br\/2022\/08\/25\/resumo-informativo-744-do-stj-de-15-de-agosto-de-2022\/","og_locale":"pt_BR","og_type":"article","og_title":"Resumo - Informativo 744 do STJ, de 15 de agosto de 2022 - Meu site jur\u00eddico","og_description":"RECURSOS REPETITIVOS &#8211; O ac\u00f3rd\u00e3o condenat\u00f3rio de que trata o inciso IV do art. 117 do C\u00f3digo Penal interrompe a prescri\u00e7\u00e3o, inclusive quando confirmat\u00f3rio de senten\u00e7a condenat\u00f3ria, seja mantendo, reduzindo ou aumentando a pena anteriormente imposta \u2013 REsp 1.930.130-MG, julgado em 10\/08\/2022, Tema 1100. CORTE ESPECIAL &#8211; Se o embargante invocar, como paradigmas, julgado de [&hellip;]","og_url":"https:\/\/meusitejuridico.editorajuspodivm.com.br\/2022\/08\/25\/resumo-informativo-744-do-stj-de-15-de-agosto-de-2022\/","og_site_name":"Meu site jur\u00eddico","article_published_time":"2022-08-25T10:59:53+00:00","article_modified_time":"2022-08-25T10:59:54+00:00","og_image":[{"width":1000,"height":667,"url":"https:\/\/meusitejuridico.editorajuspodivm.com.br\/s.meusitejuridico\/2017\/12\/d2133f8e-shutterstock-633750290.jpg","type":"image\/jpeg"}],"author":"Rodrigo Leite","twitter_card":"summary_large_image","twitter_creator":"@rodrigocrleite","twitter_misc":{"Escrito por":"Rodrigo Leite","Est. tempo de leitura":"4 minutos"},"schema":{"@context":"https:\/\/schema.org","@graph":[{"@type":"Article","@id":"https:\/\/meusitejuridico.editorajuspodivm.com.br\/2022\/08\/25\/resumo-informativo-744-do-stj-de-15-de-agosto-de-2022\/#article","isPartOf":{"@id":"https:\/\/meusitejuridico.editorajuspodivm.com.br\/2022\/08\/25\/resumo-informativo-744-do-stj-de-15-de-agosto-de-2022\/"},"author":{"name":"Rodrigo Leite","@id":"https:\/\/meusitejuridico.editorajuspodivm.com.br\/#\/schema\/person\/ae56313f17950dccef13d0989efd6d50"},"headline":"Resumo &#8211; Informativo 744 do STJ, de 15 de agosto de 2022","datePublished":"2022-08-25T10:59:53+00:00","dateModified":"2022-08-25T10:59:54+00:00","mainEntityOfPage":{"@id":"https:\/\/meusitejuridico.editorajuspodivm.com.br\/2022\/08\/25\/resumo-informativo-744-do-stj-de-15-de-agosto-de-2022\/"},"wordCount":889,"commentCount":0,"publisher":{"@id":"https:\/\/meusitejuridico.editorajuspodivm.com.br\/#organization"},"image":{"@id":"https:\/\/meusitejuridico.editorajuspodivm.com.br\/2022\/08\/25\/resumo-informativo-744-do-stj-de-15-de-agosto-de-2022\/#primaryimage"},"thumbnailUrl":"https:\/\/webmail.meusitejuridico.com.br\/s.meusitejuridico\/2017\/12\/d2133f8e-shutterstock-633750290.jpg","articleSection":["Informativos"],"inLanguage":"pt-BR","potentialAction":[{"@type":"CommentAction","name":"Comment","target":["https:\/\/meusitejuridico.editorajuspodivm.com.br\/2022\/08\/25\/resumo-informativo-744-do-stj-de-15-de-agosto-de-2022\/#respond"]}]},{"@type":"WebPage","@id":"https:\/\/meusitejuridico.editorajuspodivm.com.br\/2022\/08\/25\/resumo-informativo-744-do-stj-de-15-de-agosto-de-2022\/","url":"https:\/\/meusitejuridico.editorajuspodivm.com.br\/2022\/08\/25\/resumo-informativo-744-do-stj-de-15-de-agosto-de-2022\/","name":"Resumo - Informativo 744 do STJ, de 15 de agosto de 2022 - Meu site jur\u00eddico","isPartOf":{"@id":"https:\/\/meusitejuridico.editorajuspodivm.com.br\/#website"},"primaryImageOfPage":{"@id":"https:\/\/meusitejuridico.editorajuspodivm.com.br\/2022\/08\/25\/resumo-informativo-744-do-stj-de-15-de-agosto-de-2022\/#primaryimage"},"image":{"@id":"https:\/\/meusitejuridico.editorajuspodivm.com.br\/2022\/08\/25\/resumo-informativo-744-do-stj-de-15-de-agosto-de-2022\/#primaryimage"},"thumbnailUrl":"https:\/\/webmail.meusitejuridico.com.br\/s.meusitejuridico\/2017\/12\/d2133f8e-shutterstock-633750290.jpg","datePublished":"2022-08-25T10:59:53+00:00","dateModified":"2022-08-25T10:59:54+00:00","breadcrumb":{"@id":"https:\/\/meusitejuridico.editorajuspodivm.com.br\/2022\/08\/25\/resumo-informativo-744-do-stj-de-15-de-agosto-de-2022\/#breadcrumb"},"inLanguage":"pt-BR","potentialAction":[{"@type":"ReadAction","target":["https:\/\/meusitejuridico.editorajuspodivm.com.br\/2022\/08\/25\/resumo-informativo-744-do-stj-de-15-de-agosto-de-2022\/"]}]},{"@type":"ImageObject","inLanguage":"pt-BR","@id":"https:\/\/meusitejuridico.editorajuspodivm.com.br\/2022\/08\/25\/resumo-informativo-744-do-stj-de-15-de-agosto-de-2022\/#primaryimage","url":"https:\/\/webmail.meusitejuridico.com.br\/s.meusitejuridico\/2017\/12\/d2133f8e-shutterstock-633750290.jpg","contentUrl":"https:\/\/webmail.meusitejuridico.com.br\/s.meusitejuridico\/2017\/12\/d2133f8e-shutterstock-633750290.jpg","width":1000,"height":667},{"@type":"BreadcrumbList","@id":"https:\/\/meusitejuridico.editorajuspodivm.com.br\/2022\/08\/25\/resumo-informativo-744-do-stj-de-15-de-agosto-de-2022\/#breadcrumb","itemListElement":[{"@type":"ListItem","position":1,"name":"In\u00edcio","item":"https:\/\/meusitejuridico.editorajuspodivm.com.br\/"},{"@type":"ListItem","position":2,"name":"Resumo &#8211; Informativo 744 do STJ, de 15 de agosto de 2022"}]},{"@type":"WebSite","@id":"https:\/\/meusitejuridico.editorajuspodivm.com.br\/#website","url":"https:\/\/meusitejuridico.editorajuspodivm.com.br\/","name":"Meu site jur\u00eddico","description":"Meu site jur\u00eddico","publisher":{"@id":"https:\/\/meusitejuridico.editorajuspodivm.com.br\/#organization"},"potentialAction":[{"@type":"SearchAction","target":{"@type":"EntryPoint","urlTemplate":"https:\/\/meusitejuridico.editorajuspodivm.com.br\/?s={search_term_string}"},"query-input":{"@type":"PropertyValueSpecification","valueRequired":true,"valueName":"search_term_string"}}],"inLanguage":"pt-BR"},{"@type":"Organization","@id":"https:\/\/meusitejuridico.editorajuspodivm.com.br\/#organization","name":"Meu site jur\u00eddico","url":"https:\/\/meusitejuridico.editorajuspodivm.com.br\/","logo":{"@type":"ImageObject","inLanguage":"pt-BR","@id":"https:\/\/meusitejuridico.editorajuspodivm.com.br\/#\/schema\/logo\/image\/","url":"https:\/\/webmail.meusitejuridico.com.br\/s.meusitejuridico\/2022\/03\/cropped-baeec2a3-msj-02-01-01.png","contentUrl":"https:\/\/webmail.meusitejuridico.com.br\/s.meusitejuridico\/2022\/03\/cropped-baeec2a3-msj-02-01-01.png","width":349,"height":243,"caption":"Meu site jur\u00eddico"},"image":{"@id":"https:\/\/meusitejuridico.editorajuspodivm.com.br\/#\/schema\/logo\/image\/"}},{"@type":"Person","@id":"https:\/\/meusitejuridico.editorajuspodivm.com.br\/#\/schema\/person\/ae56313f17950dccef13d0989efd6d50","name":"Rodrigo Leite","image":{"@type":"ImageObject","inLanguage":"pt-BR","@id":"https:\/\/meusitejuridico.editorajuspodivm.com.br\/#\/schema\/person\/image\/","url":"https:\/\/webmail.meusitejuridico.com.br\/s.meusitejuridico\/2021\/05\/8455192b-foto-site-rodrigo-leite-150x150.jpeg","contentUrl":"https:\/\/webmail.meusitejuridico.com.br\/s.meusitejuridico\/2021\/05\/8455192b-foto-site-rodrigo-leite-150x150.jpeg","caption":"Rodrigo Leite"},"description":"Coautor do livro \u201cAn\u00e1lise das Diverg\u00eancias Jurisprudenciais no STF e STJ\u201d, Editora Juspodivm. Autor do livro \u201cTombamento \u2013 Vol. 36 \u2013 Cole\u00e7\u00e3o Leis Especiais para Concursos\u201d, Editora Juspodivm. Autor do livro \u201cDesapropria\u00e7\u00e3o \u2013 Vol. 39 \u2013 Cole\u00e7\u00e3o Especiais para Concursos\u201d, Editora Juspodivm. Coautor do livro \u201cSaberes Jurisprudenciais\u201d, Editora Saraiva. Coorganizador do livro \u201cCPC na Jurisprud\u00eancia\", Editora Foco. Especialista em Direito P\u00fablico e Direito Processual Civil. Mestre em Direito Constitucional. Professor da P\u00f3s-gradua\u00e7\u00e3o em Direito Civil da Rede Anhaguera-Kroton. M\u00e1ster Universit\u00e1rio em Direito Constitucional pela Universidad Del Pa\u00eds Vasco, San Sebasti\u00e1n, Espanha. Advogado licenciado. Analista Judici\u00e1rio do TJRN. Assessor de Desembargador do TJRN.","sameAs":["https:\/\/www.editorajuspodivm.com.br\/autores\/detalhe\/85","https:\/\/www.instagram.com\/rodrigocrleite\/","https:\/\/x.com\/rodrigocrleite"],"url":"https:\/\/webmail.meusitejuridico.com.br\/author\/rodrigoleiterodrigoleite\/"}]}},"_links":{"self":[{"href":"https:\/\/webmail.meusitejuridico.com.br\/api\/wp\/v2\/posts\/16881","targetHints":{"allow":["GET"]}}],"collection":[{"href":"https:\/\/webmail.meusitejuridico.com.br\/api\/wp\/v2\/posts"}],"about":[{"href":"https:\/\/webmail.meusitejuridico.com.br\/api\/wp\/v2\/types\/post"}],"author":[{"embeddable":true,"href":"https:\/\/webmail.meusitejuridico.com.br\/api\/wp\/v2\/users\/131"}],"replies":[{"embeddable":true,"href":"https:\/\/webmail.meusitejuridico.com.br\/api\/wp\/v2\/comments?post=16881"}],"version-history":[{"count":1,"href":"https:\/\/webmail.meusitejuridico.com.br\/api\/wp\/v2\/posts\/16881\/revisions"}],"predecessor-version":[{"id":16882,"href":"https:\/\/webmail.meusitejuridico.com.br\/api\/wp\/v2\/posts\/16881\/revisions\/16882"}],"wp:featuredmedia":[{"embeddable":true,"href":"https:\/\/webmail.meusitejuridico.com.br\/api\/wp\/v2\/media\/4142"}],"wp:attachment":[{"href":"https:\/\/webmail.meusitejuridico.com.br\/api\/wp\/v2\/media?parent=16881"}],"wp:term":[{"taxonomy":"category","embeddable":true,"href":"https:\/\/webmail.meusitejuridico.com.br\/api\/wp\/v2\/categories?post=16881"},{"taxonomy":"post_tag","embeddable":true,"href":"https:\/\/webmail.meusitejuridico.com.br\/api\/wp\/v2\/tags?post=16881"}],"curies":[{"name":"wp","href":"https:\/\/api.w.org\/{rel}","templated":true}]}}