{"id":13905,"date":"2021-08-13T10:30:54","date_gmt":"2021-08-13T13:30:54","guid":{"rendered":"https:\/\/meusitejuridico.editorajuspodivm.com.br\/?p=13905"},"modified":"2021-08-13T08:26:08","modified_gmt":"2021-08-13T11:26:08","slug":"em-que-consiste-teoria-corpo-neutro","status":"publish","type":"post","link":"https:\/\/webmail.meusitejuridico.com.br\/2021\/08\/13\/em-que-consiste-teoria-corpo-neutro\/","title":{"rendered":"Em que consiste a \u201cteoria do corpo neutro\u201d?"},"content":{"rendered":"<p>Em abalroamentos sucessivos, envolvendo tr\u00eas os mais autom\u00f3veis, debate-se na cadeira causal qual seria a responsabilidade dos implicados na colis\u00e3o ou \u201cengavetamento\u201d. Entende-se que se o condutor do segundo ve\u00edculo (pensando numa colis\u00e3o envolvendo tr\u00eas), tamb\u00e9m abalroado, <u>n\u00e3o teve comportamento volitivo<\/u>, pois foi <u>atingido<\/u> e <u>arremessado<\/u> pelo primeiro ve\u00edculo, n\u00e3o ter\u00e1 responsabilidade pela repara\u00e7\u00e3o de eventuais danos.<\/p>\n<p>Convencionou-se tratar essa situa\u00e7\u00e3o como sendo a \u201c<strong>teoria do corpo neutro<\/strong>\u201d, pois o segundo autom\u00f3vel, projetado pelo primeiro, teve atua\u00e7\u00e3o neutra ou indiferente no evento danoso. Em raz\u00e3o disso, na sequ\u00eancia de colis\u00f5es ou <em>batidas<\/em> a responsabilidade deve ser atribu\u00edda ao condutor que iniciou o desencadeamento dos choques.<\/p>\n<p>Nessa situa\u00e7\u00e3o em que o condutor do segundo ve\u00edculo atingido foi arremessado em dire\u00e7\u00e3o ao terceiro, ele, o segundo, n\u00e3o responde por eventuais preju\u00edzos, pois o ve\u00edculo foi <em>mero agente f\u00edsico do preju\u00edzo<\/em>. E, por n\u00e3o ter havido a\u00e7\u00e3o ou omiss\u00e3o do segundo condutor conectada em nexo causal a um dano, n\u00e3o pode haver responsabilidade civil dele.<\/p>\n<p>Nessa diretriz, apontam <strong>Cristiano Chaves de Farias<\/strong>, <strong>Felipe Peixoto Braga Netto<\/strong> e <strong>Nelson Rosenvald<\/strong> (<em>Novo Tratado de Responsabilidade Civil.<\/em> S\u00e3o Paulo: Saraiva, 2019, p. 772) que \u201cas coisas podem eventualmente causar danos sem que as pessoas que estejam com elas (ou mais pr\u00f3ximas a elas) tenham responsabilidade pelo acontecimento. Nesse sentido, a pessoa apontada como causadora do dano n\u00e3o tem, na verdade, responsabilidade, porque n\u00e3o atuou na cadeia de causas. Geralmente, nesses casos, o dano foi impulsionado por um terceiro, esse sim verdadeiramente respons\u00e1vel. Podemos denominar, na falta de melhor express\u00e3o, de teoria do corpo neutro, uma vez que o suposto ofensor n\u00e3o participou da rela\u00e7\u00e3o causal que levou ao dano.\u201d<\/p>\n<p>No long\u00ednquo <strong>REsp 37.062\/MG<\/strong>, Rel. Min. Barros Monteiro, Quarta Turma, julgado em 10\/05\/1994, DJ 05\/09\/1994, em caso envolvendo a colis\u00e3o entre tr\u00eas autom\u00f3veis, o STJ j\u00e1 asseverava que n\u00e3o h\u00e1 raz\u00e3o para se atribuir responsabilidade \u00e0quele que, <strong>mero agente f\u00edsico dos preju\u00edzos<\/strong>, foi envolvido involuntariamente em acidente de ve\u00edculos. Desse modo, se o carro foi mero agente f\u00edsico dos preju\u00edzos, seu condutor n\u00e3o poder\u00e1, ser responsabilizado. Na ocasi\u00e3o, acidente envolvendo tr\u00eas autom\u00f3veis, considerou-se que somente o \u201cmotorista do caminh\u00e3o-carreta\u201d seria o respons\u00e1vel pela indeniza\u00e7\u00e3o, excluindo a responsabilidade do segundo atingido, motorista de um \u00f4nibus atingido pelo caminh\u00e3o \u2013 ver p\u00e1ginas 5 e 6 do voto do Min. Barros Monteiro. Essa linha de racioc\u00ednio tamb\u00e9m foi tra\u00e7ada no <strong>REsp 12.293\/PR<\/strong>, Rel. Min. Nilson Naves, Terceira Turma, julgado em 25\/02\/1992, DJ 27\/04\/1992.<\/p>\n<p>Compreendeu o Superior que <u>n\u00e3o houve liame causal<\/u> entre a\u00e7\u00e3o ou omiss\u00e3o do segundo condutor, que teve seu carro arremessado, e o dano sofrido por outrem (no caso, o terceiro condutor envolvido na colis\u00e3o).<\/p>\n<p>Mais recentemente, o Tribunal entendeu que <u>n\u00e3o h\u00e1 responsabilidade civil atribu\u00edvel ao condutor de ve\u00edculo que, atingido por outro<\/u>, perde o controle e roda na pista, <u>vindo a colidir com um terceiro autom\u00f3vel<\/u>, causando ao propriet\u00e1rio deste preju\u00edzos materiais.<\/p>\n<p>Para o Tribunal, \u201co preju\u00edzo experimentado pelo dono do \u00faltimo carro abalroado n\u00e3o guarda rela\u00e7\u00e3o de causalidade com atua\u00e7\u00e3o volitiva, de \u00edndole dolosa ou culposa, do condutor do segundo ve\u00edculo tamb\u00e9m colidido a ensejar para este o dever de repara\u00e7\u00e3o dos danos.\u201d<\/p>\n<p>De fato, tanto quanto o propriet\u00e1rio do terceiro autom\u00f3vel acidentado, o titular do segundo ve\u00edculo prejudicado no acidente foi involuntariamente envolvido na ocorr\u00eancia como mero instrumento (corpo neutro) e tamb\u00e9m v\u00edtima da antecedente conduta il\u00edcita do verdadeiro causador dos danos, o guiador do ve\u00edculo ofensor \u2013 <strong>REsp 1796300\/PR<\/strong>, Rel. Min. Luis Felipe Salom\u00e3o, Rel. p\/ Ac\u00f3rd\u00e3o Min. Raul Ara\u00fajo, Quarta Turma, julgado em 02\/03\/2021, DJe 06\/08\/2021.<\/p>\n<p>***<\/p>\n<div class=\"entry-content\">\n<div class=\"entry-content\">\n<p><b><strong>Telegram<\/strong><\/b>:<strong>\u00a0<\/strong><a href=\"https:\/\/t.me\/pilulasjuridicasSTFSTJ\" target=\"_blank\" rel=\"noopener noreferrer\" data-auth=\"NotApplicable\"><strong>https:\/\/t.me\/pilulasjuridicasSTFSTJ<\/strong><\/a><strong>\u00a0| Instagram: @rodrigocrleite<\/strong><\/p>\n<\/div>\n<\/div>\n","protected":false},"excerpt":{"rendered":"<p>Em abalroamentos sucessivos, envolvendo tr\u00eas os mais autom\u00f3veis, debate-se na cadeira causal qual seria a responsabilidade dos implicados na colis\u00e3o ou \u201cengavetamento\u201d. Entende-se que se o condutor do segundo ve\u00edculo (pensando numa colis\u00e3o envolvendo tr\u00eas), tamb\u00e9m abalroado, n\u00e3o teve comportamento volitivo, pois foi atingido e arremessado pelo primeiro ve\u00edculo, n\u00e3o ter\u00e1 responsabilidade pela repara\u00e7\u00e3o de [&hellip;]<\/p>\n","protected":false},"author":131,"featured_media":9041,"comment_status":"open","ping_status":"open","sticky":false,"template":"","format":"standard","meta":{"_acf_changed":false,"footnotes":""},"categories":[1,255],"tags":[],"class_list":["post-13905","post","type-post","status-publish","format-standard","has-post-thumbnail","hentry","category-artigos","category-direito-civil"],"acf":[],"yoast_head":"<!-- This site is optimized with the Yoast SEO plugin v24.8.1 - https:\/\/yoast.com\/wordpress\/plugins\/seo\/ -->\n<title>Em que consiste a \u201cteoria do corpo neutro\u201d? - Meu site jur\u00eddico<\/title>\n<meta name=\"robots\" content=\"index, follow, max-snippet:-1, max-image-preview:large, max-video-preview:-1\" \/>\n<link rel=\"canonical\" href=\"https:\/\/meusitejuridico.editorajuspodivm.com.br\/2021\/08\/13\/em-que-consiste-teoria-corpo-neutro\/\" \/>\n<meta property=\"og:locale\" content=\"pt_BR\" \/>\n<meta property=\"og:type\" content=\"article\" \/>\n<meta property=\"og:title\" content=\"Em que consiste a \u201cteoria do corpo neutro\u201d? - Meu site jur\u00eddico\" \/>\n<meta property=\"og:description\" content=\"Em abalroamentos sucessivos, envolvendo tr\u00eas os mais autom\u00f3veis, debate-se na cadeira causal qual seria a responsabilidade dos implicados na colis\u00e3o ou \u201cengavetamento\u201d. Entende-se que se o condutor do segundo ve\u00edculo (pensando numa colis\u00e3o envolvendo tr\u00eas), tamb\u00e9m abalroado, n\u00e3o teve comportamento volitivo, pois foi atingido e arremessado pelo primeiro ve\u00edculo, n\u00e3o ter\u00e1 responsabilidade pela repara\u00e7\u00e3o de [&hellip;]\" \/>\n<meta property=\"og:url\" content=\"https:\/\/meusitejuridico.editorajuspodivm.com.br\/2021\/08\/13\/em-que-consiste-teoria-corpo-neutro\/\" \/>\n<meta property=\"og:site_name\" content=\"Meu site jur\u00eddico\" \/>\n<meta property=\"article:published_time\" content=\"2021-08-13T13:30:54+00:00\" \/>\n<meta property=\"og:image\" content=\"https:\/\/meusitejuridico.editorajuspodivm.com.br\/s.meusitejuridico\/2019\/08\/5c68db6d-law-1991004-640.jpg\" \/>\n\t<meta property=\"og:image:width\" content=\"640\" \/>\n\t<meta property=\"og:image:height\" content=\"418\" \/>\n\t<meta property=\"og:image:type\" content=\"image\/jpeg\" \/>\n<meta name=\"author\" content=\"Rodrigo Leite\" \/>\n<meta name=\"twitter:card\" content=\"summary_large_image\" \/>\n<meta name=\"twitter:creator\" content=\"@rodrigocrleite\" \/>\n<meta name=\"twitter:label1\" content=\"Escrito por\" \/>\n\t<meta name=\"twitter:data1\" content=\"Rodrigo Leite\" \/>\n\t<meta name=\"twitter:label2\" content=\"Est. tempo de leitura\" \/>\n\t<meta name=\"twitter:data2\" content=\"3 minutos\" \/>\n<script type=\"application\/ld+json\" class=\"yoast-schema-graph\">{\"@context\":\"https:\/\/schema.org\",\"@graph\":[{\"@type\":\"Article\",\"@id\":\"https:\/\/meusitejuridico.editorajuspodivm.com.br\/2021\/08\/13\/em-que-consiste-teoria-corpo-neutro\/#article\",\"isPartOf\":{\"@id\":\"https:\/\/meusitejuridico.editorajuspodivm.com.br\/2021\/08\/13\/em-que-consiste-teoria-corpo-neutro\/\"},\"author\":{\"name\":\"Rodrigo Leite\",\"@id\":\"https:\/\/cdn.meusitejuridico.com.br\/#\/schema\/person\/ae56313f17950dccef13d0989efd6d50\"},\"headline\":\"Em que consiste a \u201cteoria do corpo neutro\u201d?\",\"datePublished\":\"2021-08-13T13:30:54+00:00\",\"mainEntityOfPage\":{\"@id\":\"https:\/\/meusitejuridico.editorajuspodivm.com.br\/2021\/08\/13\/em-que-consiste-teoria-corpo-neutro\/\"},\"wordCount\":677,\"commentCount\":0,\"publisher\":{\"@id\":\"https:\/\/cdn.meusitejuridico.com.br\/#organization\"},\"image\":{\"@id\":\"https:\/\/meusitejuridico.editorajuspodivm.com.br\/2021\/08\/13\/em-que-consiste-teoria-corpo-neutro\/#primaryimage\"},\"thumbnailUrl\":\"https:\/\/webmail.meusitejuridico.com.br\/s.meusitejuridico\/2019\/08\/5c68db6d-law-1991004-640.jpg\",\"articleSection\":[\"Artigos\",\"Direito Civil\"],\"inLanguage\":\"pt-BR\",\"potentialAction\":[{\"@type\":\"CommentAction\",\"name\":\"Comment\",\"target\":[\"https:\/\/meusitejuridico.editorajuspodivm.com.br\/2021\/08\/13\/em-que-consiste-teoria-corpo-neutro\/#respond\"]}]},{\"@type\":\"WebPage\",\"@id\":\"https:\/\/meusitejuridico.editorajuspodivm.com.br\/2021\/08\/13\/em-que-consiste-teoria-corpo-neutro\/\",\"url\":\"https:\/\/meusitejuridico.editorajuspodivm.com.br\/2021\/08\/13\/em-que-consiste-teoria-corpo-neutro\/\",\"name\":\"Em que consiste a \u201cteoria do corpo neutro\u201d? - Meu site jur\u00eddico\",\"isPartOf\":{\"@id\":\"https:\/\/cdn.meusitejuridico.com.br\/#website\"},\"primaryImageOfPage\":{\"@id\":\"https:\/\/meusitejuridico.editorajuspodivm.com.br\/2021\/08\/13\/em-que-consiste-teoria-corpo-neutro\/#primaryimage\"},\"image\":{\"@id\":\"https:\/\/meusitejuridico.editorajuspodivm.com.br\/2021\/08\/13\/em-que-consiste-teoria-corpo-neutro\/#primaryimage\"},\"thumbnailUrl\":\"https:\/\/webmail.meusitejuridico.com.br\/s.meusitejuridico\/2019\/08\/5c68db6d-law-1991004-640.jpg\",\"datePublished\":\"2021-08-13T13:30:54+00:00\",\"breadcrumb\":{\"@id\":\"https:\/\/meusitejuridico.editorajuspodivm.com.br\/2021\/08\/13\/em-que-consiste-teoria-corpo-neutro\/#breadcrumb\"},\"inLanguage\":\"pt-BR\",\"potentialAction\":[{\"@type\":\"ReadAction\",\"target\":[\"https:\/\/meusitejuridico.editorajuspodivm.com.br\/2021\/08\/13\/em-que-consiste-teoria-corpo-neutro\/\"]}]},{\"@type\":\"ImageObject\",\"inLanguage\":\"pt-BR\",\"@id\":\"https:\/\/meusitejuridico.editorajuspodivm.com.br\/2021\/08\/13\/em-que-consiste-teoria-corpo-neutro\/#primaryimage\",\"url\":\"https:\/\/webmail.meusitejuridico.com.br\/s.meusitejuridico\/2019\/08\/5c68db6d-law-1991004-640.jpg\",\"contentUrl\":\"https:\/\/webmail.meusitejuridico.com.br\/s.meusitejuridico\/2019\/08\/5c68db6d-law-1991004-640.jpg\",\"width\":640,\"height\":418},{\"@type\":\"BreadcrumbList\",\"@id\":\"https:\/\/meusitejuridico.editorajuspodivm.com.br\/2021\/08\/13\/em-que-consiste-teoria-corpo-neutro\/#breadcrumb\",\"itemListElement\":[{\"@type\":\"ListItem\",\"position\":1,\"name\":\"In\u00edcio\",\"item\":\"https:\/\/cdn.meusitejuridico.com.br\/\"},{\"@type\":\"ListItem\",\"position\":2,\"name\":\"Em que consiste a \u201cteoria do corpo neutro\u201d?\"}]},{\"@type\":\"WebSite\",\"@id\":\"https:\/\/cdn.meusitejuridico.com.br\/#website\",\"url\":\"https:\/\/cdn.meusitejuridico.com.br\/\",\"name\":\"Meu site jur\u00eddico\",\"description\":\"Meu site jur\u00eddico\",\"publisher\":{\"@id\":\"https:\/\/cdn.meusitejuridico.com.br\/#organization\"},\"potentialAction\":[{\"@type\":\"SearchAction\",\"target\":{\"@type\":\"EntryPoint\",\"urlTemplate\":\"https:\/\/cdn.meusitejuridico.com.br\/?s={search_term_string}\"},\"query-input\":{\"@type\":\"PropertyValueSpecification\",\"valueRequired\":true,\"valueName\":\"search_term_string\"}}],\"inLanguage\":\"pt-BR\"},{\"@type\":\"Organization\",\"@id\":\"https:\/\/cdn.meusitejuridico.com.br\/#organization\",\"name\":\"Meu site jur\u00eddico\",\"url\":\"https:\/\/cdn.meusitejuridico.com.br\/\",\"logo\":{\"@type\":\"ImageObject\",\"inLanguage\":\"pt-BR\",\"@id\":\"https:\/\/cdn.meusitejuridico.com.br\/#\/schema\/logo\/image\/\",\"url\":\"https:\/\/webmail.meusitejuridico.com.br\/s.meusitejuridico\/2022\/03\/cropped-baeec2a3-msj-02-01-01.png\",\"contentUrl\":\"https:\/\/webmail.meusitejuridico.com.br\/s.meusitejuridico\/2022\/03\/cropped-baeec2a3-msj-02-01-01.png\",\"width\":349,\"height\":243,\"caption\":\"Meu site jur\u00eddico\"},\"image\":{\"@id\":\"https:\/\/cdn.meusitejuridico.com.br\/#\/schema\/logo\/image\/\"}},{\"@type\":\"Person\",\"@id\":\"https:\/\/cdn.meusitejuridico.com.br\/#\/schema\/person\/ae56313f17950dccef13d0989efd6d50\",\"name\":\"Rodrigo Leite\",\"image\":{\"@type\":\"ImageObject\",\"inLanguage\":\"pt-BR\",\"@id\":\"https:\/\/cdn.meusitejuridico.com.br\/#\/schema\/person\/image\/\",\"url\":\"https:\/\/webmail.meusitejuridico.com.br\/s.meusitejuridico\/2021\/05\/8455192b-foto-site-rodrigo-leite-150x150.jpeg\",\"contentUrl\":\"https:\/\/webmail.meusitejuridico.com.br\/s.meusitejuridico\/2021\/05\/8455192b-foto-site-rodrigo-leite-150x150.jpeg\",\"caption\":\"Rodrigo Leite\"},\"description\":\"Coautor do livro \u201cAn\u00e1lise das Diverg\u00eancias Jurisprudenciais no STF e STJ\u201d, Editora Juspodivm. Autor do livro \u201cTombamento \u2013 Vol. 36 \u2013 Cole\u00e7\u00e3o Leis Especiais para Concursos\u201d, Editora Juspodivm. Autor do livro \u201cDesapropria\u00e7\u00e3o \u2013 Vol. 39 \u2013 Cole\u00e7\u00e3o Especiais para Concursos\u201d, Editora Juspodivm. Coautor do livro \u201cSaberes Jurisprudenciais\u201d, Editora Saraiva. Coorganizador do livro \u201cCPC na Jurisprud\u00eancia\\\", Editora Foco. Especialista em Direito P\u00fablico e Direito Processual Civil. Mestre em Direito Constitucional. Professor da P\u00f3s-gradua\u00e7\u00e3o em Direito Civil da Rede Anhaguera-Kroton. M\u00e1ster Universit\u00e1rio em Direito Constitucional pela Universidad Del Pa\u00eds Vasco, San Sebasti\u00e1n, Espanha. Advogado licenciado. Analista Judici\u00e1rio do TJRN. Assessor de Desembargador do TJRN.\",\"sameAs\":[\"https:\/\/www.editorajuspodivm.com.br\/autores\/detalhe\/85\",\"https:\/\/www.instagram.com\/rodrigocrleite\/\",\"https:\/\/x.com\/rodrigocrleite\"],\"url\":\"https:\/\/webmail.meusitejuridico.com.br\/author\/rodrigoleiterodrigoleite\/\"}]}<\/script>\n<!-- \/ Yoast SEO plugin. -->","yoast_head_json":{"title":"Em que consiste a \u201cteoria do corpo neutro\u201d? - Meu site jur\u00eddico","robots":{"index":"index","follow":"follow","max-snippet":"max-snippet:-1","max-image-preview":"max-image-preview:large","max-video-preview":"max-video-preview:-1"},"canonical":"https:\/\/meusitejuridico.editorajuspodivm.com.br\/2021\/08\/13\/em-que-consiste-teoria-corpo-neutro\/","og_locale":"pt_BR","og_type":"article","og_title":"Em que consiste a \u201cteoria do corpo neutro\u201d? - Meu site jur\u00eddico","og_description":"Em abalroamentos sucessivos, envolvendo tr\u00eas os mais autom\u00f3veis, debate-se na cadeira causal qual seria a responsabilidade dos implicados na colis\u00e3o ou \u201cengavetamento\u201d. Entende-se que se o condutor do segundo ve\u00edculo (pensando numa colis\u00e3o envolvendo tr\u00eas), tamb\u00e9m abalroado, n\u00e3o teve comportamento volitivo, pois foi atingido e arremessado pelo primeiro ve\u00edculo, n\u00e3o ter\u00e1 responsabilidade pela repara\u00e7\u00e3o de [&hellip;]","og_url":"https:\/\/meusitejuridico.editorajuspodivm.com.br\/2021\/08\/13\/em-que-consiste-teoria-corpo-neutro\/","og_site_name":"Meu site jur\u00eddico","article_published_time":"2021-08-13T13:30:54+00:00","og_image":[{"width":640,"height":418,"url":"https:\/\/meusitejuridico.editorajuspodivm.com.br\/s.meusitejuridico\/2019\/08\/5c68db6d-law-1991004-640.jpg","type":"image\/jpeg"}],"author":"Rodrigo Leite","twitter_card":"summary_large_image","twitter_creator":"@rodrigocrleite","twitter_misc":{"Escrito por":"Rodrigo Leite","Est. tempo de leitura":"3 minutos"},"schema":{"@context":"https:\/\/schema.org","@graph":[{"@type":"Article","@id":"https:\/\/meusitejuridico.editorajuspodivm.com.br\/2021\/08\/13\/em-que-consiste-teoria-corpo-neutro\/#article","isPartOf":{"@id":"https:\/\/meusitejuridico.editorajuspodivm.com.br\/2021\/08\/13\/em-que-consiste-teoria-corpo-neutro\/"},"author":{"name":"Rodrigo Leite","@id":"https:\/\/cdn.meusitejuridico.com.br\/#\/schema\/person\/ae56313f17950dccef13d0989efd6d50"},"headline":"Em que consiste a \u201cteoria do corpo neutro\u201d?","datePublished":"2021-08-13T13:30:54+00:00","mainEntityOfPage":{"@id":"https:\/\/meusitejuridico.editorajuspodivm.com.br\/2021\/08\/13\/em-que-consiste-teoria-corpo-neutro\/"},"wordCount":677,"commentCount":0,"publisher":{"@id":"https:\/\/cdn.meusitejuridico.com.br\/#organization"},"image":{"@id":"https:\/\/meusitejuridico.editorajuspodivm.com.br\/2021\/08\/13\/em-que-consiste-teoria-corpo-neutro\/#primaryimage"},"thumbnailUrl":"https:\/\/webmail.meusitejuridico.com.br\/s.meusitejuridico\/2019\/08\/5c68db6d-law-1991004-640.jpg","articleSection":["Artigos","Direito Civil"],"inLanguage":"pt-BR","potentialAction":[{"@type":"CommentAction","name":"Comment","target":["https:\/\/meusitejuridico.editorajuspodivm.com.br\/2021\/08\/13\/em-que-consiste-teoria-corpo-neutro\/#respond"]}]},{"@type":"WebPage","@id":"https:\/\/meusitejuridico.editorajuspodivm.com.br\/2021\/08\/13\/em-que-consiste-teoria-corpo-neutro\/","url":"https:\/\/meusitejuridico.editorajuspodivm.com.br\/2021\/08\/13\/em-que-consiste-teoria-corpo-neutro\/","name":"Em que consiste a \u201cteoria do corpo neutro\u201d? - Meu site jur\u00eddico","isPartOf":{"@id":"https:\/\/cdn.meusitejuridico.com.br\/#website"},"primaryImageOfPage":{"@id":"https:\/\/meusitejuridico.editorajuspodivm.com.br\/2021\/08\/13\/em-que-consiste-teoria-corpo-neutro\/#primaryimage"},"image":{"@id":"https:\/\/meusitejuridico.editorajuspodivm.com.br\/2021\/08\/13\/em-que-consiste-teoria-corpo-neutro\/#primaryimage"},"thumbnailUrl":"https:\/\/webmail.meusitejuridico.com.br\/s.meusitejuridico\/2019\/08\/5c68db6d-law-1991004-640.jpg","datePublished":"2021-08-13T13:30:54+00:00","breadcrumb":{"@id":"https:\/\/meusitejuridico.editorajuspodivm.com.br\/2021\/08\/13\/em-que-consiste-teoria-corpo-neutro\/#breadcrumb"},"inLanguage":"pt-BR","potentialAction":[{"@type":"ReadAction","target":["https:\/\/meusitejuridico.editorajuspodivm.com.br\/2021\/08\/13\/em-que-consiste-teoria-corpo-neutro\/"]}]},{"@type":"ImageObject","inLanguage":"pt-BR","@id":"https:\/\/meusitejuridico.editorajuspodivm.com.br\/2021\/08\/13\/em-que-consiste-teoria-corpo-neutro\/#primaryimage","url":"https:\/\/webmail.meusitejuridico.com.br\/s.meusitejuridico\/2019\/08\/5c68db6d-law-1991004-640.jpg","contentUrl":"https:\/\/webmail.meusitejuridico.com.br\/s.meusitejuridico\/2019\/08\/5c68db6d-law-1991004-640.jpg","width":640,"height":418},{"@type":"BreadcrumbList","@id":"https:\/\/meusitejuridico.editorajuspodivm.com.br\/2021\/08\/13\/em-que-consiste-teoria-corpo-neutro\/#breadcrumb","itemListElement":[{"@type":"ListItem","position":1,"name":"In\u00edcio","item":"https:\/\/cdn.meusitejuridico.com.br\/"},{"@type":"ListItem","position":2,"name":"Em que consiste a \u201cteoria do corpo neutro\u201d?"}]},{"@type":"WebSite","@id":"https:\/\/cdn.meusitejuridico.com.br\/#website","url":"https:\/\/cdn.meusitejuridico.com.br\/","name":"Meu site jur\u00eddico","description":"Meu site jur\u00eddico","publisher":{"@id":"https:\/\/cdn.meusitejuridico.com.br\/#organization"},"potentialAction":[{"@type":"SearchAction","target":{"@type":"EntryPoint","urlTemplate":"https:\/\/cdn.meusitejuridico.com.br\/?s={search_term_string}"},"query-input":{"@type":"PropertyValueSpecification","valueRequired":true,"valueName":"search_term_string"}}],"inLanguage":"pt-BR"},{"@type":"Organization","@id":"https:\/\/cdn.meusitejuridico.com.br\/#organization","name":"Meu site jur\u00eddico","url":"https:\/\/cdn.meusitejuridico.com.br\/","logo":{"@type":"ImageObject","inLanguage":"pt-BR","@id":"https:\/\/cdn.meusitejuridico.com.br\/#\/schema\/logo\/image\/","url":"https:\/\/webmail.meusitejuridico.com.br\/s.meusitejuridico\/2022\/03\/cropped-baeec2a3-msj-02-01-01.png","contentUrl":"https:\/\/webmail.meusitejuridico.com.br\/s.meusitejuridico\/2022\/03\/cropped-baeec2a3-msj-02-01-01.png","width":349,"height":243,"caption":"Meu site jur\u00eddico"},"image":{"@id":"https:\/\/cdn.meusitejuridico.com.br\/#\/schema\/logo\/image\/"}},{"@type":"Person","@id":"https:\/\/cdn.meusitejuridico.com.br\/#\/schema\/person\/ae56313f17950dccef13d0989efd6d50","name":"Rodrigo Leite","image":{"@type":"ImageObject","inLanguage":"pt-BR","@id":"https:\/\/cdn.meusitejuridico.com.br\/#\/schema\/person\/image\/","url":"https:\/\/webmail.meusitejuridico.com.br\/s.meusitejuridico\/2021\/05\/8455192b-foto-site-rodrigo-leite-150x150.jpeg","contentUrl":"https:\/\/webmail.meusitejuridico.com.br\/s.meusitejuridico\/2021\/05\/8455192b-foto-site-rodrigo-leite-150x150.jpeg","caption":"Rodrigo Leite"},"description":"Coautor do livro \u201cAn\u00e1lise das Diverg\u00eancias Jurisprudenciais no STF e STJ\u201d, Editora Juspodivm. Autor do livro \u201cTombamento \u2013 Vol. 36 \u2013 Cole\u00e7\u00e3o Leis Especiais para Concursos\u201d, Editora Juspodivm. Autor do livro \u201cDesapropria\u00e7\u00e3o \u2013 Vol. 39 \u2013 Cole\u00e7\u00e3o Especiais para Concursos\u201d, Editora Juspodivm. Coautor do livro \u201cSaberes Jurisprudenciais\u201d, Editora Saraiva. Coorganizador do livro \u201cCPC na Jurisprud\u00eancia\", Editora Foco. Especialista em Direito P\u00fablico e Direito Processual Civil. Mestre em Direito Constitucional. Professor da P\u00f3s-gradua\u00e7\u00e3o em Direito Civil da Rede Anhaguera-Kroton. M\u00e1ster Universit\u00e1rio em Direito Constitucional pela Universidad Del Pa\u00eds Vasco, San Sebasti\u00e1n, Espanha. Advogado licenciado. Analista Judici\u00e1rio do TJRN. Assessor de Desembargador do TJRN.","sameAs":["https:\/\/www.editorajuspodivm.com.br\/autores\/detalhe\/85","https:\/\/www.instagram.com\/rodrigocrleite\/","https:\/\/x.com\/rodrigocrleite"],"url":"https:\/\/webmail.meusitejuridico.com.br\/author\/rodrigoleiterodrigoleite\/"}]}},"_links":{"self":[{"href":"https:\/\/webmail.meusitejuridico.com.br\/api\/wp\/v2\/posts\/13905","targetHints":{"allow":["GET"]}}],"collection":[{"href":"https:\/\/webmail.meusitejuridico.com.br\/api\/wp\/v2\/posts"}],"about":[{"href":"https:\/\/webmail.meusitejuridico.com.br\/api\/wp\/v2\/types\/post"}],"author":[{"embeddable":true,"href":"https:\/\/webmail.meusitejuridico.com.br\/api\/wp\/v2\/users\/131"}],"replies":[{"embeddable":true,"href":"https:\/\/webmail.meusitejuridico.com.br\/api\/wp\/v2\/comments?post=13905"}],"version-history":[{"count":3,"href":"https:\/\/webmail.meusitejuridico.com.br\/api\/wp\/v2\/posts\/13905\/revisions"}],"predecessor-version":[{"id":13908,"href":"https:\/\/webmail.meusitejuridico.com.br\/api\/wp\/v2\/posts\/13905\/revisions\/13908"}],"wp:featuredmedia":[{"embeddable":true,"href":"https:\/\/webmail.meusitejuridico.com.br\/api\/wp\/v2\/media\/9041"}],"wp:attachment":[{"href":"https:\/\/webmail.meusitejuridico.com.br\/api\/wp\/v2\/media?parent=13905"}],"wp:term":[{"taxonomy":"category","embeddable":true,"href":"https:\/\/webmail.meusitejuridico.com.br\/api\/wp\/v2\/categories?post=13905"},{"taxonomy":"post_tag","embeddable":true,"href":"https:\/\/webmail.meusitejuridico.com.br\/api\/wp\/v2\/tags?post=13905"}],"curies":[{"name":"wp","href":"https:\/\/api.w.org\/{rel}","templated":true}]}}