{"id":13207,"date":"2021-04-16T08:41:44","date_gmt":"2021-04-16T11:41:44","guid":{"rendered":"https:\/\/meusitejuridico.editorajuspodivm.com.br\/?p=13207"},"modified":"2021-04-16T08:41:44","modified_gmt":"2021-04-16T11:41:44","slug":"condenacao-por-crimes-eleitorais-que-sao-equiparados-crimes-politicos-nao-gera-reincidencia","status":"publish","type":"post","link":"https:\/\/webmail.meusitejuridico.com.br\/2021\/04\/16\/condenacao-por-crimes-eleitorais-que-sao-equiparados-crimes-politicos-nao-gera-reincidencia\/","title":{"rendered":"A condena\u00e7\u00e3o por crimes eleitorais, que s\u00e3o equiparados a crimes pol\u00edticos, n\u00e3o gera reincid\u00eancia"},"content":{"rendered":"<p><strong>ERRADO<\/strong><\/p>\n<p>De acordo com o art. 64, inc. II, do CP, para os efeitos da reincid\u00eancia n\u00e3o se consideram os crimes militares pr\u00f3prios e pol\u00edticos. Os crimes eleitorais s\u00e3o atitudes antissociais lesivas \u00e0 regra jur\u00eddica preestabelecida em prote\u00e7\u00e3o dos atos eleitorais em geral, do alistamento do eleitor, da diploma\u00e7\u00e3o do eleito. N\u00e3o pertencem, contudo, ao rol dos crimes pol\u00edticos, raz\u00e3o pela qual a eles n\u00e3o se aplica a limita\u00e7\u00e3o \u00e0 reincid\u00eancia caracter\u00edstica destes \u00faltimos.<\/p>\n","protected":false},"excerpt":{"rendered":"<p>ERRADO De acordo com o art. 64, inc. II, do CP, para os efeitos da reincid\u00eancia n\u00e3o se consideram os crimes militares pr\u00f3prios e pol\u00edticos. Os crimes eleitorais s\u00e3o atitudes antissociais lesivas \u00e0 regra jur\u00eddica preestabelecida em prote\u00e7\u00e3o dos atos eleitorais em geral, do alistamento do eleitor, da diploma\u00e7\u00e3o do eleito. N\u00e3o pertencem, contudo, ao [&hellip;]<\/p>\n","protected":false},"author":7,"featured_media":7696,"comment_status":"open","ping_status":"open","sticky":false,"template":"","format":"standard","meta":{"_acf_changed":false,"footnotes":""},"categories":[3090,78,437],"tags":[2501,2987,107,753],"class_list":["post-13207","post","type-post","status-publish","format-standard","has-post-thumbnail","hentry","category-certo-ou-errado","category-material-de-aula","category-perguntas-e-respostas","tag-crimes-eleitorais","tag-crimes-politicos","tag-direito-penal","tag-reincidencia"],"acf":[],"yoast_head":"<!-- This site is optimized with the Yoast SEO plugin v24.8.1 - https:\/\/yoast.com\/wordpress\/plugins\/seo\/ -->\n<title>A condena\u00e7\u00e3o por crimes eleitorais, que s\u00e3o equiparados a crimes pol\u00edticos, n\u00e3o gera reincid\u00eancia - Meu site jur\u00eddico<\/title>\n<meta name=\"robots\" content=\"index, follow, max-snippet:-1, max-image-preview:large, max-video-preview:-1\" \/>\n<link rel=\"canonical\" href=\"https:\/\/webmail.meusitejuridico.com.br\/2021\/04\/16\/condenacao-por-crimes-eleitorais-que-sao-equiparados-crimes-politicos-nao-gera-reincidencia\/\" \/>\n<meta property=\"og:locale\" content=\"pt_BR\" \/>\n<meta property=\"og:type\" content=\"article\" \/>\n<meta property=\"og:title\" content=\"A condena\u00e7\u00e3o por crimes eleitorais, que s\u00e3o equiparados a crimes pol\u00edticos, n\u00e3o gera reincid\u00eancia - Meu site jur\u00eddico\" \/>\n<meta property=\"og:description\" content=\"ERRADO De acordo com o art. 64, inc. II, do CP, para os efeitos da reincid\u00eancia n\u00e3o se consideram os crimes militares pr\u00f3prios e pol\u00edticos. Os crimes eleitorais s\u00e3o atitudes antissociais lesivas \u00e0 regra jur\u00eddica preestabelecida em prote\u00e7\u00e3o dos atos eleitorais em geral, do alistamento do eleitor, da diploma\u00e7\u00e3o do eleito. N\u00e3o pertencem, contudo, ao [&hellip;]\" \/>\n<meta property=\"og:url\" content=\"https:\/\/webmail.meusitejuridico.com.br\/2021\/04\/16\/condenacao-por-crimes-eleitorais-que-sao-equiparados-crimes-politicos-nao-gera-reincidencia\/\" \/>\n<meta property=\"og:site_name\" content=\"Meu site jur\u00eddico\" \/>\n<meta property=\"article:published_time\" content=\"2021-04-16T11:41:44+00:00\" \/>\n<meta property=\"og:image\" content=\"https:\/\/webmail.meusitejuridico.com.br\/s.meusitejuridico\/2019\/02\/7684f43e-shutterstock-774749260.jpg\" \/>\n\t<meta property=\"og:image:width\" content=\"1000\" \/>\n\t<meta property=\"og:image:height\" content=\"668\" \/>\n\t<meta property=\"og:image:type\" content=\"image\/jpeg\" \/>\n<meta name=\"author\" content=\"Equipe Meu Site Jur\u00eddico\" \/>\n<meta name=\"twitter:card\" content=\"summary_large_image\" \/>\n<meta name=\"twitter:label1\" content=\"Escrito por\" \/>\n\t<meta name=\"twitter:data1\" content=\"Equipe Meu Site Jur\u00eddico\" \/>\n<script type=\"application\/ld+json\" class=\"yoast-schema-graph\">{\"@context\":\"https:\/\/schema.org\",\"@graph\":[{\"@type\":\"Article\",\"@id\":\"https:\/\/webmail.meusitejuridico.com.br\/2021\/04\/16\/condenacao-por-crimes-eleitorais-que-sao-equiparados-crimes-politicos-nao-gera-reincidencia\/#article\",\"isPartOf\":{\"@id\":\"https:\/\/webmail.meusitejuridico.com.br\/2021\/04\/16\/condenacao-por-crimes-eleitorais-que-sao-equiparados-crimes-politicos-nao-gera-reincidencia\/\"},\"author\":{\"name\":\"Equipe Meu Site Jur\u00eddico\",\"@id\":\"https:\/\/meusitejuridico.editorajuspodivm.com.br\/#\/schema\/person\/5c2237ac0c8ff03bcf1a09fe3e45dfce\"},\"headline\":\"A condena\u00e7\u00e3o por crimes eleitorais, que s\u00e3o equiparados a crimes pol\u00edticos, n\u00e3o gera reincid\u00eancia\",\"datePublished\":\"2021-04-16T11:41:44+00:00\",\"mainEntityOfPage\":{\"@id\":\"https:\/\/webmail.meusitejuridico.com.br\/2021\/04\/16\/condenacao-por-crimes-eleitorais-que-sao-equiparados-crimes-politicos-nao-gera-reincidencia\/\"},\"wordCount\":105,\"commentCount\":0,\"publisher\":{\"@id\":\"https:\/\/meusitejuridico.editorajuspodivm.com.br\/#organization\"},\"image\":{\"@id\":\"https:\/\/webmail.meusitejuridico.com.br\/2021\/04\/16\/condenacao-por-crimes-eleitorais-que-sao-equiparados-crimes-politicos-nao-gera-reincidencia\/#primaryimage\"},\"thumbnailUrl\":\"https:\/\/webmail.meusitejuridico.com.br\/s.meusitejuridico\/2019\/02\/7684f43e-shutterstock-774749260.jpg\",\"keywords\":[\"crimes eleitorais\",\"crimes pol\u00edticos\",\"Direito Penal\",\"reincid\u00eancia\"],\"articleSection\":[\"Certo ou errado?\",\"Material de aula\",\"Perguntas e Respostas\"],\"inLanguage\":\"pt-BR\",\"potentialAction\":[{\"@type\":\"CommentAction\",\"name\":\"Comment\",\"target\":[\"https:\/\/webmail.meusitejuridico.com.br\/2021\/04\/16\/condenacao-por-crimes-eleitorais-que-sao-equiparados-crimes-politicos-nao-gera-reincidencia\/#respond\"]}]},{\"@type\":\"WebPage\",\"@id\":\"https:\/\/webmail.meusitejuridico.com.br\/2021\/04\/16\/condenacao-por-crimes-eleitorais-que-sao-equiparados-crimes-politicos-nao-gera-reincidencia\/\",\"url\":\"https:\/\/webmail.meusitejuridico.com.br\/2021\/04\/16\/condenacao-por-crimes-eleitorais-que-sao-equiparados-crimes-politicos-nao-gera-reincidencia\/\",\"name\":\"A condena\u00e7\u00e3o por crimes eleitorais, que s\u00e3o equiparados a crimes pol\u00edticos, n\u00e3o gera reincid\u00eancia - Meu site jur\u00eddico\",\"isPartOf\":{\"@id\":\"https:\/\/meusitejuridico.editorajuspodivm.com.br\/#website\"},\"primaryImageOfPage\":{\"@id\":\"https:\/\/webmail.meusitejuridico.com.br\/2021\/04\/16\/condenacao-por-crimes-eleitorais-que-sao-equiparados-crimes-politicos-nao-gera-reincidencia\/#primaryimage\"},\"image\":{\"@id\":\"https:\/\/webmail.meusitejuridico.com.br\/2021\/04\/16\/condenacao-por-crimes-eleitorais-que-sao-equiparados-crimes-politicos-nao-gera-reincidencia\/#primaryimage\"},\"thumbnailUrl\":\"https:\/\/webmail.meusitejuridico.com.br\/s.meusitejuridico\/2019\/02\/7684f43e-shutterstock-774749260.jpg\",\"datePublished\":\"2021-04-16T11:41:44+00:00\",\"breadcrumb\":{\"@id\":\"https:\/\/webmail.meusitejuridico.com.br\/2021\/04\/16\/condenacao-por-crimes-eleitorais-que-sao-equiparados-crimes-politicos-nao-gera-reincidencia\/#breadcrumb\"},\"inLanguage\":\"pt-BR\",\"potentialAction\":[{\"@type\":\"ReadAction\",\"target\":[\"https:\/\/webmail.meusitejuridico.com.br\/2021\/04\/16\/condenacao-por-crimes-eleitorais-que-sao-equiparados-crimes-politicos-nao-gera-reincidencia\/\"]}]},{\"@type\":\"ImageObject\",\"inLanguage\":\"pt-BR\",\"@id\":\"https:\/\/webmail.meusitejuridico.com.br\/2021\/04\/16\/condenacao-por-crimes-eleitorais-que-sao-equiparados-crimes-politicos-nao-gera-reincidencia\/#primaryimage\",\"url\":\"https:\/\/webmail.meusitejuridico.com.br\/s.meusitejuridico\/2019\/02\/7684f43e-shutterstock-774749260.jpg\",\"contentUrl\":\"https:\/\/webmail.meusitejuridico.com.br\/s.meusitejuridico\/2019\/02\/7684f43e-shutterstock-774749260.jpg\",\"width\":1000,\"height\":668},{\"@type\":\"BreadcrumbList\",\"@id\":\"https:\/\/webmail.meusitejuridico.com.br\/2021\/04\/16\/condenacao-por-crimes-eleitorais-que-sao-equiparados-crimes-politicos-nao-gera-reincidencia\/#breadcrumb\",\"itemListElement\":[{\"@type\":\"ListItem\",\"position\":1,\"name\":\"In\u00edcio\",\"item\":\"https:\/\/meusitejuridico.editorajuspodivm.com.br\/\"},{\"@type\":\"ListItem\",\"position\":2,\"name\":\"A condena\u00e7\u00e3o por crimes eleitorais, que s\u00e3o equiparados a crimes pol\u00edticos, n\u00e3o gera reincid\u00eancia\"}]},{\"@type\":\"WebSite\",\"@id\":\"https:\/\/meusitejuridico.editorajuspodivm.com.br\/#website\",\"url\":\"https:\/\/meusitejuridico.editorajuspodivm.com.br\/\",\"name\":\"Meu site jur\u00eddico\",\"description\":\"Meu site jur\u00eddico\",\"publisher\":{\"@id\":\"https:\/\/meusitejuridico.editorajuspodivm.com.br\/#organization\"},\"potentialAction\":[{\"@type\":\"SearchAction\",\"target\":{\"@type\":\"EntryPoint\",\"urlTemplate\":\"https:\/\/meusitejuridico.editorajuspodivm.com.br\/?s={search_term_string}\"},\"query-input\":{\"@type\":\"PropertyValueSpecification\",\"valueRequired\":true,\"valueName\":\"search_term_string\"}}],\"inLanguage\":\"pt-BR\"},{\"@type\":\"Organization\",\"@id\":\"https:\/\/meusitejuridico.editorajuspodivm.com.br\/#organization\",\"name\":\"Meu site jur\u00eddico\",\"url\":\"https:\/\/meusitejuridico.editorajuspodivm.com.br\/\",\"logo\":{\"@type\":\"ImageObject\",\"inLanguage\":\"pt-BR\",\"@id\":\"https:\/\/meusitejuridico.editorajuspodivm.com.br\/#\/schema\/logo\/image\/\",\"url\":\"https:\/\/webmail.meusitejuridico.com.br\/s.meusitejuridico\/2022\/03\/cropped-baeec2a3-msj-02-01-01.png\",\"contentUrl\":\"https:\/\/webmail.meusitejuridico.com.br\/s.meusitejuridico\/2022\/03\/cropped-baeec2a3-msj-02-01-01.png\",\"width\":349,\"height\":243,\"caption\":\"Meu site jur\u00eddico\"},\"image\":{\"@id\":\"https:\/\/meusitejuridico.editorajuspodivm.com.br\/#\/schema\/logo\/image\/\"}},{\"@type\":\"Person\",\"@id\":\"https:\/\/meusitejuridico.editorajuspodivm.com.br\/#\/schema\/person\/5c2237ac0c8ff03bcf1a09fe3e45dfce\",\"name\":\"Equipe Meu Site Jur\u00eddico\",\"image\":{\"@type\":\"ImageObject\",\"inLanguage\":\"pt-BR\",\"@id\":\"https:\/\/meusitejuridico.editorajuspodivm.com.br\/#\/schema\/person\/image\/\",\"url\":\"https:\/\/webmail.meusitejuridico.com.br\/s.meusitejuridico\/2020\/07\/6be289aa-logo-msj.png\",\"contentUrl\":\"https:\/\/webmail.meusitejuridico.com.br\/s.meusitejuridico\/2020\/07\/6be289aa-logo-msj.png\",\"caption\":\"Equipe Meu Site Jur\u00eddico\"},\"description\":\"Contem conosco!\",\"url\":\"https:\/\/webmail.meusitejuridico.com.br\/author\/equipe-meu-site-juridico\/\"}]}<\/script>\n<!-- \/ Yoast SEO plugin. -->","yoast_head_json":{"title":"A condena\u00e7\u00e3o por crimes eleitorais, que s\u00e3o equiparados a crimes pol\u00edticos, n\u00e3o gera reincid\u00eancia - Meu site jur\u00eddico","robots":{"index":"index","follow":"follow","max-snippet":"max-snippet:-1","max-image-preview":"max-image-preview:large","max-video-preview":"max-video-preview:-1"},"canonical":"https:\/\/webmail.meusitejuridico.com.br\/2021\/04\/16\/condenacao-por-crimes-eleitorais-que-sao-equiparados-crimes-politicos-nao-gera-reincidencia\/","og_locale":"pt_BR","og_type":"article","og_title":"A condena\u00e7\u00e3o por crimes eleitorais, que s\u00e3o equiparados a crimes pol\u00edticos, n\u00e3o gera reincid\u00eancia - Meu site jur\u00eddico","og_description":"ERRADO De acordo com o art. 64, inc. II, do CP, para os efeitos da reincid\u00eancia n\u00e3o se consideram os crimes militares pr\u00f3prios e pol\u00edticos. Os crimes eleitorais s\u00e3o atitudes antissociais lesivas \u00e0 regra jur\u00eddica preestabelecida em prote\u00e7\u00e3o dos atos eleitorais em geral, do alistamento do eleitor, da diploma\u00e7\u00e3o do eleito. N\u00e3o pertencem, contudo, ao [&hellip;]","og_url":"https:\/\/webmail.meusitejuridico.com.br\/2021\/04\/16\/condenacao-por-crimes-eleitorais-que-sao-equiparados-crimes-politicos-nao-gera-reincidencia\/","og_site_name":"Meu site jur\u00eddico","article_published_time":"2021-04-16T11:41:44+00:00","og_image":[{"width":1000,"height":668,"url":"https:\/\/webmail.meusitejuridico.com.br\/s.meusitejuridico\/2019\/02\/7684f43e-shutterstock-774749260.jpg","type":"image\/jpeg"}],"author":"Equipe Meu Site Jur\u00eddico","twitter_card":"summary_large_image","twitter_misc":{"Escrito por":"Equipe Meu Site Jur\u00eddico"},"schema":{"@context":"https:\/\/schema.org","@graph":[{"@type":"Article","@id":"https:\/\/webmail.meusitejuridico.com.br\/2021\/04\/16\/condenacao-por-crimes-eleitorais-que-sao-equiparados-crimes-politicos-nao-gera-reincidencia\/#article","isPartOf":{"@id":"https:\/\/webmail.meusitejuridico.com.br\/2021\/04\/16\/condenacao-por-crimes-eleitorais-que-sao-equiparados-crimes-politicos-nao-gera-reincidencia\/"},"author":{"name":"Equipe Meu Site Jur\u00eddico","@id":"https:\/\/meusitejuridico.editorajuspodivm.com.br\/#\/schema\/person\/5c2237ac0c8ff03bcf1a09fe3e45dfce"},"headline":"A condena\u00e7\u00e3o por crimes eleitorais, que s\u00e3o equiparados a crimes pol\u00edticos, n\u00e3o gera reincid\u00eancia","datePublished":"2021-04-16T11:41:44+00:00","mainEntityOfPage":{"@id":"https:\/\/webmail.meusitejuridico.com.br\/2021\/04\/16\/condenacao-por-crimes-eleitorais-que-sao-equiparados-crimes-politicos-nao-gera-reincidencia\/"},"wordCount":105,"commentCount":0,"publisher":{"@id":"https:\/\/meusitejuridico.editorajuspodivm.com.br\/#organization"},"image":{"@id":"https:\/\/webmail.meusitejuridico.com.br\/2021\/04\/16\/condenacao-por-crimes-eleitorais-que-sao-equiparados-crimes-politicos-nao-gera-reincidencia\/#primaryimage"},"thumbnailUrl":"https:\/\/webmail.meusitejuridico.com.br\/s.meusitejuridico\/2019\/02\/7684f43e-shutterstock-774749260.jpg","keywords":["crimes eleitorais","crimes pol\u00edticos","Direito Penal","reincid\u00eancia"],"articleSection":["Certo ou errado?","Material de aula","Perguntas e Respostas"],"inLanguage":"pt-BR","potentialAction":[{"@type":"CommentAction","name":"Comment","target":["https:\/\/webmail.meusitejuridico.com.br\/2021\/04\/16\/condenacao-por-crimes-eleitorais-que-sao-equiparados-crimes-politicos-nao-gera-reincidencia\/#respond"]}]},{"@type":"WebPage","@id":"https:\/\/webmail.meusitejuridico.com.br\/2021\/04\/16\/condenacao-por-crimes-eleitorais-que-sao-equiparados-crimes-politicos-nao-gera-reincidencia\/","url":"https:\/\/webmail.meusitejuridico.com.br\/2021\/04\/16\/condenacao-por-crimes-eleitorais-que-sao-equiparados-crimes-politicos-nao-gera-reincidencia\/","name":"A condena\u00e7\u00e3o por crimes eleitorais, que s\u00e3o equiparados a crimes pol\u00edticos, n\u00e3o gera reincid\u00eancia - Meu site jur\u00eddico","isPartOf":{"@id":"https:\/\/meusitejuridico.editorajuspodivm.com.br\/#website"},"primaryImageOfPage":{"@id":"https:\/\/webmail.meusitejuridico.com.br\/2021\/04\/16\/condenacao-por-crimes-eleitorais-que-sao-equiparados-crimes-politicos-nao-gera-reincidencia\/#primaryimage"},"image":{"@id":"https:\/\/webmail.meusitejuridico.com.br\/2021\/04\/16\/condenacao-por-crimes-eleitorais-que-sao-equiparados-crimes-politicos-nao-gera-reincidencia\/#primaryimage"},"thumbnailUrl":"https:\/\/webmail.meusitejuridico.com.br\/s.meusitejuridico\/2019\/02\/7684f43e-shutterstock-774749260.jpg","datePublished":"2021-04-16T11:41:44+00:00","breadcrumb":{"@id":"https:\/\/webmail.meusitejuridico.com.br\/2021\/04\/16\/condenacao-por-crimes-eleitorais-que-sao-equiparados-crimes-politicos-nao-gera-reincidencia\/#breadcrumb"},"inLanguage":"pt-BR","potentialAction":[{"@type":"ReadAction","target":["https:\/\/webmail.meusitejuridico.com.br\/2021\/04\/16\/condenacao-por-crimes-eleitorais-que-sao-equiparados-crimes-politicos-nao-gera-reincidencia\/"]}]},{"@type":"ImageObject","inLanguage":"pt-BR","@id":"https:\/\/webmail.meusitejuridico.com.br\/2021\/04\/16\/condenacao-por-crimes-eleitorais-que-sao-equiparados-crimes-politicos-nao-gera-reincidencia\/#primaryimage","url":"https:\/\/webmail.meusitejuridico.com.br\/s.meusitejuridico\/2019\/02\/7684f43e-shutterstock-774749260.jpg","contentUrl":"https:\/\/webmail.meusitejuridico.com.br\/s.meusitejuridico\/2019\/02\/7684f43e-shutterstock-774749260.jpg","width":1000,"height":668},{"@type":"BreadcrumbList","@id":"https:\/\/webmail.meusitejuridico.com.br\/2021\/04\/16\/condenacao-por-crimes-eleitorais-que-sao-equiparados-crimes-politicos-nao-gera-reincidencia\/#breadcrumb","itemListElement":[{"@type":"ListItem","position":1,"name":"In\u00edcio","item":"https:\/\/meusitejuridico.editorajuspodivm.com.br\/"},{"@type":"ListItem","position":2,"name":"A condena\u00e7\u00e3o por crimes eleitorais, que s\u00e3o equiparados a crimes pol\u00edticos, n\u00e3o gera reincid\u00eancia"}]},{"@type":"WebSite","@id":"https:\/\/meusitejuridico.editorajuspodivm.com.br\/#website","url":"https:\/\/meusitejuridico.editorajuspodivm.com.br\/","name":"Meu site jur\u00eddico","description":"Meu site jur\u00eddico","publisher":{"@id":"https:\/\/meusitejuridico.editorajuspodivm.com.br\/#organization"},"potentialAction":[{"@type":"SearchAction","target":{"@type":"EntryPoint","urlTemplate":"https:\/\/meusitejuridico.editorajuspodivm.com.br\/?s={search_term_string}"},"query-input":{"@type":"PropertyValueSpecification","valueRequired":true,"valueName":"search_term_string"}}],"inLanguage":"pt-BR"},{"@type":"Organization","@id":"https:\/\/meusitejuridico.editorajuspodivm.com.br\/#organization","name":"Meu site jur\u00eddico","url":"https:\/\/meusitejuridico.editorajuspodivm.com.br\/","logo":{"@type":"ImageObject","inLanguage":"pt-BR","@id":"https:\/\/meusitejuridico.editorajuspodivm.com.br\/#\/schema\/logo\/image\/","url":"https:\/\/webmail.meusitejuridico.com.br\/s.meusitejuridico\/2022\/03\/cropped-baeec2a3-msj-02-01-01.png","contentUrl":"https:\/\/webmail.meusitejuridico.com.br\/s.meusitejuridico\/2022\/03\/cropped-baeec2a3-msj-02-01-01.png","width":349,"height":243,"caption":"Meu site jur\u00eddico"},"image":{"@id":"https:\/\/meusitejuridico.editorajuspodivm.com.br\/#\/schema\/logo\/image\/"}},{"@type":"Person","@id":"https:\/\/meusitejuridico.editorajuspodivm.com.br\/#\/schema\/person\/5c2237ac0c8ff03bcf1a09fe3e45dfce","name":"Equipe Meu Site Jur\u00eddico","image":{"@type":"ImageObject","inLanguage":"pt-BR","@id":"https:\/\/meusitejuridico.editorajuspodivm.com.br\/#\/schema\/person\/image\/","url":"https:\/\/webmail.meusitejuridico.com.br\/s.meusitejuridico\/2020\/07\/6be289aa-logo-msj.png","contentUrl":"https:\/\/webmail.meusitejuridico.com.br\/s.meusitejuridico\/2020\/07\/6be289aa-logo-msj.png","caption":"Equipe Meu Site Jur\u00eddico"},"description":"Contem conosco!","url":"https:\/\/webmail.meusitejuridico.com.br\/author\/equipe-meu-site-juridico\/"}]}},"_links":{"self":[{"href":"https:\/\/webmail.meusitejuridico.com.br\/api\/wp\/v2\/posts\/13207","targetHints":{"allow":["GET"]}}],"collection":[{"href":"https:\/\/webmail.meusitejuridico.com.br\/api\/wp\/v2\/posts"}],"about":[{"href":"https:\/\/webmail.meusitejuridico.com.br\/api\/wp\/v2\/types\/post"}],"author":[{"embeddable":true,"href":"https:\/\/webmail.meusitejuridico.com.br\/api\/wp\/v2\/users\/7"}],"replies":[{"embeddable":true,"href":"https:\/\/webmail.meusitejuridico.com.br\/api\/wp\/v2\/comments?post=13207"}],"version-history":[{"count":1,"href":"https:\/\/webmail.meusitejuridico.com.br\/api\/wp\/v2\/posts\/13207\/revisions"}],"predecessor-version":[{"id":13208,"href":"https:\/\/webmail.meusitejuridico.com.br\/api\/wp\/v2\/posts\/13207\/revisions\/13208"}],"wp:featuredmedia":[{"embeddable":true,"href":"https:\/\/webmail.meusitejuridico.com.br\/api\/wp\/v2\/media\/7696"}],"wp:attachment":[{"href":"https:\/\/webmail.meusitejuridico.com.br\/api\/wp\/v2\/media?parent=13207"}],"wp:term":[{"taxonomy":"category","embeddable":true,"href":"https:\/\/webmail.meusitejuridico.com.br\/api\/wp\/v2\/categories?post=13207"},{"taxonomy":"post_tag","embeddable":true,"href":"https:\/\/webmail.meusitejuridico.com.br\/api\/wp\/v2\/tags?post=13207"}],"curies":[{"name":"wp","href":"https:\/\/api.w.org\/{rel}","templated":true}]}}