{"id":13035,"date":"2021-03-18T08:55:08","date_gmt":"2021-03-18T11:55:08","guid":{"rendered":"https:\/\/meusitejuridico.editorajuspodivm.com.br\/?p=13035"},"modified":"2021-03-18T08:55:08","modified_gmt":"2021-03-18T11:55:08","slug":"ao-disciplinar-cadeia-de-custodia-o-cpp-dispoe-que-coleta-dos-vestigios-deve-ser-realizada-necessariamente-por-perito-oficial","status":"publish","type":"post","link":"https:\/\/webmail.meusitejuridico.com.br\/2021\/03\/18\/ao-disciplinar-cadeia-de-custodia-o-cpp-dispoe-que-coleta-dos-vestigios-deve-ser-realizada-necessariamente-por-perito-oficial\/","title":{"rendered":"Ao disciplinar a cadeia de cust\u00f3dia, o CPP disp\u00f5e que a coleta dos vest\u00edgios deve ser realizada necessariamente por perito oficial"},"content":{"rendered":"<p><strong>ERRADO<\/strong><\/p>\n<p>Segundo o art. 158-C do CPP, \u201cA coleta dos vest\u00edgios dever\u00e1 ser realizada <strong><em>preferencialmente<\/em><\/strong> por perito oficial, que dar\u00e1 o encaminhamento necess\u00e1rio para a central de cust\u00f3dia, mesmo quando for necess\u00e1ria a realiza\u00e7\u00e3o de exames complementares\u201d.<\/p>\n<p>O perito oficial \u00e9 aquele de forma\u00e7\u00e3o universit\u00e1ria investido na carreira atrav\u00e9s de concurso p\u00fablico e que somente inicia a execu\u00e7\u00e3o de suas fun\u00e7\u00f5es ap\u00f3s passar por forma\u00e7\u00e3o preparat\u00f3ria espec\u00edfica. Deve cumprir sua miss\u00e3o com autonomia t\u00e9cnica, cient\u00edfica e funcional (art. 2\u00ba da Lei n.12.030\/09).<\/p>\n<p>Em determinadas situa\u00e7\u00f5es, por diversas e compreens\u00edveis raz\u00f5es, pode n\u00e3o ser poss\u00edvel a realiza\u00e7\u00e3o de coleta por perito oficial, da\u00ed a inclus\u00e3o do termo <em>preferencialmente<\/em> (e n\u00e3o <em>obrigatoriamente<\/em>) no <em>caput<\/em>. O agente, mesmo n\u00e3o sendo perito oficial, encarregado momentaneamente de proceder \u00e0 coleta, deve observar todos os procedimentos t\u00e9cnicos previstos na <em>novatio legis<\/em>, sob pena de contaminar a cadeia de cust\u00f3dia.<\/p>\n","protected":false},"excerpt":{"rendered":"<p>ERRADO Segundo o art. 158-C do CPP, \u201cA coleta dos vest\u00edgios dever\u00e1 ser realizada preferencialmente por perito oficial, que dar\u00e1 o encaminhamento necess\u00e1rio para a central de cust\u00f3dia, mesmo quando for necess\u00e1ria a realiza\u00e7\u00e3o de exames complementares\u201d. O perito oficial \u00e9 aquele de forma\u00e7\u00e3o universit\u00e1ria investido na carreira atrav\u00e9s de concurso p\u00fablico e que somente [&hellip;]<\/p>\n","protected":false},"author":7,"featured_media":2333,"comment_status":"open","ping_status":"open","sticky":false,"template":"","format":"standard","meta":{"_acf_changed":false,"footnotes":""},"categories":[3090,78,437],"tags":[3594,3536,119,2788],"class_list":["post-13035","post","type-post","status-publish","format-standard","has-post-thumbnail","hentry","category-certo-ou-errado","category-material-de-aula","category-perguntas-e-respostas","tag-158-c-cpp","tag-cadeia-de-custodia","tag-processo-penal","tag-vestigios"],"acf":[],"yoast_head":"<!-- This site is optimized with the Yoast SEO plugin v24.8.1 - https:\/\/yoast.com\/wordpress\/plugins\/seo\/ -->\n<title>Ao disciplinar a cadeia de cust\u00f3dia, o CPP disp\u00f5e que a coleta dos vest\u00edgios deve ser realizada necessariamente por perito oficial - Meu site jur\u00eddico<\/title>\n<meta name=\"robots\" content=\"index, follow, max-snippet:-1, max-image-preview:large, max-video-preview:-1\" \/>\n<link rel=\"canonical\" href=\"https:\/\/cdn.meusitejuridico.com.br\/2021\/03\/18\/ao-disciplinar-cadeia-de-custodia-o-cpp-dispoe-que-coleta-dos-vestigios-deve-ser-realizada-necessariamente-por-perito-oficial\/\" \/>\n<meta property=\"og:locale\" content=\"pt_BR\" \/>\n<meta property=\"og:type\" content=\"article\" \/>\n<meta property=\"og:title\" content=\"Ao disciplinar a cadeia de cust\u00f3dia, o CPP disp\u00f5e que a coleta dos vest\u00edgios deve ser realizada necessariamente por perito oficial - Meu site jur\u00eddico\" \/>\n<meta property=\"og:description\" content=\"ERRADO Segundo o art. 158-C do CPP, \u201cA coleta dos vest\u00edgios dever\u00e1 ser realizada preferencialmente por perito oficial, que dar\u00e1 o encaminhamento necess\u00e1rio para a central de cust\u00f3dia, mesmo quando for necess\u00e1ria a realiza\u00e7\u00e3o de exames complementares\u201d. O perito oficial \u00e9 aquele de forma\u00e7\u00e3o universit\u00e1ria investido na carreira atrav\u00e9s de concurso p\u00fablico e que somente [&hellip;]\" \/>\n<meta property=\"og:url\" content=\"https:\/\/cdn.meusitejuridico.com.br\/2021\/03\/18\/ao-disciplinar-cadeia-de-custodia-o-cpp-dispoe-que-coleta-dos-vestigios-deve-ser-realizada-necessariamente-por-perito-oficial\/\" \/>\n<meta property=\"og:site_name\" content=\"Meu site jur\u00eddico\" \/>\n<meta property=\"article:published_time\" content=\"2021-03-18T11:55:08+00:00\" \/>\n<meta property=\"og:image\" content=\"https:\/\/cdn.meusitejuridico.com.br\/s.meusitejuridico\/2017\/05\/0291ff05-shutterstock-191387282.jpg\" \/>\n\t<meta property=\"og:image:width\" content=\"1000\" \/>\n\t<meta property=\"og:image:height\" content=\"666\" \/>\n\t<meta property=\"og:image:type\" content=\"image\/jpeg\" \/>\n<meta name=\"author\" content=\"Equipe Meu Site Jur\u00eddico\" \/>\n<meta name=\"twitter:card\" content=\"summary_large_image\" \/>\n<meta name=\"twitter:label1\" content=\"Escrito por\" \/>\n\t<meta name=\"twitter:data1\" content=\"Equipe Meu Site Jur\u00eddico\" \/>\n\t<meta name=\"twitter:label2\" content=\"Est. tempo de leitura\" \/>\n\t<meta name=\"twitter:data2\" content=\"1 minuto\" \/>\n<script type=\"application\/ld+json\" class=\"yoast-schema-graph\">{\"@context\":\"https:\/\/schema.org\",\"@graph\":[{\"@type\":\"Article\",\"@id\":\"https:\/\/cdn.meusitejuridico.com.br\/2021\/03\/18\/ao-disciplinar-cadeia-de-custodia-o-cpp-dispoe-que-coleta-dos-vestigios-deve-ser-realizada-necessariamente-por-perito-oficial\/#article\",\"isPartOf\":{\"@id\":\"https:\/\/cdn.meusitejuridico.com.br\/2021\/03\/18\/ao-disciplinar-cadeia-de-custodia-o-cpp-dispoe-que-coleta-dos-vestigios-deve-ser-realizada-necessariamente-por-perito-oficial\/\"},\"author\":{\"name\":\"Equipe Meu Site Jur\u00eddico\",\"@id\":\"https:\/\/cdn.meusitejuridico.com.br\/#\/schema\/person\/5c2237ac0c8ff03bcf1a09fe3e45dfce\"},\"headline\":\"Ao disciplinar a cadeia de cust\u00f3dia, o CPP disp\u00f5e que a coleta dos vest\u00edgios deve ser realizada necessariamente por perito oficial\",\"datePublished\":\"2021-03-18T11:55:08+00:00\",\"mainEntityOfPage\":{\"@id\":\"https:\/\/cdn.meusitejuridico.com.br\/2021\/03\/18\/ao-disciplinar-cadeia-de-custodia-o-cpp-dispoe-que-coleta-dos-vestigios-deve-ser-realizada-necessariamente-por-perito-oficial\/\"},\"wordCount\":193,\"commentCount\":0,\"publisher\":{\"@id\":\"https:\/\/cdn.meusitejuridico.com.br\/#organization\"},\"image\":{\"@id\":\"https:\/\/cdn.meusitejuridico.com.br\/2021\/03\/18\/ao-disciplinar-cadeia-de-custodia-o-cpp-dispoe-que-coleta-dos-vestigios-deve-ser-realizada-necessariamente-por-perito-oficial\/#primaryimage\"},\"thumbnailUrl\":\"https:\/\/webmail.meusitejuridico.com.br\/s.meusitejuridico\/2017\/05\/0291ff05-shutterstock-191387282.jpg\",\"keywords\":[\"158-C CPP\",\"cadeia de cust\u00f3dia\",\"Processo Penal\",\"vest\u00edgios\"],\"articleSection\":[\"Certo ou errado?\",\"Material de aula\",\"Perguntas e Respostas\"],\"inLanguage\":\"pt-BR\",\"potentialAction\":[{\"@type\":\"CommentAction\",\"name\":\"Comment\",\"target\":[\"https:\/\/cdn.meusitejuridico.com.br\/2021\/03\/18\/ao-disciplinar-cadeia-de-custodia-o-cpp-dispoe-que-coleta-dos-vestigios-deve-ser-realizada-necessariamente-por-perito-oficial\/#respond\"]}]},{\"@type\":\"WebPage\",\"@id\":\"https:\/\/cdn.meusitejuridico.com.br\/2021\/03\/18\/ao-disciplinar-cadeia-de-custodia-o-cpp-dispoe-que-coleta-dos-vestigios-deve-ser-realizada-necessariamente-por-perito-oficial\/\",\"url\":\"https:\/\/cdn.meusitejuridico.com.br\/2021\/03\/18\/ao-disciplinar-cadeia-de-custodia-o-cpp-dispoe-que-coleta-dos-vestigios-deve-ser-realizada-necessariamente-por-perito-oficial\/\",\"name\":\"Ao disciplinar a cadeia de cust\u00f3dia, o CPP disp\u00f5e que a coleta dos vest\u00edgios deve ser realizada necessariamente por perito oficial - Meu site jur\u00eddico\",\"isPartOf\":{\"@id\":\"https:\/\/cdn.meusitejuridico.com.br\/#website\"},\"primaryImageOfPage\":{\"@id\":\"https:\/\/cdn.meusitejuridico.com.br\/2021\/03\/18\/ao-disciplinar-cadeia-de-custodia-o-cpp-dispoe-que-coleta-dos-vestigios-deve-ser-realizada-necessariamente-por-perito-oficial\/#primaryimage\"},\"image\":{\"@id\":\"https:\/\/cdn.meusitejuridico.com.br\/2021\/03\/18\/ao-disciplinar-cadeia-de-custodia-o-cpp-dispoe-que-coleta-dos-vestigios-deve-ser-realizada-necessariamente-por-perito-oficial\/#primaryimage\"},\"thumbnailUrl\":\"https:\/\/webmail.meusitejuridico.com.br\/s.meusitejuridico\/2017\/05\/0291ff05-shutterstock-191387282.jpg\",\"datePublished\":\"2021-03-18T11:55:08+00:00\",\"breadcrumb\":{\"@id\":\"https:\/\/cdn.meusitejuridico.com.br\/2021\/03\/18\/ao-disciplinar-cadeia-de-custodia-o-cpp-dispoe-que-coleta-dos-vestigios-deve-ser-realizada-necessariamente-por-perito-oficial\/#breadcrumb\"},\"inLanguage\":\"pt-BR\",\"potentialAction\":[{\"@type\":\"ReadAction\",\"target\":[\"https:\/\/cdn.meusitejuridico.com.br\/2021\/03\/18\/ao-disciplinar-cadeia-de-custodia-o-cpp-dispoe-que-coleta-dos-vestigios-deve-ser-realizada-necessariamente-por-perito-oficial\/\"]}]},{\"@type\":\"ImageObject\",\"inLanguage\":\"pt-BR\",\"@id\":\"https:\/\/cdn.meusitejuridico.com.br\/2021\/03\/18\/ao-disciplinar-cadeia-de-custodia-o-cpp-dispoe-que-coleta-dos-vestigios-deve-ser-realizada-necessariamente-por-perito-oficial\/#primaryimage\",\"url\":\"https:\/\/webmail.meusitejuridico.com.br\/s.meusitejuridico\/2017\/05\/0291ff05-shutterstock-191387282.jpg\",\"contentUrl\":\"https:\/\/webmail.meusitejuridico.com.br\/s.meusitejuridico\/2017\/05\/0291ff05-shutterstock-191387282.jpg\",\"width\":1000,\"height\":666},{\"@type\":\"BreadcrumbList\",\"@id\":\"https:\/\/cdn.meusitejuridico.com.br\/2021\/03\/18\/ao-disciplinar-cadeia-de-custodia-o-cpp-dispoe-que-coleta-dos-vestigios-deve-ser-realizada-necessariamente-por-perito-oficial\/#breadcrumb\",\"itemListElement\":[{\"@type\":\"ListItem\",\"position\":1,\"name\":\"In\u00edcio\",\"item\":\"https:\/\/cdn.meusitejuridico.com.br\/\"},{\"@type\":\"ListItem\",\"position\":2,\"name\":\"Ao disciplinar a cadeia de cust\u00f3dia, o CPP disp\u00f5e que a coleta dos vest\u00edgios deve ser realizada necessariamente por perito oficial\"}]},{\"@type\":\"WebSite\",\"@id\":\"https:\/\/cdn.meusitejuridico.com.br\/#website\",\"url\":\"https:\/\/cdn.meusitejuridico.com.br\/\",\"name\":\"Meu site jur\u00eddico\",\"description\":\"Meu site jur\u00eddico\",\"publisher\":{\"@id\":\"https:\/\/cdn.meusitejuridico.com.br\/#organization\"},\"potentialAction\":[{\"@type\":\"SearchAction\",\"target\":{\"@type\":\"EntryPoint\",\"urlTemplate\":\"https:\/\/cdn.meusitejuridico.com.br\/?s={search_term_string}\"},\"query-input\":{\"@type\":\"PropertyValueSpecification\",\"valueRequired\":true,\"valueName\":\"search_term_string\"}}],\"inLanguage\":\"pt-BR\"},{\"@type\":\"Organization\",\"@id\":\"https:\/\/cdn.meusitejuridico.com.br\/#organization\",\"name\":\"Meu site jur\u00eddico\",\"url\":\"https:\/\/cdn.meusitejuridico.com.br\/\",\"logo\":{\"@type\":\"ImageObject\",\"inLanguage\":\"pt-BR\",\"@id\":\"https:\/\/cdn.meusitejuridico.com.br\/#\/schema\/logo\/image\/\",\"url\":\"https:\/\/webmail.meusitejuridico.com.br\/s.meusitejuridico\/2022\/03\/cropped-baeec2a3-msj-02-01-01.png\",\"contentUrl\":\"https:\/\/webmail.meusitejuridico.com.br\/s.meusitejuridico\/2022\/03\/cropped-baeec2a3-msj-02-01-01.png\",\"width\":349,\"height\":243,\"caption\":\"Meu site jur\u00eddico\"},\"image\":{\"@id\":\"https:\/\/cdn.meusitejuridico.com.br\/#\/schema\/logo\/image\/\"}},{\"@type\":\"Person\",\"@id\":\"https:\/\/cdn.meusitejuridico.com.br\/#\/schema\/person\/5c2237ac0c8ff03bcf1a09fe3e45dfce\",\"name\":\"Equipe Meu Site Jur\u00eddico\",\"image\":{\"@type\":\"ImageObject\",\"inLanguage\":\"pt-BR\",\"@id\":\"https:\/\/cdn.meusitejuridico.com.br\/#\/schema\/person\/image\/\",\"url\":\"https:\/\/webmail.meusitejuridico.com.br\/s.meusitejuridico\/2020\/07\/6be289aa-logo-msj.png\",\"contentUrl\":\"https:\/\/webmail.meusitejuridico.com.br\/s.meusitejuridico\/2020\/07\/6be289aa-logo-msj.png\",\"caption\":\"Equipe Meu Site Jur\u00eddico\"},\"description\":\"Contem conosco!\",\"url\":\"https:\/\/webmail.meusitejuridico.com.br\/author\/equipe-meu-site-juridico\/\"}]}<\/script>\n<!-- \/ Yoast SEO plugin. -->","yoast_head_json":{"title":"Ao disciplinar a cadeia de cust\u00f3dia, o CPP disp\u00f5e que a coleta dos vest\u00edgios deve ser realizada necessariamente por perito oficial - Meu site jur\u00eddico","robots":{"index":"index","follow":"follow","max-snippet":"max-snippet:-1","max-image-preview":"max-image-preview:large","max-video-preview":"max-video-preview:-1"},"canonical":"https:\/\/cdn.meusitejuridico.com.br\/2021\/03\/18\/ao-disciplinar-cadeia-de-custodia-o-cpp-dispoe-que-coleta-dos-vestigios-deve-ser-realizada-necessariamente-por-perito-oficial\/","og_locale":"pt_BR","og_type":"article","og_title":"Ao disciplinar a cadeia de cust\u00f3dia, o CPP disp\u00f5e que a coleta dos vest\u00edgios deve ser realizada necessariamente por perito oficial - Meu site jur\u00eddico","og_description":"ERRADO Segundo o art. 158-C do CPP, \u201cA coleta dos vest\u00edgios dever\u00e1 ser realizada preferencialmente por perito oficial, que dar\u00e1 o encaminhamento necess\u00e1rio para a central de cust\u00f3dia, mesmo quando for necess\u00e1ria a realiza\u00e7\u00e3o de exames complementares\u201d. O perito oficial \u00e9 aquele de forma\u00e7\u00e3o universit\u00e1ria investido na carreira atrav\u00e9s de concurso p\u00fablico e que somente [&hellip;]","og_url":"https:\/\/cdn.meusitejuridico.com.br\/2021\/03\/18\/ao-disciplinar-cadeia-de-custodia-o-cpp-dispoe-que-coleta-dos-vestigios-deve-ser-realizada-necessariamente-por-perito-oficial\/","og_site_name":"Meu site jur\u00eddico","article_published_time":"2021-03-18T11:55:08+00:00","og_image":[{"width":1000,"height":666,"url":"https:\/\/cdn.meusitejuridico.com.br\/s.meusitejuridico\/2017\/05\/0291ff05-shutterstock-191387282.jpg","type":"image\/jpeg"}],"author":"Equipe Meu Site Jur\u00eddico","twitter_card":"summary_large_image","twitter_misc":{"Escrito por":"Equipe Meu Site Jur\u00eddico","Est. tempo de leitura":"1 minuto"},"schema":{"@context":"https:\/\/schema.org","@graph":[{"@type":"Article","@id":"https:\/\/cdn.meusitejuridico.com.br\/2021\/03\/18\/ao-disciplinar-cadeia-de-custodia-o-cpp-dispoe-que-coleta-dos-vestigios-deve-ser-realizada-necessariamente-por-perito-oficial\/#article","isPartOf":{"@id":"https:\/\/cdn.meusitejuridico.com.br\/2021\/03\/18\/ao-disciplinar-cadeia-de-custodia-o-cpp-dispoe-que-coleta-dos-vestigios-deve-ser-realizada-necessariamente-por-perito-oficial\/"},"author":{"name":"Equipe Meu Site Jur\u00eddico","@id":"https:\/\/cdn.meusitejuridico.com.br\/#\/schema\/person\/5c2237ac0c8ff03bcf1a09fe3e45dfce"},"headline":"Ao disciplinar a cadeia de cust\u00f3dia, o CPP disp\u00f5e que a coleta dos vest\u00edgios deve ser realizada necessariamente por perito oficial","datePublished":"2021-03-18T11:55:08+00:00","mainEntityOfPage":{"@id":"https:\/\/cdn.meusitejuridico.com.br\/2021\/03\/18\/ao-disciplinar-cadeia-de-custodia-o-cpp-dispoe-que-coleta-dos-vestigios-deve-ser-realizada-necessariamente-por-perito-oficial\/"},"wordCount":193,"commentCount":0,"publisher":{"@id":"https:\/\/cdn.meusitejuridico.com.br\/#organization"},"image":{"@id":"https:\/\/cdn.meusitejuridico.com.br\/2021\/03\/18\/ao-disciplinar-cadeia-de-custodia-o-cpp-dispoe-que-coleta-dos-vestigios-deve-ser-realizada-necessariamente-por-perito-oficial\/#primaryimage"},"thumbnailUrl":"https:\/\/webmail.meusitejuridico.com.br\/s.meusitejuridico\/2017\/05\/0291ff05-shutterstock-191387282.jpg","keywords":["158-C CPP","cadeia de cust\u00f3dia","Processo Penal","vest\u00edgios"],"articleSection":["Certo ou errado?","Material de aula","Perguntas e Respostas"],"inLanguage":"pt-BR","potentialAction":[{"@type":"CommentAction","name":"Comment","target":["https:\/\/cdn.meusitejuridico.com.br\/2021\/03\/18\/ao-disciplinar-cadeia-de-custodia-o-cpp-dispoe-que-coleta-dos-vestigios-deve-ser-realizada-necessariamente-por-perito-oficial\/#respond"]}]},{"@type":"WebPage","@id":"https:\/\/cdn.meusitejuridico.com.br\/2021\/03\/18\/ao-disciplinar-cadeia-de-custodia-o-cpp-dispoe-que-coleta-dos-vestigios-deve-ser-realizada-necessariamente-por-perito-oficial\/","url":"https:\/\/cdn.meusitejuridico.com.br\/2021\/03\/18\/ao-disciplinar-cadeia-de-custodia-o-cpp-dispoe-que-coleta-dos-vestigios-deve-ser-realizada-necessariamente-por-perito-oficial\/","name":"Ao disciplinar a cadeia de cust\u00f3dia, o CPP disp\u00f5e que a coleta dos vest\u00edgios deve ser realizada necessariamente por perito oficial - Meu site jur\u00eddico","isPartOf":{"@id":"https:\/\/cdn.meusitejuridico.com.br\/#website"},"primaryImageOfPage":{"@id":"https:\/\/cdn.meusitejuridico.com.br\/2021\/03\/18\/ao-disciplinar-cadeia-de-custodia-o-cpp-dispoe-que-coleta-dos-vestigios-deve-ser-realizada-necessariamente-por-perito-oficial\/#primaryimage"},"image":{"@id":"https:\/\/cdn.meusitejuridico.com.br\/2021\/03\/18\/ao-disciplinar-cadeia-de-custodia-o-cpp-dispoe-que-coleta-dos-vestigios-deve-ser-realizada-necessariamente-por-perito-oficial\/#primaryimage"},"thumbnailUrl":"https:\/\/webmail.meusitejuridico.com.br\/s.meusitejuridico\/2017\/05\/0291ff05-shutterstock-191387282.jpg","datePublished":"2021-03-18T11:55:08+00:00","breadcrumb":{"@id":"https:\/\/cdn.meusitejuridico.com.br\/2021\/03\/18\/ao-disciplinar-cadeia-de-custodia-o-cpp-dispoe-que-coleta-dos-vestigios-deve-ser-realizada-necessariamente-por-perito-oficial\/#breadcrumb"},"inLanguage":"pt-BR","potentialAction":[{"@type":"ReadAction","target":["https:\/\/cdn.meusitejuridico.com.br\/2021\/03\/18\/ao-disciplinar-cadeia-de-custodia-o-cpp-dispoe-que-coleta-dos-vestigios-deve-ser-realizada-necessariamente-por-perito-oficial\/"]}]},{"@type":"ImageObject","inLanguage":"pt-BR","@id":"https:\/\/cdn.meusitejuridico.com.br\/2021\/03\/18\/ao-disciplinar-cadeia-de-custodia-o-cpp-dispoe-que-coleta-dos-vestigios-deve-ser-realizada-necessariamente-por-perito-oficial\/#primaryimage","url":"https:\/\/webmail.meusitejuridico.com.br\/s.meusitejuridico\/2017\/05\/0291ff05-shutterstock-191387282.jpg","contentUrl":"https:\/\/webmail.meusitejuridico.com.br\/s.meusitejuridico\/2017\/05\/0291ff05-shutterstock-191387282.jpg","width":1000,"height":666},{"@type":"BreadcrumbList","@id":"https:\/\/cdn.meusitejuridico.com.br\/2021\/03\/18\/ao-disciplinar-cadeia-de-custodia-o-cpp-dispoe-que-coleta-dos-vestigios-deve-ser-realizada-necessariamente-por-perito-oficial\/#breadcrumb","itemListElement":[{"@type":"ListItem","position":1,"name":"In\u00edcio","item":"https:\/\/cdn.meusitejuridico.com.br\/"},{"@type":"ListItem","position":2,"name":"Ao disciplinar a cadeia de cust\u00f3dia, o CPP disp\u00f5e que a coleta dos vest\u00edgios deve ser realizada necessariamente por perito oficial"}]},{"@type":"WebSite","@id":"https:\/\/cdn.meusitejuridico.com.br\/#website","url":"https:\/\/cdn.meusitejuridico.com.br\/","name":"Meu site jur\u00eddico","description":"Meu site jur\u00eddico","publisher":{"@id":"https:\/\/cdn.meusitejuridico.com.br\/#organization"},"potentialAction":[{"@type":"SearchAction","target":{"@type":"EntryPoint","urlTemplate":"https:\/\/cdn.meusitejuridico.com.br\/?s={search_term_string}"},"query-input":{"@type":"PropertyValueSpecification","valueRequired":true,"valueName":"search_term_string"}}],"inLanguage":"pt-BR"},{"@type":"Organization","@id":"https:\/\/cdn.meusitejuridico.com.br\/#organization","name":"Meu site jur\u00eddico","url":"https:\/\/cdn.meusitejuridico.com.br\/","logo":{"@type":"ImageObject","inLanguage":"pt-BR","@id":"https:\/\/cdn.meusitejuridico.com.br\/#\/schema\/logo\/image\/","url":"https:\/\/webmail.meusitejuridico.com.br\/s.meusitejuridico\/2022\/03\/cropped-baeec2a3-msj-02-01-01.png","contentUrl":"https:\/\/webmail.meusitejuridico.com.br\/s.meusitejuridico\/2022\/03\/cropped-baeec2a3-msj-02-01-01.png","width":349,"height":243,"caption":"Meu site jur\u00eddico"},"image":{"@id":"https:\/\/cdn.meusitejuridico.com.br\/#\/schema\/logo\/image\/"}},{"@type":"Person","@id":"https:\/\/cdn.meusitejuridico.com.br\/#\/schema\/person\/5c2237ac0c8ff03bcf1a09fe3e45dfce","name":"Equipe Meu Site Jur\u00eddico","image":{"@type":"ImageObject","inLanguage":"pt-BR","@id":"https:\/\/cdn.meusitejuridico.com.br\/#\/schema\/person\/image\/","url":"https:\/\/webmail.meusitejuridico.com.br\/s.meusitejuridico\/2020\/07\/6be289aa-logo-msj.png","contentUrl":"https:\/\/webmail.meusitejuridico.com.br\/s.meusitejuridico\/2020\/07\/6be289aa-logo-msj.png","caption":"Equipe Meu Site Jur\u00eddico"},"description":"Contem conosco!","url":"https:\/\/webmail.meusitejuridico.com.br\/author\/equipe-meu-site-juridico\/"}]}},"_links":{"self":[{"href":"https:\/\/webmail.meusitejuridico.com.br\/api\/wp\/v2\/posts\/13035","targetHints":{"allow":["GET"]}}],"collection":[{"href":"https:\/\/webmail.meusitejuridico.com.br\/api\/wp\/v2\/posts"}],"about":[{"href":"https:\/\/webmail.meusitejuridico.com.br\/api\/wp\/v2\/types\/post"}],"author":[{"embeddable":true,"href":"https:\/\/webmail.meusitejuridico.com.br\/api\/wp\/v2\/users\/7"}],"replies":[{"embeddable":true,"href":"https:\/\/webmail.meusitejuridico.com.br\/api\/wp\/v2\/comments?post=13035"}],"version-history":[{"count":1,"href":"https:\/\/webmail.meusitejuridico.com.br\/api\/wp\/v2\/posts\/13035\/revisions"}],"predecessor-version":[{"id":13036,"href":"https:\/\/webmail.meusitejuridico.com.br\/api\/wp\/v2\/posts\/13035\/revisions\/13036"}],"wp:featuredmedia":[{"embeddable":true,"href":"https:\/\/webmail.meusitejuridico.com.br\/api\/wp\/v2\/media\/2333"}],"wp:attachment":[{"href":"https:\/\/webmail.meusitejuridico.com.br\/api\/wp\/v2\/media?parent=13035"}],"wp:term":[{"taxonomy":"category","embeddable":true,"href":"https:\/\/webmail.meusitejuridico.com.br\/api\/wp\/v2\/categories?post=13035"},{"taxonomy":"post_tag","embeddable":true,"href":"https:\/\/webmail.meusitejuridico.com.br\/api\/wp\/v2\/tags?post=13035"}],"curies":[{"name":"wp","href":"https:\/\/api.w.org\/{rel}","templated":true}]}}