{"id":12914,"date":"2021-02-24T08:30:48","date_gmt":"2021-02-24T11:30:48","guid":{"rendered":"https:\/\/meusitejuridico.editorajuspodivm.com.br\/?p=12914"},"modified":"2021-02-24T07:45:28","modified_gmt":"2021-02-24T10:45:28","slug":"de-acordo-com-orientacao-majoritaria-deve-o-juiz-fundamentar-necessidade-de-realizacao-exame-criminologico-para-o-inicio-cumprimento-da-pena-privativa-de-liberdade","status":"publish","type":"post","link":"https:\/\/webmail.meusitejuridico.com.br\/2021\/02\/24\/de-acordo-com-orientacao-majoritaria-deve-o-juiz-fundamentar-necessidade-de-realizacao-exame-criminologico-para-o-inicio-cumprimento-da-pena-privativa-de-liberdade\/","title":{"rendered":"De acordo com a orienta\u00e7\u00e3o majorit\u00e1ria, deve o juiz fundamentar a necessidade de realiza\u00e7\u00e3o do exame criminol\u00f3gico para o in\u00edcio do cumprimento da pena privativa de liberdade"},"content":{"rendered":"<p><strong>ERRADO<\/strong><\/p>\n<p>O exame criminol\u00f3gico no in\u00edcio do cumprimento da pena, estabelecido nos arts. 34 do C\u00f3digo Penal e 8\u00ba da Lei de Execu\u00e7\u00e3o Penal, n\u00e3o deve ser confundido com aquele de que tratava o art. 112 da Lei de Execu\u00e7\u00e3o Penal. Antes da Lei n\u00ba 10.792\/03, o exame criminol\u00f3gico era obrigat\u00f3rio para a concess\u00e3o da progress\u00e3o de regime. Atualmente, no entanto, n\u00e3o mais se imp\u00f5e sua realiza\u00e7\u00e3o, que, se determinada, deve ser motivada (s\u00famula vinculante 26 e s\u00famula 439 do STJ). J\u00e1 o exame no in\u00edcio do cumprimento da pena serve para individualizar a execu\u00e7\u00e3o proporcionando aos \u00f3rg\u00e3os componentes do sistema penal uma vis\u00e3o mais acurada sobre as caracter\u00edsticas pessoais do condenado.<\/p>\n","protected":false},"excerpt":{"rendered":"<p>ERRADO O exame criminol\u00f3gico no in\u00edcio do cumprimento da pena, estabelecido nos arts. 34 do C\u00f3digo Penal e 8\u00ba da Lei de Execu\u00e7\u00e3o Penal, n\u00e3o deve ser confundido com aquele de que tratava o art. 112 da Lei de Execu\u00e7\u00e3o Penal. Antes da Lei n\u00ba 10.792\/03, o exame criminol\u00f3gico era obrigat\u00f3rio para a concess\u00e3o da [&hellip;]<\/p>\n","protected":false},"author":7,"featured_media":9279,"comment_status":"open","ping_status":"open","sticky":false,"template":"","format":"standard","meta":{"_acf_changed":false,"footnotes":""},"categories":[3090,78,437],"tags":[829,118,2179],"class_list":["post-12914","post","type-post","status-publish","format-standard","has-post-thumbnail","hentry","category-certo-ou-errado","category-material-de-aula","category-perguntas-e-respostas","tag-exame-criminologico","tag-execucao-penal","tag-lei-7-21084"],"acf":[],"yoast_head":"<!-- This site is optimized with the Yoast SEO plugin v24.8.1 - https:\/\/yoast.com\/wordpress\/plugins\/seo\/ -->\n<title>De acordo com a orienta\u00e7\u00e3o majorit\u00e1ria, deve o juiz fundamentar a necessidade de realiza\u00e7\u00e3o do exame criminol\u00f3gico para o in\u00edcio do cumprimento da pena privativa de liberdade - Meu site jur\u00eddico<\/title>\n<meta name=\"robots\" content=\"index, follow, max-snippet:-1, max-image-preview:large, max-video-preview:-1\" \/>\n<link rel=\"canonical\" href=\"https:\/\/webmail.meusitejuridico.com.br\/2021\/02\/24\/de-acordo-com-orientacao-majoritaria-deve-o-juiz-fundamentar-necessidade-de-realizacao-exame-criminologico-para-o-inicio-cumprimento-da-pena-privativa-de-liberdade\/\" \/>\n<meta property=\"og:locale\" content=\"pt_BR\" \/>\n<meta property=\"og:type\" content=\"article\" \/>\n<meta property=\"og:title\" content=\"De acordo com a orienta\u00e7\u00e3o majorit\u00e1ria, deve o juiz fundamentar a necessidade de realiza\u00e7\u00e3o do exame criminol\u00f3gico para o in\u00edcio do cumprimento da pena privativa de liberdade - Meu site jur\u00eddico\" \/>\n<meta property=\"og:description\" content=\"ERRADO O exame criminol\u00f3gico no in\u00edcio do cumprimento da pena, estabelecido nos arts. 34 do C\u00f3digo Penal e 8\u00ba da Lei de Execu\u00e7\u00e3o Penal, n\u00e3o deve ser confundido com aquele de que tratava o art. 112 da Lei de Execu\u00e7\u00e3o Penal. Antes da Lei n\u00ba 10.792\/03, o exame criminol\u00f3gico era obrigat\u00f3rio para a concess\u00e3o da [&hellip;]\" \/>\n<meta property=\"og:url\" content=\"https:\/\/webmail.meusitejuridico.com.br\/2021\/02\/24\/de-acordo-com-orientacao-majoritaria-deve-o-juiz-fundamentar-necessidade-de-realizacao-exame-criminologico-para-o-inicio-cumprimento-da-pena-privativa-de-liberdade\/\" \/>\n<meta property=\"og:site_name\" content=\"Meu site jur\u00eddico\" \/>\n<meta property=\"article:published_time\" content=\"2021-02-24T11:30:48+00:00\" \/>\n<meta property=\"og:image\" content=\"https:\/\/webmail.meusitejuridico.com.br\/s.meusitejuridico\/2019\/10\/77790e00-open-book-1428428-640.jpg\" \/>\n\t<meta property=\"og:image:width\" content=\"640\" \/>\n\t<meta property=\"og:image:height\" content=\"480\" \/>\n\t<meta property=\"og:image:type\" content=\"image\/jpeg\" \/>\n<meta name=\"author\" content=\"Equipe Meu Site Jur\u00eddico\" \/>\n<meta name=\"twitter:card\" content=\"summary_large_image\" \/>\n<meta name=\"twitter:label1\" content=\"Escrito por\" \/>\n\t<meta name=\"twitter:data1\" content=\"Equipe Meu Site Jur\u00eddico\" \/>\n\t<meta name=\"twitter:label2\" content=\"Est. tempo de leitura\" \/>\n\t<meta name=\"twitter:data2\" content=\"1 minuto\" \/>\n<script type=\"application\/ld+json\" class=\"yoast-schema-graph\">{\"@context\":\"https:\/\/schema.org\",\"@graph\":[{\"@type\":\"Article\",\"@id\":\"https:\/\/webmail.meusitejuridico.com.br\/2021\/02\/24\/de-acordo-com-orientacao-majoritaria-deve-o-juiz-fundamentar-necessidade-de-realizacao-exame-criminologico-para-o-inicio-cumprimento-da-pena-privativa-de-liberdade\/#article\",\"isPartOf\":{\"@id\":\"https:\/\/webmail.meusitejuridico.com.br\/2021\/02\/24\/de-acordo-com-orientacao-majoritaria-deve-o-juiz-fundamentar-necessidade-de-realizacao-exame-criminologico-para-o-inicio-cumprimento-da-pena-privativa-de-liberdade\/\"},\"author\":{\"name\":\"Equipe Meu Site Jur\u00eddico\",\"@id\":\"https:\/\/cdn.meusitejuridico.com.br\/#\/schema\/person\/5c2237ac0c8ff03bcf1a09fe3e45dfce\"},\"headline\":\"De acordo com a orienta\u00e7\u00e3o majorit\u00e1ria, deve o juiz fundamentar a necessidade de realiza\u00e7\u00e3o do exame criminol\u00f3gico para o in\u00edcio do cumprimento da pena privativa de liberdade\",\"datePublished\":\"2021-02-24T11:30:48+00:00\",\"mainEntityOfPage\":{\"@id\":\"https:\/\/webmail.meusitejuridico.com.br\/2021\/02\/24\/de-acordo-com-orientacao-majoritaria-deve-o-juiz-fundamentar-necessidade-de-realizacao-exame-criminologico-para-o-inicio-cumprimento-da-pena-privativa-de-liberdade\/\"},\"wordCount\":158,\"commentCount\":0,\"publisher\":{\"@id\":\"https:\/\/cdn.meusitejuridico.com.br\/#organization\"},\"image\":{\"@id\":\"https:\/\/webmail.meusitejuridico.com.br\/2021\/02\/24\/de-acordo-com-orientacao-majoritaria-deve-o-juiz-fundamentar-necessidade-de-realizacao-exame-criminologico-para-o-inicio-cumprimento-da-pena-privativa-de-liberdade\/#primaryimage\"},\"thumbnailUrl\":\"https:\/\/webmail.meusitejuridico.com.br\/s.meusitejuridico\/2019\/10\/77790e00-open-book-1428428-640.jpg\",\"keywords\":[\"exame criminol\u00f3gico\",\"Execu\u00e7\u00e3o Penal\",\"Lei 7.210\/84\"],\"articleSection\":[\"Certo ou errado?\",\"Material de aula\",\"Perguntas e Respostas\"],\"inLanguage\":\"pt-BR\",\"potentialAction\":[{\"@type\":\"CommentAction\",\"name\":\"Comment\",\"target\":[\"https:\/\/webmail.meusitejuridico.com.br\/2021\/02\/24\/de-acordo-com-orientacao-majoritaria-deve-o-juiz-fundamentar-necessidade-de-realizacao-exame-criminologico-para-o-inicio-cumprimento-da-pena-privativa-de-liberdade\/#respond\"]}]},{\"@type\":\"WebPage\",\"@id\":\"https:\/\/webmail.meusitejuridico.com.br\/2021\/02\/24\/de-acordo-com-orientacao-majoritaria-deve-o-juiz-fundamentar-necessidade-de-realizacao-exame-criminologico-para-o-inicio-cumprimento-da-pena-privativa-de-liberdade\/\",\"url\":\"https:\/\/webmail.meusitejuridico.com.br\/2021\/02\/24\/de-acordo-com-orientacao-majoritaria-deve-o-juiz-fundamentar-necessidade-de-realizacao-exame-criminologico-para-o-inicio-cumprimento-da-pena-privativa-de-liberdade\/\",\"name\":\"De acordo com a orienta\u00e7\u00e3o majorit\u00e1ria, deve o juiz fundamentar a necessidade de realiza\u00e7\u00e3o do exame criminol\u00f3gico para o in\u00edcio do cumprimento da pena privativa de liberdade - Meu site jur\u00eddico\",\"isPartOf\":{\"@id\":\"https:\/\/cdn.meusitejuridico.com.br\/#website\"},\"primaryImageOfPage\":{\"@id\":\"https:\/\/webmail.meusitejuridico.com.br\/2021\/02\/24\/de-acordo-com-orientacao-majoritaria-deve-o-juiz-fundamentar-necessidade-de-realizacao-exame-criminologico-para-o-inicio-cumprimento-da-pena-privativa-de-liberdade\/#primaryimage\"},\"image\":{\"@id\":\"https:\/\/webmail.meusitejuridico.com.br\/2021\/02\/24\/de-acordo-com-orientacao-majoritaria-deve-o-juiz-fundamentar-necessidade-de-realizacao-exame-criminologico-para-o-inicio-cumprimento-da-pena-privativa-de-liberdade\/#primaryimage\"},\"thumbnailUrl\":\"https:\/\/webmail.meusitejuridico.com.br\/s.meusitejuridico\/2019\/10\/77790e00-open-book-1428428-640.jpg\",\"datePublished\":\"2021-02-24T11:30:48+00:00\",\"breadcrumb\":{\"@id\":\"https:\/\/webmail.meusitejuridico.com.br\/2021\/02\/24\/de-acordo-com-orientacao-majoritaria-deve-o-juiz-fundamentar-necessidade-de-realizacao-exame-criminologico-para-o-inicio-cumprimento-da-pena-privativa-de-liberdade\/#breadcrumb\"},\"inLanguage\":\"pt-BR\",\"potentialAction\":[{\"@type\":\"ReadAction\",\"target\":[\"https:\/\/webmail.meusitejuridico.com.br\/2021\/02\/24\/de-acordo-com-orientacao-majoritaria-deve-o-juiz-fundamentar-necessidade-de-realizacao-exame-criminologico-para-o-inicio-cumprimento-da-pena-privativa-de-liberdade\/\"]}]},{\"@type\":\"ImageObject\",\"inLanguage\":\"pt-BR\",\"@id\":\"https:\/\/webmail.meusitejuridico.com.br\/2021\/02\/24\/de-acordo-com-orientacao-majoritaria-deve-o-juiz-fundamentar-necessidade-de-realizacao-exame-criminologico-para-o-inicio-cumprimento-da-pena-privativa-de-liberdade\/#primaryimage\",\"url\":\"https:\/\/webmail.meusitejuridico.com.br\/s.meusitejuridico\/2019\/10\/77790e00-open-book-1428428-640.jpg\",\"contentUrl\":\"https:\/\/webmail.meusitejuridico.com.br\/s.meusitejuridico\/2019\/10\/77790e00-open-book-1428428-640.jpg\",\"width\":640,\"height\":480},{\"@type\":\"BreadcrumbList\",\"@id\":\"https:\/\/webmail.meusitejuridico.com.br\/2021\/02\/24\/de-acordo-com-orientacao-majoritaria-deve-o-juiz-fundamentar-necessidade-de-realizacao-exame-criminologico-para-o-inicio-cumprimento-da-pena-privativa-de-liberdade\/#breadcrumb\",\"itemListElement\":[{\"@type\":\"ListItem\",\"position\":1,\"name\":\"In\u00edcio\",\"item\":\"https:\/\/cdn.meusitejuridico.com.br\/\"},{\"@type\":\"ListItem\",\"position\":2,\"name\":\"De acordo com a orienta\u00e7\u00e3o majorit\u00e1ria, deve o juiz fundamentar a necessidade de realiza\u00e7\u00e3o do exame criminol\u00f3gico para o in\u00edcio do cumprimento da pena privativa de liberdade\"}]},{\"@type\":\"WebSite\",\"@id\":\"https:\/\/cdn.meusitejuridico.com.br\/#website\",\"url\":\"https:\/\/cdn.meusitejuridico.com.br\/\",\"name\":\"Meu site jur\u00eddico\",\"description\":\"Meu site jur\u00eddico\",\"publisher\":{\"@id\":\"https:\/\/cdn.meusitejuridico.com.br\/#organization\"},\"potentialAction\":[{\"@type\":\"SearchAction\",\"target\":{\"@type\":\"EntryPoint\",\"urlTemplate\":\"https:\/\/cdn.meusitejuridico.com.br\/?s={search_term_string}\"},\"query-input\":{\"@type\":\"PropertyValueSpecification\",\"valueRequired\":true,\"valueName\":\"search_term_string\"}}],\"inLanguage\":\"pt-BR\"},{\"@type\":\"Organization\",\"@id\":\"https:\/\/cdn.meusitejuridico.com.br\/#organization\",\"name\":\"Meu site jur\u00eddico\",\"url\":\"https:\/\/cdn.meusitejuridico.com.br\/\",\"logo\":{\"@type\":\"ImageObject\",\"inLanguage\":\"pt-BR\",\"@id\":\"https:\/\/cdn.meusitejuridico.com.br\/#\/schema\/logo\/image\/\",\"url\":\"https:\/\/webmail.meusitejuridico.com.br\/s.meusitejuridico\/2022\/03\/cropped-baeec2a3-msj-02-01-01.png\",\"contentUrl\":\"https:\/\/webmail.meusitejuridico.com.br\/s.meusitejuridico\/2022\/03\/cropped-baeec2a3-msj-02-01-01.png\",\"width\":349,\"height\":243,\"caption\":\"Meu site jur\u00eddico\"},\"image\":{\"@id\":\"https:\/\/cdn.meusitejuridico.com.br\/#\/schema\/logo\/image\/\"}},{\"@type\":\"Person\",\"@id\":\"https:\/\/cdn.meusitejuridico.com.br\/#\/schema\/person\/5c2237ac0c8ff03bcf1a09fe3e45dfce\",\"name\":\"Equipe Meu Site Jur\u00eddico\",\"image\":{\"@type\":\"ImageObject\",\"inLanguage\":\"pt-BR\",\"@id\":\"https:\/\/cdn.meusitejuridico.com.br\/#\/schema\/person\/image\/\",\"url\":\"https:\/\/webmail.meusitejuridico.com.br\/s.meusitejuridico\/2020\/07\/6be289aa-logo-msj.png\",\"contentUrl\":\"https:\/\/webmail.meusitejuridico.com.br\/s.meusitejuridico\/2020\/07\/6be289aa-logo-msj.png\",\"caption\":\"Equipe Meu Site Jur\u00eddico\"},\"description\":\"Contem conosco!\",\"url\":\"https:\/\/webmail.meusitejuridico.com.br\/author\/equipe-meu-site-juridico\/\"}]}<\/script>\n<!-- \/ Yoast SEO plugin. -->","yoast_head_json":{"title":"De acordo com a orienta\u00e7\u00e3o majorit\u00e1ria, deve o juiz fundamentar a necessidade de realiza\u00e7\u00e3o do exame criminol\u00f3gico para o in\u00edcio do cumprimento da pena privativa de liberdade - Meu site jur\u00eddico","robots":{"index":"index","follow":"follow","max-snippet":"max-snippet:-1","max-image-preview":"max-image-preview:large","max-video-preview":"max-video-preview:-1"},"canonical":"https:\/\/webmail.meusitejuridico.com.br\/2021\/02\/24\/de-acordo-com-orientacao-majoritaria-deve-o-juiz-fundamentar-necessidade-de-realizacao-exame-criminologico-para-o-inicio-cumprimento-da-pena-privativa-de-liberdade\/","og_locale":"pt_BR","og_type":"article","og_title":"De acordo com a orienta\u00e7\u00e3o majorit\u00e1ria, deve o juiz fundamentar a necessidade de realiza\u00e7\u00e3o do exame criminol\u00f3gico para o in\u00edcio do cumprimento da pena privativa de liberdade - Meu site jur\u00eddico","og_description":"ERRADO O exame criminol\u00f3gico no in\u00edcio do cumprimento da pena, estabelecido nos arts. 34 do C\u00f3digo Penal e 8\u00ba da Lei de Execu\u00e7\u00e3o Penal, n\u00e3o deve ser confundido com aquele de que tratava o art. 112 da Lei de Execu\u00e7\u00e3o Penal. Antes da Lei n\u00ba 10.792\/03, o exame criminol\u00f3gico era obrigat\u00f3rio para a concess\u00e3o da [&hellip;]","og_url":"https:\/\/webmail.meusitejuridico.com.br\/2021\/02\/24\/de-acordo-com-orientacao-majoritaria-deve-o-juiz-fundamentar-necessidade-de-realizacao-exame-criminologico-para-o-inicio-cumprimento-da-pena-privativa-de-liberdade\/","og_site_name":"Meu site jur\u00eddico","article_published_time":"2021-02-24T11:30:48+00:00","og_image":[{"width":640,"height":480,"url":"https:\/\/webmail.meusitejuridico.com.br\/s.meusitejuridico\/2019\/10\/77790e00-open-book-1428428-640.jpg","type":"image\/jpeg"}],"author":"Equipe Meu Site Jur\u00eddico","twitter_card":"summary_large_image","twitter_misc":{"Escrito por":"Equipe Meu Site Jur\u00eddico","Est. tempo de leitura":"1 minuto"},"schema":{"@context":"https:\/\/schema.org","@graph":[{"@type":"Article","@id":"https:\/\/webmail.meusitejuridico.com.br\/2021\/02\/24\/de-acordo-com-orientacao-majoritaria-deve-o-juiz-fundamentar-necessidade-de-realizacao-exame-criminologico-para-o-inicio-cumprimento-da-pena-privativa-de-liberdade\/#article","isPartOf":{"@id":"https:\/\/webmail.meusitejuridico.com.br\/2021\/02\/24\/de-acordo-com-orientacao-majoritaria-deve-o-juiz-fundamentar-necessidade-de-realizacao-exame-criminologico-para-o-inicio-cumprimento-da-pena-privativa-de-liberdade\/"},"author":{"name":"Equipe Meu Site Jur\u00eddico","@id":"https:\/\/cdn.meusitejuridico.com.br\/#\/schema\/person\/5c2237ac0c8ff03bcf1a09fe3e45dfce"},"headline":"De acordo com a orienta\u00e7\u00e3o majorit\u00e1ria, deve o juiz fundamentar a necessidade de realiza\u00e7\u00e3o do exame criminol\u00f3gico para o in\u00edcio do cumprimento da pena privativa de liberdade","datePublished":"2021-02-24T11:30:48+00:00","mainEntityOfPage":{"@id":"https:\/\/webmail.meusitejuridico.com.br\/2021\/02\/24\/de-acordo-com-orientacao-majoritaria-deve-o-juiz-fundamentar-necessidade-de-realizacao-exame-criminologico-para-o-inicio-cumprimento-da-pena-privativa-de-liberdade\/"},"wordCount":158,"commentCount":0,"publisher":{"@id":"https:\/\/cdn.meusitejuridico.com.br\/#organization"},"image":{"@id":"https:\/\/webmail.meusitejuridico.com.br\/2021\/02\/24\/de-acordo-com-orientacao-majoritaria-deve-o-juiz-fundamentar-necessidade-de-realizacao-exame-criminologico-para-o-inicio-cumprimento-da-pena-privativa-de-liberdade\/#primaryimage"},"thumbnailUrl":"https:\/\/webmail.meusitejuridico.com.br\/s.meusitejuridico\/2019\/10\/77790e00-open-book-1428428-640.jpg","keywords":["exame criminol\u00f3gico","Execu\u00e7\u00e3o Penal","Lei 7.210\/84"],"articleSection":["Certo ou errado?","Material de aula","Perguntas e Respostas"],"inLanguage":"pt-BR","potentialAction":[{"@type":"CommentAction","name":"Comment","target":["https:\/\/webmail.meusitejuridico.com.br\/2021\/02\/24\/de-acordo-com-orientacao-majoritaria-deve-o-juiz-fundamentar-necessidade-de-realizacao-exame-criminologico-para-o-inicio-cumprimento-da-pena-privativa-de-liberdade\/#respond"]}]},{"@type":"WebPage","@id":"https:\/\/webmail.meusitejuridico.com.br\/2021\/02\/24\/de-acordo-com-orientacao-majoritaria-deve-o-juiz-fundamentar-necessidade-de-realizacao-exame-criminologico-para-o-inicio-cumprimento-da-pena-privativa-de-liberdade\/","url":"https:\/\/webmail.meusitejuridico.com.br\/2021\/02\/24\/de-acordo-com-orientacao-majoritaria-deve-o-juiz-fundamentar-necessidade-de-realizacao-exame-criminologico-para-o-inicio-cumprimento-da-pena-privativa-de-liberdade\/","name":"De acordo com a orienta\u00e7\u00e3o majorit\u00e1ria, deve o juiz fundamentar a necessidade de realiza\u00e7\u00e3o do exame criminol\u00f3gico para o in\u00edcio do cumprimento da pena privativa de liberdade - Meu site jur\u00eddico","isPartOf":{"@id":"https:\/\/cdn.meusitejuridico.com.br\/#website"},"primaryImageOfPage":{"@id":"https:\/\/webmail.meusitejuridico.com.br\/2021\/02\/24\/de-acordo-com-orientacao-majoritaria-deve-o-juiz-fundamentar-necessidade-de-realizacao-exame-criminologico-para-o-inicio-cumprimento-da-pena-privativa-de-liberdade\/#primaryimage"},"image":{"@id":"https:\/\/webmail.meusitejuridico.com.br\/2021\/02\/24\/de-acordo-com-orientacao-majoritaria-deve-o-juiz-fundamentar-necessidade-de-realizacao-exame-criminologico-para-o-inicio-cumprimento-da-pena-privativa-de-liberdade\/#primaryimage"},"thumbnailUrl":"https:\/\/webmail.meusitejuridico.com.br\/s.meusitejuridico\/2019\/10\/77790e00-open-book-1428428-640.jpg","datePublished":"2021-02-24T11:30:48+00:00","breadcrumb":{"@id":"https:\/\/webmail.meusitejuridico.com.br\/2021\/02\/24\/de-acordo-com-orientacao-majoritaria-deve-o-juiz-fundamentar-necessidade-de-realizacao-exame-criminologico-para-o-inicio-cumprimento-da-pena-privativa-de-liberdade\/#breadcrumb"},"inLanguage":"pt-BR","potentialAction":[{"@type":"ReadAction","target":["https:\/\/webmail.meusitejuridico.com.br\/2021\/02\/24\/de-acordo-com-orientacao-majoritaria-deve-o-juiz-fundamentar-necessidade-de-realizacao-exame-criminologico-para-o-inicio-cumprimento-da-pena-privativa-de-liberdade\/"]}]},{"@type":"ImageObject","inLanguage":"pt-BR","@id":"https:\/\/webmail.meusitejuridico.com.br\/2021\/02\/24\/de-acordo-com-orientacao-majoritaria-deve-o-juiz-fundamentar-necessidade-de-realizacao-exame-criminologico-para-o-inicio-cumprimento-da-pena-privativa-de-liberdade\/#primaryimage","url":"https:\/\/webmail.meusitejuridico.com.br\/s.meusitejuridico\/2019\/10\/77790e00-open-book-1428428-640.jpg","contentUrl":"https:\/\/webmail.meusitejuridico.com.br\/s.meusitejuridico\/2019\/10\/77790e00-open-book-1428428-640.jpg","width":640,"height":480},{"@type":"BreadcrumbList","@id":"https:\/\/webmail.meusitejuridico.com.br\/2021\/02\/24\/de-acordo-com-orientacao-majoritaria-deve-o-juiz-fundamentar-necessidade-de-realizacao-exame-criminologico-para-o-inicio-cumprimento-da-pena-privativa-de-liberdade\/#breadcrumb","itemListElement":[{"@type":"ListItem","position":1,"name":"In\u00edcio","item":"https:\/\/cdn.meusitejuridico.com.br\/"},{"@type":"ListItem","position":2,"name":"De acordo com a orienta\u00e7\u00e3o majorit\u00e1ria, deve o juiz fundamentar a necessidade de realiza\u00e7\u00e3o do exame criminol\u00f3gico para o in\u00edcio do cumprimento da pena privativa de liberdade"}]},{"@type":"WebSite","@id":"https:\/\/cdn.meusitejuridico.com.br\/#website","url":"https:\/\/cdn.meusitejuridico.com.br\/","name":"Meu site jur\u00eddico","description":"Meu site jur\u00eddico","publisher":{"@id":"https:\/\/cdn.meusitejuridico.com.br\/#organization"},"potentialAction":[{"@type":"SearchAction","target":{"@type":"EntryPoint","urlTemplate":"https:\/\/cdn.meusitejuridico.com.br\/?s={search_term_string}"},"query-input":{"@type":"PropertyValueSpecification","valueRequired":true,"valueName":"search_term_string"}}],"inLanguage":"pt-BR"},{"@type":"Organization","@id":"https:\/\/cdn.meusitejuridico.com.br\/#organization","name":"Meu site jur\u00eddico","url":"https:\/\/cdn.meusitejuridico.com.br\/","logo":{"@type":"ImageObject","inLanguage":"pt-BR","@id":"https:\/\/cdn.meusitejuridico.com.br\/#\/schema\/logo\/image\/","url":"https:\/\/webmail.meusitejuridico.com.br\/s.meusitejuridico\/2022\/03\/cropped-baeec2a3-msj-02-01-01.png","contentUrl":"https:\/\/webmail.meusitejuridico.com.br\/s.meusitejuridico\/2022\/03\/cropped-baeec2a3-msj-02-01-01.png","width":349,"height":243,"caption":"Meu site jur\u00eddico"},"image":{"@id":"https:\/\/cdn.meusitejuridico.com.br\/#\/schema\/logo\/image\/"}},{"@type":"Person","@id":"https:\/\/cdn.meusitejuridico.com.br\/#\/schema\/person\/5c2237ac0c8ff03bcf1a09fe3e45dfce","name":"Equipe Meu Site Jur\u00eddico","image":{"@type":"ImageObject","inLanguage":"pt-BR","@id":"https:\/\/cdn.meusitejuridico.com.br\/#\/schema\/person\/image\/","url":"https:\/\/webmail.meusitejuridico.com.br\/s.meusitejuridico\/2020\/07\/6be289aa-logo-msj.png","contentUrl":"https:\/\/webmail.meusitejuridico.com.br\/s.meusitejuridico\/2020\/07\/6be289aa-logo-msj.png","caption":"Equipe Meu Site Jur\u00eddico"},"description":"Contem conosco!","url":"https:\/\/webmail.meusitejuridico.com.br\/author\/equipe-meu-site-juridico\/"}]}},"_links":{"self":[{"href":"https:\/\/webmail.meusitejuridico.com.br\/api\/wp\/v2\/posts\/12914","targetHints":{"allow":["GET"]}}],"collection":[{"href":"https:\/\/webmail.meusitejuridico.com.br\/api\/wp\/v2\/posts"}],"about":[{"href":"https:\/\/webmail.meusitejuridico.com.br\/api\/wp\/v2\/types\/post"}],"author":[{"embeddable":true,"href":"https:\/\/webmail.meusitejuridico.com.br\/api\/wp\/v2\/users\/7"}],"replies":[{"embeddable":true,"href":"https:\/\/webmail.meusitejuridico.com.br\/api\/wp\/v2\/comments?post=12914"}],"version-history":[{"count":1,"href":"https:\/\/webmail.meusitejuridico.com.br\/api\/wp\/v2\/posts\/12914\/revisions"}],"predecessor-version":[{"id":12915,"href":"https:\/\/webmail.meusitejuridico.com.br\/api\/wp\/v2\/posts\/12914\/revisions\/12915"}],"wp:featuredmedia":[{"embeddable":true,"href":"https:\/\/webmail.meusitejuridico.com.br\/api\/wp\/v2\/media\/9279"}],"wp:attachment":[{"href":"https:\/\/webmail.meusitejuridico.com.br\/api\/wp\/v2\/media?parent=12914"}],"wp:term":[{"taxonomy":"category","embeddable":true,"href":"https:\/\/webmail.meusitejuridico.com.br\/api\/wp\/v2\/categories?post=12914"},{"taxonomy":"post_tag","embeddable":true,"href":"https:\/\/webmail.meusitejuridico.com.br\/api\/wp\/v2\/tags?post=12914"}],"curies":[{"name":"wp","href":"https:\/\/api.w.org\/{rel}","templated":true}]}}